{"id":36686,"date":"2025-06-10T13:48:15","date_gmt":"2025-06-10T11:48:15","guid":{"rendered":"https:\/\/permakultur-landwirtschaft.org\/?p=36686"},"modified":"2025-06-12T13:53:19","modified_gmt":"2025-06-12T11:53:19","slug":"so-soll-der-glueck-hof-auf-der-baldegg-langfristig-gesichert-werden-beitrag-vom-10-juni-2025","status":"publish","type":"post","link":"https:\/\/permakultur-landwirtschaft.org\/fr\/so-soll-der-glueck-hof-auf-der-baldegg-langfristig-gesichert-werden-beitrag-vom-10-juni-2025\/","title":{"rendered":"So soll der Gl\u00fcck-Hof auf der Baldegg langfristig gesichert werden &#8211; Beitrag vom 10. Juni 2025"},"content":{"rendered":"<p>Text von www.badenertagblatt.ch:<\/p>\n\n\n\n<p>Der Gl\u00fcck-Hof auf der Baldegg oberhalb von Baden setzt auf nachhaltige Landwirtschaft und einen genossenschaftlichen Ansatz. Jetzt m\u00f6chten die Initiantinnen und Initianten den Hof und das zugeh\u00f6rige Land von der Eigent\u00fcmerschaft kaufen \u2013 und suchen nach Geldgebern f\u00fcr eine Millioneninvestition.<\/p>\n\n\n\n<p>Auf diesem Bauernhof oberhalb von Baden l\u00e4uft einiges anders: Der Gl\u00fcck-Hof auf der Baldegg ist seit Anfang 2023\u00a0als Genossenschaft eingetragen und wird von einer betrieblichen GmbH gef\u00fchrt. Die Idee dahinter: <a href=\"https:\/\/www.badenertagblatt.ch\/ld.2398471\" target=\"_blank\" rel=\"noreferrer noopener\">Landwirtschaft\u00a0regenerativ und nach der Philosophie der Permakultur betreiben, ohne schwere Maschinen oder den Einsatz von Pestiziden etwa. Quasi zur\u00fcck zur Natur \u2013 und das nicht alleine, sondern in einer Gemeinschaft.<\/a><\/p>\n\n\n\n<p>Hinter dem Projekt stehen unter anderem der Badener Unternehmer Andreas Sch\u00e4rer und die ehemalige Stadtr\u00e4tin Sandra Kohler, heute Sch\u00e4rer. Sie wuchs auf dem Hof auf. Ihre Mutter Doris war bis zu ihrem Tod im August 2023 Besitzerin und Verp\u00e4chterin des Gl\u00fcck-Hofs. Seither befinden sich der Hof und das Land im Besitz der Erbengemeinschaft \u2013 die nun verkaufen m\u00f6chte.<\/p>\n\n\n\n<p><a href=\"https:\/\/www.badenertagblatt.ch\/aargau\/baden\/baden-geldgeber-gesucht-so-soll-der-glueck-hof-auf-der-baldegg-langfristig-gesichert-werden-ld.2780324\" target=\"_blank\" rel=\"noreferrer noopener\">Lien vers l'article complet<\/a><\/p>\n\n\n\n<p><a href=\"https:\/\/www.glueck-hof.ch\/\" target=\"_blank\" rel=\"noreferrer noopener\">Link zum Gl\u00fcck-Hof<\/a><\/p>","protected":false},"excerpt":{"rendered":"<p>Text von www.badenertagblatt.ch: Der Gl\u00fcck-Hof auf der Baldegg oberhalb von Baden setzt auf nachhaltige Landwirtschaft und einen genossenschaftlichen Ansatz. Jetzt m\u00f6chten die Initiantinnen und Initianten den Hof und das zugeh\u00f6rige Land von der Eigent\u00fcmerschaft kaufen \u2013 und suchen nach Geldgebern f\u00fcr eine Millioneninvestition. Auf diesem Bauernhof oberhalb von Baden l\u00e4uft einiges anders: Der Gl\u00fcck-Hof auf [&hellip;]<\/p>\n","protected":false},"author":2,"featured_media":36687,"comment_status":"closed","ping_status":"closed","sticky":false,"template":"","format":"standard","meta":{"_acf_changed":false,"site-sidebar-layout":"default","site-content-layout":"","ast-site-content-layout":"default","site-content-style":"default","site-sidebar-style":"default","ast-global-header-display":"","ast-banner-title-visibility":"","ast-main-header-display":"","ast-hfb-above-header-display":"","ast-hfb-below-header-display":"","ast-hfb-mobile-header-display":"","site-post-title":"","ast-breadcrumbs-content":"","ast-featured-img":"","footer-sml-layout":"","ast-disable-related-posts":"","theme-transparent-header-meta":"","adv-header-id-meta":"","stick-header-meta":"","header-above-stick-meta":"","header-main-stick-meta":"","header-below-stick-meta":"","astra-migrate-meta-layouts":"set","ast-page-background-enabled":"default","ast-page-background-meta":{"desktop":{"background-color":"var(--ast-global-color-4)","background-image":"","background-repeat":"repeat","background-position":"center center","background-size":"auto","background-attachment":"scroll","background-type":"","background-media":"","overlay-type":"","overlay-color":"","overlay-opacity":"","overlay-gradient":""},"tablet":{"background-color":"","background-image":"","background-repeat":"repeat","background-position":"center center","background-size":"auto","background-attachment":"scroll","background-type":"","background-media":"","overlay-type":"","overlay-color":"","overlay-opacity":"","overlay-gradient":""},"mobile":{"background-color":"","background-image":"","background-repeat":"repeat","background-position":"center center","background-size":"auto","background-attachment":"scroll","background-type":"","background-media":"","overlay-type":"","overlay-color":"","overlay-opacity":"","overlay-gradient":""}},"ast-content-background-meta":{"desktop":{"background-color":"var(--ast-global-color-5)","background-image":"","background-repeat":"repeat","background-position":"center center","background-size":"auto","background-attachment":"scroll","background-type":"","background-media":"","overlay-type":"","overlay-color":"","overlay-opacity":"","overlay-gradient":""},"tablet":{"background-color":"var(--ast-global-color-5)","background-image":"","background-repeat":"repeat","background-position":"center center","background-size":"auto","background-attachment":"scroll","background-type":"","background-media":"","overlay-type":"","overlay-color":"","overlay-opacity":"","overlay-gradient":""},"mobile":{"background-color":"var(--ast-global-color-5)","background-image":"","background-repeat":"repeat","background-position":"center center","background-size":"auto","background-attachment":"scroll","background-type":"","background-media":"","overlay-type":"","overlay-color":"","overlay-opacity":"","overlay-gradient":""}},"footnotes":""},"categories":[22],"tags":[763,511,764],"class_list":["post-36686","post","type-post","status-publish","format-standard","has-post-thumbnail","hentry","category-neuigkeit","tag-baldegg","tag-glueck-hof","tag-kaufen"],"acf":[],"yoast_head":"<!-- This site is optimized with the Yoast SEO plugin v27.5 - https:\/\/yoast.com\/product\/yoast-seo-wordpress\/ -->\n<title>So soll der Gl\u00fcck-Hof auf der Baldegg langfristig gesichert werden - Beitrag vom 10. Juni 2025 - Permakultur-Landwirtschaft<\/title>\n<meta name=\"description\" content=\"Der Gl\u00fcck-Hof auf der Baldegg oberhalb von Baden setzt auf nachhaltige Landwirtschaft und einen genossenschaftlichen Ansatz.\" \/>\n<meta name=\"robots\" content=\"index, follow, max-snippet:-1, max-image-preview:large, max-video-preview:-1\" \/>\n<link rel=\"canonical\" href=\"https:\/\/permakultur-landwirtschaft.org\/fr\/so-soll-der-glueck-hof-auf-der-baldegg-langfristig-gesichert-werden-beitrag-vom-10-juni-2025\/\" \/>\n<meta property=\"og:locale\" content=\"fr_FR\" \/>\n<meta property=\"og:type\" content=\"article\" \/>\n<meta property=\"og:title\" content=\"So soll der Gl\u00fcck-Hof auf der Baldegg langfristig gesichert werden - Beitrag vom 10. Juni 2025 - Permakultur-Landwirtschaft\" \/>\n<meta property=\"og:description\" content=\"Der Gl\u00fcck-Hof auf der Baldegg oberhalb von Baden setzt auf nachhaltige Landwirtschaft und einen genossenschaftlichen Ansatz.\" \/>\n<meta property=\"og:url\" content=\"https:\/\/permakultur-landwirtschaft.org\/fr\/so-soll-der-glueck-hof-auf-der-baldegg-langfristig-gesichert-werden-beitrag-vom-10-juni-2025\/\" \/>\n<meta property=\"og:site_name\" content=\"Permakultur-Landwirtschaft\" \/>\n<meta property=\"article:publisher\" content=\"https:\/\/www.facebook.com\/PermakulturLandwirtschaft\" \/>\n<meta property=\"article:published_time\" content=\"2025-06-10T11:48:15+00:00\" \/>\n<meta property=\"article:modified_time\" content=\"2025-06-12T11:53:19+00:00\" \/>\n<meta property=\"og:image\" content=\"https:\/\/permakultur-landwirtschaft.org\/wp-content\/uploads\/2025\/06\/20250612_glueckhof_a09b8a6e-3a3f-4416-9022-d179262f8adf.jpg\" \/>\n\t<meta property=\"og:image:width\" content=\"700\" \/>\n\t<meta property=\"og:image:height\" content=\"395\" \/>\n\t<meta property=\"og:image:type\" content=\"image\/jpeg\" \/>\n<meta name=\"author\" content=\"adrian reutimann\" \/>\n<meta name=\"twitter:card\" content=\"summary_large_image\" \/>\n<meta name=\"twitter:label1\" content=\"\u00c9crit par\" \/>\n\t<meta name=\"twitter:data1\" content=\"adrian reutimann\" \/>\n\t<meta name=\"twitter:label2\" content=\"Dur\u00e9e de lecture estim\u00e9e\" \/>\n\t<meta name=\"twitter:data2\" content=\"2 minutes\" \/>\n<script type=\"application\/ld+json\" class=\"yoast-schema-graph\">{\"@context\":\"https:\\\/\\\/schema.org\",\"@graph\":[{\"@type\":\"Article\",\"@id\":\"https:\\\/\\\/permakultur-landwirtschaft.org\\\/so-soll-der-glueck-hof-auf-der-baldegg-langfristig-gesichert-werden-beitrag-vom-10-juni-2025\\\/#article\",\"isPartOf\":{\"@id\":\"https:\\\/\\\/permakultur-landwirtschaft.org\\\/so-soll-der-glueck-hof-auf-der-baldegg-langfristig-gesichert-werden-beitrag-vom-10-juni-2025\\\/\"},\"author\":{\"name\":\"adrian reutimann\",\"@id\":\"https:\\\/\\\/permakultur-landwirtschaft.org\\\/#\\\/schema\\\/person\\\/6b0467872f75aed3e144093f9bf4f0b0\"},\"headline\":\"So soll der Gl\u00fcck-Hof auf der Baldegg langfristig gesichert werden &#8211; Beitrag vom 10. Juni 2025\",\"datePublished\":\"2025-06-10T11:48:15+00:00\",\"dateModified\":\"2025-06-12T11:53:19+00:00\",\"mainEntityOfPage\":{\"@id\":\"https:\\\/\\\/permakultur-landwirtschaft.org\\\/so-soll-der-glueck-hof-auf-der-baldegg-langfristig-gesichert-werden-beitrag-vom-10-juni-2025\\\/\"},\"wordCount\":198,\"publisher\":{\"@id\":\"https:\\\/\\\/permakultur-landwirtschaft.org\\\/#organization\"},\"image\":{\"@id\":\"https:\\\/\\\/permakultur-landwirtschaft.org\\\/so-soll-der-glueck-hof-auf-der-baldegg-langfristig-gesichert-werden-beitrag-vom-10-juni-2025\\\/#primaryimage\"},\"thumbnailUrl\":\"https:\\\/\\\/permakultur-landwirtschaft.org\\\/wp-content\\\/uploads\\\/2025\\\/06\\\/20250612_glueckhof_a09b8a6e-3a3f-4416-9022-d179262f8adf.jpg\",\"keywords\":[\"Baldegg\",\"Gl\u00fcck-Hof\",\"Kaufen\"],\"articleSection\":[\"Neuigkeit\"],\"inLanguage\":\"fr-FR\"},{\"@type\":\"WebPage\",\"@id\":\"https:\\\/\\\/permakultur-landwirtschaft.org\\\/so-soll-der-glueck-hof-auf-der-baldegg-langfristig-gesichert-werden-beitrag-vom-10-juni-2025\\\/\",\"url\":\"https:\\\/\\\/permakultur-landwirtschaft.org\\\/so-soll-der-glueck-hof-auf-der-baldegg-langfristig-gesichert-werden-beitrag-vom-10-juni-2025\\\/\",\"name\":\"So soll der Gl\u00fcck-Hof auf der Baldegg langfristig gesichert werden - Beitrag vom 10. Juni 2025 - Permakultur-Landwirtschaft\",\"isPartOf\":{\"@id\":\"https:\\\/\\\/permakultur-landwirtschaft.org\\\/#website\"},\"primaryImageOfPage\":{\"@id\":\"https:\\\/\\\/permakultur-landwirtschaft.org\\\/so-soll-der-glueck-hof-auf-der-baldegg-langfristig-gesichert-werden-beitrag-vom-10-juni-2025\\\/#primaryimage\"},\"image\":{\"@id\":\"https:\\\/\\\/permakultur-landwirtschaft.org\\\/so-soll-der-glueck-hof-auf-der-baldegg-langfristig-gesichert-werden-beitrag-vom-10-juni-2025\\\/#primaryimage\"},\"thumbnailUrl\":\"https:\\\/\\\/permakultur-landwirtschaft.org\\\/wp-content\\\/uploads\\\/2025\\\/06\\\/20250612_glueckhof_a09b8a6e-3a3f-4416-9022-d179262f8adf.jpg\",\"datePublished\":\"2025-06-10T11:48:15+00:00\",\"dateModified\":\"2025-06-12T11:53:19+00:00\",\"description\":\"Der Gl\u00fcck-Hof auf der Baldegg oberhalb von Baden setzt auf nachhaltige Landwirtschaft und einen genossenschaftlichen Ansatz.\",\"breadcrumb\":{\"@id\":\"https:\\\/\\\/permakultur-landwirtschaft.org\\\/so-soll-der-glueck-hof-auf-der-baldegg-langfristig-gesichert-werden-beitrag-vom-10-juni-2025\\\/#breadcrumb\"},\"inLanguage\":\"fr-FR\",\"potentialAction\":[{\"@type\":\"ReadAction\",\"target\":[\"https:\\\/\\\/permakultur-landwirtschaft.org\\\/so-soll-der-glueck-hof-auf-der-baldegg-langfristig-gesichert-werden-beitrag-vom-10-juni-2025\\\/\"]}]},{\"@type\":\"ImageObject\",\"inLanguage\":\"fr-FR\",\"@id\":\"https:\\\/\\\/permakultur-landwirtschaft.org\\\/so-soll-der-glueck-hof-auf-der-baldegg-langfristig-gesichert-werden-beitrag-vom-10-juni-2025\\\/#primaryimage\",\"url\":\"https:\\\/\\\/permakultur-landwirtschaft.org\\\/wp-content\\\/uploads\\\/2025\\\/06\\\/20250612_glueckhof_a09b8a6e-3a3f-4416-9022-d179262f8adf.jpg\",\"contentUrl\":\"https:\\\/\\\/permakultur-landwirtschaft.org\\\/wp-content\\\/uploads\\\/2025\\\/06\\\/20250612_glueckhof_a09b8a6e-3a3f-4416-9022-d179262f8adf.jpg\",\"width\":700,\"height\":395,\"caption\":\"Bild: www.badenertagblatt.ch\"},{\"@type\":\"BreadcrumbList\",\"@id\":\"https:\\\/\\\/permakultur-landwirtschaft.org\\\/so-soll-der-glueck-hof-auf-der-baldegg-langfristig-gesichert-werden-beitrag-vom-10-juni-2025\\\/#breadcrumb\",\"itemListElement\":[{\"@type\":\"ListItem\",\"position\":1,\"name\":\"Startseite\",\"item\":\"https:\\\/\\\/permakultur-landwirtschaft.org\\\/\"},{\"@type\":\"ListItem\",\"position\":2,\"name\":\"So soll der Gl\u00fcck-Hof auf der Baldegg langfristig gesichert werden &#8211; Beitrag vom 10. Juni 2025\"}]},{\"@type\":\"WebSite\",\"@id\":\"https:\\\/\\\/permakultur-landwirtschaft.org\\\/#website\",\"url\":\"https:\\\/\\\/permakultur-landwirtschaft.org\\\/\",\"name\":\"Permakultur-Landwirtschaft\",\"description\":\"F\u00f6rderung der Permakultur in der Landwirtschaft\",\"publisher\":{\"@id\":\"https:\\\/\\\/permakultur-landwirtschaft.org\\\/#organization\"},\"potentialAction\":[{\"@type\":\"SearchAction\",\"target\":{\"@type\":\"EntryPoint\",\"urlTemplate\":\"https:\\\/\\\/permakultur-landwirtschaft.org\\\/?s={search_term_string}\"},\"query-input\":{\"@type\":\"PropertyValueSpecification\",\"valueRequired\":true,\"valueName\":\"search_term_string\"}}],\"inLanguage\":\"fr-FR\"},{\"@type\":\"Organization\",\"@id\":\"https:\\\/\\\/permakultur-landwirtschaft.org\\\/#organization\",\"name\":\"Permakultur-Landwirtschaft\",\"alternateName\":\"Verein Permakultur-Landwirtschaft\",\"url\":\"https:\\\/\\\/permakultur-landwirtschaft.org\\\/\",\"logo\":{\"@type\":\"ImageObject\",\"inLanguage\":\"fr-FR\",\"@id\":\"https:\\\/\\\/permakultur-landwirtschaft.org\\\/#\\\/schema\\\/logo\\\/image\\\/\",\"url\":\"https:\\\/\\\/permakultur-landwirtschaft.org\\\/wp-content\\\/uploads\\\/2021\\\/11\\\/pela_1268x1269.png\",\"contentUrl\":\"https:\\\/\\\/permakultur-landwirtschaft.org\\\/wp-content\\\/uploads\\\/2021\\\/11\\\/pela_1268x1269.png\",\"width\":1298,\"height\":1269,\"caption\":\"Permakultur-Landwirtschaft\"},\"image\":{\"@id\":\"https:\\\/\\\/permakultur-landwirtschaft.org\\\/#\\\/schema\\\/logo\\\/image\\\/\"},\"sameAs\":[\"https:\\\/\\\/www.facebook.com\\\/PermakulturLandwirtschaft\",\"https:\\\/\\\/www.instagram.com\\\/permakultur_landwirtschaft\\\/\",\"https:\\\/\\\/www.flickr.com\\\/photos\\\/permakultur-landwirtschaft\",\"https:\\\/\\\/www.youtube.com\\\/@PermakulturLandwirtschaft\"]},{\"@type\":\"Person\",\"@id\":\"https:\\\/\\\/permakultur-landwirtschaft.org\\\/#\\\/schema\\\/person\\\/6b0467872f75aed3e144093f9bf4f0b0\",\"name\":\"adrian reutimann\",\"url\":\"https:\\\/\\\/permakultur-landwirtschaft.org\\\/fr\\\/author\\\/reutiadr\\\/\"}]}<\/script>\n<!-- \/ Yoast SEO plugin. -->","yoast_head_json":{"title":"So soll der Gl\u00fcck-Hof auf der Baldegg langfristig gesichert werden - Beitrag vom 10. Juni 2025 - Permakultur-Landwirtschaft","description":"Der Gl\u00fcck-Hof auf der Baldegg oberhalb von Baden setzt auf nachhaltige Landwirtschaft und einen genossenschaftlichen Ansatz.","robots":{"index":"index","follow":"follow","max-snippet":"max-snippet:-1","max-image-preview":"max-image-preview:large","max-video-preview":"max-video-preview:-1"},"canonical":"https:\/\/permakultur-landwirtschaft.org\/fr\/so-soll-der-glueck-hof-auf-der-baldegg-langfristig-gesichert-werden-beitrag-vom-10-juni-2025\/","og_locale":"fr_FR","og_type":"article","og_title":"So soll der Gl\u00fcck-Hof auf der Baldegg langfristig gesichert werden - Beitrag vom 10. Juni 2025 - Permakultur-Landwirtschaft","og_description":"Der Gl\u00fcck-Hof auf der Baldegg oberhalb von Baden setzt auf nachhaltige Landwirtschaft und einen genossenschaftlichen Ansatz.","og_url":"https:\/\/permakultur-landwirtschaft.org\/fr\/so-soll-der-glueck-hof-auf-der-baldegg-langfristig-gesichert-werden-beitrag-vom-10-juni-2025\/","og_site_name":"Permakultur-Landwirtschaft","article_publisher":"https:\/\/www.facebook.com\/PermakulturLandwirtschaft","article_published_time":"2025-06-10T11:48:15+00:00","article_modified_time":"2025-06-12T11:53:19+00:00","og_image":[{"width":700,"height":395,"url":"https:\/\/permakultur-landwirtschaft.org\/wp-content\/uploads\/2025\/06\/20250612_glueckhof_a09b8a6e-3a3f-4416-9022-d179262f8adf.jpg","type":"image\/jpeg"}],"author":"adrian reutimann","twitter_card":"summary_large_image","twitter_misc":{"\u00c9crit par":"adrian reutimann","Dur\u00e9e de lecture estim\u00e9e":"2 minutes"},"schema":{"@context":"https:\/\/schema.org","@graph":[{"@type":"Article","@id":"https:\/\/permakultur-landwirtschaft.org\/so-soll-der-glueck-hof-auf-der-baldegg-langfristig-gesichert-werden-beitrag-vom-10-juni-2025\/#article","isPartOf":{"@id":"https:\/\/permakultur-landwirtschaft.org\/so-soll-der-glueck-hof-auf-der-baldegg-langfristig-gesichert-werden-beitrag-vom-10-juni-2025\/"},"author":{"name":"adrian reutimann","@id":"https:\/\/permakultur-landwirtschaft.org\/#\/schema\/person\/6b0467872f75aed3e144093f9bf4f0b0"},"headline":"So soll der Gl\u00fcck-Hof auf der Baldegg langfristig gesichert werden &#8211; Beitrag vom 10. Juni 2025","datePublished":"2025-06-10T11:48:15+00:00","dateModified":"2025-06-12T11:53:19+00:00","mainEntityOfPage":{"@id":"https:\/\/permakultur-landwirtschaft.org\/so-soll-der-glueck-hof-auf-der-baldegg-langfristig-gesichert-werden-beitrag-vom-10-juni-2025\/"},"wordCount":198,"publisher":{"@id":"https:\/\/permakultur-landwirtschaft.org\/#organization"},"image":{"@id":"https:\/\/permakultur-landwirtschaft.org\/so-soll-der-glueck-hof-auf-der-baldegg-langfristig-gesichert-werden-beitrag-vom-10-juni-2025\/#primaryimage"},"thumbnailUrl":"https:\/\/permakultur-landwirtschaft.org\/wp-content\/uploads\/2025\/06\/20250612_glueckhof_a09b8a6e-3a3f-4416-9022-d179262f8adf.jpg","keywords":["Baldegg","Gl\u00fcck-Hof","Kaufen"],"articleSection":["Neuigkeit"],"inLanguage":"fr-FR"},{"@type":"WebPage","@id":"https:\/\/permakultur-landwirtschaft.org\/so-soll-der-glueck-hof-auf-der-baldegg-langfristig-gesichert-werden-beitrag-vom-10-juni-2025\/","url":"https:\/\/permakultur-landwirtschaft.org\/so-soll-der-glueck-hof-auf-der-baldegg-langfristig-gesichert-werden-beitrag-vom-10-juni-2025\/","name":"So soll der Gl\u00fcck-Hof auf der Baldegg langfristig gesichert werden - Beitrag vom 10. Juni 2025 - Permakultur-Landwirtschaft","isPartOf":{"@id":"https:\/\/permakultur-landwirtschaft.org\/#website"},"primaryImageOfPage":{"@id":"https:\/\/permakultur-landwirtschaft.org\/so-soll-der-glueck-hof-auf-der-baldegg-langfristig-gesichert-werden-beitrag-vom-10-juni-2025\/#primaryimage"},"image":{"@id":"https:\/\/permakultur-landwirtschaft.org\/so-soll-der-glueck-hof-auf-der-baldegg-langfristig-gesichert-werden-beitrag-vom-10-juni-2025\/#primaryimage"},"thumbnailUrl":"https:\/\/permakultur-landwirtschaft.org\/wp-content\/uploads\/2025\/06\/20250612_glueckhof_a09b8a6e-3a3f-4416-9022-d179262f8adf.jpg","datePublished":"2025-06-10T11:48:15+00:00","dateModified":"2025-06-12T11:53:19+00:00","description":"Der Gl\u00fcck-Hof auf der Baldegg oberhalb von Baden setzt auf nachhaltige Landwirtschaft und einen genossenschaftlichen Ansatz.","breadcrumb":{"@id":"https:\/\/permakultur-landwirtschaft.org\/so-soll-der-glueck-hof-auf-der-baldegg-langfristig-gesichert-werden-beitrag-vom-10-juni-2025\/#breadcrumb"},"inLanguage":"fr-FR","potentialAction":[{"@type":"ReadAction","target":["https:\/\/permakultur-landwirtschaft.org\/so-soll-der-glueck-hof-auf-der-baldegg-langfristig-gesichert-werden-beitrag-vom-10-juni-2025\/"]}]},{"@type":"ImageObject","inLanguage":"fr-FR","@id":"https:\/\/permakultur-landwirtschaft.org\/so-soll-der-glueck-hof-auf-der-baldegg-langfristig-gesichert-werden-beitrag-vom-10-juni-2025\/#primaryimage","url":"https:\/\/permakultur-landwirtschaft.org\/wp-content\/uploads\/2025\/06\/20250612_glueckhof_a09b8a6e-3a3f-4416-9022-d179262f8adf.jpg","contentUrl":"https:\/\/permakultur-landwirtschaft.org\/wp-content\/uploads\/2025\/06\/20250612_glueckhof_a09b8a6e-3a3f-4416-9022-d179262f8adf.jpg","width":700,"height":395,"caption":"Bild: www.badenertagblatt.ch"},{"@type":"BreadcrumbList","@id":"https:\/\/permakultur-landwirtschaft.org\/so-soll-der-glueck-hof-auf-der-baldegg-langfristig-gesichert-werden-beitrag-vom-10-juni-2025\/#breadcrumb","itemListElement":[{"@type":"ListItem","position":1,"name":"Startseite","item":"https:\/\/permakultur-landwirtschaft.org\/"},{"@type":"ListItem","position":2,"name":"So soll der Gl\u00fcck-Hof auf der Baldegg langfristig gesichert werden &#8211; Beitrag vom 10. Juni 2025"}]},{"@type":"WebSite","@id":"https:\/\/permakultur-landwirtschaft.org\/#website","url":"https:\/\/permakultur-landwirtschaft.org\/","name":"Permakultur-Landwirtschaft","description":"F\u00f6rderung der Permakultur in der Landwirtschaft","publisher":{"@id":"https:\/\/permakultur-landwirtschaft.org\/#organization"},"potentialAction":[{"@type":"SearchAction","target":{"@type":"EntryPoint","urlTemplate":"https:\/\/permakultur-landwirtschaft.org\/?s={search_term_string}"},"query-input":{"@type":"PropertyValueSpecification","valueRequired":true,"valueName":"search_term_string"}}],"inLanguage":"fr-FR"},{"@type":"Organization","@id":"https:\/\/permakultur-landwirtschaft.org\/#organization","name":"Permakultur-Landwirtschaft","alternateName":"Verein Permakultur-Landwirtschaft","url":"https:\/\/permakultur-landwirtschaft.org\/","logo":{"@type":"ImageObject","inLanguage":"fr-FR","@id":"https:\/\/permakultur-landwirtschaft.org\/#\/schema\/logo\/image\/","url":"https:\/\/permakultur-landwirtschaft.org\/wp-content\/uploads\/2021\/11\/pela_1268x1269.png","contentUrl":"https:\/\/permakultur-landwirtschaft.org\/wp-content\/uploads\/2021\/11\/pela_1268x1269.png","width":1298,"height":1269,"caption":"Permakultur-Landwirtschaft"},"image":{"@id":"https:\/\/permakultur-landwirtschaft.org\/#\/schema\/logo\/image\/"},"sameAs":["https:\/\/www.facebook.com\/PermakulturLandwirtschaft","https:\/\/www.instagram.com\/permakultur_landwirtschaft\/","https:\/\/www.flickr.com\/photos\/permakultur-landwirtschaft","https:\/\/www.youtube.com\/@PermakulturLandwirtschaft"]},{"@type":"Person","@id":"https:\/\/permakultur-landwirtschaft.org\/#\/schema\/person\/6b0467872f75aed3e144093f9bf4f0b0","name":"adrian reutimann","url":"https:\/\/permakultur-landwirtschaft.org\/fr\/author\/reutiadr\/"}]}},"_links":{"self":[{"href":"https:\/\/permakultur-landwirtschaft.org\/fr\/wp-json\/wp\/v2\/posts\/36686","targetHints":{"allow":["GET"]}}],"collection":[{"href":"https:\/\/permakultur-landwirtschaft.org\/fr\/wp-json\/wp\/v2\/posts"}],"about":[{"href":"https:\/\/permakultur-landwirtschaft.org\/fr\/wp-json\/wp\/v2\/types\/post"}],"author":[{"embeddable":true,"href":"https:\/\/permakultur-landwirtschaft.org\/fr\/wp-json\/wp\/v2\/users\/2"}],"replies":[{"embeddable":true,"href":"https:\/\/permakultur-landwirtschaft.org\/fr\/wp-json\/wp\/v2\/comments?post=36686"}],"version-history":[{"count":1,"href":"https:\/\/permakultur-landwirtschaft.org\/fr\/wp-json\/wp\/v2\/posts\/36686\/revisions"}],"predecessor-version":[{"id":36688,"href":"https:\/\/permakultur-landwirtschaft.org\/fr\/wp-json\/wp\/v2\/posts\/36686\/revisions\/36688"}],"wp:featuredmedia":[{"embeddable":true,"href":"https:\/\/permakultur-landwirtschaft.org\/fr\/wp-json\/wp\/v2\/media\/36687"}],"wp:attachment":[{"href":"https:\/\/permakultur-landwirtschaft.org\/fr\/wp-json\/wp\/v2\/media?parent=36686"}],"wp:term":[{"taxonomy":"category","embeddable":true,"href":"https:\/\/permakultur-landwirtschaft.org\/fr\/wp-json\/wp\/v2\/categories?post=36686"},{"taxonomy":"post_tag","embeddable":true,"href":"https:\/\/permakultur-landwirtschaft.org\/fr\/wp-json\/wp\/v2\/tags?post=36686"}],"curies":[{"name":"wp","href":"https:\/\/api.w.org\/{rel}","templated":true}]}}