{"id":36683,"date":"2025-06-12T13:02:11","date_gmt":"2025-06-12T11:02:11","guid":{"rendered":"https:\/\/permakultur-landwirtschaft.org\/?p=36683"},"modified":"2025-10-20T09:19:41","modified_gmt":"2025-10-20T07:19:41","slug":"landwirtschaftliche-betriebsfuehrung-weiterbildung-vom-15-september-2025-bis-20-maerz-2026","status":"publish","type":"post","link":"https:\/\/permakultur-landwirtschaft.org\/fr\/landwirtschaftliche-betriebsfuehrung-weiterbildung-vom-15-september-2025-bis-20-maerz-2026\/","title":{"rendered":"Landwirtschaftliche Betriebsf\u00fchrung &#8211; Weiterbildung vom 15. September 2025 bis 20. M\u00e4rz 2026"},"content":{"rendered":"<p>Text von demeterausbildung.ch:<\/p>\n\n\n\n<p><strong>Wie l\u00e4sst sich ein Hof oder ein landwirtschaftliches Projekt nicht nur wirtschaftlich, sondern auch sozial und \u00f6kologisch verantwortungsvoll f\u00fchren? Die Weiterbildung in landwirtschaftlicher Betriebsf\u00fchrung vermittelt die notwendigen Kompetenzen, um Betriebe zukunftsf\u00e4hig zu gestalten \u2013 mit einem Fokus auf gemeinschaftliches Arbeiten, lebendige Netzwerke und innovative Vermarktungsstrategien.<\/strong><\/p>\n\n\n\n<p>Neben dem Anbau und der Produktion von Lebensmitteln geht es in der Landwirtschaft heute vor allem darum, Beziehungen aufzubauen \u2013 zwischen den Menschen auf dem Hof und der Gesellschaft. Wie kommen wir von der Lebensmittelkette zum Lebensmittelnetzwerk und vom Warenfluss zur Beziehungsgestaltung?<\/p>\n\n\n\n<p>Die 15-t\u00e4gige Weiterbildung vermittelt nicht nur fundiertes Fachwissen, sondern regt auch zur Selbstreflexion sowie zur pers\u00f6nlichen und gemeinschaftlichen Auseinandersetzung an. Das Curriculum umfasst neben der theoretischen Wissensvermittlung Gruppenprozesse, K\u00f6rper- und Aufmerksamkeits\u00fcbungen, inspirierende Exkursionen und eine von Expert:innen betreute eigene Fall-Arbeit aus der Praxis.<\/p>\n\n\n\n<p><strong>Was erwartet die Teilnehmenden?<\/strong><\/p>\n\n\n\n<ul class=\"wp-block-list\">\n<li>Theoretische und praktische Inputs von erfahrenen Dozierenden (u.a. David Jacobsen, Patrick Honauer, Julia Huber, Niklaus Trottmann, Jolanda G\u00e4mperli)<\/li>\n\n\n\n<li>Wissensaneignung und Reflexion zur Ern\u00e4hrungs- und Landwirtschaftspolitik der Zukunft und zur Transformation von Lebensmittelsystemen<\/li>\n\n\n\n<li>Aneignung von unternehmerischem Know-How, Inspiration f\u00fcr eigene, innovative L\u00f6sungsans\u00e4tze<\/li>\n\n\n\n<li>\u00dcberdenken von Wertsch\u00f6pfungsketten, Kennenlernen von neuen Vertriebs- und Vermarktungsformen<\/li>\n\n\n\n<li>Konkrete Werkzeuge f\u00fcr die professionelle Prozess- und Beziehungsgestaltung<\/li>\n\n\n\n<li>Umsetzung des Gelernten anhand eines realen Hof-Beispiels<\/li>\n\n\n\n<li>Entwicklung eines eigenen Projekts, mit individuellem Coaching<\/li>\n<\/ul>\n\n\n\n<p><strong>Zielgruppe<br><\/strong>Die Weiterbildung richtet sich an Interessierte mit landwirtschaftlicher Ausbildung oder Erfahrung und an Quereinsteiger:innen mit Aussicht auf ein landwirtschaftliches Projekt, die sich Wissen und Inspiration f\u00fcr eigene L\u00f6sungsans\u00e4tze aneignen wollen.<\/p>\n\n\n\n<p>F\u00fcr die Lernenden der Biodynamischen Ausbildung bildet die Betriebsf\u00fchrung ein obligatorisches Modul im Diplomjahr.<\/p>\n\n\n\n<p><strong>Leistungsnachweis und Abschluss<br><\/strong>Erarbeitung eines eigenen (Teil-)projekts, Projektpr\u00e4sentation, Durchf\u00fchrung einer \u00f6ffentlichen (Hof-)Veranstaltung mit Dialogm\u00f6glichkeiten<\/p>\n\n\n\n<p>Kurszertifikat \u00abWeiterbildung landwirtschaftliche Betriebsf\u00fchrung\u00bb<\/p>\n\n\n\n<p><a href=\"https:\/\/demeterausbildung.ch\/weiterbildung-betriebsfuehrung\/\" target=\"_blank\" rel=\"noreferrer noopener\">Link zu mehr Infos und Anmeldung<\/a><\/p>","protected":false},"excerpt":{"rendered":"<p>Text von demeterausbildung.ch: Wie l\u00e4sst sich ein Hof oder ein landwirtschaftliches Projekt nicht nur wirtschaftlich, sondern auch sozial und \u00f6kologisch verantwortungsvoll f\u00fchren? Die Weiterbildung in landwirtschaftlicher Betriebsf\u00fchrung vermittelt die notwendigen Kompetenzen, um Betriebe zukunftsf\u00e4hig zu gestalten \u2013 mit einem Fokus auf gemeinschaftliches Arbeiten, lebendige Netzwerke und innovative Vermarktungsstrategien. Neben dem Anbau und der Produktion von [&hellip;]<\/p>\n","protected":false},"author":2,"featured_media":36684,"comment_status":"closed","ping_status":"closed","sticky":false,"template":"","format":"standard","meta":{"_acf_changed":false,"site-sidebar-layout":"default","site-content-layout":"","ast-site-content-layout":"default","site-content-style":"default","site-sidebar-style":"default","ast-global-header-display":"","ast-banner-title-visibility":"","ast-main-header-display":"","ast-hfb-above-header-display":"","ast-hfb-below-header-display":"","ast-hfb-mobile-header-display":"","site-post-title":"","ast-breadcrumbs-content":"","ast-featured-img":"","footer-sml-layout":"","ast-disable-related-posts":"","theme-transparent-header-meta":"","adv-header-id-meta":"","stick-header-meta":"","header-above-stick-meta":"","header-main-stick-meta":"","header-below-stick-meta":"","astra-migrate-meta-layouts":"set","ast-page-background-enabled":"default","ast-page-background-meta":{"desktop":{"background-color":"var(--ast-global-color-4)","background-image":"","background-repeat":"repeat","background-position":"center center","background-size":"auto","background-attachment":"scroll","background-type":"","background-media":"","overlay-type":"","overlay-color":"","overlay-opacity":"","overlay-gradient":""},"tablet":{"background-color":"","background-image":"","background-repeat":"repeat","background-position":"center center","background-size":"auto","background-attachment":"scroll","background-type":"","background-media":"","overlay-type":"","overlay-color":"","overlay-opacity":"","overlay-gradient":""},"mobile":{"background-color":"","background-image":"","background-repeat":"repeat","background-position":"center center","background-size":"auto","background-attachment":"scroll","background-type":"","background-media":"","overlay-type":"","overlay-color":"","overlay-opacity":"","overlay-gradient":""}},"ast-content-background-meta":{"desktop":{"background-color":"var(--ast-global-color-5)","background-image":"","background-repeat":"repeat","background-position":"center center","background-size":"auto","background-attachment":"scroll","background-type":"","background-media":"","overlay-type":"","overlay-color":"","overlay-opacity":"","overlay-gradient":""},"tablet":{"background-color":"var(--ast-global-color-5)","background-image":"","background-repeat":"repeat","background-position":"center center","background-size":"auto","background-attachment":"scroll","background-type":"","background-media":"","overlay-type":"","overlay-color":"","overlay-opacity":"","overlay-gradient":""},"mobile":{"background-color":"var(--ast-global-color-5)","background-image":"","background-repeat":"repeat","background-position":"center center","background-size":"auto","background-attachment":"scroll","background-type":"","background-media":"","overlay-type":"","overlay-color":"","overlay-opacity":"","overlay-gradient":""}},"footnotes":""},"categories":[14],"tags":[761,270,268,762],"class_list":["post-36683","post","type-post","status-publish","format-standard","has-post-thumbnail","hentry","category-veranstaltung","tag-betriebsfuehrung","tag-biodynamisch","tag-demeter","tag-weiterbildung"],"acf":[],"yoast_head":"<!-- This site is optimized with the Yoast SEO plugin v27.4 - https:\/\/yoast.com\/product\/yoast-seo-wordpress\/ -->\n<title>Landwirtschaftliche Betriebsf\u00fchrung - Weiterbildung vom 15. September 2025 bis 20. M\u00e4rz 2026 - Permakultur-Landwirtschaft<\/title>\n<meta name=\"description\" content=\"Wie l\u00e4sst sich ein Hof nicht nur wirtschaftlich, sondern auch sozial und \u00f6kologisch verantwortungsvoll f\u00fchren?\" \/>\n<meta name=\"robots\" content=\"index, follow, max-snippet:-1, max-image-preview:large, max-video-preview:-1\" \/>\n<link rel=\"canonical\" href=\"https:\/\/permakultur-landwirtschaft.org\/fr\/landwirtschaftliche-betriebsfuehrung-weiterbildung-vom-15-september-2025-bis-20-maerz-2026\/\" \/>\n<meta property=\"og:locale\" content=\"fr_FR\" \/>\n<meta property=\"og:type\" content=\"article\" \/>\n<meta property=\"og:title\" content=\"Landwirtschaftliche Betriebsf\u00fchrung - Weiterbildung vom 15. September 2025 bis 20. M\u00e4rz 2026 - Permakultur-Landwirtschaft\" \/>\n<meta property=\"og:description\" content=\"Wie l\u00e4sst sich ein Hof nicht nur wirtschaftlich, sondern auch sozial und \u00f6kologisch verantwortungsvoll f\u00fchren?\" \/>\n<meta property=\"og:url\" content=\"https:\/\/permakultur-landwirtschaft.org\/fr\/landwirtschaftliche-betriebsfuehrung-weiterbildung-vom-15-september-2025-bis-20-maerz-2026\/\" \/>\n<meta property=\"og:site_name\" content=\"Permakultur-Landwirtschaft\" \/>\n<meta property=\"article:publisher\" content=\"https:\/\/www.facebook.com\/PermakulturLandwirtschaft\" \/>\n<meta property=\"article:published_time\" content=\"2025-06-12T11:02:11+00:00\" \/>\n<meta property=\"article:modified_time\" content=\"2025-10-20T07:19:41+00:00\" \/>\n<meta property=\"og:image\" content=\"https:\/\/permakultur-landwirtschaft.org\/wp-content\/uploads\/2025\/06\/20250605_biodyn_Weiterbildung_Landwirtschaftlich_Betriebsfuehrung_BIC8414.jpg\" \/>\n\t<meta property=\"og:image:width\" content=\"700\" \/>\n\t<meta property=\"og:image:height\" content=\"466\" \/>\n\t<meta property=\"og:image:type\" content=\"image\/jpeg\" \/>\n<meta name=\"author\" content=\"adrian reutimann\" \/>\n<meta name=\"twitter:card\" content=\"summary_large_image\" \/>\n<meta name=\"twitter:label1\" content=\"\u00c9crit par\" \/>\n\t<meta name=\"twitter:data1\" content=\"adrian reutimann\" \/>\n\t<meta name=\"twitter:label2\" content=\"Dur\u00e9e de lecture estim\u00e9e\" \/>\n\t<meta name=\"twitter:data2\" content=\"2 minutes\" \/>\n<script type=\"application\/ld+json\" class=\"yoast-schema-graph\">{\"@context\":\"https:\\\/\\\/schema.org\",\"@graph\":[{\"@type\":\"Article\",\"@id\":\"https:\\\/\\\/permakultur-landwirtschaft.org\\\/landwirtschaftliche-betriebsfuehrung-weiterbildung-vom-15-september-2025-bis-20-maerz-2026\\\/#article\",\"isPartOf\":{\"@id\":\"https:\\\/\\\/permakultur-landwirtschaft.org\\\/landwirtschaftliche-betriebsfuehrung-weiterbildung-vom-15-september-2025-bis-20-maerz-2026\\\/\"},\"author\":{\"name\":\"adrian reutimann\",\"@id\":\"https:\\\/\\\/permakultur-landwirtschaft.org\\\/#\\\/schema\\\/person\\\/6b0467872f75aed3e144093f9bf4f0b0\"},\"headline\":\"Landwirtschaftliche Betriebsf\u00fchrung &#8211; Weiterbildung vom 15. September 2025 bis 20. M\u00e4rz 2026\",\"datePublished\":\"2025-06-12T11:02:11+00:00\",\"dateModified\":\"2025-10-20T07:19:41+00:00\",\"mainEntityOfPage\":{\"@id\":\"https:\\\/\\\/permakultur-landwirtschaft.org\\\/landwirtschaftliche-betriebsfuehrung-weiterbildung-vom-15-september-2025-bis-20-maerz-2026\\\/\"},\"wordCount\":316,\"publisher\":{\"@id\":\"https:\\\/\\\/permakultur-landwirtschaft.org\\\/#organization\"},\"image\":{\"@id\":\"https:\\\/\\\/permakultur-landwirtschaft.org\\\/landwirtschaftliche-betriebsfuehrung-weiterbildung-vom-15-september-2025-bis-20-maerz-2026\\\/#primaryimage\"},\"thumbnailUrl\":\"https:\\\/\\\/permakultur-landwirtschaft.org\\\/wp-content\\\/uploads\\\/2025\\\/06\\\/20250605_biodyn_Weiterbildung_Landwirtschaftlich_Betriebsfuehrung_BIC8414.jpg\",\"keywords\":[\"Betriebsf\u00fchrung\",\"Biodynamisch\",\"Demeter\",\"Weiterbildung\"],\"articleSection\":[\"Veranstaltung\"],\"inLanguage\":\"fr-FR\"},{\"@type\":\"WebPage\",\"@id\":\"https:\\\/\\\/permakultur-landwirtschaft.org\\\/landwirtschaftliche-betriebsfuehrung-weiterbildung-vom-15-september-2025-bis-20-maerz-2026\\\/\",\"url\":\"https:\\\/\\\/permakultur-landwirtschaft.org\\\/landwirtschaftliche-betriebsfuehrung-weiterbildung-vom-15-september-2025-bis-20-maerz-2026\\\/\",\"name\":\"Landwirtschaftliche Betriebsf\u00fchrung - Weiterbildung vom 15. September 2025 bis 20. M\u00e4rz 2026 - Permakultur-Landwirtschaft\",\"isPartOf\":{\"@id\":\"https:\\\/\\\/permakultur-landwirtschaft.org\\\/#website\"},\"primaryImageOfPage\":{\"@id\":\"https:\\\/\\\/permakultur-landwirtschaft.org\\\/landwirtschaftliche-betriebsfuehrung-weiterbildung-vom-15-september-2025-bis-20-maerz-2026\\\/#primaryimage\"},\"image\":{\"@id\":\"https:\\\/\\\/permakultur-landwirtschaft.org\\\/landwirtschaftliche-betriebsfuehrung-weiterbildung-vom-15-september-2025-bis-20-maerz-2026\\\/#primaryimage\"},\"thumbnailUrl\":\"https:\\\/\\\/permakultur-landwirtschaft.org\\\/wp-content\\\/uploads\\\/2025\\\/06\\\/20250605_biodyn_Weiterbildung_Landwirtschaftlich_Betriebsfuehrung_BIC8414.jpg\",\"datePublished\":\"2025-06-12T11:02:11+00:00\",\"dateModified\":\"2025-10-20T07:19:41+00:00\",\"description\":\"Wie l\u00e4sst sich ein Hof nicht nur wirtschaftlich, sondern auch sozial und \u00f6kologisch verantwortungsvoll f\u00fchren?\",\"breadcrumb\":{\"@id\":\"https:\\\/\\\/permakultur-landwirtschaft.org\\\/landwirtschaftliche-betriebsfuehrung-weiterbildung-vom-15-september-2025-bis-20-maerz-2026\\\/#breadcrumb\"},\"inLanguage\":\"fr-FR\",\"potentialAction\":[{\"@type\":\"ReadAction\",\"target\":[\"https:\\\/\\\/permakultur-landwirtschaft.org\\\/landwirtschaftliche-betriebsfuehrung-weiterbildung-vom-15-september-2025-bis-20-maerz-2026\\\/\"]}]},{\"@type\":\"ImageObject\",\"inLanguage\":\"fr-FR\",\"@id\":\"https:\\\/\\\/permakultur-landwirtschaft.org\\\/landwirtschaftliche-betriebsfuehrung-weiterbildung-vom-15-september-2025-bis-20-maerz-2026\\\/#primaryimage\",\"url\":\"https:\\\/\\\/permakultur-landwirtschaft.org\\\/wp-content\\\/uploads\\\/2025\\\/06\\\/20250605_biodyn_Weiterbildung_Landwirtschaftlich_Betriebsfuehrung_BIC8414.jpg\",\"contentUrl\":\"https:\\\/\\\/permakultur-landwirtschaft.org\\\/wp-content\\\/uploads\\\/2025\\\/06\\\/20250605_biodyn_Weiterbildung_Landwirtschaftlich_Betriebsfuehrung_BIC8414.jpg\",\"width\":700,\"height\":466,\"caption\":\"Bild: Goran Basic\"},{\"@type\":\"BreadcrumbList\",\"@id\":\"https:\\\/\\\/permakultur-landwirtschaft.org\\\/landwirtschaftliche-betriebsfuehrung-weiterbildung-vom-15-september-2025-bis-20-maerz-2026\\\/#breadcrumb\",\"itemListElement\":[{\"@type\":\"ListItem\",\"position\":1,\"name\":\"Startseite\",\"item\":\"https:\\\/\\\/permakultur-landwirtschaft.org\\\/\"},{\"@type\":\"ListItem\",\"position\":2,\"name\":\"Landwirtschaftliche Betriebsf\u00fchrung &#8211; Weiterbildung vom 15. September 2025 bis 20. M\u00e4rz 2026\"}]},{\"@type\":\"WebSite\",\"@id\":\"https:\\\/\\\/permakultur-landwirtschaft.org\\\/#website\",\"url\":\"https:\\\/\\\/permakultur-landwirtschaft.org\\\/\",\"name\":\"Permakultur-Landwirtschaft\",\"description\":\"F\u00f6rderung der Permakultur in der Landwirtschaft\",\"publisher\":{\"@id\":\"https:\\\/\\\/permakultur-landwirtschaft.org\\\/#organization\"},\"potentialAction\":[{\"@type\":\"SearchAction\",\"target\":{\"@type\":\"EntryPoint\",\"urlTemplate\":\"https:\\\/\\\/permakultur-landwirtschaft.org\\\/?s={search_term_string}\"},\"query-input\":{\"@type\":\"PropertyValueSpecification\",\"valueRequired\":true,\"valueName\":\"search_term_string\"}}],\"inLanguage\":\"fr-FR\"},{\"@type\":\"Organization\",\"@id\":\"https:\\\/\\\/permakultur-landwirtschaft.org\\\/#organization\",\"name\":\"Permakultur-Landwirtschaft\",\"alternateName\":\"Verein Permakultur-Landwirtschaft\",\"url\":\"https:\\\/\\\/permakultur-landwirtschaft.org\\\/\",\"logo\":{\"@type\":\"ImageObject\",\"inLanguage\":\"fr-FR\",\"@id\":\"https:\\\/\\\/permakultur-landwirtschaft.org\\\/#\\\/schema\\\/logo\\\/image\\\/\",\"url\":\"https:\\\/\\\/permakultur-landwirtschaft.org\\\/wp-content\\\/uploads\\\/2021\\\/11\\\/pela_1268x1269.png\",\"contentUrl\":\"https:\\\/\\\/permakultur-landwirtschaft.org\\\/wp-content\\\/uploads\\\/2021\\\/11\\\/pela_1268x1269.png\",\"width\":1298,\"height\":1269,\"caption\":\"Permakultur-Landwirtschaft\"},\"image\":{\"@id\":\"https:\\\/\\\/permakultur-landwirtschaft.org\\\/#\\\/schema\\\/logo\\\/image\\\/\"},\"sameAs\":[\"https:\\\/\\\/www.facebook.com\\\/PermakulturLandwirtschaft\",\"https:\\\/\\\/www.instagram.com\\\/permakultur_landwirtschaft\\\/\",\"https:\\\/\\\/www.flickr.com\\\/photos\\\/permakultur-landwirtschaft\",\"https:\\\/\\\/www.youtube.com\\\/@PermakulturLandwirtschaft\"]},{\"@type\":\"Person\",\"@id\":\"https:\\\/\\\/permakultur-landwirtschaft.org\\\/#\\\/schema\\\/person\\\/6b0467872f75aed3e144093f9bf4f0b0\",\"name\":\"adrian reutimann\",\"url\":\"https:\\\/\\\/permakultur-landwirtschaft.org\\\/fr\\\/author\\\/reutiadr\\\/\"}]}<\/script>\n<!-- \/ Yoast SEO plugin. -->","yoast_head_json":{"title":"Landwirtschaftliche Betriebsf\u00fchrung - Weiterbildung vom 15. September 2025 bis 20. M\u00e4rz 2026 - Permakultur-Landwirtschaft","description":"Wie l\u00e4sst sich ein Hof nicht nur wirtschaftlich, sondern auch sozial und \u00f6kologisch verantwortungsvoll f\u00fchren?","robots":{"index":"index","follow":"follow","max-snippet":"max-snippet:-1","max-image-preview":"max-image-preview:large","max-video-preview":"max-video-preview:-1"},"canonical":"https:\/\/permakultur-landwirtschaft.org\/fr\/landwirtschaftliche-betriebsfuehrung-weiterbildung-vom-15-september-2025-bis-20-maerz-2026\/","og_locale":"fr_FR","og_type":"article","og_title":"Landwirtschaftliche Betriebsf\u00fchrung - Weiterbildung vom 15. September 2025 bis 20. M\u00e4rz 2026 - Permakultur-Landwirtschaft","og_description":"Wie l\u00e4sst sich ein Hof nicht nur wirtschaftlich, sondern auch sozial und \u00f6kologisch verantwortungsvoll f\u00fchren?","og_url":"https:\/\/permakultur-landwirtschaft.org\/fr\/landwirtschaftliche-betriebsfuehrung-weiterbildung-vom-15-september-2025-bis-20-maerz-2026\/","og_site_name":"Permakultur-Landwirtschaft","article_publisher":"https:\/\/www.facebook.com\/PermakulturLandwirtschaft","article_published_time":"2025-06-12T11:02:11+00:00","article_modified_time":"2025-10-20T07:19:41+00:00","og_image":[{"width":700,"height":466,"url":"https:\/\/permakultur-landwirtschaft.org\/wp-content\/uploads\/2025\/06\/20250605_biodyn_Weiterbildung_Landwirtschaftlich_Betriebsfuehrung_BIC8414.jpg","type":"image\/jpeg"}],"author":"adrian reutimann","twitter_card":"summary_large_image","twitter_misc":{"\u00c9crit par":"adrian reutimann","Dur\u00e9e de lecture estim\u00e9e":"2 minutes"},"schema":{"@context":"https:\/\/schema.org","@graph":[{"@type":"Article","@id":"https:\/\/permakultur-landwirtschaft.org\/landwirtschaftliche-betriebsfuehrung-weiterbildung-vom-15-september-2025-bis-20-maerz-2026\/#article","isPartOf":{"@id":"https:\/\/permakultur-landwirtschaft.org\/landwirtschaftliche-betriebsfuehrung-weiterbildung-vom-15-september-2025-bis-20-maerz-2026\/"},"author":{"name":"adrian reutimann","@id":"https:\/\/permakultur-landwirtschaft.org\/#\/schema\/person\/6b0467872f75aed3e144093f9bf4f0b0"},"headline":"Landwirtschaftliche Betriebsf\u00fchrung &#8211; Weiterbildung vom 15. September 2025 bis 20. M\u00e4rz 2026","datePublished":"2025-06-12T11:02:11+00:00","dateModified":"2025-10-20T07:19:41+00:00","mainEntityOfPage":{"@id":"https:\/\/permakultur-landwirtschaft.org\/landwirtschaftliche-betriebsfuehrung-weiterbildung-vom-15-september-2025-bis-20-maerz-2026\/"},"wordCount":316,"publisher":{"@id":"https:\/\/permakultur-landwirtschaft.org\/#organization"},"image":{"@id":"https:\/\/permakultur-landwirtschaft.org\/landwirtschaftliche-betriebsfuehrung-weiterbildung-vom-15-september-2025-bis-20-maerz-2026\/#primaryimage"},"thumbnailUrl":"https:\/\/permakultur-landwirtschaft.org\/wp-content\/uploads\/2025\/06\/20250605_biodyn_Weiterbildung_Landwirtschaftlich_Betriebsfuehrung_BIC8414.jpg","keywords":["Betriebsf\u00fchrung","Biodynamisch","Demeter","Weiterbildung"],"articleSection":["Veranstaltung"],"inLanguage":"fr-FR"},{"@type":"WebPage","@id":"https:\/\/permakultur-landwirtschaft.org\/landwirtschaftliche-betriebsfuehrung-weiterbildung-vom-15-september-2025-bis-20-maerz-2026\/","url":"https:\/\/permakultur-landwirtschaft.org\/landwirtschaftliche-betriebsfuehrung-weiterbildung-vom-15-september-2025-bis-20-maerz-2026\/","name":"Landwirtschaftliche Betriebsf\u00fchrung - Weiterbildung vom 15. September 2025 bis 20. M\u00e4rz 2026 - Permakultur-Landwirtschaft","isPartOf":{"@id":"https:\/\/permakultur-landwirtschaft.org\/#website"},"primaryImageOfPage":{"@id":"https:\/\/permakultur-landwirtschaft.org\/landwirtschaftliche-betriebsfuehrung-weiterbildung-vom-15-september-2025-bis-20-maerz-2026\/#primaryimage"},"image":{"@id":"https:\/\/permakultur-landwirtschaft.org\/landwirtschaftliche-betriebsfuehrung-weiterbildung-vom-15-september-2025-bis-20-maerz-2026\/#primaryimage"},"thumbnailUrl":"https:\/\/permakultur-landwirtschaft.org\/wp-content\/uploads\/2025\/06\/20250605_biodyn_Weiterbildung_Landwirtschaftlich_Betriebsfuehrung_BIC8414.jpg","datePublished":"2025-06-12T11:02:11+00:00","dateModified":"2025-10-20T07:19:41+00:00","description":"Wie l\u00e4sst sich ein Hof nicht nur wirtschaftlich, sondern auch sozial und \u00f6kologisch verantwortungsvoll f\u00fchren?","breadcrumb":{"@id":"https:\/\/permakultur-landwirtschaft.org\/landwirtschaftliche-betriebsfuehrung-weiterbildung-vom-15-september-2025-bis-20-maerz-2026\/#breadcrumb"},"inLanguage":"fr-FR","potentialAction":[{"@type":"ReadAction","target":["https:\/\/permakultur-landwirtschaft.org\/landwirtschaftliche-betriebsfuehrung-weiterbildung-vom-15-september-2025-bis-20-maerz-2026\/"]}]},{"@type":"ImageObject","inLanguage":"fr-FR","@id":"https:\/\/permakultur-landwirtschaft.org\/landwirtschaftliche-betriebsfuehrung-weiterbildung-vom-15-september-2025-bis-20-maerz-2026\/#primaryimage","url":"https:\/\/permakultur-landwirtschaft.org\/wp-content\/uploads\/2025\/06\/20250605_biodyn_Weiterbildung_Landwirtschaftlich_Betriebsfuehrung_BIC8414.jpg","contentUrl":"https:\/\/permakultur-landwirtschaft.org\/wp-content\/uploads\/2025\/06\/20250605_biodyn_Weiterbildung_Landwirtschaftlich_Betriebsfuehrung_BIC8414.jpg","width":700,"height":466,"caption":"Bild: Goran Basic"},{"@type":"BreadcrumbList","@id":"https:\/\/permakultur-landwirtschaft.org\/landwirtschaftliche-betriebsfuehrung-weiterbildung-vom-15-september-2025-bis-20-maerz-2026\/#breadcrumb","itemListElement":[{"@type":"ListItem","position":1,"name":"Startseite","item":"https:\/\/permakultur-landwirtschaft.org\/"},{"@type":"ListItem","position":2,"name":"Landwirtschaftliche Betriebsf\u00fchrung &#8211; Weiterbildung vom 15. September 2025 bis 20. M\u00e4rz 2026"}]},{"@type":"WebSite","@id":"https:\/\/permakultur-landwirtschaft.org\/#website","url":"https:\/\/permakultur-landwirtschaft.org\/","name":"Permakultur-Landwirtschaft","description":"F\u00f6rderung der Permakultur in der Landwirtschaft","publisher":{"@id":"https:\/\/permakultur-landwirtschaft.org\/#organization"},"potentialAction":[{"@type":"SearchAction","target":{"@type":"EntryPoint","urlTemplate":"https:\/\/permakultur-landwirtschaft.org\/?s={search_term_string}"},"query-input":{"@type":"PropertyValueSpecification","valueRequired":true,"valueName":"search_term_string"}}],"inLanguage":"fr-FR"},{"@type":"Organization","@id":"https:\/\/permakultur-landwirtschaft.org\/#organization","name":"Permakultur-Landwirtschaft","alternateName":"Verein Permakultur-Landwirtschaft","url":"https:\/\/permakultur-landwirtschaft.org\/","logo":{"@type":"ImageObject","inLanguage":"fr-FR","@id":"https:\/\/permakultur-landwirtschaft.org\/#\/schema\/logo\/image\/","url":"https:\/\/permakultur-landwirtschaft.org\/wp-content\/uploads\/2021\/11\/pela_1268x1269.png","contentUrl":"https:\/\/permakultur-landwirtschaft.org\/wp-content\/uploads\/2021\/11\/pela_1268x1269.png","width":1298,"height":1269,"caption":"Permakultur-Landwirtschaft"},"image":{"@id":"https:\/\/permakultur-landwirtschaft.org\/#\/schema\/logo\/image\/"},"sameAs":["https:\/\/www.facebook.com\/PermakulturLandwirtschaft","https:\/\/www.instagram.com\/permakultur_landwirtschaft\/","https:\/\/www.flickr.com\/photos\/permakultur-landwirtschaft","https:\/\/www.youtube.com\/@PermakulturLandwirtschaft"]},{"@type":"Person","@id":"https:\/\/permakultur-landwirtschaft.org\/#\/schema\/person\/6b0467872f75aed3e144093f9bf4f0b0","name":"adrian reutimann","url":"https:\/\/permakultur-landwirtschaft.org\/fr\/author\/reutiadr\/"}]}},"_links":{"self":[{"href":"https:\/\/permakultur-landwirtschaft.org\/fr\/wp-json\/wp\/v2\/posts\/36683","targetHints":{"allow":["GET"]}}],"collection":[{"href":"https:\/\/permakultur-landwirtschaft.org\/fr\/wp-json\/wp\/v2\/posts"}],"about":[{"href":"https:\/\/permakultur-landwirtschaft.org\/fr\/wp-json\/wp\/v2\/types\/post"}],"author":[{"embeddable":true,"href":"https:\/\/permakultur-landwirtschaft.org\/fr\/wp-json\/wp\/v2\/users\/2"}],"replies":[{"embeddable":true,"href":"https:\/\/permakultur-landwirtschaft.org\/fr\/wp-json\/wp\/v2\/comments?post=36683"}],"version-history":[{"count":3,"href":"https:\/\/permakultur-landwirtschaft.org\/fr\/wp-json\/wp\/v2\/posts\/36683\/revisions"}],"predecessor-version":[{"id":37279,"href":"https:\/\/permakultur-landwirtschaft.org\/fr\/wp-json\/wp\/v2\/posts\/36683\/revisions\/37279"}],"wp:featuredmedia":[{"embeddable":true,"href":"https:\/\/permakultur-landwirtschaft.org\/fr\/wp-json\/wp\/v2\/media\/36684"}],"wp:attachment":[{"href":"https:\/\/permakultur-landwirtschaft.org\/fr\/wp-json\/wp\/v2\/media?parent=36683"}],"wp:term":[{"taxonomy":"category","embeddable":true,"href":"https:\/\/permakultur-landwirtschaft.org\/fr\/wp-json\/wp\/v2\/categories?post=36683"},{"taxonomy":"post_tag","embeddable":true,"href":"https:\/\/permakultur-landwirtschaft.org\/fr\/wp-json\/wp\/v2\/tags?post=36683"}],"curies":[{"name":"wp","href":"https:\/\/api.w.org\/{rel}","templated":true}]}}