{"id":36572,"date":"2025-05-22T17:32:31","date_gmt":"2025-05-22T15:32:31","guid":{"rendered":"https:\/\/permakultur-landwirtschaft.org\/?p=36572"},"modified":"2025-06-12T14:13:30","modified_gmt":"2025-06-12T12:13:30","slug":"veranstaltungsreihe-regenerative-landwirtschaft-vom-28-mai-bis-04-september-2025","status":"publish","type":"post","link":"https:\/\/permakultur-landwirtschaft.org\/fr\/veranstaltungsreihe-regenerative-landwirtschaft-vom-28-mai-bis-04-september-2025\/","title":{"rendered":"Veranstaltungsreihe Regenerative Landwirtschaft &#8211; vom 28. Mai bis 04. September 2025"},"content":{"rendered":"<p>Text von www.wwf-zentral.ch:<\/p>\n\n\n\n<h2 class=\"wp-block-heading\">Ein Schl\u00fcssel f\u00fcr fruchtbare B\u00f6den und stabile Ertr\u00e4ge<\/h2>\n\n\n\n<p>Gesunde B\u00f6den sind die Grundlage f\u00fcr eine intakte Natur und hochwertige Lebensmittel. Doch intensive Landnutzung hat in der Schweiz zu einem Verlust von 50 bis 70 Prozent des organischen Materials in den B\u00f6den gef\u00fchrt, was ihre F\u00e4higkeit, Wasser, N\u00e4hrstoffe und CO\u2082 zu speichern, erheblich mindert. Die regenerative Landwirtschaft soll diesem Trend entgegenwirken. Sie zielt darauf ab, die Bodenfruchtbarkeit zu verbessern, Humus aufzubauen und die Zusammenarbeit zwischen Pflanze und Boden zu st\u00e4rken.<\/p>\n\n\n\n<p>Viele Betriebe haben bereits Erfahrung mit regenerativen Bewirtschaftungsmethoden. Damit diese wertvollen Erkenntnisse direkt an andere Praktiker:innen weitergegeben werden k\u00f6nnen, organisieren wir die Veranstaltungsreihe Regenerative Landwirtschaft.<\/p>\n\n\n\n<h2 class=\"wp-block-heading\">Unsere Veranstaltungsreihe<\/h2>\n\n\n\n<p>Um Landwirt:innen, G\u00e4rtner:innen und Interessierten praxisnahe Einblicke in regenerative Anbaumethoden zu bieten, bieten wir eine Reihe von spannenden Weiterbildungen an. <\/p>\n\n\n\n<p>Die Weiterbildungen sind kostenlos.<\/p>\n\n\n\n<ul class=\"wp-block-list\">\n<li>28.05.2025 Altendorf SZ, Solawi Halde Biovegane Gem\u00fcseproduktion<\/li>\n\n\n\n<li>06.06.2025 Oberwil-Lieli AG, Biogarten Lieli Regenerativer Gem\u00fcsebau<\/li>\n\n\n\n<li>18.06.2025 St. Pelagiberg TG, Kollektivhof Waldheim Regenerativer Gem\u00fcsebau<\/li>\n\n\n\n<li>20.06.2025 Weissbad AI, Permakultur Knechtli Wirtschaftlich tragf\u00e4higer Betriebskreislauf<\/li>\n\n\n\n<li>07.08.2025 Liestal BL, Hofgut Obere Wanne Kartoffeln im Mulchsystem<\/li>\n\n\n\n<li>04.09.2025 Seelisberg UR, Hof Bergfrucht Erfolgreiche Agroforstsysteme<\/li>\n<\/ul>\n\n\n\n<p>Diese Workshops bieten die Gelegenheit, von erfahrenen Praktiker:innen zu lernen, wie durch regenerative Anbaumethoden nicht nur die Biodiversit\u00e4t gef\u00f6rdert und gesunde Lebensmittel erzeugt, sondern auch Kosten reduziert und stabile Ertr\u00e4ge erzielt werden k\u00f6nnen.<\/p>\n\n\n\n<p><a href=\"https:\/\/www.wwf-zentral.ch\/veranstaltungsreihe\" target=\"_blank\" rel=\"noreferrer noopener\">Link zu mehr Infos und Anmeldung<\/a><\/p>\n\n\n\n<p><a href=\"https:\/\/permakultur-landwirtschaft.org\/documents\/events\/20250528_Flyer_WWF-Veranstaltungsreihe_regenerative_Landwirtschaft.pdf\" target=\"_blank\" rel=\"noreferrer noopener\">Link zum Flyer<\/a><\/p>","protected":false},"excerpt":{"rendered":"<p>Text von www.wwf-zentral.ch: Ein Schl\u00fcssel f\u00fcr fruchtbare B\u00f6den und stabile Ertr\u00e4ge Gesunde B\u00f6den sind die Grundlage f\u00fcr eine intakte Natur und hochwertige Lebensmittel. Doch intensive Landnutzung hat in der Schweiz zu einem Verlust von 50 bis 70 Prozent des organischen Materials in den B\u00f6den gef\u00fchrt, was ihre F\u00e4higkeit, Wasser, N\u00e4hrstoffe und CO\u2082 zu speichern, erheblich [&hellip;]<\/p>\n","protected":false},"author":2,"featured_media":36573,"comment_status":"closed","ping_status":"closed","sticky":false,"template":"","format":"standard","meta":{"_acf_changed":false,"site-sidebar-layout":"default","site-content-layout":"","ast-site-content-layout":"default","site-content-style":"default","site-sidebar-style":"default","ast-global-header-display":"","ast-banner-title-visibility":"","ast-main-header-display":"","ast-hfb-above-header-display":"","ast-hfb-below-header-display":"","ast-hfb-mobile-header-display":"","site-post-title":"","ast-breadcrumbs-content":"","ast-featured-img":"","footer-sml-layout":"","ast-disable-related-posts":"","theme-transparent-header-meta":"","adv-header-id-meta":"","stick-header-meta":"","header-above-stick-meta":"","header-main-stick-meta":"","header-below-stick-meta":"","astra-migrate-meta-layouts":"set","ast-page-background-enabled":"default","ast-page-background-meta":{"desktop":{"background-color":"var(--ast-global-color-4)","background-image":"","background-repeat":"repeat","background-position":"center center","background-size":"auto","background-attachment":"scroll","background-type":"","background-media":"","overlay-type":"","overlay-color":"","overlay-opacity":"","overlay-gradient":""},"tablet":{"background-color":"","background-image":"","background-repeat":"repeat","background-position":"center center","background-size":"auto","background-attachment":"scroll","background-type":"","background-media":"","overlay-type":"","overlay-color":"","overlay-opacity":"","overlay-gradient":""},"mobile":{"background-color":"","background-image":"","background-repeat":"repeat","background-position":"center center","background-size":"auto","background-attachment":"scroll","background-type":"","background-media":"","overlay-type":"","overlay-color":"","overlay-opacity":"","overlay-gradient":""}},"ast-content-background-meta":{"desktop":{"background-color":"var(--ast-global-color-5)","background-image":"","background-repeat":"repeat","background-position":"center center","background-size":"auto","background-attachment":"scroll","background-type":"","background-media":"","overlay-type":"","overlay-color":"","overlay-opacity":"","overlay-gradient":""},"tablet":{"background-color":"var(--ast-global-color-5)","background-image":"","background-repeat":"repeat","background-position":"center center","background-size":"auto","background-attachment":"scroll","background-type":"","background-media":"","overlay-type":"","overlay-color":"","overlay-opacity":"","overlay-gradient":""},"mobile":{"background-color":"var(--ast-global-color-5)","background-image":"","background-repeat":"repeat","background-position":"center center","background-size":"auto","background-attachment":"scroll","background-type":"","background-media":"","overlay-type":"","overlay-color":"","overlay-opacity":"","overlay-gradient":""}},"footnotes":""},"categories":[14],"tags":[734,737,736,376,735,424,545,542,437,733],"class_list":["post-36572","post","type-post","status-publish","format-standard","has-post-thumbnail","hentry","category-veranstaltung","tag-biogarten-lieli","tag-hof-bergfrucht","tag-hofgut-obere-wanne","tag-knechtle-permakultur","tag-kollektivhof-waldheim","tag-kostenlos","tag-regenerative-landwirtschaft","tag-solawi-halde","tag-veranstaltungsreihe","tag-wwf"],"acf":[],"yoast_head":"<!-- This site is optimized with the Yoast SEO plugin v27.5 - https:\/\/yoast.com\/product\/yoast-seo-wordpress\/ -->\n<title>Veranstaltungsreihe Regenerative Landwirtschaft - vom 28. Mai bis 04. September 2025 - Permakultur-Landwirtschaft<\/title>\n<meta name=\"description\" content=\"Veranstaltungsreihe um Landwirt:innen und Interessierten praxisnahe Einblicke in regenerative Anbaumethoden zu bieten.\" \/>\n<meta name=\"robots\" content=\"index, follow, max-snippet:-1, max-image-preview:large, max-video-preview:-1\" \/>\n<link rel=\"canonical\" href=\"https:\/\/permakultur-landwirtschaft.org\/fr\/veranstaltungsreihe-regenerative-landwirtschaft-vom-28-mai-bis-04-september-2025\/\" \/>\n<meta property=\"og:locale\" content=\"fr_FR\" \/>\n<meta property=\"og:type\" content=\"article\" \/>\n<meta property=\"og:title\" content=\"Veranstaltungsreihe Regenerative Landwirtschaft - vom 28. Mai bis 04. September 2025 - Permakultur-Landwirtschaft\" \/>\n<meta property=\"og:description\" content=\"Veranstaltungsreihe um Landwirt:innen und Interessierten praxisnahe Einblicke in regenerative Anbaumethoden zu bieten.\" \/>\n<meta property=\"og:url\" content=\"https:\/\/permakultur-landwirtschaft.org\/fr\/veranstaltungsreihe-regenerative-landwirtschaft-vom-28-mai-bis-04-september-2025\/\" \/>\n<meta property=\"og:site_name\" content=\"Permakultur-Landwirtschaft\" \/>\n<meta property=\"article:publisher\" content=\"https:\/\/www.facebook.com\/PermakulturLandwirtschaft\" \/>\n<meta property=\"article:published_time\" content=\"2025-05-22T15:32:31+00:00\" \/>\n<meta property=\"article:modified_time\" content=\"2025-06-12T12:13:30+00:00\" \/>\n<meta property=\"og:image\" content=\"https:\/\/permakultur-landwirtschaft.org\/wp-content\/uploads\/2025\/05\/2025_Flyer_WWF-Veranstaltungsreihe_regenerativ.jpeg\" \/>\n\t<meta property=\"og:image:width\" content=\"700\" \/>\n\t<meta property=\"og:image:height\" content=\"369\" \/>\n\t<meta property=\"og:image:type\" content=\"image\/jpeg\" \/>\n<meta name=\"author\" content=\"adrian reutimann\" \/>\n<meta name=\"twitter:card\" content=\"summary_large_image\" \/>\n<meta name=\"twitter:label1\" content=\"\u00c9crit par\" \/>\n\t<meta name=\"twitter:data1\" content=\"adrian reutimann\" \/>\n\t<meta name=\"twitter:label2\" content=\"Dur\u00e9e de lecture estim\u00e9e\" \/>\n\t<meta name=\"twitter:data2\" content=\"2 minutes\" \/>\n<script type=\"application\/ld+json\" class=\"yoast-schema-graph\">{\"@context\":\"https:\\\/\\\/schema.org\",\"@graph\":[{\"@type\":\"Article\",\"@id\":\"https:\\\/\\\/permakultur-landwirtschaft.org\\\/veranstaltungsreihe-regenerative-landwirtschaft-vom-28-mai-bis-04-september-2025\\\/#article\",\"isPartOf\":{\"@id\":\"https:\\\/\\\/permakultur-landwirtschaft.org\\\/veranstaltungsreihe-regenerative-landwirtschaft-vom-28-mai-bis-04-september-2025\\\/\"},\"author\":{\"name\":\"adrian reutimann\",\"@id\":\"https:\\\/\\\/permakultur-landwirtschaft.org\\\/#\\\/schema\\\/person\\\/6b0467872f75aed3e144093f9bf4f0b0\"},\"headline\":\"Veranstaltungsreihe Regenerative Landwirtschaft &#8211; vom 28. Mai bis 04. September 2025\",\"datePublished\":\"2025-05-22T15:32:31+00:00\",\"dateModified\":\"2025-06-12T12:13:30+00:00\",\"mainEntityOfPage\":{\"@id\":\"https:\\\/\\\/permakultur-landwirtschaft.org\\\/veranstaltungsreihe-regenerative-landwirtschaft-vom-28-mai-bis-04-september-2025\\\/\"},\"wordCount\":248,\"publisher\":{\"@id\":\"https:\\\/\\\/permakultur-landwirtschaft.org\\\/#organization\"},\"image\":{\"@id\":\"https:\\\/\\\/permakultur-landwirtschaft.org\\\/veranstaltungsreihe-regenerative-landwirtschaft-vom-28-mai-bis-04-september-2025\\\/#primaryimage\"},\"thumbnailUrl\":\"https:\\\/\\\/permakultur-landwirtschaft.org\\\/wp-content\\\/uploads\\\/2025\\\/05\\\/2025_Flyer_WWF-Veranstaltungsreihe_regenerativ.jpeg\",\"keywords\":[\"Biogarten Lieli\",\"Hof Bergfrucht\",\"Hofgut Obere wanne\",\"Knechtle Permakultur\",\"Kollektivhof Waldheim\",\"Kostenlos\",\"Regenerative Landwirtschaft\",\"Solawi Halde\",\"Veranstaltungsreihe\",\"WWF\"],\"articleSection\":[\"Veranstaltung\"],\"inLanguage\":\"fr-FR\"},{\"@type\":\"WebPage\",\"@id\":\"https:\\\/\\\/permakultur-landwirtschaft.org\\\/veranstaltungsreihe-regenerative-landwirtschaft-vom-28-mai-bis-04-september-2025\\\/\",\"url\":\"https:\\\/\\\/permakultur-landwirtschaft.org\\\/veranstaltungsreihe-regenerative-landwirtschaft-vom-28-mai-bis-04-september-2025\\\/\",\"name\":\"Veranstaltungsreihe Regenerative Landwirtschaft - vom 28. Mai bis 04. September 2025 - Permakultur-Landwirtschaft\",\"isPartOf\":{\"@id\":\"https:\\\/\\\/permakultur-landwirtschaft.org\\\/#website\"},\"primaryImageOfPage\":{\"@id\":\"https:\\\/\\\/permakultur-landwirtschaft.org\\\/veranstaltungsreihe-regenerative-landwirtschaft-vom-28-mai-bis-04-september-2025\\\/#primaryimage\"},\"image\":{\"@id\":\"https:\\\/\\\/permakultur-landwirtschaft.org\\\/veranstaltungsreihe-regenerative-landwirtschaft-vom-28-mai-bis-04-september-2025\\\/#primaryimage\"},\"thumbnailUrl\":\"https:\\\/\\\/permakultur-landwirtschaft.org\\\/wp-content\\\/uploads\\\/2025\\\/05\\\/2025_Flyer_WWF-Veranstaltungsreihe_regenerativ.jpeg\",\"datePublished\":\"2025-05-22T15:32:31+00:00\",\"dateModified\":\"2025-06-12T12:13:30+00:00\",\"description\":\"Veranstaltungsreihe um Landwirt:innen und Interessierten praxisnahe Einblicke in regenerative Anbaumethoden zu bieten.\",\"breadcrumb\":{\"@id\":\"https:\\\/\\\/permakultur-landwirtschaft.org\\\/veranstaltungsreihe-regenerative-landwirtschaft-vom-28-mai-bis-04-september-2025\\\/#breadcrumb\"},\"inLanguage\":\"fr-FR\",\"potentialAction\":[{\"@type\":\"ReadAction\",\"target\":[\"https:\\\/\\\/permakultur-landwirtschaft.org\\\/veranstaltungsreihe-regenerative-landwirtschaft-vom-28-mai-bis-04-september-2025\\\/\"]}]},{\"@type\":\"ImageObject\",\"inLanguage\":\"fr-FR\",\"@id\":\"https:\\\/\\\/permakultur-landwirtschaft.org\\\/veranstaltungsreihe-regenerative-landwirtschaft-vom-28-mai-bis-04-september-2025\\\/#primaryimage\",\"url\":\"https:\\\/\\\/permakultur-landwirtschaft.org\\\/wp-content\\\/uploads\\\/2025\\\/05\\\/2025_Flyer_WWF-Veranstaltungsreihe_regenerativ.jpeg\",\"contentUrl\":\"https:\\\/\\\/permakultur-landwirtschaft.org\\\/wp-content\\\/uploads\\\/2025\\\/05\\\/2025_Flyer_WWF-Veranstaltungsreihe_regenerativ.jpeg\",\"width\":700,\"height\":369,\"caption\":\"Bild: www.wwf-zentral.ch\"},{\"@type\":\"BreadcrumbList\",\"@id\":\"https:\\\/\\\/permakultur-landwirtschaft.org\\\/veranstaltungsreihe-regenerative-landwirtschaft-vom-28-mai-bis-04-september-2025\\\/#breadcrumb\",\"itemListElement\":[{\"@type\":\"ListItem\",\"position\":1,\"name\":\"Startseite\",\"item\":\"https:\\\/\\\/permakultur-landwirtschaft.org\\\/\"},{\"@type\":\"ListItem\",\"position\":2,\"name\":\"Veranstaltungsreihe Regenerative Landwirtschaft &#8211; vom 28. Mai bis 04. September 2025\"}]},{\"@type\":\"WebSite\",\"@id\":\"https:\\\/\\\/permakultur-landwirtschaft.org\\\/#website\",\"url\":\"https:\\\/\\\/permakultur-landwirtschaft.org\\\/\",\"name\":\"Permakultur-Landwirtschaft\",\"description\":\"F\u00f6rderung der Permakultur in der Landwirtschaft\",\"publisher\":{\"@id\":\"https:\\\/\\\/permakultur-landwirtschaft.org\\\/#organization\"},\"potentialAction\":[{\"@type\":\"SearchAction\",\"target\":{\"@type\":\"EntryPoint\",\"urlTemplate\":\"https:\\\/\\\/permakultur-landwirtschaft.org\\\/?s={search_term_string}\"},\"query-input\":{\"@type\":\"PropertyValueSpecification\",\"valueRequired\":true,\"valueName\":\"search_term_string\"}}],\"inLanguage\":\"fr-FR\"},{\"@type\":\"Organization\",\"@id\":\"https:\\\/\\\/permakultur-landwirtschaft.org\\\/#organization\",\"name\":\"Permakultur-Landwirtschaft\",\"alternateName\":\"Verein Permakultur-Landwirtschaft\",\"url\":\"https:\\\/\\\/permakultur-landwirtschaft.org\\\/\",\"logo\":{\"@type\":\"ImageObject\",\"inLanguage\":\"fr-FR\",\"@id\":\"https:\\\/\\\/permakultur-landwirtschaft.org\\\/#\\\/schema\\\/logo\\\/image\\\/\",\"url\":\"https:\\\/\\\/permakultur-landwirtschaft.org\\\/wp-content\\\/uploads\\\/2021\\\/11\\\/pela_1268x1269.png\",\"contentUrl\":\"https:\\\/\\\/permakultur-landwirtschaft.org\\\/wp-content\\\/uploads\\\/2021\\\/11\\\/pela_1268x1269.png\",\"width\":1298,\"height\":1269,\"caption\":\"Permakultur-Landwirtschaft\"},\"image\":{\"@id\":\"https:\\\/\\\/permakultur-landwirtschaft.org\\\/#\\\/schema\\\/logo\\\/image\\\/\"},\"sameAs\":[\"https:\\\/\\\/www.facebook.com\\\/PermakulturLandwirtschaft\",\"https:\\\/\\\/www.instagram.com\\\/permakultur_landwirtschaft\\\/\",\"https:\\\/\\\/www.flickr.com\\\/photos\\\/permakultur-landwirtschaft\",\"https:\\\/\\\/www.youtube.com\\\/@PermakulturLandwirtschaft\"]},{\"@type\":\"Person\",\"@id\":\"https:\\\/\\\/permakultur-landwirtschaft.org\\\/#\\\/schema\\\/person\\\/6b0467872f75aed3e144093f9bf4f0b0\",\"name\":\"adrian reutimann\",\"url\":\"https:\\\/\\\/permakultur-landwirtschaft.org\\\/fr\\\/author\\\/reutiadr\\\/\"}]}<\/script>\n<!-- \/ Yoast SEO plugin. -->","yoast_head_json":{"title":"Veranstaltungsreihe Regenerative Landwirtschaft - vom 28. Mai bis 04. September 2025 - Permakultur-Landwirtschaft","description":"Veranstaltungsreihe um Landwirt:innen und Interessierten praxisnahe Einblicke in regenerative Anbaumethoden zu bieten.","robots":{"index":"index","follow":"follow","max-snippet":"max-snippet:-1","max-image-preview":"max-image-preview:large","max-video-preview":"max-video-preview:-1"},"canonical":"https:\/\/permakultur-landwirtschaft.org\/fr\/veranstaltungsreihe-regenerative-landwirtschaft-vom-28-mai-bis-04-september-2025\/","og_locale":"fr_FR","og_type":"article","og_title":"Veranstaltungsreihe Regenerative Landwirtschaft - vom 28. Mai bis 04. September 2025 - Permakultur-Landwirtschaft","og_description":"Veranstaltungsreihe um Landwirt:innen und Interessierten praxisnahe Einblicke in regenerative Anbaumethoden zu bieten.","og_url":"https:\/\/permakultur-landwirtschaft.org\/fr\/veranstaltungsreihe-regenerative-landwirtschaft-vom-28-mai-bis-04-september-2025\/","og_site_name":"Permakultur-Landwirtschaft","article_publisher":"https:\/\/www.facebook.com\/PermakulturLandwirtschaft","article_published_time":"2025-05-22T15:32:31+00:00","article_modified_time":"2025-06-12T12:13:30+00:00","og_image":[{"width":700,"height":369,"url":"https:\/\/permakultur-landwirtschaft.org\/wp-content\/uploads\/2025\/05\/2025_Flyer_WWF-Veranstaltungsreihe_regenerativ.jpeg","type":"image\/jpeg"}],"author":"adrian reutimann","twitter_card":"summary_large_image","twitter_misc":{"\u00c9crit par":"adrian reutimann","Dur\u00e9e de lecture estim\u00e9e":"2 minutes"},"schema":{"@context":"https:\/\/schema.org","@graph":[{"@type":"Article","@id":"https:\/\/permakultur-landwirtschaft.org\/veranstaltungsreihe-regenerative-landwirtschaft-vom-28-mai-bis-04-september-2025\/#article","isPartOf":{"@id":"https:\/\/permakultur-landwirtschaft.org\/veranstaltungsreihe-regenerative-landwirtschaft-vom-28-mai-bis-04-september-2025\/"},"author":{"name":"adrian reutimann","@id":"https:\/\/permakultur-landwirtschaft.org\/#\/schema\/person\/6b0467872f75aed3e144093f9bf4f0b0"},"headline":"Veranstaltungsreihe Regenerative Landwirtschaft &#8211; vom 28. Mai bis 04. September 2025","datePublished":"2025-05-22T15:32:31+00:00","dateModified":"2025-06-12T12:13:30+00:00","mainEntityOfPage":{"@id":"https:\/\/permakultur-landwirtschaft.org\/veranstaltungsreihe-regenerative-landwirtschaft-vom-28-mai-bis-04-september-2025\/"},"wordCount":248,"publisher":{"@id":"https:\/\/permakultur-landwirtschaft.org\/#organization"},"image":{"@id":"https:\/\/permakultur-landwirtschaft.org\/veranstaltungsreihe-regenerative-landwirtschaft-vom-28-mai-bis-04-september-2025\/#primaryimage"},"thumbnailUrl":"https:\/\/permakultur-landwirtschaft.org\/wp-content\/uploads\/2025\/05\/2025_Flyer_WWF-Veranstaltungsreihe_regenerativ.jpeg","keywords":["Biogarten Lieli","Hof Bergfrucht","Hofgut Obere wanne","Knechtle Permakultur","Kollektivhof Waldheim","Kostenlos","Regenerative Landwirtschaft","Solawi Halde","Veranstaltungsreihe","WWF"],"articleSection":["Veranstaltung"],"inLanguage":"fr-FR"},{"@type":"WebPage","@id":"https:\/\/permakultur-landwirtschaft.org\/veranstaltungsreihe-regenerative-landwirtschaft-vom-28-mai-bis-04-september-2025\/","url":"https:\/\/permakultur-landwirtschaft.org\/veranstaltungsreihe-regenerative-landwirtschaft-vom-28-mai-bis-04-september-2025\/","name":"Veranstaltungsreihe Regenerative Landwirtschaft - vom 28. Mai bis 04. September 2025 - Permakultur-Landwirtschaft","isPartOf":{"@id":"https:\/\/permakultur-landwirtschaft.org\/#website"},"primaryImageOfPage":{"@id":"https:\/\/permakultur-landwirtschaft.org\/veranstaltungsreihe-regenerative-landwirtschaft-vom-28-mai-bis-04-september-2025\/#primaryimage"},"image":{"@id":"https:\/\/permakultur-landwirtschaft.org\/veranstaltungsreihe-regenerative-landwirtschaft-vom-28-mai-bis-04-september-2025\/#primaryimage"},"thumbnailUrl":"https:\/\/permakultur-landwirtschaft.org\/wp-content\/uploads\/2025\/05\/2025_Flyer_WWF-Veranstaltungsreihe_regenerativ.jpeg","datePublished":"2025-05-22T15:32:31+00:00","dateModified":"2025-06-12T12:13:30+00:00","description":"Veranstaltungsreihe um Landwirt:innen und Interessierten praxisnahe Einblicke in regenerative Anbaumethoden zu bieten.","breadcrumb":{"@id":"https:\/\/permakultur-landwirtschaft.org\/veranstaltungsreihe-regenerative-landwirtschaft-vom-28-mai-bis-04-september-2025\/#breadcrumb"},"inLanguage":"fr-FR","potentialAction":[{"@type":"ReadAction","target":["https:\/\/permakultur-landwirtschaft.org\/veranstaltungsreihe-regenerative-landwirtschaft-vom-28-mai-bis-04-september-2025\/"]}]},{"@type":"ImageObject","inLanguage":"fr-FR","@id":"https:\/\/permakultur-landwirtschaft.org\/veranstaltungsreihe-regenerative-landwirtschaft-vom-28-mai-bis-04-september-2025\/#primaryimage","url":"https:\/\/permakultur-landwirtschaft.org\/wp-content\/uploads\/2025\/05\/2025_Flyer_WWF-Veranstaltungsreihe_regenerativ.jpeg","contentUrl":"https:\/\/permakultur-landwirtschaft.org\/wp-content\/uploads\/2025\/05\/2025_Flyer_WWF-Veranstaltungsreihe_regenerativ.jpeg","width":700,"height":369,"caption":"Bild: www.wwf-zentral.ch"},{"@type":"BreadcrumbList","@id":"https:\/\/permakultur-landwirtschaft.org\/veranstaltungsreihe-regenerative-landwirtschaft-vom-28-mai-bis-04-september-2025\/#breadcrumb","itemListElement":[{"@type":"ListItem","position":1,"name":"Startseite","item":"https:\/\/permakultur-landwirtschaft.org\/"},{"@type":"ListItem","position":2,"name":"Veranstaltungsreihe Regenerative Landwirtschaft &#8211; vom 28. Mai bis 04. September 2025"}]},{"@type":"WebSite","@id":"https:\/\/permakultur-landwirtschaft.org\/#website","url":"https:\/\/permakultur-landwirtschaft.org\/","name":"Permakultur-Landwirtschaft","description":"F\u00f6rderung der Permakultur in der Landwirtschaft","publisher":{"@id":"https:\/\/permakultur-landwirtschaft.org\/#organization"},"potentialAction":[{"@type":"SearchAction","target":{"@type":"EntryPoint","urlTemplate":"https:\/\/permakultur-landwirtschaft.org\/?s={search_term_string}"},"query-input":{"@type":"PropertyValueSpecification","valueRequired":true,"valueName":"search_term_string"}}],"inLanguage":"fr-FR"},{"@type":"Organization","@id":"https:\/\/permakultur-landwirtschaft.org\/#organization","name":"Permakultur-Landwirtschaft","alternateName":"Verein Permakultur-Landwirtschaft","url":"https:\/\/permakultur-landwirtschaft.org\/","logo":{"@type":"ImageObject","inLanguage":"fr-FR","@id":"https:\/\/permakultur-landwirtschaft.org\/#\/schema\/logo\/image\/","url":"https:\/\/permakultur-landwirtschaft.org\/wp-content\/uploads\/2021\/11\/pela_1268x1269.png","contentUrl":"https:\/\/permakultur-landwirtschaft.org\/wp-content\/uploads\/2021\/11\/pela_1268x1269.png","width":1298,"height":1269,"caption":"Permakultur-Landwirtschaft"},"image":{"@id":"https:\/\/permakultur-landwirtschaft.org\/#\/schema\/logo\/image\/"},"sameAs":["https:\/\/www.facebook.com\/PermakulturLandwirtschaft","https:\/\/www.instagram.com\/permakultur_landwirtschaft\/","https:\/\/www.flickr.com\/photos\/permakultur-landwirtschaft","https:\/\/www.youtube.com\/@PermakulturLandwirtschaft"]},{"@type":"Person","@id":"https:\/\/permakultur-landwirtschaft.org\/#\/schema\/person\/6b0467872f75aed3e144093f9bf4f0b0","name":"adrian reutimann","url":"https:\/\/permakultur-landwirtschaft.org\/fr\/author\/reutiadr\/"}]}},"_links":{"self":[{"href":"https:\/\/permakultur-landwirtschaft.org\/fr\/wp-json\/wp\/v2\/posts\/36572","targetHints":{"allow":["GET"]}}],"collection":[{"href":"https:\/\/permakultur-landwirtschaft.org\/fr\/wp-json\/wp\/v2\/posts"}],"about":[{"href":"https:\/\/permakultur-landwirtschaft.org\/fr\/wp-json\/wp\/v2\/types\/post"}],"author":[{"embeddable":true,"href":"https:\/\/permakultur-landwirtschaft.org\/fr\/wp-json\/wp\/v2\/users\/2"}],"replies":[{"embeddable":true,"href":"https:\/\/permakultur-landwirtschaft.org\/fr\/wp-json\/wp\/v2\/comments?post=36572"}],"version-history":[{"count":2,"href":"https:\/\/permakultur-landwirtschaft.org\/fr\/wp-json\/wp\/v2\/posts\/36572\/revisions"}],"predecessor-version":[{"id":36698,"href":"https:\/\/permakultur-landwirtschaft.org\/fr\/wp-json\/wp\/v2\/posts\/36572\/revisions\/36698"}],"wp:featuredmedia":[{"embeddable":true,"href":"https:\/\/permakultur-landwirtschaft.org\/fr\/wp-json\/wp\/v2\/media\/36573"}],"wp:attachment":[{"href":"https:\/\/permakultur-landwirtschaft.org\/fr\/wp-json\/wp\/v2\/media?parent=36572"}],"wp:term":[{"taxonomy":"category","embeddable":true,"href":"https:\/\/permakultur-landwirtschaft.org\/fr\/wp-json\/wp\/v2\/categories?post=36572"},{"taxonomy":"post_tag","embeddable":true,"href":"https:\/\/permakultur-landwirtschaft.org\/fr\/wp-json\/wp\/v2\/tags?post=36572"}],"curies":[{"name":"wp","href":"https:\/\/api.w.org\/{rel}","templated":true}]}}