{"id":36546,"date":"2025-05-19T14:22:38","date_gmt":"2025-05-19T12:22:38","guid":{"rendered":"https:\/\/permakultur-landwirtschaft.org\/?p=36546"},"modified":"2025-05-19T14:30:17","modified_gmt":"2025-05-19T12:30:17","slug":"leben-im-waldgarten-seminar-vom-22-bis-24-august-2025","status":"publish","type":"post","link":"https:\/\/permakultur-landwirtschaft.org\/fr\/leben-im-waldgarten-seminar-vom-22-bis-24-august-2025\/","title":{"rendered":"Leben im Waldgarten &#8211; Seminar vom 22. bis 24. August 2025"},"content":{"rendered":"<p>Text von www.alpine-permakultur.ch:<\/p>\n\n\n\n<p>Das Konzept des Waldgartens, der auf dem Verbund von mehreren Obstbaumlebensgemeinschaften (OLGs) beruht, ist auf der Schweibenalp bereits deutlich erkennbar. Die Waldgartenparzellen sind zwar erst wenige Jahre alt, doch sie tragen bereits Fr\u00fcchte in mehreren Etagen und wollen von uns genutzt und bewohnt werden.<\/p>\n\n\n\n<p>Darum geht es in unserem Kurs, das Potential des Waldgartens als Ganzes zu erkennen und auch als unseren Lebensraum zu nutzen. Vor Allem: es durch diese Nutzung weiter zu f\u00f6rdern.<\/p>\n\n\n\n<p>So werden wir den Waldgarten zu unserem Gegen\u00fcber und Partner wachsen lassen: divers in seiner Artenvielfalt und der Beziehungen der Arten (auch uns) untereinander, resilient in seiner Gesundheit und \u00f6kologischen Stabilit\u00e4t und produktiv in der Weise wie er uns ern\u00e4hrt und uns mit vielf\u00e4ltigen Produkten bis hin zum Wohnraum versorgt.<\/p>\n\n\n\n<p>Wir werden zwei Tage mit und in dem Waldgarten leben:<br>Outdoor in eigenen Zelten schlafen, baden im Giessbach, Nahrung aus dem Waldgarten sammeln, die wir in einer halboffenen Sommerk\u00fcche verarbeiten und geniessen, Z\u00e4hne putzen am freistehenden Wasserhahn und Morgens mit den G\u00e4msen aufstehen.<br>Lernen den Waldgarten zu pflegen und OLGs zu vervollst\u00e4ndigen.<\/p>\n\n\n\n<p>Wir werden mit Harald und Daniel vieles von und \u00fcber Waldg\u00e4rten lernen. Sie sind G\u00e4rtner und Permakulturisten, die sich des Themas schon vor Jahrzehnten angenommen haben und es st\u00e4ndig weiterentwickeln. Mit den Beiden sitzen wir abends zusammen und nehmen im Feuer und in den Geschichten und Liedern Bilder vom eigenen Leben wahr. Geschichten von Menschen und B\u00e4umen und sich selbst regenerierenden fruchtragenden W\u00e4ldern.<\/p>\n\n\n\n<p>Kursinhalte:<br>&#8211; Anlegen und Pflegen von Waldg\u00e4rten und Obstbaumlebensgemeinschaften<br>&#8211; Potential von Waldg\u00e4rten und Obstbaumlebensgemeinschaften erkennen und nutzen lernen.<\/p>\n\n\n\n<h4 class=\"wp-block-heading\">Date<\/h4>\n\n\n\n<p>22. August 2025 14:00 &#8211; 24. August 2025 17:00<\/p>\n\n\n\n<h4 class=\"wp-block-heading\">Kursleitung<\/h4>\n\n\n\n<p>Daniel Lis<br>Harald Wedig<\/p>\n\n\n\n<h4 class=\"wp-block-heading\">Kurskosten<\/h4>\n\n\n\n<p>CHF 390.-<\/p>\n\n\n\n<h4 class=\"wp-block-heading\">Lieu<\/h4>\n\n\n\n<p>Zentrum der Einheit <br>Schweibenalp<br>3855 Brienz BE<\/p>\n\n\n\n<p><a href=\"https:\/\/www.alpine-permakultur.ch\/detail\/?seminarId=%204525be3c-0889-4c7a-8cb5-7c3f49b7f364\" target=\"_blank\" rel=\"noreferrer noopener\">Link zu mehr Infos<\/a><\/p>","protected":false},"excerpt":{"rendered":"<p>Text von www.alpine-permakultur.ch: Das Konzept des Waldgartens, der auf dem Verbund von mehreren Obstbaumlebensgemeinschaften (OLGs) beruht, ist auf der Schweibenalp bereits deutlich erkennbar. Die Waldgartenparzellen sind zwar erst wenige Jahre alt, doch sie tragen bereits Fr\u00fcchte in mehreren Etagen und wollen von uns genutzt und bewohnt werden. Darum geht es in unserem Kurs, das Potential [&hellip;]<\/p>\n","protected":false},"author":2,"featured_media":36547,"comment_status":"closed","ping_status":"closed","sticky":false,"template":"","format":"standard","meta":{"_acf_changed":false,"site-sidebar-layout":"default","site-content-layout":"","ast-site-content-layout":"default","site-content-style":"default","site-sidebar-style":"default","ast-global-header-display":"","ast-banner-title-visibility":"","ast-main-header-display":"","ast-hfb-above-header-display":"","ast-hfb-below-header-display":"","ast-hfb-mobile-header-display":"","site-post-title":"","ast-breadcrumbs-content":"","ast-featured-img":"","footer-sml-layout":"","ast-disable-related-posts":"","theme-transparent-header-meta":"","adv-header-id-meta":"","stick-header-meta":"","header-above-stick-meta":"","header-main-stick-meta":"","header-below-stick-meta":"","astra-migrate-meta-layouts":"set","ast-page-background-enabled":"default","ast-page-background-meta":{"desktop":{"background-color":"var(--ast-global-color-4)","background-image":"","background-repeat":"repeat","background-position":"center center","background-size":"auto","background-attachment":"scroll","background-type":"","background-media":"","overlay-type":"","overlay-color":"","overlay-opacity":"","overlay-gradient":""},"tablet":{"background-color":"","background-image":"","background-repeat":"repeat","background-position":"center center","background-size":"auto","background-attachment":"scroll","background-type":"","background-media":"","overlay-type":"","overlay-color":"","overlay-opacity":"","overlay-gradient":""},"mobile":{"background-color":"","background-image":"","background-repeat":"repeat","background-position":"center center","background-size":"auto","background-attachment":"scroll","background-type":"","background-media":"","overlay-type":"","overlay-color":"","overlay-opacity":"","overlay-gradient":""}},"ast-content-background-meta":{"desktop":{"background-color":"var(--ast-global-color-5)","background-image":"","background-repeat":"repeat","background-position":"center center","background-size":"auto","background-attachment":"scroll","background-type":"","background-media":"","overlay-type":"","overlay-color":"","overlay-opacity":"","overlay-gradient":""},"tablet":{"background-color":"var(--ast-global-color-5)","background-image":"","background-repeat":"repeat","background-position":"center center","background-size":"auto","background-attachment":"scroll","background-type":"","background-media":"","overlay-type":"","overlay-color":"","overlay-opacity":"","overlay-gradient":""},"mobile":{"background-color":"var(--ast-global-color-5)","background-image":"","background-repeat":"repeat","background-position":"center center","background-size":"auto","background-attachment":"scroll","background-type":"","background-media":"","overlay-type":"","overlay-color":"","overlay-opacity":"","overlay-gradient":""}},"footnotes":""},"categories":[14],"tags":[587,586,94,724,77],"class_list":["post-36546","post","type-post","status-publish","format-standard","has-post-thumbnail","hentry","category-veranstaltung","tag-daniel-lis","tag-harald-wedig","tag-schweibenalp","tag-seminar","tag-waldgarten"],"acf":[],"yoast_head":"<!-- This site is optimized with the Yoast SEO plugin v27.5 - https:\/\/yoast.com\/product\/yoast-seo-wordpress\/ -->\n<title>Leben im Waldgarten - Seminar vom 22. bis 24. August 2025 - Permakultur-Landwirtschaft<\/title>\n<meta name=\"description\" content=\"Darum geht es in unserem Kurs, das Potential des Waldgartens als Ganzes zu erkennen und auch als unseren Lebensraum zu nutzen.\" \/>\n<meta name=\"robots\" content=\"index, follow, max-snippet:-1, max-image-preview:large, max-video-preview:-1\" \/>\n<link rel=\"canonical\" href=\"https:\/\/permakultur-landwirtschaft.org\/fr\/leben-im-waldgarten-seminar-vom-22-bis-24-august-2025\/\" \/>\n<meta property=\"og:locale\" content=\"fr_FR\" \/>\n<meta property=\"og:type\" content=\"article\" \/>\n<meta property=\"og:title\" content=\"Leben im Waldgarten - Seminar vom 22. bis 24. August 2025 - Permakultur-Landwirtschaft\" \/>\n<meta property=\"og:description\" content=\"Darum geht es in unserem Kurs, das Potential des Waldgartens als Ganzes zu erkennen und auch als unseren Lebensraum zu nutzen.\" \/>\n<meta property=\"og:url\" content=\"https:\/\/permakultur-landwirtschaft.org\/fr\/leben-im-waldgarten-seminar-vom-22-bis-24-august-2025\/\" \/>\n<meta property=\"og:site_name\" content=\"Permakultur-Landwirtschaft\" \/>\n<meta property=\"article:publisher\" content=\"https:\/\/www.facebook.com\/PermakulturLandwirtschaft\" \/>\n<meta property=\"article:published_time\" content=\"2025-05-19T12:22:38+00:00\" \/>\n<meta property=\"article:modified_time\" content=\"2025-05-19T12:30:17+00:00\" \/>\n<meta property=\"og:image\" content=\"https:\/\/permakultur-landwirtschaft.org\/wp-content\/uploads\/2025\/05\/20250519_harald_wedig_25-234.jpg\" \/>\n\t<meta property=\"og:image:width\" content=\"700\" \/>\n\t<meta property=\"og:image:height\" content=\"393\" \/>\n\t<meta property=\"og:image:type\" content=\"image\/jpeg\" \/>\n<meta name=\"author\" content=\"adrian reutimann\" \/>\n<meta name=\"twitter:card\" content=\"summary_large_image\" \/>\n<meta name=\"twitter:label1\" content=\"\u00c9crit par\" \/>\n\t<meta name=\"twitter:data1\" content=\"adrian reutimann\" \/>\n\t<meta name=\"twitter:label2\" content=\"Dur\u00e9e de lecture estim\u00e9e\" \/>\n\t<meta name=\"twitter:data2\" content=\"2 minutes\" \/>\n<script type=\"application\/ld+json\" class=\"yoast-schema-graph\">{\"@context\":\"https:\\\/\\\/schema.org\",\"@graph\":[{\"@type\":\"Article\",\"@id\":\"https:\\\/\\\/permakultur-landwirtschaft.org\\\/leben-im-waldgarten-seminar-vom-22-bis-24-august-2025\\\/#article\",\"isPartOf\":{\"@id\":\"https:\\\/\\\/permakultur-landwirtschaft.org\\\/leben-im-waldgarten-seminar-vom-22-bis-24-august-2025\\\/\"},\"author\":{\"name\":\"adrian reutimann\",\"@id\":\"https:\\\/\\\/permakultur-landwirtschaft.org\\\/#\\\/schema\\\/person\\\/6b0467872f75aed3e144093f9bf4f0b0\"},\"headline\":\"Leben im Waldgarten &#8211; Seminar vom 22. bis 24. August 2025\",\"datePublished\":\"2025-05-19T12:22:38+00:00\",\"dateModified\":\"2025-05-19T12:30:17+00:00\",\"mainEntityOfPage\":{\"@id\":\"https:\\\/\\\/permakultur-landwirtschaft.org\\\/leben-im-waldgarten-seminar-vom-22-bis-24-august-2025\\\/\"},\"wordCount\":309,\"publisher\":{\"@id\":\"https:\\\/\\\/permakultur-landwirtschaft.org\\\/#organization\"},\"image\":{\"@id\":\"https:\\\/\\\/permakultur-landwirtschaft.org\\\/leben-im-waldgarten-seminar-vom-22-bis-24-august-2025\\\/#primaryimage\"},\"thumbnailUrl\":\"https:\\\/\\\/permakultur-landwirtschaft.org\\\/wp-content\\\/uploads\\\/2025\\\/05\\\/20250519_harald_wedig_25-234.jpg\",\"keywords\":[\"Daniel Lis\",\"Harald Wedig\",\"Schweibenalp\",\"Seminar\",\"Waldgarten\"],\"articleSection\":[\"Veranstaltung\"],\"inLanguage\":\"fr-FR\"},{\"@type\":\"WebPage\",\"@id\":\"https:\\\/\\\/permakultur-landwirtschaft.org\\\/leben-im-waldgarten-seminar-vom-22-bis-24-august-2025\\\/\",\"url\":\"https:\\\/\\\/permakultur-landwirtschaft.org\\\/leben-im-waldgarten-seminar-vom-22-bis-24-august-2025\\\/\",\"name\":\"Leben im Waldgarten - Seminar vom 22. bis 24. August 2025 - Permakultur-Landwirtschaft\",\"isPartOf\":{\"@id\":\"https:\\\/\\\/permakultur-landwirtschaft.org\\\/#website\"},\"primaryImageOfPage\":{\"@id\":\"https:\\\/\\\/permakultur-landwirtschaft.org\\\/leben-im-waldgarten-seminar-vom-22-bis-24-august-2025\\\/#primaryimage\"},\"image\":{\"@id\":\"https:\\\/\\\/permakultur-landwirtschaft.org\\\/leben-im-waldgarten-seminar-vom-22-bis-24-august-2025\\\/#primaryimage\"},\"thumbnailUrl\":\"https:\\\/\\\/permakultur-landwirtschaft.org\\\/wp-content\\\/uploads\\\/2025\\\/05\\\/20250519_harald_wedig_25-234.jpg\",\"datePublished\":\"2025-05-19T12:22:38+00:00\",\"dateModified\":\"2025-05-19T12:30:17+00:00\",\"description\":\"Darum geht es in unserem Kurs, das Potential des Waldgartens als Ganzes zu erkennen und auch als unseren Lebensraum zu nutzen.\",\"breadcrumb\":{\"@id\":\"https:\\\/\\\/permakultur-landwirtschaft.org\\\/leben-im-waldgarten-seminar-vom-22-bis-24-august-2025\\\/#breadcrumb\"},\"inLanguage\":\"fr-FR\",\"potentialAction\":[{\"@type\":\"ReadAction\",\"target\":[\"https:\\\/\\\/permakultur-landwirtschaft.org\\\/leben-im-waldgarten-seminar-vom-22-bis-24-august-2025\\\/\"]}]},{\"@type\":\"ImageObject\",\"inLanguage\":\"fr-FR\",\"@id\":\"https:\\\/\\\/permakultur-landwirtschaft.org\\\/leben-im-waldgarten-seminar-vom-22-bis-24-august-2025\\\/#primaryimage\",\"url\":\"https:\\\/\\\/permakultur-landwirtschaft.org\\\/wp-content\\\/uploads\\\/2025\\\/05\\\/20250519_harald_wedig_25-234.jpg\",\"contentUrl\":\"https:\\\/\\\/permakultur-landwirtschaft.org\\\/wp-content\\\/uploads\\\/2025\\\/05\\\/20250519_harald_wedig_25-234.jpg\",\"width\":700,\"height\":393,\"caption\":\"Bild: www.alpine-permakultur.ch\"},{\"@type\":\"BreadcrumbList\",\"@id\":\"https:\\\/\\\/permakultur-landwirtschaft.org\\\/leben-im-waldgarten-seminar-vom-22-bis-24-august-2025\\\/#breadcrumb\",\"itemListElement\":[{\"@type\":\"ListItem\",\"position\":1,\"name\":\"Startseite\",\"item\":\"https:\\\/\\\/permakultur-landwirtschaft.org\\\/\"},{\"@type\":\"ListItem\",\"position\":2,\"name\":\"Leben im Waldgarten &#8211; Seminar vom 22. bis 24. August 2025\"}]},{\"@type\":\"WebSite\",\"@id\":\"https:\\\/\\\/permakultur-landwirtschaft.org\\\/#website\",\"url\":\"https:\\\/\\\/permakultur-landwirtschaft.org\\\/\",\"name\":\"Permakultur-Landwirtschaft\",\"description\":\"F\u00f6rderung der Permakultur in der Landwirtschaft\",\"publisher\":{\"@id\":\"https:\\\/\\\/permakultur-landwirtschaft.org\\\/#organization\"},\"potentialAction\":[{\"@type\":\"SearchAction\",\"target\":{\"@type\":\"EntryPoint\",\"urlTemplate\":\"https:\\\/\\\/permakultur-landwirtschaft.org\\\/?s={search_term_string}\"},\"query-input\":{\"@type\":\"PropertyValueSpecification\",\"valueRequired\":true,\"valueName\":\"search_term_string\"}}],\"inLanguage\":\"fr-FR\"},{\"@type\":\"Organization\",\"@id\":\"https:\\\/\\\/permakultur-landwirtschaft.org\\\/#organization\",\"name\":\"Permakultur-Landwirtschaft\",\"alternateName\":\"Verein Permakultur-Landwirtschaft\",\"url\":\"https:\\\/\\\/permakultur-landwirtschaft.org\\\/\",\"logo\":{\"@type\":\"ImageObject\",\"inLanguage\":\"fr-FR\",\"@id\":\"https:\\\/\\\/permakultur-landwirtschaft.org\\\/#\\\/schema\\\/logo\\\/image\\\/\",\"url\":\"https:\\\/\\\/permakultur-landwirtschaft.org\\\/wp-content\\\/uploads\\\/2021\\\/11\\\/pela_1268x1269.png\",\"contentUrl\":\"https:\\\/\\\/permakultur-landwirtschaft.org\\\/wp-content\\\/uploads\\\/2021\\\/11\\\/pela_1268x1269.png\",\"width\":1298,\"height\":1269,\"caption\":\"Permakultur-Landwirtschaft\"},\"image\":{\"@id\":\"https:\\\/\\\/permakultur-landwirtschaft.org\\\/#\\\/schema\\\/logo\\\/image\\\/\"},\"sameAs\":[\"https:\\\/\\\/www.facebook.com\\\/PermakulturLandwirtschaft\",\"https:\\\/\\\/www.instagram.com\\\/permakultur_landwirtschaft\\\/\",\"https:\\\/\\\/www.flickr.com\\\/photos\\\/permakultur-landwirtschaft\",\"https:\\\/\\\/www.youtube.com\\\/@PermakulturLandwirtschaft\"]},{\"@type\":\"Person\",\"@id\":\"https:\\\/\\\/permakultur-landwirtschaft.org\\\/#\\\/schema\\\/person\\\/6b0467872f75aed3e144093f9bf4f0b0\",\"name\":\"adrian reutimann\",\"url\":\"https:\\\/\\\/permakultur-landwirtschaft.org\\\/fr\\\/author\\\/reutiadr\\\/\"}]}<\/script>\n<!-- \/ Yoast SEO plugin. -->","yoast_head_json":{"title":"Leben im Waldgarten - Seminar vom 22. bis 24. August 2025 - Permakultur-Landwirtschaft","description":"Darum geht es in unserem Kurs, das Potential des Waldgartens als Ganzes zu erkennen und auch als unseren Lebensraum zu nutzen.","robots":{"index":"index","follow":"follow","max-snippet":"max-snippet:-1","max-image-preview":"max-image-preview:large","max-video-preview":"max-video-preview:-1"},"canonical":"https:\/\/permakultur-landwirtschaft.org\/fr\/leben-im-waldgarten-seminar-vom-22-bis-24-august-2025\/","og_locale":"fr_FR","og_type":"article","og_title":"Leben im Waldgarten - Seminar vom 22. bis 24. August 2025 - Permakultur-Landwirtschaft","og_description":"Darum geht es in unserem Kurs, das Potential des Waldgartens als Ganzes zu erkennen und auch als unseren Lebensraum zu nutzen.","og_url":"https:\/\/permakultur-landwirtschaft.org\/fr\/leben-im-waldgarten-seminar-vom-22-bis-24-august-2025\/","og_site_name":"Permakultur-Landwirtschaft","article_publisher":"https:\/\/www.facebook.com\/PermakulturLandwirtschaft","article_published_time":"2025-05-19T12:22:38+00:00","article_modified_time":"2025-05-19T12:30:17+00:00","og_image":[{"width":700,"height":393,"url":"https:\/\/permakultur-landwirtschaft.org\/wp-content\/uploads\/2025\/05\/20250519_harald_wedig_25-234.jpg","type":"image\/jpeg"}],"author":"adrian reutimann","twitter_card":"summary_large_image","twitter_misc":{"\u00c9crit par":"adrian reutimann","Dur\u00e9e de lecture estim\u00e9e":"2 minutes"},"schema":{"@context":"https:\/\/schema.org","@graph":[{"@type":"Article","@id":"https:\/\/permakultur-landwirtschaft.org\/leben-im-waldgarten-seminar-vom-22-bis-24-august-2025\/#article","isPartOf":{"@id":"https:\/\/permakultur-landwirtschaft.org\/leben-im-waldgarten-seminar-vom-22-bis-24-august-2025\/"},"author":{"name":"adrian reutimann","@id":"https:\/\/permakultur-landwirtschaft.org\/#\/schema\/person\/6b0467872f75aed3e144093f9bf4f0b0"},"headline":"Leben im Waldgarten &#8211; Seminar vom 22. bis 24. August 2025","datePublished":"2025-05-19T12:22:38+00:00","dateModified":"2025-05-19T12:30:17+00:00","mainEntityOfPage":{"@id":"https:\/\/permakultur-landwirtschaft.org\/leben-im-waldgarten-seminar-vom-22-bis-24-august-2025\/"},"wordCount":309,"publisher":{"@id":"https:\/\/permakultur-landwirtschaft.org\/#organization"},"image":{"@id":"https:\/\/permakultur-landwirtschaft.org\/leben-im-waldgarten-seminar-vom-22-bis-24-august-2025\/#primaryimage"},"thumbnailUrl":"https:\/\/permakultur-landwirtschaft.org\/wp-content\/uploads\/2025\/05\/20250519_harald_wedig_25-234.jpg","keywords":["Daniel Lis","Harald Wedig","Schweibenalp","Seminar","Waldgarten"],"articleSection":["Veranstaltung"],"inLanguage":"fr-FR"},{"@type":"WebPage","@id":"https:\/\/permakultur-landwirtschaft.org\/leben-im-waldgarten-seminar-vom-22-bis-24-august-2025\/","url":"https:\/\/permakultur-landwirtschaft.org\/leben-im-waldgarten-seminar-vom-22-bis-24-august-2025\/","name":"Leben im Waldgarten - Seminar vom 22. bis 24. August 2025 - Permakultur-Landwirtschaft","isPartOf":{"@id":"https:\/\/permakultur-landwirtschaft.org\/#website"},"primaryImageOfPage":{"@id":"https:\/\/permakultur-landwirtschaft.org\/leben-im-waldgarten-seminar-vom-22-bis-24-august-2025\/#primaryimage"},"image":{"@id":"https:\/\/permakultur-landwirtschaft.org\/leben-im-waldgarten-seminar-vom-22-bis-24-august-2025\/#primaryimage"},"thumbnailUrl":"https:\/\/permakultur-landwirtschaft.org\/wp-content\/uploads\/2025\/05\/20250519_harald_wedig_25-234.jpg","datePublished":"2025-05-19T12:22:38+00:00","dateModified":"2025-05-19T12:30:17+00:00","description":"Darum geht es in unserem Kurs, das Potential des Waldgartens als Ganzes zu erkennen und auch als unseren Lebensraum zu nutzen.","breadcrumb":{"@id":"https:\/\/permakultur-landwirtschaft.org\/leben-im-waldgarten-seminar-vom-22-bis-24-august-2025\/#breadcrumb"},"inLanguage":"fr-FR","potentialAction":[{"@type":"ReadAction","target":["https:\/\/permakultur-landwirtschaft.org\/leben-im-waldgarten-seminar-vom-22-bis-24-august-2025\/"]}]},{"@type":"ImageObject","inLanguage":"fr-FR","@id":"https:\/\/permakultur-landwirtschaft.org\/leben-im-waldgarten-seminar-vom-22-bis-24-august-2025\/#primaryimage","url":"https:\/\/permakultur-landwirtschaft.org\/wp-content\/uploads\/2025\/05\/20250519_harald_wedig_25-234.jpg","contentUrl":"https:\/\/permakultur-landwirtschaft.org\/wp-content\/uploads\/2025\/05\/20250519_harald_wedig_25-234.jpg","width":700,"height":393,"caption":"Bild: www.alpine-permakultur.ch"},{"@type":"BreadcrumbList","@id":"https:\/\/permakultur-landwirtschaft.org\/leben-im-waldgarten-seminar-vom-22-bis-24-august-2025\/#breadcrumb","itemListElement":[{"@type":"ListItem","position":1,"name":"Startseite","item":"https:\/\/permakultur-landwirtschaft.org\/"},{"@type":"ListItem","position":2,"name":"Leben im Waldgarten &#8211; Seminar vom 22. bis 24. August 2025"}]},{"@type":"WebSite","@id":"https:\/\/permakultur-landwirtschaft.org\/#website","url":"https:\/\/permakultur-landwirtschaft.org\/","name":"Permakultur-Landwirtschaft","description":"F\u00f6rderung der Permakultur in der Landwirtschaft","publisher":{"@id":"https:\/\/permakultur-landwirtschaft.org\/#organization"},"potentialAction":[{"@type":"SearchAction","target":{"@type":"EntryPoint","urlTemplate":"https:\/\/permakultur-landwirtschaft.org\/?s={search_term_string}"},"query-input":{"@type":"PropertyValueSpecification","valueRequired":true,"valueName":"search_term_string"}}],"inLanguage":"fr-FR"},{"@type":"Organization","@id":"https:\/\/permakultur-landwirtschaft.org\/#organization","name":"Permakultur-Landwirtschaft","alternateName":"Verein Permakultur-Landwirtschaft","url":"https:\/\/permakultur-landwirtschaft.org\/","logo":{"@type":"ImageObject","inLanguage":"fr-FR","@id":"https:\/\/permakultur-landwirtschaft.org\/#\/schema\/logo\/image\/","url":"https:\/\/permakultur-landwirtschaft.org\/wp-content\/uploads\/2021\/11\/pela_1268x1269.png","contentUrl":"https:\/\/permakultur-landwirtschaft.org\/wp-content\/uploads\/2021\/11\/pela_1268x1269.png","width":1298,"height":1269,"caption":"Permakultur-Landwirtschaft"},"image":{"@id":"https:\/\/permakultur-landwirtschaft.org\/#\/schema\/logo\/image\/"},"sameAs":["https:\/\/www.facebook.com\/PermakulturLandwirtschaft","https:\/\/www.instagram.com\/permakultur_landwirtschaft\/","https:\/\/www.flickr.com\/photos\/permakultur-landwirtschaft","https:\/\/www.youtube.com\/@PermakulturLandwirtschaft"]},{"@type":"Person","@id":"https:\/\/permakultur-landwirtschaft.org\/#\/schema\/person\/6b0467872f75aed3e144093f9bf4f0b0","name":"adrian reutimann","url":"https:\/\/permakultur-landwirtschaft.org\/fr\/author\/reutiadr\/"}]}},"_links":{"self":[{"href":"https:\/\/permakultur-landwirtschaft.org\/fr\/wp-json\/wp\/v2\/posts\/36546","targetHints":{"allow":["GET"]}}],"collection":[{"href":"https:\/\/permakultur-landwirtschaft.org\/fr\/wp-json\/wp\/v2\/posts"}],"about":[{"href":"https:\/\/permakultur-landwirtschaft.org\/fr\/wp-json\/wp\/v2\/types\/post"}],"author":[{"embeddable":true,"href":"https:\/\/permakultur-landwirtschaft.org\/fr\/wp-json\/wp\/v2\/users\/2"}],"replies":[{"embeddable":true,"href":"https:\/\/permakultur-landwirtschaft.org\/fr\/wp-json\/wp\/v2\/comments?post=36546"}],"version-history":[{"count":2,"href":"https:\/\/permakultur-landwirtschaft.org\/fr\/wp-json\/wp\/v2\/posts\/36546\/revisions"}],"predecessor-version":[{"id":36552,"href":"https:\/\/permakultur-landwirtschaft.org\/fr\/wp-json\/wp\/v2\/posts\/36546\/revisions\/36552"}],"wp:featuredmedia":[{"embeddable":true,"href":"https:\/\/permakultur-landwirtschaft.org\/fr\/wp-json\/wp\/v2\/media\/36547"}],"wp:attachment":[{"href":"https:\/\/permakultur-landwirtschaft.org\/fr\/wp-json\/wp\/v2\/media?parent=36546"}],"wp:term":[{"taxonomy":"category","embeddable":true,"href":"https:\/\/permakultur-landwirtschaft.org\/fr\/wp-json\/wp\/v2\/categories?post=36546"},{"taxonomy":"post_tag","embeddable":true,"href":"https:\/\/permakultur-landwirtschaft.org\/fr\/wp-json\/wp\/v2\/tags?post=36546"}],"curies":[{"name":"wp","href":"https:\/\/api.w.org\/{rel}","templated":true}]}}