{"id":36445,"date":"2025-05-01T11:12:16","date_gmt":"2025-05-01T09:12:16","guid":{"rendered":"https:\/\/permakultur-landwirtschaft.org\/?p=36445"},"modified":"2025-05-01T11:13:29","modified_gmt":"2025-05-01T09:13:29","slug":"rettet-regenerative-landwirtschaft-den-boden-beitrag-vom-01-mai-2025","status":"publish","type":"post","link":"https:\/\/permakultur-landwirtschaft.org\/fr\/rettet-regenerative-landwirtschaft-den-boden-beitrag-vom-01-mai-2025\/","title":{"rendered":"Rettet regenerative Landwirtschaft den Boden? &#8211; Beitrag vom 01. Mai 2025"},"content":{"rendered":"<p>Text von WDR \/ www.ardmediathek.de:<\/p>\n\n\n\n<p>Zu trockene oder ausgesp\u00fclte B\u00f6den, damit ist Schluss auf dem Hof von Jan Gro\u00dfe-Kleimann. Der Landwirt setzt seit drei Jahren auf regenerative Landwirtschaft. Schweinem\u00e4ster und Ackerbauer Jan Gro\u00dfe-Kleimann aus Steinfurt denkt alles vom Boden her. Er hat sich der regenerativen Landwirtschaft verschrieben. In diesem Film zeigt er, warum er nicht mehr pfl\u00fcgt, auf immergr\u00fcne Felder setzt, seine G\u00fclle nicht mehr stinkt und was Milchs\u00e4urebakterien und Pflanzenkohle damit zu tun haben. Dieser Film wurde im Jahr 2023 produziert. Alle Aussagen und Fakten entsprechen dem damaligen Stand und wurden seitdem nicht aktualisiert.<\/p>\n\n\n\n<p><a href=\"https:\/\/www.ardmediathek.de\/video\/Y3JpZDovL3dkci5kZS9CZWl0cmFnLXNvcGhvcmEtYjM1MjhmMzktYTg5MC00ZDMxLTk3NjYtNjc0NzBlZGI1Yzkz\" target=\"_blank\" rel=\"noreferrer noopener\">Link zum Beitrag<\/a><\/p>","protected":false},"excerpt":{"rendered":"<p>Text von WDR \/ www.ardmediathek.de: Zu trockene oder ausgesp\u00fclte B\u00f6den, damit ist Schluss auf dem Hof von Jan Gro\u00dfe-Kleimann. Der Landwirt setzt seit drei Jahren auf regenerative Landwirtschaft. Schweinem\u00e4ster und Ackerbauer Jan Gro\u00dfe-Kleimann aus Steinfurt denkt alles vom Boden her. Er hat sich der regenerativen Landwirtschaft verschrieben. In diesem Film zeigt er, warum er nicht [&hellip;]<\/p>\n","protected":false},"author":2,"featured_media":36446,"comment_status":"closed","ping_status":"closed","sticky":false,"template":"","format":"standard","meta":{"_acf_changed":false,"site-sidebar-layout":"default","site-content-layout":"","ast-site-content-layout":"default","site-content-style":"default","site-sidebar-style":"default","ast-global-header-display":"","ast-banner-title-visibility":"","ast-main-header-display":"","ast-hfb-above-header-display":"","ast-hfb-below-header-display":"","ast-hfb-mobile-header-display":"","site-post-title":"","ast-breadcrumbs-content":"","ast-featured-img":"","footer-sml-layout":"","ast-disable-related-posts":"","theme-transparent-header-meta":"","adv-header-id-meta":"","stick-header-meta":"","header-above-stick-meta":"","header-main-stick-meta":"","header-below-stick-meta":"","astra-migrate-meta-layouts":"set","ast-page-background-enabled":"default","ast-page-background-meta":{"desktop":{"background-color":"var(--ast-global-color-4)","background-image":"","background-repeat":"repeat","background-position":"center center","background-size":"auto","background-attachment":"scroll","background-type":"","background-media":"","overlay-type":"","overlay-color":"","overlay-opacity":"","overlay-gradient":""},"tablet":{"background-color":"","background-image":"","background-repeat":"repeat","background-position":"center center","background-size":"auto","background-attachment":"scroll","background-type":"","background-media":"","overlay-type":"","overlay-color":"","overlay-opacity":"","overlay-gradient":""},"mobile":{"background-color":"","background-image":"","background-repeat":"repeat","background-position":"center center","background-size":"auto","background-attachment":"scroll","background-type":"","background-media":"","overlay-type":"","overlay-color":"","overlay-opacity":"","overlay-gradient":""}},"ast-content-background-meta":{"desktop":{"background-color":"var(--ast-global-color-5)","background-image":"","background-repeat":"repeat","background-position":"center center","background-size":"auto","background-attachment":"scroll","background-type":"","background-media":"","overlay-type":"","overlay-color":"","overlay-opacity":"","overlay-gradient":""},"tablet":{"background-color":"var(--ast-global-color-5)","background-image":"","background-repeat":"repeat","background-position":"center center","background-size":"auto","background-attachment":"scroll","background-type":"","background-media":"","overlay-type":"","overlay-color":"","overlay-opacity":"","overlay-gradient":""},"mobile":{"background-color":"var(--ast-global-color-5)","background-image":"","background-repeat":"repeat","background-position":"center center","background-size":"auto","background-attachment":"scroll","background-type":"","background-media":"","overlay-type":"","overlay-color":"","overlay-opacity":"","overlay-gradient":""}},"footnotes":""},"categories":[45,22],"tags":[28,693,388,545,694],"class_list":["post-36445","post","type-post","status-publish","format-standard","has-post-thumbnail","hentry","category-filme","category-neuigkeit","tag-boden","tag-direktsaat","tag-pflanzenkohle","tag-regenerative-landwirtschaft","tag-wdr"],"acf":[],"yoast_head":"<!-- This site is optimized with the Yoast SEO plugin v27.5 - https:\/\/yoast.com\/product\/yoast-seo-wordpress\/ -->\n<title>Rettet regenerative Landwirtschaft den Boden? - Beitrag vom 01. Mai 2025 - Permakultur-Landwirtschaft<\/title>\n<meta name=\"description\" content=\"Zu trockene oder ausgesp\u00fclte B\u00f6den, damit ist Schluss auf dem Hof von Jan Gro\u00dfe-Kleimann, er setzt auf regenerative Landwirtschaft.\" \/>\n<meta name=\"robots\" content=\"index, follow, max-snippet:-1, max-image-preview:large, max-video-preview:-1\" \/>\n<link rel=\"canonical\" href=\"https:\/\/permakultur-landwirtschaft.org\/fr\/rettet-regenerative-landwirtschaft-den-boden-beitrag-vom-01-mai-2025\/\" \/>\n<meta property=\"og:locale\" content=\"fr_FR\" \/>\n<meta property=\"og:type\" content=\"article\" \/>\n<meta property=\"og:title\" content=\"Rettet regenerative Landwirtschaft den Boden? - Beitrag vom 01. Mai 2025 - Permakultur-Landwirtschaft\" \/>\n<meta property=\"og:description\" content=\"Zu trockene oder ausgesp\u00fclte B\u00f6den, damit ist Schluss auf dem Hof von Jan Gro\u00dfe-Kleimann, er setzt auf regenerative Landwirtschaft.\" \/>\n<meta property=\"og:url\" content=\"https:\/\/permakultur-landwirtschaft.org\/fr\/rettet-regenerative-landwirtschaft-den-boden-beitrag-vom-01-mai-2025\/\" \/>\n<meta property=\"og:site_name\" content=\"Permakultur-Landwirtschaft\" \/>\n<meta property=\"article:publisher\" content=\"https:\/\/www.facebook.com\/PermakulturLandwirtschaft\" \/>\n<meta property=\"article:published_time\" content=\"2025-05-01T09:12:16+00:00\" \/>\n<meta property=\"article:modified_time\" content=\"2025-05-01T09:13:29+00:00\" \/>\n<meta property=\"og:image\" content=\"https:\/\/permakultur-landwirtschaft.org\/wp-content\/uploads\/2025\/05\/20250501_wdr_regenerativ_2025-05-01_11-06-27.jpg\" \/>\n\t<meta property=\"og:image:width\" content=\"701\" \/>\n\t<meta property=\"og:image:height\" content=\"395\" \/>\n\t<meta property=\"og:image:type\" content=\"image\/jpeg\" \/>\n<meta name=\"author\" content=\"adrian reutimann\" \/>\n<meta name=\"twitter:card\" content=\"summary_large_image\" \/>\n<meta name=\"twitter:label1\" content=\"\u00c9crit par\" \/>\n\t<meta name=\"twitter:data1\" content=\"adrian reutimann\" \/>\n\t<meta name=\"twitter:label2\" content=\"Dur\u00e9e de lecture estim\u00e9e\" \/>\n\t<meta name=\"twitter:data2\" content=\"1 minute\" \/>\n<script type=\"application\/ld+json\" class=\"yoast-schema-graph\">{\"@context\":\"https:\\\/\\\/schema.org\",\"@graph\":[{\"@type\":\"Article\",\"@id\":\"https:\\\/\\\/permakultur-landwirtschaft.org\\\/rettet-regenerative-landwirtschaft-den-boden-beitrag-vom-01-mai-2025\\\/#article\",\"isPartOf\":{\"@id\":\"https:\\\/\\\/permakultur-landwirtschaft.org\\\/rettet-regenerative-landwirtschaft-den-boden-beitrag-vom-01-mai-2025\\\/\"},\"author\":{\"name\":\"adrian reutimann\",\"@id\":\"https:\\\/\\\/permakultur-landwirtschaft.org\\\/#\\\/schema\\\/person\\\/6b0467872f75aed3e144093f9bf4f0b0\"},\"headline\":\"Rettet regenerative Landwirtschaft den Boden? &#8211; Beitrag vom 01. Mai 2025\",\"datePublished\":\"2025-05-01T09:12:16+00:00\",\"dateModified\":\"2025-05-01T09:13:29+00:00\",\"mainEntityOfPage\":{\"@id\":\"https:\\\/\\\/permakultur-landwirtschaft.org\\\/rettet-regenerative-landwirtschaft-den-boden-beitrag-vom-01-mai-2025\\\/\"},\"wordCount\":116,\"publisher\":{\"@id\":\"https:\\\/\\\/permakultur-landwirtschaft.org\\\/#organization\"},\"image\":{\"@id\":\"https:\\\/\\\/permakultur-landwirtschaft.org\\\/rettet-regenerative-landwirtschaft-den-boden-beitrag-vom-01-mai-2025\\\/#primaryimage\"},\"thumbnailUrl\":\"https:\\\/\\\/permakultur-landwirtschaft.org\\\/wp-content\\\/uploads\\\/2025\\\/05\\\/20250501_wdr_regenerativ_2025-05-01_11-06-27.jpg\",\"keywords\":[\"boden\",\"Direktsaat\",\"Pflanzenkohle\",\"Regenerative Landwirtschaft\",\"WDR\"],\"articleSection\":[\"Film\",\"Neuigkeit\"],\"inLanguage\":\"fr-FR\"},{\"@type\":\"WebPage\",\"@id\":\"https:\\\/\\\/permakultur-landwirtschaft.org\\\/rettet-regenerative-landwirtschaft-den-boden-beitrag-vom-01-mai-2025\\\/\",\"url\":\"https:\\\/\\\/permakultur-landwirtschaft.org\\\/rettet-regenerative-landwirtschaft-den-boden-beitrag-vom-01-mai-2025\\\/\",\"name\":\"Rettet regenerative Landwirtschaft den Boden? - Beitrag vom 01. Mai 2025 - Permakultur-Landwirtschaft\",\"isPartOf\":{\"@id\":\"https:\\\/\\\/permakultur-landwirtschaft.org\\\/#website\"},\"primaryImageOfPage\":{\"@id\":\"https:\\\/\\\/permakultur-landwirtschaft.org\\\/rettet-regenerative-landwirtschaft-den-boden-beitrag-vom-01-mai-2025\\\/#primaryimage\"},\"image\":{\"@id\":\"https:\\\/\\\/permakultur-landwirtschaft.org\\\/rettet-regenerative-landwirtschaft-den-boden-beitrag-vom-01-mai-2025\\\/#primaryimage\"},\"thumbnailUrl\":\"https:\\\/\\\/permakultur-landwirtschaft.org\\\/wp-content\\\/uploads\\\/2025\\\/05\\\/20250501_wdr_regenerativ_2025-05-01_11-06-27.jpg\",\"datePublished\":\"2025-05-01T09:12:16+00:00\",\"dateModified\":\"2025-05-01T09:13:29+00:00\",\"description\":\"Zu trockene oder ausgesp\u00fclte B\u00f6den, damit ist Schluss auf dem Hof von Jan Gro\u00dfe-Kleimann, er setzt auf regenerative Landwirtschaft.\",\"breadcrumb\":{\"@id\":\"https:\\\/\\\/permakultur-landwirtschaft.org\\\/rettet-regenerative-landwirtschaft-den-boden-beitrag-vom-01-mai-2025\\\/#breadcrumb\"},\"inLanguage\":\"fr-FR\",\"potentialAction\":[{\"@type\":\"ReadAction\",\"target\":[\"https:\\\/\\\/permakultur-landwirtschaft.org\\\/rettet-regenerative-landwirtschaft-den-boden-beitrag-vom-01-mai-2025\\\/\"]}]},{\"@type\":\"ImageObject\",\"inLanguage\":\"fr-FR\",\"@id\":\"https:\\\/\\\/permakultur-landwirtschaft.org\\\/rettet-regenerative-landwirtschaft-den-boden-beitrag-vom-01-mai-2025\\\/#primaryimage\",\"url\":\"https:\\\/\\\/permakultur-landwirtschaft.org\\\/wp-content\\\/uploads\\\/2025\\\/05\\\/20250501_wdr_regenerativ_2025-05-01_11-06-27.jpg\",\"contentUrl\":\"https:\\\/\\\/permakultur-landwirtschaft.org\\\/wp-content\\\/uploads\\\/2025\\\/05\\\/20250501_wdr_regenerativ_2025-05-01_11-06-27.jpg\",\"width\":701,\"height\":395,\"caption\":\"Bild: www.ardmediathek.de\"},{\"@type\":\"BreadcrumbList\",\"@id\":\"https:\\\/\\\/permakultur-landwirtschaft.org\\\/rettet-regenerative-landwirtschaft-den-boden-beitrag-vom-01-mai-2025\\\/#breadcrumb\",\"itemListElement\":[{\"@type\":\"ListItem\",\"position\":1,\"name\":\"Startseite\",\"item\":\"https:\\\/\\\/permakultur-landwirtschaft.org\\\/\"},{\"@type\":\"ListItem\",\"position\":2,\"name\":\"Rettet regenerative Landwirtschaft den Boden? &#8211; Beitrag vom 01. Mai 2025\"}]},{\"@type\":\"WebSite\",\"@id\":\"https:\\\/\\\/permakultur-landwirtschaft.org\\\/#website\",\"url\":\"https:\\\/\\\/permakultur-landwirtschaft.org\\\/\",\"name\":\"Permakultur-Landwirtschaft\",\"description\":\"F\u00f6rderung der Permakultur in der Landwirtschaft\",\"publisher\":{\"@id\":\"https:\\\/\\\/permakultur-landwirtschaft.org\\\/#organization\"},\"potentialAction\":[{\"@type\":\"SearchAction\",\"target\":{\"@type\":\"EntryPoint\",\"urlTemplate\":\"https:\\\/\\\/permakultur-landwirtschaft.org\\\/?s={search_term_string}\"},\"query-input\":{\"@type\":\"PropertyValueSpecification\",\"valueRequired\":true,\"valueName\":\"search_term_string\"}}],\"inLanguage\":\"fr-FR\"},{\"@type\":\"Organization\",\"@id\":\"https:\\\/\\\/permakultur-landwirtschaft.org\\\/#organization\",\"name\":\"Permakultur-Landwirtschaft\",\"alternateName\":\"Verein Permakultur-Landwirtschaft\",\"url\":\"https:\\\/\\\/permakultur-landwirtschaft.org\\\/\",\"logo\":{\"@type\":\"ImageObject\",\"inLanguage\":\"fr-FR\",\"@id\":\"https:\\\/\\\/permakultur-landwirtschaft.org\\\/#\\\/schema\\\/logo\\\/image\\\/\",\"url\":\"https:\\\/\\\/permakultur-landwirtschaft.org\\\/wp-content\\\/uploads\\\/2021\\\/11\\\/pela_1268x1269.png\",\"contentUrl\":\"https:\\\/\\\/permakultur-landwirtschaft.org\\\/wp-content\\\/uploads\\\/2021\\\/11\\\/pela_1268x1269.png\",\"width\":1298,\"height\":1269,\"caption\":\"Permakultur-Landwirtschaft\"},\"image\":{\"@id\":\"https:\\\/\\\/permakultur-landwirtschaft.org\\\/#\\\/schema\\\/logo\\\/image\\\/\"},\"sameAs\":[\"https:\\\/\\\/www.facebook.com\\\/PermakulturLandwirtschaft\",\"https:\\\/\\\/www.instagram.com\\\/permakultur_landwirtschaft\\\/\",\"https:\\\/\\\/www.flickr.com\\\/photos\\\/permakultur-landwirtschaft\",\"https:\\\/\\\/www.youtube.com\\\/@PermakulturLandwirtschaft\"]},{\"@type\":\"Person\",\"@id\":\"https:\\\/\\\/permakultur-landwirtschaft.org\\\/#\\\/schema\\\/person\\\/6b0467872f75aed3e144093f9bf4f0b0\",\"name\":\"adrian reutimann\",\"url\":\"https:\\\/\\\/permakultur-landwirtschaft.org\\\/fr\\\/author\\\/reutiadr\\\/\"}]}<\/script>\n<!-- \/ Yoast SEO plugin. -->","yoast_head_json":{"title":"Rettet regenerative Landwirtschaft den Boden? - Beitrag vom 01. Mai 2025 - Permakultur-Landwirtschaft","description":"Zu trockene oder ausgesp\u00fclte B\u00f6den, damit ist Schluss auf dem Hof von Jan Gro\u00dfe-Kleimann, er setzt auf regenerative Landwirtschaft.","robots":{"index":"index","follow":"follow","max-snippet":"max-snippet:-1","max-image-preview":"max-image-preview:large","max-video-preview":"max-video-preview:-1"},"canonical":"https:\/\/permakultur-landwirtschaft.org\/fr\/rettet-regenerative-landwirtschaft-den-boden-beitrag-vom-01-mai-2025\/","og_locale":"fr_FR","og_type":"article","og_title":"Rettet regenerative Landwirtschaft den Boden? - Beitrag vom 01. Mai 2025 - Permakultur-Landwirtschaft","og_description":"Zu trockene oder ausgesp\u00fclte B\u00f6den, damit ist Schluss auf dem Hof von Jan Gro\u00dfe-Kleimann, er setzt auf regenerative Landwirtschaft.","og_url":"https:\/\/permakultur-landwirtschaft.org\/fr\/rettet-regenerative-landwirtschaft-den-boden-beitrag-vom-01-mai-2025\/","og_site_name":"Permakultur-Landwirtschaft","article_publisher":"https:\/\/www.facebook.com\/PermakulturLandwirtschaft","article_published_time":"2025-05-01T09:12:16+00:00","article_modified_time":"2025-05-01T09:13:29+00:00","og_image":[{"width":701,"height":395,"url":"https:\/\/permakultur-landwirtschaft.org\/wp-content\/uploads\/2025\/05\/20250501_wdr_regenerativ_2025-05-01_11-06-27.jpg","type":"image\/jpeg"}],"author":"adrian reutimann","twitter_card":"summary_large_image","twitter_misc":{"\u00c9crit par":"adrian reutimann","Dur\u00e9e de lecture estim\u00e9e":"1 minute"},"schema":{"@context":"https:\/\/schema.org","@graph":[{"@type":"Article","@id":"https:\/\/permakultur-landwirtschaft.org\/rettet-regenerative-landwirtschaft-den-boden-beitrag-vom-01-mai-2025\/#article","isPartOf":{"@id":"https:\/\/permakultur-landwirtschaft.org\/rettet-regenerative-landwirtschaft-den-boden-beitrag-vom-01-mai-2025\/"},"author":{"name":"adrian reutimann","@id":"https:\/\/permakultur-landwirtschaft.org\/#\/schema\/person\/6b0467872f75aed3e144093f9bf4f0b0"},"headline":"Rettet regenerative Landwirtschaft den Boden? &#8211; Beitrag vom 01. Mai 2025","datePublished":"2025-05-01T09:12:16+00:00","dateModified":"2025-05-01T09:13:29+00:00","mainEntityOfPage":{"@id":"https:\/\/permakultur-landwirtschaft.org\/rettet-regenerative-landwirtschaft-den-boden-beitrag-vom-01-mai-2025\/"},"wordCount":116,"publisher":{"@id":"https:\/\/permakultur-landwirtschaft.org\/#organization"},"image":{"@id":"https:\/\/permakultur-landwirtschaft.org\/rettet-regenerative-landwirtschaft-den-boden-beitrag-vom-01-mai-2025\/#primaryimage"},"thumbnailUrl":"https:\/\/permakultur-landwirtschaft.org\/wp-content\/uploads\/2025\/05\/20250501_wdr_regenerativ_2025-05-01_11-06-27.jpg","keywords":["boden","Direktsaat","Pflanzenkohle","Regenerative Landwirtschaft","WDR"],"articleSection":["Film","Neuigkeit"],"inLanguage":"fr-FR"},{"@type":"WebPage","@id":"https:\/\/permakultur-landwirtschaft.org\/rettet-regenerative-landwirtschaft-den-boden-beitrag-vom-01-mai-2025\/","url":"https:\/\/permakultur-landwirtschaft.org\/rettet-regenerative-landwirtschaft-den-boden-beitrag-vom-01-mai-2025\/","name":"Rettet regenerative Landwirtschaft den Boden? - Beitrag vom 01. Mai 2025 - Permakultur-Landwirtschaft","isPartOf":{"@id":"https:\/\/permakultur-landwirtschaft.org\/#website"},"primaryImageOfPage":{"@id":"https:\/\/permakultur-landwirtschaft.org\/rettet-regenerative-landwirtschaft-den-boden-beitrag-vom-01-mai-2025\/#primaryimage"},"image":{"@id":"https:\/\/permakultur-landwirtschaft.org\/rettet-regenerative-landwirtschaft-den-boden-beitrag-vom-01-mai-2025\/#primaryimage"},"thumbnailUrl":"https:\/\/permakultur-landwirtschaft.org\/wp-content\/uploads\/2025\/05\/20250501_wdr_regenerativ_2025-05-01_11-06-27.jpg","datePublished":"2025-05-01T09:12:16+00:00","dateModified":"2025-05-01T09:13:29+00:00","description":"Zu trockene oder ausgesp\u00fclte B\u00f6den, damit ist Schluss auf dem Hof von Jan Gro\u00dfe-Kleimann, er setzt auf regenerative Landwirtschaft.","breadcrumb":{"@id":"https:\/\/permakultur-landwirtschaft.org\/rettet-regenerative-landwirtschaft-den-boden-beitrag-vom-01-mai-2025\/#breadcrumb"},"inLanguage":"fr-FR","potentialAction":[{"@type":"ReadAction","target":["https:\/\/permakultur-landwirtschaft.org\/rettet-regenerative-landwirtschaft-den-boden-beitrag-vom-01-mai-2025\/"]}]},{"@type":"ImageObject","inLanguage":"fr-FR","@id":"https:\/\/permakultur-landwirtschaft.org\/rettet-regenerative-landwirtschaft-den-boden-beitrag-vom-01-mai-2025\/#primaryimage","url":"https:\/\/permakultur-landwirtschaft.org\/wp-content\/uploads\/2025\/05\/20250501_wdr_regenerativ_2025-05-01_11-06-27.jpg","contentUrl":"https:\/\/permakultur-landwirtschaft.org\/wp-content\/uploads\/2025\/05\/20250501_wdr_regenerativ_2025-05-01_11-06-27.jpg","width":701,"height":395,"caption":"Bild: www.ardmediathek.de"},{"@type":"BreadcrumbList","@id":"https:\/\/permakultur-landwirtschaft.org\/rettet-regenerative-landwirtschaft-den-boden-beitrag-vom-01-mai-2025\/#breadcrumb","itemListElement":[{"@type":"ListItem","position":1,"name":"Startseite","item":"https:\/\/permakultur-landwirtschaft.org\/"},{"@type":"ListItem","position":2,"name":"Rettet regenerative Landwirtschaft den Boden? &#8211; Beitrag vom 01. Mai 2025"}]},{"@type":"WebSite","@id":"https:\/\/permakultur-landwirtschaft.org\/#website","url":"https:\/\/permakultur-landwirtschaft.org\/","name":"Permakultur-Landwirtschaft","description":"F\u00f6rderung der Permakultur in der Landwirtschaft","publisher":{"@id":"https:\/\/permakultur-landwirtschaft.org\/#organization"},"potentialAction":[{"@type":"SearchAction","target":{"@type":"EntryPoint","urlTemplate":"https:\/\/permakultur-landwirtschaft.org\/?s={search_term_string}"},"query-input":{"@type":"PropertyValueSpecification","valueRequired":true,"valueName":"search_term_string"}}],"inLanguage":"fr-FR"},{"@type":"Organization","@id":"https:\/\/permakultur-landwirtschaft.org\/#organization","name":"Permakultur-Landwirtschaft","alternateName":"Verein Permakultur-Landwirtschaft","url":"https:\/\/permakultur-landwirtschaft.org\/","logo":{"@type":"ImageObject","inLanguage":"fr-FR","@id":"https:\/\/permakultur-landwirtschaft.org\/#\/schema\/logo\/image\/","url":"https:\/\/permakultur-landwirtschaft.org\/wp-content\/uploads\/2021\/11\/pela_1268x1269.png","contentUrl":"https:\/\/permakultur-landwirtschaft.org\/wp-content\/uploads\/2021\/11\/pela_1268x1269.png","width":1298,"height":1269,"caption":"Permakultur-Landwirtschaft"},"image":{"@id":"https:\/\/permakultur-landwirtschaft.org\/#\/schema\/logo\/image\/"},"sameAs":["https:\/\/www.facebook.com\/PermakulturLandwirtschaft","https:\/\/www.instagram.com\/permakultur_landwirtschaft\/","https:\/\/www.flickr.com\/photos\/permakultur-landwirtschaft","https:\/\/www.youtube.com\/@PermakulturLandwirtschaft"]},{"@type":"Person","@id":"https:\/\/permakultur-landwirtschaft.org\/#\/schema\/person\/6b0467872f75aed3e144093f9bf4f0b0","name":"adrian reutimann","url":"https:\/\/permakultur-landwirtschaft.org\/fr\/author\/reutiadr\/"}]}},"_links":{"self":[{"href":"https:\/\/permakultur-landwirtschaft.org\/fr\/wp-json\/wp\/v2\/posts\/36445","targetHints":{"allow":["GET"]}}],"collection":[{"href":"https:\/\/permakultur-landwirtschaft.org\/fr\/wp-json\/wp\/v2\/posts"}],"about":[{"href":"https:\/\/permakultur-landwirtschaft.org\/fr\/wp-json\/wp\/v2\/types\/post"}],"author":[{"embeddable":true,"href":"https:\/\/permakultur-landwirtschaft.org\/fr\/wp-json\/wp\/v2\/users\/2"}],"replies":[{"embeddable":true,"href":"https:\/\/permakultur-landwirtschaft.org\/fr\/wp-json\/wp\/v2\/comments?post=36445"}],"version-history":[{"count":1,"href":"https:\/\/permakultur-landwirtschaft.org\/fr\/wp-json\/wp\/v2\/posts\/36445\/revisions"}],"predecessor-version":[{"id":36447,"href":"https:\/\/permakultur-landwirtschaft.org\/fr\/wp-json\/wp\/v2\/posts\/36445\/revisions\/36447"}],"wp:featuredmedia":[{"embeddable":true,"href":"https:\/\/permakultur-landwirtschaft.org\/fr\/wp-json\/wp\/v2\/media\/36446"}],"wp:attachment":[{"href":"https:\/\/permakultur-landwirtschaft.org\/fr\/wp-json\/wp\/v2\/media?parent=36445"}],"wp:term":[{"taxonomy":"category","embeddable":true,"href":"https:\/\/permakultur-landwirtschaft.org\/fr\/wp-json\/wp\/v2\/categories?post=36445"},{"taxonomy":"post_tag","embeddable":true,"href":"https:\/\/permakultur-landwirtschaft.org\/fr\/wp-json\/wp\/v2\/tags?post=36445"}],"curies":[{"name":"wp","href":"https:\/\/api.w.org\/{rel}","templated":true}]}}