{"id":36442,"date":"2025-05-01T10:30:04","date_gmt":"2025-05-01T08:30:04","guid":{"rendered":"https:\/\/permakultur-landwirtschaft.org\/?p=36442"},"modified":"2025-05-01T10:30:04","modified_gmt":"2025-05-01T08:30:04","slug":"gehoelzbewirtschaftung-mit-gehoelzpionier-michael-machatschek-anlass-am-02-bis-03-mai-2025","status":"publish","type":"post","link":"https:\/\/permakultur-landwirtschaft.org\/fr\/gehoelzbewirtschaftung-mit-gehoelzpionier-michael-machatschek-anlass-am-02-bis-03-mai-2025\/","title":{"rendered":"Geh\u00f6lzbewirtschaftung mit Geh\u00f6lzpionier Michael Machatschek &#8211; Anlass am 02. bis 03. Mai 2025"},"content":{"rendered":"<p>Text von www.bioaktuell.ch:<\/p>\n\n\n\n<p>Profitieren Sie vom Wissen und der reichhaltigen Erfahrung rund um Futterhecken und \u00fcbrigen Feldgeh\u00f6lzen\/B\u00e4umen von Dr. Michael Machatschek. Dr. Michael Machatschek, ein \u00f6sterreichischer Landschafts\u00f6kologe, Forscher und Buchautor (u.a. \u00abLaubgeschichten\u00bb, \u00abHecken\u00bb, \u00abNahrhafte Landschaft\u00bb) gilt als einer der fachkundigsten Experten im deutschsprachigen Raum rund um das Thema \u00abGeh\u00f6lze\u00bb. Wir freuen uns, zusammen mit Dr. Machatschek zwei Kurstage \u00abBewirtschaftung von Futterhecken und \u00fcbrigen Feldgeh\u00f6lzen\u00bb am Freitag, 2. Mai 2025 sowie \u00abpraktische Geh\u00f6lzpflege\u00bb am Samstag, 3. Mai 2025 durchzuf\u00fchren.<\/p>\n\n\n\n<h2 class=\"wp-block-heading\">Date<\/h2>\n\n\n\n<p>Freitag, 2. Mai 2025 und Samstag, 3. Mai 2025, 09:00 bis 16:00&nbsp;<\/p>\n\n\n\n<p>Die Teilnahme ist an einzelnen als auch an beiden Kurstagen m\u00f6glich<\/p>\n\n\n\n<h2 class=\"wp-block-heading\">Lieu<\/h2>\n\n\n\n<p>Gutsbetrieb Chamau<br>Chamau 10<br>6331 H\u00fcnenberg ZG<\/p>\n\n\n\n<p><a href=\"https:\/\/www.bioaktuell.ch\/fileadmin\/documents\/ba\/Agenda\/Agenda_2025\/Flyer_Kurstage_Gehoelzbewirtschaftung.pdf\" target=\"_blank\" rel=\"noreferrer noopener\">Flyer&nbsp;(473.2 KB)<\/a><\/p>\n\n\n\n<h2 class=\"wp-block-heading\"><strong>Referent<\/strong>en<\/h2>\n\n\n\n<p>Dr. Michael Machatschek, Raphael Vogel<\/p>\n\n\n\n<p><a href=\"https:\/\/www.bioaktuell.ch\/aktuell\/agenda\/termin\/gehoelzbewirtschaftung-mit-gehoelzpionier-michael-machatschek\" target=\"_blank\" rel=\"noreferrer noopener\">Link zu mehr Infos und Anmeldung<\/a><\/p>","protected":false},"excerpt":{"rendered":"<p>Text von www.bioaktuell.ch: Profitieren Sie vom Wissen und der reichhaltigen Erfahrung rund um Futterhecken und \u00fcbrigen Feldgeh\u00f6lzen\/B\u00e4umen von Dr. Michael Machatschek. Dr. Michael Machatschek, ein \u00f6sterreichischer Landschafts\u00f6kologe, Forscher und Buchautor (u.a. \u00abLaubgeschichten\u00bb, \u00abHecken\u00bb, \u00abNahrhafte Landschaft\u00bb) gilt als einer der fachkundigsten Experten im deutschsprachigen Raum rund um das Thema \u00abGeh\u00f6lze\u00bb. Wir freuen uns, zusammen mit Dr. [&hellip;]<\/p>\n","protected":false},"author":2,"featured_media":36443,"comment_status":"closed","ping_status":"closed","sticky":false,"template":"","format":"standard","meta":{"_acf_changed":false,"site-sidebar-layout":"default","site-content-layout":"","ast-site-content-layout":"default","site-content-style":"default","site-sidebar-style":"default","ast-global-header-display":"","ast-banner-title-visibility":"","ast-main-header-display":"","ast-hfb-above-header-display":"","ast-hfb-below-header-display":"","ast-hfb-mobile-header-display":"","site-post-title":"","ast-breadcrumbs-content":"","ast-featured-img":"","footer-sml-layout":"","ast-disable-related-posts":"","theme-transparent-header-meta":"","adv-header-id-meta":"","stick-header-meta":"","header-above-stick-meta":"","header-main-stick-meta":"","header-below-stick-meta":"","astra-migrate-meta-layouts":"set","ast-page-background-enabled":"default","ast-page-background-meta":{"desktop":{"background-color":"var(--ast-global-color-4)","background-image":"","background-repeat":"repeat","background-position":"center center","background-size":"auto","background-attachment":"scroll","background-type":"","background-media":"","overlay-type":"","overlay-color":"","overlay-opacity":"","overlay-gradient":""},"tablet":{"background-color":"","background-image":"","background-repeat":"repeat","background-position":"center center","background-size":"auto","background-attachment":"scroll","background-type":"","background-media":"","overlay-type":"","overlay-color":"","overlay-opacity":"","overlay-gradient":""},"mobile":{"background-color":"","background-image":"","background-repeat":"repeat","background-position":"center center","background-size":"auto","background-attachment":"scroll","background-type":"","background-media":"","overlay-type":"","overlay-color":"","overlay-opacity":"","overlay-gradient":""}},"ast-content-background-meta":{"desktop":{"background-color":"var(--ast-global-color-5)","background-image":"","background-repeat":"repeat","background-position":"center center","background-size":"auto","background-attachment":"scroll","background-type":"","background-media":"","overlay-type":"","overlay-color":"","overlay-opacity":"","overlay-gradient":""},"tablet":{"background-color":"var(--ast-global-color-5)","background-image":"","background-repeat":"repeat","background-position":"center center","background-size":"auto","background-attachment":"scroll","background-type":"","background-media":"","overlay-type":"","overlay-color":"","overlay-opacity":"","overlay-gradient":""},"mobile":{"background-color":"var(--ast-global-color-5)","background-image":"","background-repeat":"repeat","background-position":"center center","background-size":"auto","background-attachment":"scroll","background-type":"","background-media":"","overlay-type":"","overlay-color":"","overlay-opacity":"","overlay-gradient":""}},"footnotes":""},"categories":[14],"tags":[692,691,36,690],"class_list":["post-36442","post","type-post","status-publish","format-standard","has-post-thumbnail","hentry","category-veranstaltung","tag-gehoelzbewirtschaftung","tag-gehoelzpionier","tag-kurs","tag-michael-machatschek"],"acf":[],"yoast_head":"<!-- This site is optimized with the Yoast SEO plugin v27.5 - https:\/\/yoast.com\/product\/yoast-seo-wordpress\/ -->\n<title>Geh\u00f6lzbewirtschaftung mit Geh\u00f6lzpionier Michael Machatschek - Anlass am 02. bis 03. Mai 2025 - Permakultur-Landwirtschaft<\/title>\n<meta name=\"description\" content=\"Profitieren Sie vom Wissen und der reichhaltigen Erfahrung rund um Futterhecken und \u00fcbrigen Feldgeh\u00f6lzen\/B\u00e4umen von Dr. Michael Machatschek.\" \/>\n<meta name=\"robots\" content=\"index, follow, max-snippet:-1, max-image-preview:large, max-video-preview:-1\" \/>\n<link rel=\"canonical\" href=\"https:\/\/permakultur-landwirtschaft.org\/fr\/gehoelzbewirtschaftung-mit-gehoelzpionier-michael-machatschek-anlass-am-02-bis-03-mai-2025\/\" \/>\n<meta property=\"og:locale\" content=\"fr_FR\" \/>\n<meta property=\"og:type\" content=\"article\" \/>\n<meta property=\"og:title\" content=\"Geh\u00f6lzbewirtschaftung mit Geh\u00f6lzpionier Michael Machatschek - Anlass am 02. bis 03. Mai 2025 - Permakultur-Landwirtschaft\" \/>\n<meta property=\"og:description\" content=\"Profitieren Sie vom Wissen und der reichhaltigen Erfahrung rund um Futterhecken und \u00fcbrigen Feldgeh\u00f6lzen\/B\u00e4umen von Dr. Michael Machatschek.\" \/>\n<meta property=\"og:url\" content=\"https:\/\/permakultur-landwirtschaft.org\/fr\/gehoelzbewirtschaftung-mit-gehoelzpionier-michael-machatschek-anlass-am-02-bis-03-mai-2025\/\" \/>\n<meta property=\"og:site_name\" content=\"Permakultur-Landwirtschaft\" \/>\n<meta property=\"article:publisher\" content=\"https:\/\/www.facebook.com\/PermakulturLandwirtschaft\" \/>\n<meta property=\"article:published_time\" content=\"2025-05-01T08:30:04+00:00\" \/>\n<meta property=\"og:image\" content=\"https:\/\/permakultur-landwirtschaft.org\/wp-content\/uploads\/2025\/05\/202505_bioaktuell_csm_Michael_Machatschek_af27de025b.jpg\" \/>\n\t<meta property=\"og:image:width\" content=\"517\" \/>\n\t<meta property=\"og:image:height\" content=\"600\" \/>\n\t<meta property=\"og:image:type\" content=\"image\/jpeg\" \/>\n<meta name=\"author\" content=\"adrian reutimann\" \/>\n<meta name=\"twitter:card\" content=\"summary_large_image\" \/>\n<meta name=\"twitter:label1\" content=\"\u00c9crit par\" \/>\n\t<meta name=\"twitter:data1\" content=\"adrian reutimann\" \/>\n\t<meta name=\"twitter:label2\" content=\"Dur\u00e9e de lecture estim\u00e9e\" \/>\n\t<meta name=\"twitter:data2\" content=\"1 minute\" \/>\n<script type=\"application\/ld+json\" class=\"yoast-schema-graph\">{\"@context\":\"https:\\\/\\\/schema.org\",\"@graph\":[{\"@type\":\"Article\",\"@id\":\"https:\\\/\\\/permakultur-landwirtschaft.org\\\/gehoelzbewirtschaftung-mit-gehoelzpionier-michael-machatschek-anlass-am-02-bis-03-mai-2025\\\/#article\",\"isPartOf\":{\"@id\":\"https:\\\/\\\/permakultur-landwirtschaft.org\\\/gehoelzbewirtschaftung-mit-gehoelzpionier-michael-machatschek-anlass-am-02-bis-03-mai-2025\\\/\"},\"author\":{\"name\":\"adrian reutimann\",\"@id\":\"https:\\\/\\\/permakultur-landwirtschaft.org\\\/#\\\/schema\\\/person\\\/6b0467872f75aed3e144093f9bf4f0b0\"},\"headline\":\"Geh\u00f6lzbewirtschaftung mit Geh\u00f6lzpionier Michael Machatschek &#8211; Anlass am 02. bis 03. Mai 2025\",\"datePublished\":\"2025-05-01T08:30:04+00:00\",\"mainEntityOfPage\":{\"@id\":\"https:\\\/\\\/permakultur-landwirtschaft.org\\\/gehoelzbewirtschaftung-mit-gehoelzpionier-michael-machatschek-anlass-am-02-bis-03-mai-2025\\\/\"},\"wordCount\":138,\"publisher\":{\"@id\":\"https:\\\/\\\/permakultur-landwirtschaft.org\\\/#organization\"},\"image\":{\"@id\":\"https:\\\/\\\/permakultur-landwirtschaft.org\\\/gehoelzbewirtschaftung-mit-gehoelzpionier-michael-machatschek-anlass-am-02-bis-03-mai-2025\\\/#primaryimage\"},\"thumbnailUrl\":\"https:\\\/\\\/permakultur-landwirtschaft.org\\\/wp-content\\\/uploads\\\/2025\\\/05\\\/202505_bioaktuell_csm_Michael_Machatschek_af27de025b.jpg\",\"keywords\":[\"Geh\u00f6lzbewirtschaftung\",\"Geh\u00f6lzpionier\",\"Kurs\",\"Michael Machatschek\"],\"articleSection\":[\"Veranstaltung\"],\"inLanguage\":\"fr-FR\"},{\"@type\":\"WebPage\",\"@id\":\"https:\\\/\\\/permakultur-landwirtschaft.org\\\/gehoelzbewirtschaftung-mit-gehoelzpionier-michael-machatschek-anlass-am-02-bis-03-mai-2025\\\/\",\"url\":\"https:\\\/\\\/permakultur-landwirtschaft.org\\\/gehoelzbewirtschaftung-mit-gehoelzpionier-michael-machatschek-anlass-am-02-bis-03-mai-2025\\\/\",\"name\":\"Geh\u00f6lzbewirtschaftung mit Geh\u00f6lzpionier Michael Machatschek - Anlass am 02. bis 03. Mai 2025 - Permakultur-Landwirtschaft\",\"isPartOf\":{\"@id\":\"https:\\\/\\\/permakultur-landwirtschaft.org\\\/#website\"},\"primaryImageOfPage\":{\"@id\":\"https:\\\/\\\/permakultur-landwirtschaft.org\\\/gehoelzbewirtschaftung-mit-gehoelzpionier-michael-machatschek-anlass-am-02-bis-03-mai-2025\\\/#primaryimage\"},\"image\":{\"@id\":\"https:\\\/\\\/permakultur-landwirtschaft.org\\\/gehoelzbewirtschaftung-mit-gehoelzpionier-michael-machatschek-anlass-am-02-bis-03-mai-2025\\\/#primaryimage\"},\"thumbnailUrl\":\"https:\\\/\\\/permakultur-landwirtschaft.org\\\/wp-content\\\/uploads\\\/2025\\\/05\\\/202505_bioaktuell_csm_Michael_Machatschek_af27de025b.jpg\",\"datePublished\":\"2025-05-01T08:30:04+00:00\",\"description\":\"Profitieren Sie vom Wissen und der reichhaltigen Erfahrung rund um Futterhecken und \u00fcbrigen Feldgeh\u00f6lzen\\\/B\u00e4umen von Dr. Michael Machatschek.\",\"breadcrumb\":{\"@id\":\"https:\\\/\\\/permakultur-landwirtschaft.org\\\/gehoelzbewirtschaftung-mit-gehoelzpionier-michael-machatschek-anlass-am-02-bis-03-mai-2025\\\/#breadcrumb\"},\"inLanguage\":\"fr-FR\",\"potentialAction\":[{\"@type\":\"ReadAction\",\"target\":[\"https:\\\/\\\/permakultur-landwirtschaft.org\\\/gehoelzbewirtschaftung-mit-gehoelzpionier-michael-machatschek-anlass-am-02-bis-03-mai-2025\\\/\"]}]},{\"@type\":\"ImageObject\",\"inLanguage\":\"fr-FR\",\"@id\":\"https:\\\/\\\/permakultur-landwirtschaft.org\\\/gehoelzbewirtschaftung-mit-gehoelzpionier-michael-machatschek-anlass-am-02-bis-03-mai-2025\\\/#primaryimage\",\"url\":\"https:\\\/\\\/permakultur-landwirtschaft.org\\\/wp-content\\\/uploads\\\/2025\\\/05\\\/202505_bioaktuell_csm_Michael_Machatschek_af27de025b.jpg\",\"contentUrl\":\"https:\\\/\\\/permakultur-landwirtschaft.org\\\/wp-content\\\/uploads\\\/2025\\\/05\\\/202505_bioaktuell_csm_Michael_Machatschek_af27de025b.jpg\",\"width\":517,\"height\":600,\"caption\":\"Bild: www.bioaktuell.ch\"},{\"@type\":\"BreadcrumbList\",\"@id\":\"https:\\\/\\\/permakultur-landwirtschaft.org\\\/gehoelzbewirtschaftung-mit-gehoelzpionier-michael-machatschek-anlass-am-02-bis-03-mai-2025\\\/#breadcrumb\",\"itemListElement\":[{\"@type\":\"ListItem\",\"position\":1,\"name\":\"Startseite\",\"item\":\"https:\\\/\\\/permakultur-landwirtschaft.org\\\/\"},{\"@type\":\"ListItem\",\"position\":2,\"name\":\"Geh\u00f6lzbewirtschaftung mit Geh\u00f6lzpionier Michael Machatschek &#8211; Anlass am 02. bis 03. Mai 2025\"}]},{\"@type\":\"WebSite\",\"@id\":\"https:\\\/\\\/permakultur-landwirtschaft.org\\\/#website\",\"url\":\"https:\\\/\\\/permakultur-landwirtschaft.org\\\/\",\"name\":\"Permakultur-Landwirtschaft\",\"description\":\"F\u00f6rderung der Permakultur in der Landwirtschaft\",\"publisher\":{\"@id\":\"https:\\\/\\\/permakultur-landwirtschaft.org\\\/#organization\"},\"potentialAction\":[{\"@type\":\"SearchAction\",\"target\":{\"@type\":\"EntryPoint\",\"urlTemplate\":\"https:\\\/\\\/permakultur-landwirtschaft.org\\\/?s={search_term_string}\"},\"query-input\":{\"@type\":\"PropertyValueSpecification\",\"valueRequired\":true,\"valueName\":\"search_term_string\"}}],\"inLanguage\":\"fr-FR\"},{\"@type\":\"Organization\",\"@id\":\"https:\\\/\\\/permakultur-landwirtschaft.org\\\/#organization\",\"name\":\"Permakultur-Landwirtschaft\",\"alternateName\":\"Verein Permakultur-Landwirtschaft\",\"url\":\"https:\\\/\\\/permakultur-landwirtschaft.org\\\/\",\"logo\":{\"@type\":\"ImageObject\",\"inLanguage\":\"fr-FR\",\"@id\":\"https:\\\/\\\/permakultur-landwirtschaft.org\\\/#\\\/schema\\\/logo\\\/image\\\/\",\"url\":\"https:\\\/\\\/permakultur-landwirtschaft.org\\\/wp-content\\\/uploads\\\/2021\\\/11\\\/pela_1268x1269.png\",\"contentUrl\":\"https:\\\/\\\/permakultur-landwirtschaft.org\\\/wp-content\\\/uploads\\\/2021\\\/11\\\/pela_1268x1269.png\",\"width\":1298,\"height\":1269,\"caption\":\"Permakultur-Landwirtschaft\"},\"image\":{\"@id\":\"https:\\\/\\\/permakultur-landwirtschaft.org\\\/#\\\/schema\\\/logo\\\/image\\\/\"},\"sameAs\":[\"https:\\\/\\\/www.facebook.com\\\/PermakulturLandwirtschaft\",\"https:\\\/\\\/www.instagram.com\\\/permakultur_landwirtschaft\\\/\",\"https:\\\/\\\/www.flickr.com\\\/photos\\\/permakultur-landwirtschaft\",\"https:\\\/\\\/www.youtube.com\\\/@PermakulturLandwirtschaft\"]},{\"@type\":\"Person\",\"@id\":\"https:\\\/\\\/permakultur-landwirtschaft.org\\\/#\\\/schema\\\/person\\\/6b0467872f75aed3e144093f9bf4f0b0\",\"name\":\"adrian reutimann\",\"url\":\"https:\\\/\\\/permakultur-landwirtschaft.org\\\/fr\\\/author\\\/reutiadr\\\/\"}]}<\/script>\n<!-- \/ Yoast SEO plugin. -->","yoast_head_json":{"title":"Geh\u00f6lzbewirtschaftung mit Geh\u00f6lzpionier Michael Machatschek - Anlass am 02. bis 03. Mai 2025 - Permakultur-Landwirtschaft","description":"Profitieren Sie vom Wissen und der reichhaltigen Erfahrung rund um Futterhecken und \u00fcbrigen Feldgeh\u00f6lzen\/B\u00e4umen von Dr. Michael Machatschek.","robots":{"index":"index","follow":"follow","max-snippet":"max-snippet:-1","max-image-preview":"max-image-preview:large","max-video-preview":"max-video-preview:-1"},"canonical":"https:\/\/permakultur-landwirtschaft.org\/fr\/gehoelzbewirtschaftung-mit-gehoelzpionier-michael-machatschek-anlass-am-02-bis-03-mai-2025\/","og_locale":"fr_FR","og_type":"article","og_title":"Geh\u00f6lzbewirtschaftung mit Geh\u00f6lzpionier Michael Machatschek - Anlass am 02. bis 03. Mai 2025 - Permakultur-Landwirtschaft","og_description":"Profitieren Sie vom Wissen und der reichhaltigen Erfahrung rund um Futterhecken und \u00fcbrigen Feldgeh\u00f6lzen\/B\u00e4umen von Dr. Michael Machatschek.","og_url":"https:\/\/permakultur-landwirtschaft.org\/fr\/gehoelzbewirtschaftung-mit-gehoelzpionier-michael-machatschek-anlass-am-02-bis-03-mai-2025\/","og_site_name":"Permakultur-Landwirtschaft","article_publisher":"https:\/\/www.facebook.com\/PermakulturLandwirtschaft","article_published_time":"2025-05-01T08:30:04+00:00","og_image":[{"width":517,"height":600,"url":"https:\/\/permakultur-landwirtschaft.org\/wp-content\/uploads\/2025\/05\/202505_bioaktuell_csm_Michael_Machatschek_af27de025b.jpg","type":"image\/jpeg"}],"author":"adrian reutimann","twitter_card":"summary_large_image","twitter_misc":{"\u00c9crit par":"adrian reutimann","Dur\u00e9e de lecture estim\u00e9e":"1 minute"},"schema":{"@context":"https:\/\/schema.org","@graph":[{"@type":"Article","@id":"https:\/\/permakultur-landwirtschaft.org\/gehoelzbewirtschaftung-mit-gehoelzpionier-michael-machatschek-anlass-am-02-bis-03-mai-2025\/#article","isPartOf":{"@id":"https:\/\/permakultur-landwirtschaft.org\/gehoelzbewirtschaftung-mit-gehoelzpionier-michael-machatschek-anlass-am-02-bis-03-mai-2025\/"},"author":{"name":"adrian reutimann","@id":"https:\/\/permakultur-landwirtschaft.org\/#\/schema\/person\/6b0467872f75aed3e144093f9bf4f0b0"},"headline":"Geh\u00f6lzbewirtschaftung mit Geh\u00f6lzpionier Michael Machatschek &#8211; Anlass am 02. bis 03. Mai 2025","datePublished":"2025-05-01T08:30:04+00:00","mainEntityOfPage":{"@id":"https:\/\/permakultur-landwirtschaft.org\/gehoelzbewirtschaftung-mit-gehoelzpionier-michael-machatschek-anlass-am-02-bis-03-mai-2025\/"},"wordCount":138,"publisher":{"@id":"https:\/\/permakultur-landwirtschaft.org\/#organization"},"image":{"@id":"https:\/\/permakultur-landwirtschaft.org\/gehoelzbewirtschaftung-mit-gehoelzpionier-michael-machatschek-anlass-am-02-bis-03-mai-2025\/#primaryimage"},"thumbnailUrl":"https:\/\/permakultur-landwirtschaft.org\/wp-content\/uploads\/2025\/05\/202505_bioaktuell_csm_Michael_Machatschek_af27de025b.jpg","keywords":["Geh\u00f6lzbewirtschaftung","Geh\u00f6lzpionier","Kurs","Michael Machatschek"],"articleSection":["Veranstaltung"],"inLanguage":"fr-FR"},{"@type":"WebPage","@id":"https:\/\/permakultur-landwirtschaft.org\/gehoelzbewirtschaftung-mit-gehoelzpionier-michael-machatschek-anlass-am-02-bis-03-mai-2025\/","url":"https:\/\/permakultur-landwirtschaft.org\/gehoelzbewirtschaftung-mit-gehoelzpionier-michael-machatschek-anlass-am-02-bis-03-mai-2025\/","name":"Geh\u00f6lzbewirtschaftung mit Geh\u00f6lzpionier Michael Machatschek - Anlass am 02. bis 03. Mai 2025 - Permakultur-Landwirtschaft","isPartOf":{"@id":"https:\/\/permakultur-landwirtschaft.org\/#website"},"primaryImageOfPage":{"@id":"https:\/\/permakultur-landwirtschaft.org\/gehoelzbewirtschaftung-mit-gehoelzpionier-michael-machatschek-anlass-am-02-bis-03-mai-2025\/#primaryimage"},"image":{"@id":"https:\/\/permakultur-landwirtschaft.org\/gehoelzbewirtschaftung-mit-gehoelzpionier-michael-machatschek-anlass-am-02-bis-03-mai-2025\/#primaryimage"},"thumbnailUrl":"https:\/\/permakultur-landwirtschaft.org\/wp-content\/uploads\/2025\/05\/202505_bioaktuell_csm_Michael_Machatschek_af27de025b.jpg","datePublished":"2025-05-01T08:30:04+00:00","description":"Profitieren Sie vom Wissen und der reichhaltigen Erfahrung rund um Futterhecken und \u00fcbrigen Feldgeh\u00f6lzen\/B\u00e4umen von Dr. Michael Machatschek.","breadcrumb":{"@id":"https:\/\/permakultur-landwirtschaft.org\/gehoelzbewirtschaftung-mit-gehoelzpionier-michael-machatschek-anlass-am-02-bis-03-mai-2025\/#breadcrumb"},"inLanguage":"fr-FR","potentialAction":[{"@type":"ReadAction","target":["https:\/\/permakultur-landwirtschaft.org\/gehoelzbewirtschaftung-mit-gehoelzpionier-michael-machatschek-anlass-am-02-bis-03-mai-2025\/"]}]},{"@type":"ImageObject","inLanguage":"fr-FR","@id":"https:\/\/permakultur-landwirtschaft.org\/gehoelzbewirtschaftung-mit-gehoelzpionier-michael-machatschek-anlass-am-02-bis-03-mai-2025\/#primaryimage","url":"https:\/\/permakultur-landwirtschaft.org\/wp-content\/uploads\/2025\/05\/202505_bioaktuell_csm_Michael_Machatschek_af27de025b.jpg","contentUrl":"https:\/\/permakultur-landwirtschaft.org\/wp-content\/uploads\/2025\/05\/202505_bioaktuell_csm_Michael_Machatschek_af27de025b.jpg","width":517,"height":600,"caption":"Bild: www.bioaktuell.ch"},{"@type":"BreadcrumbList","@id":"https:\/\/permakultur-landwirtschaft.org\/gehoelzbewirtschaftung-mit-gehoelzpionier-michael-machatschek-anlass-am-02-bis-03-mai-2025\/#breadcrumb","itemListElement":[{"@type":"ListItem","position":1,"name":"Startseite","item":"https:\/\/permakultur-landwirtschaft.org\/"},{"@type":"ListItem","position":2,"name":"Geh\u00f6lzbewirtschaftung mit Geh\u00f6lzpionier Michael Machatschek &#8211; Anlass am 02. bis 03. Mai 2025"}]},{"@type":"WebSite","@id":"https:\/\/permakultur-landwirtschaft.org\/#website","url":"https:\/\/permakultur-landwirtschaft.org\/","name":"Permakultur-Landwirtschaft","description":"F\u00f6rderung der Permakultur in der Landwirtschaft","publisher":{"@id":"https:\/\/permakultur-landwirtschaft.org\/#organization"},"potentialAction":[{"@type":"SearchAction","target":{"@type":"EntryPoint","urlTemplate":"https:\/\/permakultur-landwirtschaft.org\/?s={search_term_string}"},"query-input":{"@type":"PropertyValueSpecification","valueRequired":true,"valueName":"search_term_string"}}],"inLanguage":"fr-FR"},{"@type":"Organization","@id":"https:\/\/permakultur-landwirtschaft.org\/#organization","name":"Permakultur-Landwirtschaft","alternateName":"Verein Permakultur-Landwirtschaft","url":"https:\/\/permakultur-landwirtschaft.org\/","logo":{"@type":"ImageObject","inLanguage":"fr-FR","@id":"https:\/\/permakultur-landwirtschaft.org\/#\/schema\/logo\/image\/","url":"https:\/\/permakultur-landwirtschaft.org\/wp-content\/uploads\/2021\/11\/pela_1268x1269.png","contentUrl":"https:\/\/permakultur-landwirtschaft.org\/wp-content\/uploads\/2021\/11\/pela_1268x1269.png","width":1298,"height":1269,"caption":"Permakultur-Landwirtschaft"},"image":{"@id":"https:\/\/permakultur-landwirtschaft.org\/#\/schema\/logo\/image\/"},"sameAs":["https:\/\/www.facebook.com\/PermakulturLandwirtschaft","https:\/\/www.instagram.com\/permakultur_landwirtschaft\/","https:\/\/www.flickr.com\/photos\/permakultur-landwirtschaft","https:\/\/www.youtube.com\/@PermakulturLandwirtschaft"]},{"@type":"Person","@id":"https:\/\/permakultur-landwirtschaft.org\/#\/schema\/person\/6b0467872f75aed3e144093f9bf4f0b0","name":"adrian reutimann","url":"https:\/\/permakultur-landwirtschaft.org\/fr\/author\/reutiadr\/"}]}},"_links":{"self":[{"href":"https:\/\/permakultur-landwirtschaft.org\/fr\/wp-json\/wp\/v2\/posts\/36442","targetHints":{"allow":["GET"]}}],"collection":[{"href":"https:\/\/permakultur-landwirtschaft.org\/fr\/wp-json\/wp\/v2\/posts"}],"about":[{"href":"https:\/\/permakultur-landwirtschaft.org\/fr\/wp-json\/wp\/v2\/types\/post"}],"author":[{"embeddable":true,"href":"https:\/\/permakultur-landwirtschaft.org\/fr\/wp-json\/wp\/v2\/users\/2"}],"replies":[{"embeddable":true,"href":"https:\/\/permakultur-landwirtschaft.org\/fr\/wp-json\/wp\/v2\/comments?post=36442"}],"version-history":[{"count":1,"href":"https:\/\/permakultur-landwirtschaft.org\/fr\/wp-json\/wp\/v2\/posts\/36442\/revisions"}],"predecessor-version":[{"id":36444,"href":"https:\/\/permakultur-landwirtschaft.org\/fr\/wp-json\/wp\/v2\/posts\/36442\/revisions\/36444"}],"wp:featuredmedia":[{"embeddable":true,"href":"https:\/\/permakultur-landwirtschaft.org\/fr\/wp-json\/wp\/v2\/media\/36443"}],"wp:attachment":[{"href":"https:\/\/permakultur-landwirtschaft.org\/fr\/wp-json\/wp\/v2\/media?parent=36442"}],"wp:term":[{"taxonomy":"category","embeddable":true,"href":"https:\/\/permakultur-landwirtschaft.org\/fr\/wp-json\/wp\/v2\/categories?post=36442"},{"taxonomy":"post_tag","embeddable":true,"href":"https:\/\/permakultur-landwirtschaft.org\/fr\/wp-json\/wp\/v2\/tags?post=36442"}],"curies":[{"name":"wp","href":"https:\/\/api.w.org\/{rel}","templated":true}]}}