{"id":36431,"date":"2025-04-23T10:26:17","date_gmt":"2025-04-23T08:26:17","guid":{"rendered":"https:\/\/permakultur-landwirtschaft.org\/?p=36431"},"modified":"2025-04-28T10:33:43","modified_gmt":"2025-04-28T08:33:43","slug":"gemeinsam-statt-einsam-und-trotzdem-kaum-tragbar-artikel-vom-23-april-2025","status":"publish","type":"post","link":"https:\/\/permakultur-landwirtschaft.org\/fr\/gemeinsam-statt-einsam-und-trotzdem-kaum-tragbar-artikel-vom-23-april-2025\/","title":{"rendered":"Gemeinsam statt einsam \u2013 und trotzdem kaum tragbar &#8211; Artikel vom 23. April 2025"},"content":{"rendered":"<p>Text von www.lid.ch:<\/p>\n\n\n\n<p>Der Hof Rinderbrunnen zeigt, wie vielf\u00e4ltig und gemeinschaftlich Landwirtschaft gestaltet werden kann \u2013 und wie schwierig es ist, davon zu leben. Ein Medienanlass zur Agrarpolitik 2030+ machte deutlich: F\u00fcr eine zukunftsf\u00e4hige Landwirtschaft braucht es mehr als gute Ideen \u2013 es braucht politische L\u00f6sungen, die \u00f6kologisches Handeln auch sozial und wirtschaftlich m\u00f6glich machen.<\/p>\n\n\n\n<p>Der <a rel=\"noreferrer noopener\" href=\"https:\/\/www.rinderbrunnen.ch\/\" target=\"_blank\">Hof Rinderbrunnen<\/a> im Z\u00fcrcher Oberland wirkt auf den ersten Blick sehr idyllisch: vielf\u00e4ltige Kulturen, Tiere, ein engagiertes Team. Und der Hof zeigt, wie die Landwirtschaft der Zukunft aussehen k\u00f6nnte \u2013 vielf\u00e4ltig, \u00f6kologisch und gemeinschaftlich gef\u00fchrt. Doch hinter dem Idyll verbirgt sich ein harter Alltag, denn das Beispiel des Hofs zeigt auch, wie schwer es ist, von nachhaltiger Landwirtschaft zu leben.<\/p>\n\n\n\n<p>Im Rahmen eines Medienanlasses der Stiftung Biovision wurde auf dem Hof Rinderbrunnen \u00fcber die Agrarpolitik 2030+ diskutiert. Die zentrale Frage: Warum ist eine \u00f6kologische, sozial gerechte und wirtschaftlich tragf\u00e4hige Landwirtschaft politisch so schwer durchzusetzen?<\/p>\n\n\n\n<h2 class=\"wp-block-heading\">Ein Betrieb, viele K\u00f6pfe \u2013 und ein tiefer Lohn<\/h2>\n\n\n\n<p>Das Modell Rinderbrunnen ist ein Versuch, Verantwortung und Arbeit auf mehrere Schultern zu verteilen. Jeder Betriebszweig \u2013 ob Ackerbau, Gem\u00fcse, Tierhaltung oder Blumenfeld \u2013 wird eigenverantwortlich gef\u00fchrt. Die Einnahmen werden nach Abzug der Direktkosten als Lohn aufgeteilt. \u00abWir sind ein Experiment\u00bb, erkl\u00e4rte Betriebseigent\u00fcmerin Judith Frei und erg\u00e4nzte: \u00abWir haben uns gesagt, wir probieren das, wohlwissend, dass es strukturell sehr schwierig ist.\u00bb<\/p>\n\n\n\n<p>Tats\u00e4chlich herrsche in der Landwirtschaft nach wie vor das Bild des einzelnen Betriebsleiters vor \u2013 in der Regel noch unterst\u00fctzt durch die B\u00e4uerin. \u00abUnd beide mit je einem Pensum \u00fcber 100 Prozent und niedriger Abgeltung f\u00fcr die Arbeit\u00bb, f\u00fchrte St\u00e4nder\u00e4tin und Biob\u00e4uerin Maya Graf aus. Ein Modell wie auf dem Hof Rinderbrunnen biete die M\u00f6glichkeit, sich die Arbeit aufzuteilen. \u00abVielleicht ist das die Zukunft \u2013 sicher ist, dass wir uns von diesen starren Bildern in der Landwirtschaft l\u00f6sen m\u00fcssen\u00bb, so Maya Graf weiter.<\/p>\n\n\n\n<h2 class=\"wp-block-heading\">\u00abF\u00f6rderung agrar\u00f6kologischer Prinzipien im Schweizer Agrar- und Ern\u00e4hrungssystem\u00bb<\/h2>\n\n\n\n<p>Die Schweiz steht vor der Herausforderung, ihr Agrar- und Ern\u00e4hrungssystem tiefgreifend zu ver\u00e4ndern. Die von der Stiftung Biovision in Auftrag gegebene <a rel=\"noreferrer noopener\" href=\"http:\/\/www.biovision.ch\/studie-agraroekologie\" target=\"_blank\">ATES-Studie \u00abF\u00f6rderung agrar\u00f6kologischer Prinzipien im Schweizer Agrar- und Ern\u00e4hrungssystem\u00bb<\/a> zeigt: Eine zukunftsf\u00e4hige Landwirtschaft basiert auf Vielfalt, Resilienz und einer engeren Verbindung zwischen Produzierenden und Konsumierenden. Besonders wichtig ist laut Studie ein Systemwechsel, der \u00fcber punktuelle Reformen hinausgeht.<\/p>\n\n\n\n<p>F\u00fcnf Handlungsfelder wurden als zentral identifiziert \u2013 von Bildungsinitiativen \u00fcber gezielte F\u00f6rdermassnahmen bis hin zur Reform des Konsumverhaltens. Beispielsweise brauche es neue Narrative \u00fcber Landwirtschaft, mehr Transparenz in der Wertsch\u00f6pfungskette und st\u00e4rkere finanzielle Unterst\u00fctzung f\u00fcr Betriebe, die bereits heute innovativ und nachhaltig wirtschaften.<\/p>\n\n\n\n<p>Die Studie pl\u00e4diert f\u00fcr einen Paradigmenwechsel: Agrar\u00f6kologie soll nicht nur als Methode, sondern als politisches und gesellschaftliches Leitbild dienen. Dazu braucht es laut Studie eine aktive Rolle der Politik, aber auch neue Kooperationen zwischen Wissenschaft, Praxis und Bev\u00f6lkerung. Nur so lasse sich ein Ern\u00e4hrungssystem schaffen, das im Einklang mit \u00f6kologischen Grenzen, sozialer Gerechtigkeit und \u00f6konomischer Tragf\u00e4higkeit steht.<\/p>\n\n\n\n<h2 class=\"wp-block-heading\">Sozial und wirtschaftlich nachhaltige Landwirtschaft als Drahtseilakt<\/h2>\n\n\n\n<p>Der Alltag auf dem Hof zeigt aber auch, wie schwierig ein solches Modell ist: Teilzeitpensen sind die Regel, einige Mitarbeitende wohnen extern, m\u00fcssen Mieten zahlen \u2013 von einem Lohn, der bei den meisten alleine kaum f\u00fcr den Lebensunterhalt reicht. \u00abMan kann aus einem kreativen Hof wie diesem nicht f\u00fcr drei oder vier Personen je eine Monatsmiete von 2\u2019500 Franken erwirtschaften \u2013 das ist aktuell in der Landwirtschaft unm\u00f6glich\u00bb, so Christian Schmutz vom Hofteam.<\/p>\n\n\n\n<p>Ausserdem steht das Raumplanungsgesetz im Weg: \u00abObwohl viele H\u00f6fe in der Regel mehr Platz bieten w\u00fcrden, d\u00fcrfen heute ein bis maximal zwei Wohnungen bewilligt werden\u00bb, kritisierte er. \u00abIch hoffe, dass Projekte wie unseres mittelfristig den Weg ebnen, dass auf einem Landwirtschaftsbetrieb mehr Leuten Wohnraum geboten werden kann \u2013 da sind die Raumplanungs\u00e4mter in Zukunft gefordert\u00bb, meinte Christian Schmutz weiter.<\/p>\n\n\n\n<p>So braucht eine nachhaltige Landwirtschaft nicht nur \u00f6kologische Innovation, sondern auch soziale Absicherung. \u00abWir m\u00fcssen Strukturen schaffen, in denen man von der Arbeit auf dem Hof auch leben kann \u2013 auch im Team\u00bb, best\u00e4tigte Maya Graf.<\/p>\n\n\n\n<h2 class=\"wp-block-heading\">Linsen als Sinnbild: Politisch erw\u00fcnscht, praktisch untragbar<\/h2>\n\n\n\n<p>Die fehlende Rentabilit\u00e4t trifft aber nicht nur Biobetriebe. Auch konventionelle H\u00f6fe k\u00e4mpfen mit tiefen Lebensmittelpreisen und fehlenden Perspektiven. \u00abDie Lebensmittelpreise sind viel zu billig f\u00fcr das, was an Arbeit dahintersteckt\u00bb, bekr\u00e4ftige auch Maya Graf. \u00abDann sind wir wieder bei einem altbekannten Thema: m\u00f6glichst viel zu produzieren, um auf einen h\u00f6heren wirtschaftlichen Gewinn zu kommen, damit man \u00fcberhaupt von der Arbeit in der Landwirtschaft leben kann \u2013 und das ist einfach der falsche Ansatz\u00bb, pl\u00e4dierte sie weiter.<\/p>\n\n\n\n<p>Ein Beispiel f\u00fcr wirtschaftliche Windm\u00fchlen: Der Anbau von Linsen. Der Bund empfiehlt mehr H\u00fclsenfr\u00fcchte zu essen \u2013 aus gesundheitlichen und \u00f6kologischen Gr\u00fcnden. Aber wer Linsen in der Schweiz anbaut, tut dies gegen die wirtschaftliche Logik. \u00abDie Infrastruktur fehlt, die Sammelstellen k\u00f6nnen sie nicht trocknen, die Verarbeitung ist aufw\u00e4ndig\u00bb, erkl\u00e4rte Anders Gautschi, Gesch\u00e4ftsf\u00fchrer von Biovision. \u00abUnd der Einzelkulturbeitrag reicht nicht aus, um den Anbau wirtschaftlich attraktiv zu machen\u00bb, erg\u00e4nzte er.<\/p>\n\n\n\n<p>\u00abLeuchtt\u00fcrme wie der Hof Rinderbrunnen existieren nicht wegen, sondern trotz der Rahmenbedingungen\u00bb, so Anders Gautschi.<\/p>\n\n\n\n<h2 class=\"wp-block-heading\">Politik (noch) im R\u00fcckw\u00e4rtsgang<\/h2>\n\n\n\n<p>Dabei g\u00e4be es L\u00f6sungen. Die Agrarpolitik 2030+ k\u00f6nnte eine Wende einleiten. \u00abAllerdings gibt es einen R\u00fcckw\u00e4rtsgang in der Politik\u00bb, kritisiert Maya Graf. \u00ab\u00d6kologie und Produktion gegeneinander auszuspielen ist nicht zukunftsf\u00e4hig \u2013 Brot und Blumen geh\u00f6ren zusammen\u00bb, pl\u00e4diert sie.<\/p>\n\n\n\n<p>Dass die Politik mehr an einem Strick und in die gleiche Richtung zieht, das w\u00fcnscht sich auch Christian Schmutz vom Hofteam: \u00abIch w\u00fcnsche mir, dass die Politik L\u00f6sungen findet und M\u00f6glichkeiten schafft, bei denen alle mitmachen, damit wir als gesamte Landwirtschaft funktionieren und den Nachhaltigkeitspfad \u2013 und zwar \u00f6kologisch, wirtschaftlich und sozial \u2013 konsequent beschreiten k\u00f6nnen.\u00bb<\/p>\n\n\n\n<p>Dazu geh\u00f6rt laut Stephan Gysi vom Rinderbrunnen-Hofteam auch eine Vereinfachung im Bereich der finanziellen Unterst\u00fctzung f\u00fcr innovative Projekte. F\u00f6rdermittel f\u00fcr entsprechende Projekte w\u00fcrden oft an b\u00fcrokratischen H\u00fcrden scheitern. \u00abEs gibt zwar viele F\u00f6rdert\u00f6pfe \u2013 die haben in der Regel aber enorm rigide Richtlinien und Kriterien, die man erf\u00fcllen muss, damit man finanzierungsf\u00e4hig wird und die Antr\u00e4ge sind immer hochkomplex\u00bb, erkl\u00e4rte er. So w\u00fcrde Innovation von B\u00fcrokratie ausgebremst. \u00abDa w\u00fcrde ich mir mehr niederschwellige Finanzierungsm\u00f6glichkeiten w\u00fcnschen \u2013 ohne 7\u2019000 Richtlinien, die man erf\u00fcllen muss\u00bb, so Stephan Gysi.<\/p>\n\n\n\n<p>Und auch Luzia G\u00f6tz, die auf dem Hof Rinderbrunnen unter anderem f\u00fcr den Gem\u00fcsebau verantwortlich ist, hat klare Forderungen an die Politik und die Gesellschaft: \u00abIch w\u00fcrde mir w\u00fcnschen, dass man das Augenmerk mehr auf Qualit\u00e4t und nicht auf Masse legen w\u00fcrde\u00bb, sagte sie. Der Anspruch, Schweizerinnen und Schweizer m\u00fcssten g\u00fcnstige Lebensmittel haben, sei daneben. So brauche es unter anderem einen besseren Lebensmittelpreis. \u00abUnser Essen macht nur noch 6 Prozent des Warenkorbs aus \u2013 das ist absurd\u00bb, so die junge Frau. Wenn das Produkt und die Arbeit wieder \u00fcber den Preis wertgesch\u00e4tzt w\u00fcrden, dann w\u00fcrde die Landwirtschaft auch wieder ein attraktiver Arbeitsort werden, meinte Luzia G\u00f6tz \u00fcberzeugt: \u00abEs ist ein sch\u00f6ner Beruf, aber wenn man davon nicht leben kann, bleibt man nicht in der Landwirtschaft oder f\u00e4ngt gar nicht erst an.\u00bb<\/p>\n\n\n\n<p><a href=\"https:\/\/www.lid.ch\/artikel\/gemeinsam-statt-einsam-und-trotzdem-kaum-tragbar\" target=\"_blank\" rel=\"noreferrer noopener\">Link zum Artikel bei LID<\/a><\/p>","protected":false},"excerpt":{"rendered":"<p>Text von www.lid.ch: Der Hof Rinderbrunnen zeigt, wie vielf\u00e4ltig und gemeinschaftlich Landwirtschaft gestaltet werden kann \u2013 und wie schwierig es ist, davon zu leben. Ein Medienanlass zur Agrarpolitik 2030+ machte deutlich: F\u00fcr eine zukunftsf\u00e4hige Landwirtschaft braucht es mehr als gute Ideen \u2013 es braucht politische L\u00f6sungen, die \u00f6kologisches Handeln auch sozial und wirtschaftlich m\u00f6glich machen. [&hellip;]<\/p>\n","protected":false},"author":2,"featured_media":36433,"comment_status":"closed","ping_status":"closed","sticky":false,"template":"","format":"standard","meta":{"_acf_changed":false,"site-sidebar-layout":"default","site-content-layout":"","ast-site-content-layout":"default","site-content-style":"default","site-sidebar-style":"default","ast-global-header-display":"","ast-banner-title-visibility":"","ast-main-header-display":"","ast-hfb-above-header-display":"","ast-hfb-below-header-display":"","ast-hfb-mobile-header-display":"","site-post-title":"","ast-breadcrumbs-content":"","ast-featured-img":"","footer-sml-layout":"","ast-disable-related-posts":"","theme-transparent-header-meta":"","adv-header-id-meta":"","stick-header-meta":"","header-above-stick-meta":"","header-main-stick-meta":"","header-below-stick-meta":"","astra-migrate-meta-layouts":"set","ast-page-background-enabled":"default","ast-page-background-meta":{"desktop":{"background-color":"var(--ast-global-color-4)","background-image":"","background-repeat":"repeat","background-position":"center center","background-size":"auto","background-attachment":"scroll","background-type":"","background-media":"","overlay-type":"","overlay-color":"","overlay-opacity":"","overlay-gradient":""},"tablet":{"background-color":"","background-image":"","background-repeat":"repeat","background-position":"center center","background-size":"auto","background-attachment":"scroll","background-type":"","background-media":"","overlay-type":"","overlay-color":"","overlay-opacity":"","overlay-gradient":""},"mobile":{"background-color":"","background-image":"","background-repeat":"repeat","background-position":"center center","background-size":"auto","background-attachment":"scroll","background-type":"","background-media":"","overlay-type":"","overlay-color":"","overlay-opacity":"","overlay-gradient":""}},"ast-content-background-meta":{"desktop":{"background-color":"var(--ast-global-color-5)","background-image":"","background-repeat":"repeat","background-position":"center center","background-size":"auto","background-attachment":"scroll","background-type":"","background-media":"","overlay-type":"","overlay-color":"","overlay-opacity":"","overlay-gradient":""},"tablet":{"background-color":"var(--ast-global-color-5)","background-image":"","background-repeat":"repeat","background-position":"center center","background-size":"auto","background-attachment":"scroll","background-type":"","background-media":"","overlay-type":"","overlay-color":"","overlay-opacity":"","overlay-gradient":""},"mobile":{"background-color":"var(--ast-global-color-5)","background-image":"","background-repeat":"repeat","background-position":"center center","background-size":"auto","background-attachment":"scroll","background-type":"","background-media":"","overlay-type":"","overlay-color":"","overlay-opacity":"","overlay-gradient":""}},"footnotes":""},"categories":[22],"tags":[688,687,38,689],"class_list":["post-36431","post","type-post","status-publish","format-standard","has-post-thumbnail","hentry","category-neuigkeit","tag-gemeinschaftlich","tag-hof-rinderbrunnen","tag-landwirtschaft","tag-vielfaeltig"],"acf":[],"yoast_head":"<!-- This site is optimized with the Yoast SEO plugin v27.5 - https:\/\/yoast.com\/product\/yoast-seo-wordpress\/ -->\n<title>Gemeinsam statt einsam \u2013 und trotzdem kaum tragbar - Artikel vom 23. April 2025 - Permakultur-Landwirtschaft<\/title>\n<meta name=\"description\" content=\"Der Hof Rinderbrunnen zeigt, wie vielf\u00e4ltig und gemeinschaftlich Landwirtschaft gestaltet werden kann und wie schwierig es ist davon zu leben\" \/>\n<meta name=\"robots\" content=\"index, follow, max-snippet:-1, max-image-preview:large, max-video-preview:-1\" \/>\n<link rel=\"canonical\" href=\"https:\/\/permakultur-landwirtschaft.org\/fr\/gemeinsam-statt-einsam-und-trotzdem-kaum-tragbar-artikel-vom-23-april-2025\/\" \/>\n<meta property=\"og:locale\" content=\"fr_FR\" \/>\n<meta property=\"og:type\" content=\"article\" \/>\n<meta property=\"og:title\" content=\"Gemeinsam statt einsam \u2013 und trotzdem kaum tragbar - Artikel vom 23. April 2025 - Permakultur-Landwirtschaft\" \/>\n<meta property=\"og:description\" content=\"Der Hof Rinderbrunnen zeigt, wie vielf\u00e4ltig und gemeinschaftlich Landwirtschaft gestaltet werden kann und wie schwierig es ist davon zu leben\" \/>\n<meta property=\"og:url\" content=\"https:\/\/permakultur-landwirtschaft.org\/fr\/gemeinsam-statt-einsam-und-trotzdem-kaum-tragbar-artikel-vom-23-april-2025\/\" \/>\n<meta property=\"og:site_name\" content=\"Permakultur-Landwirtschaft\" \/>\n<meta property=\"article:publisher\" content=\"https:\/\/www.facebook.com\/PermakulturLandwirtschaft\" \/>\n<meta property=\"article:published_time\" content=\"2025-04-23T08:26:17+00:00\" \/>\n<meta property=\"article:modified_time\" content=\"2025-04-28T08:33:43+00:00\" \/>\n<meta property=\"og:image\" content=\"https:\/\/permakultur-landwirtschaft.org\/wp-content\/uploads\/2025\/04\/2025_medienanlass-biovision_nachhaltige-landwirtschaft_hof-rinderbrunnen_stephangysi-elvira-martinfrei-judithfrei-christianschmutz-nadinenitzsche-luziagoetz_zvg.jpg\" \/>\n\t<meta property=\"og:image:width\" content=\"700\" \/>\n\t<meta property=\"og:image:height\" content=\"742\" \/>\n\t<meta property=\"og:image:type\" content=\"image\/jpeg\" \/>\n<meta name=\"author\" content=\"adrian reutimann\" \/>\n<meta name=\"twitter:card\" content=\"summary_large_image\" \/>\n<meta name=\"twitter:label1\" content=\"\u00c9crit par\" \/>\n\t<meta name=\"twitter:data1\" content=\"adrian reutimann\" \/>\n\t<meta name=\"twitter:label2\" content=\"Dur\u00e9e de lecture estim\u00e9e\" \/>\n\t<meta name=\"twitter:data2\" content=\"7 minutes\" \/>\n<script type=\"application\/ld+json\" class=\"yoast-schema-graph\">{\"@context\":\"https:\\\/\\\/schema.org\",\"@graph\":[{\"@type\":\"Article\",\"@id\":\"https:\\\/\\\/permakultur-landwirtschaft.org\\\/gemeinsam-statt-einsam-und-trotzdem-kaum-tragbar-artikel-vom-23-april-2025\\\/#article\",\"isPartOf\":{\"@id\":\"https:\\\/\\\/permakultur-landwirtschaft.org\\\/gemeinsam-statt-einsam-und-trotzdem-kaum-tragbar-artikel-vom-23-april-2025\\\/\"},\"author\":{\"name\":\"adrian reutimann\",\"@id\":\"https:\\\/\\\/permakultur-landwirtschaft.org\\\/#\\\/schema\\\/person\\\/6b0467872f75aed3e144093f9bf4f0b0\"},\"headline\":\"Gemeinsam statt einsam \u2013 und trotzdem kaum tragbar &#8211; Artikel vom 23. April 2025\",\"datePublished\":\"2025-04-23T08:26:17+00:00\",\"dateModified\":\"2025-04-28T08:33:43+00:00\",\"mainEntityOfPage\":{\"@id\":\"https:\\\/\\\/permakultur-landwirtschaft.org\\\/gemeinsam-statt-einsam-und-trotzdem-kaum-tragbar-artikel-vom-23-april-2025\\\/\"},\"wordCount\":1246,\"publisher\":{\"@id\":\"https:\\\/\\\/permakultur-landwirtschaft.org\\\/#organization\"},\"image\":{\"@id\":\"https:\\\/\\\/permakultur-landwirtschaft.org\\\/gemeinsam-statt-einsam-und-trotzdem-kaum-tragbar-artikel-vom-23-april-2025\\\/#primaryimage\"},\"thumbnailUrl\":\"https:\\\/\\\/permakultur-landwirtschaft.org\\\/wp-content\\\/uploads\\\/2025\\\/04\\\/2025_medienanlass-biovision_nachhaltige-landwirtschaft_hof-rinderbrunnen_stephangysi-elvira-martinfrei-judithfrei-christianschmutz-nadinenitzsche-luziagoetz_zvg.jpg\",\"keywords\":[\"Gemeinschaftlich\",\"Hof Rinderbrunnen\",\"Landwirtschaft\",\"Vielf\u00e4ltig\"],\"articleSection\":[\"Neuigkeit\"],\"inLanguage\":\"fr-FR\"},{\"@type\":\"WebPage\",\"@id\":\"https:\\\/\\\/permakultur-landwirtschaft.org\\\/gemeinsam-statt-einsam-und-trotzdem-kaum-tragbar-artikel-vom-23-april-2025\\\/\",\"url\":\"https:\\\/\\\/permakultur-landwirtschaft.org\\\/gemeinsam-statt-einsam-und-trotzdem-kaum-tragbar-artikel-vom-23-april-2025\\\/\",\"name\":\"Gemeinsam statt einsam \u2013 und trotzdem kaum tragbar - Artikel vom 23. April 2025 - Permakultur-Landwirtschaft\",\"isPartOf\":{\"@id\":\"https:\\\/\\\/permakultur-landwirtschaft.org\\\/#website\"},\"primaryImageOfPage\":{\"@id\":\"https:\\\/\\\/permakultur-landwirtschaft.org\\\/gemeinsam-statt-einsam-und-trotzdem-kaum-tragbar-artikel-vom-23-april-2025\\\/#primaryimage\"},\"image\":{\"@id\":\"https:\\\/\\\/permakultur-landwirtschaft.org\\\/gemeinsam-statt-einsam-und-trotzdem-kaum-tragbar-artikel-vom-23-april-2025\\\/#primaryimage\"},\"thumbnailUrl\":\"https:\\\/\\\/permakultur-landwirtschaft.org\\\/wp-content\\\/uploads\\\/2025\\\/04\\\/2025_medienanlass-biovision_nachhaltige-landwirtschaft_hof-rinderbrunnen_stephangysi-elvira-martinfrei-judithfrei-christianschmutz-nadinenitzsche-luziagoetz_zvg.jpg\",\"datePublished\":\"2025-04-23T08:26:17+00:00\",\"dateModified\":\"2025-04-28T08:33:43+00:00\",\"description\":\"Der Hof Rinderbrunnen zeigt, wie vielf\u00e4ltig und gemeinschaftlich Landwirtschaft gestaltet werden kann und wie schwierig es ist davon zu leben\",\"breadcrumb\":{\"@id\":\"https:\\\/\\\/permakultur-landwirtschaft.org\\\/gemeinsam-statt-einsam-und-trotzdem-kaum-tragbar-artikel-vom-23-april-2025\\\/#breadcrumb\"},\"inLanguage\":\"fr-FR\",\"potentialAction\":[{\"@type\":\"ReadAction\",\"target\":[\"https:\\\/\\\/permakultur-landwirtschaft.org\\\/gemeinsam-statt-einsam-und-trotzdem-kaum-tragbar-artikel-vom-23-april-2025\\\/\"]}]},{\"@type\":\"ImageObject\",\"inLanguage\":\"fr-FR\",\"@id\":\"https:\\\/\\\/permakultur-landwirtschaft.org\\\/gemeinsam-statt-einsam-und-trotzdem-kaum-tragbar-artikel-vom-23-april-2025\\\/#primaryimage\",\"url\":\"https:\\\/\\\/permakultur-landwirtschaft.org\\\/wp-content\\\/uploads\\\/2025\\\/04\\\/2025_medienanlass-biovision_nachhaltige-landwirtschaft_hof-rinderbrunnen_stephangysi-elvira-martinfrei-judithfrei-christianschmutz-nadinenitzsche-luziagoetz_zvg.jpg\",\"contentUrl\":\"https:\\\/\\\/permakultur-landwirtschaft.org\\\/wp-content\\\/uploads\\\/2025\\\/04\\\/2025_medienanlass-biovision_nachhaltige-landwirtschaft_hof-rinderbrunnen_stephangysi-elvira-martinfrei-judithfrei-christianschmutz-nadinenitzsche-luziagoetz_zvg.jpg\",\"width\":700,\"height\":742,\"caption\":\"Bild: Biovision\"},{\"@type\":\"BreadcrumbList\",\"@id\":\"https:\\\/\\\/permakultur-landwirtschaft.org\\\/gemeinsam-statt-einsam-und-trotzdem-kaum-tragbar-artikel-vom-23-april-2025\\\/#breadcrumb\",\"itemListElement\":[{\"@type\":\"ListItem\",\"position\":1,\"name\":\"Startseite\",\"item\":\"https:\\\/\\\/permakultur-landwirtschaft.org\\\/\"},{\"@type\":\"ListItem\",\"position\":2,\"name\":\"Gemeinsam statt einsam \u2013 und trotzdem kaum tragbar &#8211; Artikel vom 23. April 2025\"}]},{\"@type\":\"WebSite\",\"@id\":\"https:\\\/\\\/permakultur-landwirtschaft.org\\\/#website\",\"url\":\"https:\\\/\\\/permakultur-landwirtschaft.org\\\/\",\"name\":\"Permakultur-Landwirtschaft\",\"description\":\"F\u00f6rderung der Permakultur in der Landwirtschaft\",\"publisher\":{\"@id\":\"https:\\\/\\\/permakultur-landwirtschaft.org\\\/#organization\"},\"potentialAction\":[{\"@type\":\"SearchAction\",\"target\":{\"@type\":\"EntryPoint\",\"urlTemplate\":\"https:\\\/\\\/permakultur-landwirtschaft.org\\\/?s={search_term_string}\"},\"query-input\":{\"@type\":\"PropertyValueSpecification\",\"valueRequired\":true,\"valueName\":\"search_term_string\"}}],\"inLanguage\":\"fr-FR\"},{\"@type\":\"Organization\",\"@id\":\"https:\\\/\\\/permakultur-landwirtschaft.org\\\/#organization\",\"name\":\"Permakultur-Landwirtschaft\",\"alternateName\":\"Verein Permakultur-Landwirtschaft\",\"url\":\"https:\\\/\\\/permakultur-landwirtschaft.org\\\/\",\"logo\":{\"@type\":\"ImageObject\",\"inLanguage\":\"fr-FR\",\"@id\":\"https:\\\/\\\/permakultur-landwirtschaft.org\\\/#\\\/schema\\\/logo\\\/image\\\/\",\"url\":\"https:\\\/\\\/permakultur-landwirtschaft.org\\\/wp-content\\\/uploads\\\/2021\\\/11\\\/pela_1268x1269.png\",\"contentUrl\":\"https:\\\/\\\/permakultur-landwirtschaft.org\\\/wp-content\\\/uploads\\\/2021\\\/11\\\/pela_1268x1269.png\",\"width\":1298,\"height\":1269,\"caption\":\"Permakultur-Landwirtschaft\"},\"image\":{\"@id\":\"https:\\\/\\\/permakultur-landwirtschaft.org\\\/#\\\/schema\\\/logo\\\/image\\\/\"},\"sameAs\":[\"https:\\\/\\\/www.facebook.com\\\/PermakulturLandwirtschaft\",\"https:\\\/\\\/www.instagram.com\\\/permakultur_landwirtschaft\\\/\",\"https:\\\/\\\/www.flickr.com\\\/photos\\\/permakultur-landwirtschaft\",\"https:\\\/\\\/www.youtube.com\\\/@PermakulturLandwirtschaft\"]},{\"@type\":\"Person\",\"@id\":\"https:\\\/\\\/permakultur-landwirtschaft.org\\\/#\\\/schema\\\/person\\\/6b0467872f75aed3e144093f9bf4f0b0\",\"name\":\"adrian reutimann\",\"url\":\"https:\\\/\\\/permakultur-landwirtschaft.org\\\/fr\\\/author\\\/reutiadr\\\/\"}]}<\/script>\n<!-- \/ Yoast SEO plugin. -->","yoast_head_json":{"title":"Gemeinsam statt einsam \u2013 und trotzdem kaum tragbar - Artikel vom 23. April 2025 - Permakultur-Landwirtschaft","description":"Der Hof Rinderbrunnen zeigt, wie vielf\u00e4ltig und gemeinschaftlich Landwirtschaft gestaltet werden kann und wie schwierig es ist davon zu leben","robots":{"index":"index","follow":"follow","max-snippet":"max-snippet:-1","max-image-preview":"max-image-preview:large","max-video-preview":"max-video-preview:-1"},"canonical":"https:\/\/permakultur-landwirtschaft.org\/fr\/gemeinsam-statt-einsam-und-trotzdem-kaum-tragbar-artikel-vom-23-april-2025\/","og_locale":"fr_FR","og_type":"article","og_title":"Gemeinsam statt einsam \u2013 und trotzdem kaum tragbar - Artikel vom 23. April 2025 - Permakultur-Landwirtschaft","og_description":"Der Hof Rinderbrunnen zeigt, wie vielf\u00e4ltig und gemeinschaftlich Landwirtschaft gestaltet werden kann und wie schwierig es ist davon zu leben","og_url":"https:\/\/permakultur-landwirtschaft.org\/fr\/gemeinsam-statt-einsam-und-trotzdem-kaum-tragbar-artikel-vom-23-april-2025\/","og_site_name":"Permakultur-Landwirtschaft","article_publisher":"https:\/\/www.facebook.com\/PermakulturLandwirtschaft","article_published_time":"2025-04-23T08:26:17+00:00","article_modified_time":"2025-04-28T08:33:43+00:00","og_image":[{"width":700,"height":742,"url":"https:\/\/permakultur-landwirtschaft.org\/wp-content\/uploads\/2025\/04\/2025_medienanlass-biovision_nachhaltige-landwirtschaft_hof-rinderbrunnen_stephangysi-elvira-martinfrei-judithfrei-christianschmutz-nadinenitzsche-luziagoetz_zvg.jpg","type":"image\/jpeg"}],"author":"adrian reutimann","twitter_card":"summary_large_image","twitter_misc":{"\u00c9crit par":"adrian reutimann","Dur\u00e9e de lecture estim\u00e9e":"7 minutes"},"schema":{"@context":"https:\/\/schema.org","@graph":[{"@type":"Article","@id":"https:\/\/permakultur-landwirtschaft.org\/gemeinsam-statt-einsam-und-trotzdem-kaum-tragbar-artikel-vom-23-april-2025\/#article","isPartOf":{"@id":"https:\/\/permakultur-landwirtschaft.org\/gemeinsam-statt-einsam-und-trotzdem-kaum-tragbar-artikel-vom-23-april-2025\/"},"author":{"name":"adrian reutimann","@id":"https:\/\/permakultur-landwirtschaft.org\/#\/schema\/person\/6b0467872f75aed3e144093f9bf4f0b0"},"headline":"Gemeinsam statt einsam \u2013 und trotzdem kaum tragbar &#8211; Artikel vom 23. April 2025","datePublished":"2025-04-23T08:26:17+00:00","dateModified":"2025-04-28T08:33:43+00:00","mainEntityOfPage":{"@id":"https:\/\/permakultur-landwirtschaft.org\/gemeinsam-statt-einsam-und-trotzdem-kaum-tragbar-artikel-vom-23-april-2025\/"},"wordCount":1246,"publisher":{"@id":"https:\/\/permakultur-landwirtschaft.org\/#organization"},"image":{"@id":"https:\/\/permakultur-landwirtschaft.org\/gemeinsam-statt-einsam-und-trotzdem-kaum-tragbar-artikel-vom-23-april-2025\/#primaryimage"},"thumbnailUrl":"https:\/\/permakultur-landwirtschaft.org\/wp-content\/uploads\/2025\/04\/2025_medienanlass-biovision_nachhaltige-landwirtschaft_hof-rinderbrunnen_stephangysi-elvira-martinfrei-judithfrei-christianschmutz-nadinenitzsche-luziagoetz_zvg.jpg","keywords":["Gemeinschaftlich","Hof Rinderbrunnen","Landwirtschaft","Vielf\u00e4ltig"],"articleSection":["Neuigkeit"],"inLanguage":"fr-FR"},{"@type":"WebPage","@id":"https:\/\/permakultur-landwirtschaft.org\/gemeinsam-statt-einsam-und-trotzdem-kaum-tragbar-artikel-vom-23-april-2025\/","url":"https:\/\/permakultur-landwirtschaft.org\/gemeinsam-statt-einsam-und-trotzdem-kaum-tragbar-artikel-vom-23-april-2025\/","name":"Gemeinsam statt einsam \u2013 und trotzdem kaum tragbar - Artikel vom 23. April 2025 - Permakultur-Landwirtschaft","isPartOf":{"@id":"https:\/\/permakultur-landwirtschaft.org\/#website"},"primaryImageOfPage":{"@id":"https:\/\/permakultur-landwirtschaft.org\/gemeinsam-statt-einsam-und-trotzdem-kaum-tragbar-artikel-vom-23-april-2025\/#primaryimage"},"image":{"@id":"https:\/\/permakultur-landwirtschaft.org\/gemeinsam-statt-einsam-und-trotzdem-kaum-tragbar-artikel-vom-23-april-2025\/#primaryimage"},"thumbnailUrl":"https:\/\/permakultur-landwirtschaft.org\/wp-content\/uploads\/2025\/04\/2025_medienanlass-biovision_nachhaltige-landwirtschaft_hof-rinderbrunnen_stephangysi-elvira-martinfrei-judithfrei-christianschmutz-nadinenitzsche-luziagoetz_zvg.jpg","datePublished":"2025-04-23T08:26:17+00:00","dateModified":"2025-04-28T08:33:43+00:00","description":"Der Hof Rinderbrunnen zeigt, wie vielf\u00e4ltig und gemeinschaftlich Landwirtschaft gestaltet werden kann und wie schwierig es ist davon zu leben","breadcrumb":{"@id":"https:\/\/permakultur-landwirtschaft.org\/gemeinsam-statt-einsam-und-trotzdem-kaum-tragbar-artikel-vom-23-april-2025\/#breadcrumb"},"inLanguage":"fr-FR","potentialAction":[{"@type":"ReadAction","target":["https:\/\/permakultur-landwirtschaft.org\/gemeinsam-statt-einsam-und-trotzdem-kaum-tragbar-artikel-vom-23-april-2025\/"]}]},{"@type":"ImageObject","inLanguage":"fr-FR","@id":"https:\/\/permakultur-landwirtschaft.org\/gemeinsam-statt-einsam-und-trotzdem-kaum-tragbar-artikel-vom-23-april-2025\/#primaryimage","url":"https:\/\/permakultur-landwirtschaft.org\/wp-content\/uploads\/2025\/04\/2025_medienanlass-biovision_nachhaltige-landwirtschaft_hof-rinderbrunnen_stephangysi-elvira-martinfrei-judithfrei-christianschmutz-nadinenitzsche-luziagoetz_zvg.jpg","contentUrl":"https:\/\/permakultur-landwirtschaft.org\/wp-content\/uploads\/2025\/04\/2025_medienanlass-biovision_nachhaltige-landwirtschaft_hof-rinderbrunnen_stephangysi-elvira-martinfrei-judithfrei-christianschmutz-nadinenitzsche-luziagoetz_zvg.jpg","width":700,"height":742,"caption":"Bild: Biovision"},{"@type":"BreadcrumbList","@id":"https:\/\/permakultur-landwirtschaft.org\/gemeinsam-statt-einsam-und-trotzdem-kaum-tragbar-artikel-vom-23-april-2025\/#breadcrumb","itemListElement":[{"@type":"ListItem","position":1,"name":"Startseite","item":"https:\/\/permakultur-landwirtschaft.org\/"},{"@type":"ListItem","position":2,"name":"Gemeinsam statt einsam \u2013 und trotzdem kaum tragbar &#8211; Artikel vom 23. April 2025"}]},{"@type":"WebSite","@id":"https:\/\/permakultur-landwirtschaft.org\/#website","url":"https:\/\/permakultur-landwirtschaft.org\/","name":"Permakultur-Landwirtschaft","description":"F\u00f6rderung der Permakultur in der Landwirtschaft","publisher":{"@id":"https:\/\/permakultur-landwirtschaft.org\/#organization"},"potentialAction":[{"@type":"SearchAction","target":{"@type":"EntryPoint","urlTemplate":"https:\/\/permakultur-landwirtschaft.org\/?s={search_term_string}"},"query-input":{"@type":"PropertyValueSpecification","valueRequired":true,"valueName":"search_term_string"}}],"inLanguage":"fr-FR"},{"@type":"Organization","@id":"https:\/\/permakultur-landwirtschaft.org\/#organization","name":"Permakultur-Landwirtschaft","alternateName":"Verein Permakultur-Landwirtschaft","url":"https:\/\/permakultur-landwirtschaft.org\/","logo":{"@type":"ImageObject","inLanguage":"fr-FR","@id":"https:\/\/permakultur-landwirtschaft.org\/#\/schema\/logo\/image\/","url":"https:\/\/permakultur-landwirtschaft.org\/wp-content\/uploads\/2021\/11\/pela_1268x1269.png","contentUrl":"https:\/\/permakultur-landwirtschaft.org\/wp-content\/uploads\/2021\/11\/pela_1268x1269.png","width":1298,"height":1269,"caption":"Permakultur-Landwirtschaft"},"image":{"@id":"https:\/\/permakultur-landwirtschaft.org\/#\/schema\/logo\/image\/"},"sameAs":["https:\/\/www.facebook.com\/PermakulturLandwirtschaft","https:\/\/www.instagram.com\/permakultur_landwirtschaft\/","https:\/\/www.flickr.com\/photos\/permakultur-landwirtschaft","https:\/\/www.youtube.com\/@PermakulturLandwirtschaft"]},{"@type":"Person","@id":"https:\/\/permakultur-landwirtschaft.org\/#\/schema\/person\/6b0467872f75aed3e144093f9bf4f0b0","name":"adrian reutimann","url":"https:\/\/permakultur-landwirtschaft.org\/fr\/author\/reutiadr\/"}]}},"_links":{"self":[{"href":"https:\/\/permakultur-landwirtschaft.org\/fr\/wp-json\/wp\/v2\/posts\/36431","targetHints":{"allow":["GET"]}}],"collection":[{"href":"https:\/\/permakultur-landwirtschaft.org\/fr\/wp-json\/wp\/v2\/posts"}],"about":[{"href":"https:\/\/permakultur-landwirtschaft.org\/fr\/wp-json\/wp\/v2\/types\/post"}],"author":[{"embeddable":true,"href":"https:\/\/permakultur-landwirtschaft.org\/fr\/wp-json\/wp\/v2\/users\/2"}],"replies":[{"embeddable":true,"href":"https:\/\/permakultur-landwirtschaft.org\/fr\/wp-json\/wp\/v2\/comments?post=36431"}],"version-history":[{"count":1,"href":"https:\/\/permakultur-landwirtschaft.org\/fr\/wp-json\/wp\/v2\/posts\/36431\/revisions"}],"predecessor-version":[{"id":36432,"href":"https:\/\/permakultur-landwirtschaft.org\/fr\/wp-json\/wp\/v2\/posts\/36431\/revisions\/36432"}],"wp:featuredmedia":[{"embeddable":true,"href":"https:\/\/permakultur-landwirtschaft.org\/fr\/wp-json\/wp\/v2\/media\/36433"}],"wp:attachment":[{"href":"https:\/\/permakultur-landwirtschaft.org\/fr\/wp-json\/wp\/v2\/media?parent=36431"}],"wp:term":[{"taxonomy":"category","embeddable":true,"href":"https:\/\/permakultur-landwirtschaft.org\/fr\/wp-json\/wp\/v2\/categories?post=36431"},{"taxonomy":"post_tag","embeddable":true,"href":"https:\/\/permakultur-landwirtschaft.org\/fr\/wp-json\/wp\/v2\/tags?post=36431"}],"curies":[{"name":"wp","href":"https:\/\/api.w.org\/{rel}","templated":true}]}}