{"id":36297,"date":"2025-04-14T11:15:32","date_gmt":"2025-04-14T09:15:32","guid":{"rendered":"https:\/\/permakultur-landwirtschaft.org\/?p=36297"},"modified":"2025-04-14T11:15:33","modified_gmt":"2025-04-14T09:15:33","slug":"bio-kultur-und-fachreise-nach-oesterreich-vom-09-bis-13-juni-2025","status":"publish","type":"post","link":"https:\/\/permakultur-landwirtschaft.org\/fr\/bio-kultur-und-fachreise-nach-oesterreich-vom-09-bis-13-juni-2025\/","title":{"rendered":"Bio Kultur und Fachreise nach \u00d6sterreich vom 09. bis 13. Juni 2025"},"content":{"rendered":"<p>Text von www.biohof-frohberg.ch:<\/p>\n\n\n\n<h2 class=\"wp-block-heading\">Reise zu den Biopionieren \u00d6sterreichs 9. \u2013 13. Juni 2025<\/h2>\n\n\n\n<p><strong>Mauracher HOF (Sarleinsbach Ober\u00f6sterreich) <\/strong><\/p>\n\n\n\n<p>Bei uns am Mauracherhof, s\u00e4en, pflegen, ernten und vermarkten wir unser Getreide ohne Industrialisierung. Die biologische Landwirtschaft verf\u00fcgt \u00fcber ca. 70 Hektar Acker- und Wiesenfl\u00e4che sowie 28 Hektar Wald. Mit etwa 70 K\u00fchen wird Milch produziert. 1996 als Zusammenschluss von 5 Bio-Bauern gegr\u00fcndet, stellt die Getreideaufbereitung heute mit ihren rund 100 Stammlieferanten die Basis f\u00fcr die Bio-Hofb\u00e4ckerei dar. Das frische Mahlen des ganzen Korns direkt in die Teigsch\u00fcssel erfolgt schlie\u00dflich \u00fcber unsere eigenen Getreidem\u00fchlen.<\/p>\n\n\n\n<p><strong>ReinSaat <\/strong><\/p>\n\n\n\n<p>Seit 1998 setzt sich ReinSaat mit gro\u00dfem Engagement f\u00fcr ein breites Sortiment an samenfestem bio-logischen Gem\u00fcse-, Kr\u00e4uter- und Blumensaatgut Sorten ein, die sowohl den Bed\u00fcrfnissen des Erwerbsgartenbaus als auch der Hausg\u00e4rten gerecht werden. Dabei legen wir besonderen Wert darauf, Qualit\u00e4t in Erscheinung, Geschmack und Aroma mit verl\u00e4sslicher Ertragssicherheit zu vereinen.<\/p>\n\n\n\n<p><strong>Krameterhof \u2013 Josef Holzer (Salzburg)<\/strong><\/p>\n\n\n\n<p>Schon seit den 70er Jahren ist der Krameterhof Freiluftlabor f\u00fcr Permakultur und alternative Landbewirtschaftung. Vater Sepp Holzer schlug unkonventionelle Wege ein und bekam den Ruf des Agrarrebellen. Er ver\u00f6ffentlichte diverse B\u00fccher und wurde zu einer bekannten Pers\u00f6nlichkeit in der Permakultur-Szene. 2009 \u00fcbernahm sein Sohn Josef Holzer den Hof und f\u00fchrt diesen mit viel Leidenschaft und Verantwortung. Josef erz\u00e4hlt uns \u00fcber die Geschichte des Hofes, gibt uns einen Einblick und erkl\u00e4rt seine Ansichten \u00fcber Permakultur. <\/p>\n\n\n\n<p><strong>Erster energieautarker Bauernhof in \u00d6sterreich 100% Autark: Energierebell Wolfgang L\u00f6ser<\/strong><\/p>\n\n\n\n<p>\u201eIch bin ein Suchender\u201c, gesteht der findige Landwirt, \u201eschon vor drei\u00dfig Jahren hatte ich die Vision vom energieautarken Bauernhof, der ausschlie\u00dflich erneuerbare Quellen nutzt.\u201c Heute werden W\u00e4rme, Strom und Kraftstoff selbst produziert.<\/p>\n\n\n\n<p><strong>Grandfarm &amp; Vermigrand \u2013 Alfred Grand Nieder\u00f6sterreich <\/strong><\/p>\n\n\n\n<p>Alfred Grand ist Bio-Ackerbauer, G\u00e4rtner und Unternehmer aus \u00d6sterreich. Alfred Grand ist Mitautor des Buches &#171;Biod\u00fcnger selber machen&#187;. Im Jahr 2019 wurde er als Mitglied des Missionsausschusses f\u00fcr Bodengesundheit und Ern\u00e4hrung f\u00fcr die Entwicklung einer Mission f\u00fcr Horizon Europe ausgew\u00e4hlt.<\/p>\n\n\n\n<p>GRAND FARM ist ein 90 Hektar gro\u00dfer Forschungs- und Demonstrationsbetrieb mit den Schwerpunkten Bodengesundheit, Agroforstwirtschaft und Gem\u00fcsebau. Im Jahr 2019 gr\u00fcndete Alfred den GRAND GARTEN, in dem ein Team junger Hochschulabsolventen das ganze Jahr \u00fcber Bio-Gem\u00fcse f\u00fcr den regionalen Markt anbaut und Forschungs- und Demonstrationsaktivit\u00e4ten durchf\u00fchrt.<\/p>\n\n\n\n<p>Die VERMIGRAND Naturprodukte GmbH stellt mit Hilfe von Regenw\u00fcrmern Kompost, organischen D\u00fcnger, Bodenverbesserungsmittel und torffreie Bodensubstrate her.<\/p>\n\n\n\n<p><a href=\"https:\/\/permakultur-landwirtschaft.org\/documents\/events\/20250609_Bio_Kultur_Fachreise_Juni_2025_Flyer.pdf\" target=\"_blank\" rel=\"noreferrer noopener\">Link zum Flyer<\/a><\/p>\n\n\n\n<p><a href=\"https:\/\/permakultur-landwirtschaft.org\/documents\/events\/20250609_Bio_Kultur_Fachreise_Juni_2025.pdf\" target=\"_blank\" rel=\"noreferrer noopener\">Link zu Details der Fachreise<\/a><\/p>","protected":false},"excerpt":{"rendered":"<p>Text von www.biohof-frohberg.ch: Reise zu den Biopionieren \u00d6sterreichs 9. \u2013 13. Juni 2025 Mauracher HOF (Sarleinsbach Ober\u00f6sterreich) Bei uns am Mauracherhof, s\u00e4en, pflegen, ernten und vermarkten wir unser Getreide ohne Industrialisierung. Die biologische Landwirtschaft verf\u00fcgt \u00fcber ca. 70 Hektar Acker- und Wiesenfl\u00e4che sowie 28 Hektar Wald. Mit etwa 70 K\u00fchen wird Milch produziert. 1996 als [&hellip;]<\/p>\n","protected":false},"author":2,"featured_media":36298,"comment_status":"closed","ping_status":"closed","sticky":false,"template":"","format":"standard","meta":{"_acf_changed":false,"site-sidebar-layout":"default","site-content-layout":"","ast-site-content-layout":"default","site-content-style":"default","site-sidebar-style":"default","ast-global-header-display":"","ast-banner-title-visibility":"","ast-main-header-display":"","ast-hfb-above-header-display":"","ast-hfb-below-header-display":"","ast-hfb-mobile-header-display":"","site-post-title":"","ast-breadcrumbs-content":"","ast-featured-img":"","footer-sml-layout":"","ast-disable-related-posts":"","theme-transparent-header-meta":"","adv-header-id-meta":"","stick-header-meta":"","header-above-stick-meta":"","header-main-stick-meta":"","header-below-stick-meta":"","astra-migrate-meta-layouts":"set","ast-page-background-enabled":"default","ast-page-background-meta":{"desktop":{"background-color":"var(--ast-global-color-4)","background-image":"","background-repeat":"repeat","background-position":"center center","background-size":"auto","background-attachment":"scroll","background-type":"","background-media":"","overlay-type":"","overlay-color":"","overlay-opacity":"","overlay-gradient":""},"tablet":{"background-color":"","background-image":"","background-repeat":"repeat","background-position":"center center","background-size":"auto","background-attachment":"scroll","background-type":"","background-media":"","overlay-type":"","overlay-color":"","overlay-opacity":"","overlay-gradient":""},"mobile":{"background-color":"","background-image":"","background-repeat":"repeat","background-position":"center center","background-size":"auto","background-attachment":"scroll","background-type":"","background-media":"","overlay-type":"","overlay-color":"","overlay-opacity":"","overlay-gradient":""}},"ast-content-background-meta":{"desktop":{"background-color":"var(--ast-global-color-5)","background-image":"","background-repeat":"repeat","background-position":"center center","background-size":"auto","background-attachment":"scroll","background-type":"","background-media":"","overlay-type":"","overlay-color":"","overlay-opacity":"","overlay-gradient":""},"tablet":{"background-color":"var(--ast-global-color-5)","background-image":"","background-repeat":"repeat","background-position":"center center","background-size":"auto","background-attachment":"scroll","background-type":"","background-media":"","overlay-type":"","overlay-color":"","overlay-opacity":"","overlay-gradient":""},"mobile":{"background-color":"var(--ast-global-color-5)","background-image":"","background-repeat":"repeat","background-position":"center center","background-size":"auto","background-attachment":"scroll","background-type":"","background-media":"","overlay-type":"","overlay-color":"","overlay-opacity":"","overlay-gradient":""}},"footnotes":""},"categories":[14],"tags":[662,665,660,661,667,405,406,663,96,17,664,666],"class_list":["post-36297","post","type-post","status-publish","format-standard","has-post-thumbnail","hentry","category-veranstaltung","tag-100-autark","tag-alfred-grand","tag-bio","tag-energierebell-wolfgang-loeser","tag-grandfarm","tag-josef-holzer","tag-krameterhof","tag-mauracher-hof","tag-oesterreich","tag-permakultur","tag-reinsaat","tag-vermigrand"],"acf":[],"yoast_head":"<!-- This site is optimized with the Yoast SEO plugin v27.5 - https:\/\/yoast.com\/product\/yoast-seo-wordpress\/ -->\n<title>Bio Kultur und Fachreise nach \u00d6sterreich vom 09. bis 13. Juni 2025 - Permakultur-Landwirtschaft<\/title>\n<meta name=\"description\" content=\"Reise zu den Biopionieren \u00d6sterreichs vom 9. \u2013 13. Juni 2025, u.a. zum Krameterhof \u2013 Josef Holzer und Grandfarm &amp; Vermigrand\" \/>\n<meta name=\"robots\" content=\"index, follow, max-snippet:-1, max-image-preview:large, max-video-preview:-1\" \/>\n<link rel=\"canonical\" href=\"https:\/\/permakultur-landwirtschaft.org\/fr\/bio-kultur-und-fachreise-nach-oesterreich-vom-09-bis-13-juni-2025\/\" \/>\n<meta property=\"og:locale\" content=\"fr_FR\" \/>\n<meta property=\"og:type\" content=\"article\" \/>\n<meta property=\"og:title\" content=\"Bio Kultur und Fachreise nach \u00d6sterreich vom 09. bis 13. Juni 2025 - Permakultur-Landwirtschaft\" \/>\n<meta property=\"og:description\" content=\"Reise zu den Biopionieren \u00d6sterreichs vom 9. \u2013 13. Juni 2025, u.a. zum Krameterhof \u2013 Josef Holzer und Grandfarm &amp; Vermigrand\" \/>\n<meta property=\"og:url\" content=\"https:\/\/permakultur-landwirtschaft.org\/fr\/bio-kultur-und-fachreise-nach-oesterreich-vom-09-bis-13-juni-2025\/\" \/>\n<meta property=\"og:site_name\" content=\"Permakultur-Landwirtschaft\" \/>\n<meta property=\"article:publisher\" content=\"https:\/\/www.facebook.com\/PermakulturLandwirtschaft\" \/>\n<meta property=\"article:published_time\" content=\"2025-04-14T09:15:32+00:00\" \/>\n<meta property=\"article:modified_time\" content=\"2025-04-14T09:15:33+00:00\" \/>\n<meta property=\"og:image\" content=\"https:\/\/permakultur-landwirtschaft.org\/wp-content\/uploads\/2025\/04\/20250609_Bio_Kultur_Fachreise_Juni_2025-04-14_11-01-36.jpg\" \/>\n\t<meta property=\"og:image:width\" content=\"700\" \/>\n\t<meta property=\"og:image:height\" content=\"497\" \/>\n\t<meta property=\"og:image:type\" content=\"image\/jpeg\" \/>\n<meta name=\"author\" content=\"adrian reutimann\" \/>\n<meta name=\"twitter:card\" content=\"summary_large_image\" \/>\n<meta name=\"twitter:label1\" content=\"\u00c9crit par\" \/>\n\t<meta name=\"twitter:data1\" content=\"adrian reutimann\" \/>\n\t<meta name=\"twitter:label2\" content=\"Dur\u00e9e de lecture estim\u00e9e\" \/>\n\t<meta name=\"twitter:data2\" content=\"3 minutes\" \/>\n<script type=\"application\/ld+json\" class=\"yoast-schema-graph\">{\"@context\":\"https:\\\/\\\/schema.org\",\"@graph\":[{\"@type\":\"Article\",\"@id\":\"https:\\\/\\\/permakultur-landwirtschaft.org\\\/bio-kultur-und-fachreise-nach-oesterreich-vom-09-bis-13-juni-2025\\\/#article\",\"isPartOf\":{\"@id\":\"https:\\\/\\\/permakultur-landwirtschaft.org\\\/bio-kultur-und-fachreise-nach-oesterreich-vom-09-bis-13-juni-2025\\\/\"},\"author\":{\"name\":\"adrian reutimann\",\"@id\":\"https:\\\/\\\/permakultur-landwirtschaft.org\\\/#\\\/schema\\\/person\\\/6b0467872f75aed3e144093f9bf4f0b0\"},\"headline\":\"Bio Kultur und Fachreise nach \u00d6sterreich vom 09. bis 13. Juni 2025\",\"datePublished\":\"2025-04-14T09:15:32+00:00\",\"dateModified\":\"2025-04-14T09:15:33+00:00\",\"mainEntityOfPage\":{\"@id\":\"https:\\\/\\\/permakultur-landwirtschaft.org\\\/bio-kultur-und-fachreise-nach-oesterreich-vom-09-bis-13-juni-2025\\\/\"},\"wordCount\":421,\"publisher\":{\"@id\":\"https:\\\/\\\/permakultur-landwirtschaft.org\\\/#organization\"},\"image\":{\"@id\":\"https:\\\/\\\/permakultur-landwirtschaft.org\\\/bio-kultur-und-fachreise-nach-oesterreich-vom-09-bis-13-juni-2025\\\/#primaryimage\"},\"thumbnailUrl\":\"https:\\\/\\\/permakultur-landwirtschaft.org\\\/wp-content\\\/uploads\\\/2025\\\/04\\\/20250609_Bio_Kultur_Fachreise_Juni_2025-04-14_11-01-36.jpg\",\"keywords\":[\"100% Autark\",\"Alfred Grand\",\"Bio\",\"Energierebell Wolfgang L\u00f6ser\",\"Grandfarm\",\"Josef Holzer\",\"Krameterhof\",\"Mauracher HOF\",\"\u00d6sterreich\",\"Permakultur\",\"Reinsaat\",\"Vermigrand\"],\"articleSection\":[\"Veranstaltung\"],\"inLanguage\":\"fr-FR\"},{\"@type\":\"WebPage\",\"@id\":\"https:\\\/\\\/permakultur-landwirtschaft.org\\\/bio-kultur-und-fachreise-nach-oesterreich-vom-09-bis-13-juni-2025\\\/\",\"url\":\"https:\\\/\\\/permakultur-landwirtschaft.org\\\/bio-kultur-und-fachreise-nach-oesterreich-vom-09-bis-13-juni-2025\\\/\",\"name\":\"Bio Kultur und Fachreise nach \u00d6sterreich vom 09. bis 13. Juni 2025 - Permakultur-Landwirtschaft\",\"isPartOf\":{\"@id\":\"https:\\\/\\\/permakultur-landwirtschaft.org\\\/#website\"},\"primaryImageOfPage\":{\"@id\":\"https:\\\/\\\/permakultur-landwirtschaft.org\\\/bio-kultur-und-fachreise-nach-oesterreich-vom-09-bis-13-juni-2025\\\/#primaryimage\"},\"image\":{\"@id\":\"https:\\\/\\\/permakultur-landwirtschaft.org\\\/bio-kultur-und-fachreise-nach-oesterreich-vom-09-bis-13-juni-2025\\\/#primaryimage\"},\"thumbnailUrl\":\"https:\\\/\\\/permakultur-landwirtschaft.org\\\/wp-content\\\/uploads\\\/2025\\\/04\\\/20250609_Bio_Kultur_Fachreise_Juni_2025-04-14_11-01-36.jpg\",\"datePublished\":\"2025-04-14T09:15:32+00:00\",\"dateModified\":\"2025-04-14T09:15:33+00:00\",\"description\":\"Reise zu den Biopionieren \u00d6sterreichs vom 9. \u2013 13. Juni 2025, u.a. zum Krameterhof \u2013 Josef Holzer und Grandfarm & Vermigrand\",\"breadcrumb\":{\"@id\":\"https:\\\/\\\/permakultur-landwirtschaft.org\\\/bio-kultur-und-fachreise-nach-oesterreich-vom-09-bis-13-juni-2025\\\/#breadcrumb\"},\"inLanguage\":\"fr-FR\",\"potentialAction\":[{\"@type\":\"ReadAction\",\"target\":[\"https:\\\/\\\/permakultur-landwirtschaft.org\\\/bio-kultur-und-fachreise-nach-oesterreich-vom-09-bis-13-juni-2025\\\/\"]}]},{\"@type\":\"ImageObject\",\"inLanguage\":\"fr-FR\",\"@id\":\"https:\\\/\\\/permakultur-landwirtschaft.org\\\/bio-kultur-und-fachreise-nach-oesterreich-vom-09-bis-13-juni-2025\\\/#primaryimage\",\"url\":\"https:\\\/\\\/permakultur-landwirtschaft.org\\\/wp-content\\\/uploads\\\/2025\\\/04\\\/20250609_Bio_Kultur_Fachreise_Juni_2025-04-14_11-01-36.jpg\",\"contentUrl\":\"https:\\\/\\\/permakultur-landwirtschaft.org\\\/wp-content\\\/uploads\\\/2025\\\/04\\\/20250609_Bio_Kultur_Fachreise_Juni_2025-04-14_11-01-36.jpg\",\"width\":700,\"height\":497,\"caption\":\"Bio Kultur und Fachreise nach \u00d6sterreich\"},{\"@type\":\"BreadcrumbList\",\"@id\":\"https:\\\/\\\/permakultur-landwirtschaft.org\\\/bio-kultur-und-fachreise-nach-oesterreich-vom-09-bis-13-juni-2025\\\/#breadcrumb\",\"itemListElement\":[{\"@type\":\"ListItem\",\"position\":1,\"name\":\"Startseite\",\"item\":\"https:\\\/\\\/permakultur-landwirtschaft.org\\\/\"},{\"@type\":\"ListItem\",\"position\":2,\"name\":\"Bio Kultur und Fachreise nach \u00d6sterreich vom 09. bis 13. Juni 2025\"}]},{\"@type\":\"WebSite\",\"@id\":\"https:\\\/\\\/permakultur-landwirtschaft.org\\\/#website\",\"url\":\"https:\\\/\\\/permakultur-landwirtschaft.org\\\/\",\"name\":\"Permakultur-Landwirtschaft\",\"description\":\"F\u00f6rderung der Permakultur in der Landwirtschaft\",\"publisher\":{\"@id\":\"https:\\\/\\\/permakultur-landwirtschaft.org\\\/#organization\"},\"potentialAction\":[{\"@type\":\"SearchAction\",\"target\":{\"@type\":\"EntryPoint\",\"urlTemplate\":\"https:\\\/\\\/permakultur-landwirtschaft.org\\\/?s={search_term_string}\"},\"query-input\":{\"@type\":\"PropertyValueSpecification\",\"valueRequired\":true,\"valueName\":\"search_term_string\"}}],\"inLanguage\":\"fr-FR\"},{\"@type\":\"Organization\",\"@id\":\"https:\\\/\\\/permakultur-landwirtschaft.org\\\/#organization\",\"name\":\"Permakultur-Landwirtschaft\",\"alternateName\":\"Verein Permakultur-Landwirtschaft\",\"url\":\"https:\\\/\\\/permakultur-landwirtschaft.org\\\/\",\"logo\":{\"@type\":\"ImageObject\",\"inLanguage\":\"fr-FR\",\"@id\":\"https:\\\/\\\/permakultur-landwirtschaft.org\\\/#\\\/schema\\\/logo\\\/image\\\/\",\"url\":\"https:\\\/\\\/permakultur-landwirtschaft.org\\\/wp-content\\\/uploads\\\/2021\\\/11\\\/pela_1268x1269.png\",\"contentUrl\":\"https:\\\/\\\/permakultur-landwirtschaft.org\\\/wp-content\\\/uploads\\\/2021\\\/11\\\/pela_1268x1269.png\",\"width\":1298,\"height\":1269,\"caption\":\"Permakultur-Landwirtschaft\"},\"image\":{\"@id\":\"https:\\\/\\\/permakultur-landwirtschaft.org\\\/#\\\/schema\\\/logo\\\/image\\\/\"},\"sameAs\":[\"https:\\\/\\\/www.facebook.com\\\/PermakulturLandwirtschaft\",\"https:\\\/\\\/www.instagram.com\\\/permakultur_landwirtschaft\\\/\",\"https:\\\/\\\/www.flickr.com\\\/photos\\\/permakultur-landwirtschaft\",\"https:\\\/\\\/www.youtube.com\\\/@PermakulturLandwirtschaft\"]},{\"@type\":\"Person\",\"@id\":\"https:\\\/\\\/permakultur-landwirtschaft.org\\\/#\\\/schema\\\/person\\\/6b0467872f75aed3e144093f9bf4f0b0\",\"name\":\"adrian reutimann\",\"url\":\"https:\\\/\\\/permakultur-landwirtschaft.org\\\/fr\\\/author\\\/reutiadr\\\/\"}]}<\/script>\n<!-- \/ Yoast SEO plugin. -->","yoast_head_json":{"title":"Bio Kultur und Fachreise nach \u00d6sterreich vom 09. bis 13. Juni 2025 - Permakultur-Landwirtschaft","description":"Reise zu den Biopionieren \u00d6sterreichs vom 9. \u2013 13. Juni 2025, u.a. zum Krameterhof \u2013 Josef Holzer und Grandfarm & Vermigrand","robots":{"index":"index","follow":"follow","max-snippet":"max-snippet:-1","max-image-preview":"max-image-preview:large","max-video-preview":"max-video-preview:-1"},"canonical":"https:\/\/permakultur-landwirtschaft.org\/fr\/bio-kultur-und-fachreise-nach-oesterreich-vom-09-bis-13-juni-2025\/","og_locale":"fr_FR","og_type":"article","og_title":"Bio Kultur und Fachreise nach \u00d6sterreich vom 09. bis 13. Juni 2025 - Permakultur-Landwirtschaft","og_description":"Reise zu den Biopionieren \u00d6sterreichs vom 9. \u2013 13. Juni 2025, u.a. zum Krameterhof \u2013 Josef Holzer und Grandfarm & Vermigrand","og_url":"https:\/\/permakultur-landwirtschaft.org\/fr\/bio-kultur-und-fachreise-nach-oesterreich-vom-09-bis-13-juni-2025\/","og_site_name":"Permakultur-Landwirtschaft","article_publisher":"https:\/\/www.facebook.com\/PermakulturLandwirtschaft","article_published_time":"2025-04-14T09:15:32+00:00","article_modified_time":"2025-04-14T09:15:33+00:00","og_image":[{"width":700,"height":497,"url":"https:\/\/permakultur-landwirtschaft.org\/wp-content\/uploads\/2025\/04\/20250609_Bio_Kultur_Fachreise_Juni_2025-04-14_11-01-36.jpg","type":"image\/jpeg"}],"author":"adrian reutimann","twitter_card":"summary_large_image","twitter_misc":{"\u00c9crit par":"adrian reutimann","Dur\u00e9e de lecture estim\u00e9e":"3 minutes"},"schema":{"@context":"https:\/\/schema.org","@graph":[{"@type":"Article","@id":"https:\/\/permakultur-landwirtschaft.org\/bio-kultur-und-fachreise-nach-oesterreich-vom-09-bis-13-juni-2025\/#article","isPartOf":{"@id":"https:\/\/permakultur-landwirtschaft.org\/bio-kultur-und-fachreise-nach-oesterreich-vom-09-bis-13-juni-2025\/"},"author":{"name":"adrian reutimann","@id":"https:\/\/permakultur-landwirtschaft.org\/#\/schema\/person\/6b0467872f75aed3e144093f9bf4f0b0"},"headline":"Bio Kultur und Fachreise nach \u00d6sterreich vom 09. bis 13. Juni 2025","datePublished":"2025-04-14T09:15:32+00:00","dateModified":"2025-04-14T09:15:33+00:00","mainEntityOfPage":{"@id":"https:\/\/permakultur-landwirtschaft.org\/bio-kultur-und-fachreise-nach-oesterreich-vom-09-bis-13-juni-2025\/"},"wordCount":421,"publisher":{"@id":"https:\/\/permakultur-landwirtschaft.org\/#organization"},"image":{"@id":"https:\/\/permakultur-landwirtschaft.org\/bio-kultur-und-fachreise-nach-oesterreich-vom-09-bis-13-juni-2025\/#primaryimage"},"thumbnailUrl":"https:\/\/permakultur-landwirtschaft.org\/wp-content\/uploads\/2025\/04\/20250609_Bio_Kultur_Fachreise_Juni_2025-04-14_11-01-36.jpg","keywords":["100% Autark","Alfred Grand","Bio","Energierebell Wolfgang L\u00f6ser","Grandfarm","Josef Holzer","Krameterhof","Mauracher HOF","\u00d6sterreich","Permakultur","Reinsaat","Vermigrand"],"articleSection":["Veranstaltung"],"inLanguage":"fr-FR"},{"@type":"WebPage","@id":"https:\/\/permakultur-landwirtschaft.org\/bio-kultur-und-fachreise-nach-oesterreich-vom-09-bis-13-juni-2025\/","url":"https:\/\/permakultur-landwirtschaft.org\/bio-kultur-und-fachreise-nach-oesterreich-vom-09-bis-13-juni-2025\/","name":"Bio Kultur und Fachreise nach \u00d6sterreich vom 09. bis 13. Juni 2025 - Permakultur-Landwirtschaft","isPartOf":{"@id":"https:\/\/permakultur-landwirtschaft.org\/#website"},"primaryImageOfPage":{"@id":"https:\/\/permakultur-landwirtschaft.org\/bio-kultur-und-fachreise-nach-oesterreich-vom-09-bis-13-juni-2025\/#primaryimage"},"image":{"@id":"https:\/\/permakultur-landwirtschaft.org\/bio-kultur-und-fachreise-nach-oesterreich-vom-09-bis-13-juni-2025\/#primaryimage"},"thumbnailUrl":"https:\/\/permakultur-landwirtschaft.org\/wp-content\/uploads\/2025\/04\/20250609_Bio_Kultur_Fachreise_Juni_2025-04-14_11-01-36.jpg","datePublished":"2025-04-14T09:15:32+00:00","dateModified":"2025-04-14T09:15:33+00:00","description":"Reise zu den Biopionieren \u00d6sterreichs vom 9. \u2013 13. Juni 2025, u.a. zum Krameterhof \u2013 Josef Holzer und Grandfarm & Vermigrand","breadcrumb":{"@id":"https:\/\/permakultur-landwirtschaft.org\/bio-kultur-und-fachreise-nach-oesterreich-vom-09-bis-13-juni-2025\/#breadcrumb"},"inLanguage":"fr-FR","potentialAction":[{"@type":"ReadAction","target":["https:\/\/permakultur-landwirtschaft.org\/bio-kultur-und-fachreise-nach-oesterreich-vom-09-bis-13-juni-2025\/"]}]},{"@type":"ImageObject","inLanguage":"fr-FR","@id":"https:\/\/permakultur-landwirtschaft.org\/bio-kultur-und-fachreise-nach-oesterreich-vom-09-bis-13-juni-2025\/#primaryimage","url":"https:\/\/permakultur-landwirtschaft.org\/wp-content\/uploads\/2025\/04\/20250609_Bio_Kultur_Fachreise_Juni_2025-04-14_11-01-36.jpg","contentUrl":"https:\/\/permakultur-landwirtschaft.org\/wp-content\/uploads\/2025\/04\/20250609_Bio_Kultur_Fachreise_Juni_2025-04-14_11-01-36.jpg","width":700,"height":497,"caption":"Bio Kultur und Fachreise nach \u00d6sterreich"},{"@type":"BreadcrumbList","@id":"https:\/\/permakultur-landwirtschaft.org\/bio-kultur-und-fachreise-nach-oesterreich-vom-09-bis-13-juni-2025\/#breadcrumb","itemListElement":[{"@type":"ListItem","position":1,"name":"Startseite","item":"https:\/\/permakultur-landwirtschaft.org\/"},{"@type":"ListItem","position":2,"name":"Bio Kultur und Fachreise nach \u00d6sterreich vom 09. bis 13. Juni 2025"}]},{"@type":"WebSite","@id":"https:\/\/permakultur-landwirtschaft.org\/#website","url":"https:\/\/permakultur-landwirtschaft.org\/","name":"Permakultur-Landwirtschaft","description":"F\u00f6rderung der Permakultur in der Landwirtschaft","publisher":{"@id":"https:\/\/permakultur-landwirtschaft.org\/#organization"},"potentialAction":[{"@type":"SearchAction","target":{"@type":"EntryPoint","urlTemplate":"https:\/\/permakultur-landwirtschaft.org\/?s={search_term_string}"},"query-input":{"@type":"PropertyValueSpecification","valueRequired":true,"valueName":"search_term_string"}}],"inLanguage":"fr-FR"},{"@type":"Organization","@id":"https:\/\/permakultur-landwirtschaft.org\/#organization","name":"Permakultur-Landwirtschaft","alternateName":"Verein Permakultur-Landwirtschaft","url":"https:\/\/permakultur-landwirtschaft.org\/","logo":{"@type":"ImageObject","inLanguage":"fr-FR","@id":"https:\/\/permakultur-landwirtschaft.org\/#\/schema\/logo\/image\/","url":"https:\/\/permakultur-landwirtschaft.org\/wp-content\/uploads\/2021\/11\/pela_1268x1269.png","contentUrl":"https:\/\/permakultur-landwirtschaft.org\/wp-content\/uploads\/2021\/11\/pela_1268x1269.png","width":1298,"height":1269,"caption":"Permakultur-Landwirtschaft"},"image":{"@id":"https:\/\/permakultur-landwirtschaft.org\/#\/schema\/logo\/image\/"},"sameAs":["https:\/\/www.facebook.com\/PermakulturLandwirtschaft","https:\/\/www.instagram.com\/permakultur_landwirtschaft\/","https:\/\/www.flickr.com\/photos\/permakultur-landwirtschaft","https:\/\/www.youtube.com\/@PermakulturLandwirtschaft"]},{"@type":"Person","@id":"https:\/\/permakultur-landwirtschaft.org\/#\/schema\/person\/6b0467872f75aed3e144093f9bf4f0b0","name":"adrian reutimann","url":"https:\/\/permakultur-landwirtschaft.org\/fr\/author\/reutiadr\/"}]}},"_links":{"self":[{"href":"https:\/\/permakultur-landwirtschaft.org\/fr\/wp-json\/wp\/v2\/posts\/36297","targetHints":{"allow":["GET"]}}],"collection":[{"href":"https:\/\/permakultur-landwirtschaft.org\/fr\/wp-json\/wp\/v2\/posts"}],"about":[{"href":"https:\/\/permakultur-landwirtschaft.org\/fr\/wp-json\/wp\/v2\/types\/post"}],"author":[{"embeddable":true,"href":"https:\/\/permakultur-landwirtschaft.org\/fr\/wp-json\/wp\/v2\/users\/2"}],"replies":[{"embeddable":true,"href":"https:\/\/permakultur-landwirtschaft.org\/fr\/wp-json\/wp\/v2\/comments?post=36297"}],"version-history":[{"count":1,"href":"https:\/\/permakultur-landwirtschaft.org\/fr\/wp-json\/wp\/v2\/posts\/36297\/revisions"}],"predecessor-version":[{"id":36299,"href":"https:\/\/permakultur-landwirtschaft.org\/fr\/wp-json\/wp\/v2\/posts\/36297\/revisions\/36299"}],"wp:featuredmedia":[{"embeddable":true,"href":"https:\/\/permakultur-landwirtschaft.org\/fr\/wp-json\/wp\/v2\/media\/36298"}],"wp:attachment":[{"href":"https:\/\/permakultur-landwirtschaft.org\/fr\/wp-json\/wp\/v2\/media?parent=36297"}],"wp:term":[{"taxonomy":"category","embeddable":true,"href":"https:\/\/permakultur-landwirtschaft.org\/fr\/wp-json\/wp\/v2\/categories?post=36297"},{"taxonomy":"post_tag","embeddable":true,"href":"https:\/\/permakultur-landwirtschaft.org\/fr\/wp-json\/wp\/v2\/tags?post=36297"}],"curies":[{"name":"wp","href":"https:\/\/api.w.org\/{rel}","templated":true}]}}