{"id":36285,"date":"2025-04-07T14:55:45","date_gmt":"2025-04-07T12:55:45","guid":{"rendered":"https:\/\/permakultur-landwirtschaft.org\/?p=36285"},"modified":"2025-04-07T14:56:36","modified_gmt":"2025-04-07T12:56:36","slug":"in-die-unabhaengigkeit-wachsen-anlass-vom-11-oktober-2025","status":"publish","type":"post","link":"https:\/\/permakultur-landwirtschaft.org\/fr\/in-die-unabhaengigkeit-wachsen-anlass-vom-11-oktober-2025\/","title":{"rendered":"In die Unabh\u00e4ngigkeit Wachsen &#8211; Anlass vom 11. Oktober 2025"},"content":{"rendered":"<p>Text von www.naturhofkiental.com:<\/p>\n\n\n\n<p>In Die Unabh\u00e4ngigkeit Wachsen. In Zusammenarbeit mit Agroecology Works!<\/p>\n\n\n\n<h2 class=\"wp-block-heading\">Lieu<\/h2>\n\n\n\n<p>Naturhof<br>Griesalpstrasse 94<br>3723 Kiental<\/p>\n\n\n\n<p><a href=\"https:\/\/www.naturhofkiental.com\/anlaesse\/in-die-unabhngigkeit-wachsen-in-zusammenarbeit-mit-agroecology-works\" target=\"_blank\" rel=\"noreferrer noopener\">Link zum Anlass<\/a><\/p>\n\n\n\n<h2 class=\"wp-block-heading\">Workshop Programm 25<\/h2>\n\n\n\n<p>Auch unser Workshop-Programm bietet eine grosse Vielfalt:<br>Wildkr\u00e4uter und Heilpflanzenwissen, Einstieg in den nachhaltigen Gartenbau, F\u00e4rben mit Pflanzen aus dem Garten, Team- und Kommunikationstraining, Biokonstruktion und mehr.<br>Unsere Workshops bieten mehr als nur praktisches Wissen \u2013 sie sind eine Einladung, den Garten zu genie\u00dfen, mit der Natur zu arbeiten und von ihr zu lernen. Du wirst nicht nur neue F\u00e4higkeiten erlangen, sondern auch eine tiefere Verbindung zur Umwelt und zu dir selbst erfahren.<br>Alle Informationen findest du auf unserer Webseite: <br><a href=\"https:\/\/www.naturhofkiental.com\/anlaesse\" target=\"_blank\" rel=\"noreferrer noopener\">https:\/\/www.naturhofkiental.com\/anlaesse<\/a><\/p>\n\n\n\n<p>Flyer zum  Programm 2025:<\/p>\n\n\n\n<figure class=\"wp-block-image size-full\"><a href=\"https:\/\/permakultur-landwirtschaft.org\/wp-content\/uploads\/2025\/04\/IMG_1263.jpg\"><img fetchpriority=\"high\" decoding=\"async\" width=\"700\" height=\"989\" src=\"https:\/\/permakultur-landwirtschaft.org\/wp-content\/uploads\/2025\/04\/IMG_1263.jpg\" alt=\"\" class=\"wp-image-36283\" srcset=\"https:\/\/permakultur-landwirtschaft.org\/wp-content\/uploads\/2025\/04\/IMG_1263.jpg 700w, https:\/\/permakultur-landwirtschaft.org\/wp-content\/uploads\/2025\/04\/IMG_1263-212x300.jpg 212w, https:\/\/permakultur-landwirtschaft.org\/wp-content\/uploads\/2025\/04\/IMG_1263-8x12.jpg 8w\" sizes=\"(max-width: 700px) 100vw, 700px\" \/><\/a><\/figure>","protected":false},"excerpt":{"rendered":"<p>Text von www.naturhofkiental.com: In Die Unabh\u00e4ngigkeit Wachsen. In Zusammenarbeit mit Agroecology Works! Ort NaturhofGriesalpstrasse 943723 Kiental Link zum Anlass Workshop Programm 25 Auch unser Workshop-Programm bietet eine grosse Vielfalt:Wildkr\u00e4uter und Heilpflanzenwissen, Einstieg in den nachhaltigen Gartenbau, F\u00e4rben mit Pflanzen aus dem Garten, Team- und Kommunikationstraining, Biokonstruktion und mehr.Unsere Workshops bieten mehr als nur praktisches Wissen [&hellip;]<\/p>\n","protected":false},"author":2,"featured_media":36283,"comment_status":"closed","ping_status":"closed","sticky":false,"template":"","format":"standard","meta":{"_acf_changed":false,"site-sidebar-layout":"default","site-content-layout":"","ast-site-content-layout":"default","site-content-style":"default","site-sidebar-style":"default","ast-global-header-display":"","ast-banner-title-visibility":"","ast-main-header-display":"","ast-hfb-above-header-display":"","ast-hfb-below-header-display":"","ast-hfb-mobile-header-display":"","site-post-title":"","ast-breadcrumbs-content":"","ast-featured-img":"","footer-sml-layout":"","ast-disable-related-posts":"","theme-transparent-header-meta":"","adv-header-id-meta":"","stick-header-meta":"","header-above-stick-meta":"","header-main-stick-meta":"","header-below-stick-meta":"","astra-migrate-meta-layouts":"set","ast-page-background-enabled":"default","ast-page-background-meta":{"desktop":{"background-color":"var(--ast-global-color-4)","background-image":"","background-repeat":"repeat","background-position":"center center","background-size":"auto","background-attachment":"scroll","background-type":"","background-media":"","overlay-type":"","overlay-color":"","overlay-opacity":"","overlay-gradient":""},"tablet":{"background-color":"","background-image":"","background-repeat":"repeat","background-position":"center center","background-size":"auto","background-attachment":"scroll","background-type":"","background-media":"","overlay-type":"","overlay-color":"","overlay-opacity":"","overlay-gradient":""},"mobile":{"background-color":"","background-image":"","background-repeat":"repeat","background-position":"center center","background-size":"auto","background-attachment":"scroll","background-type":"","background-media":"","overlay-type":"","overlay-color":"","overlay-opacity":"","overlay-gradient":""}},"ast-content-background-meta":{"desktop":{"background-color":"var(--ast-global-color-5)","background-image":"","background-repeat":"repeat","background-position":"center center","background-size":"auto","background-attachment":"scroll","background-type":"","background-media":"","overlay-type":"","overlay-color":"","overlay-opacity":"","overlay-gradient":""},"tablet":{"background-color":"var(--ast-global-color-5)","background-image":"","background-repeat":"repeat","background-position":"center center","background-size":"auto","background-attachment":"scroll","background-type":"","background-media":"","overlay-type":"","overlay-color":"","overlay-opacity":"","overlay-gradient":""},"mobile":{"background-color":"var(--ast-global-color-5)","background-image":"","background-repeat":"repeat","background-position":"center center","background-size":"auto","background-attachment":"scroll","background-type":"","background-media":"","overlay-type":"","overlay-color":"","overlay-opacity":"","overlay-gradient":""}},"footnotes":""},"categories":[14],"tags":[512,647,648],"class_list":["post-36285","post","type-post","status-publish","format-standard","has-post-thumbnail","hentry","category-veranstaltung","tag-agroecology-works","tag-naturhof-kiental","tag-unabhaengigkeit"],"acf":[],"yoast_head":"<!-- This site is optimized with the Yoast SEO plugin v27.4 - https:\/\/yoast.com\/product\/yoast-seo-wordpress\/ -->\n<title>In die Unabh\u00e4ngigkeit Wachsen - Anlass vom 11. Oktober 2025 - Permakultur-Landwirtschaft<\/title>\n<meta name=\"description\" content=\"In die Unabh\u00e4ngigkeit Wachsen - Anlass auf dem Naturhof Kiental vom 11. Oktober 2025 in Zusammenarbeit mit Agroecology Works\" \/>\n<meta name=\"robots\" content=\"index, follow, max-snippet:-1, max-image-preview:large, max-video-preview:-1\" \/>\n<link rel=\"canonical\" href=\"https:\/\/permakultur-landwirtschaft.org\/fr\/in-die-unabhaengigkeit-wachsen-anlass-vom-11-oktober-2025\/\" \/>\n<meta property=\"og:locale\" content=\"fr_FR\" \/>\n<meta property=\"og:type\" content=\"article\" \/>\n<meta property=\"og:title\" content=\"In die Unabh\u00e4ngigkeit Wachsen - Anlass vom 11. Oktober 2025 - Permakultur-Landwirtschaft\" \/>\n<meta property=\"og:description\" content=\"In die Unabh\u00e4ngigkeit Wachsen - Anlass auf dem Naturhof Kiental vom 11. Oktober 2025 in Zusammenarbeit mit Agroecology Works\" \/>\n<meta property=\"og:url\" content=\"https:\/\/permakultur-landwirtschaft.org\/fr\/in-die-unabhaengigkeit-wachsen-anlass-vom-11-oktober-2025\/\" \/>\n<meta property=\"og:site_name\" content=\"Permakultur-Landwirtschaft\" \/>\n<meta property=\"article:publisher\" content=\"https:\/\/www.facebook.com\/PermakulturLandwirtschaft\" \/>\n<meta property=\"article:published_time\" content=\"2025-04-07T12:55:45+00:00\" \/>\n<meta property=\"article:modified_time\" content=\"2025-04-07T12:56:36+00:00\" \/>\n<meta property=\"og:image\" content=\"https:\/\/permakultur-landwirtschaft.org\/wp-content\/uploads\/2025\/04\/IMG_1263.jpg\" \/>\n\t<meta property=\"og:image:width\" content=\"700\" \/>\n\t<meta property=\"og:image:height\" content=\"989\" \/>\n\t<meta property=\"og:image:type\" content=\"image\/jpeg\" \/>\n<meta name=\"author\" content=\"adrian reutimann\" \/>\n<meta name=\"twitter:card\" content=\"summary_large_image\" \/>\n<meta name=\"twitter:label1\" content=\"\u00c9crit par\" \/>\n\t<meta name=\"twitter:data1\" content=\"adrian reutimann\" \/>\n\t<meta name=\"twitter:label2\" content=\"Dur\u00e9e de lecture estim\u00e9e\" \/>\n\t<meta name=\"twitter:data2\" content=\"2 minutes\" \/>\n<script type=\"application\/ld+json\" class=\"yoast-schema-graph\">{\"@context\":\"https:\\\/\\\/schema.org\",\"@graph\":[{\"@type\":\"Article\",\"@id\":\"https:\\\/\\\/permakultur-landwirtschaft.org\\\/in-die-unabhaengigkeit-wachsen-anlass-vom-11-oktober-2025\\\/#article\",\"isPartOf\":{\"@id\":\"https:\\\/\\\/permakultur-landwirtschaft.org\\\/in-die-unabhaengigkeit-wachsen-anlass-vom-11-oktober-2025\\\/\"},\"author\":{\"name\":\"adrian reutimann\",\"@id\":\"https:\\\/\\\/permakultur-landwirtschaft.org\\\/#\\\/schema\\\/person\\\/6b0467872f75aed3e144093f9bf4f0b0\"},\"headline\":\"In die Unabh\u00e4ngigkeit Wachsen &#8211; Anlass vom 11. Oktober 2025\",\"datePublished\":\"2025-04-07T12:55:45+00:00\",\"dateModified\":\"2025-04-07T12:56:36+00:00\",\"mainEntityOfPage\":{\"@id\":\"https:\\\/\\\/permakultur-landwirtschaft.org\\\/in-die-unabhaengigkeit-wachsen-anlass-vom-11-oktober-2025\\\/\"},\"wordCount\":123,\"publisher\":{\"@id\":\"https:\\\/\\\/permakultur-landwirtschaft.org\\\/#organization\"},\"image\":{\"@id\":\"https:\\\/\\\/permakultur-landwirtschaft.org\\\/in-die-unabhaengigkeit-wachsen-anlass-vom-11-oktober-2025\\\/#primaryimage\"},\"thumbnailUrl\":\"https:\\\/\\\/permakultur-landwirtschaft.org\\\/wp-content\\\/uploads\\\/2025\\\/04\\\/IMG_1263.jpg\",\"keywords\":[\"Agroecology works\",\"Naturhof Kiental\",\"Unabh\u00e4ngigkeit\"],\"articleSection\":[\"Veranstaltung\"],\"inLanguage\":\"fr-FR\"},{\"@type\":\"WebPage\",\"@id\":\"https:\\\/\\\/permakultur-landwirtschaft.org\\\/in-die-unabhaengigkeit-wachsen-anlass-vom-11-oktober-2025\\\/\",\"url\":\"https:\\\/\\\/permakultur-landwirtschaft.org\\\/in-die-unabhaengigkeit-wachsen-anlass-vom-11-oktober-2025\\\/\",\"name\":\"In die Unabh\u00e4ngigkeit Wachsen - Anlass vom 11. Oktober 2025 - Permakultur-Landwirtschaft\",\"isPartOf\":{\"@id\":\"https:\\\/\\\/permakultur-landwirtschaft.org\\\/#website\"},\"primaryImageOfPage\":{\"@id\":\"https:\\\/\\\/permakultur-landwirtschaft.org\\\/in-die-unabhaengigkeit-wachsen-anlass-vom-11-oktober-2025\\\/#primaryimage\"},\"image\":{\"@id\":\"https:\\\/\\\/permakultur-landwirtschaft.org\\\/in-die-unabhaengigkeit-wachsen-anlass-vom-11-oktober-2025\\\/#primaryimage\"},\"thumbnailUrl\":\"https:\\\/\\\/permakultur-landwirtschaft.org\\\/wp-content\\\/uploads\\\/2025\\\/04\\\/IMG_1263.jpg\",\"datePublished\":\"2025-04-07T12:55:45+00:00\",\"dateModified\":\"2025-04-07T12:56:36+00:00\",\"description\":\"In die Unabh\u00e4ngigkeit Wachsen - Anlass auf dem Naturhof Kiental vom 11. Oktober 2025 in Zusammenarbeit mit Agroecology Works\",\"breadcrumb\":{\"@id\":\"https:\\\/\\\/permakultur-landwirtschaft.org\\\/in-die-unabhaengigkeit-wachsen-anlass-vom-11-oktober-2025\\\/#breadcrumb\"},\"inLanguage\":\"fr-FR\",\"potentialAction\":[{\"@type\":\"ReadAction\",\"target\":[\"https:\\\/\\\/permakultur-landwirtschaft.org\\\/in-die-unabhaengigkeit-wachsen-anlass-vom-11-oktober-2025\\\/\"]}]},{\"@type\":\"ImageObject\",\"inLanguage\":\"fr-FR\",\"@id\":\"https:\\\/\\\/permakultur-landwirtschaft.org\\\/in-die-unabhaengigkeit-wachsen-anlass-vom-11-oktober-2025\\\/#primaryimage\",\"url\":\"https:\\\/\\\/permakultur-landwirtschaft.org\\\/wp-content\\\/uploads\\\/2025\\\/04\\\/IMG_1263.jpg\",\"contentUrl\":\"https:\\\/\\\/permakultur-landwirtschaft.org\\\/wp-content\\\/uploads\\\/2025\\\/04\\\/IMG_1263.jpg\",\"width\":700,\"height\":989,\"caption\":\"Bild: www.naturhofkiental.com\"},{\"@type\":\"BreadcrumbList\",\"@id\":\"https:\\\/\\\/permakultur-landwirtschaft.org\\\/in-die-unabhaengigkeit-wachsen-anlass-vom-11-oktober-2025\\\/#breadcrumb\",\"itemListElement\":[{\"@type\":\"ListItem\",\"position\":1,\"name\":\"Startseite\",\"item\":\"https:\\\/\\\/permakultur-landwirtschaft.org\\\/\"},{\"@type\":\"ListItem\",\"position\":2,\"name\":\"In die Unabh\u00e4ngigkeit Wachsen &#8211; Anlass vom 11. Oktober 2025\"}]},{\"@type\":\"WebSite\",\"@id\":\"https:\\\/\\\/permakultur-landwirtschaft.org\\\/#website\",\"url\":\"https:\\\/\\\/permakultur-landwirtschaft.org\\\/\",\"name\":\"Permakultur-Landwirtschaft\",\"description\":\"F\u00f6rderung der Permakultur in der Landwirtschaft\",\"publisher\":{\"@id\":\"https:\\\/\\\/permakultur-landwirtschaft.org\\\/#organization\"},\"potentialAction\":[{\"@type\":\"SearchAction\",\"target\":{\"@type\":\"EntryPoint\",\"urlTemplate\":\"https:\\\/\\\/permakultur-landwirtschaft.org\\\/?s={search_term_string}\"},\"query-input\":{\"@type\":\"PropertyValueSpecification\",\"valueRequired\":true,\"valueName\":\"search_term_string\"}}],\"inLanguage\":\"fr-FR\"},{\"@type\":\"Organization\",\"@id\":\"https:\\\/\\\/permakultur-landwirtschaft.org\\\/#organization\",\"name\":\"Permakultur-Landwirtschaft\",\"alternateName\":\"Verein Permakultur-Landwirtschaft\",\"url\":\"https:\\\/\\\/permakultur-landwirtschaft.org\\\/\",\"logo\":{\"@type\":\"ImageObject\",\"inLanguage\":\"fr-FR\",\"@id\":\"https:\\\/\\\/permakultur-landwirtschaft.org\\\/#\\\/schema\\\/logo\\\/image\\\/\",\"url\":\"https:\\\/\\\/permakultur-landwirtschaft.org\\\/wp-content\\\/uploads\\\/2021\\\/11\\\/pela_1268x1269.png\",\"contentUrl\":\"https:\\\/\\\/permakultur-landwirtschaft.org\\\/wp-content\\\/uploads\\\/2021\\\/11\\\/pela_1268x1269.png\",\"width\":1298,\"height\":1269,\"caption\":\"Permakultur-Landwirtschaft\"},\"image\":{\"@id\":\"https:\\\/\\\/permakultur-landwirtschaft.org\\\/#\\\/schema\\\/logo\\\/image\\\/\"},\"sameAs\":[\"https:\\\/\\\/www.facebook.com\\\/PermakulturLandwirtschaft\",\"https:\\\/\\\/www.instagram.com\\\/permakultur_landwirtschaft\\\/\",\"https:\\\/\\\/www.flickr.com\\\/photos\\\/permakultur-landwirtschaft\",\"https:\\\/\\\/www.youtube.com\\\/@PermakulturLandwirtschaft\"]},{\"@type\":\"Person\",\"@id\":\"https:\\\/\\\/permakultur-landwirtschaft.org\\\/#\\\/schema\\\/person\\\/6b0467872f75aed3e144093f9bf4f0b0\",\"name\":\"adrian reutimann\",\"url\":\"https:\\\/\\\/permakultur-landwirtschaft.org\\\/fr\\\/author\\\/reutiadr\\\/\"}]}<\/script>\n<!-- \/ Yoast SEO plugin. -->","yoast_head_json":{"title":"In die Unabh\u00e4ngigkeit Wachsen - Anlass vom 11. Oktober 2025 - Permakultur-Landwirtschaft","description":"In die Unabh\u00e4ngigkeit Wachsen - Anlass auf dem Naturhof Kiental vom 11. Oktober 2025 in Zusammenarbeit mit Agroecology Works","robots":{"index":"index","follow":"follow","max-snippet":"max-snippet:-1","max-image-preview":"max-image-preview:large","max-video-preview":"max-video-preview:-1"},"canonical":"https:\/\/permakultur-landwirtschaft.org\/fr\/in-die-unabhaengigkeit-wachsen-anlass-vom-11-oktober-2025\/","og_locale":"fr_FR","og_type":"article","og_title":"In die Unabh\u00e4ngigkeit Wachsen - Anlass vom 11. Oktober 2025 - Permakultur-Landwirtschaft","og_description":"In die Unabh\u00e4ngigkeit Wachsen - Anlass auf dem Naturhof Kiental vom 11. Oktober 2025 in Zusammenarbeit mit Agroecology Works","og_url":"https:\/\/permakultur-landwirtschaft.org\/fr\/in-die-unabhaengigkeit-wachsen-anlass-vom-11-oktober-2025\/","og_site_name":"Permakultur-Landwirtschaft","article_publisher":"https:\/\/www.facebook.com\/PermakulturLandwirtschaft","article_published_time":"2025-04-07T12:55:45+00:00","article_modified_time":"2025-04-07T12:56:36+00:00","og_image":[{"width":700,"height":989,"url":"https:\/\/permakultur-landwirtschaft.org\/wp-content\/uploads\/2025\/04\/IMG_1263.jpg","type":"image\/jpeg"}],"author":"adrian reutimann","twitter_card":"summary_large_image","twitter_misc":{"\u00c9crit par":"adrian reutimann","Dur\u00e9e de lecture estim\u00e9e":"2 minutes"},"schema":{"@context":"https:\/\/schema.org","@graph":[{"@type":"Article","@id":"https:\/\/permakultur-landwirtschaft.org\/in-die-unabhaengigkeit-wachsen-anlass-vom-11-oktober-2025\/#article","isPartOf":{"@id":"https:\/\/permakultur-landwirtschaft.org\/in-die-unabhaengigkeit-wachsen-anlass-vom-11-oktober-2025\/"},"author":{"name":"adrian reutimann","@id":"https:\/\/permakultur-landwirtschaft.org\/#\/schema\/person\/6b0467872f75aed3e144093f9bf4f0b0"},"headline":"In die Unabh\u00e4ngigkeit Wachsen &#8211; Anlass vom 11. Oktober 2025","datePublished":"2025-04-07T12:55:45+00:00","dateModified":"2025-04-07T12:56:36+00:00","mainEntityOfPage":{"@id":"https:\/\/permakultur-landwirtschaft.org\/in-die-unabhaengigkeit-wachsen-anlass-vom-11-oktober-2025\/"},"wordCount":123,"publisher":{"@id":"https:\/\/permakultur-landwirtschaft.org\/#organization"},"image":{"@id":"https:\/\/permakultur-landwirtschaft.org\/in-die-unabhaengigkeit-wachsen-anlass-vom-11-oktober-2025\/#primaryimage"},"thumbnailUrl":"https:\/\/permakultur-landwirtschaft.org\/wp-content\/uploads\/2025\/04\/IMG_1263.jpg","keywords":["Agroecology works","Naturhof Kiental","Unabh\u00e4ngigkeit"],"articleSection":["Veranstaltung"],"inLanguage":"fr-FR"},{"@type":"WebPage","@id":"https:\/\/permakultur-landwirtschaft.org\/in-die-unabhaengigkeit-wachsen-anlass-vom-11-oktober-2025\/","url":"https:\/\/permakultur-landwirtschaft.org\/in-die-unabhaengigkeit-wachsen-anlass-vom-11-oktober-2025\/","name":"In die Unabh\u00e4ngigkeit Wachsen - Anlass vom 11. Oktober 2025 - Permakultur-Landwirtschaft","isPartOf":{"@id":"https:\/\/permakultur-landwirtschaft.org\/#website"},"primaryImageOfPage":{"@id":"https:\/\/permakultur-landwirtschaft.org\/in-die-unabhaengigkeit-wachsen-anlass-vom-11-oktober-2025\/#primaryimage"},"image":{"@id":"https:\/\/permakultur-landwirtschaft.org\/in-die-unabhaengigkeit-wachsen-anlass-vom-11-oktober-2025\/#primaryimage"},"thumbnailUrl":"https:\/\/permakultur-landwirtschaft.org\/wp-content\/uploads\/2025\/04\/IMG_1263.jpg","datePublished":"2025-04-07T12:55:45+00:00","dateModified":"2025-04-07T12:56:36+00:00","description":"In die Unabh\u00e4ngigkeit Wachsen - Anlass auf dem Naturhof Kiental vom 11. Oktober 2025 in Zusammenarbeit mit Agroecology Works","breadcrumb":{"@id":"https:\/\/permakultur-landwirtschaft.org\/in-die-unabhaengigkeit-wachsen-anlass-vom-11-oktober-2025\/#breadcrumb"},"inLanguage":"fr-FR","potentialAction":[{"@type":"ReadAction","target":["https:\/\/permakultur-landwirtschaft.org\/in-die-unabhaengigkeit-wachsen-anlass-vom-11-oktober-2025\/"]}]},{"@type":"ImageObject","inLanguage":"fr-FR","@id":"https:\/\/permakultur-landwirtschaft.org\/in-die-unabhaengigkeit-wachsen-anlass-vom-11-oktober-2025\/#primaryimage","url":"https:\/\/permakultur-landwirtschaft.org\/wp-content\/uploads\/2025\/04\/IMG_1263.jpg","contentUrl":"https:\/\/permakultur-landwirtschaft.org\/wp-content\/uploads\/2025\/04\/IMG_1263.jpg","width":700,"height":989,"caption":"Bild: www.naturhofkiental.com"},{"@type":"BreadcrumbList","@id":"https:\/\/permakultur-landwirtschaft.org\/in-die-unabhaengigkeit-wachsen-anlass-vom-11-oktober-2025\/#breadcrumb","itemListElement":[{"@type":"ListItem","position":1,"name":"Startseite","item":"https:\/\/permakultur-landwirtschaft.org\/"},{"@type":"ListItem","position":2,"name":"In die Unabh\u00e4ngigkeit Wachsen &#8211; Anlass vom 11. Oktober 2025"}]},{"@type":"WebSite","@id":"https:\/\/permakultur-landwirtschaft.org\/#website","url":"https:\/\/permakultur-landwirtschaft.org\/","name":"Permakultur-Landwirtschaft","description":"F\u00f6rderung der Permakultur in der Landwirtschaft","publisher":{"@id":"https:\/\/permakultur-landwirtschaft.org\/#organization"},"potentialAction":[{"@type":"SearchAction","target":{"@type":"EntryPoint","urlTemplate":"https:\/\/permakultur-landwirtschaft.org\/?s={search_term_string}"},"query-input":{"@type":"PropertyValueSpecification","valueRequired":true,"valueName":"search_term_string"}}],"inLanguage":"fr-FR"},{"@type":"Organization","@id":"https:\/\/permakultur-landwirtschaft.org\/#organization","name":"Permakultur-Landwirtschaft","alternateName":"Verein Permakultur-Landwirtschaft","url":"https:\/\/permakultur-landwirtschaft.org\/","logo":{"@type":"ImageObject","inLanguage":"fr-FR","@id":"https:\/\/permakultur-landwirtschaft.org\/#\/schema\/logo\/image\/","url":"https:\/\/permakultur-landwirtschaft.org\/wp-content\/uploads\/2021\/11\/pela_1268x1269.png","contentUrl":"https:\/\/permakultur-landwirtschaft.org\/wp-content\/uploads\/2021\/11\/pela_1268x1269.png","width":1298,"height":1269,"caption":"Permakultur-Landwirtschaft"},"image":{"@id":"https:\/\/permakultur-landwirtschaft.org\/#\/schema\/logo\/image\/"},"sameAs":["https:\/\/www.facebook.com\/PermakulturLandwirtschaft","https:\/\/www.instagram.com\/permakultur_landwirtschaft\/","https:\/\/www.flickr.com\/photos\/permakultur-landwirtschaft","https:\/\/www.youtube.com\/@PermakulturLandwirtschaft"]},{"@type":"Person","@id":"https:\/\/permakultur-landwirtschaft.org\/#\/schema\/person\/6b0467872f75aed3e144093f9bf4f0b0","name":"adrian reutimann","url":"https:\/\/permakultur-landwirtschaft.org\/fr\/author\/reutiadr\/"}]}},"_links":{"self":[{"href":"https:\/\/permakultur-landwirtschaft.org\/fr\/wp-json\/wp\/v2\/posts\/36285","targetHints":{"allow":["GET"]}}],"collection":[{"href":"https:\/\/permakultur-landwirtschaft.org\/fr\/wp-json\/wp\/v2\/posts"}],"about":[{"href":"https:\/\/permakultur-landwirtschaft.org\/fr\/wp-json\/wp\/v2\/types\/post"}],"author":[{"embeddable":true,"href":"https:\/\/permakultur-landwirtschaft.org\/fr\/wp-json\/wp\/v2\/users\/2"}],"replies":[{"embeddable":true,"href":"https:\/\/permakultur-landwirtschaft.org\/fr\/wp-json\/wp\/v2\/comments?post=36285"}],"version-history":[{"count":2,"href":"https:\/\/permakultur-landwirtschaft.org\/fr\/wp-json\/wp\/v2\/posts\/36285\/revisions"}],"predecessor-version":[{"id":36289,"href":"https:\/\/permakultur-landwirtschaft.org\/fr\/wp-json\/wp\/v2\/posts\/36285\/revisions\/36289"}],"wp:featuredmedia":[{"embeddable":true,"href":"https:\/\/permakultur-landwirtschaft.org\/fr\/wp-json\/wp\/v2\/media\/36283"}],"wp:attachment":[{"href":"https:\/\/permakultur-landwirtschaft.org\/fr\/wp-json\/wp\/v2\/media?parent=36285"}],"wp:term":[{"taxonomy":"category","embeddable":true,"href":"https:\/\/permakultur-landwirtschaft.org\/fr\/wp-json\/wp\/v2\/categories?post=36285"},{"taxonomy":"post_tag","embeddable":true,"href":"https:\/\/permakultur-landwirtschaft.org\/fr\/wp-json\/wp\/v2\/tags?post=36285"}],"curies":[{"name":"wp","href":"https:\/\/api.w.org\/{rel}","templated":true}]}}