{"id":36251,"date":"2025-04-07T13:47:19","date_gmt":"2025-04-07T11:47:19","guid":{"rendered":"https:\/\/permakultur-landwirtschaft.org\/?p=36251"},"modified":"2026-01-08T19:00:37","modified_gmt":"2026-01-08T18:00:37","slug":"10jahre2025","status":"publish","type":"post","link":"https:\/\/permakultur-landwirtschaft.org\/fr\/10jahre2025\/","title":{"rendered":"10 ans d'Association d'Agriculture Permaculturelle et de randonn\u00e9e permaculturelle - \u00e9v\u00e9nement anniversaire le 06 septembre 2025"},"content":{"rendered":"<div data-elementor-type=\"wp-post\" data-elementor-id=\"36251\" class=\"elementor elementor-36251\" data-elementor-post-type=\"post\">\n\t\t\t\t<div class=\"elementor-element elementor-element-dd10d07 e-flex e-con-boxed e-con e-parent\" data-id=\"dd10d07\" data-element_type=\"container\" data-e-type=\"container\">\n\t\t\t\t\t<div class=\"e-con-inner\">\n\t\t\t\t<div class=\"elementor-element elementor-element-4ffce28 elementor-widget elementor-widget-heading\" data-id=\"4ffce28\" data-element_type=\"widget\" data-e-type=\"widget\" data-widget_type=\"heading.default\">\n\t\t\t\t<div class=\"elementor-widget-container\">\n\t\t\t\t\t<h2 class=\"elementor-heading-title elementor-size-default\">Invitation au 10e anniversaire de l'Association Agriculture Permaculturelle en combinaison avec la traditionnelle randonn\u00e9e permaculturelle avec l'Association Permaculture Suisse<\/h2>\t\t\t\t<\/div>\n\t\t\t\t<\/div>\n\t\t\t\t<div class=\"elementor-element elementor-element-b17a968 elementor-widget elementor-widget-text-editor\" data-id=\"b17a968\" data-element_type=\"widget\" data-e-type=\"widget\" data-widget_type=\"text-editor.default\">\n\t\t\t\t<div class=\"elementor-widget-container\">\n\t\t\t\t\t\t\t\t\t<p>Der Verein Permakultur-Landwirtschaft engagiert sich bereits seit zehn Jahren f\u00fcr die Permakultur in der Landwirtschaft. Das wollen wir so richtig feiern.<\/p>\n<p>Nous invitons cordialement tous les membres et toutes les personnes int\u00e9ress\u00e9es \u00e0 notre 10\u00e8me anniversaire de l'Association Agriculture Permaculturelle. Le 6 septembre 2025, nous souhaitons d\u00e9couvrir, \u00e9changer et f\u00eater ensemble.<\/p>\n<p>R\u00e9jouissez-vous d'une randonn\u00e9e qui nous m\u00e8nera \u00e0 travers la magnifique nature de la p\u00e9riph\u00e9rie de Berne, ainsi que d'une visite guid\u00e9e informative des champs d'essai et des jardins de la HAFL (Haute \u00e9cole des sciences agronomiques, foresti\u00e8res et alimentaires), o\u00f9 nous pourrons en apprendre davantage sur la recherche.<\/p>\n<p>Le bien-\u00eatre physique est assur\u00e9 : nous d\u00e9gusterons un d\u00e9licieux repas de midi au restaurant \u00ab alte M\u00fchle \u00bb pr\u00e8s de l'Inforama. De plus, une biblioth\u00e8que vivante nous attend, dans laquelle nous pourrons partager des histoires d'associations, des connaissances et des exp\u00e9riences. La journ\u00e9e se terminera par une visite du champ mondial, o\u00f9 nous d\u00e9couvrirons de pr\u00e8s des informations passionnantes sur l'agriculture mondiale.<\/p>\n<p>Nous nous r\u00e9jouissons de passer une journ\u00e9e inspirante avec vous !<\/p>\n<p><!-- \/wp:paragraph --><!-- wp:paragraph --><!-- \/wp:paragraph --><\/p>\t\t\t\t\t\t\t\t<\/div>\n\t\t\t\t<\/div>\n\t\t\t\t<div class=\"elementor-element elementor-element-968c1d5 elementor-widget elementor-widget-heading\" data-id=\"968c1d5\" data-element_type=\"widget\" data-e-type=\"widget\" data-widget_type=\"heading.default\">\n\t\t\t\t<div class=\"elementor-widget-container\">\n\t\t\t\t\t<h2 class=\"elementor-heading-title elementor-size-default\">Date<\/h2>\t\t\t\t<\/div>\n\t\t\t\t<\/div>\n\t\t\t\t<div class=\"elementor-element elementor-element-2701497 elementor-widget elementor-widget-text-editor\" data-id=\"2701497\" data-element_type=\"widget\" data-e-type=\"widget\" data-widget_type=\"text-editor.default\">\n\t\t\t\t<div class=\"elementor-widget-container\">\n\t\t\t\t\t\t\t\t\t<p>Samedi 06 septembre 2025, 09:30 - 17:00<\/p><p><!-- \/wp:paragraph --><!-- wp:paragraph --><!-- \/wp:paragraph --><\/p>\t\t\t\t\t\t\t\t<\/div>\n\t\t\t\t<\/div>\n\t\t\t\t<div class=\"elementor-element elementor-element-45c2a99 elementor-widget elementor-widget-heading\" data-id=\"45c2a99\" data-element_type=\"widget\" data-e-type=\"widget\" data-widget_type=\"heading.default\">\n\t\t\t\t<div class=\"elementor-widget-container\">\n\t\t\t\t\t<h2 class=\"elementor-heading-title elementor-size-default\">Lieu<\/h2>\t\t\t\t<\/div>\n\t\t\t\t<\/div>\n\t\t\t\t<div class=\"elementor-element elementor-element-d6f0c7b elementor-widget elementor-widget-text-editor\" data-id=\"d6f0c7b\" data-element_type=\"widget\" data-e-type=\"widget\" data-widget_type=\"text-editor.default\">\n\t\t\t\t<div class=\"elementor-widget-container\">\n\t\t\t\t\t\t\t\t\t<p>HAFL und Weltacker<br \/>3052 Zollikofen BE<\/p>\n<p><a href=\"https:\/\/www.bfh.ch\/hafl\/de\/ueber-die-hafl\/standorte-infrastruktur\/standorte\/zollikofen-laenggasse\/\" target=\"_blank\" rel=\"noopener\">Link und Infos zur HAFL<\/a><\/p>\n<p><a href=\"https:\/\/www.inforama.ch\/inforama\/standorte\/ruetti\" target=\"_blank\" rel=\"noopener\">Link und Infos zur Inforama R\u00fctti (direkt neben dem Weltacker)<\/a><\/p>\n<p><!-- \/wp:paragraph --><!-- wp:paragraph --><!-- \/wp:paragraph --><\/p>\t\t\t\t\t\t\t\t<\/div>\n\t\t\t\t<\/div>\n\t\t\t\t<div class=\"elementor-element elementor-element-61e2d1c elementor-widget elementor-widget-heading\" data-id=\"61e2d1c\" data-element_type=\"widget\" data-e-type=\"widget\" data-widget_type=\"heading.default\">\n\t\t\t\t<div class=\"elementor-widget-container\">\n\t\t\t\t\t<h2 class=\"elementor-heading-title elementor-size-default\">Arriv\u00e9e<\/h2>\t\t\t\t<\/div>\n\t\t\t\t<\/div>\n\t\t\t\t<div class=\"elementor-element elementor-element-4904196 elementor-widget elementor-widget-text-editor\" data-id=\"4904196\" data-element_type=\"widget\" data-e-type=\"widget\" data-widget_type=\"text-editor.default\">\n\t\t\t\t<div class=\"elementor-widget-container\">\n\t\t\t\t\t\t\t\t\t<p>Treffpunkt ist beim RBS <a href=\"https:\/\/www.sbb.ch\/de\/reiseinformationen\/bahnhoefe\/bahnhof-finden\/bahnhof.8052.bern-tiefenau.html\" target=\"_blank\" rel=\"noopener\">Bahnhof Bern Tiefenau<\/a><\/p><p><!-- \/wp:paragraph --><!-- wp:paragraph --><!-- \/wp:paragraph --><\/p>\t\t\t\t\t\t\t\t<\/div>\n\t\t\t\t<\/div>\n\t\t\t\t<div class=\"elementor-element elementor-element-0e3c221 elementor-widget elementor-widget-image\" data-id=\"0e3c221\" data-element_type=\"widget\" data-e-type=\"widget\" data-widget_type=\"image.default\">\n\t\t\t\t<div class=\"elementor-widget-container\">\n\t\t\t\t\t\t\t\t\t\t\t\t<figure class=\"wp-caption\">\n\t\t\t\t\t\t\t\t\t\t\t<a href=\"https:\/\/permakultur-landwirtschaft.org\/wp-content\/uploads\/2025\/04\/bahnhof-tiefenau-treffpunkt-2025-04-07_13-34-24.jpg\" data-elementor-open-lightbox=\"yes\" data-elementor-lightbox-title=\"Treffpunkt beim Bahnhof Bern Tiefenau\" data-e-action-hash=\"#elementor-action%3Aaction%3Dlightbox%26settings%3DeyJpZCI6MzYyNTQsInVybCI6Imh0dHBzOlwvXC9wZXJtYWt1bHR1ci1sYW5kd2lydHNjaGFmdC5vcmdcL3dwLWNvbnRlbnRcL3VwbG9hZHNcLzIwMjVcLzA0XC9iYWhuaG9mLXRpZWZlbmF1LXRyZWZmcHVua3QtMjAyNS0wNC0wN18xMy0zNC0yNC5qcGcifQ%3D%3D\">\n\t\t\t\t\t\t\t<img fetchpriority=\"high\" decoding=\"async\" width=\"300\" height=\"198\" src=\"https:\/\/permakultur-landwirtschaft.org\/wp-content\/uploads\/2025\/04\/bahnhof-tiefenau-treffpunkt-2025-04-07_13-34-24-300x198.jpg\" class=\"attachment-medium size-medium wp-image-36254\" alt=\"Treffpunkt beim Bahnhof Bern Tiefenau\" srcset=\"https:\/\/permakultur-landwirtschaft.org\/wp-content\/uploads\/2025\/04\/bahnhof-tiefenau-treffpunkt-2025-04-07_13-34-24-300x198.jpg 300w, https:\/\/permakultur-landwirtschaft.org\/wp-content\/uploads\/2025\/04\/bahnhof-tiefenau-treffpunkt-2025-04-07_13-34-24-18x12.jpg 18w, https:\/\/permakultur-landwirtschaft.org\/wp-content\/uploads\/2025\/04\/bahnhof-tiefenau-treffpunkt-2025-04-07_13-34-24.jpg 700w\" sizes=\"(max-width: 300px) 100vw, 300px\" \/>\t\t\t\t\t\t\t\t<\/a>\n\t\t\t\t\t\t\t\t\t\t\t<figcaption class=\"widget-image-caption wp-caption-text\"><\/figcaption>\n\t\t\t\t\t\t\t\t\t\t<\/figure>\n\t\t\t\t\t\t\t\t\t<\/div>\n\t\t\t\t<\/div>\n\t\t\t\t<div class=\"elementor-element elementor-element-e9906db elementor-widget elementor-widget-text-editor\" data-id=\"e9906db\" data-element_type=\"widget\" data-e-type=\"widget\" data-widget_type=\"text-editor.default\">\n\t\t\t\t<div class=\"elementor-widget-container\">\n\t\t\t\t\t\t\t\t\t<p>Parkpl\u00e4tze hat es dort nur beschr\u00e4nkt.<\/p><p>Wer nicht an die Wanderung kommt oder das Auto zuvor dort parkieren m\u00f6chte, wo die Veranstaltung um 17:00 auch beendet wird, kann bei der HAFL oder dem Weltacker beim Inforama parkieren.<\/p><p><!-- \/wp:paragraph --><!-- wp:paragraph --><!-- \/wp:paragraph --><\/p>\t\t\t\t\t\t\t\t<\/div>\n\t\t\t\t<\/div>\n\t\t\t\t<div class=\"elementor-element elementor-element-1eb2842 elementor-widget elementor-widget-heading\" data-id=\"1eb2842\" data-element_type=\"widget\" data-e-type=\"widget\" data-widget_type=\"heading.default\">\n\t\t\t\t<div class=\"elementor-widget-container\">\n\t\t\t\t\t<h2 class=\"elementor-heading-title elementor-size-default\">Programme<\/h2>\t\t\t\t<\/div>\n\t\t\t\t<\/div>\n\t\t\t\t<div class=\"elementor-element elementor-element-e198b38 elementor-widget elementor-widget-text-editor\" data-id=\"e198b38\" data-element_type=\"widget\" data-e-type=\"widget\" data-widget_type=\"text-editor.default\">\n\t\t\t\t<div class=\"elementor-widget-container\">\n\t\t\t\t\t\t\t\t\t<p>09.30 \u2013 11.00 <a href=\"https:\/\/schweizmobil.ch\/de\/tour\/297191164?E=2601303&amp;N=1203559&amp;resolution=10.00&amp;bgLayer=lb&amp;layers=wanderland&amp;detours=yes&amp;shooting=yes&amp;logos=yes&amp;photos=yes&amp;season=summer\" target=\"_blank\" rel=\"noopener\">Permakultur Wanderung<\/a> durch den Reichenbachwald, entlang dem Landschaftsweg Zollikofen zur HAFL<br \/>11.00 \u2013 11.45 F\u00fchrungen durch <a href=\"https:\/\/www.bfh.ch\/de\/forschung\/forschungsbereiche\/permakultur\/#permakulturgaerten-an-der-bfh-hafl\" target=\"_blank\" rel=\"noopener\">Permakultur Feld- und Waldgarten der HAFL<\/a><br \/>11.45 \u2013 13.00 Ap\u00e9ro und Spaziergang zur Alten M\u00fchle<br \/>13.00 \u2013 14.00 Mittagessen in der Alten M\u00fchle auf der R\u00fctti<br \/>14.00 \u2013 15.15 Jubil\u00e4umfeier mit lebendiger Bibliothek:<\/p>\n<ul>\n<li>Christian Gersbach, Eulenhof M\u00f6hlin<\/li>\n<li>Jil Schuller, Bauernzeitung<\/li>\n<li>Adrian Reutimann, Kompetenzplattform Permakultur-Landwirtschaft<\/li>\n<li>Melanie Alder, H\u00f6fe-Netz Permakultur-Landwirtschaft<\/li>\n<li>Hans Balmer, Mitbegr\u00fcnder Verein Permakultur-Landwirtschaft<\/li>\n<li>Mila Laager, BFH-HAFL<\/li>\n<\/ul>\n<p>\u00a015.30 \u2013 17.00 Ackertour auf dem <a href=\"https:\/\/weltacker-bern.ch\/\" target=\"_blank\" rel=\"noopener\">Weltacker Bern<\/a> in Zollikofen<br \/>17.00 Ende der Veranstaltung beim Weltacker<\/p>\n<p>Es k\u00f6nnen auch einzelne Programmpunkte besucht werden.<\/p>\n<p><!-- \/wp:paragraph --><!-- wp:paragraph --><!-- \/wp:paragraph --><\/p>\t\t\t\t\t\t\t\t<\/div>\n\t\t\t\t<\/div>\n\t\t\t\t<div class=\"elementor-element elementor-element-ee5b17d elementor-widget elementor-widget-heading\" data-id=\"ee5b17d\" data-element_type=\"widget\" data-e-type=\"widget\" data-widget_type=\"heading.default\">\n\t\t\t\t<div class=\"elementor-widget-container\">\n\t\t\t\t\t<h2 class=\"elementor-heading-title elementor-size-default\">Co\u00fbts<\/h2>\t\t\t\t<\/div>\n\t\t\t\t<\/div>\n\t\t\t\t<div class=\"elementor-element elementor-element-64f7843 elementor-widget elementor-widget-text-editor\" data-id=\"64f7843\" data-element_type=\"widget\" data-e-type=\"widget\" data-widget_type=\"text-editor.default\">\n\t\t\t\t<div class=\"elementor-widget-container\">\n\t\t\t\t\t\t\t\t\t<p>Gratuit<\/p><p><!-- \/wp:paragraph --><!-- wp:paragraph --><!-- \/wp:paragraph --><\/p>\t\t\t\t\t\t\t\t<\/div>\n\t\t\t\t<\/div>\n\t\t\t\t<div class=\"elementor-element elementor-element-af80043 elementor-widget elementor-widget-heading\" data-id=\"af80043\" data-element_type=\"widget\" data-e-type=\"widget\" data-widget_type=\"heading.default\">\n\t\t\t\t<div class=\"elementor-widget-container\">\n\t\t\t\t\t<h2 class=\"elementor-heading-title elementor-size-default\">Divers<\/h2>\t\t\t\t<\/div>\n\t\t\t\t<\/div>\n\t\t\t\t<div class=\"elementor-element elementor-element-68ca620 elementor-widget elementor-widget-text-editor\" data-id=\"68ca620\" data-element_type=\"widget\" data-e-type=\"widget\" data-widget_type=\"text-editor.default\">\n\t\t\t\t<div class=\"elementor-widget-container\">\n\t\t\t\t\t\t\t\t\t<p>Kontakt f\u00fcr Fragen zum Anlass:<br \/>Melanie Alder, melanie.alder@permakultur-landwirtschaft.org<\/p>\n<p>Anmeldung bis sp\u00e4testens 25. August 2025.<\/p>\n<p>Flyer zum Vereinsjubil\u00e4um:<\/p>\n<p><!-- \/wp:paragraph --><!-- wp:paragraph --><!-- \/wp:paragraph --><\/p>\t\t\t\t\t\t\t\t<\/div>\n\t\t\t\t<\/div>\n\t\t\t\t<div class=\"elementor-element elementor-element-427b5e4 elementor-widget elementor-widget-image\" data-id=\"427b5e4\" data-element_type=\"widget\" data-e-type=\"widget\" data-widget_type=\"image.default\">\n\t\t\t\t<div class=\"elementor-widget-container\">\n\t\t\t\t\t\t\t\t\t\t\t\t<figure class=\"wp-caption\">\n\t\t\t\t\t\t\t\t\t\t\t<a href=\"https:\/\/permakultur-landwirtschaft.org\/wp-content\/uploads\/2025\/04\/20250906_10_Jahr_Permakultur-Landwirtschaft_Jubilaeum_mit_pk_ch_2.jpg\" data-elementor-open-lightbox=\"yes\" data-elementor-lightbox-title=\"Flyer zum 10-j\u00e4hrigen Jubli\u00e4um des Vereins Permakultur-Landwirtschaft\" data-e-action-hash=\"#elementor-action%3Aaction%3Dlightbox%26settings%3DeyJpZCI6MzY1ODIsInVybCI6Imh0dHBzOlwvXC9wZXJtYWt1bHR1ci1sYW5kd2lydHNjaGFmdC5vcmdcL3dwLWNvbnRlbnRcL3VwbG9hZHNcLzIwMjVcLzA0XC8yMDI1MDkwNl8xMF9KYWhyX1Blcm1ha3VsdHVyLUxhbmR3aXJ0c2NoYWZ0X0p1YmlsYWV1bV9taXRfcGtfY2hfMi5qcGcifQ%3D%3D\">\n\t\t\t\t\t\t\t<img decoding=\"async\" width=\"150\" height=\"150\" src=\"https:\/\/permakultur-landwirtschaft.org\/wp-content\/uploads\/2025\/04\/20250906_10_Jahr_Permakultur-Landwirtschaft_Jubilaeum_mit_pk_ch_2-150x150.jpg\" class=\"attachment-thumbnail size-thumbnail wp-image-36582\" alt=\"Flyer zum 10-j\u00e4hrigen Jubli\u00e4um des Vereins Permakultur-Landwirtschaft\" \/>\t\t\t\t\t\t\t\t<\/a>\n\t\t\t\t\t\t\t\t\t\t\t<figcaption class=\"widget-image-caption wp-caption-text\"><\/figcaption>\n\t\t\t\t\t\t\t\t\t\t<\/figure>\n\t\t\t\t\t\t\t\t\t<\/div>\n\t\t\t\t<\/div>\n\t\t\t\t<div class=\"elementor-element elementor-element-35547bc elementor-widget elementor-widget-text-editor\" data-id=\"35547bc\" data-element_type=\"widget\" data-e-type=\"widget\" data-widget_type=\"text-editor.default\">\n\t\t\t\t<div class=\"elementor-widget-container\">\n\t\t\t\t\t\t\t\t\t<p><a href=\"https:\/\/www.flickr.com\/photos\/permakultur-landwirtschaft\/albums\/72177720328911499\" target=\"_blank\" rel=\"noopener\">Zu den Fotos der Veranstaltung<\/a><\/p>\t\t\t\t\t\t\t\t<\/div>\n\t\t\t\t<\/div>\n\t\t\t\t\t<\/div>\n\t\t\t\t<\/div>\n\t\t\t\t<\/div>","protected":false},"excerpt":{"rendered":"<p>Einladung zum 10-j\u00e4hrigen Jubil\u00e4um des Vereins Permakultur-Landwirtschaft in Kombination mit der traditionellen Permakultur Wanderung mit dem Verein Permakultur Schweiz Der Verein Permakultur-Landwirtschaft engagiert sich bereits seit zehn Jahren f\u00fcr die Permakultur in der Landwirtschaft. Das wollen wir so richtig feiern. Herzlich laden wir alle Mitglieder und Interessierten zu unserem 10-j\u00e4hrigen Jubil\u00e4um des Vereins Permakultur-Landwirtschaft ein. [&hellip;]<\/p>\n","protected":false},"author":2,"featured_media":36258,"comment_status":"closed","ping_status":"closed","sticky":false,"template":"elementor_theme","format":"standard","meta":{"_acf_changed":false,"site-sidebar-layout":"default","site-content-layout":"","ast-site-content-layout":"default","site-content-style":"default","site-sidebar-style":"default","ast-global-header-display":"","ast-banner-title-visibility":"","ast-main-header-display":"","ast-hfb-above-header-display":"","ast-hfb-below-header-display":"","ast-hfb-mobile-header-display":"","site-post-title":"","ast-breadcrumbs-content":"","ast-featured-img":"","footer-sml-layout":"","ast-disable-related-posts":"","theme-transparent-header-meta":"","adv-header-id-meta":"","stick-header-meta":"","header-above-stick-meta":"","header-main-stick-meta":"","header-below-stick-meta":"","astra-migrate-meta-layouts":"set","ast-page-background-enabled":"default","ast-page-background-meta":{"desktop":{"background-color":"var(--ast-global-color-4)","background-image":"","background-repeat":"repeat","background-position":"center center","background-size":"auto","background-attachment":"scroll","background-type":"","background-media":"","overlay-type":"","overlay-color":"","overlay-opacity":"","overlay-gradient":""},"tablet":{"background-color":"","background-image":"","background-repeat":"repeat","background-position":"center center","background-size":"auto","background-attachment":"scroll","background-type":"","background-media":"","overlay-type":"","overlay-color":"","overlay-opacity":"","overlay-gradient":""},"mobile":{"background-color":"","background-image":"","background-repeat":"repeat","background-position":"center center","background-size":"auto","background-attachment":"scroll","background-type":"","background-media":"","overlay-type":"","overlay-color":"","overlay-opacity":"","overlay-gradient":""}},"ast-content-background-meta":{"desktop":{"background-color":"var(--ast-global-color-5)","background-image":"","background-repeat":"repeat","background-position":"center center","background-size":"auto","background-attachment":"scroll","background-type":"","background-media":"","overlay-type":"","overlay-color":"","overlay-opacity":"","overlay-gradient":""},"tablet":{"background-color":"var(--ast-global-color-5)","background-image":"","background-repeat":"repeat","background-position":"center center","background-size":"auto","background-attachment":"scroll","background-type":"","background-media":"","overlay-type":"","overlay-color":"","overlay-opacity":"","overlay-gradient":""},"mobile":{"background-color":"var(--ast-global-color-5)","background-image":"","background-repeat":"repeat","background-position":"center center","background-size":"auto","background-attachment":"scroll","background-type":"","background-media":"","overlay-type":"","overlay-color":"","overlay-opacity":"","overlay-gradient":""}},"footnotes":""},"categories":[14],"tags":[643,153,640,639,303,641,642],"class_list":["post-36251","post","type-post","status-publish","format-standard","has-post-thumbnail","hentry","category-veranstaltung","tag-10-jahre","tag-bfh-hafl","tag-fest","tag-jubilaeum","tag-verein-permakultur-landwirtschaft","tag-weltacker","tag-zollikofen"],"acf":[],"yoast_head":"<!-- This site is optimized with the Yoast SEO plugin v27.5 - https:\/\/yoast.com\/product\/yoast-seo-wordpress\/ -->\n<title>10 Jahre Verein Permakultur-Landwirtschaft und Permakultur Wanderung - Jubil\u00e4umsanlass am 06. September 2025 - Permakultur-Landwirtschaft<\/title>\n<meta name=\"description\" content=\"Herzlich laden wir alle am 6. September 2025 zu unserem 10-j\u00e4hrigen Vereinsjubil\u00e4um des Vereins Permakultur Landwirtschaft ein.\" \/>\n<meta name=\"robots\" content=\"index, follow, max-snippet:-1, max-image-preview:large, max-video-preview:-1\" \/>\n<link rel=\"canonical\" href=\"https:\/\/permakultur-landwirtschaft.org\/fr\/10jahre2025\/\" \/>\n<meta property=\"og:locale\" content=\"fr_FR\" \/>\n<meta property=\"og:type\" content=\"article\" \/>\n<meta property=\"og:title\" content=\"10 Jahre Verein Permakultur-Landwirtschaft und Permakultur Wanderung - Jubil\u00e4umsanlass am 06. September 2025 - Permakultur-Landwirtschaft\" \/>\n<meta property=\"og:description\" content=\"Herzlich laden wir alle am 6. September 2025 zu unserem 10-j\u00e4hrigen Vereinsjubil\u00e4um des Vereins Permakultur Landwirtschaft ein.\" \/>\n<meta property=\"og:url\" content=\"https:\/\/permakultur-landwirtschaft.org\/fr\/10jahre2025\/\" \/>\n<meta property=\"og:site_name\" content=\"Permakultur-Landwirtschaft\" \/>\n<meta property=\"article:publisher\" content=\"https:\/\/www.facebook.com\/PermakulturLandwirtschaft\" \/>\n<meta property=\"article:published_time\" content=\"2025-04-07T11:47:19+00:00\" \/>\n<meta property=\"article:modified_time\" content=\"2026-01-08T18:00:37+00:00\" \/>\n<meta property=\"og:image\" content=\"https:\/\/permakultur-landwirtschaft.org\/wp-content\/uploads\/2025\/04\/20250906_10_Jahr_Permakultur-Landwirtschaft_Jubilaeum-700.jpg\" \/>\n\t<meta property=\"og:image:width\" content=\"700\" \/>\n\t<meta property=\"og:image:height\" content=\"676\" \/>\n\t<meta property=\"og:image:type\" content=\"image\/jpeg\" \/>\n<meta name=\"author\" content=\"adrian reutimann\" \/>\n<meta name=\"twitter:card\" content=\"summary_large_image\" \/>\n<meta name=\"twitter:label1\" content=\"\u00c9crit par\" \/>\n\t<meta name=\"twitter:data1\" content=\"adrian reutimann\" \/>\n\t<meta name=\"twitter:label2\" content=\"Dur\u00e9e de lecture estim\u00e9e\" \/>\n\t<meta name=\"twitter:data2\" content=\"3 minutes\" \/>\n<script type=\"application\/ld+json\" class=\"yoast-schema-graph\">{\"@context\":\"https:\\\/\\\/schema.org\",\"@graph\":[{\"@type\":\"Article\",\"@id\":\"https:\\\/\\\/permakultur-landwirtschaft.org\\\/10jahre2025\\\/#article\",\"isPartOf\":{\"@id\":\"https:\\\/\\\/permakultur-landwirtschaft.org\\\/10jahre2025\\\/\"},\"author\":{\"name\":\"adrian reutimann\",\"@id\":\"https:\\\/\\\/permakultur-landwirtschaft.org\\\/#\\\/schema\\\/person\\\/6b0467872f75aed3e144093f9bf4f0b0\"},\"headline\":\"10 Jahre Verein Permakultur-Landwirtschaft und Permakultur Wanderung &#8211; Jubil\u00e4umsanlass am 06. September 2025\",\"datePublished\":\"2025-04-07T11:47:19+00:00\",\"dateModified\":\"2026-01-08T18:00:37+00:00\",\"mainEntityOfPage\":{\"@id\":\"https:\\\/\\\/permakultur-landwirtschaft.org\\\/10jahre2025\\\/\"},\"wordCount\":384,\"publisher\":{\"@id\":\"https:\\\/\\\/permakultur-landwirtschaft.org\\\/#organization\"},\"image\":{\"@id\":\"https:\\\/\\\/permakultur-landwirtschaft.org\\\/10jahre2025\\\/#primaryimage\"},\"thumbnailUrl\":\"https:\\\/\\\/permakultur-landwirtschaft.org\\\/wp-content\\\/uploads\\\/2025\\\/04\\\/20250906_10_Jahr_Permakultur-Landwirtschaft_Jubilaeum-700.jpg\",\"keywords\":[\"10 Jahre\",\"BFH-HAFL\",\"Fest\",\"Jubil\u00e4um\",\"Verein Permakultur-Landwirtschaft\",\"Weltacker\",\"Zollikofen\"],\"articleSection\":[\"Veranstaltung\"],\"inLanguage\":\"fr-FR\"},{\"@type\":\"WebPage\",\"@id\":\"https:\\\/\\\/permakultur-landwirtschaft.org\\\/10jahre2025\\\/\",\"url\":\"https:\\\/\\\/permakultur-landwirtschaft.org\\\/10jahre2025\\\/\",\"name\":\"10 Jahre Verein Permakultur-Landwirtschaft und Permakultur Wanderung - Jubil\u00e4umsanlass am 06. September 2025 - Permakultur-Landwirtschaft\",\"isPartOf\":{\"@id\":\"https:\\\/\\\/permakultur-landwirtschaft.org\\\/#website\"},\"primaryImageOfPage\":{\"@id\":\"https:\\\/\\\/permakultur-landwirtschaft.org\\\/10jahre2025\\\/#primaryimage\"},\"image\":{\"@id\":\"https:\\\/\\\/permakultur-landwirtschaft.org\\\/10jahre2025\\\/#primaryimage\"},\"thumbnailUrl\":\"https:\\\/\\\/permakultur-landwirtschaft.org\\\/wp-content\\\/uploads\\\/2025\\\/04\\\/20250906_10_Jahr_Permakultur-Landwirtschaft_Jubilaeum-700.jpg\",\"datePublished\":\"2025-04-07T11:47:19+00:00\",\"dateModified\":\"2026-01-08T18:00:37+00:00\",\"description\":\"Herzlich laden wir alle am 6. September 2025 zu unserem 10-j\u00e4hrigen Vereinsjubil\u00e4um des Vereins Permakultur Landwirtschaft ein.\",\"breadcrumb\":{\"@id\":\"https:\\\/\\\/permakultur-landwirtschaft.org\\\/10jahre2025\\\/#breadcrumb\"},\"inLanguage\":\"fr-FR\",\"potentialAction\":[{\"@type\":\"ReadAction\",\"target\":[\"https:\\\/\\\/permakultur-landwirtschaft.org\\\/10jahre2025\\\/\"]}]},{\"@type\":\"ImageObject\",\"inLanguage\":\"fr-FR\",\"@id\":\"https:\\\/\\\/permakultur-landwirtschaft.org\\\/10jahre2025\\\/#primaryimage\",\"url\":\"https:\\\/\\\/permakultur-landwirtschaft.org\\\/wp-content\\\/uploads\\\/2025\\\/04\\\/20250906_10_Jahr_Permakultur-Landwirtschaft_Jubilaeum-700.jpg\",\"contentUrl\":\"https:\\\/\\\/permakultur-landwirtschaft.org\\\/wp-content\\\/uploads\\\/2025\\\/04\\\/20250906_10_Jahr_Permakultur-Landwirtschaft_Jubilaeum-700.jpg\",\"width\":700,\"height\":676,\"caption\":\"Bild zum 10-j\u00e4hrigen Jubil\u00e4umsanlass des Vereins Permakultur-Landwirtschaft\"},{\"@type\":\"BreadcrumbList\",\"@id\":\"https:\\\/\\\/permakultur-landwirtschaft.org\\\/10jahre2025\\\/#breadcrumb\",\"itemListElement\":[{\"@type\":\"ListItem\",\"position\":1,\"name\":\"Startseite\",\"item\":\"https:\\\/\\\/permakultur-landwirtschaft.org\\\/\"},{\"@type\":\"ListItem\",\"position\":2,\"name\":\"10 Jahre Verein Permakultur-Landwirtschaft und Permakultur Wanderung &#8211; Jubil\u00e4umsanlass am 06. September 2025\"}]},{\"@type\":\"WebSite\",\"@id\":\"https:\\\/\\\/permakultur-landwirtschaft.org\\\/#website\",\"url\":\"https:\\\/\\\/permakultur-landwirtschaft.org\\\/\",\"name\":\"Permakultur-Landwirtschaft\",\"description\":\"F\u00f6rderung der Permakultur in der Landwirtschaft\",\"publisher\":{\"@id\":\"https:\\\/\\\/permakultur-landwirtschaft.org\\\/#organization\"},\"potentialAction\":[{\"@type\":\"SearchAction\",\"target\":{\"@type\":\"EntryPoint\",\"urlTemplate\":\"https:\\\/\\\/permakultur-landwirtschaft.org\\\/?s={search_term_string}\"},\"query-input\":{\"@type\":\"PropertyValueSpecification\",\"valueRequired\":true,\"valueName\":\"search_term_string\"}}],\"inLanguage\":\"fr-FR\"},{\"@type\":\"Organization\",\"@id\":\"https:\\\/\\\/permakultur-landwirtschaft.org\\\/#organization\",\"name\":\"Permakultur-Landwirtschaft\",\"alternateName\":\"Verein Permakultur-Landwirtschaft\",\"url\":\"https:\\\/\\\/permakultur-landwirtschaft.org\\\/\",\"logo\":{\"@type\":\"ImageObject\",\"inLanguage\":\"fr-FR\",\"@id\":\"https:\\\/\\\/permakultur-landwirtschaft.org\\\/#\\\/schema\\\/logo\\\/image\\\/\",\"url\":\"https:\\\/\\\/permakultur-landwirtschaft.org\\\/wp-content\\\/uploads\\\/2021\\\/11\\\/pela_1268x1269.png\",\"contentUrl\":\"https:\\\/\\\/permakultur-landwirtschaft.org\\\/wp-content\\\/uploads\\\/2021\\\/11\\\/pela_1268x1269.png\",\"width\":1298,\"height\":1269,\"caption\":\"Permakultur-Landwirtschaft\"},\"image\":{\"@id\":\"https:\\\/\\\/permakultur-landwirtschaft.org\\\/#\\\/schema\\\/logo\\\/image\\\/\"},\"sameAs\":[\"https:\\\/\\\/www.facebook.com\\\/PermakulturLandwirtschaft\",\"https:\\\/\\\/www.instagram.com\\\/permakultur_landwirtschaft\\\/\",\"https:\\\/\\\/www.flickr.com\\\/photos\\\/permakultur-landwirtschaft\",\"https:\\\/\\\/www.youtube.com\\\/@PermakulturLandwirtschaft\"]},{\"@type\":\"Person\",\"@id\":\"https:\\\/\\\/permakultur-landwirtschaft.org\\\/#\\\/schema\\\/person\\\/6b0467872f75aed3e144093f9bf4f0b0\",\"name\":\"adrian reutimann\",\"url\":\"https:\\\/\\\/permakultur-landwirtschaft.org\\\/fr\\\/author\\\/reutiadr\\\/\"}]}<\/script>\n<!-- \/ Yoast SEO plugin. -->","yoast_head_json":{"title":"10 Jahre Verein Permakultur-Landwirtschaft und Permakultur Wanderung - Jubil\u00e4umsanlass am 06. September 2025 - Permakultur-Landwirtschaft","description":"Herzlich laden wir alle am 6. September 2025 zu unserem 10-j\u00e4hrigen Vereinsjubil\u00e4um des Vereins Permakultur Landwirtschaft ein.","robots":{"index":"index","follow":"follow","max-snippet":"max-snippet:-1","max-image-preview":"max-image-preview:large","max-video-preview":"max-video-preview:-1"},"canonical":"https:\/\/permakultur-landwirtschaft.org\/fr\/10jahre2025\/","og_locale":"fr_FR","og_type":"article","og_title":"10 Jahre Verein Permakultur-Landwirtschaft und Permakultur Wanderung - Jubil\u00e4umsanlass am 06. September 2025 - Permakultur-Landwirtschaft","og_description":"Herzlich laden wir alle am 6. September 2025 zu unserem 10-j\u00e4hrigen Vereinsjubil\u00e4um des Vereins Permakultur Landwirtschaft ein.","og_url":"https:\/\/permakultur-landwirtschaft.org\/fr\/10jahre2025\/","og_site_name":"Permakultur-Landwirtschaft","article_publisher":"https:\/\/www.facebook.com\/PermakulturLandwirtschaft","article_published_time":"2025-04-07T11:47:19+00:00","article_modified_time":"2026-01-08T18:00:37+00:00","og_image":[{"width":700,"height":676,"url":"https:\/\/permakultur-landwirtschaft.org\/wp-content\/uploads\/2025\/04\/20250906_10_Jahr_Permakultur-Landwirtschaft_Jubilaeum-700.jpg","type":"image\/jpeg"}],"author":"adrian reutimann","twitter_card":"summary_large_image","twitter_misc":{"\u00c9crit par":"adrian reutimann","Dur\u00e9e de lecture estim\u00e9e":"3 minutes"},"schema":{"@context":"https:\/\/schema.org","@graph":[{"@type":"Article","@id":"https:\/\/permakultur-landwirtschaft.org\/10jahre2025\/#article","isPartOf":{"@id":"https:\/\/permakultur-landwirtschaft.org\/10jahre2025\/"},"author":{"name":"adrian reutimann","@id":"https:\/\/permakultur-landwirtschaft.org\/#\/schema\/person\/6b0467872f75aed3e144093f9bf4f0b0"},"headline":"10 Jahre Verein Permakultur-Landwirtschaft und Permakultur Wanderung &#8211; Jubil\u00e4umsanlass am 06. September 2025","datePublished":"2025-04-07T11:47:19+00:00","dateModified":"2026-01-08T18:00:37+00:00","mainEntityOfPage":{"@id":"https:\/\/permakultur-landwirtschaft.org\/10jahre2025\/"},"wordCount":384,"publisher":{"@id":"https:\/\/permakultur-landwirtschaft.org\/#organization"},"image":{"@id":"https:\/\/permakultur-landwirtschaft.org\/10jahre2025\/#primaryimage"},"thumbnailUrl":"https:\/\/permakultur-landwirtschaft.org\/wp-content\/uploads\/2025\/04\/20250906_10_Jahr_Permakultur-Landwirtschaft_Jubilaeum-700.jpg","keywords":["10 Jahre","BFH-HAFL","Fest","Jubil\u00e4um","Verein Permakultur-Landwirtschaft","Weltacker","Zollikofen"],"articleSection":["Veranstaltung"],"inLanguage":"fr-FR"},{"@type":"WebPage","@id":"https:\/\/permakultur-landwirtschaft.org\/10jahre2025\/","url":"https:\/\/permakultur-landwirtschaft.org\/10jahre2025\/","name":"10 Jahre Verein Permakultur-Landwirtschaft und Permakultur Wanderung - Jubil\u00e4umsanlass am 06. September 2025 - Permakultur-Landwirtschaft","isPartOf":{"@id":"https:\/\/permakultur-landwirtschaft.org\/#website"},"primaryImageOfPage":{"@id":"https:\/\/permakultur-landwirtschaft.org\/10jahre2025\/#primaryimage"},"image":{"@id":"https:\/\/permakultur-landwirtschaft.org\/10jahre2025\/#primaryimage"},"thumbnailUrl":"https:\/\/permakultur-landwirtschaft.org\/wp-content\/uploads\/2025\/04\/20250906_10_Jahr_Permakultur-Landwirtschaft_Jubilaeum-700.jpg","datePublished":"2025-04-07T11:47:19+00:00","dateModified":"2026-01-08T18:00:37+00:00","description":"Herzlich laden wir alle am 6. September 2025 zu unserem 10-j\u00e4hrigen Vereinsjubil\u00e4um des Vereins Permakultur Landwirtschaft ein.","breadcrumb":{"@id":"https:\/\/permakultur-landwirtschaft.org\/10jahre2025\/#breadcrumb"},"inLanguage":"fr-FR","potentialAction":[{"@type":"ReadAction","target":["https:\/\/permakultur-landwirtschaft.org\/10jahre2025\/"]}]},{"@type":"ImageObject","inLanguage":"fr-FR","@id":"https:\/\/permakultur-landwirtschaft.org\/10jahre2025\/#primaryimage","url":"https:\/\/permakultur-landwirtschaft.org\/wp-content\/uploads\/2025\/04\/20250906_10_Jahr_Permakultur-Landwirtschaft_Jubilaeum-700.jpg","contentUrl":"https:\/\/permakultur-landwirtschaft.org\/wp-content\/uploads\/2025\/04\/20250906_10_Jahr_Permakultur-Landwirtschaft_Jubilaeum-700.jpg","width":700,"height":676,"caption":"Bild zum 10-j\u00e4hrigen Jubil\u00e4umsanlass des Vereins Permakultur-Landwirtschaft"},{"@type":"BreadcrumbList","@id":"https:\/\/permakultur-landwirtschaft.org\/10jahre2025\/#breadcrumb","itemListElement":[{"@type":"ListItem","position":1,"name":"Startseite","item":"https:\/\/permakultur-landwirtschaft.org\/"},{"@type":"ListItem","position":2,"name":"10 Jahre Verein Permakultur-Landwirtschaft und Permakultur Wanderung &#8211; Jubil\u00e4umsanlass am 06. September 2025"}]},{"@type":"WebSite","@id":"https:\/\/permakultur-landwirtschaft.org\/#website","url":"https:\/\/permakultur-landwirtschaft.org\/","name":"Permakultur-Landwirtschaft","description":"F\u00f6rderung der Permakultur in der Landwirtschaft","publisher":{"@id":"https:\/\/permakultur-landwirtschaft.org\/#organization"},"potentialAction":[{"@type":"SearchAction","target":{"@type":"EntryPoint","urlTemplate":"https:\/\/permakultur-landwirtschaft.org\/?s={search_term_string}"},"query-input":{"@type":"PropertyValueSpecification","valueRequired":true,"valueName":"search_term_string"}}],"inLanguage":"fr-FR"},{"@type":"Organization","@id":"https:\/\/permakultur-landwirtschaft.org\/#organization","name":"Permakultur-Landwirtschaft","alternateName":"Verein Permakultur-Landwirtschaft","url":"https:\/\/permakultur-landwirtschaft.org\/","logo":{"@type":"ImageObject","inLanguage":"fr-FR","@id":"https:\/\/permakultur-landwirtschaft.org\/#\/schema\/logo\/image\/","url":"https:\/\/permakultur-landwirtschaft.org\/wp-content\/uploads\/2021\/11\/pela_1268x1269.png","contentUrl":"https:\/\/permakultur-landwirtschaft.org\/wp-content\/uploads\/2021\/11\/pela_1268x1269.png","width":1298,"height":1269,"caption":"Permakultur-Landwirtschaft"},"image":{"@id":"https:\/\/permakultur-landwirtschaft.org\/#\/schema\/logo\/image\/"},"sameAs":["https:\/\/www.facebook.com\/PermakulturLandwirtschaft","https:\/\/www.instagram.com\/permakultur_landwirtschaft\/","https:\/\/www.flickr.com\/photos\/permakultur-landwirtschaft","https:\/\/www.youtube.com\/@PermakulturLandwirtschaft"]},{"@type":"Person","@id":"https:\/\/permakultur-landwirtschaft.org\/#\/schema\/person\/6b0467872f75aed3e144093f9bf4f0b0","name":"adrian reutimann","url":"https:\/\/permakultur-landwirtschaft.org\/fr\/author\/reutiadr\/"}]}},"_links":{"self":[{"href":"https:\/\/permakultur-landwirtschaft.org\/fr\/wp-json\/wp\/v2\/posts\/36251","targetHints":{"allow":["GET"]}}],"collection":[{"href":"https:\/\/permakultur-landwirtschaft.org\/fr\/wp-json\/wp\/v2\/posts"}],"about":[{"href":"https:\/\/permakultur-landwirtschaft.org\/fr\/wp-json\/wp\/v2\/types\/post"}],"author":[{"embeddable":true,"href":"https:\/\/permakultur-landwirtschaft.org\/fr\/wp-json\/wp\/v2\/users\/2"}],"replies":[{"embeddable":true,"href":"https:\/\/permakultur-landwirtschaft.org\/fr\/wp-json\/wp\/v2\/comments?post=36251"}],"version-history":[{"count":63,"href":"https:\/\/permakultur-landwirtschaft.org\/fr\/wp-json\/wp\/v2\/posts\/36251\/revisions"}],"predecessor-version":[{"id":37602,"href":"https:\/\/permakultur-landwirtschaft.org\/fr\/wp-json\/wp\/v2\/posts\/36251\/revisions\/37602"}],"wp:featuredmedia":[{"embeddable":true,"href":"https:\/\/permakultur-landwirtschaft.org\/fr\/wp-json\/wp\/v2\/media\/36258"}],"wp:attachment":[{"href":"https:\/\/permakultur-landwirtschaft.org\/fr\/wp-json\/wp\/v2\/media?parent=36251"}],"wp:term":[{"taxonomy":"category","embeddable":true,"href":"https:\/\/permakultur-landwirtschaft.org\/fr\/wp-json\/wp\/v2\/categories?post=36251"},{"taxonomy":"post_tag","embeddable":true,"href":"https:\/\/permakultur-landwirtschaft.org\/fr\/wp-json\/wp\/v2\/tags?post=36251"}],"curies":[{"name":"wp","href":"https:\/\/api.w.org\/{rel}","templated":true}]}}