{"id":362,"date":"2016-03-17T23:20:33","date_gmt":"2016-03-17T22:20:33","guid":{"rendered":"http:\/\/permakultur-landwirtschaft.org\/?p=362"},"modified":"2025-09-04T12:39:57","modified_gmt":"2025-09-04T10:39:57","slug":"workshopobstbaumlebensgemeinschaft","status":"publish","type":"post","link":"https:\/\/permakultur-landwirtschaft.org\/fr\/workshopobstbaumlebensgemeinschaft\/","title":{"rendered":"Workshop Obstbaum Lebensgemeinschaft"},"content":{"rendered":"<h4>In Obstbaum Lebensgemeinschaften lebt der Obstbaum in einer Pflanzensymbiose aus Wild- und Kultur Gem\u00fcsen, verschiedensten Kr\u00e4uter, Blumen, Beerenstr\u00e4ucher und Wildgeh\u00f6lzen. Ebenso k\u00f6nnen pflanzen der Stickstoffansammlung wie auch der Ablenkung vor Frassfeinden dienen.<\/h4>\n<p><!--more--><br \/>\nAll diese Pflanzen f\u00f6rdern den Obstbaum in seiner Entwicklung und in seinem Wachstum. All diese Pflanzen unterst\u00fctzen sich gegenseitig und k\u00f6nnen auch beerntet werden. Auch mit Pilzkulturen kann dieser Garten kombiniert werden.<\/p>\n<p>Es wird zun\u00e4chst ein theoretischer Input zu diesem Thema gegeben. Anschliessend gehen wir auf die Permakulturfl\u00e4che um das gerade erlernte in die Praxis umzusetzen.<\/p>\n<p>Bitte bringt f\u00fcr den Mittag etwas zu Essen mit, was wir alle dann zusammentragen k\u00f6nnen.<\/p>\n<p><strong>Beginn des Workshops Samstag 2. April 2016 \/\/ 9.30 Uhr<\/strong><br \/>\n<strong>Ende des Workshops Sonnstag 3. November 2016 \/\/ 17.00 Uhr<\/strong><\/p>\n<p>VISION Birchhof Hofgenossenschaft<br \/>\nBirchhaustrasse 593<br \/>\nCH &#8211; 8966 Oberwil &#8211; Lieli<\/p>\n<p>Hier findest Du weiterer Informationen zum Projekt <a href=\"https:\/\/permakultur-landwirtschaft.org\/fr\/projekte\/projekt-vision-birchhof\/\" target=\"_blank\" rel=\"noopener\">VISION BIRCHHOF<\/a>.<\/p>\n<p>Bitte melde dich <a href=\"mailto:kurse@permakultur-landwirtschaft.org\" target=\"_blank\" rel=\"noopener\">ici<\/a> an, Wir freuen uns auf dich!<\/p>\n<p>&nbsp;<\/p>\n<p><a href=\"https:\/\/permakultur-landwirtschaft.org\/wp-content\/uploads\/2016\/03\/Obstbauml-e1458376374343.jpg\" rel=\"attachment wp-att-376\"><img fetchpriority=\"high\" decoding=\"async\" class=\"alignleft size-full wp-image-376\" src=\"https:\/\/permakultur-landwirtschaft.org\/wp-content\/uploads\/2016\/03\/Obstbauml.jpg\" alt=\"Obstbaum Lebensgemeinschaft\" width=\"2048\" height=\"1365\" \/><\/a><\/p>","protected":false},"excerpt":{"rendered":"<p>In Obstbaum Lebensgemeinschaften lebt der Obstbaum in einer Pflanzensymbiose aus Wild- und Kultur Gem\u00fcsen, verschiedensten Kr\u00e4uter, Blumen, Beerenstr\u00e4ucher und Wildgeh\u00f6lzen. Ebenso k\u00f6nnen pflanzen der Stickstoffansammlung wie auch der Ablenkung vor Frassfeinden dienen.<\/p>","protected":false},"author":2,"featured_media":376,"comment_status":"closed","ping_status":"closed","sticky":false,"template":"","format":"standard","meta":{"_acf_changed":false,"site-sidebar-layout":"default","site-content-layout":"","ast-site-content-layout":"default","site-content-style":"default","site-sidebar-style":"default","ast-global-header-display":"","ast-banner-title-visibility":"","ast-main-header-display":"","ast-hfb-above-header-display":"","ast-hfb-below-header-display":"","ast-hfb-mobile-header-display":"","site-post-title":"","ast-breadcrumbs-content":"","ast-featured-img":"","footer-sml-layout":"","ast-disable-related-posts":"","theme-transparent-header-meta":"","adv-header-id-meta":"","stick-header-meta":"","header-above-stick-meta":"","header-main-stick-meta":"","header-below-stick-meta":"","astra-migrate-meta-layouts":"set","ast-page-background-enabled":"default","ast-page-background-meta":{"desktop":{"background-color":"var(--ast-global-color-4)","background-image":"","background-repeat":"repeat","background-position":"center center","background-size":"auto","background-attachment":"scroll","background-type":"","background-media":"","overlay-type":"","overlay-color":"","overlay-opacity":"","overlay-gradient":""},"tablet":{"background-color":"","background-image":"","background-repeat":"repeat","background-position":"center center","background-size":"auto","background-attachment":"scroll","background-type":"","background-media":"","overlay-type":"","overlay-color":"","overlay-opacity":"","overlay-gradient":""},"mobile":{"background-color":"","background-image":"","background-repeat":"repeat","background-position":"center center","background-size":"auto","background-attachment":"scroll","background-type":"","background-media":"","overlay-type":"","overlay-color":"","overlay-opacity":"","overlay-gradient":""}},"ast-content-background-meta":{"desktop":{"background-color":"var(--ast-global-color-5)","background-image":"","background-repeat":"repeat","background-position":"center center","background-size":"auto","background-attachment":"scroll","background-type":"","background-media":"","overlay-type":"","overlay-color":"","overlay-opacity":"","overlay-gradient":""},"tablet":{"background-color":"var(--ast-global-color-5)","background-image":"","background-repeat":"repeat","background-position":"center center","background-size":"auto","background-attachment":"scroll","background-type":"","background-media":"","overlay-type":"","overlay-color":"","overlay-opacity":"","overlay-gradient":""},"mobile":{"background-color":"var(--ast-global-color-5)","background-image":"","background-repeat":"repeat","background-position":"center center","background-size":"auto","background-attachment":"scroll","background-type":"","background-media":"","overlay-type":"","overlay-color":"","overlay-opacity":"","overlay-gradient":""}},"footnotes":""},"categories":[21],"tags":[],"class_list":["post-362","post","type-post","status-publish","format-standard","has-post-thumbnail","hentry","category-veranstaltungen_archiv"],"acf":[],"yoast_head":"<!-- This site is optimized with the Yoast SEO plugin v27.5 - https:\/\/yoast.com\/product\/yoast-seo-wordpress\/ -->\n<title>Workshop Obstbaum Lebensgemeinschaft<\/title>\n<meta name=\"robots\" content=\"index, follow, max-snippet:-1, max-image-preview:large, max-video-preview:-1\" \/>\n<link rel=\"canonical\" href=\"https:\/\/permakultur-landwirtschaft.org\/fr\/workshopobstbaumlebensgemeinschaft\/\" \/>\n<meta property=\"og:locale\" content=\"fr_FR\" \/>\n<meta property=\"og:type\" content=\"article\" \/>\n<meta property=\"og:title\" content=\"Workshop Obstbaum Lebensgemeinschaft\" \/>\n<meta property=\"og:description\" content=\"In Obstbaum Lebensgemeinschaften lebt der Obstbaum in einer Pflanzensymbiose aus Wild- und Kultur Gem\u00fcsen, verschiedensten Kr\u00e4uter, Blumen, Beerenstr\u00e4ucher und Wildgeh\u00f6lzen. Ebenso k\u00f6nnen pflanzen der Stickstoffansammlung wie auch der Ablenkung vor Frassfeinden dienen.\" \/>\n<meta property=\"og:url\" content=\"https:\/\/permakultur-landwirtschaft.org\/fr\/workshopobstbaumlebensgemeinschaft\/\" \/>\n<meta property=\"og:site_name\" content=\"Permakultur-Landwirtschaft\" \/>\n<meta property=\"article:publisher\" content=\"https:\/\/www.facebook.com\/PermakulturLandwirtschaft\" \/>\n<meta property=\"article:published_time\" content=\"2016-03-17T22:20:33+00:00\" \/>\n<meta property=\"article:modified_time\" content=\"2025-09-04T10:39:57+00:00\" \/>\n<meta property=\"og:image\" content=\"https:\/\/permakultur-landwirtschaft.org\/wp-content\/uploads\/2016\/03\/Obstbauml-e1461698878979.jpg\" \/>\n\t<meta property=\"og:image:width\" content=\"800\" \/>\n\t<meta property=\"og:image:height\" content=\"533\" \/>\n\t<meta property=\"og:image:type\" content=\"image\/jpeg\" \/>\n<meta name=\"author\" content=\"adrian reutimann\" \/>\n<meta name=\"twitter:card\" content=\"summary_large_image\" \/>\n<meta name=\"twitter:label1\" content=\"\u00c9crit par\" \/>\n\t<meta name=\"twitter:data1\" content=\"adrian reutimann\" \/>\n\t<meta name=\"twitter:label2\" content=\"Dur\u00e9e de lecture estim\u00e9e\" \/>\n\t<meta name=\"twitter:data2\" content=\"2 minutes\" \/>\n<script type=\"application\/ld+json\" class=\"yoast-schema-graph\">{\"@context\":\"https:\\\/\\\/schema.org\",\"@graph\":[{\"@type\":\"Article\",\"@id\":\"https:\\\/\\\/permakultur-landwirtschaft.org\\\/workshopobstbaumlebensgemeinschaft\\\/#article\",\"isPartOf\":{\"@id\":\"https:\\\/\\\/permakultur-landwirtschaft.org\\\/workshopobstbaumlebensgemeinschaft\\\/\"},\"author\":{\"name\":\"adrian reutimann\",\"@id\":\"https:\\\/\\\/permakultur-landwirtschaft.org\\\/#\\\/schema\\\/person\\\/6b0467872f75aed3e144093f9bf4f0b0\"},\"headline\":\"Workshop Obstbaum Lebensgemeinschaft\",\"datePublished\":\"2016-03-17T22:20:33+00:00\",\"dateModified\":\"2025-09-04T10:39:57+00:00\",\"mainEntityOfPage\":{\"@id\":\"https:\\\/\\\/permakultur-landwirtschaft.org\\\/workshopobstbaumlebensgemeinschaft\\\/\"},\"wordCount\":159,\"publisher\":{\"@id\":\"https:\\\/\\\/permakultur-landwirtschaft.org\\\/#organization\"},\"image\":{\"@id\":\"https:\\\/\\\/permakultur-landwirtschaft.org\\\/workshopobstbaumlebensgemeinschaft\\\/#primaryimage\"},\"thumbnailUrl\":\"https:\\\/\\\/permakultur-landwirtschaft.org\\\/wp-content\\\/uploads\\\/2016\\\/03\\\/Obstbauml-e1461698878979.jpg\",\"articleSection\":[\"Veranstaltungen_Archiv\"],\"inLanguage\":\"fr-FR\"},{\"@type\":\"WebPage\",\"@id\":\"https:\\\/\\\/permakultur-landwirtschaft.org\\\/workshopobstbaumlebensgemeinschaft\\\/\",\"url\":\"https:\\\/\\\/permakultur-landwirtschaft.org\\\/workshopobstbaumlebensgemeinschaft\\\/\",\"name\":\"Workshop Obstbaum Lebensgemeinschaft\",\"isPartOf\":{\"@id\":\"https:\\\/\\\/permakultur-landwirtschaft.org\\\/#website\"},\"primaryImageOfPage\":{\"@id\":\"https:\\\/\\\/permakultur-landwirtschaft.org\\\/workshopobstbaumlebensgemeinschaft\\\/#primaryimage\"},\"image\":{\"@id\":\"https:\\\/\\\/permakultur-landwirtschaft.org\\\/workshopobstbaumlebensgemeinschaft\\\/#primaryimage\"},\"thumbnailUrl\":\"https:\\\/\\\/permakultur-landwirtschaft.org\\\/wp-content\\\/uploads\\\/2016\\\/03\\\/Obstbauml-e1461698878979.jpg\",\"datePublished\":\"2016-03-17T22:20:33+00:00\",\"dateModified\":\"2025-09-04T10:39:57+00:00\",\"breadcrumb\":{\"@id\":\"https:\\\/\\\/permakultur-landwirtschaft.org\\\/workshopobstbaumlebensgemeinschaft\\\/#breadcrumb\"},\"inLanguage\":\"fr-FR\",\"potentialAction\":[{\"@type\":\"ReadAction\",\"target\":[\"https:\\\/\\\/permakultur-landwirtschaft.org\\\/workshopobstbaumlebensgemeinschaft\\\/\"]}]},{\"@type\":\"ImageObject\",\"inLanguage\":\"fr-FR\",\"@id\":\"https:\\\/\\\/permakultur-landwirtschaft.org\\\/workshopobstbaumlebensgemeinschaft\\\/#primaryimage\",\"url\":\"https:\\\/\\\/permakultur-landwirtschaft.org\\\/wp-content\\\/uploads\\\/2016\\\/03\\\/Obstbauml-e1461698878979.jpg\",\"contentUrl\":\"https:\\\/\\\/permakultur-landwirtschaft.org\\\/wp-content\\\/uploads\\\/2016\\\/03\\\/Obstbauml-e1461698878979.jpg\",\"width\":800,\"height\":533,\"caption\":\"Obstbaum Lebensgemeinschaft\"},{\"@type\":\"BreadcrumbList\",\"@id\":\"https:\\\/\\\/permakultur-landwirtschaft.org\\\/workshopobstbaumlebensgemeinschaft\\\/#breadcrumb\",\"itemListElement\":[{\"@type\":\"ListItem\",\"position\":1,\"name\":\"Startseite\",\"item\":\"https:\\\/\\\/permakultur-landwirtschaft.org\\\/\"},{\"@type\":\"ListItem\",\"position\":2,\"name\":\"Workshop Obstbaum Lebensgemeinschaft\"}]},{\"@type\":\"WebSite\",\"@id\":\"https:\\\/\\\/permakultur-landwirtschaft.org\\\/#website\",\"url\":\"https:\\\/\\\/permakultur-landwirtschaft.org\\\/\",\"name\":\"Permakultur-Landwirtschaft\",\"description\":\"F\u00f6rderung der Permakultur in der Landwirtschaft\",\"publisher\":{\"@id\":\"https:\\\/\\\/permakultur-landwirtschaft.org\\\/#organization\"},\"potentialAction\":[{\"@type\":\"SearchAction\",\"target\":{\"@type\":\"EntryPoint\",\"urlTemplate\":\"https:\\\/\\\/permakultur-landwirtschaft.org\\\/?s={search_term_string}\"},\"query-input\":{\"@type\":\"PropertyValueSpecification\",\"valueRequired\":true,\"valueName\":\"search_term_string\"}}],\"inLanguage\":\"fr-FR\"},{\"@type\":\"Organization\",\"@id\":\"https:\\\/\\\/permakultur-landwirtschaft.org\\\/#organization\",\"name\":\"Permakultur-Landwirtschaft\",\"alternateName\":\"Verein Permakultur-Landwirtschaft\",\"url\":\"https:\\\/\\\/permakultur-landwirtschaft.org\\\/\",\"logo\":{\"@type\":\"ImageObject\",\"inLanguage\":\"fr-FR\",\"@id\":\"https:\\\/\\\/permakultur-landwirtschaft.org\\\/#\\\/schema\\\/logo\\\/image\\\/\",\"url\":\"https:\\\/\\\/permakultur-landwirtschaft.org\\\/wp-content\\\/uploads\\\/2021\\\/11\\\/pela_1268x1269.png\",\"contentUrl\":\"https:\\\/\\\/permakultur-landwirtschaft.org\\\/wp-content\\\/uploads\\\/2021\\\/11\\\/pela_1268x1269.png\",\"width\":1298,\"height\":1269,\"caption\":\"Permakultur-Landwirtschaft\"},\"image\":{\"@id\":\"https:\\\/\\\/permakultur-landwirtschaft.org\\\/#\\\/schema\\\/logo\\\/image\\\/\"},\"sameAs\":[\"https:\\\/\\\/www.facebook.com\\\/PermakulturLandwirtschaft\",\"https:\\\/\\\/www.instagram.com\\\/permakultur_landwirtschaft\\\/\",\"https:\\\/\\\/www.flickr.com\\\/photos\\\/permakultur-landwirtschaft\",\"https:\\\/\\\/www.youtube.com\\\/@PermakulturLandwirtschaft\"]},{\"@type\":\"Person\",\"@id\":\"https:\\\/\\\/permakultur-landwirtschaft.org\\\/#\\\/schema\\\/person\\\/6b0467872f75aed3e144093f9bf4f0b0\",\"name\":\"adrian reutimann\",\"url\":\"https:\\\/\\\/permakultur-landwirtschaft.org\\\/fr\\\/author\\\/reutiadr\\\/\"}]}<\/script>\n<!-- \/ Yoast SEO plugin. -->","yoast_head_json":{"title":"Workshop Obstbaum Lebensgemeinschaft","robots":{"index":"index","follow":"follow","max-snippet":"max-snippet:-1","max-image-preview":"max-image-preview:large","max-video-preview":"max-video-preview:-1"},"canonical":"https:\/\/permakultur-landwirtschaft.org\/fr\/workshopobstbaumlebensgemeinschaft\/","og_locale":"fr_FR","og_type":"article","og_title":"Workshop Obstbaum Lebensgemeinschaft","og_description":"In Obstbaum Lebensgemeinschaften lebt der Obstbaum in einer Pflanzensymbiose aus Wild- und Kultur Gem\u00fcsen, verschiedensten Kr\u00e4uter, Blumen, Beerenstr\u00e4ucher und Wildgeh\u00f6lzen. Ebenso k\u00f6nnen pflanzen der Stickstoffansammlung wie auch der Ablenkung vor Frassfeinden dienen.","og_url":"https:\/\/permakultur-landwirtschaft.org\/fr\/workshopobstbaumlebensgemeinschaft\/","og_site_name":"Permakultur-Landwirtschaft","article_publisher":"https:\/\/www.facebook.com\/PermakulturLandwirtschaft","article_published_time":"2016-03-17T22:20:33+00:00","article_modified_time":"2025-09-04T10:39:57+00:00","og_image":[{"width":800,"height":533,"url":"https:\/\/permakultur-landwirtschaft.org\/wp-content\/uploads\/2016\/03\/Obstbauml-e1461698878979.jpg","type":"image\/jpeg"}],"author":"adrian reutimann","twitter_card":"summary_large_image","twitter_misc":{"\u00c9crit par":"adrian reutimann","Dur\u00e9e de lecture estim\u00e9e":"2 minutes"},"schema":{"@context":"https:\/\/schema.org","@graph":[{"@type":"Article","@id":"https:\/\/permakultur-landwirtschaft.org\/workshopobstbaumlebensgemeinschaft\/#article","isPartOf":{"@id":"https:\/\/permakultur-landwirtschaft.org\/workshopobstbaumlebensgemeinschaft\/"},"author":{"name":"adrian reutimann","@id":"https:\/\/permakultur-landwirtschaft.org\/#\/schema\/person\/6b0467872f75aed3e144093f9bf4f0b0"},"headline":"Workshop Obstbaum Lebensgemeinschaft","datePublished":"2016-03-17T22:20:33+00:00","dateModified":"2025-09-04T10:39:57+00:00","mainEntityOfPage":{"@id":"https:\/\/permakultur-landwirtschaft.org\/workshopobstbaumlebensgemeinschaft\/"},"wordCount":159,"publisher":{"@id":"https:\/\/permakultur-landwirtschaft.org\/#organization"},"image":{"@id":"https:\/\/permakultur-landwirtschaft.org\/workshopobstbaumlebensgemeinschaft\/#primaryimage"},"thumbnailUrl":"https:\/\/permakultur-landwirtschaft.org\/wp-content\/uploads\/2016\/03\/Obstbauml-e1461698878979.jpg","articleSection":["Veranstaltungen_Archiv"],"inLanguage":"fr-FR"},{"@type":"WebPage","@id":"https:\/\/permakultur-landwirtschaft.org\/workshopobstbaumlebensgemeinschaft\/","url":"https:\/\/permakultur-landwirtschaft.org\/workshopobstbaumlebensgemeinschaft\/","name":"Workshop Obstbaum Lebensgemeinschaft","isPartOf":{"@id":"https:\/\/permakultur-landwirtschaft.org\/#website"},"primaryImageOfPage":{"@id":"https:\/\/permakultur-landwirtschaft.org\/workshopobstbaumlebensgemeinschaft\/#primaryimage"},"image":{"@id":"https:\/\/permakultur-landwirtschaft.org\/workshopobstbaumlebensgemeinschaft\/#primaryimage"},"thumbnailUrl":"https:\/\/permakultur-landwirtschaft.org\/wp-content\/uploads\/2016\/03\/Obstbauml-e1461698878979.jpg","datePublished":"2016-03-17T22:20:33+00:00","dateModified":"2025-09-04T10:39:57+00:00","breadcrumb":{"@id":"https:\/\/permakultur-landwirtschaft.org\/workshopobstbaumlebensgemeinschaft\/#breadcrumb"},"inLanguage":"fr-FR","potentialAction":[{"@type":"ReadAction","target":["https:\/\/permakultur-landwirtschaft.org\/workshopobstbaumlebensgemeinschaft\/"]}]},{"@type":"ImageObject","inLanguage":"fr-FR","@id":"https:\/\/permakultur-landwirtschaft.org\/workshopobstbaumlebensgemeinschaft\/#primaryimage","url":"https:\/\/permakultur-landwirtschaft.org\/wp-content\/uploads\/2016\/03\/Obstbauml-e1461698878979.jpg","contentUrl":"https:\/\/permakultur-landwirtschaft.org\/wp-content\/uploads\/2016\/03\/Obstbauml-e1461698878979.jpg","width":800,"height":533,"caption":"Obstbaum Lebensgemeinschaft"},{"@type":"BreadcrumbList","@id":"https:\/\/permakultur-landwirtschaft.org\/workshopobstbaumlebensgemeinschaft\/#breadcrumb","itemListElement":[{"@type":"ListItem","position":1,"name":"Startseite","item":"https:\/\/permakultur-landwirtschaft.org\/"},{"@type":"ListItem","position":2,"name":"Workshop Obstbaum Lebensgemeinschaft"}]},{"@type":"WebSite","@id":"https:\/\/permakultur-landwirtschaft.org\/#website","url":"https:\/\/permakultur-landwirtschaft.org\/","name":"Permakultur-Landwirtschaft","description":"F\u00f6rderung der Permakultur in der Landwirtschaft","publisher":{"@id":"https:\/\/permakultur-landwirtschaft.org\/#organization"},"potentialAction":[{"@type":"SearchAction","target":{"@type":"EntryPoint","urlTemplate":"https:\/\/permakultur-landwirtschaft.org\/?s={search_term_string}"},"query-input":{"@type":"PropertyValueSpecification","valueRequired":true,"valueName":"search_term_string"}}],"inLanguage":"fr-FR"},{"@type":"Organization","@id":"https:\/\/permakultur-landwirtschaft.org\/#organization","name":"Permakultur-Landwirtschaft","alternateName":"Verein Permakultur-Landwirtschaft","url":"https:\/\/permakultur-landwirtschaft.org\/","logo":{"@type":"ImageObject","inLanguage":"fr-FR","@id":"https:\/\/permakultur-landwirtschaft.org\/#\/schema\/logo\/image\/","url":"https:\/\/permakultur-landwirtschaft.org\/wp-content\/uploads\/2021\/11\/pela_1268x1269.png","contentUrl":"https:\/\/permakultur-landwirtschaft.org\/wp-content\/uploads\/2021\/11\/pela_1268x1269.png","width":1298,"height":1269,"caption":"Permakultur-Landwirtschaft"},"image":{"@id":"https:\/\/permakultur-landwirtschaft.org\/#\/schema\/logo\/image\/"},"sameAs":["https:\/\/www.facebook.com\/PermakulturLandwirtschaft","https:\/\/www.instagram.com\/permakultur_landwirtschaft\/","https:\/\/www.flickr.com\/photos\/permakultur-landwirtschaft","https:\/\/www.youtube.com\/@PermakulturLandwirtschaft"]},{"@type":"Person","@id":"https:\/\/permakultur-landwirtschaft.org\/#\/schema\/person\/6b0467872f75aed3e144093f9bf4f0b0","name":"adrian reutimann","url":"https:\/\/permakultur-landwirtschaft.org\/fr\/author\/reutiadr\/"}]}},"_links":{"self":[{"href":"https:\/\/permakultur-landwirtschaft.org\/fr\/wp-json\/wp\/v2\/posts\/362","targetHints":{"allow":["GET"]}}],"collection":[{"href":"https:\/\/permakultur-landwirtschaft.org\/fr\/wp-json\/wp\/v2\/posts"}],"about":[{"href":"https:\/\/permakultur-landwirtschaft.org\/fr\/wp-json\/wp\/v2\/types\/post"}],"author":[{"embeddable":true,"href":"https:\/\/permakultur-landwirtschaft.org\/fr\/wp-json\/wp\/v2\/users\/2"}],"replies":[{"embeddable":true,"href":"https:\/\/permakultur-landwirtschaft.org\/fr\/wp-json\/wp\/v2\/comments?post=362"}],"version-history":[{"count":7,"href":"https:\/\/permakultur-landwirtschaft.org\/fr\/wp-json\/wp\/v2\/posts\/362\/revisions"}],"predecessor-version":[{"id":36993,"href":"https:\/\/permakultur-landwirtschaft.org\/fr\/wp-json\/wp\/v2\/posts\/362\/revisions\/36993"}],"wp:featuredmedia":[{"embeddable":true,"href":"https:\/\/permakultur-landwirtschaft.org\/fr\/wp-json\/wp\/v2\/media\/376"}],"wp:attachment":[{"href":"https:\/\/permakultur-landwirtschaft.org\/fr\/wp-json\/wp\/v2\/media?parent=362"}],"wp:term":[{"taxonomy":"category","embeddable":true,"href":"https:\/\/permakultur-landwirtschaft.org\/fr\/wp-json\/wp\/v2\/categories?post=362"},{"taxonomy":"post_tag","embeddable":true,"href":"https:\/\/permakultur-landwirtschaft.org\/fr\/wp-json\/wp\/v2\/tags?post=362"}],"curies":[{"name":"wp","href":"https:\/\/api.w.org\/{rel}","templated":true}]}}