{"id":36102,"date":"2025-03-27T09:17:35","date_gmt":"2025-03-27T08:17:35","guid":{"rendered":"https:\/\/permakultur-landwirtschaft.org\/?p=36102"},"modified":"2025-03-27T09:17:37","modified_gmt":"2025-03-27T08:17:37","slug":"klimagipfel-fuer-landwirtschaft-und-esskultur-am-28-und-29-november-2025","status":"publish","type":"post","link":"https:\/\/permakultur-landwirtschaft.org\/fr\/klimagipfel-fuer-landwirtschaft-und-esskultur-am-28-und-29-november-2025\/","title":{"rendered":"Klimagipfel f\u00fcr Landwirtschaft und Esskultur am 28. und 29. November 2025"},"content":{"rendered":"<p>Text von klimagipfel.org:<\/p>\n\n\n\n<h2 class=\"wp-block-heading\">Ern\u00e4hrung.Klima.Zukunft.<\/h2>\n\n\n\n<p>Nahezu alles, was bei uns auf dem Teller landet, ist irgendwann, irgendwo auf einem Acker oder Feld gewachsen oder hat in einem Stall gestanden.&nbsp;<\/p>\n\n\n\n<p>Was wir essen hat nicht nur einen grossen Einfluss auf unsere Gesundheit, es ist auch relevant f\u00fcrs Klima.<\/p>\n\n\n\n<p>Am 28. und 29. November 2025 findet in Landquart GR der Klimagipfel f\u00fcr Landwirtschaft und Esskultur statt. Er besch\u00e4ftigt sich mit der Produktion von Lebensmitteln und den Ern\u00e4hrungsgewohnheiten in Zeiten der Klimakrise.<\/p>\n\n\n\n<h2 class=\"wp-block-heading\">Die Highlights<\/h2>\n\n\n\n<p>Unsere Ern\u00e4hrung ist weltweit f\u00fcr etwa einen Drittel der menschgemachten CO\u2082-Emissionen verantwortlich. Allein die landwirtschaftliche Produktion verursacht in der Schweiz rund 15 Prozent der Treibhausgasemissionen.<\/p>\n\n\n\n<p>Der Klimagipfel stellt Ans\u00e4tze vor, die in den letzten Jahren im Rahmen des Projekts \u00abKlimaneutrale Landwirtschaft Graub\u00fcnden\u00bb ausprobiert wurden, um auf den Bauernh\u00f6fen die Klimagasemissionen zu minimieren und sich als Landwirt:innen dem Klimawandel anzupassen.<\/p>\n\n\n\n<p>Der Blick wird aber auch auf weitere Akteure entlang der Wertsch\u00f6pfungskette gerichtet \u2013 den Handel sowie auf die Konsumentinnen und Konsumenten. Wir zeigen auf, mit welchem Verhalten wir alle einen Unterschied machen k\u00f6nnen.<\/p>\n\n\n\n<p>Spannende Referate, inspirierende Podiumsdiskussionen, Ausstellungen, sowie Workshops und Filmvorf\u00fchrungen erwarten die Besucherinnen und Besucher.<\/p>\n\n\n\n<p>Ein besonderer H\u00f6hepunkt ist die Verleihung des <a href=\"https:\/\/www.prixclimat.ch\" target=\"_blank\" rel=\"noreferrer noopener\">PRIX CLIMAT<\/a>. Die nationale Auszeichnung f\u00fcr Landwirtschaftsbetriebe, die sich f\u00fcr eine klimafreundliche Produktion einsetzen, wird bereits zum zweiten Mal vergeben.<\/p>\n\n\n\n<p>Organisiert wird der Klimagipfel vom Projekt \u00abKlimaneutrale Landwirtschaft Graub\u00fcnden\u00bb, dem \u00abNetzwerk Klima &amp; Landwirtschaft\u00bb und \u00abgraub\u00fcndenVIVA\u00bb.<\/p>\n\n\n\n<p>Wir befinden uns in den letzten Vorbereitungen f\u00fcr den Anlass. Weitere Infos, einschliesslich des detaillierten Programms, folgen in den n\u00e4chsten Wochen. Schaut regelm\u00e4ssig vorbei, damit ihr nichts verpasst!<\/p>\n\n\n\n<p><a href=\"https:\/\/www.klimagipfel.org\" target=\"_blank\" rel=\"noreferrer noopener\">Link zu mehr Infos<\/a><\/p>","protected":false},"excerpt":{"rendered":"<p>Text von klimagipfel.org: Ern\u00e4hrung.Klima.Zukunft. Nahezu alles, was bei uns auf dem Teller landet, ist irgendwann, irgendwo auf einem Acker oder Feld gewachsen oder hat in einem Stall gestanden.&nbsp; Was wir essen hat nicht nur einen grossen Einfluss auf unsere Gesundheit, es ist auch relevant f\u00fcrs Klima. Am 28. und 29. November 2025 findet in Landquart [&hellip;]<\/p>\n","protected":false},"author":2,"featured_media":36103,"comment_status":"closed","ping_status":"closed","sticky":false,"template":"","format":"standard","meta":{"_acf_changed":false,"site-sidebar-layout":"default","site-content-layout":"","ast-site-content-layout":"default","site-content-style":"default","site-sidebar-style":"default","ast-global-header-display":"","ast-banner-title-visibility":"","ast-main-header-display":"","ast-hfb-above-header-display":"","ast-hfb-below-header-display":"","ast-hfb-mobile-header-display":"","site-post-title":"","ast-breadcrumbs-content":"","ast-featured-img":"","footer-sml-layout":"","ast-disable-related-posts":"","theme-transparent-header-meta":"","adv-header-id-meta":"","stick-header-meta":"","header-above-stick-meta":"","header-main-stick-meta":"","header-below-stick-meta":"","astra-migrate-meta-layouts":"set","ast-page-background-enabled":"default","ast-page-background-meta":{"desktop":{"background-color":"var(--ast-global-color-4)","background-image":"","background-repeat":"repeat","background-position":"center center","background-size":"auto","background-attachment":"scroll","background-type":"","background-media":"","overlay-type":"","overlay-color":"","overlay-opacity":"","overlay-gradient":""},"tablet":{"background-color":"","background-image":"","background-repeat":"repeat","background-position":"center center","background-size":"auto","background-attachment":"scroll","background-type":"","background-media":"","overlay-type":"","overlay-color":"","overlay-opacity":"","overlay-gradient":""},"mobile":{"background-color":"","background-image":"","background-repeat":"repeat","background-position":"center center","background-size":"auto","background-attachment":"scroll","background-type":"","background-media":"","overlay-type":"","overlay-color":"","overlay-opacity":"","overlay-gradient":""}},"ast-content-background-meta":{"desktop":{"background-color":"var(--ast-global-color-5)","background-image":"","background-repeat":"repeat","background-position":"center center","background-size":"auto","background-attachment":"scroll","background-type":"","background-media":"","overlay-type":"","overlay-color":"","overlay-opacity":"","overlay-gradient":""},"tablet":{"background-color":"var(--ast-global-color-5)","background-image":"","background-repeat":"repeat","background-position":"center center","background-size":"auto","background-attachment":"scroll","background-type":"","background-media":"","overlay-type":"","overlay-color":"","overlay-opacity":"","overlay-gradient":""},"mobile":{"background-color":"var(--ast-global-color-5)","background-image":"","background-repeat":"repeat","background-position":"center center","background-size":"auto","background-attachment":"scroll","background-type":"","background-media":"","overlay-type":"","overlay-color":"","overlay-opacity":"","overlay-gradient":""}},"footnotes":""},"categories":[14],"tags":[631,632,630,38,521],"class_list":["post-36102","post","type-post","status-publish","format-standard","has-post-thumbnail","hentry","category-veranstaltung","tag-esskultur","tag-graubuenden","tag-klimagipfel","tag-landwirtschaft","tag-prix-climat"],"acf":[],"yoast_head":"<!-- This site is optimized with the Yoast SEO plugin v27.4 - https:\/\/yoast.com\/product\/yoast-seo-wordpress\/ -->\n<title>Klimagipfel f\u00fcr Landwirtschaft und Esskultur am 28. und 29. November 2025 - Permakultur-Landwirtschaft<\/title>\n<meta name=\"robots\" content=\"index, follow, max-snippet:-1, max-image-preview:large, max-video-preview:-1\" \/>\n<link rel=\"canonical\" href=\"https:\/\/permakultur-landwirtschaft.org\/fr\/klimagipfel-fuer-landwirtschaft-und-esskultur-am-28-und-29-november-2025\/\" \/>\n<meta property=\"og:locale\" content=\"fr_FR\" \/>\n<meta property=\"og:type\" content=\"article\" \/>\n<meta property=\"og:title\" content=\"Klimagipfel f\u00fcr Landwirtschaft und Esskultur am 28. und 29. November 2025 - Permakultur-Landwirtschaft\" \/>\n<meta property=\"og:description\" content=\"Text von klimagipfel.org: Ern\u00e4hrung.Klima.Zukunft. Nahezu alles, was bei uns auf dem Teller landet, ist irgendwann, irgendwo auf einem Acker oder Feld gewachsen oder hat in einem Stall gestanden.&nbsp; Was wir essen hat nicht nur einen grossen Einfluss auf unsere Gesundheit, es ist auch relevant f\u00fcrs Klima. Am 28. und 29. November 2025 findet in Landquart [&hellip;]\" \/>\n<meta property=\"og:url\" content=\"https:\/\/permakultur-landwirtschaft.org\/fr\/klimagipfel-fuer-landwirtschaft-und-esskultur-am-28-und-29-november-2025\/\" \/>\n<meta property=\"og:site_name\" content=\"Permakultur-Landwirtschaft\" \/>\n<meta property=\"article:publisher\" content=\"https:\/\/www.facebook.com\/PermakulturLandwirtschaft\" \/>\n<meta property=\"article:published_time\" content=\"2025-03-27T08:17:35+00:00\" \/>\n<meta property=\"article:modified_time\" content=\"2025-03-27T08:17:37+00:00\" \/>\n<meta property=\"og:image\" content=\"https:\/\/permakultur-landwirtschaft.org\/wp-content\/uploads\/2025\/03\/klimagipfel2025_2025-03-27_09-11-33.jpg\" \/>\n\t<meta property=\"og:image:width\" content=\"700\" \/>\n\t<meta property=\"og:image:height\" content=\"393\" \/>\n\t<meta property=\"og:image:type\" content=\"image\/jpeg\" \/>\n<meta name=\"author\" content=\"adrian reutimann\" \/>\n<meta name=\"twitter:card\" content=\"summary_large_image\" \/>\n<meta name=\"twitter:label1\" content=\"\u00c9crit par\" \/>\n\t<meta name=\"twitter:data1\" content=\"adrian reutimann\" \/>\n\t<meta name=\"twitter:label2\" content=\"Dur\u00e9e de lecture estim\u00e9e\" \/>\n\t<meta name=\"twitter:data2\" content=\"2 minutes\" \/>\n<script type=\"application\/ld+json\" class=\"yoast-schema-graph\">{\"@context\":\"https:\\\/\\\/schema.org\",\"@graph\":[{\"@type\":\"Article\",\"@id\":\"https:\\\/\\\/permakultur-landwirtschaft.org\\\/klimagipfel-fuer-landwirtschaft-und-esskultur-am-28-und-29-november-2025\\\/#article\",\"isPartOf\":{\"@id\":\"https:\\\/\\\/permakultur-landwirtschaft.org\\\/klimagipfel-fuer-landwirtschaft-und-esskultur-am-28-und-29-november-2025\\\/\"},\"author\":{\"name\":\"adrian reutimann\",\"@id\":\"https:\\\/\\\/permakultur-landwirtschaft.org\\\/#\\\/schema\\\/person\\\/6b0467872f75aed3e144093f9bf4f0b0\"},\"headline\":\"Klimagipfel f\u00fcr Landwirtschaft und Esskultur am 28. und 29. November 2025\",\"datePublished\":\"2025-03-27T08:17:35+00:00\",\"dateModified\":\"2025-03-27T08:17:37+00:00\",\"mainEntityOfPage\":{\"@id\":\"https:\\\/\\\/permakultur-landwirtschaft.org\\\/klimagipfel-fuer-landwirtschaft-und-esskultur-am-28-und-29-november-2025\\\/\"},\"wordCount\":292,\"publisher\":{\"@id\":\"https:\\\/\\\/permakultur-landwirtschaft.org\\\/#organization\"},\"image\":{\"@id\":\"https:\\\/\\\/permakultur-landwirtschaft.org\\\/klimagipfel-fuer-landwirtschaft-und-esskultur-am-28-und-29-november-2025\\\/#primaryimage\"},\"thumbnailUrl\":\"https:\\\/\\\/permakultur-landwirtschaft.org\\\/wp-content\\\/uploads\\\/2025\\\/03\\\/klimagipfel2025_2025-03-27_09-11-33.jpg\",\"keywords\":[\"Esskultur\",\"Graub\u00fcnden\",\"Klimagipfel\",\"Landwirtschaft\",\"Prix Climat\"],\"articleSection\":[\"Veranstaltung\"],\"inLanguage\":\"fr-FR\"},{\"@type\":\"WebPage\",\"@id\":\"https:\\\/\\\/permakultur-landwirtschaft.org\\\/klimagipfel-fuer-landwirtschaft-und-esskultur-am-28-und-29-november-2025\\\/\",\"url\":\"https:\\\/\\\/permakultur-landwirtschaft.org\\\/klimagipfel-fuer-landwirtschaft-und-esskultur-am-28-und-29-november-2025\\\/\",\"name\":\"Klimagipfel f\u00fcr Landwirtschaft und Esskultur am 28. und 29. November 2025 - Permakultur-Landwirtschaft\",\"isPartOf\":{\"@id\":\"https:\\\/\\\/permakultur-landwirtschaft.org\\\/#website\"},\"primaryImageOfPage\":{\"@id\":\"https:\\\/\\\/permakultur-landwirtschaft.org\\\/klimagipfel-fuer-landwirtschaft-und-esskultur-am-28-und-29-november-2025\\\/#primaryimage\"},\"image\":{\"@id\":\"https:\\\/\\\/permakultur-landwirtschaft.org\\\/klimagipfel-fuer-landwirtschaft-und-esskultur-am-28-und-29-november-2025\\\/#primaryimage\"},\"thumbnailUrl\":\"https:\\\/\\\/permakultur-landwirtschaft.org\\\/wp-content\\\/uploads\\\/2025\\\/03\\\/klimagipfel2025_2025-03-27_09-11-33.jpg\",\"datePublished\":\"2025-03-27T08:17:35+00:00\",\"dateModified\":\"2025-03-27T08:17:37+00:00\",\"breadcrumb\":{\"@id\":\"https:\\\/\\\/permakultur-landwirtschaft.org\\\/klimagipfel-fuer-landwirtschaft-und-esskultur-am-28-und-29-november-2025\\\/#breadcrumb\"},\"inLanguage\":\"fr-FR\",\"potentialAction\":[{\"@type\":\"ReadAction\",\"target\":[\"https:\\\/\\\/permakultur-landwirtschaft.org\\\/klimagipfel-fuer-landwirtschaft-und-esskultur-am-28-und-29-november-2025\\\/\"]}]},{\"@type\":\"ImageObject\",\"inLanguage\":\"fr-FR\",\"@id\":\"https:\\\/\\\/permakultur-landwirtschaft.org\\\/klimagipfel-fuer-landwirtschaft-und-esskultur-am-28-und-29-november-2025\\\/#primaryimage\",\"url\":\"https:\\\/\\\/permakultur-landwirtschaft.org\\\/wp-content\\\/uploads\\\/2025\\\/03\\\/klimagipfel2025_2025-03-27_09-11-33.jpg\",\"contentUrl\":\"https:\\\/\\\/permakultur-landwirtschaft.org\\\/wp-content\\\/uploads\\\/2025\\\/03\\\/klimagipfel2025_2025-03-27_09-11-33.jpg\",\"width\":700,\"height\":393,\"caption\":\"Bild: www.klimagipfel.org\"},{\"@type\":\"BreadcrumbList\",\"@id\":\"https:\\\/\\\/permakultur-landwirtschaft.org\\\/klimagipfel-fuer-landwirtschaft-und-esskultur-am-28-und-29-november-2025\\\/#breadcrumb\",\"itemListElement\":[{\"@type\":\"ListItem\",\"position\":1,\"name\":\"Startseite\",\"item\":\"https:\\\/\\\/permakultur-landwirtschaft.org\\\/\"},{\"@type\":\"ListItem\",\"position\":2,\"name\":\"Klimagipfel f\u00fcr Landwirtschaft und Esskultur am 28. und 29. November 2025\"}]},{\"@type\":\"WebSite\",\"@id\":\"https:\\\/\\\/permakultur-landwirtschaft.org\\\/#website\",\"url\":\"https:\\\/\\\/permakultur-landwirtschaft.org\\\/\",\"name\":\"Permakultur-Landwirtschaft\",\"description\":\"F\u00f6rderung der Permakultur in der Landwirtschaft\",\"publisher\":{\"@id\":\"https:\\\/\\\/permakultur-landwirtschaft.org\\\/#organization\"},\"potentialAction\":[{\"@type\":\"SearchAction\",\"target\":{\"@type\":\"EntryPoint\",\"urlTemplate\":\"https:\\\/\\\/permakultur-landwirtschaft.org\\\/?s={search_term_string}\"},\"query-input\":{\"@type\":\"PropertyValueSpecification\",\"valueRequired\":true,\"valueName\":\"search_term_string\"}}],\"inLanguage\":\"fr-FR\"},{\"@type\":\"Organization\",\"@id\":\"https:\\\/\\\/permakultur-landwirtschaft.org\\\/#organization\",\"name\":\"Permakultur-Landwirtschaft\",\"alternateName\":\"Verein Permakultur-Landwirtschaft\",\"url\":\"https:\\\/\\\/permakultur-landwirtschaft.org\\\/\",\"logo\":{\"@type\":\"ImageObject\",\"inLanguage\":\"fr-FR\",\"@id\":\"https:\\\/\\\/permakultur-landwirtschaft.org\\\/#\\\/schema\\\/logo\\\/image\\\/\",\"url\":\"https:\\\/\\\/permakultur-landwirtschaft.org\\\/wp-content\\\/uploads\\\/2021\\\/11\\\/pela_1268x1269.png\",\"contentUrl\":\"https:\\\/\\\/permakultur-landwirtschaft.org\\\/wp-content\\\/uploads\\\/2021\\\/11\\\/pela_1268x1269.png\",\"width\":1298,\"height\":1269,\"caption\":\"Permakultur-Landwirtschaft\"},\"image\":{\"@id\":\"https:\\\/\\\/permakultur-landwirtschaft.org\\\/#\\\/schema\\\/logo\\\/image\\\/\"},\"sameAs\":[\"https:\\\/\\\/www.facebook.com\\\/PermakulturLandwirtschaft\",\"https:\\\/\\\/www.instagram.com\\\/permakultur_landwirtschaft\\\/\",\"https:\\\/\\\/www.flickr.com\\\/photos\\\/permakultur-landwirtschaft\",\"https:\\\/\\\/www.youtube.com\\\/@PermakulturLandwirtschaft\"]},{\"@type\":\"Person\",\"@id\":\"https:\\\/\\\/permakultur-landwirtschaft.org\\\/#\\\/schema\\\/person\\\/6b0467872f75aed3e144093f9bf4f0b0\",\"name\":\"adrian reutimann\",\"url\":\"https:\\\/\\\/permakultur-landwirtschaft.org\\\/fr\\\/author\\\/reutiadr\\\/\"}]}<\/script>\n<!-- \/ Yoast SEO plugin. -->","yoast_head_json":{"title":"Klimagipfel f\u00fcr Landwirtschaft und Esskultur am 28. und 29. November 2025 - Permakultur-Landwirtschaft","robots":{"index":"index","follow":"follow","max-snippet":"max-snippet:-1","max-image-preview":"max-image-preview:large","max-video-preview":"max-video-preview:-1"},"canonical":"https:\/\/permakultur-landwirtschaft.org\/fr\/klimagipfel-fuer-landwirtschaft-und-esskultur-am-28-und-29-november-2025\/","og_locale":"fr_FR","og_type":"article","og_title":"Klimagipfel f\u00fcr Landwirtschaft und Esskultur am 28. und 29. November 2025 - Permakultur-Landwirtschaft","og_description":"Text von klimagipfel.org: Ern\u00e4hrung.Klima.Zukunft. Nahezu alles, was bei uns auf dem Teller landet, ist irgendwann, irgendwo auf einem Acker oder Feld gewachsen oder hat in einem Stall gestanden.&nbsp; Was wir essen hat nicht nur einen grossen Einfluss auf unsere Gesundheit, es ist auch relevant f\u00fcrs Klima. Am 28. und 29. November 2025 findet in Landquart [&hellip;]","og_url":"https:\/\/permakultur-landwirtschaft.org\/fr\/klimagipfel-fuer-landwirtschaft-und-esskultur-am-28-und-29-november-2025\/","og_site_name":"Permakultur-Landwirtschaft","article_publisher":"https:\/\/www.facebook.com\/PermakulturLandwirtschaft","article_published_time":"2025-03-27T08:17:35+00:00","article_modified_time":"2025-03-27T08:17:37+00:00","og_image":[{"width":700,"height":393,"url":"https:\/\/permakultur-landwirtschaft.org\/wp-content\/uploads\/2025\/03\/klimagipfel2025_2025-03-27_09-11-33.jpg","type":"image\/jpeg"}],"author":"adrian reutimann","twitter_card":"summary_large_image","twitter_misc":{"\u00c9crit par":"adrian reutimann","Dur\u00e9e de lecture estim\u00e9e":"2 minutes"},"schema":{"@context":"https:\/\/schema.org","@graph":[{"@type":"Article","@id":"https:\/\/permakultur-landwirtschaft.org\/klimagipfel-fuer-landwirtschaft-und-esskultur-am-28-und-29-november-2025\/#article","isPartOf":{"@id":"https:\/\/permakultur-landwirtschaft.org\/klimagipfel-fuer-landwirtschaft-und-esskultur-am-28-und-29-november-2025\/"},"author":{"name":"adrian reutimann","@id":"https:\/\/permakultur-landwirtschaft.org\/#\/schema\/person\/6b0467872f75aed3e144093f9bf4f0b0"},"headline":"Klimagipfel f\u00fcr Landwirtschaft und Esskultur am 28. und 29. November 2025","datePublished":"2025-03-27T08:17:35+00:00","dateModified":"2025-03-27T08:17:37+00:00","mainEntityOfPage":{"@id":"https:\/\/permakultur-landwirtschaft.org\/klimagipfel-fuer-landwirtschaft-und-esskultur-am-28-und-29-november-2025\/"},"wordCount":292,"publisher":{"@id":"https:\/\/permakultur-landwirtschaft.org\/#organization"},"image":{"@id":"https:\/\/permakultur-landwirtschaft.org\/klimagipfel-fuer-landwirtschaft-und-esskultur-am-28-und-29-november-2025\/#primaryimage"},"thumbnailUrl":"https:\/\/permakultur-landwirtschaft.org\/wp-content\/uploads\/2025\/03\/klimagipfel2025_2025-03-27_09-11-33.jpg","keywords":["Esskultur","Graub\u00fcnden","Klimagipfel","Landwirtschaft","Prix Climat"],"articleSection":["Veranstaltung"],"inLanguage":"fr-FR"},{"@type":"WebPage","@id":"https:\/\/permakultur-landwirtschaft.org\/klimagipfel-fuer-landwirtschaft-und-esskultur-am-28-und-29-november-2025\/","url":"https:\/\/permakultur-landwirtschaft.org\/klimagipfel-fuer-landwirtschaft-und-esskultur-am-28-und-29-november-2025\/","name":"Klimagipfel f\u00fcr Landwirtschaft und Esskultur am 28. und 29. November 2025 - Permakultur-Landwirtschaft","isPartOf":{"@id":"https:\/\/permakultur-landwirtschaft.org\/#website"},"primaryImageOfPage":{"@id":"https:\/\/permakultur-landwirtschaft.org\/klimagipfel-fuer-landwirtschaft-und-esskultur-am-28-und-29-november-2025\/#primaryimage"},"image":{"@id":"https:\/\/permakultur-landwirtschaft.org\/klimagipfel-fuer-landwirtschaft-und-esskultur-am-28-und-29-november-2025\/#primaryimage"},"thumbnailUrl":"https:\/\/permakultur-landwirtschaft.org\/wp-content\/uploads\/2025\/03\/klimagipfel2025_2025-03-27_09-11-33.jpg","datePublished":"2025-03-27T08:17:35+00:00","dateModified":"2025-03-27T08:17:37+00:00","breadcrumb":{"@id":"https:\/\/permakultur-landwirtschaft.org\/klimagipfel-fuer-landwirtschaft-und-esskultur-am-28-und-29-november-2025\/#breadcrumb"},"inLanguage":"fr-FR","potentialAction":[{"@type":"ReadAction","target":["https:\/\/permakultur-landwirtschaft.org\/klimagipfel-fuer-landwirtschaft-und-esskultur-am-28-und-29-november-2025\/"]}]},{"@type":"ImageObject","inLanguage":"fr-FR","@id":"https:\/\/permakultur-landwirtschaft.org\/klimagipfel-fuer-landwirtschaft-und-esskultur-am-28-und-29-november-2025\/#primaryimage","url":"https:\/\/permakultur-landwirtschaft.org\/wp-content\/uploads\/2025\/03\/klimagipfel2025_2025-03-27_09-11-33.jpg","contentUrl":"https:\/\/permakultur-landwirtschaft.org\/wp-content\/uploads\/2025\/03\/klimagipfel2025_2025-03-27_09-11-33.jpg","width":700,"height":393,"caption":"Bild: www.klimagipfel.org"},{"@type":"BreadcrumbList","@id":"https:\/\/permakultur-landwirtschaft.org\/klimagipfel-fuer-landwirtschaft-und-esskultur-am-28-und-29-november-2025\/#breadcrumb","itemListElement":[{"@type":"ListItem","position":1,"name":"Startseite","item":"https:\/\/permakultur-landwirtschaft.org\/"},{"@type":"ListItem","position":2,"name":"Klimagipfel f\u00fcr Landwirtschaft und Esskultur am 28. und 29. November 2025"}]},{"@type":"WebSite","@id":"https:\/\/permakultur-landwirtschaft.org\/#website","url":"https:\/\/permakultur-landwirtschaft.org\/","name":"Permakultur-Landwirtschaft","description":"F\u00f6rderung der Permakultur in der Landwirtschaft","publisher":{"@id":"https:\/\/permakultur-landwirtschaft.org\/#organization"},"potentialAction":[{"@type":"SearchAction","target":{"@type":"EntryPoint","urlTemplate":"https:\/\/permakultur-landwirtschaft.org\/?s={search_term_string}"},"query-input":{"@type":"PropertyValueSpecification","valueRequired":true,"valueName":"search_term_string"}}],"inLanguage":"fr-FR"},{"@type":"Organization","@id":"https:\/\/permakultur-landwirtschaft.org\/#organization","name":"Permakultur-Landwirtschaft","alternateName":"Verein Permakultur-Landwirtschaft","url":"https:\/\/permakultur-landwirtschaft.org\/","logo":{"@type":"ImageObject","inLanguage":"fr-FR","@id":"https:\/\/permakultur-landwirtschaft.org\/#\/schema\/logo\/image\/","url":"https:\/\/permakultur-landwirtschaft.org\/wp-content\/uploads\/2021\/11\/pela_1268x1269.png","contentUrl":"https:\/\/permakultur-landwirtschaft.org\/wp-content\/uploads\/2021\/11\/pela_1268x1269.png","width":1298,"height":1269,"caption":"Permakultur-Landwirtschaft"},"image":{"@id":"https:\/\/permakultur-landwirtschaft.org\/#\/schema\/logo\/image\/"},"sameAs":["https:\/\/www.facebook.com\/PermakulturLandwirtschaft","https:\/\/www.instagram.com\/permakultur_landwirtschaft\/","https:\/\/www.flickr.com\/photos\/permakultur-landwirtschaft","https:\/\/www.youtube.com\/@PermakulturLandwirtschaft"]},{"@type":"Person","@id":"https:\/\/permakultur-landwirtschaft.org\/#\/schema\/person\/6b0467872f75aed3e144093f9bf4f0b0","name":"adrian reutimann","url":"https:\/\/permakultur-landwirtschaft.org\/fr\/author\/reutiadr\/"}]}},"_links":{"self":[{"href":"https:\/\/permakultur-landwirtschaft.org\/fr\/wp-json\/wp\/v2\/posts\/36102","targetHints":{"allow":["GET"]}}],"collection":[{"href":"https:\/\/permakultur-landwirtschaft.org\/fr\/wp-json\/wp\/v2\/posts"}],"about":[{"href":"https:\/\/permakultur-landwirtschaft.org\/fr\/wp-json\/wp\/v2\/types\/post"}],"author":[{"embeddable":true,"href":"https:\/\/permakultur-landwirtschaft.org\/fr\/wp-json\/wp\/v2\/users\/2"}],"replies":[{"embeddable":true,"href":"https:\/\/permakultur-landwirtschaft.org\/fr\/wp-json\/wp\/v2\/comments?post=36102"}],"version-history":[{"count":1,"href":"https:\/\/permakultur-landwirtschaft.org\/fr\/wp-json\/wp\/v2\/posts\/36102\/revisions"}],"predecessor-version":[{"id":36104,"href":"https:\/\/permakultur-landwirtschaft.org\/fr\/wp-json\/wp\/v2\/posts\/36102\/revisions\/36104"}],"wp:featuredmedia":[{"embeddable":true,"href":"https:\/\/permakultur-landwirtschaft.org\/fr\/wp-json\/wp\/v2\/media\/36103"}],"wp:attachment":[{"href":"https:\/\/permakultur-landwirtschaft.org\/fr\/wp-json\/wp\/v2\/media?parent=36102"}],"wp:term":[{"taxonomy":"category","embeddable":true,"href":"https:\/\/permakultur-landwirtschaft.org\/fr\/wp-json\/wp\/v2\/categories?post=36102"},{"taxonomy":"post_tag","embeddable":true,"href":"https:\/\/permakultur-landwirtschaft.org\/fr\/wp-json\/wp\/v2\/tags?post=36102"}],"curies":[{"name":"wp","href":"https:\/\/api.w.org\/{rel}","templated":true}]}}