{"id":36021,"date":"2025-03-14T11:43:57","date_gmt":"2025-03-14T10:43:57","guid":{"rendered":"https:\/\/permakultur-landwirtschaft.org\/?p=36021"},"modified":"2025-03-24T11:48:13","modified_gmt":"2025-03-24T10:48:13","slug":"der-hof-adlerzart-neu-im-hoefe-netz-von-permakultur-landwirtschaft","status":"publish","type":"post","link":"https:\/\/permakultur-landwirtschaft.org\/fr\/der-hof-adlerzart-neu-im-hoefe-netz-von-permakultur-landwirtschaft\/","title":{"rendered":"Der Hof Adlerzart neu im H\u00f6fe-Netz von Permakultur-Landwirtschaft"},"content":{"rendered":"<p>Auf dem Hof Adlerzart in Oberr\u00fcti AG testet Pirmin Adler, in welcher Form Futterhecken sinnvoll in Betriebsabl\u00e4ufe integriert werden k\u00f6nnen, welche Pflanzen seinen K\u00fchen am besten schmecken und welche gesundheitlichen Ver\u00e4nderungen er bei den Tieren feststellen kann. <\/p>\n\n\n\n<p>Mit seinem mutigen Pioniergeist gewinnt Pirmin Erkenntnisse, die auf viele weitere Betriebe \u00fcbertragen werden k\u00f6nnen und findet f\u00fcr uns alle spannende L\u00f6sungen, um das \u00d6kosystem Weide divers, tierfreundlich und bewirtschaftbar zu gestalten. Allgemein wird auf dem Betrieb darauf geachtet, dass Kreisl\u00e4ufe geschlossen und die nat\u00fcrlichen Ressourcen nachhaltig genutzt werden. <\/p>\n\n\n\n<p><a href=\"https:\/\/permakultur-landwirtschaft.org\/fr\/hof\/adlerzart\/\">Link zum Hof Adlerzart<\/a><\/p>\n\n\n\n<p><a href=\"https:\/\/permakultur-landwirtschaft.org\/fr\/hoefe\/\">Link zum H\u00f6fe-Netz<\/a><\/p>","protected":false},"excerpt":{"rendered":"<p>Auf dem Hof Adlerzart in Oberr\u00fcti AG testet Pirmin Adler, in welcher Form Futterhecken sinnvoll in Betriebsabl\u00e4ufe integriert werden k\u00f6nnen, welche Pflanzen seinen K\u00fchen am besten schmecken und welche gesundheitlichen Ver\u00e4nderungen er bei den Tieren feststellen kann. Mit seinem mutigen Pioniergeist gewinnt Pirmin Erkenntnisse, die auf viele weitere Betriebe \u00fcbertragen werden k\u00f6nnen und findet f\u00fcr [&hellip;]<\/p>\n","protected":false},"author":2,"featured_media":35911,"comment_status":"closed","ping_status":"closed","sticky":false,"template":"","format":"standard","meta":{"_acf_changed":false,"site-sidebar-layout":"default","site-content-layout":"","ast-site-content-layout":"default","site-content-style":"default","site-sidebar-style":"default","ast-global-header-display":"","ast-banner-title-visibility":"","ast-main-header-display":"","ast-hfb-above-header-display":"","ast-hfb-below-header-display":"","ast-hfb-mobile-header-display":"","site-post-title":"","ast-breadcrumbs-content":"","ast-featured-img":"","footer-sml-layout":"","ast-disable-related-posts":"","theme-transparent-header-meta":"","adv-header-id-meta":"","stick-header-meta":"","header-above-stick-meta":"","header-main-stick-meta":"","header-below-stick-meta":"","astra-migrate-meta-layouts":"set","ast-page-background-enabled":"default","ast-page-background-meta":{"desktop":{"background-color":"var(--ast-global-color-4)","background-image":"","background-repeat":"repeat","background-position":"center center","background-size":"auto","background-attachment":"scroll","background-type":"","background-media":"","overlay-type":"","overlay-color":"","overlay-opacity":"","overlay-gradient":""},"tablet":{"background-color":"","background-image":"","background-repeat":"repeat","background-position":"center center","background-size":"auto","background-attachment":"scroll","background-type":"","background-media":"","overlay-type":"","overlay-color":"","overlay-opacity":"","overlay-gradient":""},"mobile":{"background-color":"","background-image":"","background-repeat":"repeat","background-position":"center center","background-size":"auto","background-attachment":"scroll","background-type":"","background-media":"","overlay-type":"","overlay-color":"","overlay-opacity":"","overlay-gradient":""}},"ast-content-background-meta":{"desktop":{"background-color":"var(--ast-global-color-5)","background-image":"","background-repeat":"repeat","background-position":"center center","background-size":"auto","background-attachment":"scroll","background-type":"","background-media":"","overlay-type":"","overlay-color":"","overlay-opacity":"","overlay-gradient":""},"tablet":{"background-color":"var(--ast-global-color-5)","background-image":"","background-repeat":"repeat","background-position":"center center","background-size":"auto","background-attachment":"scroll","background-type":"","background-media":"","overlay-type":"","overlay-color":"","overlay-opacity":"","overlay-gradient":""},"mobile":{"background-color":"var(--ast-global-color-5)","background-image":"","background-repeat":"repeat","background-position":"center center","background-size":"auto","background-attachment":"scroll","background-type":"","background-media":"","overlay-type":"","overlay-color":"","overlay-opacity":"","overlay-gradient":""}},"footnotes":""},"categories":[22],"tags":[606,31,624,243,566],"class_list":["post-36021","post","type-post","status-publish","format-standard","has-post-thumbnail","hentry","category-neuigkeit","tag-adlerzart","tag-agroforst","tag-hoefe-netz","tag-permakultur-landwirtschaft","tag-pirmin-adler"],"acf":[],"yoast_head":"<!-- This site is optimized with the Yoast SEO plugin v27.5 - https:\/\/yoast.com\/product\/yoast-seo-wordpress\/ -->\n<title>Der Hof Adlerzart neu im H\u00f6fe-Netz von Permakultur-Landwirtschaft - Permakultur-Landwirtschaft<\/title>\n<meta name=\"description\" content=\"Auf dem Hof Adlerzart testet Pirmin Adler, in welcher Form Futterhecken sinnvoll in Betriebsabl\u00e4ufe integriert werden k\u00f6nnen.\" \/>\n<meta name=\"robots\" content=\"index, follow, max-snippet:-1, max-image-preview:large, max-video-preview:-1\" \/>\n<link rel=\"canonical\" href=\"https:\/\/permakultur-landwirtschaft.org\/fr\/der-hof-adlerzart-neu-im-hoefe-netz-von-permakultur-landwirtschaft\/\" \/>\n<meta property=\"og:locale\" content=\"fr_FR\" \/>\n<meta property=\"og:type\" content=\"article\" \/>\n<meta property=\"og:title\" content=\"Der Hof Adlerzart neu im H\u00f6fe-Netz von Permakultur-Landwirtschaft - Permakultur-Landwirtschaft\" \/>\n<meta property=\"og:description\" content=\"Auf dem Hof Adlerzart testet Pirmin Adler, in welcher Form Futterhecken sinnvoll in Betriebsabl\u00e4ufe integriert werden k\u00f6nnen.\" \/>\n<meta property=\"og:url\" content=\"https:\/\/permakultur-landwirtschaft.org\/fr\/der-hof-adlerzart-neu-im-hoefe-netz-von-permakultur-landwirtschaft\/\" \/>\n<meta property=\"og:site_name\" content=\"Permakultur-Landwirtschaft\" \/>\n<meta property=\"article:publisher\" content=\"https:\/\/www.facebook.com\/PermakulturLandwirtschaft\" \/>\n<meta property=\"article:published_time\" content=\"2025-03-14T10:43:57+00:00\" \/>\n<meta property=\"article:modified_time\" content=\"2025-03-24T10:48:13+00:00\" \/>\n<meta property=\"og:image\" content=\"https:\/\/permakultur-landwirtschaft.org\/wp-content\/uploads\/2025\/03\/Thomas-Alfoeldi_FiBL_Silvopastorales-Agroforstsystem-bei-Pirmin-Adler_Adlerzart.jpg\" \/>\n\t<meta property=\"og:image:width\" content=\"700\" \/>\n\t<meta property=\"og:image:height\" content=\"394\" \/>\n\t<meta property=\"og:image:type\" content=\"image\/jpeg\" \/>\n<meta name=\"author\" content=\"adrian reutimann\" \/>\n<meta name=\"twitter:card\" content=\"summary_large_image\" \/>\n<meta name=\"twitter:label1\" content=\"\u00c9crit par\" \/>\n\t<meta name=\"twitter:data1\" content=\"adrian reutimann\" \/>\n\t<meta name=\"twitter:label2\" content=\"Dur\u00e9e de lecture estim\u00e9e\" \/>\n\t<meta name=\"twitter:data2\" content=\"1 minute\" \/>\n<script type=\"application\/ld+json\" class=\"yoast-schema-graph\">{\"@context\":\"https:\\\/\\\/schema.org\",\"@graph\":[{\"@type\":\"Article\",\"@id\":\"https:\\\/\\\/permakultur-landwirtschaft.org\\\/der-hof-adlerzart-neu-im-hoefe-netz-von-permakultur-landwirtschaft\\\/#article\",\"isPartOf\":{\"@id\":\"https:\\\/\\\/permakultur-landwirtschaft.org\\\/der-hof-adlerzart-neu-im-hoefe-netz-von-permakultur-landwirtschaft\\\/\"},\"author\":{\"name\":\"adrian reutimann\",\"@id\":\"https:\\\/\\\/permakultur-landwirtschaft.org\\\/#\\\/schema\\\/person\\\/6b0467872f75aed3e144093f9bf4f0b0\"},\"headline\":\"Der Hof Adlerzart neu im H\u00f6fe-Netz von Permakultur-Landwirtschaft\",\"datePublished\":\"2025-03-14T10:43:57+00:00\",\"dateModified\":\"2025-03-24T10:48:13+00:00\",\"mainEntityOfPage\":{\"@id\":\"https:\\\/\\\/permakultur-landwirtschaft.org\\\/der-hof-adlerzart-neu-im-hoefe-netz-von-permakultur-landwirtschaft\\\/\"},\"wordCount\":113,\"publisher\":{\"@id\":\"https:\\\/\\\/permakultur-landwirtschaft.org\\\/#organization\"},\"image\":{\"@id\":\"https:\\\/\\\/permakultur-landwirtschaft.org\\\/der-hof-adlerzart-neu-im-hoefe-netz-von-permakultur-landwirtschaft\\\/#primaryimage\"},\"thumbnailUrl\":\"https:\\\/\\\/permakultur-landwirtschaft.org\\\/wp-content\\\/uploads\\\/2025\\\/03\\\/Thomas-Alfoeldi_FiBL_Silvopastorales-Agroforstsystem-bei-Pirmin-Adler_Adlerzart.jpg\",\"keywords\":[\"Adlerzart\",\"Agroforst\",\"H\u00f6fe-Netz\",\"Permakultur-Landwirtschaft\",\"Pirmin Adler\"],\"articleSection\":[\"Neuigkeit\"],\"inLanguage\":\"fr-FR\"},{\"@type\":\"WebPage\",\"@id\":\"https:\\\/\\\/permakultur-landwirtschaft.org\\\/der-hof-adlerzart-neu-im-hoefe-netz-von-permakultur-landwirtschaft\\\/\",\"url\":\"https:\\\/\\\/permakultur-landwirtschaft.org\\\/der-hof-adlerzart-neu-im-hoefe-netz-von-permakultur-landwirtschaft\\\/\",\"name\":\"Der Hof Adlerzart neu im H\u00f6fe-Netz von Permakultur-Landwirtschaft - Permakultur-Landwirtschaft\",\"isPartOf\":{\"@id\":\"https:\\\/\\\/permakultur-landwirtschaft.org\\\/#website\"},\"primaryImageOfPage\":{\"@id\":\"https:\\\/\\\/permakultur-landwirtschaft.org\\\/der-hof-adlerzart-neu-im-hoefe-netz-von-permakultur-landwirtschaft\\\/#primaryimage\"},\"image\":{\"@id\":\"https:\\\/\\\/permakultur-landwirtschaft.org\\\/der-hof-adlerzart-neu-im-hoefe-netz-von-permakultur-landwirtschaft\\\/#primaryimage\"},\"thumbnailUrl\":\"https:\\\/\\\/permakultur-landwirtschaft.org\\\/wp-content\\\/uploads\\\/2025\\\/03\\\/Thomas-Alfoeldi_FiBL_Silvopastorales-Agroforstsystem-bei-Pirmin-Adler_Adlerzart.jpg\",\"datePublished\":\"2025-03-14T10:43:57+00:00\",\"dateModified\":\"2025-03-24T10:48:13+00:00\",\"description\":\"Auf dem Hof Adlerzart testet Pirmin Adler, in welcher Form Futterhecken sinnvoll in Betriebsabl\u00e4ufe integriert werden k\u00f6nnen.\",\"breadcrumb\":{\"@id\":\"https:\\\/\\\/permakultur-landwirtschaft.org\\\/der-hof-adlerzart-neu-im-hoefe-netz-von-permakultur-landwirtschaft\\\/#breadcrumb\"},\"inLanguage\":\"fr-FR\",\"potentialAction\":[{\"@type\":\"ReadAction\",\"target\":[\"https:\\\/\\\/permakultur-landwirtschaft.org\\\/der-hof-adlerzart-neu-im-hoefe-netz-von-permakultur-landwirtschaft\\\/\"]}]},{\"@type\":\"ImageObject\",\"inLanguage\":\"fr-FR\",\"@id\":\"https:\\\/\\\/permakultur-landwirtschaft.org\\\/der-hof-adlerzart-neu-im-hoefe-netz-von-permakultur-landwirtschaft\\\/#primaryimage\",\"url\":\"https:\\\/\\\/permakultur-landwirtschaft.org\\\/wp-content\\\/uploads\\\/2025\\\/03\\\/Thomas-Alfoeldi_FiBL_Silvopastorales-Agroforstsystem-bei-Pirmin-Adler_Adlerzart.jpg\",\"contentUrl\":\"https:\\\/\\\/permakultur-landwirtschaft.org\\\/wp-content\\\/uploads\\\/2025\\\/03\\\/Thomas-Alfoeldi_FiBL_Silvopastorales-Agroforstsystem-bei-Pirmin-Adler_Adlerzart.jpg\",\"width\":700,\"height\":394,\"caption\":\"Foto: Thomas Alf\u00f6ldi\"},{\"@type\":\"BreadcrumbList\",\"@id\":\"https:\\\/\\\/permakultur-landwirtschaft.org\\\/der-hof-adlerzart-neu-im-hoefe-netz-von-permakultur-landwirtschaft\\\/#breadcrumb\",\"itemListElement\":[{\"@type\":\"ListItem\",\"position\":1,\"name\":\"Startseite\",\"item\":\"https:\\\/\\\/permakultur-landwirtschaft.org\\\/\"},{\"@type\":\"ListItem\",\"position\":2,\"name\":\"Der Hof Adlerzart neu im H\u00f6fe-Netz von Permakultur-Landwirtschaft\"}]},{\"@type\":\"WebSite\",\"@id\":\"https:\\\/\\\/permakultur-landwirtschaft.org\\\/#website\",\"url\":\"https:\\\/\\\/permakultur-landwirtschaft.org\\\/\",\"name\":\"Permakultur-Landwirtschaft\",\"description\":\"F\u00f6rderung der Permakultur in der Landwirtschaft\",\"publisher\":{\"@id\":\"https:\\\/\\\/permakultur-landwirtschaft.org\\\/#organization\"},\"potentialAction\":[{\"@type\":\"SearchAction\",\"target\":{\"@type\":\"EntryPoint\",\"urlTemplate\":\"https:\\\/\\\/permakultur-landwirtschaft.org\\\/?s={search_term_string}\"},\"query-input\":{\"@type\":\"PropertyValueSpecification\",\"valueRequired\":true,\"valueName\":\"search_term_string\"}}],\"inLanguage\":\"fr-FR\"},{\"@type\":\"Organization\",\"@id\":\"https:\\\/\\\/permakultur-landwirtschaft.org\\\/#organization\",\"name\":\"Permakultur-Landwirtschaft\",\"alternateName\":\"Verein Permakultur-Landwirtschaft\",\"url\":\"https:\\\/\\\/permakultur-landwirtschaft.org\\\/\",\"logo\":{\"@type\":\"ImageObject\",\"inLanguage\":\"fr-FR\",\"@id\":\"https:\\\/\\\/permakultur-landwirtschaft.org\\\/#\\\/schema\\\/logo\\\/image\\\/\",\"url\":\"https:\\\/\\\/permakultur-landwirtschaft.org\\\/wp-content\\\/uploads\\\/2021\\\/11\\\/pela_1268x1269.png\",\"contentUrl\":\"https:\\\/\\\/permakultur-landwirtschaft.org\\\/wp-content\\\/uploads\\\/2021\\\/11\\\/pela_1268x1269.png\",\"width\":1298,\"height\":1269,\"caption\":\"Permakultur-Landwirtschaft\"},\"image\":{\"@id\":\"https:\\\/\\\/permakultur-landwirtschaft.org\\\/#\\\/schema\\\/logo\\\/image\\\/\"},\"sameAs\":[\"https:\\\/\\\/www.facebook.com\\\/PermakulturLandwirtschaft\",\"https:\\\/\\\/www.instagram.com\\\/permakultur_landwirtschaft\\\/\",\"https:\\\/\\\/www.flickr.com\\\/photos\\\/permakultur-landwirtschaft\",\"https:\\\/\\\/www.youtube.com\\\/@PermakulturLandwirtschaft\"]},{\"@type\":\"Person\",\"@id\":\"https:\\\/\\\/permakultur-landwirtschaft.org\\\/#\\\/schema\\\/person\\\/6b0467872f75aed3e144093f9bf4f0b0\",\"name\":\"adrian reutimann\",\"url\":\"https:\\\/\\\/permakultur-landwirtschaft.org\\\/fr\\\/author\\\/reutiadr\\\/\"}]}<\/script>\n<!-- \/ Yoast SEO plugin. -->","yoast_head_json":{"title":"Der Hof Adlerzart neu im H\u00f6fe-Netz von Permakultur-Landwirtschaft - Permakultur-Landwirtschaft","description":"Auf dem Hof Adlerzart testet Pirmin Adler, in welcher Form Futterhecken sinnvoll in Betriebsabl\u00e4ufe integriert werden k\u00f6nnen.","robots":{"index":"index","follow":"follow","max-snippet":"max-snippet:-1","max-image-preview":"max-image-preview:large","max-video-preview":"max-video-preview:-1"},"canonical":"https:\/\/permakultur-landwirtschaft.org\/fr\/der-hof-adlerzart-neu-im-hoefe-netz-von-permakultur-landwirtschaft\/","og_locale":"fr_FR","og_type":"article","og_title":"Der Hof Adlerzart neu im H\u00f6fe-Netz von Permakultur-Landwirtschaft - Permakultur-Landwirtschaft","og_description":"Auf dem Hof Adlerzart testet Pirmin Adler, in welcher Form Futterhecken sinnvoll in Betriebsabl\u00e4ufe integriert werden k\u00f6nnen.","og_url":"https:\/\/permakultur-landwirtschaft.org\/fr\/der-hof-adlerzart-neu-im-hoefe-netz-von-permakultur-landwirtschaft\/","og_site_name":"Permakultur-Landwirtschaft","article_publisher":"https:\/\/www.facebook.com\/PermakulturLandwirtschaft","article_published_time":"2025-03-14T10:43:57+00:00","article_modified_time":"2025-03-24T10:48:13+00:00","og_image":[{"width":700,"height":394,"url":"https:\/\/permakultur-landwirtschaft.org\/wp-content\/uploads\/2025\/03\/Thomas-Alfoeldi_FiBL_Silvopastorales-Agroforstsystem-bei-Pirmin-Adler_Adlerzart.jpg","type":"image\/jpeg"}],"author":"adrian reutimann","twitter_card":"summary_large_image","twitter_misc":{"\u00c9crit par":"adrian reutimann","Dur\u00e9e de lecture estim\u00e9e":"1 minute"},"schema":{"@context":"https:\/\/schema.org","@graph":[{"@type":"Article","@id":"https:\/\/permakultur-landwirtschaft.org\/der-hof-adlerzart-neu-im-hoefe-netz-von-permakultur-landwirtschaft\/#article","isPartOf":{"@id":"https:\/\/permakultur-landwirtschaft.org\/der-hof-adlerzart-neu-im-hoefe-netz-von-permakultur-landwirtschaft\/"},"author":{"name":"adrian reutimann","@id":"https:\/\/permakultur-landwirtschaft.org\/#\/schema\/person\/6b0467872f75aed3e144093f9bf4f0b0"},"headline":"Der Hof Adlerzart neu im H\u00f6fe-Netz von Permakultur-Landwirtschaft","datePublished":"2025-03-14T10:43:57+00:00","dateModified":"2025-03-24T10:48:13+00:00","mainEntityOfPage":{"@id":"https:\/\/permakultur-landwirtschaft.org\/der-hof-adlerzart-neu-im-hoefe-netz-von-permakultur-landwirtschaft\/"},"wordCount":113,"publisher":{"@id":"https:\/\/permakultur-landwirtschaft.org\/#organization"},"image":{"@id":"https:\/\/permakultur-landwirtschaft.org\/der-hof-adlerzart-neu-im-hoefe-netz-von-permakultur-landwirtschaft\/#primaryimage"},"thumbnailUrl":"https:\/\/permakultur-landwirtschaft.org\/wp-content\/uploads\/2025\/03\/Thomas-Alfoeldi_FiBL_Silvopastorales-Agroforstsystem-bei-Pirmin-Adler_Adlerzart.jpg","keywords":["Adlerzart","Agroforst","H\u00f6fe-Netz","Permakultur-Landwirtschaft","Pirmin Adler"],"articleSection":["Neuigkeit"],"inLanguage":"fr-FR"},{"@type":"WebPage","@id":"https:\/\/permakultur-landwirtschaft.org\/der-hof-adlerzart-neu-im-hoefe-netz-von-permakultur-landwirtschaft\/","url":"https:\/\/permakultur-landwirtschaft.org\/der-hof-adlerzart-neu-im-hoefe-netz-von-permakultur-landwirtschaft\/","name":"Der Hof Adlerzart neu im H\u00f6fe-Netz von Permakultur-Landwirtschaft - Permakultur-Landwirtschaft","isPartOf":{"@id":"https:\/\/permakultur-landwirtschaft.org\/#website"},"primaryImageOfPage":{"@id":"https:\/\/permakultur-landwirtschaft.org\/der-hof-adlerzart-neu-im-hoefe-netz-von-permakultur-landwirtschaft\/#primaryimage"},"image":{"@id":"https:\/\/permakultur-landwirtschaft.org\/der-hof-adlerzart-neu-im-hoefe-netz-von-permakultur-landwirtschaft\/#primaryimage"},"thumbnailUrl":"https:\/\/permakultur-landwirtschaft.org\/wp-content\/uploads\/2025\/03\/Thomas-Alfoeldi_FiBL_Silvopastorales-Agroforstsystem-bei-Pirmin-Adler_Adlerzart.jpg","datePublished":"2025-03-14T10:43:57+00:00","dateModified":"2025-03-24T10:48:13+00:00","description":"Auf dem Hof Adlerzart testet Pirmin Adler, in welcher Form Futterhecken sinnvoll in Betriebsabl\u00e4ufe integriert werden k\u00f6nnen.","breadcrumb":{"@id":"https:\/\/permakultur-landwirtschaft.org\/der-hof-adlerzart-neu-im-hoefe-netz-von-permakultur-landwirtschaft\/#breadcrumb"},"inLanguage":"fr-FR","potentialAction":[{"@type":"ReadAction","target":["https:\/\/permakultur-landwirtschaft.org\/der-hof-adlerzart-neu-im-hoefe-netz-von-permakultur-landwirtschaft\/"]}]},{"@type":"ImageObject","inLanguage":"fr-FR","@id":"https:\/\/permakultur-landwirtschaft.org\/der-hof-adlerzart-neu-im-hoefe-netz-von-permakultur-landwirtschaft\/#primaryimage","url":"https:\/\/permakultur-landwirtschaft.org\/wp-content\/uploads\/2025\/03\/Thomas-Alfoeldi_FiBL_Silvopastorales-Agroforstsystem-bei-Pirmin-Adler_Adlerzart.jpg","contentUrl":"https:\/\/permakultur-landwirtschaft.org\/wp-content\/uploads\/2025\/03\/Thomas-Alfoeldi_FiBL_Silvopastorales-Agroforstsystem-bei-Pirmin-Adler_Adlerzart.jpg","width":700,"height":394,"caption":"Foto: Thomas Alf\u00f6ldi"},{"@type":"BreadcrumbList","@id":"https:\/\/permakultur-landwirtschaft.org\/der-hof-adlerzart-neu-im-hoefe-netz-von-permakultur-landwirtschaft\/#breadcrumb","itemListElement":[{"@type":"ListItem","position":1,"name":"Startseite","item":"https:\/\/permakultur-landwirtschaft.org\/"},{"@type":"ListItem","position":2,"name":"Der Hof Adlerzart neu im H\u00f6fe-Netz von Permakultur-Landwirtschaft"}]},{"@type":"WebSite","@id":"https:\/\/permakultur-landwirtschaft.org\/#website","url":"https:\/\/permakultur-landwirtschaft.org\/","name":"Permakultur-Landwirtschaft","description":"F\u00f6rderung der Permakultur in der Landwirtschaft","publisher":{"@id":"https:\/\/permakultur-landwirtschaft.org\/#organization"},"potentialAction":[{"@type":"SearchAction","target":{"@type":"EntryPoint","urlTemplate":"https:\/\/permakultur-landwirtschaft.org\/?s={search_term_string}"},"query-input":{"@type":"PropertyValueSpecification","valueRequired":true,"valueName":"search_term_string"}}],"inLanguage":"fr-FR"},{"@type":"Organization","@id":"https:\/\/permakultur-landwirtschaft.org\/#organization","name":"Permakultur-Landwirtschaft","alternateName":"Verein Permakultur-Landwirtschaft","url":"https:\/\/permakultur-landwirtschaft.org\/","logo":{"@type":"ImageObject","inLanguage":"fr-FR","@id":"https:\/\/permakultur-landwirtschaft.org\/#\/schema\/logo\/image\/","url":"https:\/\/permakultur-landwirtschaft.org\/wp-content\/uploads\/2021\/11\/pela_1268x1269.png","contentUrl":"https:\/\/permakultur-landwirtschaft.org\/wp-content\/uploads\/2021\/11\/pela_1268x1269.png","width":1298,"height":1269,"caption":"Permakultur-Landwirtschaft"},"image":{"@id":"https:\/\/permakultur-landwirtschaft.org\/#\/schema\/logo\/image\/"},"sameAs":["https:\/\/www.facebook.com\/PermakulturLandwirtschaft","https:\/\/www.instagram.com\/permakultur_landwirtschaft\/","https:\/\/www.flickr.com\/photos\/permakultur-landwirtschaft","https:\/\/www.youtube.com\/@PermakulturLandwirtschaft"]},{"@type":"Person","@id":"https:\/\/permakultur-landwirtschaft.org\/#\/schema\/person\/6b0467872f75aed3e144093f9bf4f0b0","name":"adrian reutimann","url":"https:\/\/permakultur-landwirtschaft.org\/fr\/author\/reutiadr\/"}]}},"_links":{"self":[{"href":"https:\/\/permakultur-landwirtschaft.org\/fr\/wp-json\/wp\/v2\/posts\/36021","targetHints":{"allow":["GET"]}}],"collection":[{"href":"https:\/\/permakultur-landwirtschaft.org\/fr\/wp-json\/wp\/v2\/posts"}],"about":[{"href":"https:\/\/permakultur-landwirtschaft.org\/fr\/wp-json\/wp\/v2\/types\/post"}],"author":[{"embeddable":true,"href":"https:\/\/permakultur-landwirtschaft.org\/fr\/wp-json\/wp\/v2\/users\/2"}],"replies":[{"embeddable":true,"href":"https:\/\/permakultur-landwirtschaft.org\/fr\/wp-json\/wp\/v2\/comments?post=36021"}],"version-history":[{"count":2,"href":"https:\/\/permakultur-landwirtschaft.org\/fr\/wp-json\/wp\/v2\/posts\/36021\/revisions"}],"predecessor-version":[{"id":36023,"href":"https:\/\/permakultur-landwirtschaft.org\/fr\/wp-json\/wp\/v2\/posts\/36021\/revisions\/36023"}],"wp:featuredmedia":[{"embeddable":true,"href":"https:\/\/permakultur-landwirtschaft.org\/fr\/wp-json\/wp\/v2\/media\/35911"}],"wp:attachment":[{"href":"https:\/\/permakultur-landwirtschaft.org\/fr\/wp-json\/wp\/v2\/media?parent=36021"}],"wp:term":[{"taxonomy":"category","embeddable":true,"href":"https:\/\/permakultur-landwirtschaft.org\/fr\/wp-json\/wp\/v2\/categories?post=36021"},{"taxonomy":"post_tag","embeddable":true,"href":"https:\/\/permakultur-landwirtschaft.org\/fr\/wp-json\/wp\/v2\/tags?post=36021"}],"curies":[{"name":"wp","href":"https:\/\/api.w.org\/{rel}","templated":true}]}}