{"id":36018,"date":"2025-03-10T11:34:24","date_gmt":"2025-03-10T10:34:24","guid":{"rendered":"https:\/\/permakultur-landwirtschaft.org\/?p=36018"},"modified":"2025-03-24T11:40:31","modified_gmt":"2025-03-24T10:40:31","slug":"der-hof-gruenboden-neu-im-hoefe-netz-von-permakultur-landwirtschaft","status":"publish","type":"post","link":"https:\/\/permakultur-landwirtschaft.org\/fr\/der-hof-gruenboden-neu-im-hoefe-netz-von-permakultur-landwirtschaft\/","title":{"rendered":"Der Hof Gr\u00fcnboden neu im H\u00f6fe-Netz von Permakultur-Landwirtschaft"},"content":{"rendered":"<p>Auf dem 9ha Bio Betrieb Gr\u00fcnboden werden getreu ihrer Philosophie Lebensmittel produziert und dabei Boden und Natur respektiert und gesch\u00fctzt. Auf dem kleinen, idyllisch gelegenen Hof wurde 2024 zudem auf 5.5 ha ein Agroforst angelegt, der sich am Keyline System orientiert, um auch hier wieder den Boden zu sch\u00fctzen und Lebensraum zu schaffen. So werden, wie auch sonst auf dem Betrieb, \u00f6kologisch wertvolle Elemente mit der Produktionsfl\u00e4che m\u00f6glichst kombiniert und eng vernetzt. <\/p>\n\n\n\n<p>Das Obst und Gem\u00fcse vom eigenen und teilweise auch umliegenden Betrieben wird in der eigenen Hof Manufaktur schonend verarbeitet. Mit Erfolg! Die D\u00f6rrbohnen wurden zum Beispiel mit der &#171;Gourmet Knospe&#187; ausgezeichnet! Chapeau!<\/p>\n\n\n\n<p><a href=\"https:\/\/permakultur-landwirtschaft.org\/fr\/hof\/hof-biomanufaktur-gruenboden\/\">Link zum Hof Gr\u00fcnboden<\/a><\/p>\n\n\n\n<p><a href=\"https:\/\/permakultur-landwirtschaft.org\/fr\/hoefe\/\">Link zum H\u00f6fe-Netz<\/a><\/p>","protected":false},"excerpt":{"rendered":"<p>Auf dem 9ha Bio Betrieb Gr\u00fcnboden werden getreu ihrer Philosophie Lebensmittel produziert und dabei Boden und Natur respektiert und gesch\u00fctzt. Auf dem kleinen, idyllisch gelegenen Hof wurde 2024 zudem auf 5.5 ha ein Agroforst angelegt, der sich am Keyline System orientiert, um auch hier wieder den Boden zu sch\u00fctzen und Lebensraum zu schaffen. So werden, [&hellip;]<\/p>\n","protected":false},"author":2,"featured_media":35786,"comment_status":"closed","ping_status":"closed","sticky":false,"template":"","format":"standard","meta":{"_acf_changed":false,"site-sidebar-layout":"default","site-content-layout":"","ast-site-content-layout":"default","site-content-style":"default","site-sidebar-style":"default","ast-global-header-display":"","ast-banner-title-visibility":"","ast-main-header-display":"","ast-hfb-above-header-display":"","ast-hfb-below-header-display":"","ast-hfb-mobile-header-display":"","site-post-title":"","ast-breadcrumbs-content":"","ast-featured-img":"","footer-sml-layout":"","ast-disable-related-posts":"","theme-transparent-header-meta":"","adv-header-id-meta":"","stick-header-meta":"","header-above-stick-meta":"","header-main-stick-meta":"","header-below-stick-meta":"","astra-migrate-meta-layouts":"set","ast-page-background-enabled":"default","ast-page-background-meta":{"desktop":{"background-color":"var(--ast-global-color-4)","background-image":"","background-repeat":"repeat","background-position":"center center","background-size":"auto","background-attachment":"scroll","background-type":"","background-media":"","overlay-type":"","overlay-color":"","overlay-opacity":"","overlay-gradient":""},"tablet":{"background-color":"","background-image":"","background-repeat":"repeat","background-position":"center center","background-size":"auto","background-attachment":"scroll","background-type":"","background-media":"","overlay-type":"","overlay-color":"","overlay-opacity":"","overlay-gradient":""},"mobile":{"background-color":"","background-image":"","background-repeat":"repeat","background-position":"center center","background-size":"auto","background-attachment":"scroll","background-type":"","background-media":"","overlay-type":"","overlay-color":"","overlay-opacity":"","overlay-gradient":""}},"ast-content-background-meta":{"desktop":{"background-color":"var(--ast-global-color-5)","background-image":"","background-repeat":"repeat","background-position":"center center","background-size":"auto","background-attachment":"scroll","background-type":"","background-media":"","overlay-type":"","overlay-color":"","overlay-opacity":"","overlay-gradient":""},"tablet":{"background-color":"var(--ast-global-color-5)","background-image":"","background-repeat":"repeat","background-position":"center center","background-size":"auto","background-attachment":"scroll","background-type":"","background-media":"","overlay-type":"","overlay-color":"","overlay-opacity":"","overlay-gradient":""},"mobile":{"background-color":"var(--ast-global-color-5)","background-image":"","background-repeat":"repeat","background-position":"center center","background-size":"auto","background-attachment":"scroll","background-type":"","background-media":"","overlay-type":"","overlay-color":"","overlay-opacity":"","overlay-gradient":""}},"footnotes":""},"categories":[22],"tags":[627,624,628,243],"class_list":["post-36018","post","type-post","status-publish","format-standard","has-post-thumbnail","hentry","category-neuigkeit","tag-hof-gruenboden","tag-hoefe-netz","tag-manufaktur-gruenboden","tag-permakultur-landwirtschaft"],"acf":[],"yoast_head":"<!-- This site is optimized with the Yoast SEO plugin v27.5 - https:\/\/yoast.com\/product\/yoast-seo-wordpress\/ -->\n<title>Der Hof Gr\u00fcnboden neu im H\u00f6fe-Netz von Permakultur-Landwirtschaft - Permakultur-Landwirtschaft<\/title>\n<meta name=\"description\" content=\"Auf dem Bio Betrieb Gr\u00fcnboden werden getreu ihrer Philosophie Lebensmittel produziert und dabei Boden und Natur respektiert und gesch\u00fctzt.\" \/>\n<meta name=\"robots\" content=\"index, follow, max-snippet:-1, max-image-preview:large, max-video-preview:-1\" \/>\n<link rel=\"canonical\" href=\"https:\/\/permakultur-landwirtschaft.org\/fr\/der-hof-gruenboden-neu-im-hoefe-netz-von-permakultur-landwirtschaft\/\" \/>\n<meta property=\"og:locale\" content=\"fr_FR\" \/>\n<meta property=\"og:type\" content=\"article\" \/>\n<meta property=\"og:title\" content=\"Der Hof Gr\u00fcnboden neu im H\u00f6fe-Netz von Permakultur-Landwirtschaft - Permakultur-Landwirtschaft\" \/>\n<meta property=\"og:description\" content=\"Auf dem Bio Betrieb Gr\u00fcnboden werden getreu ihrer Philosophie Lebensmittel produziert und dabei Boden und Natur respektiert und gesch\u00fctzt.\" \/>\n<meta property=\"og:url\" content=\"https:\/\/permakultur-landwirtschaft.org\/fr\/der-hof-gruenboden-neu-im-hoefe-netz-von-permakultur-landwirtschaft\/\" \/>\n<meta property=\"og:site_name\" content=\"Permakultur-Landwirtschaft\" \/>\n<meta property=\"article:publisher\" content=\"https:\/\/www.facebook.com\/PermakulturLandwirtschaft\" \/>\n<meta property=\"article:published_time\" content=\"2025-03-10T10:34:24+00:00\" \/>\n<meta property=\"article:modified_time\" content=\"2025-03-24T10:40:31+00:00\" \/>\n<meta property=\"og:image\" content=\"https:\/\/permakultur-landwirtschaft.org\/wp-content\/uploads\/2025\/02\/IMG_20240605_174657Bio-und-Manufakturbetrieb-Gruenboden.jpg\" \/>\n\t<meta property=\"og:image:width\" content=\"700\" \/>\n\t<meta property=\"og:image:height\" content=\"525\" \/>\n\t<meta property=\"og:image:type\" content=\"image\/jpeg\" \/>\n<meta name=\"author\" content=\"adrian reutimann\" \/>\n<meta name=\"twitter:card\" content=\"summary_large_image\" \/>\n<meta name=\"twitter:label1\" content=\"\u00c9crit par\" \/>\n\t<meta name=\"twitter:data1\" content=\"adrian reutimann\" \/>\n\t<meta name=\"twitter:label2\" content=\"Dur\u00e9e de lecture estim\u00e9e\" \/>\n\t<meta name=\"twitter:data2\" content=\"1 minute\" \/>\n<script type=\"application\/ld+json\" class=\"yoast-schema-graph\">{\"@context\":\"https:\\\/\\\/schema.org\",\"@graph\":[{\"@type\":\"Article\",\"@id\":\"https:\\\/\\\/permakultur-landwirtschaft.org\\\/der-hof-gruenboden-neu-im-hoefe-netz-von-permakultur-landwirtschaft\\\/#article\",\"isPartOf\":{\"@id\":\"https:\\\/\\\/permakultur-landwirtschaft.org\\\/der-hof-gruenboden-neu-im-hoefe-netz-von-permakultur-landwirtschaft\\\/\"},\"author\":{\"name\":\"adrian reutimann\",\"@id\":\"https:\\\/\\\/permakultur-landwirtschaft.org\\\/#\\\/schema\\\/person\\\/6b0467872f75aed3e144093f9bf4f0b0\"},\"headline\":\"Der Hof Gr\u00fcnboden neu im H\u00f6fe-Netz von Permakultur-Landwirtschaft\",\"datePublished\":\"2025-03-10T10:34:24+00:00\",\"dateModified\":\"2025-03-24T10:40:31+00:00\",\"mainEntityOfPage\":{\"@id\":\"https:\\\/\\\/permakultur-landwirtschaft.org\\\/der-hof-gruenboden-neu-im-hoefe-netz-von-permakultur-landwirtschaft\\\/\"},\"wordCount\":128,\"publisher\":{\"@id\":\"https:\\\/\\\/permakultur-landwirtschaft.org\\\/#organization\"},\"image\":{\"@id\":\"https:\\\/\\\/permakultur-landwirtschaft.org\\\/der-hof-gruenboden-neu-im-hoefe-netz-von-permakultur-landwirtschaft\\\/#primaryimage\"},\"thumbnailUrl\":\"https:\\\/\\\/permakultur-landwirtschaft.org\\\/wp-content\\\/uploads\\\/2025\\\/02\\\/IMG_20240605_174657Bio-und-Manufakturbetrieb-Gruenboden.jpg\",\"keywords\":[\"Hof Gr\u00fcnboden\",\"H\u00f6fe-Netz\",\"Manufaktur Gr\u00fcnboden\",\"Permakultur-Landwirtschaft\"],\"articleSection\":[\"Neuigkeit\"],\"inLanguage\":\"fr-FR\"},{\"@type\":\"WebPage\",\"@id\":\"https:\\\/\\\/permakultur-landwirtschaft.org\\\/der-hof-gruenboden-neu-im-hoefe-netz-von-permakultur-landwirtschaft\\\/\",\"url\":\"https:\\\/\\\/permakultur-landwirtschaft.org\\\/der-hof-gruenboden-neu-im-hoefe-netz-von-permakultur-landwirtschaft\\\/\",\"name\":\"Der Hof Gr\u00fcnboden neu im H\u00f6fe-Netz von Permakultur-Landwirtschaft - Permakultur-Landwirtschaft\",\"isPartOf\":{\"@id\":\"https:\\\/\\\/permakultur-landwirtschaft.org\\\/#website\"},\"primaryImageOfPage\":{\"@id\":\"https:\\\/\\\/permakultur-landwirtschaft.org\\\/der-hof-gruenboden-neu-im-hoefe-netz-von-permakultur-landwirtschaft\\\/#primaryimage\"},\"image\":{\"@id\":\"https:\\\/\\\/permakultur-landwirtschaft.org\\\/der-hof-gruenboden-neu-im-hoefe-netz-von-permakultur-landwirtschaft\\\/#primaryimage\"},\"thumbnailUrl\":\"https:\\\/\\\/permakultur-landwirtschaft.org\\\/wp-content\\\/uploads\\\/2025\\\/02\\\/IMG_20240605_174657Bio-und-Manufakturbetrieb-Gruenboden.jpg\",\"datePublished\":\"2025-03-10T10:34:24+00:00\",\"dateModified\":\"2025-03-24T10:40:31+00:00\",\"description\":\"Auf dem Bio Betrieb Gr\u00fcnboden werden getreu ihrer Philosophie Lebensmittel produziert und dabei Boden und Natur respektiert und gesch\u00fctzt.\",\"breadcrumb\":{\"@id\":\"https:\\\/\\\/permakultur-landwirtschaft.org\\\/der-hof-gruenboden-neu-im-hoefe-netz-von-permakultur-landwirtschaft\\\/#breadcrumb\"},\"inLanguage\":\"fr-FR\",\"potentialAction\":[{\"@type\":\"ReadAction\",\"target\":[\"https:\\\/\\\/permakultur-landwirtschaft.org\\\/der-hof-gruenboden-neu-im-hoefe-netz-von-permakultur-landwirtschaft\\\/\"]}]},{\"@type\":\"ImageObject\",\"inLanguage\":\"fr-FR\",\"@id\":\"https:\\\/\\\/permakultur-landwirtschaft.org\\\/der-hof-gruenboden-neu-im-hoefe-netz-von-permakultur-landwirtschaft\\\/#primaryimage\",\"url\":\"https:\\\/\\\/permakultur-landwirtschaft.org\\\/wp-content\\\/uploads\\\/2025\\\/02\\\/IMG_20240605_174657Bio-und-Manufakturbetrieb-Gruenboden.jpg\",\"contentUrl\":\"https:\\\/\\\/permakultur-landwirtschaft.org\\\/wp-content\\\/uploads\\\/2025\\\/02\\\/IMG_20240605_174657Bio-und-Manufakturbetrieb-Gruenboden.jpg\",\"width\":700,\"height\":525,\"caption\":\"Hof & Biomanufaktur Gr\u00fcnboden\"},{\"@type\":\"BreadcrumbList\",\"@id\":\"https:\\\/\\\/permakultur-landwirtschaft.org\\\/der-hof-gruenboden-neu-im-hoefe-netz-von-permakultur-landwirtschaft\\\/#breadcrumb\",\"itemListElement\":[{\"@type\":\"ListItem\",\"position\":1,\"name\":\"Startseite\",\"item\":\"https:\\\/\\\/permakultur-landwirtschaft.org\\\/\"},{\"@type\":\"ListItem\",\"position\":2,\"name\":\"Der Hof Gr\u00fcnboden neu im H\u00f6fe-Netz von Permakultur-Landwirtschaft\"}]},{\"@type\":\"WebSite\",\"@id\":\"https:\\\/\\\/permakultur-landwirtschaft.org\\\/#website\",\"url\":\"https:\\\/\\\/permakultur-landwirtschaft.org\\\/\",\"name\":\"Permakultur-Landwirtschaft\",\"description\":\"F\u00f6rderung der Permakultur in der Landwirtschaft\",\"publisher\":{\"@id\":\"https:\\\/\\\/permakultur-landwirtschaft.org\\\/#organization\"},\"potentialAction\":[{\"@type\":\"SearchAction\",\"target\":{\"@type\":\"EntryPoint\",\"urlTemplate\":\"https:\\\/\\\/permakultur-landwirtschaft.org\\\/?s={search_term_string}\"},\"query-input\":{\"@type\":\"PropertyValueSpecification\",\"valueRequired\":true,\"valueName\":\"search_term_string\"}}],\"inLanguage\":\"fr-FR\"},{\"@type\":\"Organization\",\"@id\":\"https:\\\/\\\/permakultur-landwirtschaft.org\\\/#organization\",\"name\":\"Permakultur-Landwirtschaft\",\"alternateName\":\"Verein Permakultur-Landwirtschaft\",\"url\":\"https:\\\/\\\/permakultur-landwirtschaft.org\\\/\",\"logo\":{\"@type\":\"ImageObject\",\"inLanguage\":\"fr-FR\",\"@id\":\"https:\\\/\\\/permakultur-landwirtschaft.org\\\/#\\\/schema\\\/logo\\\/image\\\/\",\"url\":\"https:\\\/\\\/permakultur-landwirtschaft.org\\\/wp-content\\\/uploads\\\/2021\\\/11\\\/pela_1268x1269.png\",\"contentUrl\":\"https:\\\/\\\/permakultur-landwirtschaft.org\\\/wp-content\\\/uploads\\\/2021\\\/11\\\/pela_1268x1269.png\",\"width\":1298,\"height\":1269,\"caption\":\"Permakultur-Landwirtschaft\"},\"image\":{\"@id\":\"https:\\\/\\\/permakultur-landwirtschaft.org\\\/#\\\/schema\\\/logo\\\/image\\\/\"},\"sameAs\":[\"https:\\\/\\\/www.facebook.com\\\/PermakulturLandwirtschaft\",\"https:\\\/\\\/www.instagram.com\\\/permakultur_landwirtschaft\\\/\",\"https:\\\/\\\/www.flickr.com\\\/photos\\\/permakultur-landwirtschaft\",\"https:\\\/\\\/www.youtube.com\\\/@PermakulturLandwirtschaft\"]},{\"@type\":\"Person\",\"@id\":\"https:\\\/\\\/permakultur-landwirtschaft.org\\\/#\\\/schema\\\/person\\\/6b0467872f75aed3e144093f9bf4f0b0\",\"name\":\"adrian reutimann\",\"url\":\"https:\\\/\\\/permakultur-landwirtschaft.org\\\/fr\\\/author\\\/reutiadr\\\/\"}]}<\/script>\n<!-- \/ Yoast SEO plugin. -->","yoast_head_json":{"title":"Der Hof Gr\u00fcnboden neu im H\u00f6fe-Netz von Permakultur-Landwirtschaft - Permakultur-Landwirtschaft","description":"Auf dem Bio Betrieb Gr\u00fcnboden werden getreu ihrer Philosophie Lebensmittel produziert und dabei Boden und Natur respektiert und gesch\u00fctzt.","robots":{"index":"index","follow":"follow","max-snippet":"max-snippet:-1","max-image-preview":"max-image-preview:large","max-video-preview":"max-video-preview:-1"},"canonical":"https:\/\/permakultur-landwirtschaft.org\/fr\/der-hof-gruenboden-neu-im-hoefe-netz-von-permakultur-landwirtschaft\/","og_locale":"fr_FR","og_type":"article","og_title":"Der Hof Gr\u00fcnboden neu im H\u00f6fe-Netz von Permakultur-Landwirtschaft - Permakultur-Landwirtschaft","og_description":"Auf dem Bio Betrieb Gr\u00fcnboden werden getreu ihrer Philosophie Lebensmittel produziert und dabei Boden und Natur respektiert und gesch\u00fctzt.","og_url":"https:\/\/permakultur-landwirtschaft.org\/fr\/der-hof-gruenboden-neu-im-hoefe-netz-von-permakultur-landwirtschaft\/","og_site_name":"Permakultur-Landwirtschaft","article_publisher":"https:\/\/www.facebook.com\/PermakulturLandwirtschaft","article_published_time":"2025-03-10T10:34:24+00:00","article_modified_time":"2025-03-24T10:40:31+00:00","og_image":[{"width":700,"height":525,"url":"https:\/\/permakultur-landwirtschaft.org\/wp-content\/uploads\/2025\/02\/IMG_20240605_174657Bio-und-Manufakturbetrieb-Gruenboden.jpg","type":"image\/jpeg"}],"author":"adrian reutimann","twitter_card":"summary_large_image","twitter_misc":{"\u00c9crit par":"adrian reutimann","Dur\u00e9e de lecture estim\u00e9e":"1 minute"},"schema":{"@context":"https:\/\/schema.org","@graph":[{"@type":"Article","@id":"https:\/\/permakultur-landwirtschaft.org\/der-hof-gruenboden-neu-im-hoefe-netz-von-permakultur-landwirtschaft\/#article","isPartOf":{"@id":"https:\/\/permakultur-landwirtschaft.org\/der-hof-gruenboden-neu-im-hoefe-netz-von-permakultur-landwirtschaft\/"},"author":{"name":"adrian reutimann","@id":"https:\/\/permakultur-landwirtschaft.org\/#\/schema\/person\/6b0467872f75aed3e144093f9bf4f0b0"},"headline":"Der Hof Gr\u00fcnboden neu im H\u00f6fe-Netz von Permakultur-Landwirtschaft","datePublished":"2025-03-10T10:34:24+00:00","dateModified":"2025-03-24T10:40:31+00:00","mainEntityOfPage":{"@id":"https:\/\/permakultur-landwirtschaft.org\/der-hof-gruenboden-neu-im-hoefe-netz-von-permakultur-landwirtschaft\/"},"wordCount":128,"publisher":{"@id":"https:\/\/permakultur-landwirtschaft.org\/#organization"},"image":{"@id":"https:\/\/permakultur-landwirtschaft.org\/der-hof-gruenboden-neu-im-hoefe-netz-von-permakultur-landwirtschaft\/#primaryimage"},"thumbnailUrl":"https:\/\/permakultur-landwirtschaft.org\/wp-content\/uploads\/2025\/02\/IMG_20240605_174657Bio-und-Manufakturbetrieb-Gruenboden.jpg","keywords":["Hof Gr\u00fcnboden","H\u00f6fe-Netz","Manufaktur Gr\u00fcnboden","Permakultur-Landwirtschaft"],"articleSection":["Neuigkeit"],"inLanguage":"fr-FR"},{"@type":"WebPage","@id":"https:\/\/permakultur-landwirtschaft.org\/der-hof-gruenboden-neu-im-hoefe-netz-von-permakultur-landwirtschaft\/","url":"https:\/\/permakultur-landwirtschaft.org\/der-hof-gruenboden-neu-im-hoefe-netz-von-permakultur-landwirtschaft\/","name":"Der Hof Gr\u00fcnboden neu im H\u00f6fe-Netz von Permakultur-Landwirtschaft - Permakultur-Landwirtschaft","isPartOf":{"@id":"https:\/\/permakultur-landwirtschaft.org\/#website"},"primaryImageOfPage":{"@id":"https:\/\/permakultur-landwirtschaft.org\/der-hof-gruenboden-neu-im-hoefe-netz-von-permakultur-landwirtschaft\/#primaryimage"},"image":{"@id":"https:\/\/permakultur-landwirtschaft.org\/der-hof-gruenboden-neu-im-hoefe-netz-von-permakultur-landwirtschaft\/#primaryimage"},"thumbnailUrl":"https:\/\/permakultur-landwirtschaft.org\/wp-content\/uploads\/2025\/02\/IMG_20240605_174657Bio-und-Manufakturbetrieb-Gruenboden.jpg","datePublished":"2025-03-10T10:34:24+00:00","dateModified":"2025-03-24T10:40:31+00:00","description":"Auf dem Bio Betrieb Gr\u00fcnboden werden getreu ihrer Philosophie Lebensmittel produziert und dabei Boden und Natur respektiert und gesch\u00fctzt.","breadcrumb":{"@id":"https:\/\/permakultur-landwirtschaft.org\/der-hof-gruenboden-neu-im-hoefe-netz-von-permakultur-landwirtschaft\/#breadcrumb"},"inLanguage":"fr-FR","potentialAction":[{"@type":"ReadAction","target":["https:\/\/permakultur-landwirtschaft.org\/der-hof-gruenboden-neu-im-hoefe-netz-von-permakultur-landwirtschaft\/"]}]},{"@type":"ImageObject","inLanguage":"fr-FR","@id":"https:\/\/permakultur-landwirtschaft.org\/der-hof-gruenboden-neu-im-hoefe-netz-von-permakultur-landwirtschaft\/#primaryimage","url":"https:\/\/permakultur-landwirtschaft.org\/wp-content\/uploads\/2025\/02\/IMG_20240605_174657Bio-und-Manufakturbetrieb-Gruenboden.jpg","contentUrl":"https:\/\/permakultur-landwirtschaft.org\/wp-content\/uploads\/2025\/02\/IMG_20240605_174657Bio-und-Manufakturbetrieb-Gruenboden.jpg","width":700,"height":525,"caption":"Hof & Biomanufaktur Gr\u00fcnboden"},{"@type":"BreadcrumbList","@id":"https:\/\/permakultur-landwirtschaft.org\/der-hof-gruenboden-neu-im-hoefe-netz-von-permakultur-landwirtschaft\/#breadcrumb","itemListElement":[{"@type":"ListItem","position":1,"name":"Startseite","item":"https:\/\/permakultur-landwirtschaft.org\/"},{"@type":"ListItem","position":2,"name":"Der Hof Gr\u00fcnboden neu im H\u00f6fe-Netz von Permakultur-Landwirtschaft"}]},{"@type":"WebSite","@id":"https:\/\/permakultur-landwirtschaft.org\/#website","url":"https:\/\/permakultur-landwirtschaft.org\/","name":"Permakultur-Landwirtschaft","description":"F\u00f6rderung der Permakultur in der Landwirtschaft","publisher":{"@id":"https:\/\/permakultur-landwirtschaft.org\/#organization"},"potentialAction":[{"@type":"SearchAction","target":{"@type":"EntryPoint","urlTemplate":"https:\/\/permakultur-landwirtschaft.org\/?s={search_term_string}"},"query-input":{"@type":"PropertyValueSpecification","valueRequired":true,"valueName":"search_term_string"}}],"inLanguage":"fr-FR"},{"@type":"Organization","@id":"https:\/\/permakultur-landwirtschaft.org\/#organization","name":"Permakultur-Landwirtschaft","alternateName":"Verein Permakultur-Landwirtschaft","url":"https:\/\/permakultur-landwirtschaft.org\/","logo":{"@type":"ImageObject","inLanguage":"fr-FR","@id":"https:\/\/permakultur-landwirtschaft.org\/#\/schema\/logo\/image\/","url":"https:\/\/permakultur-landwirtschaft.org\/wp-content\/uploads\/2021\/11\/pela_1268x1269.png","contentUrl":"https:\/\/permakultur-landwirtschaft.org\/wp-content\/uploads\/2021\/11\/pela_1268x1269.png","width":1298,"height":1269,"caption":"Permakultur-Landwirtschaft"},"image":{"@id":"https:\/\/permakultur-landwirtschaft.org\/#\/schema\/logo\/image\/"},"sameAs":["https:\/\/www.facebook.com\/PermakulturLandwirtschaft","https:\/\/www.instagram.com\/permakultur_landwirtschaft\/","https:\/\/www.flickr.com\/photos\/permakultur-landwirtschaft","https:\/\/www.youtube.com\/@PermakulturLandwirtschaft"]},{"@type":"Person","@id":"https:\/\/permakultur-landwirtschaft.org\/#\/schema\/person\/6b0467872f75aed3e144093f9bf4f0b0","name":"adrian reutimann","url":"https:\/\/permakultur-landwirtschaft.org\/fr\/author\/reutiadr\/"}]}},"_links":{"self":[{"href":"https:\/\/permakultur-landwirtschaft.org\/fr\/wp-json\/wp\/v2\/posts\/36018","targetHints":{"allow":["GET"]}}],"collection":[{"href":"https:\/\/permakultur-landwirtschaft.org\/fr\/wp-json\/wp\/v2\/posts"}],"about":[{"href":"https:\/\/permakultur-landwirtschaft.org\/fr\/wp-json\/wp\/v2\/types\/post"}],"author":[{"embeddable":true,"href":"https:\/\/permakultur-landwirtschaft.org\/fr\/wp-json\/wp\/v2\/users\/2"}],"replies":[{"embeddable":true,"href":"https:\/\/permakultur-landwirtschaft.org\/fr\/wp-json\/wp\/v2\/comments?post=36018"}],"version-history":[{"count":2,"href":"https:\/\/permakultur-landwirtschaft.org\/fr\/wp-json\/wp\/v2\/posts\/36018\/revisions"}],"predecessor-version":[{"id":36020,"href":"https:\/\/permakultur-landwirtschaft.org\/fr\/wp-json\/wp\/v2\/posts\/36018\/revisions\/36020"}],"wp:featuredmedia":[{"embeddable":true,"href":"https:\/\/permakultur-landwirtschaft.org\/fr\/wp-json\/wp\/v2\/media\/35786"}],"wp:attachment":[{"href":"https:\/\/permakultur-landwirtschaft.org\/fr\/wp-json\/wp\/v2\/media?parent=36018"}],"wp:term":[{"taxonomy":"category","embeddable":true,"href":"https:\/\/permakultur-landwirtschaft.org\/fr\/wp-json\/wp\/v2\/categories?post=36018"},{"taxonomy":"post_tag","embeddable":true,"href":"https:\/\/permakultur-landwirtschaft.org\/fr\/wp-json\/wp\/v2\/tags?post=36018"}],"curies":[{"name":"wp","href":"https:\/\/api.w.org\/{rel}","templated":true}]}}