{"id":36016,"date":"2025-02-25T11:23:50","date_gmt":"2025-02-25T10:23:50","guid":{"rendered":"https:\/\/permakultur-landwirtschaft.org\/?p=36016"},"modified":"2025-03-24T11:30:31","modified_gmt":"2025-03-24T10:30:31","slug":"der-kulturhof-winterthur-neu-im-hoefe-netz-von-permakultur-landwirtschaft","status":"publish","type":"post","link":"https:\/\/permakultur-landwirtschaft.org\/fr\/der-kulturhof-winterthur-neu-im-hoefe-netz-von-permakultur-landwirtschaft\/","title":{"rendered":"Der Kulturhof Winterthur neu im H\u00f6fe-Netz von Permakultur-Landwirtschaft"},"content":{"rendered":"<p>Der Kulturhof Winterthur hebt schon von weitem durch seine B\u00e4ume und Bepflanzung von der Umgebung ab. Beim genaueren Hinschauen finden sich auf kleiner Fl\u00e4che viele spannende Elemente. So wird hier zum Beispiel Pflanzenkohle hergestellt, mit H\u00fchnern der Boden bearbeitet, kleinr\u00e4umig und \u00f6kologisch Gem\u00fcse angebaut, das am M\u00e4rit verkauft wird, Allerlei zu K\u00f6stlichkeiten verarbeitet und w\u00e4hrend regelm\u00e4ssigen Permablitzen kriegen verschiedene Menschen Zugang zu diesem kleinen Paradies. Dies alles am Rand von Winterthur. <\/p>\n\n\n\n<p>Die Schafe des Kulturhofes beweiden auch nicht nur das eigene Land sondern verschiedene Fl\u00e4chen in und um Winterthur, wo sich Reto auch daf\u00fcr einsetzt, dass ein paar neue B\u00e4ume gepflanzt werden.<\/p>\n\n\n\n<p><a href=\"https:\/\/permakultur-landwirtschaft.org\/fr\/hof\/kulturhof-winterthur\/\">Link zum Kulturhof Winterthur<\/a><\/p>\n\n\n\n<p><a href=\"https:\/\/permakultur-landwirtschaft.org\/fr\/hoefe\/\">Link zum H\u00f6fe-Netz<\/a><\/p>","protected":false},"excerpt":{"rendered":"<p>Der Kulturhof Winterthur hebt schon von weitem durch seine B\u00e4ume und Bepflanzung von der Umgebung ab. Beim genaueren Hinschauen finden sich auf kleiner Fl\u00e4che viele spannende Elemente. So wird hier zum Beispiel Pflanzenkohle hergestellt, mit H\u00fchnern der Boden bearbeitet, kleinr\u00e4umig und \u00f6kologisch Gem\u00fcse angebaut, das am M\u00e4rit verkauft wird, Allerlei zu K\u00f6stlichkeiten verarbeitet und w\u00e4hrend [&hellip;]<\/p>\n","protected":false},"author":2,"featured_media":35454,"comment_status":"closed","ping_status":"closed","sticky":false,"template":"","format":"standard","meta":{"_acf_changed":false,"site-sidebar-layout":"default","site-content-layout":"","ast-site-content-layout":"default","site-content-style":"default","site-sidebar-style":"default","ast-global-header-display":"","ast-banner-title-visibility":"","ast-main-header-display":"","ast-hfb-above-header-display":"","ast-hfb-below-header-display":"","ast-hfb-mobile-header-display":"","site-post-title":"","ast-breadcrumbs-content":"","ast-featured-img":"","footer-sml-layout":"","ast-disable-related-posts":"","theme-transparent-header-meta":"","adv-header-id-meta":"","stick-header-meta":"","header-above-stick-meta":"","header-main-stick-meta":"","header-below-stick-meta":"","astra-migrate-meta-layouts":"set","ast-page-background-enabled":"default","ast-page-background-meta":{"desktop":{"background-color":"var(--ast-global-color-4)","background-image":"","background-repeat":"repeat","background-position":"center center","background-size":"auto","background-attachment":"scroll","background-type":"","background-media":"","overlay-type":"","overlay-color":"","overlay-opacity":"","overlay-gradient":""},"tablet":{"background-color":"","background-image":"","background-repeat":"repeat","background-position":"center center","background-size":"auto","background-attachment":"scroll","background-type":"","background-media":"","overlay-type":"","overlay-color":"","overlay-opacity":"","overlay-gradient":""},"mobile":{"background-color":"","background-image":"","background-repeat":"repeat","background-position":"center center","background-size":"auto","background-attachment":"scroll","background-type":"","background-media":"","overlay-type":"","overlay-color":"","overlay-opacity":"","overlay-gradient":""}},"ast-content-background-meta":{"desktop":{"background-color":"var(--ast-global-color-5)","background-image":"","background-repeat":"repeat","background-position":"center center","background-size":"auto","background-attachment":"scroll","background-type":"","background-media":"","overlay-type":"","overlay-color":"","overlay-opacity":"","overlay-gradient":""},"tablet":{"background-color":"var(--ast-global-color-5)","background-image":"","background-repeat":"repeat","background-position":"center center","background-size":"auto","background-attachment":"scroll","background-type":"","background-media":"","overlay-type":"","overlay-color":"","overlay-opacity":"","overlay-gradient":""},"mobile":{"background-color":"var(--ast-global-color-5)","background-image":"","background-repeat":"repeat","background-position":"center center","background-size":"auto","background-attachment":"scroll","background-type":"","background-media":"","overlay-type":"","overlay-color":"","overlay-opacity":"","overlay-gradient":""}},"footnotes":""},"categories":[22],"tags":[624,626,243],"class_list":["post-36016","post","type-post","status-publish","format-standard","has-post-thumbnail","hentry","category-neuigkeit","tag-hoefe-netz","tag-kulturhof-winterthur","tag-permakultur-landwirtschaft"],"acf":[],"yoast_head":"<!-- This site is optimized with the Yoast SEO plugin v27.5 - https:\/\/yoast.com\/product\/yoast-seo-wordpress\/ -->\n<title>Der Kulturhof Winterthur neu im H\u00f6fe-Netz von Permakultur-Landwirtschaft - Permakultur-Landwirtschaft<\/title>\n<meta name=\"description\" content=\"Der Kulturhof Winterthur hebt schon von weitem durch seine B\u00e4ume und Bepflanzung von der Umgebung ab und beinhaltet viele spannende Elemente.\" \/>\n<meta name=\"robots\" content=\"index, follow, max-snippet:-1, max-image-preview:large, max-video-preview:-1\" \/>\n<link rel=\"canonical\" href=\"https:\/\/permakultur-landwirtschaft.org\/fr\/der-kulturhof-winterthur-neu-im-hoefe-netz-von-permakultur-landwirtschaft\/\" \/>\n<meta property=\"og:locale\" content=\"fr_FR\" \/>\n<meta property=\"og:type\" content=\"article\" \/>\n<meta property=\"og:title\" content=\"Der Kulturhof Winterthur neu im H\u00f6fe-Netz von Permakultur-Landwirtschaft - Permakultur-Landwirtschaft\" \/>\n<meta property=\"og:description\" content=\"Der Kulturhof Winterthur hebt schon von weitem durch seine B\u00e4ume und Bepflanzung von der Umgebung ab und beinhaltet viele spannende Elemente.\" \/>\n<meta property=\"og:url\" content=\"https:\/\/permakultur-landwirtschaft.org\/fr\/der-kulturhof-winterthur-neu-im-hoefe-netz-von-permakultur-landwirtschaft\/\" \/>\n<meta property=\"og:site_name\" content=\"Permakultur-Landwirtschaft\" \/>\n<meta property=\"article:publisher\" content=\"https:\/\/www.facebook.com\/PermakulturLandwirtschaft\" \/>\n<meta property=\"article:published_time\" content=\"2025-02-25T10:23:50+00:00\" \/>\n<meta property=\"article:modified_time\" content=\"2025-03-24T10:30:31+00:00\" \/>\n<meta property=\"og:image\" content=\"https:\/\/permakultur-landwirtschaft.org\/wp-content\/uploads\/2024\/12\/DJI_0302-2kulturhof-winterthur-klein.jpg\" \/>\n\t<meta property=\"og:image:width\" content=\"700\" \/>\n\t<meta property=\"og:image:height\" content=\"466\" \/>\n\t<meta property=\"og:image:type\" content=\"image\/jpeg\" \/>\n<meta name=\"author\" content=\"adrian reutimann\" \/>\n<meta name=\"twitter:card\" content=\"summary_large_image\" \/>\n<meta name=\"twitter:label1\" content=\"\u00c9crit par\" \/>\n\t<meta name=\"twitter:data1\" content=\"adrian reutimann\" \/>\n\t<meta name=\"twitter:label2\" content=\"Dur\u00e9e de lecture estim\u00e9e\" \/>\n\t<meta name=\"twitter:data2\" content=\"1 minute\" \/>\n<script type=\"application\/ld+json\" class=\"yoast-schema-graph\">{\"@context\":\"https:\\\/\\\/schema.org\",\"@graph\":[{\"@type\":\"Article\",\"@id\":\"https:\\\/\\\/permakultur-landwirtschaft.org\\\/der-kulturhof-winterthur-neu-im-hoefe-netz-von-permakultur-landwirtschaft\\\/#article\",\"isPartOf\":{\"@id\":\"https:\\\/\\\/permakultur-landwirtschaft.org\\\/der-kulturhof-winterthur-neu-im-hoefe-netz-von-permakultur-landwirtschaft\\\/\"},\"author\":{\"name\":\"adrian reutimann\",\"@id\":\"https:\\\/\\\/permakultur-landwirtschaft.org\\\/#\\\/schema\\\/person\\\/6b0467872f75aed3e144093f9bf4f0b0\"},\"headline\":\"Der Kulturhof Winterthur neu im H\u00f6fe-Netz von Permakultur-Landwirtschaft\",\"datePublished\":\"2025-02-25T10:23:50+00:00\",\"dateModified\":\"2025-03-24T10:30:31+00:00\",\"mainEntityOfPage\":{\"@id\":\"https:\\\/\\\/permakultur-landwirtschaft.org\\\/der-kulturhof-winterthur-neu-im-hoefe-netz-von-permakultur-landwirtschaft\\\/\"},\"wordCount\":131,\"publisher\":{\"@id\":\"https:\\\/\\\/permakultur-landwirtschaft.org\\\/#organization\"},\"image\":{\"@id\":\"https:\\\/\\\/permakultur-landwirtschaft.org\\\/der-kulturhof-winterthur-neu-im-hoefe-netz-von-permakultur-landwirtschaft\\\/#primaryimage\"},\"thumbnailUrl\":\"https:\\\/\\\/permakultur-landwirtschaft.org\\\/wp-content\\\/uploads\\\/2024\\\/12\\\/DJI_0302-2kulturhof-winterthur-klein.jpg\",\"keywords\":[\"H\u00f6fe-Netz\",\"Kulturhof Winterthur\",\"Permakultur-Landwirtschaft\"],\"articleSection\":[\"Neuigkeit\"],\"inLanguage\":\"fr-FR\"},{\"@type\":\"WebPage\",\"@id\":\"https:\\\/\\\/permakultur-landwirtschaft.org\\\/der-kulturhof-winterthur-neu-im-hoefe-netz-von-permakultur-landwirtschaft\\\/\",\"url\":\"https:\\\/\\\/permakultur-landwirtschaft.org\\\/der-kulturhof-winterthur-neu-im-hoefe-netz-von-permakultur-landwirtschaft\\\/\",\"name\":\"Der Kulturhof Winterthur neu im H\u00f6fe-Netz von Permakultur-Landwirtschaft - Permakultur-Landwirtschaft\",\"isPartOf\":{\"@id\":\"https:\\\/\\\/permakultur-landwirtschaft.org\\\/#website\"},\"primaryImageOfPage\":{\"@id\":\"https:\\\/\\\/permakultur-landwirtschaft.org\\\/der-kulturhof-winterthur-neu-im-hoefe-netz-von-permakultur-landwirtschaft\\\/#primaryimage\"},\"image\":{\"@id\":\"https:\\\/\\\/permakultur-landwirtschaft.org\\\/der-kulturhof-winterthur-neu-im-hoefe-netz-von-permakultur-landwirtschaft\\\/#primaryimage\"},\"thumbnailUrl\":\"https:\\\/\\\/permakultur-landwirtschaft.org\\\/wp-content\\\/uploads\\\/2024\\\/12\\\/DJI_0302-2kulturhof-winterthur-klein.jpg\",\"datePublished\":\"2025-02-25T10:23:50+00:00\",\"dateModified\":\"2025-03-24T10:30:31+00:00\",\"description\":\"Der Kulturhof Winterthur hebt schon von weitem durch seine B\u00e4ume und Bepflanzung von der Umgebung ab und beinhaltet viele spannende Elemente.\",\"breadcrumb\":{\"@id\":\"https:\\\/\\\/permakultur-landwirtschaft.org\\\/der-kulturhof-winterthur-neu-im-hoefe-netz-von-permakultur-landwirtschaft\\\/#breadcrumb\"},\"inLanguage\":\"fr-FR\",\"potentialAction\":[{\"@type\":\"ReadAction\",\"target\":[\"https:\\\/\\\/permakultur-landwirtschaft.org\\\/der-kulturhof-winterthur-neu-im-hoefe-netz-von-permakultur-landwirtschaft\\\/\"]}]},{\"@type\":\"ImageObject\",\"inLanguage\":\"fr-FR\",\"@id\":\"https:\\\/\\\/permakultur-landwirtschaft.org\\\/der-kulturhof-winterthur-neu-im-hoefe-netz-von-permakultur-landwirtschaft\\\/#primaryimage\",\"url\":\"https:\\\/\\\/permakultur-landwirtschaft.org\\\/wp-content\\\/uploads\\\/2024\\\/12\\\/DJI_0302-2kulturhof-winterthur-klein.jpg\",\"contentUrl\":\"https:\\\/\\\/permakultur-landwirtschaft.org\\\/wp-content\\\/uploads\\\/2024\\\/12\\\/DJI_0302-2kulturhof-winterthur-klein.jpg\",\"width\":700,\"height\":466,\"caption\":\"Kulturhof Winterthur\"},{\"@type\":\"BreadcrumbList\",\"@id\":\"https:\\\/\\\/permakultur-landwirtschaft.org\\\/der-kulturhof-winterthur-neu-im-hoefe-netz-von-permakultur-landwirtschaft\\\/#breadcrumb\",\"itemListElement\":[{\"@type\":\"ListItem\",\"position\":1,\"name\":\"Startseite\",\"item\":\"https:\\\/\\\/permakultur-landwirtschaft.org\\\/\"},{\"@type\":\"ListItem\",\"position\":2,\"name\":\"Der Kulturhof Winterthur neu im H\u00f6fe-Netz von Permakultur-Landwirtschaft\"}]},{\"@type\":\"WebSite\",\"@id\":\"https:\\\/\\\/permakultur-landwirtschaft.org\\\/#website\",\"url\":\"https:\\\/\\\/permakultur-landwirtschaft.org\\\/\",\"name\":\"Permakultur-Landwirtschaft\",\"description\":\"F\u00f6rderung der Permakultur in der Landwirtschaft\",\"publisher\":{\"@id\":\"https:\\\/\\\/permakultur-landwirtschaft.org\\\/#organization\"},\"potentialAction\":[{\"@type\":\"SearchAction\",\"target\":{\"@type\":\"EntryPoint\",\"urlTemplate\":\"https:\\\/\\\/permakultur-landwirtschaft.org\\\/?s={search_term_string}\"},\"query-input\":{\"@type\":\"PropertyValueSpecification\",\"valueRequired\":true,\"valueName\":\"search_term_string\"}}],\"inLanguage\":\"fr-FR\"},{\"@type\":\"Organization\",\"@id\":\"https:\\\/\\\/permakultur-landwirtschaft.org\\\/#organization\",\"name\":\"Permakultur-Landwirtschaft\",\"alternateName\":\"Verein Permakultur-Landwirtschaft\",\"url\":\"https:\\\/\\\/permakultur-landwirtschaft.org\\\/\",\"logo\":{\"@type\":\"ImageObject\",\"inLanguage\":\"fr-FR\",\"@id\":\"https:\\\/\\\/permakultur-landwirtschaft.org\\\/#\\\/schema\\\/logo\\\/image\\\/\",\"url\":\"https:\\\/\\\/permakultur-landwirtschaft.org\\\/wp-content\\\/uploads\\\/2021\\\/11\\\/pela_1268x1269.png\",\"contentUrl\":\"https:\\\/\\\/permakultur-landwirtschaft.org\\\/wp-content\\\/uploads\\\/2021\\\/11\\\/pela_1268x1269.png\",\"width\":1298,\"height\":1269,\"caption\":\"Permakultur-Landwirtschaft\"},\"image\":{\"@id\":\"https:\\\/\\\/permakultur-landwirtschaft.org\\\/#\\\/schema\\\/logo\\\/image\\\/\"},\"sameAs\":[\"https:\\\/\\\/www.facebook.com\\\/PermakulturLandwirtschaft\",\"https:\\\/\\\/www.instagram.com\\\/permakultur_landwirtschaft\\\/\",\"https:\\\/\\\/www.flickr.com\\\/photos\\\/permakultur-landwirtschaft\",\"https:\\\/\\\/www.youtube.com\\\/@PermakulturLandwirtschaft\"]},{\"@type\":\"Person\",\"@id\":\"https:\\\/\\\/permakultur-landwirtschaft.org\\\/#\\\/schema\\\/person\\\/6b0467872f75aed3e144093f9bf4f0b0\",\"name\":\"adrian reutimann\",\"url\":\"https:\\\/\\\/permakultur-landwirtschaft.org\\\/fr\\\/author\\\/reutiadr\\\/\"}]}<\/script>\n<!-- \/ Yoast SEO plugin. -->","yoast_head_json":{"title":"Der Kulturhof Winterthur neu im H\u00f6fe-Netz von Permakultur-Landwirtschaft - Permakultur-Landwirtschaft","description":"Der Kulturhof Winterthur hebt schon von weitem durch seine B\u00e4ume und Bepflanzung von der Umgebung ab und beinhaltet viele spannende Elemente.","robots":{"index":"index","follow":"follow","max-snippet":"max-snippet:-1","max-image-preview":"max-image-preview:large","max-video-preview":"max-video-preview:-1"},"canonical":"https:\/\/permakultur-landwirtschaft.org\/fr\/der-kulturhof-winterthur-neu-im-hoefe-netz-von-permakultur-landwirtschaft\/","og_locale":"fr_FR","og_type":"article","og_title":"Der Kulturhof Winterthur neu im H\u00f6fe-Netz von Permakultur-Landwirtschaft - Permakultur-Landwirtschaft","og_description":"Der Kulturhof Winterthur hebt schon von weitem durch seine B\u00e4ume und Bepflanzung von der Umgebung ab und beinhaltet viele spannende Elemente.","og_url":"https:\/\/permakultur-landwirtschaft.org\/fr\/der-kulturhof-winterthur-neu-im-hoefe-netz-von-permakultur-landwirtschaft\/","og_site_name":"Permakultur-Landwirtschaft","article_publisher":"https:\/\/www.facebook.com\/PermakulturLandwirtschaft","article_published_time":"2025-02-25T10:23:50+00:00","article_modified_time":"2025-03-24T10:30:31+00:00","og_image":[{"width":700,"height":466,"url":"https:\/\/permakultur-landwirtschaft.org\/wp-content\/uploads\/2024\/12\/DJI_0302-2kulturhof-winterthur-klein.jpg","type":"image\/jpeg"}],"author":"adrian reutimann","twitter_card":"summary_large_image","twitter_misc":{"\u00c9crit par":"adrian reutimann","Dur\u00e9e de lecture estim\u00e9e":"1 minute"},"schema":{"@context":"https:\/\/schema.org","@graph":[{"@type":"Article","@id":"https:\/\/permakultur-landwirtschaft.org\/der-kulturhof-winterthur-neu-im-hoefe-netz-von-permakultur-landwirtschaft\/#article","isPartOf":{"@id":"https:\/\/permakultur-landwirtschaft.org\/der-kulturhof-winterthur-neu-im-hoefe-netz-von-permakultur-landwirtschaft\/"},"author":{"name":"adrian reutimann","@id":"https:\/\/permakultur-landwirtschaft.org\/#\/schema\/person\/6b0467872f75aed3e144093f9bf4f0b0"},"headline":"Der Kulturhof Winterthur neu im H\u00f6fe-Netz von Permakultur-Landwirtschaft","datePublished":"2025-02-25T10:23:50+00:00","dateModified":"2025-03-24T10:30:31+00:00","mainEntityOfPage":{"@id":"https:\/\/permakultur-landwirtschaft.org\/der-kulturhof-winterthur-neu-im-hoefe-netz-von-permakultur-landwirtschaft\/"},"wordCount":131,"publisher":{"@id":"https:\/\/permakultur-landwirtschaft.org\/#organization"},"image":{"@id":"https:\/\/permakultur-landwirtschaft.org\/der-kulturhof-winterthur-neu-im-hoefe-netz-von-permakultur-landwirtschaft\/#primaryimage"},"thumbnailUrl":"https:\/\/permakultur-landwirtschaft.org\/wp-content\/uploads\/2024\/12\/DJI_0302-2kulturhof-winterthur-klein.jpg","keywords":["H\u00f6fe-Netz","Kulturhof Winterthur","Permakultur-Landwirtschaft"],"articleSection":["Neuigkeit"],"inLanguage":"fr-FR"},{"@type":"WebPage","@id":"https:\/\/permakultur-landwirtschaft.org\/der-kulturhof-winterthur-neu-im-hoefe-netz-von-permakultur-landwirtschaft\/","url":"https:\/\/permakultur-landwirtschaft.org\/der-kulturhof-winterthur-neu-im-hoefe-netz-von-permakultur-landwirtschaft\/","name":"Der Kulturhof Winterthur neu im H\u00f6fe-Netz von Permakultur-Landwirtschaft - Permakultur-Landwirtschaft","isPartOf":{"@id":"https:\/\/permakultur-landwirtschaft.org\/#website"},"primaryImageOfPage":{"@id":"https:\/\/permakultur-landwirtschaft.org\/der-kulturhof-winterthur-neu-im-hoefe-netz-von-permakultur-landwirtschaft\/#primaryimage"},"image":{"@id":"https:\/\/permakultur-landwirtschaft.org\/der-kulturhof-winterthur-neu-im-hoefe-netz-von-permakultur-landwirtschaft\/#primaryimage"},"thumbnailUrl":"https:\/\/permakultur-landwirtschaft.org\/wp-content\/uploads\/2024\/12\/DJI_0302-2kulturhof-winterthur-klein.jpg","datePublished":"2025-02-25T10:23:50+00:00","dateModified":"2025-03-24T10:30:31+00:00","description":"Der Kulturhof Winterthur hebt schon von weitem durch seine B\u00e4ume und Bepflanzung von der Umgebung ab und beinhaltet viele spannende Elemente.","breadcrumb":{"@id":"https:\/\/permakultur-landwirtschaft.org\/der-kulturhof-winterthur-neu-im-hoefe-netz-von-permakultur-landwirtschaft\/#breadcrumb"},"inLanguage":"fr-FR","potentialAction":[{"@type":"ReadAction","target":["https:\/\/permakultur-landwirtschaft.org\/der-kulturhof-winterthur-neu-im-hoefe-netz-von-permakultur-landwirtschaft\/"]}]},{"@type":"ImageObject","inLanguage":"fr-FR","@id":"https:\/\/permakultur-landwirtschaft.org\/der-kulturhof-winterthur-neu-im-hoefe-netz-von-permakultur-landwirtschaft\/#primaryimage","url":"https:\/\/permakultur-landwirtschaft.org\/wp-content\/uploads\/2024\/12\/DJI_0302-2kulturhof-winterthur-klein.jpg","contentUrl":"https:\/\/permakultur-landwirtschaft.org\/wp-content\/uploads\/2024\/12\/DJI_0302-2kulturhof-winterthur-klein.jpg","width":700,"height":466,"caption":"Kulturhof Winterthur"},{"@type":"BreadcrumbList","@id":"https:\/\/permakultur-landwirtschaft.org\/der-kulturhof-winterthur-neu-im-hoefe-netz-von-permakultur-landwirtschaft\/#breadcrumb","itemListElement":[{"@type":"ListItem","position":1,"name":"Startseite","item":"https:\/\/permakultur-landwirtschaft.org\/"},{"@type":"ListItem","position":2,"name":"Der Kulturhof Winterthur neu im H\u00f6fe-Netz von Permakultur-Landwirtschaft"}]},{"@type":"WebSite","@id":"https:\/\/permakultur-landwirtschaft.org\/#website","url":"https:\/\/permakultur-landwirtschaft.org\/","name":"Permakultur-Landwirtschaft","description":"F\u00f6rderung der Permakultur in der Landwirtschaft","publisher":{"@id":"https:\/\/permakultur-landwirtschaft.org\/#organization"},"potentialAction":[{"@type":"SearchAction","target":{"@type":"EntryPoint","urlTemplate":"https:\/\/permakultur-landwirtschaft.org\/?s={search_term_string}"},"query-input":{"@type":"PropertyValueSpecification","valueRequired":true,"valueName":"search_term_string"}}],"inLanguage":"fr-FR"},{"@type":"Organization","@id":"https:\/\/permakultur-landwirtschaft.org\/#organization","name":"Permakultur-Landwirtschaft","alternateName":"Verein Permakultur-Landwirtschaft","url":"https:\/\/permakultur-landwirtschaft.org\/","logo":{"@type":"ImageObject","inLanguage":"fr-FR","@id":"https:\/\/permakultur-landwirtschaft.org\/#\/schema\/logo\/image\/","url":"https:\/\/permakultur-landwirtschaft.org\/wp-content\/uploads\/2021\/11\/pela_1268x1269.png","contentUrl":"https:\/\/permakultur-landwirtschaft.org\/wp-content\/uploads\/2021\/11\/pela_1268x1269.png","width":1298,"height":1269,"caption":"Permakultur-Landwirtschaft"},"image":{"@id":"https:\/\/permakultur-landwirtschaft.org\/#\/schema\/logo\/image\/"},"sameAs":["https:\/\/www.facebook.com\/PermakulturLandwirtschaft","https:\/\/www.instagram.com\/permakultur_landwirtschaft\/","https:\/\/www.flickr.com\/photos\/permakultur-landwirtschaft","https:\/\/www.youtube.com\/@PermakulturLandwirtschaft"]},{"@type":"Person","@id":"https:\/\/permakultur-landwirtschaft.org\/#\/schema\/person\/6b0467872f75aed3e144093f9bf4f0b0","name":"adrian reutimann","url":"https:\/\/permakultur-landwirtschaft.org\/fr\/author\/reutiadr\/"}]}},"_links":{"self":[{"href":"https:\/\/permakultur-landwirtschaft.org\/fr\/wp-json\/wp\/v2\/posts\/36016","targetHints":{"allow":["GET"]}}],"collection":[{"href":"https:\/\/permakultur-landwirtschaft.org\/fr\/wp-json\/wp\/v2\/posts"}],"about":[{"href":"https:\/\/permakultur-landwirtschaft.org\/fr\/wp-json\/wp\/v2\/types\/post"}],"author":[{"embeddable":true,"href":"https:\/\/permakultur-landwirtschaft.org\/fr\/wp-json\/wp\/v2\/users\/2"}],"replies":[{"embeddable":true,"href":"https:\/\/permakultur-landwirtschaft.org\/fr\/wp-json\/wp\/v2\/comments?post=36016"}],"version-history":[{"count":1,"href":"https:\/\/permakultur-landwirtschaft.org\/fr\/wp-json\/wp\/v2\/posts\/36016\/revisions"}],"predecessor-version":[{"id":36017,"href":"https:\/\/permakultur-landwirtschaft.org\/fr\/wp-json\/wp\/v2\/posts\/36016\/revisions\/36017"}],"wp:featuredmedia":[{"embeddable":true,"href":"https:\/\/permakultur-landwirtschaft.org\/fr\/wp-json\/wp\/v2\/media\/35454"}],"wp:attachment":[{"href":"https:\/\/permakultur-landwirtschaft.org\/fr\/wp-json\/wp\/v2\/media?parent=36016"}],"wp:term":[{"taxonomy":"category","embeddable":true,"href":"https:\/\/permakultur-landwirtschaft.org\/fr\/wp-json\/wp\/v2\/categories?post=36016"},{"taxonomy":"post_tag","embeddable":true,"href":"https:\/\/permakultur-landwirtschaft.org\/fr\/wp-json\/wp\/v2\/tags?post=36016"}],"curies":[{"name":"wp","href":"https:\/\/api.w.org\/{rel}","templated":true}]}}