{"id":36013,"date":"2025-01-29T11:13:14","date_gmt":"2025-01-29T10:13:14","guid":{"rendered":"https:\/\/permakultur-landwirtschaft.org\/?p=36013"},"modified":"2025-03-24T15:28:14","modified_gmt":"2025-03-24T14:28:14","slug":"beckihof-neu-im-hoefe-netz-von-permakultur-landwirtschaft","status":"publish","type":"post","link":"https:\/\/permakultur-landwirtschaft.org\/fr\/beckihof-neu-im-hoefe-netz-von-permakultur-landwirtschaft\/","title":{"rendered":"Der Beckihof neu im H\u00f6fe-Netz von Permakultur-Landwirtschaft"},"content":{"rendered":"<p>Unser erster Hof im H\u00f6fe-Netz, der mit dem Tram erreichbar ist.<\/p>\n\n\n\n<p>In Z\u00fcrich H\u00f6ngg liegt der Geschichtstr\u00e4chtige Beckihof. Von der urspr\u00fcnglichen mehreren Hektaren Gr\u00f6sse, z\u00e4hlt der kleine Hof heute noch einen halben Hektar Landwirtschaftliche Nutzfl\u00e4che und nochmals soviel Wald.<\/p>\n\n\n\n<p>Auf diesen Fl\u00e4chen entstehen Wunder. Gewappnet mit einem durchdachten Wassermanagement, beginnt hier zwischen alten B\u00e4umen ein junges, dynamisches Waldgartensystem zu wachsen. Die Urbane Lage machen sich Anina und Andreas zum Vorteil. Das Vernetzen mit den Nachbarn und dem Quartier R\u00fctihof stehen im Zentrum. <\/p>\n\n\n\n<p>Hier sind die Menschen willkommen, mitzumachen und \u00fcber Permakultur zu lernen. Und wenn du einmal Mitten in der Stadt, im Gr\u00fcnen draussen Tanzen m\u00f6chtest, dann bist du auf dem Beckihof genau richtig.<\/p>\n\n\n\n<p><a href=\"https:\/\/permakultur-landwirtschaft.org\/fr\/hof\/beckihof\/\">Link zum Beckihof<\/a><\/p>\n\n\n\n<p><a href=\"https:\/\/permakultur-landwirtschaft.org\/fr\/hoefe\/\">Link zum H\u00f6fe-Netz<\/a><\/p>","protected":false},"excerpt":{"rendered":"<p>Unser erster Hof im H\u00f6fe-Netz, der mit dem Tram erreichbar ist. In Z\u00fcrich H\u00f6ngg liegt der Geschichtstr\u00e4chtige Beckihof. Von der urspr\u00fcnglichen mehreren Hektaren Gr\u00f6sse, z\u00e4hlt der kleine Hof heute noch einen halben Hektar Landwirtschaftliche Nutzfl\u00e4che und nochmals soviel Wald. Auf diesen Fl\u00e4chen entstehen Wunder. Gewappnet mit einem durchdachten Wassermanagement, beginnt hier zwischen alten B\u00e4umen ein [&hellip;]<\/p>\n","protected":false},"author":2,"featured_media":35570,"comment_status":"closed","ping_status":"closed","sticky":false,"template":"","format":"standard","meta":{"_acf_changed":false,"site-sidebar-layout":"default","site-content-layout":"","ast-site-content-layout":"default","site-content-style":"default","site-sidebar-style":"default","ast-global-header-display":"","ast-banner-title-visibility":"","ast-main-header-display":"","ast-hfb-above-header-display":"","ast-hfb-below-header-display":"","ast-hfb-mobile-header-display":"","site-post-title":"","ast-breadcrumbs-content":"","ast-featured-img":"","footer-sml-layout":"","ast-disable-related-posts":"","theme-transparent-header-meta":"","adv-header-id-meta":"","stick-header-meta":"","header-above-stick-meta":"","header-main-stick-meta":"","header-below-stick-meta":"","astra-migrate-meta-layouts":"set","ast-page-background-enabled":"default","ast-page-background-meta":{"desktop":{"background-color":"var(--ast-global-color-4)","background-image":"","background-repeat":"repeat","background-position":"center center","background-size":"auto","background-attachment":"scroll","background-type":"","background-media":"","overlay-type":"","overlay-color":"","overlay-opacity":"","overlay-gradient":""},"tablet":{"background-color":"","background-image":"","background-repeat":"repeat","background-position":"center center","background-size":"auto","background-attachment":"scroll","background-type":"","background-media":"","overlay-type":"","overlay-color":"","overlay-opacity":"","overlay-gradient":""},"mobile":{"background-color":"","background-image":"","background-repeat":"repeat","background-position":"center center","background-size":"auto","background-attachment":"scroll","background-type":"","background-media":"","overlay-type":"","overlay-color":"","overlay-opacity":"","overlay-gradient":""}},"ast-content-background-meta":{"desktop":{"background-color":"var(--ast-global-color-5)","background-image":"","background-repeat":"repeat","background-position":"center center","background-size":"auto","background-attachment":"scroll","background-type":"","background-media":"","overlay-type":"","overlay-color":"","overlay-opacity":"","overlay-gradient":""},"tablet":{"background-color":"var(--ast-global-color-5)","background-image":"","background-repeat":"repeat","background-position":"center center","background-size":"auto","background-attachment":"scroll","background-type":"","background-media":"","overlay-type":"","overlay-color":"","overlay-opacity":"","overlay-gradient":""},"mobile":{"background-color":"var(--ast-global-color-5)","background-image":"","background-repeat":"repeat","background-position":"center center","background-size":"auto","background-attachment":"scroll","background-type":"","background-media":"","overlay-type":"","overlay-color":"","overlay-opacity":"","overlay-gradient":""}},"footnotes":""},"categories":[22],"tags":[625,624,243,430],"class_list":["post-36013","post","type-post","status-publish","format-standard","has-post-thumbnail","hentry","category-neuigkeit","tag-beckihof","tag-hoefe-netz","tag-permakultur-landwirtschaft","tag-zuerich"],"acf":[],"yoast_head":"<!-- This site is optimized with the Yoast SEO plugin v27.5 - https:\/\/yoast.com\/product\/yoast-seo-wordpress\/ -->\n<title>Der Beckihof neu im H\u00f6fe-Netz von Permakultur-Landwirtschaft - Permakultur-Landwirtschaft<\/title>\n<meta name=\"description\" content=\"In Z\u00fcrich H\u00f6ngg liegt der Beckihof, der heute noch einen halben Hektar Landwirtschaftliche Nutzfl\u00e4che und nochmals soviel Wald z\u00e4hlt.\" \/>\n<meta name=\"robots\" content=\"index, follow, max-snippet:-1, max-image-preview:large, max-video-preview:-1\" \/>\n<link rel=\"canonical\" href=\"https:\/\/permakultur-landwirtschaft.org\/fr\/beckihof-neu-im-hoefe-netz-von-permakultur-landwirtschaft\/\" \/>\n<meta property=\"og:locale\" content=\"fr_FR\" \/>\n<meta property=\"og:type\" content=\"article\" \/>\n<meta property=\"og:title\" content=\"Der Beckihof neu im H\u00f6fe-Netz von Permakultur-Landwirtschaft - Permakultur-Landwirtschaft\" \/>\n<meta property=\"og:description\" content=\"In Z\u00fcrich H\u00f6ngg liegt der Beckihof, der heute noch einen halben Hektar Landwirtschaftliche Nutzfl\u00e4che und nochmals soviel Wald z\u00e4hlt.\" \/>\n<meta property=\"og:url\" content=\"https:\/\/permakultur-landwirtschaft.org\/fr\/beckihof-neu-im-hoefe-netz-von-permakultur-landwirtschaft\/\" \/>\n<meta property=\"og:site_name\" content=\"Permakultur-Landwirtschaft\" \/>\n<meta property=\"article:publisher\" content=\"https:\/\/www.facebook.com\/PermakulturLandwirtschaft\" \/>\n<meta property=\"article:published_time\" content=\"2025-01-29T10:13:14+00:00\" \/>\n<meta property=\"article:modified_time\" content=\"2025-03-24T14:28:14+00:00\" \/>\n<meta property=\"og:image\" content=\"https:\/\/permakultur-landwirtschaft.org\/wp-content\/uploads\/2025\/01\/Beckihof_klein.png\" \/>\n\t<meta property=\"og:image:width\" content=\"700\" \/>\n\t<meta property=\"og:image:height\" content=\"390\" \/>\n\t<meta property=\"og:image:type\" content=\"image\/png\" \/>\n<meta name=\"author\" content=\"adrian reutimann\" \/>\n<meta name=\"twitter:card\" content=\"summary_large_image\" \/>\n<meta name=\"twitter:label1\" content=\"\u00c9crit par\" \/>\n\t<meta name=\"twitter:data1\" content=\"adrian reutimann\" \/>\n\t<meta name=\"twitter:label2\" content=\"Dur\u00e9e de lecture estim\u00e9e\" \/>\n\t<meta name=\"twitter:data2\" content=\"1 minute\" \/>\n<script type=\"application\/ld+json\" class=\"yoast-schema-graph\">{\"@context\":\"https:\\\/\\\/schema.org\",\"@graph\":[{\"@type\":\"Article\",\"@id\":\"https:\\\/\\\/permakultur-landwirtschaft.org\\\/beckihof-neu-im-hoefe-netz-von-permakultur-landwirtschaft\\\/#article\",\"isPartOf\":{\"@id\":\"https:\\\/\\\/permakultur-landwirtschaft.org\\\/beckihof-neu-im-hoefe-netz-von-permakultur-landwirtschaft\\\/\"},\"author\":{\"name\":\"adrian reutimann\",\"@id\":\"https:\\\/\\\/permakultur-landwirtschaft.org\\\/#\\\/schema\\\/person\\\/6b0467872f75aed3e144093f9bf4f0b0\"},\"headline\":\"Der Beckihof neu im H\u00f6fe-Netz von Permakultur-Landwirtschaft\",\"datePublished\":\"2025-01-29T10:13:14+00:00\",\"dateModified\":\"2025-03-24T14:28:14+00:00\",\"mainEntityOfPage\":{\"@id\":\"https:\\\/\\\/permakultur-landwirtschaft.org\\\/beckihof-neu-im-hoefe-netz-von-permakultur-landwirtschaft\\\/\"},\"wordCount\":142,\"publisher\":{\"@id\":\"https:\\\/\\\/permakultur-landwirtschaft.org\\\/#organization\"},\"image\":{\"@id\":\"https:\\\/\\\/permakultur-landwirtschaft.org\\\/beckihof-neu-im-hoefe-netz-von-permakultur-landwirtschaft\\\/#primaryimage\"},\"thumbnailUrl\":\"https:\\\/\\\/permakultur-landwirtschaft.org\\\/wp-content\\\/uploads\\\/2025\\\/01\\\/Beckihof_klein.png\",\"keywords\":[\"Beckihof\",\"H\u00f6fe-Netz\",\"Permakultur-Landwirtschaft\",\"Z\u00fcrich\"],\"articleSection\":[\"Neuigkeit\"],\"inLanguage\":\"fr-FR\"},{\"@type\":\"WebPage\",\"@id\":\"https:\\\/\\\/permakultur-landwirtschaft.org\\\/beckihof-neu-im-hoefe-netz-von-permakultur-landwirtschaft\\\/\",\"url\":\"https:\\\/\\\/permakultur-landwirtschaft.org\\\/beckihof-neu-im-hoefe-netz-von-permakultur-landwirtschaft\\\/\",\"name\":\"Der Beckihof neu im H\u00f6fe-Netz von Permakultur-Landwirtschaft - Permakultur-Landwirtschaft\",\"isPartOf\":{\"@id\":\"https:\\\/\\\/permakultur-landwirtschaft.org\\\/#website\"},\"primaryImageOfPage\":{\"@id\":\"https:\\\/\\\/permakultur-landwirtschaft.org\\\/beckihof-neu-im-hoefe-netz-von-permakultur-landwirtschaft\\\/#primaryimage\"},\"image\":{\"@id\":\"https:\\\/\\\/permakultur-landwirtschaft.org\\\/beckihof-neu-im-hoefe-netz-von-permakultur-landwirtschaft\\\/#primaryimage\"},\"thumbnailUrl\":\"https:\\\/\\\/permakultur-landwirtschaft.org\\\/wp-content\\\/uploads\\\/2025\\\/01\\\/Beckihof_klein.png\",\"datePublished\":\"2025-01-29T10:13:14+00:00\",\"dateModified\":\"2025-03-24T14:28:14+00:00\",\"description\":\"In Z\u00fcrich H\u00f6ngg liegt der Beckihof, der heute noch einen halben Hektar Landwirtschaftliche Nutzfl\u00e4che und nochmals soviel Wald z\u00e4hlt.\",\"breadcrumb\":{\"@id\":\"https:\\\/\\\/permakultur-landwirtschaft.org\\\/beckihof-neu-im-hoefe-netz-von-permakultur-landwirtschaft\\\/#breadcrumb\"},\"inLanguage\":\"fr-FR\",\"potentialAction\":[{\"@type\":\"ReadAction\",\"target\":[\"https:\\\/\\\/permakultur-landwirtschaft.org\\\/beckihof-neu-im-hoefe-netz-von-permakultur-landwirtschaft\\\/\"]}]},{\"@type\":\"ImageObject\",\"inLanguage\":\"fr-FR\",\"@id\":\"https:\\\/\\\/permakultur-landwirtschaft.org\\\/beckihof-neu-im-hoefe-netz-von-permakultur-landwirtschaft\\\/#primaryimage\",\"url\":\"https:\\\/\\\/permakultur-landwirtschaft.org\\\/wp-content\\\/uploads\\\/2025\\\/01\\\/Beckihof_klein.png\",\"contentUrl\":\"https:\\\/\\\/permakultur-landwirtschaft.org\\\/wp-content\\\/uploads\\\/2025\\\/01\\\/Beckihof_klein.png\",\"width\":700,\"height\":390,\"caption\":\"Beckihof\"},{\"@type\":\"BreadcrumbList\",\"@id\":\"https:\\\/\\\/permakultur-landwirtschaft.org\\\/beckihof-neu-im-hoefe-netz-von-permakultur-landwirtschaft\\\/#breadcrumb\",\"itemListElement\":[{\"@type\":\"ListItem\",\"position\":1,\"name\":\"Startseite\",\"item\":\"https:\\\/\\\/permakultur-landwirtschaft.org\\\/\"},{\"@type\":\"ListItem\",\"position\":2,\"name\":\"Der Beckihof neu im H\u00f6fe-Netz von Permakultur-Landwirtschaft\"}]},{\"@type\":\"WebSite\",\"@id\":\"https:\\\/\\\/permakultur-landwirtschaft.org\\\/#website\",\"url\":\"https:\\\/\\\/permakultur-landwirtschaft.org\\\/\",\"name\":\"Permakultur-Landwirtschaft\",\"description\":\"F\u00f6rderung der Permakultur in der Landwirtschaft\",\"publisher\":{\"@id\":\"https:\\\/\\\/permakultur-landwirtschaft.org\\\/#organization\"},\"potentialAction\":[{\"@type\":\"SearchAction\",\"target\":{\"@type\":\"EntryPoint\",\"urlTemplate\":\"https:\\\/\\\/permakultur-landwirtschaft.org\\\/?s={search_term_string}\"},\"query-input\":{\"@type\":\"PropertyValueSpecification\",\"valueRequired\":true,\"valueName\":\"search_term_string\"}}],\"inLanguage\":\"fr-FR\"},{\"@type\":\"Organization\",\"@id\":\"https:\\\/\\\/permakultur-landwirtschaft.org\\\/#organization\",\"name\":\"Permakultur-Landwirtschaft\",\"alternateName\":\"Verein Permakultur-Landwirtschaft\",\"url\":\"https:\\\/\\\/permakultur-landwirtschaft.org\\\/\",\"logo\":{\"@type\":\"ImageObject\",\"inLanguage\":\"fr-FR\",\"@id\":\"https:\\\/\\\/permakultur-landwirtschaft.org\\\/#\\\/schema\\\/logo\\\/image\\\/\",\"url\":\"https:\\\/\\\/permakultur-landwirtschaft.org\\\/wp-content\\\/uploads\\\/2021\\\/11\\\/pela_1268x1269.png\",\"contentUrl\":\"https:\\\/\\\/permakultur-landwirtschaft.org\\\/wp-content\\\/uploads\\\/2021\\\/11\\\/pela_1268x1269.png\",\"width\":1298,\"height\":1269,\"caption\":\"Permakultur-Landwirtschaft\"},\"image\":{\"@id\":\"https:\\\/\\\/permakultur-landwirtschaft.org\\\/#\\\/schema\\\/logo\\\/image\\\/\"},\"sameAs\":[\"https:\\\/\\\/www.facebook.com\\\/PermakulturLandwirtschaft\",\"https:\\\/\\\/www.instagram.com\\\/permakultur_landwirtschaft\\\/\",\"https:\\\/\\\/www.flickr.com\\\/photos\\\/permakultur-landwirtschaft\",\"https:\\\/\\\/www.youtube.com\\\/@PermakulturLandwirtschaft\"]},{\"@type\":\"Person\",\"@id\":\"https:\\\/\\\/permakultur-landwirtschaft.org\\\/#\\\/schema\\\/person\\\/6b0467872f75aed3e144093f9bf4f0b0\",\"name\":\"adrian reutimann\",\"url\":\"https:\\\/\\\/permakultur-landwirtschaft.org\\\/fr\\\/author\\\/reutiadr\\\/\"}]}<\/script>\n<!-- \/ Yoast SEO plugin. -->","yoast_head_json":{"title":"Der Beckihof neu im H\u00f6fe-Netz von Permakultur-Landwirtschaft - Permakultur-Landwirtschaft","description":"In Z\u00fcrich H\u00f6ngg liegt der Beckihof, der heute noch einen halben Hektar Landwirtschaftliche Nutzfl\u00e4che und nochmals soviel Wald z\u00e4hlt.","robots":{"index":"index","follow":"follow","max-snippet":"max-snippet:-1","max-image-preview":"max-image-preview:large","max-video-preview":"max-video-preview:-1"},"canonical":"https:\/\/permakultur-landwirtschaft.org\/fr\/beckihof-neu-im-hoefe-netz-von-permakultur-landwirtschaft\/","og_locale":"fr_FR","og_type":"article","og_title":"Der Beckihof neu im H\u00f6fe-Netz von Permakultur-Landwirtschaft - Permakultur-Landwirtschaft","og_description":"In Z\u00fcrich H\u00f6ngg liegt der Beckihof, der heute noch einen halben Hektar Landwirtschaftliche Nutzfl\u00e4che und nochmals soviel Wald z\u00e4hlt.","og_url":"https:\/\/permakultur-landwirtschaft.org\/fr\/beckihof-neu-im-hoefe-netz-von-permakultur-landwirtschaft\/","og_site_name":"Permakultur-Landwirtschaft","article_publisher":"https:\/\/www.facebook.com\/PermakulturLandwirtschaft","article_published_time":"2025-01-29T10:13:14+00:00","article_modified_time":"2025-03-24T14:28:14+00:00","og_image":[{"width":700,"height":390,"url":"https:\/\/permakultur-landwirtschaft.org\/wp-content\/uploads\/2025\/01\/Beckihof_klein.png","type":"image\/png"}],"author":"adrian reutimann","twitter_card":"summary_large_image","twitter_misc":{"\u00c9crit par":"adrian reutimann","Dur\u00e9e de lecture estim\u00e9e":"1 minute"},"schema":{"@context":"https:\/\/schema.org","@graph":[{"@type":"Article","@id":"https:\/\/permakultur-landwirtschaft.org\/beckihof-neu-im-hoefe-netz-von-permakultur-landwirtschaft\/#article","isPartOf":{"@id":"https:\/\/permakultur-landwirtschaft.org\/beckihof-neu-im-hoefe-netz-von-permakultur-landwirtschaft\/"},"author":{"name":"adrian reutimann","@id":"https:\/\/permakultur-landwirtschaft.org\/#\/schema\/person\/6b0467872f75aed3e144093f9bf4f0b0"},"headline":"Der Beckihof neu im H\u00f6fe-Netz von Permakultur-Landwirtschaft","datePublished":"2025-01-29T10:13:14+00:00","dateModified":"2025-03-24T14:28:14+00:00","mainEntityOfPage":{"@id":"https:\/\/permakultur-landwirtschaft.org\/beckihof-neu-im-hoefe-netz-von-permakultur-landwirtschaft\/"},"wordCount":142,"publisher":{"@id":"https:\/\/permakultur-landwirtschaft.org\/#organization"},"image":{"@id":"https:\/\/permakultur-landwirtschaft.org\/beckihof-neu-im-hoefe-netz-von-permakultur-landwirtschaft\/#primaryimage"},"thumbnailUrl":"https:\/\/permakultur-landwirtschaft.org\/wp-content\/uploads\/2025\/01\/Beckihof_klein.png","keywords":["Beckihof","H\u00f6fe-Netz","Permakultur-Landwirtschaft","Z\u00fcrich"],"articleSection":["Neuigkeit"],"inLanguage":"fr-FR"},{"@type":"WebPage","@id":"https:\/\/permakultur-landwirtschaft.org\/beckihof-neu-im-hoefe-netz-von-permakultur-landwirtschaft\/","url":"https:\/\/permakultur-landwirtschaft.org\/beckihof-neu-im-hoefe-netz-von-permakultur-landwirtschaft\/","name":"Der Beckihof neu im H\u00f6fe-Netz von Permakultur-Landwirtschaft - Permakultur-Landwirtschaft","isPartOf":{"@id":"https:\/\/permakultur-landwirtschaft.org\/#website"},"primaryImageOfPage":{"@id":"https:\/\/permakultur-landwirtschaft.org\/beckihof-neu-im-hoefe-netz-von-permakultur-landwirtschaft\/#primaryimage"},"image":{"@id":"https:\/\/permakultur-landwirtschaft.org\/beckihof-neu-im-hoefe-netz-von-permakultur-landwirtschaft\/#primaryimage"},"thumbnailUrl":"https:\/\/permakultur-landwirtschaft.org\/wp-content\/uploads\/2025\/01\/Beckihof_klein.png","datePublished":"2025-01-29T10:13:14+00:00","dateModified":"2025-03-24T14:28:14+00:00","description":"In Z\u00fcrich H\u00f6ngg liegt der Beckihof, der heute noch einen halben Hektar Landwirtschaftliche Nutzfl\u00e4che und nochmals soviel Wald z\u00e4hlt.","breadcrumb":{"@id":"https:\/\/permakultur-landwirtschaft.org\/beckihof-neu-im-hoefe-netz-von-permakultur-landwirtschaft\/#breadcrumb"},"inLanguage":"fr-FR","potentialAction":[{"@type":"ReadAction","target":["https:\/\/permakultur-landwirtschaft.org\/beckihof-neu-im-hoefe-netz-von-permakultur-landwirtschaft\/"]}]},{"@type":"ImageObject","inLanguage":"fr-FR","@id":"https:\/\/permakultur-landwirtschaft.org\/beckihof-neu-im-hoefe-netz-von-permakultur-landwirtschaft\/#primaryimage","url":"https:\/\/permakultur-landwirtschaft.org\/wp-content\/uploads\/2025\/01\/Beckihof_klein.png","contentUrl":"https:\/\/permakultur-landwirtschaft.org\/wp-content\/uploads\/2025\/01\/Beckihof_klein.png","width":700,"height":390,"caption":"Beckihof"},{"@type":"BreadcrumbList","@id":"https:\/\/permakultur-landwirtschaft.org\/beckihof-neu-im-hoefe-netz-von-permakultur-landwirtschaft\/#breadcrumb","itemListElement":[{"@type":"ListItem","position":1,"name":"Startseite","item":"https:\/\/permakultur-landwirtschaft.org\/"},{"@type":"ListItem","position":2,"name":"Der Beckihof neu im H\u00f6fe-Netz von Permakultur-Landwirtschaft"}]},{"@type":"WebSite","@id":"https:\/\/permakultur-landwirtschaft.org\/#website","url":"https:\/\/permakultur-landwirtschaft.org\/","name":"Permakultur-Landwirtschaft","description":"F\u00f6rderung der Permakultur in der Landwirtschaft","publisher":{"@id":"https:\/\/permakultur-landwirtschaft.org\/#organization"},"potentialAction":[{"@type":"SearchAction","target":{"@type":"EntryPoint","urlTemplate":"https:\/\/permakultur-landwirtschaft.org\/?s={search_term_string}"},"query-input":{"@type":"PropertyValueSpecification","valueRequired":true,"valueName":"search_term_string"}}],"inLanguage":"fr-FR"},{"@type":"Organization","@id":"https:\/\/permakultur-landwirtschaft.org\/#organization","name":"Permakultur-Landwirtschaft","alternateName":"Verein Permakultur-Landwirtschaft","url":"https:\/\/permakultur-landwirtschaft.org\/","logo":{"@type":"ImageObject","inLanguage":"fr-FR","@id":"https:\/\/permakultur-landwirtschaft.org\/#\/schema\/logo\/image\/","url":"https:\/\/permakultur-landwirtschaft.org\/wp-content\/uploads\/2021\/11\/pela_1268x1269.png","contentUrl":"https:\/\/permakultur-landwirtschaft.org\/wp-content\/uploads\/2021\/11\/pela_1268x1269.png","width":1298,"height":1269,"caption":"Permakultur-Landwirtschaft"},"image":{"@id":"https:\/\/permakultur-landwirtschaft.org\/#\/schema\/logo\/image\/"},"sameAs":["https:\/\/www.facebook.com\/PermakulturLandwirtschaft","https:\/\/www.instagram.com\/permakultur_landwirtschaft\/","https:\/\/www.flickr.com\/photos\/permakultur-landwirtschaft","https:\/\/www.youtube.com\/@PermakulturLandwirtschaft"]},{"@type":"Person","@id":"https:\/\/permakultur-landwirtschaft.org\/#\/schema\/person\/6b0467872f75aed3e144093f9bf4f0b0","name":"adrian reutimann","url":"https:\/\/permakultur-landwirtschaft.org\/fr\/author\/reutiadr\/"}]}},"_links":{"self":[{"href":"https:\/\/permakultur-landwirtschaft.org\/fr\/wp-json\/wp\/v2\/posts\/36013","targetHints":{"allow":["GET"]}}],"collection":[{"href":"https:\/\/permakultur-landwirtschaft.org\/fr\/wp-json\/wp\/v2\/posts"}],"about":[{"href":"https:\/\/permakultur-landwirtschaft.org\/fr\/wp-json\/wp\/v2\/types\/post"}],"author":[{"embeddable":true,"href":"https:\/\/permakultur-landwirtschaft.org\/fr\/wp-json\/wp\/v2\/users\/2"}],"replies":[{"embeddable":true,"href":"https:\/\/permakultur-landwirtschaft.org\/fr\/wp-json\/wp\/v2\/comments?post=36013"}],"version-history":[{"count":3,"href":"https:\/\/permakultur-landwirtschaft.org\/fr\/wp-json\/wp\/v2\/posts\/36013\/revisions"}],"predecessor-version":[{"id":36070,"href":"https:\/\/permakultur-landwirtschaft.org\/fr\/wp-json\/wp\/v2\/posts\/36013\/revisions\/36070"}],"wp:featuredmedia":[{"embeddable":true,"href":"https:\/\/permakultur-landwirtschaft.org\/fr\/wp-json\/wp\/v2\/media\/35570"}],"wp:attachment":[{"href":"https:\/\/permakultur-landwirtschaft.org\/fr\/wp-json\/wp\/v2\/media?parent=36013"}],"wp:term":[{"taxonomy":"category","embeddable":true,"href":"https:\/\/permakultur-landwirtschaft.org\/fr\/wp-json\/wp\/v2\/categories?post=36013"},{"taxonomy":"post_tag","embeddable":true,"href":"https:\/\/permakultur-landwirtschaft.org\/fr\/wp-json\/wp\/v2\/tags?post=36013"}],"curies":[{"name":"wp","href":"https:\/\/api.w.org\/{rel}","templated":true}]}}