{"id":36010,"date":"2025-03-24T10:47:26","date_gmt":"2025-03-24T09:47:26","guid":{"rendered":"https:\/\/permakultur-landwirtschaft.org\/?p=36010"},"modified":"2025-03-24T10:47:28","modified_gmt":"2025-03-24T09:47:28","slug":"einladung-zur-teilnahme-an-der-umfrage-permakultur-in-der-landwirtschaft-invitation-a-participer-a-lenquete-sur-la-permaculture-dans-lagriculture","status":"publish","type":"post","link":"https:\/\/permakultur-landwirtschaft.org\/fr\/einladung-zur-teilnahme-an-der-umfrage-permakultur-in-der-landwirtschaft-invitation-a-participer-a-lenquete-sur-la-permaculture-dans-lagriculture\/","title":{"rendered":"Einladung zur Teilnahme an der Umfrage Permakultur in der Landwirtschaft \/ Invitation \u00e0 participer \u00e0 l&#8217;enqu\u00eate sur la permaculture dans l&#8217;agriculture"},"content":{"rendered":"<p>(texte fran\u00e7ais ci-dessous)<\/p>\n\n\n\n<p>Liebe Betriebsleiterin, lieber Betriebsleiter<\/p>\n\n\n\n<p>Die Hochschule f\u00fcr Agrar-, Forst- und Lebensmittelwissenschaften (HAFL) m\u00f6chte die Daten- und Informationsgrundlage zur Permakulturlandwirtschaft verbessern und Massnahmen entwickeln zur Schliessung von L\u00fccken in der Beratung sowie in der Aus- und Weiterbildung im Bereich Permakultur. Dazu f\u00fchrt die HAFL eine Umfrage zu Permakultur in der Landwirtschaft durch.<\/p>\n\n\n\n<p>Falls Sie auf ihrem Betrieb Permakultur betreiben, w\u00fcrden wir uns sehr freuen, wenn Sie an der Umfrage teilnehmen. Denn Ihre Erfahrungen und Einsch\u00e4tzungen sind f\u00fcr das Projekt \u201e<a href=\"https:\/\/www.bfh.ch\/de\/forschung\/forschungsprojekte\/2023-011-759-846\/\" target=\"_blank\" rel=\"noreferrer noopener\">Living Lab Permakultur<\/a>\u201c der HAFL von grossem Wert.<\/p>\n\n\n\n<p>Die Umfrage dauert 15-20 Minuten und Ihre Teilnahme ist freiwillig. Alle Daten werden vertraulich behandelt.<\/p>\n\n\n\n<p>Klicken Sie hier, um direkt zur Umfrage zu gelangen: <a href=\"https:\/\/permakultur-bfh.limesurvey.net\/695572?lang=de\" target=\"_blank\" rel=\"noreferrer noopener\">https:\/\/permakultur-bfh.limesurvey.net\/695572?lang=de<\/a><\/p>\n\n\n\n<p>Vielen Dank f\u00fcr Ihre wertvolle Unterst\u00fctzung!<\/p>\n\n\n\n<hr class=\"wp-block-separator has-alpha-channel-opacity\"\/>\n\n\n\n<p>Ch\u00e8re exploitante, cher exploitant<\/p>\n\n\n\n<p>La Haute \u00e9cole des sciences agronomiques, foresti\u00e8res et alimentaires (HAFL) souhaite am\u00e9liorer la base de donn\u00e9es et d&#8217;informations sur l&#8217;agriculture permaculturelle et d\u00e9velopper des mesures pour combler les lacunes dans le domaine du conseil, de la formation initiale et continue en permaculture. Pour ce faire, la HAFL m\u00e8ne une enqu\u00eate sur la permaculture dans l&#8217;agriculture.<\/p>\n\n\n\n<p>Si vous pratiquez la permaculture sur votre exploitation, nous serions tr\u00e8s heureux que vous participiez \u00e0 l&#8217;enqu\u00eate. Car vos exp\u00e9riences et vos appr\u00e9ciations sont d&#8217;une grande valeur pour le projet \u00ab <a href=\"https:\/\/www.bfh.ch\/fr\/recherche-bfh\/projets-de-recherche\/2023-011-759-846\/\" target=\"_blank\" rel=\"noreferrer noopener\">Living Lab Permakultur<\/a> \u00bb de la HAFL.<\/p>\n\n\n\n<p>Cliquez ici pour acc\u00e9der directement \u00e0 l&#8217;enqu\u00eate : <a href=\"https:\/\/permakultur-bfh.limesurvey.net\/695572?lang=fr\" target=\"_blank\" rel=\"noreferrer noopener\">https:\/\/permakultur-bfh.limesurvey.net\/695572?lang=fr<\/a><\/p>\n\n\n\n<p>Merci beaucoup pour votre pr\u00e9cieux soutien !<\/p>","protected":false},"excerpt":{"rendered":"<p>(texte fran\u00e7ais ci-dessous) Liebe Betriebsleiterin, lieber Betriebsleiter Die Hochschule f\u00fcr Agrar-, Forst- und Lebensmittelwissenschaften (HAFL) m\u00f6chte die Daten- und Informationsgrundlage zur Permakulturlandwirtschaft verbessern und Massnahmen entwickeln zur Schliessung von L\u00fccken in der Beratung sowie in der Aus- und Weiterbildung im Bereich Permakultur. Dazu f\u00fchrt die HAFL eine Umfrage zu Permakultur in der Landwirtschaft durch. Falls [&hellip;]<\/p>\n","protected":false},"author":2,"featured_media":36011,"comment_status":"closed","ping_status":"closed","sticky":false,"template":"","format":"standard","meta":{"_acf_changed":false,"site-sidebar-layout":"default","site-content-layout":"","ast-site-content-layout":"default","site-content-style":"default","site-sidebar-style":"default","ast-global-header-display":"","ast-banner-title-visibility":"","ast-main-header-display":"","ast-hfb-above-header-display":"","ast-hfb-below-header-display":"","ast-hfb-mobile-header-display":"","site-post-title":"","ast-breadcrumbs-content":"","ast-featured-img":"","footer-sml-layout":"","ast-disable-related-posts":"","theme-transparent-header-meta":"","adv-header-id-meta":"","stick-header-meta":"","header-above-stick-meta":"","header-main-stick-meta":"","header-below-stick-meta":"","astra-migrate-meta-layouts":"set","ast-page-background-enabled":"default","ast-page-background-meta":{"desktop":{"background-color":"var(--ast-global-color-4)","background-image":"","background-repeat":"repeat","background-position":"center center","background-size":"auto","background-attachment":"scroll","background-type":"","background-media":"","overlay-type":"","overlay-color":"","overlay-opacity":"","overlay-gradient":""},"tablet":{"background-color":"","background-image":"","background-repeat":"repeat","background-position":"center center","background-size":"auto","background-attachment":"scroll","background-type":"","background-media":"","overlay-type":"","overlay-color":"","overlay-opacity":"","overlay-gradient":""},"mobile":{"background-color":"","background-image":"","background-repeat":"repeat","background-position":"center center","background-size":"auto","background-attachment":"scroll","background-type":"","background-media":"","overlay-type":"","overlay-color":"","overlay-opacity":"","overlay-gradient":""}},"ast-content-background-meta":{"desktop":{"background-color":"var(--ast-global-color-5)","background-image":"","background-repeat":"repeat","background-position":"center center","background-size":"auto","background-attachment":"scroll","background-type":"","background-media":"","overlay-type":"","overlay-color":"","overlay-opacity":"","overlay-gradient":""},"tablet":{"background-color":"var(--ast-global-color-5)","background-image":"","background-repeat":"repeat","background-position":"center center","background-size":"auto","background-attachment":"scroll","background-type":"","background-media":"","overlay-type":"","overlay-color":"","overlay-opacity":"","overlay-gradient":""},"mobile":{"background-color":"var(--ast-global-color-5)","background-image":"","background-repeat":"repeat","background-position":"center center","background-size":"auto","background-attachment":"scroll","background-type":"","background-media":"","overlay-type":"","overlay-color":"","overlay-opacity":"","overlay-gradient":""}},"footnotes":""},"categories":[22],"tags":[153,622,404,623,243,315],"class_list":["post-36010","post","type-post","status-publish","format-standard","has-post-thumbnail","hentry","category-neuigkeit","tag-bfh-hafl","tag-daten-und-informationsgrundlage","tag-living-lab-permaculture","tag-living-lab-permakultur","tag-permakultur-landwirtschaft","tag-umfrage"],"acf":[],"yoast_head":"<!-- This site is optimized with the Yoast SEO plugin v27.5 - https:\/\/yoast.com\/product\/yoast-seo-wordpress\/ -->\n<title>Einladung zur Teilnahme an der Umfrage Permakultur in der Landwirtschaft \/ Invitation \u00e0 participer \u00e0 l&#039;enqu\u00eate sur la permaculture dans l&#039;agriculture - Permakultur-Landwirtschaft<\/title>\n<meta name=\"description\" content=\"Falls Sie auf ihrem Betrieb Permakultur betreiben, w\u00fcrden wir uns sehr freuen, wenn Sie an der Umfrage teilnehmen.\" \/>\n<meta name=\"robots\" content=\"index, follow, max-snippet:-1, max-image-preview:large, max-video-preview:-1\" \/>\n<link rel=\"canonical\" href=\"https:\/\/permakultur-landwirtschaft.org\/fr\/einladung-zur-teilnahme-an-der-umfrage-permakultur-in-der-landwirtschaft-invitation-a-participer-a-lenquete-sur-la-permaculture-dans-lagriculture\/\" \/>\n<meta property=\"og:locale\" content=\"fr_FR\" \/>\n<meta property=\"og:type\" content=\"article\" \/>\n<meta property=\"og:title\" content=\"Einladung zur Teilnahme an der Umfrage Permakultur in der Landwirtschaft \/ Invitation \u00e0 participer \u00e0 l&#039;enqu\u00eate sur la permaculture dans l&#039;agriculture - Permakultur-Landwirtschaft\" \/>\n<meta property=\"og:description\" content=\"Falls Sie auf ihrem Betrieb Permakultur betreiben, w\u00fcrden wir uns sehr freuen, wenn Sie an der Umfrage teilnehmen.\" \/>\n<meta property=\"og:url\" content=\"https:\/\/permakultur-landwirtschaft.org\/fr\/einladung-zur-teilnahme-an-der-umfrage-permakultur-in-der-landwirtschaft-invitation-a-participer-a-lenquete-sur-la-permaculture-dans-lagriculture\/\" \/>\n<meta property=\"og:site_name\" content=\"Permakultur-Landwirtschaft\" \/>\n<meta property=\"article:publisher\" content=\"https:\/\/www.facebook.com\/PermakulturLandwirtschaft\" \/>\n<meta property=\"article:published_time\" content=\"2025-03-24T09:47:26+00:00\" \/>\n<meta property=\"article:modified_time\" content=\"2025-03-24T09:47:28+00:00\" \/>\n<meta property=\"og:image\" content=\"https:\/\/permakultur-landwirtschaft.org\/wp-content\/uploads\/2025\/03\/Daten-_und_Informationsgrundlage_zur_Permakultur-Landwirtschaft_bing-700.jpg\" \/>\n\t<meta property=\"og:image:width\" content=\"700\" \/>\n\t<meta property=\"og:image:height\" content=\"700\" \/>\n\t<meta property=\"og:image:type\" content=\"image\/jpeg\" \/>\n<meta name=\"author\" content=\"adrian reutimann\" \/>\n<meta name=\"twitter:card\" content=\"summary_large_image\" \/>\n<meta name=\"twitter:label1\" content=\"\u00c9crit par\" \/>\n\t<meta name=\"twitter:data1\" content=\"adrian reutimann\" \/>\n\t<meta name=\"twitter:label2\" content=\"Dur\u00e9e de lecture estim\u00e9e\" \/>\n\t<meta name=\"twitter:data2\" content=\"2 minutes\" \/>\n<script type=\"application\/ld+json\" class=\"yoast-schema-graph\">{\"@context\":\"https:\\\/\\\/schema.org\",\"@graph\":[{\"@type\":\"Article\",\"@id\":\"https:\\\/\\\/permakultur-landwirtschaft.org\\\/einladung-zur-teilnahme-an-der-umfrage-permakultur-in-der-landwirtschaft-invitation-a-participer-a-lenquete-sur-la-permaculture-dans-lagriculture\\\/#article\",\"isPartOf\":{\"@id\":\"https:\\\/\\\/permakultur-landwirtschaft.org\\\/einladung-zur-teilnahme-an-der-umfrage-permakultur-in-der-landwirtschaft-invitation-a-participer-a-lenquete-sur-la-permaculture-dans-lagriculture\\\/\"},\"author\":{\"name\":\"adrian reutimann\",\"@id\":\"https:\\\/\\\/permakultur-landwirtschaft.org\\\/#\\\/schema\\\/person\\\/6b0467872f75aed3e144093f9bf4f0b0\"},\"headline\":\"Einladung zur Teilnahme an der Umfrage Permakultur in der Landwirtschaft \\\/ Invitation \u00e0 participer \u00e0 l&#8217;enqu\u00eate sur la permaculture dans l&#8217;agriculture\",\"datePublished\":\"2025-03-24T09:47:26+00:00\",\"dateModified\":\"2025-03-24T09:47:28+00:00\",\"mainEntityOfPage\":{\"@id\":\"https:\\\/\\\/permakultur-landwirtschaft.org\\\/einladung-zur-teilnahme-an-der-umfrage-permakultur-in-der-landwirtschaft-invitation-a-participer-a-lenquete-sur-la-permaculture-dans-lagriculture\\\/\"},\"wordCount\":288,\"publisher\":{\"@id\":\"https:\\\/\\\/permakultur-landwirtschaft.org\\\/#organization\"},\"image\":{\"@id\":\"https:\\\/\\\/permakultur-landwirtschaft.org\\\/einladung-zur-teilnahme-an-der-umfrage-permakultur-in-der-landwirtschaft-invitation-a-participer-a-lenquete-sur-la-permaculture-dans-lagriculture\\\/#primaryimage\"},\"thumbnailUrl\":\"https:\\\/\\\/permakultur-landwirtschaft.org\\\/wp-content\\\/uploads\\\/2025\\\/03\\\/Daten-_und_Informationsgrundlage_zur_Permakultur-Landwirtschaft_bing-700.jpg\",\"keywords\":[\"BFH-HAFL\",\"Daten- und Informationsgrundlage\",\"Living Lab Permaculture\",\"Living Lab Permakultur\",\"Permakultur-Landwirtschaft\",\"Umfrage\"],\"articleSection\":[\"Neuigkeit\"],\"inLanguage\":\"fr-FR\"},{\"@type\":\"WebPage\",\"@id\":\"https:\\\/\\\/permakultur-landwirtschaft.org\\\/einladung-zur-teilnahme-an-der-umfrage-permakultur-in-der-landwirtschaft-invitation-a-participer-a-lenquete-sur-la-permaculture-dans-lagriculture\\\/\",\"url\":\"https:\\\/\\\/permakultur-landwirtschaft.org\\\/einladung-zur-teilnahme-an-der-umfrage-permakultur-in-der-landwirtschaft-invitation-a-participer-a-lenquete-sur-la-permaculture-dans-lagriculture\\\/\",\"name\":\"Einladung zur Teilnahme an der Umfrage Permakultur in der Landwirtschaft \\\/ Invitation \u00e0 participer \u00e0 l'enqu\u00eate sur la permaculture dans l'agriculture - Permakultur-Landwirtschaft\",\"isPartOf\":{\"@id\":\"https:\\\/\\\/permakultur-landwirtschaft.org\\\/#website\"},\"primaryImageOfPage\":{\"@id\":\"https:\\\/\\\/permakultur-landwirtschaft.org\\\/einladung-zur-teilnahme-an-der-umfrage-permakultur-in-der-landwirtschaft-invitation-a-participer-a-lenquete-sur-la-permaculture-dans-lagriculture\\\/#primaryimage\"},\"image\":{\"@id\":\"https:\\\/\\\/permakultur-landwirtschaft.org\\\/einladung-zur-teilnahme-an-der-umfrage-permakultur-in-der-landwirtschaft-invitation-a-participer-a-lenquete-sur-la-permaculture-dans-lagriculture\\\/#primaryimage\"},\"thumbnailUrl\":\"https:\\\/\\\/permakultur-landwirtschaft.org\\\/wp-content\\\/uploads\\\/2025\\\/03\\\/Daten-_und_Informationsgrundlage_zur_Permakultur-Landwirtschaft_bing-700.jpg\",\"datePublished\":\"2025-03-24T09:47:26+00:00\",\"dateModified\":\"2025-03-24T09:47:28+00:00\",\"description\":\"Falls Sie auf ihrem Betrieb Permakultur betreiben, w\u00fcrden wir uns sehr freuen, wenn Sie an der Umfrage teilnehmen.\",\"breadcrumb\":{\"@id\":\"https:\\\/\\\/permakultur-landwirtschaft.org\\\/einladung-zur-teilnahme-an-der-umfrage-permakultur-in-der-landwirtschaft-invitation-a-participer-a-lenquete-sur-la-permaculture-dans-lagriculture\\\/#breadcrumb\"},\"inLanguage\":\"fr-FR\",\"potentialAction\":[{\"@type\":\"ReadAction\",\"target\":[\"https:\\\/\\\/permakultur-landwirtschaft.org\\\/einladung-zur-teilnahme-an-der-umfrage-permakultur-in-der-landwirtschaft-invitation-a-participer-a-lenquete-sur-la-permaculture-dans-lagriculture\\\/\"]}]},{\"@type\":\"ImageObject\",\"inLanguage\":\"fr-FR\",\"@id\":\"https:\\\/\\\/permakultur-landwirtschaft.org\\\/einladung-zur-teilnahme-an-der-umfrage-permakultur-in-der-landwirtschaft-invitation-a-participer-a-lenquete-sur-la-permaculture-dans-lagriculture\\\/#primaryimage\",\"url\":\"https:\\\/\\\/permakultur-landwirtschaft.org\\\/wp-content\\\/uploads\\\/2025\\\/03\\\/Daten-_und_Informationsgrundlage_zur_Permakultur-Landwirtschaft_bing-700.jpg\",\"contentUrl\":\"https:\\\/\\\/permakultur-landwirtschaft.org\\\/wp-content\\\/uploads\\\/2025\\\/03\\\/Daten-_und_Informationsgrundlage_zur_Permakultur-Landwirtschaft_bing-700.jpg\",\"width\":700,\"height\":700,\"caption\":\"Bild: Image Creator in Bing\"},{\"@type\":\"BreadcrumbList\",\"@id\":\"https:\\\/\\\/permakultur-landwirtschaft.org\\\/einladung-zur-teilnahme-an-der-umfrage-permakultur-in-der-landwirtschaft-invitation-a-participer-a-lenquete-sur-la-permaculture-dans-lagriculture\\\/#breadcrumb\",\"itemListElement\":[{\"@type\":\"ListItem\",\"position\":1,\"name\":\"Startseite\",\"item\":\"https:\\\/\\\/permakultur-landwirtschaft.org\\\/\"},{\"@type\":\"ListItem\",\"position\":2,\"name\":\"Einladung zur Teilnahme an der Umfrage Permakultur in der Landwirtschaft \\\/ Invitation \u00e0 participer \u00e0 l&#8217;enqu\u00eate sur la permaculture dans l&#8217;agriculture\"}]},{\"@type\":\"WebSite\",\"@id\":\"https:\\\/\\\/permakultur-landwirtschaft.org\\\/#website\",\"url\":\"https:\\\/\\\/permakultur-landwirtschaft.org\\\/\",\"name\":\"Permakultur-Landwirtschaft\",\"description\":\"F\u00f6rderung der Permakultur in der Landwirtschaft\",\"publisher\":{\"@id\":\"https:\\\/\\\/permakultur-landwirtschaft.org\\\/#organization\"},\"potentialAction\":[{\"@type\":\"SearchAction\",\"target\":{\"@type\":\"EntryPoint\",\"urlTemplate\":\"https:\\\/\\\/permakultur-landwirtschaft.org\\\/?s={search_term_string}\"},\"query-input\":{\"@type\":\"PropertyValueSpecification\",\"valueRequired\":true,\"valueName\":\"search_term_string\"}}],\"inLanguage\":\"fr-FR\"},{\"@type\":\"Organization\",\"@id\":\"https:\\\/\\\/permakultur-landwirtschaft.org\\\/#organization\",\"name\":\"Permakultur-Landwirtschaft\",\"alternateName\":\"Verein Permakultur-Landwirtschaft\",\"url\":\"https:\\\/\\\/permakultur-landwirtschaft.org\\\/\",\"logo\":{\"@type\":\"ImageObject\",\"inLanguage\":\"fr-FR\",\"@id\":\"https:\\\/\\\/permakultur-landwirtschaft.org\\\/#\\\/schema\\\/logo\\\/image\\\/\",\"url\":\"https:\\\/\\\/permakultur-landwirtschaft.org\\\/wp-content\\\/uploads\\\/2021\\\/11\\\/pela_1268x1269.png\",\"contentUrl\":\"https:\\\/\\\/permakultur-landwirtschaft.org\\\/wp-content\\\/uploads\\\/2021\\\/11\\\/pela_1268x1269.png\",\"width\":1298,\"height\":1269,\"caption\":\"Permakultur-Landwirtschaft\"},\"image\":{\"@id\":\"https:\\\/\\\/permakultur-landwirtschaft.org\\\/#\\\/schema\\\/logo\\\/image\\\/\"},\"sameAs\":[\"https:\\\/\\\/www.facebook.com\\\/PermakulturLandwirtschaft\",\"https:\\\/\\\/www.instagram.com\\\/permakultur_landwirtschaft\\\/\",\"https:\\\/\\\/www.flickr.com\\\/photos\\\/permakultur-landwirtschaft\",\"https:\\\/\\\/www.youtube.com\\\/@PermakulturLandwirtschaft\"]},{\"@type\":\"Person\",\"@id\":\"https:\\\/\\\/permakultur-landwirtschaft.org\\\/#\\\/schema\\\/person\\\/6b0467872f75aed3e144093f9bf4f0b0\",\"name\":\"adrian reutimann\",\"url\":\"https:\\\/\\\/permakultur-landwirtschaft.org\\\/fr\\\/author\\\/reutiadr\\\/\"}]}<\/script>\n<!-- \/ Yoast SEO plugin. -->","yoast_head_json":{"title":"Einladung zur Teilnahme an der Umfrage Permakultur in der Landwirtschaft \/ Invitation \u00e0 participer \u00e0 l'enqu\u00eate sur la permaculture dans l'agriculture - Permakultur-Landwirtschaft","description":"Falls Sie auf ihrem Betrieb Permakultur betreiben, w\u00fcrden wir uns sehr freuen, wenn Sie an der Umfrage teilnehmen.","robots":{"index":"index","follow":"follow","max-snippet":"max-snippet:-1","max-image-preview":"max-image-preview:large","max-video-preview":"max-video-preview:-1"},"canonical":"https:\/\/permakultur-landwirtschaft.org\/fr\/einladung-zur-teilnahme-an-der-umfrage-permakultur-in-der-landwirtschaft-invitation-a-participer-a-lenquete-sur-la-permaculture-dans-lagriculture\/","og_locale":"fr_FR","og_type":"article","og_title":"Einladung zur Teilnahme an der Umfrage Permakultur in der Landwirtschaft \/ Invitation \u00e0 participer \u00e0 l'enqu\u00eate sur la permaculture dans l'agriculture - Permakultur-Landwirtschaft","og_description":"Falls Sie auf ihrem Betrieb Permakultur betreiben, w\u00fcrden wir uns sehr freuen, wenn Sie an der Umfrage teilnehmen.","og_url":"https:\/\/permakultur-landwirtschaft.org\/fr\/einladung-zur-teilnahme-an-der-umfrage-permakultur-in-der-landwirtschaft-invitation-a-participer-a-lenquete-sur-la-permaculture-dans-lagriculture\/","og_site_name":"Permakultur-Landwirtschaft","article_publisher":"https:\/\/www.facebook.com\/PermakulturLandwirtschaft","article_published_time":"2025-03-24T09:47:26+00:00","article_modified_time":"2025-03-24T09:47:28+00:00","og_image":[{"width":700,"height":700,"url":"https:\/\/permakultur-landwirtschaft.org\/wp-content\/uploads\/2025\/03\/Daten-_und_Informationsgrundlage_zur_Permakultur-Landwirtschaft_bing-700.jpg","type":"image\/jpeg"}],"author":"adrian reutimann","twitter_card":"summary_large_image","twitter_misc":{"\u00c9crit par":"adrian reutimann","Dur\u00e9e de lecture estim\u00e9e":"2 minutes"},"schema":{"@context":"https:\/\/schema.org","@graph":[{"@type":"Article","@id":"https:\/\/permakultur-landwirtschaft.org\/einladung-zur-teilnahme-an-der-umfrage-permakultur-in-der-landwirtschaft-invitation-a-participer-a-lenquete-sur-la-permaculture-dans-lagriculture\/#article","isPartOf":{"@id":"https:\/\/permakultur-landwirtschaft.org\/einladung-zur-teilnahme-an-der-umfrage-permakultur-in-der-landwirtschaft-invitation-a-participer-a-lenquete-sur-la-permaculture-dans-lagriculture\/"},"author":{"name":"adrian reutimann","@id":"https:\/\/permakultur-landwirtschaft.org\/#\/schema\/person\/6b0467872f75aed3e144093f9bf4f0b0"},"headline":"Einladung zur Teilnahme an der Umfrage Permakultur in der Landwirtschaft \/ Invitation \u00e0 participer \u00e0 l&#8217;enqu\u00eate sur la permaculture dans l&#8217;agriculture","datePublished":"2025-03-24T09:47:26+00:00","dateModified":"2025-03-24T09:47:28+00:00","mainEntityOfPage":{"@id":"https:\/\/permakultur-landwirtschaft.org\/einladung-zur-teilnahme-an-der-umfrage-permakultur-in-der-landwirtschaft-invitation-a-participer-a-lenquete-sur-la-permaculture-dans-lagriculture\/"},"wordCount":288,"publisher":{"@id":"https:\/\/permakultur-landwirtschaft.org\/#organization"},"image":{"@id":"https:\/\/permakultur-landwirtschaft.org\/einladung-zur-teilnahme-an-der-umfrage-permakultur-in-der-landwirtschaft-invitation-a-participer-a-lenquete-sur-la-permaculture-dans-lagriculture\/#primaryimage"},"thumbnailUrl":"https:\/\/permakultur-landwirtschaft.org\/wp-content\/uploads\/2025\/03\/Daten-_und_Informationsgrundlage_zur_Permakultur-Landwirtschaft_bing-700.jpg","keywords":["BFH-HAFL","Daten- und Informationsgrundlage","Living Lab Permaculture","Living Lab Permakultur","Permakultur-Landwirtschaft","Umfrage"],"articleSection":["Neuigkeit"],"inLanguage":"fr-FR"},{"@type":"WebPage","@id":"https:\/\/permakultur-landwirtschaft.org\/einladung-zur-teilnahme-an-der-umfrage-permakultur-in-der-landwirtschaft-invitation-a-participer-a-lenquete-sur-la-permaculture-dans-lagriculture\/","url":"https:\/\/permakultur-landwirtschaft.org\/einladung-zur-teilnahme-an-der-umfrage-permakultur-in-der-landwirtschaft-invitation-a-participer-a-lenquete-sur-la-permaculture-dans-lagriculture\/","name":"Einladung zur Teilnahme an der Umfrage Permakultur in der Landwirtschaft \/ Invitation \u00e0 participer \u00e0 l'enqu\u00eate sur la permaculture dans l'agriculture - Permakultur-Landwirtschaft","isPartOf":{"@id":"https:\/\/permakultur-landwirtschaft.org\/#website"},"primaryImageOfPage":{"@id":"https:\/\/permakultur-landwirtschaft.org\/einladung-zur-teilnahme-an-der-umfrage-permakultur-in-der-landwirtschaft-invitation-a-participer-a-lenquete-sur-la-permaculture-dans-lagriculture\/#primaryimage"},"image":{"@id":"https:\/\/permakultur-landwirtschaft.org\/einladung-zur-teilnahme-an-der-umfrage-permakultur-in-der-landwirtschaft-invitation-a-participer-a-lenquete-sur-la-permaculture-dans-lagriculture\/#primaryimage"},"thumbnailUrl":"https:\/\/permakultur-landwirtschaft.org\/wp-content\/uploads\/2025\/03\/Daten-_und_Informationsgrundlage_zur_Permakultur-Landwirtschaft_bing-700.jpg","datePublished":"2025-03-24T09:47:26+00:00","dateModified":"2025-03-24T09:47:28+00:00","description":"Falls Sie auf ihrem Betrieb Permakultur betreiben, w\u00fcrden wir uns sehr freuen, wenn Sie an der Umfrage teilnehmen.","breadcrumb":{"@id":"https:\/\/permakultur-landwirtschaft.org\/einladung-zur-teilnahme-an-der-umfrage-permakultur-in-der-landwirtschaft-invitation-a-participer-a-lenquete-sur-la-permaculture-dans-lagriculture\/#breadcrumb"},"inLanguage":"fr-FR","potentialAction":[{"@type":"ReadAction","target":["https:\/\/permakultur-landwirtschaft.org\/einladung-zur-teilnahme-an-der-umfrage-permakultur-in-der-landwirtschaft-invitation-a-participer-a-lenquete-sur-la-permaculture-dans-lagriculture\/"]}]},{"@type":"ImageObject","inLanguage":"fr-FR","@id":"https:\/\/permakultur-landwirtschaft.org\/einladung-zur-teilnahme-an-der-umfrage-permakultur-in-der-landwirtschaft-invitation-a-participer-a-lenquete-sur-la-permaculture-dans-lagriculture\/#primaryimage","url":"https:\/\/permakultur-landwirtschaft.org\/wp-content\/uploads\/2025\/03\/Daten-_und_Informationsgrundlage_zur_Permakultur-Landwirtschaft_bing-700.jpg","contentUrl":"https:\/\/permakultur-landwirtschaft.org\/wp-content\/uploads\/2025\/03\/Daten-_und_Informationsgrundlage_zur_Permakultur-Landwirtschaft_bing-700.jpg","width":700,"height":700,"caption":"Bild: Image Creator in Bing"},{"@type":"BreadcrumbList","@id":"https:\/\/permakultur-landwirtschaft.org\/einladung-zur-teilnahme-an-der-umfrage-permakultur-in-der-landwirtschaft-invitation-a-participer-a-lenquete-sur-la-permaculture-dans-lagriculture\/#breadcrumb","itemListElement":[{"@type":"ListItem","position":1,"name":"Startseite","item":"https:\/\/permakultur-landwirtschaft.org\/"},{"@type":"ListItem","position":2,"name":"Einladung zur Teilnahme an der Umfrage Permakultur in der Landwirtschaft \/ Invitation \u00e0 participer \u00e0 l&#8217;enqu\u00eate sur la permaculture dans l&#8217;agriculture"}]},{"@type":"WebSite","@id":"https:\/\/permakultur-landwirtschaft.org\/#website","url":"https:\/\/permakultur-landwirtschaft.org\/","name":"Permakultur-Landwirtschaft","description":"F\u00f6rderung der Permakultur in der Landwirtschaft","publisher":{"@id":"https:\/\/permakultur-landwirtschaft.org\/#organization"},"potentialAction":[{"@type":"SearchAction","target":{"@type":"EntryPoint","urlTemplate":"https:\/\/permakultur-landwirtschaft.org\/?s={search_term_string}"},"query-input":{"@type":"PropertyValueSpecification","valueRequired":true,"valueName":"search_term_string"}}],"inLanguage":"fr-FR"},{"@type":"Organization","@id":"https:\/\/permakultur-landwirtschaft.org\/#organization","name":"Permakultur-Landwirtschaft","alternateName":"Verein Permakultur-Landwirtschaft","url":"https:\/\/permakultur-landwirtschaft.org\/","logo":{"@type":"ImageObject","inLanguage":"fr-FR","@id":"https:\/\/permakultur-landwirtschaft.org\/#\/schema\/logo\/image\/","url":"https:\/\/permakultur-landwirtschaft.org\/wp-content\/uploads\/2021\/11\/pela_1268x1269.png","contentUrl":"https:\/\/permakultur-landwirtschaft.org\/wp-content\/uploads\/2021\/11\/pela_1268x1269.png","width":1298,"height":1269,"caption":"Permakultur-Landwirtschaft"},"image":{"@id":"https:\/\/permakultur-landwirtschaft.org\/#\/schema\/logo\/image\/"},"sameAs":["https:\/\/www.facebook.com\/PermakulturLandwirtschaft","https:\/\/www.instagram.com\/permakultur_landwirtschaft\/","https:\/\/www.flickr.com\/photos\/permakultur-landwirtschaft","https:\/\/www.youtube.com\/@PermakulturLandwirtschaft"]},{"@type":"Person","@id":"https:\/\/permakultur-landwirtschaft.org\/#\/schema\/person\/6b0467872f75aed3e144093f9bf4f0b0","name":"adrian reutimann","url":"https:\/\/permakultur-landwirtschaft.org\/fr\/author\/reutiadr\/"}]}},"_links":{"self":[{"href":"https:\/\/permakultur-landwirtschaft.org\/fr\/wp-json\/wp\/v2\/posts\/36010","targetHints":{"allow":["GET"]}}],"collection":[{"href":"https:\/\/permakultur-landwirtschaft.org\/fr\/wp-json\/wp\/v2\/posts"}],"about":[{"href":"https:\/\/permakultur-landwirtschaft.org\/fr\/wp-json\/wp\/v2\/types\/post"}],"author":[{"embeddable":true,"href":"https:\/\/permakultur-landwirtschaft.org\/fr\/wp-json\/wp\/v2\/users\/2"}],"replies":[{"embeddable":true,"href":"https:\/\/permakultur-landwirtschaft.org\/fr\/wp-json\/wp\/v2\/comments?post=36010"}],"version-history":[{"count":1,"href":"https:\/\/permakultur-landwirtschaft.org\/fr\/wp-json\/wp\/v2\/posts\/36010\/revisions"}],"predecessor-version":[{"id":36012,"href":"https:\/\/permakultur-landwirtschaft.org\/fr\/wp-json\/wp\/v2\/posts\/36010\/revisions\/36012"}],"wp:featuredmedia":[{"embeddable":true,"href":"https:\/\/permakultur-landwirtschaft.org\/fr\/wp-json\/wp\/v2\/media\/36011"}],"wp:attachment":[{"href":"https:\/\/permakultur-landwirtschaft.org\/fr\/wp-json\/wp\/v2\/media?parent=36010"}],"wp:term":[{"taxonomy":"category","embeddable":true,"href":"https:\/\/permakultur-landwirtschaft.org\/fr\/wp-json\/wp\/v2\/categories?post=36010"},{"taxonomy":"post_tag","embeddable":true,"href":"https:\/\/permakultur-landwirtschaft.org\/fr\/wp-json\/wp\/v2\/tags?post=36010"}],"curies":[{"name":"wp","href":"https:\/\/api.w.org\/{rel}","templated":true}]}}