{"id":35955,"date":"2025-03-17T09:28:37","date_gmt":"2025-03-17T08:28:37","guid":{"rendered":"https:\/\/permakultur-landwirtschaft.org\/?p=35955"},"modified":"2025-03-17T09:28:39","modified_gmt":"2025-03-17T08:28:39","slug":"vortrag-von-markus-schwegler-naturgut-katzhof-am-28-maerz-2025","status":"publish","type":"post","link":"https:\/\/permakultur-landwirtschaft.org\/fr\/vortrag-von-markus-schwegler-naturgut-katzhof-am-28-maerz-2025\/","title":{"rendered":"Vortrag von Markus Schwegler, NaturGut Katzhof am 28. M\u00e4rz 2025"},"content":{"rendered":"<p>Text von www.biovision.ch:<\/p>\n\n\n\n<p>Markus Schwegler und Claudia Meierhans bauen auf ihrem Familienbetrieb m\u00f6glichst viele Lebensmittel f\u00fcr die direkte menschliche Ern\u00e4hrung an. Neben der Viehhaltung mit sieben Mutterk\u00fchen produzieren sie Getreide und Gem\u00fcse und betreiben eine Imkerei. Dazu kommt eine grosse Portion Erfindergeist und Pionierhaftigkeit.<\/p>\n\n\n\n<p>Sie setzen auf eine autarke, ressourceneffiziente Landwirtschaft mit erneuerbarer Energie und ohne Pestizide, indem sie Ackerbau, Gem\u00fcseproduktion und Tierhaltung in einem geschlossenen Kreislauf verbinden. Durch die solidarische Landwirtschaft (SoLaWi) sichern sie sich finanzielle Stabilit\u00e4t, da Konsumierende mit einem Jahresabo frisches Gem\u00fcse erhalten und so den Hof unterst\u00fctzen.<\/p>\n\n\n\n<p>In einem \u00f6ffentlichen Vortrag gew\u00e4hrt Markus Schwegler einen exklusiven Einblick in den NaturGut Katzhof und stellt seinen Betrieb vor. Begleitet wird der Vortrag von Sabine Lerch mit Informationen zum Thema Agrar\u00f6kologie und den Leuchtturmprojekten von Biovision.<\/p>\n\n\n\n<p>Es ist keine Anmeldung erforderlich.<\/p>\n\n\n\n<h2 class=\"wp-block-heading\">Date<\/h2>\n\n\n\n<p>28. M\u00e4rz 2025, 19:30 Uhr<\/p>\n\n\n\n<h2 class=\"wp-block-heading\">Lieu<\/h2>\n\n\n\n<p>Kulturkeller Murhoferhaus<br>Dorfstrasse 16<br>3555 Trubschachen BE<\/p>\n\n\n\n<ol start=\"28\" class=\"wp-block-list\"><\/ol>\n\n\n\n<p><a href=\"https:\/\/www.biovision.ch\/veranstaltung\/vortrag-schwegler-meierhans-naturgut-katzhof\/\" target=\"_blank\" rel=\"noreferrer noopener\">Link zu mehr Infos<\/a><\/p>","protected":false},"excerpt":{"rendered":"<p>Text von www.biovision.ch: Markus Schwegler und Claudia Meierhans bauen auf ihrem Familienbetrieb m\u00f6glichst viele Lebensmittel f\u00fcr die direkte menschliche Ern\u00e4hrung an. Neben der Viehhaltung mit sieben Mutterk\u00fchen produzieren sie Getreide und Gem\u00fcse und betreiben eine Imkerei. Dazu kommt eine grosse Portion Erfindergeist und Pionierhaftigkeit. Sie setzen auf eine autarke, ressourceneffiziente Landwirtschaft mit erneuerbarer Energie und [&hellip;]<\/p>\n","protected":false},"author":2,"featured_media":35956,"comment_status":"closed","ping_status":"closed","sticky":false,"template":"","format":"standard","meta":{"_acf_changed":false,"site-sidebar-layout":"default","site-content-layout":"","ast-site-content-layout":"default","site-content-style":"default","site-sidebar-style":"default","ast-global-header-display":"","ast-banner-title-visibility":"","ast-main-header-display":"","ast-hfb-above-header-display":"","ast-hfb-below-header-display":"","ast-hfb-mobile-header-display":"","site-post-title":"","ast-breadcrumbs-content":"","ast-featured-img":"","footer-sml-layout":"","ast-disable-related-posts":"","theme-transparent-header-meta":"","adv-header-id-meta":"","stick-header-meta":"","header-above-stick-meta":"","header-main-stick-meta":"","header-below-stick-meta":"","astra-migrate-meta-layouts":"set","ast-page-background-enabled":"default","ast-page-background-meta":{"desktop":{"background-color":"var(--ast-global-color-4)","background-image":"","background-repeat":"repeat","background-position":"center center","background-size":"auto","background-attachment":"scroll","background-type":"","background-media":"","overlay-type":"","overlay-color":"","overlay-opacity":"","overlay-gradient":""},"tablet":{"background-color":"","background-image":"","background-repeat":"repeat","background-position":"center center","background-size":"auto","background-attachment":"scroll","background-type":"","background-media":"","overlay-type":"","overlay-color":"","overlay-opacity":"","overlay-gradient":""},"mobile":{"background-color":"","background-image":"","background-repeat":"repeat","background-position":"center center","background-size":"auto","background-attachment":"scroll","background-type":"","background-media":"","overlay-type":"","overlay-color":"","overlay-opacity":"","overlay-gradient":""}},"ast-content-background-meta":{"desktop":{"background-color":"var(--ast-global-color-5)","background-image":"","background-repeat":"repeat","background-position":"center center","background-size":"auto","background-attachment":"scroll","background-type":"","background-media":"","overlay-type":"","overlay-color":"","overlay-opacity":"","overlay-gradient":""},"tablet":{"background-color":"var(--ast-global-color-5)","background-image":"","background-repeat":"repeat","background-position":"center center","background-size":"auto","background-attachment":"scroll","background-type":"","background-media":"","overlay-type":"","overlay-color":"","overlay-opacity":"","overlay-gradient":""},"mobile":{"background-color":"var(--ast-global-color-5)","background-image":"","background-repeat":"repeat","background-position":"center center","background-size":"auto","background-attachment":"scroll","background-type":"","background-media":"","overlay-type":"","overlay-color":"","overlay-opacity":"","overlay-gradient":""}},"footnotes":""},"categories":[14],"tags":[91,90,614,469,615,106,167],"class_list":["post-35955","post","type-post","status-publish","format-standard","has-post-thumbnail","hentry","category-veranstaltung","tag-katzhof","tag-keyline","tag-kulturkeller-murhoferhaus","tag-markus-schwegler","tag-trubschachen","tag-vortrag","tag-wassermanagement"],"acf":[],"yoast_head":"<!-- This site is optimized with the Yoast SEO plugin v27.5 - https:\/\/yoast.com\/product\/yoast-seo-wordpress\/ -->\n<title>Vortrag von Markus Schwegler, NaturGut Katzhof am 28. M\u00e4rz 2025 - Permakultur-Landwirtschaft<\/title>\n<meta name=\"description\" content=\"In einem \u00f6ffentlichen Vortrag gew\u00e4hrt Markus Schwegler einen exklusiven Einblick in den NaturGut Katzhof und stellt seinen Betrieb vor.\" \/>\n<meta name=\"robots\" content=\"index, follow, max-snippet:-1, max-image-preview:large, max-video-preview:-1\" \/>\n<link rel=\"canonical\" href=\"https:\/\/permakultur-landwirtschaft.org\/fr\/vortrag-von-markus-schwegler-naturgut-katzhof-am-28-maerz-2025\/\" \/>\n<meta property=\"og:locale\" content=\"fr_FR\" \/>\n<meta property=\"og:type\" content=\"article\" \/>\n<meta property=\"og:title\" content=\"Vortrag von Markus Schwegler, NaturGut Katzhof am 28. M\u00e4rz 2025 - Permakultur-Landwirtschaft\" \/>\n<meta property=\"og:description\" content=\"In einem \u00f6ffentlichen Vortrag gew\u00e4hrt Markus Schwegler einen exklusiven Einblick in den NaturGut Katzhof und stellt seinen Betrieb vor.\" \/>\n<meta property=\"og:url\" content=\"https:\/\/permakultur-landwirtschaft.org\/fr\/vortrag-von-markus-schwegler-naturgut-katzhof-am-28-maerz-2025\/\" \/>\n<meta property=\"og:site_name\" content=\"Permakultur-Landwirtschaft\" \/>\n<meta property=\"article:publisher\" content=\"https:\/\/www.facebook.com\/PermakulturLandwirtschaft\" \/>\n<meta property=\"article:published_time\" content=\"2025-03-17T08:28:37+00:00\" \/>\n<meta property=\"article:modified_time\" content=\"2025-03-17T08:28:39+00:00\" \/>\n<meta property=\"og:image\" content=\"https:\/\/permakultur-landwirtschaft.org\/wp-content\/uploads\/2025\/03\/20250317_biovision_Screenshot-2025-02-13-103252.png\" \/>\n\t<meta property=\"og:image:width\" content=\"700\" \/>\n\t<meta property=\"og:image:height\" content=\"320\" \/>\n\t<meta property=\"og:image:type\" content=\"image\/png\" \/>\n<meta name=\"author\" content=\"adrian reutimann\" \/>\n<meta name=\"twitter:card\" content=\"summary_large_image\" \/>\n<meta name=\"twitter:label1\" content=\"\u00c9crit par\" \/>\n\t<meta name=\"twitter:data1\" content=\"adrian reutimann\" \/>\n\t<meta name=\"twitter:label2\" content=\"Dur\u00e9e de lecture estim\u00e9e\" \/>\n\t<meta name=\"twitter:data2\" content=\"2 minutes\" \/>\n<script type=\"application\/ld+json\" class=\"yoast-schema-graph\">{\"@context\":\"https:\\\/\\\/schema.org\",\"@graph\":[{\"@type\":\"Article\",\"@id\":\"https:\\\/\\\/permakultur-landwirtschaft.org\\\/vortrag-von-markus-schwegler-naturgut-katzhof-am-28-maerz-2025\\\/#article\",\"isPartOf\":{\"@id\":\"https:\\\/\\\/permakultur-landwirtschaft.org\\\/vortrag-von-markus-schwegler-naturgut-katzhof-am-28-maerz-2025\\\/\"},\"author\":{\"name\":\"adrian reutimann\",\"@id\":\"https:\\\/\\\/permakultur-landwirtschaft.org\\\/#\\\/schema\\\/person\\\/6b0467872f75aed3e144093f9bf4f0b0\"},\"headline\":\"Vortrag von Markus Schwegler, NaturGut Katzhof am 28. M\u00e4rz 2025\",\"datePublished\":\"2025-03-17T08:28:37+00:00\",\"dateModified\":\"2025-03-17T08:28:39+00:00\",\"mainEntityOfPage\":{\"@id\":\"https:\\\/\\\/permakultur-landwirtschaft.org\\\/vortrag-von-markus-schwegler-naturgut-katzhof-am-28-maerz-2025\\\/\"},\"wordCount\":167,\"publisher\":{\"@id\":\"https:\\\/\\\/permakultur-landwirtschaft.org\\\/#organization\"},\"image\":{\"@id\":\"https:\\\/\\\/permakultur-landwirtschaft.org\\\/vortrag-von-markus-schwegler-naturgut-katzhof-am-28-maerz-2025\\\/#primaryimage\"},\"thumbnailUrl\":\"https:\\\/\\\/permakultur-landwirtschaft.org\\\/wp-content\\\/uploads\\\/2025\\\/03\\\/20250317_biovision_Screenshot-2025-02-13-103252.png\",\"keywords\":[\"Katzhof\",\"Keyline\",\"Kulturkeller Murhoferhaus\",\"Markus Schwegler\",\"Trubschachen\",\"Vortrag\",\"Wassermanagement\"],\"articleSection\":[\"Veranstaltung\"],\"inLanguage\":\"fr-FR\"},{\"@type\":\"WebPage\",\"@id\":\"https:\\\/\\\/permakultur-landwirtschaft.org\\\/vortrag-von-markus-schwegler-naturgut-katzhof-am-28-maerz-2025\\\/\",\"url\":\"https:\\\/\\\/permakultur-landwirtschaft.org\\\/vortrag-von-markus-schwegler-naturgut-katzhof-am-28-maerz-2025\\\/\",\"name\":\"Vortrag von Markus Schwegler, NaturGut Katzhof am 28. M\u00e4rz 2025 - Permakultur-Landwirtschaft\",\"isPartOf\":{\"@id\":\"https:\\\/\\\/permakultur-landwirtschaft.org\\\/#website\"},\"primaryImageOfPage\":{\"@id\":\"https:\\\/\\\/permakultur-landwirtschaft.org\\\/vortrag-von-markus-schwegler-naturgut-katzhof-am-28-maerz-2025\\\/#primaryimage\"},\"image\":{\"@id\":\"https:\\\/\\\/permakultur-landwirtschaft.org\\\/vortrag-von-markus-schwegler-naturgut-katzhof-am-28-maerz-2025\\\/#primaryimage\"},\"thumbnailUrl\":\"https:\\\/\\\/permakultur-landwirtschaft.org\\\/wp-content\\\/uploads\\\/2025\\\/03\\\/20250317_biovision_Screenshot-2025-02-13-103252.png\",\"datePublished\":\"2025-03-17T08:28:37+00:00\",\"dateModified\":\"2025-03-17T08:28:39+00:00\",\"description\":\"In einem \u00f6ffentlichen Vortrag gew\u00e4hrt Markus Schwegler einen exklusiven Einblick in den NaturGut Katzhof und stellt seinen Betrieb vor.\",\"breadcrumb\":{\"@id\":\"https:\\\/\\\/permakultur-landwirtschaft.org\\\/vortrag-von-markus-schwegler-naturgut-katzhof-am-28-maerz-2025\\\/#breadcrumb\"},\"inLanguage\":\"fr-FR\",\"potentialAction\":[{\"@type\":\"ReadAction\",\"target\":[\"https:\\\/\\\/permakultur-landwirtschaft.org\\\/vortrag-von-markus-schwegler-naturgut-katzhof-am-28-maerz-2025\\\/\"]}]},{\"@type\":\"ImageObject\",\"inLanguage\":\"fr-FR\",\"@id\":\"https:\\\/\\\/permakultur-landwirtschaft.org\\\/vortrag-von-markus-schwegler-naturgut-katzhof-am-28-maerz-2025\\\/#primaryimage\",\"url\":\"https:\\\/\\\/permakultur-landwirtschaft.org\\\/wp-content\\\/uploads\\\/2025\\\/03\\\/20250317_biovision_Screenshot-2025-02-13-103252.png\",\"contentUrl\":\"https:\\\/\\\/permakultur-landwirtschaft.org\\\/wp-content\\\/uploads\\\/2025\\\/03\\\/20250317_biovision_Screenshot-2025-02-13-103252.png\",\"width\":700,\"height\":320,\"caption\":\"Bild: www.biovision.ch\"},{\"@type\":\"BreadcrumbList\",\"@id\":\"https:\\\/\\\/permakultur-landwirtschaft.org\\\/vortrag-von-markus-schwegler-naturgut-katzhof-am-28-maerz-2025\\\/#breadcrumb\",\"itemListElement\":[{\"@type\":\"ListItem\",\"position\":1,\"name\":\"Startseite\",\"item\":\"https:\\\/\\\/permakultur-landwirtschaft.org\\\/\"},{\"@type\":\"ListItem\",\"position\":2,\"name\":\"Vortrag von Markus Schwegler, NaturGut Katzhof am 28. M\u00e4rz 2025\"}]},{\"@type\":\"WebSite\",\"@id\":\"https:\\\/\\\/permakultur-landwirtschaft.org\\\/#website\",\"url\":\"https:\\\/\\\/permakultur-landwirtschaft.org\\\/\",\"name\":\"Permakultur-Landwirtschaft\",\"description\":\"F\u00f6rderung der Permakultur in der Landwirtschaft\",\"publisher\":{\"@id\":\"https:\\\/\\\/permakultur-landwirtschaft.org\\\/#organization\"},\"potentialAction\":[{\"@type\":\"SearchAction\",\"target\":{\"@type\":\"EntryPoint\",\"urlTemplate\":\"https:\\\/\\\/permakultur-landwirtschaft.org\\\/?s={search_term_string}\"},\"query-input\":{\"@type\":\"PropertyValueSpecification\",\"valueRequired\":true,\"valueName\":\"search_term_string\"}}],\"inLanguage\":\"fr-FR\"},{\"@type\":\"Organization\",\"@id\":\"https:\\\/\\\/permakultur-landwirtschaft.org\\\/#organization\",\"name\":\"Permakultur-Landwirtschaft\",\"alternateName\":\"Verein Permakultur-Landwirtschaft\",\"url\":\"https:\\\/\\\/permakultur-landwirtschaft.org\\\/\",\"logo\":{\"@type\":\"ImageObject\",\"inLanguage\":\"fr-FR\",\"@id\":\"https:\\\/\\\/permakultur-landwirtschaft.org\\\/#\\\/schema\\\/logo\\\/image\\\/\",\"url\":\"https:\\\/\\\/permakultur-landwirtschaft.org\\\/wp-content\\\/uploads\\\/2021\\\/11\\\/pela_1268x1269.png\",\"contentUrl\":\"https:\\\/\\\/permakultur-landwirtschaft.org\\\/wp-content\\\/uploads\\\/2021\\\/11\\\/pela_1268x1269.png\",\"width\":1298,\"height\":1269,\"caption\":\"Permakultur-Landwirtschaft\"},\"image\":{\"@id\":\"https:\\\/\\\/permakultur-landwirtschaft.org\\\/#\\\/schema\\\/logo\\\/image\\\/\"},\"sameAs\":[\"https:\\\/\\\/www.facebook.com\\\/PermakulturLandwirtschaft\",\"https:\\\/\\\/www.instagram.com\\\/permakultur_landwirtschaft\\\/\",\"https:\\\/\\\/www.flickr.com\\\/photos\\\/permakultur-landwirtschaft\",\"https:\\\/\\\/www.youtube.com\\\/@PermakulturLandwirtschaft\"]},{\"@type\":\"Person\",\"@id\":\"https:\\\/\\\/permakultur-landwirtschaft.org\\\/#\\\/schema\\\/person\\\/6b0467872f75aed3e144093f9bf4f0b0\",\"name\":\"adrian reutimann\",\"url\":\"https:\\\/\\\/permakultur-landwirtschaft.org\\\/fr\\\/author\\\/reutiadr\\\/\"}]}<\/script>\n<!-- \/ Yoast SEO plugin. -->","yoast_head_json":{"title":"Vortrag von Markus Schwegler, NaturGut Katzhof am 28. M\u00e4rz 2025 - Permakultur-Landwirtschaft","description":"In einem \u00f6ffentlichen Vortrag gew\u00e4hrt Markus Schwegler einen exklusiven Einblick in den NaturGut Katzhof und stellt seinen Betrieb vor.","robots":{"index":"index","follow":"follow","max-snippet":"max-snippet:-1","max-image-preview":"max-image-preview:large","max-video-preview":"max-video-preview:-1"},"canonical":"https:\/\/permakultur-landwirtschaft.org\/fr\/vortrag-von-markus-schwegler-naturgut-katzhof-am-28-maerz-2025\/","og_locale":"fr_FR","og_type":"article","og_title":"Vortrag von Markus Schwegler, NaturGut Katzhof am 28. M\u00e4rz 2025 - Permakultur-Landwirtschaft","og_description":"In einem \u00f6ffentlichen Vortrag gew\u00e4hrt Markus Schwegler einen exklusiven Einblick in den NaturGut Katzhof und stellt seinen Betrieb vor.","og_url":"https:\/\/permakultur-landwirtschaft.org\/fr\/vortrag-von-markus-schwegler-naturgut-katzhof-am-28-maerz-2025\/","og_site_name":"Permakultur-Landwirtschaft","article_publisher":"https:\/\/www.facebook.com\/PermakulturLandwirtschaft","article_published_time":"2025-03-17T08:28:37+00:00","article_modified_time":"2025-03-17T08:28:39+00:00","og_image":[{"width":700,"height":320,"url":"https:\/\/permakultur-landwirtschaft.org\/wp-content\/uploads\/2025\/03\/20250317_biovision_Screenshot-2025-02-13-103252.png","type":"image\/png"}],"author":"adrian reutimann","twitter_card":"summary_large_image","twitter_misc":{"\u00c9crit par":"adrian reutimann","Dur\u00e9e de lecture estim\u00e9e":"2 minutes"},"schema":{"@context":"https:\/\/schema.org","@graph":[{"@type":"Article","@id":"https:\/\/permakultur-landwirtschaft.org\/vortrag-von-markus-schwegler-naturgut-katzhof-am-28-maerz-2025\/#article","isPartOf":{"@id":"https:\/\/permakultur-landwirtschaft.org\/vortrag-von-markus-schwegler-naturgut-katzhof-am-28-maerz-2025\/"},"author":{"name":"adrian reutimann","@id":"https:\/\/permakultur-landwirtschaft.org\/#\/schema\/person\/6b0467872f75aed3e144093f9bf4f0b0"},"headline":"Vortrag von Markus Schwegler, NaturGut Katzhof am 28. M\u00e4rz 2025","datePublished":"2025-03-17T08:28:37+00:00","dateModified":"2025-03-17T08:28:39+00:00","mainEntityOfPage":{"@id":"https:\/\/permakultur-landwirtschaft.org\/vortrag-von-markus-schwegler-naturgut-katzhof-am-28-maerz-2025\/"},"wordCount":167,"publisher":{"@id":"https:\/\/permakultur-landwirtschaft.org\/#organization"},"image":{"@id":"https:\/\/permakultur-landwirtschaft.org\/vortrag-von-markus-schwegler-naturgut-katzhof-am-28-maerz-2025\/#primaryimage"},"thumbnailUrl":"https:\/\/permakultur-landwirtschaft.org\/wp-content\/uploads\/2025\/03\/20250317_biovision_Screenshot-2025-02-13-103252.png","keywords":["Katzhof","Keyline","Kulturkeller Murhoferhaus","Markus Schwegler","Trubschachen","Vortrag","Wassermanagement"],"articleSection":["Veranstaltung"],"inLanguage":"fr-FR"},{"@type":"WebPage","@id":"https:\/\/permakultur-landwirtschaft.org\/vortrag-von-markus-schwegler-naturgut-katzhof-am-28-maerz-2025\/","url":"https:\/\/permakultur-landwirtschaft.org\/vortrag-von-markus-schwegler-naturgut-katzhof-am-28-maerz-2025\/","name":"Vortrag von Markus Schwegler, NaturGut Katzhof am 28. M\u00e4rz 2025 - Permakultur-Landwirtschaft","isPartOf":{"@id":"https:\/\/permakultur-landwirtschaft.org\/#website"},"primaryImageOfPage":{"@id":"https:\/\/permakultur-landwirtschaft.org\/vortrag-von-markus-schwegler-naturgut-katzhof-am-28-maerz-2025\/#primaryimage"},"image":{"@id":"https:\/\/permakultur-landwirtschaft.org\/vortrag-von-markus-schwegler-naturgut-katzhof-am-28-maerz-2025\/#primaryimage"},"thumbnailUrl":"https:\/\/permakultur-landwirtschaft.org\/wp-content\/uploads\/2025\/03\/20250317_biovision_Screenshot-2025-02-13-103252.png","datePublished":"2025-03-17T08:28:37+00:00","dateModified":"2025-03-17T08:28:39+00:00","description":"In einem \u00f6ffentlichen Vortrag gew\u00e4hrt Markus Schwegler einen exklusiven Einblick in den NaturGut Katzhof und stellt seinen Betrieb vor.","breadcrumb":{"@id":"https:\/\/permakultur-landwirtschaft.org\/vortrag-von-markus-schwegler-naturgut-katzhof-am-28-maerz-2025\/#breadcrumb"},"inLanguage":"fr-FR","potentialAction":[{"@type":"ReadAction","target":["https:\/\/permakultur-landwirtschaft.org\/vortrag-von-markus-schwegler-naturgut-katzhof-am-28-maerz-2025\/"]}]},{"@type":"ImageObject","inLanguage":"fr-FR","@id":"https:\/\/permakultur-landwirtschaft.org\/vortrag-von-markus-schwegler-naturgut-katzhof-am-28-maerz-2025\/#primaryimage","url":"https:\/\/permakultur-landwirtschaft.org\/wp-content\/uploads\/2025\/03\/20250317_biovision_Screenshot-2025-02-13-103252.png","contentUrl":"https:\/\/permakultur-landwirtschaft.org\/wp-content\/uploads\/2025\/03\/20250317_biovision_Screenshot-2025-02-13-103252.png","width":700,"height":320,"caption":"Bild: www.biovision.ch"},{"@type":"BreadcrumbList","@id":"https:\/\/permakultur-landwirtschaft.org\/vortrag-von-markus-schwegler-naturgut-katzhof-am-28-maerz-2025\/#breadcrumb","itemListElement":[{"@type":"ListItem","position":1,"name":"Startseite","item":"https:\/\/permakultur-landwirtschaft.org\/"},{"@type":"ListItem","position":2,"name":"Vortrag von Markus Schwegler, NaturGut Katzhof am 28. M\u00e4rz 2025"}]},{"@type":"WebSite","@id":"https:\/\/permakultur-landwirtschaft.org\/#website","url":"https:\/\/permakultur-landwirtschaft.org\/","name":"Permakultur-Landwirtschaft","description":"F\u00f6rderung der Permakultur in der Landwirtschaft","publisher":{"@id":"https:\/\/permakultur-landwirtschaft.org\/#organization"},"potentialAction":[{"@type":"SearchAction","target":{"@type":"EntryPoint","urlTemplate":"https:\/\/permakultur-landwirtschaft.org\/?s={search_term_string}"},"query-input":{"@type":"PropertyValueSpecification","valueRequired":true,"valueName":"search_term_string"}}],"inLanguage":"fr-FR"},{"@type":"Organization","@id":"https:\/\/permakultur-landwirtschaft.org\/#organization","name":"Permakultur-Landwirtschaft","alternateName":"Verein Permakultur-Landwirtschaft","url":"https:\/\/permakultur-landwirtschaft.org\/","logo":{"@type":"ImageObject","inLanguage":"fr-FR","@id":"https:\/\/permakultur-landwirtschaft.org\/#\/schema\/logo\/image\/","url":"https:\/\/permakultur-landwirtschaft.org\/wp-content\/uploads\/2021\/11\/pela_1268x1269.png","contentUrl":"https:\/\/permakultur-landwirtschaft.org\/wp-content\/uploads\/2021\/11\/pela_1268x1269.png","width":1298,"height":1269,"caption":"Permakultur-Landwirtschaft"},"image":{"@id":"https:\/\/permakultur-landwirtschaft.org\/#\/schema\/logo\/image\/"},"sameAs":["https:\/\/www.facebook.com\/PermakulturLandwirtschaft","https:\/\/www.instagram.com\/permakultur_landwirtschaft\/","https:\/\/www.flickr.com\/photos\/permakultur-landwirtschaft","https:\/\/www.youtube.com\/@PermakulturLandwirtschaft"]},{"@type":"Person","@id":"https:\/\/permakultur-landwirtschaft.org\/#\/schema\/person\/6b0467872f75aed3e144093f9bf4f0b0","name":"adrian reutimann","url":"https:\/\/permakultur-landwirtschaft.org\/fr\/author\/reutiadr\/"}]}},"_links":{"self":[{"href":"https:\/\/permakultur-landwirtschaft.org\/fr\/wp-json\/wp\/v2\/posts\/35955","targetHints":{"allow":["GET"]}}],"collection":[{"href":"https:\/\/permakultur-landwirtschaft.org\/fr\/wp-json\/wp\/v2\/posts"}],"about":[{"href":"https:\/\/permakultur-landwirtschaft.org\/fr\/wp-json\/wp\/v2\/types\/post"}],"author":[{"embeddable":true,"href":"https:\/\/permakultur-landwirtschaft.org\/fr\/wp-json\/wp\/v2\/users\/2"}],"replies":[{"embeddable":true,"href":"https:\/\/permakultur-landwirtschaft.org\/fr\/wp-json\/wp\/v2\/comments?post=35955"}],"version-history":[{"count":1,"href":"https:\/\/permakultur-landwirtschaft.org\/fr\/wp-json\/wp\/v2\/posts\/35955\/revisions"}],"predecessor-version":[{"id":35957,"href":"https:\/\/permakultur-landwirtschaft.org\/fr\/wp-json\/wp\/v2\/posts\/35955\/revisions\/35957"}],"wp:featuredmedia":[{"embeddable":true,"href":"https:\/\/permakultur-landwirtschaft.org\/fr\/wp-json\/wp\/v2\/media\/35956"}],"wp:attachment":[{"href":"https:\/\/permakultur-landwirtschaft.org\/fr\/wp-json\/wp\/v2\/media?parent=35955"}],"wp:term":[{"taxonomy":"category","embeddable":true,"href":"https:\/\/permakultur-landwirtschaft.org\/fr\/wp-json\/wp\/v2\/categories?post=35955"},{"taxonomy":"post_tag","embeddable":true,"href":"https:\/\/permakultur-landwirtschaft.org\/fr\/wp-json\/wp\/v2\/tags?post=35955"}],"curies":[{"name":"wp","href":"https:\/\/api.w.org\/{rel}","templated":true}]}}