{"id":35872,"date":"2025-02-18T11:46:00","date_gmt":"2025-02-18T10:46:00","guid":{"rendered":"https:\/\/permakultur-landwirtschaft.org\/?p=35872"},"modified":"2025-03-03T11:51:09","modified_gmt":"2025-03-03T10:51:09","slug":"es-geht-darum-die-hydrologische-dynamik-zu-ueberdenken-beitrag-vom-18-februar-2025","status":"publish","type":"post","link":"https:\/\/permakultur-landwirtschaft.org\/fr\/es-geht-darum-die-hydrologische-dynamik-zu-ueberdenken-beitrag-vom-18-februar-2025\/","title":{"rendered":"Es geht darum, die hydrologische Dynamik zu \u00fcberdenken &#8211; Beitrag vom 18. Februar 2025"},"content":{"rendered":"<p>Text von bioaktuell.ch:<\/p>\n\n\n\n<p><strong>Der Franzose Alain Malard ist Spezialist f\u00fcr Permakultur im Rebbau. Er propagiert die Prinzipien der regenerativen Hydrologie, die darauf abzielen, das Wasser besser zu verteilen.<\/strong><\/p>\n\n\n\n<p>Erdrutsche durch Extremniederschl\u00e4ge, schwindende Wasserreserven durch D\u00fcrreperioden: Die globale Erw\u00e4rmung stellt Reben sowie Winzerinnen und Winzer auf eine harte Probe. Wie k\u00f6nnen sie sich anpassen?<\/p>\n\n\n\n<p>Alain Malard: Historisch gesehen hat man immer versucht, das Wasser zu kanalisieren und abzuleiten. Bei regelm\u00e4ssigen und nicht zu starken Niederschl\u00e4gen funktionierte dieses System. Nun reichen Drainagen, Terrassen und andere Vorkehrungen nicht mehr aus, um das \u00fcbersch\u00fcssige Wasser bei Starkregen abzuleiten. Unbewachsene, verdichtete B\u00f6den machen die Sache nicht besser. Genauso wie Pflanzungen in geraden Reihen, die zum Abfluss des Wassers und zu Rinnenbildung f\u00fchren. Die L\u00f6sung besteht darin, das Wasser dort aufzufangen, wo es sich auf nat\u00fcrliche Weise ansammelt, und es entlang der H\u00f6henlinien zu verteilen \u2013 Stichwort Keyline-Design. Das ist die Grundlage der Permakultur.<\/p>\n\n\n\n<p><a href=\"https:\/\/www.bioaktuell.ch\/aktuell\/meldung\/es-geht-darum-die-hydrologische-dynamik-zu-ueberdenken\" target=\"_blank\" rel=\"noreferrer noopener\">Lien vers l'article complet<\/a><\/p>","protected":false},"excerpt":{"rendered":"<p>Text von bioaktuell.ch: Der Franzose Alain Malard ist Spezialist f\u00fcr Permakultur im Rebbau. Er propagiert die Prinzipien der regenerativen Hydrologie, die darauf abzielen, das Wasser besser zu verteilen. Erdrutsche durch Extremniederschl\u00e4ge, schwindende Wasserreserven durch D\u00fcrreperioden: Die globale Erw\u00e4rmung stellt Reben sowie Winzerinnen und Winzer auf eine harte Probe. Wie k\u00f6nnen sie sich anpassen? Alain Malard: [&hellip;]<\/p>\n","protected":false},"author":2,"featured_media":35873,"comment_status":"closed","ping_status":"closed","sticky":false,"template":"","format":"standard","meta":{"_acf_changed":false,"site-sidebar-layout":"default","site-content-layout":"","ast-site-content-layout":"default","site-content-style":"default","site-sidebar-style":"default","ast-global-header-display":"","ast-banner-title-visibility":"","ast-main-header-display":"","ast-hfb-above-header-display":"","ast-hfb-below-header-display":"","ast-hfb-mobile-header-display":"","site-post-title":"","ast-breadcrumbs-content":"","ast-featured-img":"","footer-sml-layout":"","ast-disable-related-posts":"","theme-transparent-header-meta":"","adv-header-id-meta":"","stick-header-meta":"","header-above-stick-meta":"","header-main-stick-meta":"","header-below-stick-meta":"","astra-migrate-meta-layouts":"set","ast-page-background-enabled":"default","ast-page-background-meta":{"desktop":{"background-color":"var(--ast-global-color-4)","background-image":"","background-repeat":"repeat","background-position":"center center","background-size":"auto","background-attachment":"scroll","background-type":"","background-media":"","overlay-type":"","overlay-color":"","overlay-opacity":"","overlay-gradient":""},"tablet":{"background-color":"","background-image":"","background-repeat":"repeat","background-position":"center center","background-size":"auto","background-attachment":"scroll","background-type":"","background-media":"","overlay-type":"","overlay-color":"","overlay-opacity":"","overlay-gradient":""},"mobile":{"background-color":"","background-image":"","background-repeat":"repeat","background-position":"center center","background-size":"auto","background-attachment":"scroll","background-type":"","background-media":"","overlay-type":"","overlay-color":"","overlay-opacity":"","overlay-gradient":""}},"ast-content-background-meta":{"desktop":{"background-color":"var(--ast-global-color-5)","background-image":"","background-repeat":"repeat","background-position":"center center","background-size":"auto","background-attachment":"scroll","background-type":"","background-media":"","overlay-type":"","overlay-color":"","overlay-opacity":"","overlay-gradient":""},"tablet":{"background-color":"var(--ast-global-color-5)","background-image":"","background-repeat":"repeat","background-position":"center center","background-size":"auto","background-attachment":"scroll","background-type":"","background-media":"","overlay-type":"","overlay-color":"","overlay-opacity":"","overlay-gradient":""},"mobile":{"background-color":"var(--ast-global-color-5)","background-image":"","background-repeat":"repeat","background-position":"center center","background-size":"auto","background-attachment":"scroll","background-type":"","background-media":"","overlay-type":"","overlay-color":"","overlay-opacity":"","overlay-gradient":""}},"footnotes":""},"categories":[22],"tags":[605,168,142,602,17,603,604],"class_list":["post-35872","post","type-post","status-publish","format-standard","has-post-thumbnail","hentry","category-neuigkeit","tag-alain-malard","tag-bioaktuell","tag-fibl","tag-hydrologische-dynamik","tag-permakultur","tag-rebbau","tag-weinberge"],"acf":[],"yoast_head":"<!-- This site is optimized with the Yoast SEO plugin v27.5 - https:\/\/yoast.com\/product\/yoast-seo-wordpress\/ -->\n<title>Es geht darum, die hydrologische Dynamik zu \u00fcberdenken - Beitrag vom 18. Februar 2025 - Permakultur-Landwirtschaft<\/title>\n<meta name=\"description\" content=\"Der Franzose Alain Malard, Spezialist f\u00fcr Permakultur im Rebbau, propagiert die Prinzipien der regenerativen Hydrologie.\" \/>\n<meta name=\"robots\" content=\"index, follow, max-snippet:-1, max-image-preview:large, max-video-preview:-1\" \/>\n<link rel=\"canonical\" href=\"https:\/\/permakultur-landwirtschaft.org\/fr\/es-geht-darum-die-hydrologische-dynamik-zu-ueberdenken-beitrag-vom-18-februar-2025\/\" \/>\n<meta property=\"og:locale\" content=\"fr_FR\" \/>\n<meta property=\"og:type\" content=\"article\" \/>\n<meta property=\"og:title\" content=\"Es geht darum, die hydrologische Dynamik zu \u00fcberdenken - Beitrag vom 18. Februar 2025 - Permakultur-Landwirtschaft\" \/>\n<meta property=\"og:description\" content=\"Der Franzose Alain Malard, Spezialist f\u00fcr Permakultur im Rebbau, propagiert die Prinzipien der regenerativen Hydrologie.\" \/>\n<meta property=\"og:url\" content=\"https:\/\/permakultur-landwirtschaft.org\/fr\/es-geht-darum-die-hydrologische-dynamik-zu-ueberdenken-beitrag-vom-18-februar-2025\/\" \/>\n<meta property=\"og:site_name\" content=\"Permakultur-Landwirtschaft\" \/>\n<meta property=\"article:publisher\" content=\"https:\/\/www.facebook.com\/PermakulturLandwirtschaft\" \/>\n<meta property=\"article:published_time\" content=\"2025-02-18T10:46:00+00:00\" \/>\n<meta property=\"article:modified_time\" content=\"2025-03-03T10:51:09+00:00\" \/>\n<meta property=\"og:image\" content=\"https:\/\/permakultur-landwirtschaft.org\/wp-content\/uploads\/2025\/03\/202502_weinberg_hydrologie_csm_malard1_1000_5071b34c95.jpg\" \/>\n\t<meta property=\"og:image:width\" content=\"700\" \/>\n\t<meta property=\"og:image:height\" content=\"525\" \/>\n\t<meta property=\"og:image:type\" content=\"image\/jpeg\" \/>\n<meta name=\"author\" content=\"adrian reutimann\" \/>\n<meta name=\"twitter:card\" content=\"summary_large_image\" \/>\n<meta name=\"twitter:label1\" content=\"\u00c9crit par\" \/>\n\t<meta name=\"twitter:data1\" content=\"adrian reutimann\" \/>\n\t<meta name=\"twitter:label2\" content=\"Dur\u00e9e de lecture estim\u00e9e\" \/>\n\t<meta name=\"twitter:data2\" content=\"2 minutes\" \/>\n<script type=\"application\/ld+json\" class=\"yoast-schema-graph\">{\"@context\":\"https:\\\/\\\/schema.org\",\"@graph\":[{\"@type\":\"Article\",\"@id\":\"https:\\\/\\\/permakultur-landwirtschaft.org\\\/es-geht-darum-die-hydrologische-dynamik-zu-ueberdenken-beitrag-vom-18-februar-2025\\\/#article\",\"isPartOf\":{\"@id\":\"https:\\\/\\\/permakultur-landwirtschaft.org\\\/es-geht-darum-die-hydrologische-dynamik-zu-ueberdenken-beitrag-vom-18-februar-2025\\\/\"},\"author\":{\"name\":\"adrian reutimann\",\"@id\":\"https:\\\/\\\/permakultur-landwirtschaft.org\\\/#\\\/schema\\\/person\\\/6b0467872f75aed3e144093f9bf4f0b0\"},\"headline\":\"Es geht darum, die hydrologische Dynamik zu \u00fcberdenken &#8211; Beitrag vom 18. Februar 2025\",\"datePublished\":\"2025-02-18T10:46:00+00:00\",\"dateModified\":\"2025-03-03T10:51:09+00:00\",\"mainEntityOfPage\":{\"@id\":\"https:\\\/\\\/permakultur-landwirtschaft.org\\\/es-geht-darum-die-hydrologische-dynamik-zu-ueberdenken-beitrag-vom-18-februar-2025\\\/\"},\"wordCount\":177,\"publisher\":{\"@id\":\"https:\\\/\\\/permakultur-landwirtschaft.org\\\/#organization\"},\"image\":{\"@id\":\"https:\\\/\\\/permakultur-landwirtschaft.org\\\/es-geht-darum-die-hydrologische-dynamik-zu-ueberdenken-beitrag-vom-18-februar-2025\\\/#primaryimage\"},\"thumbnailUrl\":\"https:\\\/\\\/permakultur-landwirtschaft.org\\\/wp-content\\\/uploads\\\/2025\\\/03\\\/202502_weinberg_hydrologie_csm_malard1_1000_5071b34c95.jpg\",\"keywords\":[\"Alain Malard\",\"BioAktuell\",\"FiBL\",\"Hydrologische Dynamik\",\"Permakultur\",\"Rebbau\",\"Weinberge\"],\"articleSection\":[\"Neuigkeit\"],\"inLanguage\":\"fr-FR\"},{\"@type\":\"WebPage\",\"@id\":\"https:\\\/\\\/permakultur-landwirtschaft.org\\\/es-geht-darum-die-hydrologische-dynamik-zu-ueberdenken-beitrag-vom-18-februar-2025\\\/\",\"url\":\"https:\\\/\\\/permakultur-landwirtschaft.org\\\/es-geht-darum-die-hydrologische-dynamik-zu-ueberdenken-beitrag-vom-18-februar-2025\\\/\",\"name\":\"Es geht darum, die hydrologische Dynamik zu \u00fcberdenken - Beitrag vom 18. Februar 2025 - Permakultur-Landwirtschaft\",\"isPartOf\":{\"@id\":\"https:\\\/\\\/permakultur-landwirtschaft.org\\\/#website\"},\"primaryImageOfPage\":{\"@id\":\"https:\\\/\\\/permakultur-landwirtschaft.org\\\/es-geht-darum-die-hydrologische-dynamik-zu-ueberdenken-beitrag-vom-18-februar-2025\\\/#primaryimage\"},\"image\":{\"@id\":\"https:\\\/\\\/permakultur-landwirtschaft.org\\\/es-geht-darum-die-hydrologische-dynamik-zu-ueberdenken-beitrag-vom-18-februar-2025\\\/#primaryimage\"},\"thumbnailUrl\":\"https:\\\/\\\/permakultur-landwirtschaft.org\\\/wp-content\\\/uploads\\\/2025\\\/03\\\/202502_weinberg_hydrologie_csm_malard1_1000_5071b34c95.jpg\",\"datePublished\":\"2025-02-18T10:46:00+00:00\",\"dateModified\":\"2025-03-03T10:51:09+00:00\",\"description\":\"Der Franzose Alain Malard, Spezialist f\u00fcr Permakultur im Rebbau, propagiert die Prinzipien der regenerativen Hydrologie.\",\"breadcrumb\":{\"@id\":\"https:\\\/\\\/permakultur-landwirtschaft.org\\\/es-geht-darum-die-hydrologische-dynamik-zu-ueberdenken-beitrag-vom-18-februar-2025\\\/#breadcrumb\"},\"inLanguage\":\"fr-FR\",\"potentialAction\":[{\"@type\":\"ReadAction\",\"target\":[\"https:\\\/\\\/permakultur-landwirtschaft.org\\\/es-geht-darum-die-hydrologische-dynamik-zu-ueberdenken-beitrag-vom-18-februar-2025\\\/\"]}]},{\"@type\":\"ImageObject\",\"inLanguage\":\"fr-FR\",\"@id\":\"https:\\\/\\\/permakultur-landwirtschaft.org\\\/es-geht-darum-die-hydrologische-dynamik-zu-ueberdenken-beitrag-vom-18-februar-2025\\\/#primaryimage\",\"url\":\"https:\\\/\\\/permakultur-landwirtschaft.org\\\/wp-content\\\/uploads\\\/2025\\\/03\\\/202502_weinberg_hydrologie_csm_malard1_1000_5071b34c95.jpg\",\"contentUrl\":\"https:\\\/\\\/permakultur-landwirtschaft.org\\\/wp-content\\\/uploads\\\/2025\\\/03\\\/202502_weinberg_hydrologie_csm_malard1_1000_5071b34c95.jpg\",\"width\":700,\"height\":525,\"caption\":\"Bild: Alain Malard\"},{\"@type\":\"BreadcrumbList\",\"@id\":\"https:\\\/\\\/permakultur-landwirtschaft.org\\\/es-geht-darum-die-hydrologische-dynamik-zu-ueberdenken-beitrag-vom-18-februar-2025\\\/#breadcrumb\",\"itemListElement\":[{\"@type\":\"ListItem\",\"position\":1,\"name\":\"Startseite\",\"item\":\"https:\\\/\\\/permakultur-landwirtschaft.org\\\/\"},{\"@type\":\"ListItem\",\"position\":2,\"name\":\"Es geht darum, die hydrologische Dynamik zu \u00fcberdenken &#8211; Beitrag vom 18. Februar 2025\"}]},{\"@type\":\"WebSite\",\"@id\":\"https:\\\/\\\/permakultur-landwirtschaft.org\\\/#website\",\"url\":\"https:\\\/\\\/permakultur-landwirtschaft.org\\\/\",\"name\":\"Permakultur-Landwirtschaft\",\"description\":\"F\u00f6rderung der Permakultur in der Landwirtschaft\",\"publisher\":{\"@id\":\"https:\\\/\\\/permakultur-landwirtschaft.org\\\/#organization\"},\"potentialAction\":[{\"@type\":\"SearchAction\",\"target\":{\"@type\":\"EntryPoint\",\"urlTemplate\":\"https:\\\/\\\/permakultur-landwirtschaft.org\\\/?s={search_term_string}\"},\"query-input\":{\"@type\":\"PropertyValueSpecification\",\"valueRequired\":true,\"valueName\":\"search_term_string\"}}],\"inLanguage\":\"fr-FR\"},{\"@type\":\"Organization\",\"@id\":\"https:\\\/\\\/permakultur-landwirtschaft.org\\\/#organization\",\"name\":\"Permakultur-Landwirtschaft\",\"alternateName\":\"Verein Permakultur-Landwirtschaft\",\"url\":\"https:\\\/\\\/permakultur-landwirtschaft.org\\\/\",\"logo\":{\"@type\":\"ImageObject\",\"inLanguage\":\"fr-FR\",\"@id\":\"https:\\\/\\\/permakultur-landwirtschaft.org\\\/#\\\/schema\\\/logo\\\/image\\\/\",\"url\":\"https:\\\/\\\/permakultur-landwirtschaft.org\\\/wp-content\\\/uploads\\\/2021\\\/11\\\/pela_1268x1269.png\",\"contentUrl\":\"https:\\\/\\\/permakultur-landwirtschaft.org\\\/wp-content\\\/uploads\\\/2021\\\/11\\\/pela_1268x1269.png\",\"width\":1298,\"height\":1269,\"caption\":\"Permakultur-Landwirtschaft\"},\"image\":{\"@id\":\"https:\\\/\\\/permakultur-landwirtschaft.org\\\/#\\\/schema\\\/logo\\\/image\\\/\"},\"sameAs\":[\"https:\\\/\\\/www.facebook.com\\\/PermakulturLandwirtschaft\",\"https:\\\/\\\/www.instagram.com\\\/permakultur_landwirtschaft\\\/\",\"https:\\\/\\\/www.flickr.com\\\/photos\\\/permakultur-landwirtschaft\",\"https:\\\/\\\/www.youtube.com\\\/@PermakulturLandwirtschaft\"]},{\"@type\":\"Person\",\"@id\":\"https:\\\/\\\/permakultur-landwirtschaft.org\\\/#\\\/schema\\\/person\\\/6b0467872f75aed3e144093f9bf4f0b0\",\"name\":\"adrian reutimann\",\"url\":\"https:\\\/\\\/permakultur-landwirtschaft.org\\\/fr\\\/author\\\/reutiadr\\\/\"}]}<\/script>\n<!-- \/ Yoast SEO plugin. -->","yoast_head_json":{"title":"Es geht darum, die hydrologische Dynamik zu \u00fcberdenken - Beitrag vom 18. Februar 2025 - Permakultur-Landwirtschaft","description":"Der Franzose Alain Malard, Spezialist f\u00fcr Permakultur im Rebbau, propagiert die Prinzipien der regenerativen Hydrologie.","robots":{"index":"index","follow":"follow","max-snippet":"max-snippet:-1","max-image-preview":"max-image-preview:large","max-video-preview":"max-video-preview:-1"},"canonical":"https:\/\/permakultur-landwirtschaft.org\/fr\/es-geht-darum-die-hydrologische-dynamik-zu-ueberdenken-beitrag-vom-18-februar-2025\/","og_locale":"fr_FR","og_type":"article","og_title":"Es geht darum, die hydrologische Dynamik zu \u00fcberdenken - Beitrag vom 18. Februar 2025 - Permakultur-Landwirtschaft","og_description":"Der Franzose Alain Malard, Spezialist f\u00fcr Permakultur im Rebbau, propagiert die Prinzipien der regenerativen Hydrologie.","og_url":"https:\/\/permakultur-landwirtschaft.org\/fr\/es-geht-darum-die-hydrologische-dynamik-zu-ueberdenken-beitrag-vom-18-februar-2025\/","og_site_name":"Permakultur-Landwirtschaft","article_publisher":"https:\/\/www.facebook.com\/PermakulturLandwirtschaft","article_published_time":"2025-02-18T10:46:00+00:00","article_modified_time":"2025-03-03T10:51:09+00:00","og_image":[{"width":700,"height":525,"url":"https:\/\/permakultur-landwirtschaft.org\/wp-content\/uploads\/2025\/03\/202502_weinberg_hydrologie_csm_malard1_1000_5071b34c95.jpg","type":"image\/jpeg"}],"author":"adrian reutimann","twitter_card":"summary_large_image","twitter_misc":{"\u00c9crit par":"adrian reutimann","Dur\u00e9e de lecture estim\u00e9e":"2 minutes"},"schema":{"@context":"https:\/\/schema.org","@graph":[{"@type":"Article","@id":"https:\/\/permakultur-landwirtschaft.org\/es-geht-darum-die-hydrologische-dynamik-zu-ueberdenken-beitrag-vom-18-februar-2025\/#article","isPartOf":{"@id":"https:\/\/permakultur-landwirtschaft.org\/es-geht-darum-die-hydrologische-dynamik-zu-ueberdenken-beitrag-vom-18-februar-2025\/"},"author":{"name":"adrian reutimann","@id":"https:\/\/permakultur-landwirtschaft.org\/#\/schema\/person\/6b0467872f75aed3e144093f9bf4f0b0"},"headline":"Es geht darum, die hydrologische Dynamik zu \u00fcberdenken &#8211; Beitrag vom 18. Februar 2025","datePublished":"2025-02-18T10:46:00+00:00","dateModified":"2025-03-03T10:51:09+00:00","mainEntityOfPage":{"@id":"https:\/\/permakultur-landwirtschaft.org\/es-geht-darum-die-hydrologische-dynamik-zu-ueberdenken-beitrag-vom-18-februar-2025\/"},"wordCount":177,"publisher":{"@id":"https:\/\/permakultur-landwirtschaft.org\/#organization"},"image":{"@id":"https:\/\/permakultur-landwirtschaft.org\/es-geht-darum-die-hydrologische-dynamik-zu-ueberdenken-beitrag-vom-18-februar-2025\/#primaryimage"},"thumbnailUrl":"https:\/\/permakultur-landwirtschaft.org\/wp-content\/uploads\/2025\/03\/202502_weinberg_hydrologie_csm_malard1_1000_5071b34c95.jpg","keywords":["Alain Malard","BioAktuell","FiBL","Hydrologische Dynamik","Permakultur","Rebbau","Weinberge"],"articleSection":["Neuigkeit"],"inLanguage":"fr-FR"},{"@type":"WebPage","@id":"https:\/\/permakultur-landwirtschaft.org\/es-geht-darum-die-hydrologische-dynamik-zu-ueberdenken-beitrag-vom-18-februar-2025\/","url":"https:\/\/permakultur-landwirtschaft.org\/es-geht-darum-die-hydrologische-dynamik-zu-ueberdenken-beitrag-vom-18-februar-2025\/","name":"Es geht darum, die hydrologische Dynamik zu \u00fcberdenken - Beitrag vom 18. Februar 2025 - Permakultur-Landwirtschaft","isPartOf":{"@id":"https:\/\/permakultur-landwirtschaft.org\/#website"},"primaryImageOfPage":{"@id":"https:\/\/permakultur-landwirtschaft.org\/es-geht-darum-die-hydrologische-dynamik-zu-ueberdenken-beitrag-vom-18-februar-2025\/#primaryimage"},"image":{"@id":"https:\/\/permakultur-landwirtschaft.org\/es-geht-darum-die-hydrologische-dynamik-zu-ueberdenken-beitrag-vom-18-februar-2025\/#primaryimage"},"thumbnailUrl":"https:\/\/permakultur-landwirtschaft.org\/wp-content\/uploads\/2025\/03\/202502_weinberg_hydrologie_csm_malard1_1000_5071b34c95.jpg","datePublished":"2025-02-18T10:46:00+00:00","dateModified":"2025-03-03T10:51:09+00:00","description":"Der Franzose Alain Malard, Spezialist f\u00fcr Permakultur im Rebbau, propagiert die Prinzipien der regenerativen Hydrologie.","breadcrumb":{"@id":"https:\/\/permakultur-landwirtschaft.org\/es-geht-darum-die-hydrologische-dynamik-zu-ueberdenken-beitrag-vom-18-februar-2025\/#breadcrumb"},"inLanguage":"fr-FR","potentialAction":[{"@type":"ReadAction","target":["https:\/\/permakultur-landwirtschaft.org\/es-geht-darum-die-hydrologische-dynamik-zu-ueberdenken-beitrag-vom-18-februar-2025\/"]}]},{"@type":"ImageObject","inLanguage":"fr-FR","@id":"https:\/\/permakultur-landwirtschaft.org\/es-geht-darum-die-hydrologische-dynamik-zu-ueberdenken-beitrag-vom-18-februar-2025\/#primaryimage","url":"https:\/\/permakultur-landwirtschaft.org\/wp-content\/uploads\/2025\/03\/202502_weinberg_hydrologie_csm_malard1_1000_5071b34c95.jpg","contentUrl":"https:\/\/permakultur-landwirtschaft.org\/wp-content\/uploads\/2025\/03\/202502_weinberg_hydrologie_csm_malard1_1000_5071b34c95.jpg","width":700,"height":525,"caption":"Bild: Alain Malard"},{"@type":"BreadcrumbList","@id":"https:\/\/permakultur-landwirtschaft.org\/es-geht-darum-die-hydrologische-dynamik-zu-ueberdenken-beitrag-vom-18-februar-2025\/#breadcrumb","itemListElement":[{"@type":"ListItem","position":1,"name":"Startseite","item":"https:\/\/permakultur-landwirtschaft.org\/"},{"@type":"ListItem","position":2,"name":"Es geht darum, die hydrologische Dynamik zu \u00fcberdenken &#8211; Beitrag vom 18. Februar 2025"}]},{"@type":"WebSite","@id":"https:\/\/permakultur-landwirtschaft.org\/#website","url":"https:\/\/permakultur-landwirtschaft.org\/","name":"Permakultur-Landwirtschaft","description":"F\u00f6rderung der Permakultur in der Landwirtschaft","publisher":{"@id":"https:\/\/permakultur-landwirtschaft.org\/#organization"},"potentialAction":[{"@type":"SearchAction","target":{"@type":"EntryPoint","urlTemplate":"https:\/\/permakultur-landwirtschaft.org\/?s={search_term_string}"},"query-input":{"@type":"PropertyValueSpecification","valueRequired":true,"valueName":"search_term_string"}}],"inLanguage":"fr-FR"},{"@type":"Organization","@id":"https:\/\/permakultur-landwirtschaft.org\/#organization","name":"Permakultur-Landwirtschaft","alternateName":"Verein Permakultur-Landwirtschaft","url":"https:\/\/permakultur-landwirtschaft.org\/","logo":{"@type":"ImageObject","inLanguage":"fr-FR","@id":"https:\/\/permakultur-landwirtschaft.org\/#\/schema\/logo\/image\/","url":"https:\/\/permakultur-landwirtschaft.org\/wp-content\/uploads\/2021\/11\/pela_1268x1269.png","contentUrl":"https:\/\/permakultur-landwirtschaft.org\/wp-content\/uploads\/2021\/11\/pela_1268x1269.png","width":1298,"height":1269,"caption":"Permakultur-Landwirtschaft"},"image":{"@id":"https:\/\/permakultur-landwirtschaft.org\/#\/schema\/logo\/image\/"},"sameAs":["https:\/\/www.facebook.com\/PermakulturLandwirtschaft","https:\/\/www.instagram.com\/permakultur_landwirtschaft\/","https:\/\/www.flickr.com\/photos\/permakultur-landwirtschaft","https:\/\/www.youtube.com\/@PermakulturLandwirtschaft"]},{"@type":"Person","@id":"https:\/\/permakultur-landwirtschaft.org\/#\/schema\/person\/6b0467872f75aed3e144093f9bf4f0b0","name":"adrian reutimann","url":"https:\/\/permakultur-landwirtschaft.org\/fr\/author\/reutiadr\/"}]}},"_links":{"self":[{"href":"https:\/\/permakultur-landwirtschaft.org\/fr\/wp-json\/wp\/v2\/posts\/35872","targetHints":{"allow":["GET"]}}],"collection":[{"href":"https:\/\/permakultur-landwirtschaft.org\/fr\/wp-json\/wp\/v2\/posts"}],"about":[{"href":"https:\/\/permakultur-landwirtschaft.org\/fr\/wp-json\/wp\/v2\/types\/post"}],"author":[{"embeddable":true,"href":"https:\/\/permakultur-landwirtschaft.org\/fr\/wp-json\/wp\/v2\/users\/2"}],"replies":[{"embeddable":true,"href":"https:\/\/permakultur-landwirtschaft.org\/fr\/wp-json\/wp\/v2\/comments?post=35872"}],"version-history":[{"count":1,"href":"https:\/\/permakultur-landwirtschaft.org\/fr\/wp-json\/wp\/v2\/posts\/35872\/revisions"}],"predecessor-version":[{"id":35874,"href":"https:\/\/permakultur-landwirtschaft.org\/fr\/wp-json\/wp\/v2\/posts\/35872\/revisions\/35874"}],"wp:featuredmedia":[{"embeddable":true,"href":"https:\/\/permakultur-landwirtschaft.org\/fr\/wp-json\/wp\/v2\/media\/35873"}],"wp:attachment":[{"href":"https:\/\/permakultur-landwirtschaft.org\/fr\/wp-json\/wp\/v2\/media?parent=35872"}],"wp:term":[{"taxonomy":"category","embeddable":true,"href":"https:\/\/permakultur-landwirtschaft.org\/fr\/wp-json\/wp\/v2\/categories?post=35872"},{"taxonomy":"post_tag","embeddable":true,"href":"https:\/\/permakultur-landwirtschaft.org\/fr\/wp-json\/wp\/v2\/tags?post=35872"}],"curies":[{"name":"wp","href":"https:\/\/api.w.org\/{rel}","templated":true}]}}