{"id":35672,"date":"2025-02-06T13:23:06","date_gmt":"2025-02-06T12:23:06","guid":{"rendered":"https:\/\/permakultur-landwirtschaft.org\/?p=35672"},"modified":"2025-02-06T14:06:16","modified_gmt":"2025-02-06T13:06:16","slug":"lerne-die-biodynamische-landwirtschaftsausbildung-kennen-tag-der-offenen-tuer-am-22-maerz-2025","status":"publish","type":"post","link":"https:\/\/permakultur-landwirtschaft.org\/fr\/lerne-die-biodynamische-landwirtschaftsausbildung-kennen-tag-der-offenen-tuer-am-22-maerz-2025\/","title":{"rendered":"Lerne die Biodynamische Landwirtschaftsausbildung kennen! &#8211; Tag der offenen T\u00fcr am 22. M\u00e4rz 2025"},"content":{"rendered":"<p>Text von demeterausbildung.ch:<\/p>\n\n\n\n<p>Auch 2025 f\u00fchren wir wieder einen Tag der offenen T\u00fcre durch f\u00fcr alle, die sich f\u00fcr eine Ausbildung in nachhaltiger Landwirtschaft interessieren.<\/p>\n\n\n\n<p>Wir diskutieren gemeinsam mit aktuellen Studierenden die Frage, was biodynamische Landwirtschaft \u00fcberhaupt ausmacht. Ob wir Hokus-Pokus betreiben oder ob du auf die landwirtschaftliche Realit\u00e4t vorbereitet wirst. Was unsere Grunds\u00e4tze sind, ob Bio nicht auch reicht und und und\u2026<br>Du erh\u00e4ltst unkompliziert einen Einblick in die Ausbildung, kannst 1 zu 1 individuell deine Fragen zur Finanzierung, Aufnahmebedingungen und Gegebenheiten auf den Ausbildungsbetrieben stellen oder welche M\u00f6glichkeiten du nach der Ausbildung hast. Schulleitung und Studis geben w\u00e4hrend einem w\u00e4hrschaften Buure-Zvieri an verschiedenen Tischen Auskunft. Durchstreife die R\u00e4umlichkeiten, Rheinau und wenn du magst \u2013 schau kurz auf unserem Partnerbetrieb Gut Rheinau vorbei, wo viele unsere Lektionen auf Feld und im Stall stattfinden.<\/p>\n\n\n\n<p>Keine Anmeldung notwendig!<\/p>\n\n\n\n<p>Wir freuen uns auf Dich!<\/p>\n\n\n\n<h2 class=\"wp-block-heading\">Date<\/h2>\n\n\n\n<p>Samstag, 22. M\u00e4rz 2025 ab 13.30 Uhr<\/p>\n\n\n\n<h2 class=\"wp-block-heading\">Lieu<\/h2>\n\n\n\n<p>Biodynamische Ausbildung Schweiz<br>Ochsengasse 8<br>8462 Rheinau ZH<\/p>\n\n\n\n<p><a href=\"https:\/\/demeterausbildung.ch\/infoveranstaltungen\/\" target=\"_blank\" rel=\"noreferrer noopener\">Weitere Infos gibt es hier<\/a><\/p>","protected":false},"excerpt":{"rendered":"<p>Text von demeterausbildung.ch: Auch 2025 f\u00fchren wir wieder einen Tag der offenen T\u00fcre durch f\u00fcr alle, die sich f\u00fcr eine Ausbildung in nachhaltiger Landwirtschaft interessieren. Wir diskutieren gemeinsam mit aktuellen Studierenden die Frage, was biodynamische Landwirtschaft \u00fcberhaupt ausmacht. Ob wir Hokus-Pokus betreiben oder ob du auf die landwirtschaftliche Realit\u00e4t vorbereitet wirst. Was unsere Grunds\u00e4tze sind, [&hellip;]<\/p>\n","protected":false},"author":2,"featured_media":35673,"comment_status":"closed","ping_status":"closed","sticky":false,"template":"","format":"standard","meta":{"_acf_changed":false,"site-sidebar-layout":"default","site-content-layout":"","ast-site-content-layout":"default","site-content-style":"default","site-sidebar-style":"default","ast-global-header-display":"","ast-banner-title-visibility":"","ast-main-header-display":"","ast-hfb-above-header-display":"","ast-hfb-below-header-display":"","ast-hfb-mobile-header-display":"","site-post-title":"","ast-breadcrumbs-content":"","ast-featured-img":"","footer-sml-layout":"","ast-disable-related-posts":"","theme-transparent-header-meta":"","adv-header-id-meta":"","stick-header-meta":"","header-above-stick-meta":"","header-main-stick-meta":"","header-below-stick-meta":"","astra-migrate-meta-layouts":"set","ast-page-background-enabled":"default","ast-page-background-meta":{"desktop":{"background-color":"var(--ast-global-color-4)","background-image":"","background-repeat":"repeat","background-position":"center center","background-size":"auto","background-attachment":"scroll","background-type":"","background-media":"","overlay-type":"","overlay-color":"","overlay-opacity":"","overlay-gradient":""},"tablet":{"background-color":"","background-image":"","background-repeat":"repeat","background-position":"center center","background-size":"auto","background-attachment":"scroll","background-type":"","background-media":"","overlay-type":"","overlay-color":"","overlay-opacity":"","overlay-gradient":""},"mobile":{"background-color":"","background-image":"","background-repeat":"repeat","background-position":"center center","background-size":"auto","background-attachment":"scroll","background-type":"","background-media":"","overlay-type":"","overlay-color":"","overlay-opacity":"","overlay-gradient":""}},"ast-content-background-meta":{"desktop":{"background-color":"var(--ast-global-color-5)","background-image":"","background-repeat":"repeat","background-position":"center center","background-size":"auto","background-attachment":"scroll","background-type":"","background-media":"","overlay-type":"","overlay-color":"","overlay-opacity":"","overlay-gradient":""},"tablet":{"background-color":"var(--ast-global-color-5)","background-image":"","background-repeat":"repeat","background-position":"center center","background-size":"auto","background-attachment":"scroll","background-type":"","background-media":"","overlay-type":"","overlay-color":"","overlay-opacity":"","overlay-gradient":""},"mobile":{"background-color":"var(--ast-global-color-5)","background-image":"","background-repeat":"repeat","background-position":"center center","background-size":"auto","background-attachment":"scroll","background-type":"","background-media":"","overlay-type":"","overlay-color":"","overlay-opacity":"","overlay-gradient":""}},"footnotes":""},"categories":[14],"tags":[269,270,268,593,592],"class_list":["post-35672","post","type-post","status-publish","format-standard","has-post-thumbnail","hentry","category-veranstaltung","tag-ausbildung","tag-biodynamisch","tag-demeter","tag-gut-rheinau","tag-tag-der-offenen-tuer"],"acf":[],"yoast_head":"<!-- This site is optimized with the Yoast SEO plugin v27.5 - https:\/\/yoast.com\/product\/yoast-seo-wordpress\/ -->\n<title>Lerne die Biodynamische Landwirtschaftsausbildung kennen! - Tag der offenen T\u00fcr am 22. M\u00e4rz 2025 - Permakultur-Landwirtschaft<\/title>\n<meta name=\"description\" content=\"wir f\u00fchren wieder einen Tag der offenen T\u00fcre durch f\u00fcr alle, die sich f\u00fcr eine Ausbildung in nachhaltiger Landwirtschaft interessieren.\" \/>\n<meta name=\"robots\" content=\"index, follow, max-snippet:-1, max-image-preview:large, max-video-preview:-1\" \/>\n<link rel=\"canonical\" href=\"https:\/\/permakultur-landwirtschaft.org\/fr\/lerne-die-biodynamische-landwirtschaftsausbildung-kennen-tag-der-offenen-tuer-am-22-maerz-2025\/\" \/>\n<meta property=\"og:locale\" content=\"fr_FR\" \/>\n<meta property=\"og:type\" content=\"article\" \/>\n<meta property=\"og:title\" content=\"Lerne die Biodynamische Landwirtschaftsausbildung kennen! - Tag der offenen T\u00fcr am 22. M\u00e4rz 2025 - Permakultur-Landwirtschaft\" \/>\n<meta property=\"og:description\" content=\"wir f\u00fchren wieder einen Tag der offenen T\u00fcre durch f\u00fcr alle, die sich f\u00fcr eine Ausbildung in nachhaltiger Landwirtschaft interessieren.\" \/>\n<meta property=\"og:url\" content=\"https:\/\/permakultur-landwirtschaft.org\/fr\/lerne-die-biodynamische-landwirtschaftsausbildung-kennen-tag-der-offenen-tuer-am-22-maerz-2025\/\" \/>\n<meta property=\"og:site_name\" content=\"Permakultur-Landwirtschaft\" \/>\n<meta property=\"article:publisher\" content=\"https:\/\/www.facebook.com\/PermakulturLandwirtschaft\" \/>\n<meta property=\"article:published_time\" content=\"2025-02-06T12:23:06+00:00\" \/>\n<meta property=\"article:modified_time\" content=\"2025-02-06T13:06:16+00:00\" \/>\n<meta property=\"og:image\" content=\"https:\/\/permakultur-landwirtschaft.org\/wp-content\/uploads\/2025\/02\/demeter_offene_tuer_2025-02-06_13-15-22_BIC6780.jpg\" \/>\n\t<meta property=\"og:image:width\" content=\"700\" \/>\n\t<meta property=\"og:image:height\" content=\"466\" \/>\n\t<meta property=\"og:image:type\" content=\"image\/jpeg\" \/>\n<meta name=\"author\" content=\"adrian reutimann\" \/>\n<meta name=\"twitter:card\" content=\"summary_large_image\" \/>\n<meta name=\"twitter:label1\" content=\"\u00c9crit par\" \/>\n\t<meta name=\"twitter:data1\" content=\"adrian reutimann\" \/>\n\t<meta name=\"twitter:label2\" content=\"Dur\u00e9e de lecture estim\u00e9e\" \/>\n\t<meta name=\"twitter:data2\" content=\"2 minutes\" \/>\n<script type=\"application\/ld+json\" class=\"yoast-schema-graph\">{\"@context\":\"https:\\\/\\\/schema.org\",\"@graph\":[{\"@type\":\"Article\",\"@id\":\"https:\\\/\\\/permakultur-landwirtschaft.org\\\/lerne-die-biodynamische-landwirtschaftsausbildung-kennen-tag-der-offenen-tuer-am-22-maerz-2025\\\/#article\",\"isPartOf\":{\"@id\":\"https:\\\/\\\/permakultur-landwirtschaft.org\\\/lerne-die-biodynamische-landwirtschaftsausbildung-kennen-tag-der-offenen-tuer-am-22-maerz-2025\\\/\"},\"author\":{\"name\":\"adrian reutimann\",\"@id\":\"https:\\\/\\\/permakultur-landwirtschaft.org\\\/#\\\/schema\\\/person\\\/6b0467872f75aed3e144093f9bf4f0b0\"},\"headline\":\"Lerne die Biodynamische Landwirtschaftsausbildung kennen! &#8211; Tag der offenen T\u00fcr am 22. M\u00e4rz 2025\",\"datePublished\":\"2025-02-06T12:23:06+00:00\",\"dateModified\":\"2025-02-06T13:06:16+00:00\",\"mainEntityOfPage\":{\"@id\":\"https:\\\/\\\/permakultur-landwirtschaft.org\\\/lerne-die-biodynamische-landwirtschaftsausbildung-kennen-tag-der-offenen-tuer-am-22-maerz-2025\\\/\"},\"wordCount\":181,\"publisher\":{\"@id\":\"https:\\\/\\\/permakultur-landwirtschaft.org\\\/#organization\"},\"image\":{\"@id\":\"https:\\\/\\\/permakultur-landwirtschaft.org\\\/lerne-die-biodynamische-landwirtschaftsausbildung-kennen-tag-der-offenen-tuer-am-22-maerz-2025\\\/#primaryimage\"},\"thumbnailUrl\":\"https:\\\/\\\/permakultur-landwirtschaft.org\\\/wp-content\\\/uploads\\\/2025\\\/02\\\/demeter_offene_tuer_2025-02-06_13-15-22_BIC6780.jpg\",\"keywords\":[\"Ausbildung\",\"Biodynamisch\",\"Demeter\",\"Gut Rheinau\",\"Tag der offenen T\u00fcr\"],\"articleSection\":[\"Veranstaltung\"],\"inLanguage\":\"fr-FR\"},{\"@type\":\"WebPage\",\"@id\":\"https:\\\/\\\/permakultur-landwirtschaft.org\\\/lerne-die-biodynamische-landwirtschaftsausbildung-kennen-tag-der-offenen-tuer-am-22-maerz-2025\\\/\",\"url\":\"https:\\\/\\\/permakultur-landwirtschaft.org\\\/lerne-die-biodynamische-landwirtschaftsausbildung-kennen-tag-der-offenen-tuer-am-22-maerz-2025\\\/\",\"name\":\"Lerne die Biodynamische Landwirtschaftsausbildung kennen! - Tag der offenen T\u00fcr am 22. M\u00e4rz 2025 - Permakultur-Landwirtschaft\",\"isPartOf\":{\"@id\":\"https:\\\/\\\/permakultur-landwirtschaft.org\\\/#website\"},\"primaryImageOfPage\":{\"@id\":\"https:\\\/\\\/permakultur-landwirtschaft.org\\\/lerne-die-biodynamische-landwirtschaftsausbildung-kennen-tag-der-offenen-tuer-am-22-maerz-2025\\\/#primaryimage\"},\"image\":{\"@id\":\"https:\\\/\\\/permakultur-landwirtschaft.org\\\/lerne-die-biodynamische-landwirtschaftsausbildung-kennen-tag-der-offenen-tuer-am-22-maerz-2025\\\/#primaryimage\"},\"thumbnailUrl\":\"https:\\\/\\\/permakultur-landwirtschaft.org\\\/wp-content\\\/uploads\\\/2025\\\/02\\\/demeter_offene_tuer_2025-02-06_13-15-22_BIC6780.jpg\",\"datePublished\":\"2025-02-06T12:23:06+00:00\",\"dateModified\":\"2025-02-06T13:06:16+00:00\",\"description\":\"wir f\u00fchren wieder einen Tag der offenen T\u00fcre durch f\u00fcr alle, die sich f\u00fcr eine Ausbildung in nachhaltiger Landwirtschaft interessieren.\",\"breadcrumb\":{\"@id\":\"https:\\\/\\\/permakultur-landwirtschaft.org\\\/lerne-die-biodynamische-landwirtschaftsausbildung-kennen-tag-der-offenen-tuer-am-22-maerz-2025\\\/#breadcrumb\"},\"inLanguage\":\"fr-FR\",\"potentialAction\":[{\"@type\":\"ReadAction\",\"target\":[\"https:\\\/\\\/permakultur-landwirtschaft.org\\\/lerne-die-biodynamische-landwirtschaftsausbildung-kennen-tag-der-offenen-tuer-am-22-maerz-2025\\\/\"]}]},{\"@type\":\"ImageObject\",\"inLanguage\":\"fr-FR\",\"@id\":\"https:\\\/\\\/permakultur-landwirtschaft.org\\\/lerne-die-biodynamische-landwirtschaftsausbildung-kennen-tag-der-offenen-tuer-am-22-maerz-2025\\\/#primaryimage\",\"url\":\"https:\\\/\\\/permakultur-landwirtschaft.org\\\/wp-content\\\/uploads\\\/2025\\\/02\\\/demeter_offene_tuer_2025-02-06_13-15-22_BIC6780.jpg\",\"contentUrl\":\"https:\\\/\\\/permakultur-landwirtschaft.org\\\/wp-content\\\/uploads\\\/2025\\\/02\\\/demeter_offene_tuer_2025-02-06_13-15-22_BIC6780.jpg\",\"width\":700,\"height\":466,\"caption\":\"Bild: demeterausbildung.ch\"},{\"@type\":\"BreadcrumbList\",\"@id\":\"https:\\\/\\\/permakultur-landwirtschaft.org\\\/lerne-die-biodynamische-landwirtschaftsausbildung-kennen-tag-der-offenen-tuer-am-22-maerz-2025\\\/#breadcrumb\",\"itemListElement\":[{\"@type\":\"ListItem\",\"position\":1,\"name\":\"Startseite\",\"item\":\"https:\\\/\\\/permakultur-landwirtschaft.org\\\/\"},{\"@type\":\"ListItem\",\"position\":2,\"name\":\"Lerne die Biodynamische Landwirtschaftsausbildung kennen! &#8211; Tag der offenen T\u00fcr am 22. M\u00e4rz 2025\"}]},{\"@type\":\"WebSite\",\"@id\":\"https:\\\/\\\/permakultur-landwirtschaft.org\\\/#website\",\"url\":\"https:\\\/\\\/permakultur-landwirtschaft.org\\\/\",\"name\":\"Permakultur-Landwirtschaft\",\"description\":\"F\u00f6rderung der Permakultur in der Landwirtschaft\",\"publisher\":{\"@id\":\"https:\\\/\\\/permakultur-landwirtschaft.org\\\/#organization\"},\"potentialAction\":[{\"@type\":\"SearchAction\",\"target\":{\"@type\":\"EntryPoint\",\"urlTemplate\":\"https:\\\/\\\/permakultur-landwirtschaft.org\\\/?s={search_term_string}\"},\"query-input\":{\"@type\":\"PropertyValueSpecification\",\"valueRequired\":true,\"valueName\":\"search_term_string\"}}],\"inLanguage\":\"fr-FR\"},{\"@type\":\"Organization\",\"@id\":\"https:\\\/\\\/permakultur-landwirtschaft.org\\\/#organization\",\"name\":\"Permakultur-Landwirtschaft\",\"alternateName\":\"Verein Permakultur-Landwirtschaft\",\"url\":\"https:\\\/\\\/permakultur-landwirtschaft.org\\\/\",\"logo\":{\"@type\":\"ImageObject\",\"inLanguage\":\"fr-FR\",\"@id\":\"https:\\\/\\\/permakultur-landwirtschaft.org\\\/#\\\/schema\\\/logo\\\/image\\\/\",\"url\":\"https:\\\/\\\/permakultur-landwirtschaft.org\\\/wp-content\\\/uploads\\\/2021\\\/11\\\/pela_1268x1269.png\",\"contentUrl\":\"https:\\\/\\\/permakultur-landwirtschaft.org\\\/wp-content\\\/uploads\\\/2021\\\/11\\\/pela_1268x1269.png\",\"width\":1298,\"height\":1269,\"caption\":\"Permakultur-Landwirtschaft\"},\"image\":{\"@id\":\"https:\\\/\\\/permakultur-landwirtschaft.org\\\/#\\\/schema\\\/logo\\\/image\\\/\"},\"sameAs\":[\"https:\\\/\\\/www.facebook.com\\\/PermakulturLandwirtschaft\",\"https:\\\/\\\/www.instagram.com\\\/permakultur_landwirtschaft\\\/\",\"https:\\\/\\\/www.flickr.com\\\/photos\\\/permakultur-landwirtschaft\",\"https:\\\/\\\/www.youtube.com\\\/@PermakulturLandwirtschaft\"]},{\"@type\":\"Person\",\"@id\":\"https:\\\/\\\/permakultur-landwirtschaft.org\\\/#\\\/schema\\\/person\\\/6b0467872f75aed3e144093f9bf4f0b0\",\"name\":\"adrian reutimann\",\"url\":\"https:\\\/\\\/permakultur-landwirtschaft.org\\\/fr\\\/author\\\/reutiadr\\\/\"}]}<\/script>\n<!-- \/ Yoast SEO plugin. -->","yoast_head_json":{"title":"Lerne die Biodynamische Landwirtschaftsausbildung kennen! - Tag der offenen T\u00fcr am 22. M\u00e4rz 2025 - Permakultur-Landwirtschaft","description":"wir f\u00fchren wieder einen Tag der offenen T\u00fcre durch f\u00fcr alle, die sich f\u00fcr eine Ausbildung in nachhaltiger Landwirtschaft interessieren.","robots":{"index":"index","follow":"follow","max-snippet":"max-snippet:-1","max-image-preview":"max-image-preview:large","max-video-preview":"max-video-preview:-1"},"canonical":"https:\/\/permakultur-landwirtschaft.org\/fr\/lerne-die-biodynamische-landwirtschaftsausbildung-kennen-tag-der-offenen-tuer-am-22-maerz-2025\/","og_locale":"fr_FR","og_type":"article","og_title":"Lerne die Biodynamische Landwirtschaftsausbildung kennen! - Tag der offenen T\u00fcr am 22. M\u00e4rz 2025 - Permakultur-Landwirtschaft","og_description":"wir f\u00fchren wieder einen Tag der offenen T\u00fcre durch f\u00fcr alle, die sich f\u00fcr eine Ausbildung in nachhaltiger Landwirtschaft interessieren.","og_url":"https:\/\/permakultur-landwirtschaft.org\/fr\/lerne-die-biodynamische-landwirtschaftsausbildung-kennen-tag-der-offenen-tuer-am-22-maerz-2025\/","og_site_name":"Permakultur-Landwirtschaft","article_publisher":"https:\/\/www.facebook.com\/PermakulturLandwirtschaft","article_published_time":"2025-02-06T12:23:06+00:00","article_modified_time":"2025-02-06T13:06:16+00:00","og_image":[{"width":700,"height":466,"url":"https:\/\/permakultur-landwirtschaft.org\/wp-content\/uploads\/2025\/02\/demeter_offene_tuer_2025-02-06_13-15-22_BIC6780.jpg","type":"image\/jpeg"}],"author":"adrian reutimann","twitter_card":"summary_large_image","twitter_misc":{"\u00c9crit par":"adrian reutimann","Dur\u00e9e de lecture estim\u00e9e":"2 minutes"},"schema":{"@context":"https:\/\/schema.org","@graph":[{"@type":"Article","@id":"https:\/\/permakultur-landwirtschaft.org\/lerne-die-biodynamische-landwirtschaftsausbildung-kennen-tag-der-offenen-tuer-am-22-maerz-2025\/#article","isPartOf":{"@id":"https:\/\/permakultur-landwirtschaft.org\/lerne-die-biodynamische-landwirtschaftsausbildung-kennen-tag-der-offenen-tuer-am-22-maerz-2025\/"},"author":{"name":"adrian reutimann","@id":"https:\/\/permakultur-landwirtschaft.org\/#\/schema\/person\/6b0467872f75aed3e144093f9bf4f0b0"},"headline":"Lerne die Biodynamische Landwirtschaftsausbildung kennen! &#8211; Tag der offenen T\u00fcr am 22. M\u00e4rz 2025","datePublished":"2025-02-06T12:23:06+00:00","dateModified":"2025-02-06T13:06:16+00:00","mainEntityOfPage":{"@id":"https:\/\/permakultur-landwirtschaft.org\/lerne-die-biodynamische-landwirtschaftsausbildung-kennen-tag-der-offenen-tuer-am-22-maerz-2025\/"},"wordCount":181,"publisher":{"@id":"https:\/\/permakultur-landwirtschaft.org\/#organization"},"image":{"@id":"https:\/\/permakultur-landwirtschaft.org\/lerne-die-biodynamische-landwirtschaftsausbildung-kennen-tag-der-offenen-tuer-am-22-maerz-2025\/#primaryimage"},"thumbnailUrl":"https:\/\/permakultur-landwirtschaft.org\/wp-content\/uploads\/2025\/02\/demeter_offene_tuer_2025-02-06_13-15-22_BIC6780.jpg","keywords":["Ausbildung","Biodynamisch","Demeter","Gut Rheinau","Tag der offenen T\u00fcr"],"articleSection":["Veranstaltung"],"inLanguage":"fr-FR"},{"@type":"WebPage","@id":"https:\/\/permakultur-landwirtschaft.org\/lerne-die-biodynamische-landwirtschaftsausbildung-kennen-tag-der-offenen-tuer-am-22-maerz-2025\/","url":"https:\/\/permakultur-landwirtschaft.org\/lerne-die-biodynamische-landwirtschaftsausbildung-kennen-tag-der-offenen-tuer-am-22-maerz-2025\/","name":"Lerne die Biodynamische Landwirtschaftsausbildung kennen! - Tag der offenen T\u00fcr am 22. M\u00e4rz 2025 - Permakultur-Landwirtschaft","isPartOf":{"@id":"https:\/\/permakultur-landwirtschaft.org\/#website"},"primaryImageOfPage":{"@id":"https:\/\/permakultur-landwirtschaft.org\/lerne-die-biodynamische-landwirtschaftsausbildung-kennen-tag-der-offenen-tuer-am-22-maerz-2025\/#primaryimage"},"image":{"@id":"https:\/\/permakultur-landwirtschaft.org\/lerne-die-biodynamische-landwirtschaftsausbildung-kennen-tag-der-offenen-tuer-am-22-maerz-2025\/#primaryimage"},"thumbnailUrl":"https:\/\/permakultur-landwirtschaft.org\/wp-content\/uploads\/2025\/02\/demeter_offene_tuer_2025-02-06_13-15-22_BIC6780.jpg","datePublished":"2025-02-06T12:23:06+00:00","dateModified":"2025-02-06T13:06:16+00:00","description":"wir f\u00fchren wieder einen Tag der offenen T\u00fcre durch f\u00fcr alle, die sich f\u00fcr eine Ausbildung in nachhaltiger Landwirtschaft interessieren.","breadcrumb":{"@id":"https:\/\/permakultur-landwirtschaft.org\/lerne-die-biodynamische-landwirtschaftsausbildung-kennen-tag-der-offenen-tuer-am-22-maerz-2025\/#breadcrumb"},"inLanguage":"fr-FR","potentialAction":[{"@type":"ReadAction","target":["https:\/\/permakultur-landwirtschaft.org\/lerne-die-biodynamische-landwirtschaftsausbildung-kennen-tag-der-offenen-tuer-am-22-maerz-2025\/"]}]},{"@type":"ImageObject","inLanguage":"fr-FR","@id":"https:\/\/permakultur-landwirtschaft.org\/lerne-die-biodynamische-landwirtschaftsausbildung-kennen-tag-der-offenen-tuer-am-22-maerz-2025\/#primaryimage","url":"https:\/\/permakultur-landwirtschaft.org\/wp-content\/uploads\/2025\/02\/demeter_offene_tuer_2025-02-06_13-15-22_BIC6780.jpg","contentUrl":"https:\/\/permakultur-landwirtschaft.org\/wp-content\/uploads\/2025\/02\/demeter_offene_tuer_2025-02-06_13-15-22_BIC6780.jpg","width":700,"height":466,"caption":"Bild: demeterausbildung.ch"},{"@type":"BreadcrumbList","@id":"https:\/\/permakultur-landwirtschaft.org\/lerne-die-biodynamische-landwirtschaftsausbildung-kennen-tag-der-offenen-tuer-am-22-maerz-2025\/#breadcrumb","itemListElement":[{"@type":"ListItem","position":1,"name":"Startseite","item":"https:\/\/permakultur-landwirtschaft.org\/"},{"@type":"ListItem","position":2,"name":"Lerne die Biodynamische Landwirtschaftsausbildung kennen! &#8211; Tag der offenen T\u00fcr am 22. M\u00e4rz 2025"}]},{"@type":"WebSite","@id":"https:\/\/permakultur-landwirtschaft.org\/#website","url":"https:\/\/permakultur-landwirtschaft.org\/","name":"Permakultur-Landwirtschaft","description":"F\u00f6rderung der Permakultur in der Landwirtschaft","publisher":{"@id":"https:\/\/permakultur-landwirtschaft.org\/#organization"},"potentialAction":[{"@type":"SearchAction","target":{"@type":"EntryPoint","urlTemplate":"https:\/\/permakultur-landwirtschaft.org\/?s={search_term_string}"},"query-input":{"@type":"PropertyValueSpecification","valueRequired":true,"valueName":"search_term_string"}}],"inLanguage":"fr-FR"},{"@type":"Organization","@id":"https:\/\/permakultur-landwirtschaft.org\/#organization","name":"Permakultur-Landwirtschaft","alternateName":"Verein Permakultur-Landwirtschaft","url":"https:\/\/permakultur-landwirtschaft.org\/","logo":{"@type":"ImageObject","inLanguage":"fr-FR","@id":"https:\/\/permakultur-landwirtschaft.org\/#\/schema\/logo\/image\/","url":"https:\/\/permakultur-landwirtschaft.org\/wp-content\/uploads\/2021\/11\/pela_1268x1269.png","contentUrl":"https:\/\/permakultur-landwirtschaft.org\/wp-content\/uploads\/2021\/11\/pela_1268x1269.png","width":1298,"height":1269,"caption":"Permakultur-Landwirtschaft"},"image":{"@id":"https:\/\/permakultur-landwirtschaft.org\/#\/schema\/logo\/image\/"},"sameAs":["https:\/\/www.facebook.com\/PermakulturLandwirtschaft","https:\/\/www.instagram.com\/permakultur_landwirtschaft\/","https:\/\/www.flickr.com\/photos\/permakultur-landwirtschaft","https:\/\/www.youtube.com\/@PermakulturLandwirtschaft"]},{"@type":"Person","@id":"https:\/\/permakultur-landwirtschaft.org\/#\/schema\/person\/6b0467872f75aed3e144093f9bf4f0b0","name":"adrian reutimann","url":"https:\/\/permakultur-landwirtschaft.org\/fr\/author\/reutiadr\/"}]}},"_links":{"self":[{"href":"https:\/\/permakultur-landwirtschaft.org\/fr\/wp-json\/wp\/v2\/posts\/35672","targetHints":{"allow":["GET"]}}],"collection":[{"href":"https:\/\/permakultur-landwirtschaft.org\/fr\/wp-json\/wp\/v2\/posts"}],"about":[{"href":"https:\/\/permakultur-landwirtschaft.org\/fr\/wp-json\/wp\/v2\/types\/post"}],"author":[{"embeddable":true,"href":"https:\/\/permakultur-landwirtschaft.org\/fr\/wp-json\/wp\/v2\/users\/2"}],"replies":[{"embeddable":true,"href":"https:\/\/permakultur-landwirtschaft.org\/fr\/wp-json\/wp\/v2\/comments?post=35672"}],"version-history":[{"count":2,"href":"https:\/\/permakultur-landwirtschaft.org\/fr\/wp-json\/wp\/v2\/posts\/35672\/revisions"}],"predecessor-version":[{"id":35676,"href":"https:\/\/permakultur-landwirtschaft.org\/fr\/wp-json\/wp\/v2\/posts\/35672\/revisions\/35676"}],"wp:featuredmedia":[{"embeddable":true,"href":"https:\/\/permakultur-landwirtschaft.org\/fr\/wp-json\/wp\/v2\/media\/35673"}],"wp:attachment":[{"href":"https:\/\/permakultur-landwirtschaft.org\/fr\/wp-json\/wp\/v2\/media?parent=35672"}],"wp:term":[{"taxonomy":"category","embeddable":true,"href":"https:\/\/permakultur-landwirtschaft.org\/fr\/wp-json\/wp\/v2\/categories?post=35672"},{"taxonomy":"post_tag","embeddable":true,"href":"https:\/\/permakultur-landwirtschaft.org\/fr\/wp-json\/wp\/v2\/tags?post=35672"}],"curies":[{"name":"wp","href":"https:\/\/api.w.org\/{rel}","templated":true}]}}