{"id":35658,"date":"2025-02-03T13:18:04","date_gmt":"2025-02-03T12:18:04","guid":{"rendered":"https:\/\/permakultur-landwirtschaft.org\/?p=35658"},"modified":"2025-02-03T13:19:25","modified_gmt":"2025-02-03T12:19:25","slug":"permaculture-design-course-modulkurs-vom-27-februar-bis-15-juni-2025","status":"publish","type":"post","link":"https:\/\/permakultur-landwirtschaft.org\/fr\/permaculture-design-course-modulkurs-vom-27-februar-bis-15-juni-2025\/","title":{"rendered":"Permaculture Design Course &#8211; Modulkurs vom 27. Februar bis 15. Juni 2025"},"content":{"rendered":"<p>Text von www.alpine-permakultur.ch:<\/p>\n\n\n\n<p><strong>Permakultur Design Kurs ( 72 Stunden Kurs, PDC) auf der Schweibenalp<br>\u201eMachen ist wie Wollen nur besser!\u201c<\/strong><br><br>Eine grosse Welle der Ver\u00e4nderung rollt auf uns zu und ihre Gischt spr\u00fcht uns schon ins Gesicht.<br><br>In unseren reichen und offenkundig gesegneten L\u00e4ndern sind wir von direkten negativen Auswirkungen noch wenig betroffen, aber wir sp\u00fcren das sich vieles ver\u00e4ndert &#8211; ver\u00e4ndern muss. Und das Vieles nicht so weiter gehen wird. Trotz, oder gerade wegen unseres ungekannten materiellen Reichtums, versp\u00fcren wir Zukunfts\u00e4ngste, die uns davon abhalten, das zu tun, was n\u00f6tig w\u00e4re, oder was wir uns ertr\u00e4umen.<br><br>Dabei ist genug f\u00fcr alle da und L\u00f6sungsans\u00e4tze gibt es viele. Diese L\u00f6sungen sind oft erstaunlich einfach, doch sie wollen umgesetzt sein.<br>Um die Herausforderungen anzunehmen und in eine Lebensgestaltung zu kommen, die positiv f\u00fcr uns und unsere Mitwelt wird, brauchen wir daher gute Werkzeuge und Haltungen.<br><br>Permakultur hat weltweit durch ihre Suche nach zukunftstr\u00e4chtigen L\u00f6sungen und durch Beobachtung von bereits Bestehendem wunderbare Ans\u00e4tze gefunden und kann Vieles des Notwendigen liefern. JedeR von uns kann, durch deren Anwendung, eine eigene zukunftsbejahende Haltung behalten oder entwickeln und sich hierf\u00fcr einen pers\u00f6nlichen permakulturellen Werkzeugkoffer zusammenstellen. Und wir werden dabei auf unserem Weg des Wandels Menschen kennenlernen, die mit uns kooperieren, Menschen die uns unterst\u00fctzen und immer wieder ermutigen. Und wir werden selbst zu solchen unterst\u00fctzenden Menschen werden.<br><br>Wie k\u00f6nnen wir uns einen Permakultur &#8211; Werkzeugkoffer vorstellen?<br>Der Koffer selbst, die wichtigste Voraussetzung, ist eine tief empfundene Verantwortung gegen\u00fcber unserer Mitwelt, die sich in der permakulturellen Ethik \u00e4ussert:<br><br>\u2022 F\u00fcrsorge gegen\u00fcber unserem lebendigen Planeten, von dessen Organismus wir Teil sind und der unser einzigartiges Zuhause ist.<br>\u2022 F\u00fcrsorge gegen\u00fcber unseren Mitmenschen, die uns unterst\u00fctzen und gerne auch mal herausfordern.<br>\u2022 Begrenzen des eigenen Konsums, Gestaltung eigener Daseinsf\u00fcrsorge und faires Teilen unserer \u00dcbersch\u00fcsse.<br><br>Im Inneren des Koffers finden wir Werkzeuge der permakulturellen Gestaltung, die uns erm\u00f6glichen, einen regenerativen Lebensstil zu finden, einen, der unserer Verantwortung im Sinne der zuvor umrissenen F\u00fcrsorge &#8211; Ethik, gerecht wird.<br><br>Diese Werkzeuge sind verschiedener Natur:<br>&#8211; Mit Einigen k\u00f6nnen wir an unserer Haltung schrauben, z.B. indem wir erkennen, dass in jedem Problem zugleich seine L\u00f6sung steckt oder dass wir Krisen als Ressource sehen d\u00fcrfen, weil sie uns motivieren, Dinge endlich zu ver\u00e4ndern. Und dass wir beginnen, unsere Mitwelt liebevoll und geschwisterlich zu behandeln.<br>&#8211; Andere helfen uns produktiver und kreativer, im Sinne der Selbstf\u00fcrsorge, zu werden und unseren Grad der Selbstversorgung zu erh\u00f6hen. Das sind die klassischen Tools des Permakultur-Designs.<br>&#8211; Wieder andere bef\u00e4higen uns auch Andere zu ermutigen in Ihre Selbstwirksamkeit zu kommen.<br>Sie machen uns zu Agenten des Wandels.<\/p>\n\n\n\n<h2 class=\"wp-block-heading\">Date<\/h2>\n\n\n\n<p>Modul 1 27.02 &#8211; 02.03.2025<br>Modul 2 11.04. &#8211; 14.04.2025<br>Modul 3 12.06. &#8211; 15.06.2025<\/p>\n\n\n\n<h2 class=\"wp-block-heading\">Lieu<\/h2>\n\n\n\n<p>Zentrum der Einheit <br>Schweibenalp<br>CH-3855 Brienz BE<\/p>\n\n\n\n<p><a href=\"https:\/\/www.alpine-permakultur.ch\/detail\/?seminarId=%2096c01363-2f2f-4dbe-bdad-d952b541d951\" target=\"_blank\" rel=\"noreferrer noopener\">Link zu mehr Infos und Anmeldung<\/a><\/p>","protected":false},"excerpt":{"rendered":"<p>Text von www.alpine-permakultur.ch: Permakultur Design Kurs ( 72 Stunden Kurs, PDC) auf der Schweibenalp\u201eMachen ist wie Wollen nur besser!\u201c Eine grosse Welle der Ver\u00e4nderung rollt auf uns zu und ihre Gischt spr\u00fcht uns schon ins Gesicht. In unseren reichen und offenkundig gesegneten L\u00e4ndern sind wir von direkten negativen Auswirkungen noch wenig betroffen, aber wir sp\u00fcren [&hellip;]<\/p>\n","protected":false},"author":2,"featured_media":35659,"comment_status":"closed","ping_status":"closed","sticky":false,"template":"","format":"standard","meta":{"_acf_changed":false,"site-sidebar-layout":"default","site-content-layout":"","ast-site-content-layout":"default","site-content-style":"default","site-sidebar-style":"default","ast-global-header-display":"","ast-banner-title-visibility":"","ast-main-header-display":"","ast-hfb-above-header-display":"","ast-hfb-below-header-display":"","ast-hfb-mobile-header-display":"","site-post-title":"","ast-breadcrumbs-content":"","ast-featured-img":"","footer-sml-layout":"","ast-disable-related-posts":"","theme-transparent-header-meta":"","adv-header-id-meta":"","stick-header-meta":"","header-above-stick-meta":"","header-main-stick-meta":"","header-below-stick-meta":"","astra-migrate-meta-layouts":"set","ast-page-background-enabled":"default","ast-page-background-meta":{"desktop":{"background-color":"var(--ast-global-color-4)","background-image":"","background-repeat":"repeat","background-position":"center center","background-size":"auto","background-attachment":"scroll","background-type":"","background-media":"","overlay-type":"","overlay-color":"","overlay-opacity":"","overlay-gradient":""},"tablet":{"background-color":"","background-image":"","background-repeat":"repeat","background-position":"center center","background-size":"auto","background-attachment":"scroll","background-type":"","background-media":"","overlay-type":"","overlay-color":"","overlay-opacity":"","overlay-gradient":""},"mobile":{"background-color":"","background-image":"","background-repeat":"repeat","background-position":"center center","background-size":"auto","background-attachment":"scroll","background-type":"","background-media":"","overlay-type":"","overlay-color":"","overlay-opacity":"","overlay-gradient":""}},"ast-content-background-meta":{"desktop":{"background-color":"var(--ast-global-color-5)","background-image":"","background-repeat":"repeat","background-position":"center center","background-size":"auto","background-attachment":"scroll","background-type":"","background-media":"","overlay-type":"","overlay-color":"","overlay-opacity":"","overlay-gradient":""},"tablet":{"background-color":"var(--ast-global-color-5)","background-image":"","background-repeat":"repeat","background-position":"center center","background-size":"auto","background-attachment":"scroll","background-type":"","background-media":"","overlay-type":"","overlay-color":"","overlay-opacity":"","overlay-gradient":""},"mobile":{"background-color":"var(--ast-global-color-5)","background-image":"","background-repeat":"repeat","background-position":"center center","background-size":"auto","background-attachment":"scroll","background-type":"","background-media":"","overlay-type":"","overlay-color":"","overlay-opacity":"","overlay-gradient":""}},"footnotes":""},"categories":[14],"tags":[587,586,36,532,17,94],"class_list":["post-35658","post","type-post","status-publish","format-standard","has-post-thumbnail","hentry","category-veranstaltung","tag-daniel-lis","tag-harald-wedig","tag-kurs","tag-pdc","tag-permakultur","tag-schweibenalp"],"acf":[],"yoast_head":"<!-- This site is optimized with the Yoast SEO plugin v27.5 - https:\/\/yoast.com\/product\/yoast-seo-wordpress\/ -->\n<title>Permaculture Design Course - Modulkurs vom 27. Februar bis 15. Juni 2025 - Permakultur-Landwirtschaft<\/title>\n<meta name=\"description\" content=\"Permakultur Design Kurs ( 72 Stunden Kurs, PDC) auf der Schweibenalp oberhalb Brienz BE \u201eMachen ist wie Wollen nur besser!\u201c\" \/>\n<meta name=\"robots\" content=\"index, follow, max-snippet:-1, max-image-preview:large, max-video-preview:-1\" \/>\n<link rel=\"canonical\" href=\"https:\/\/permakultur-landwirtschaft.org\/fr\/permaculture-design-course-modulkurs-vom-27-februar-bis-15-juni-2025\/\" \/>\n<meta property=\"og:locale\" content=\"fr_FR\" \/>\n<meta property=\"og:type\" content=\"article\" \/>\n<meta property=\"og:title\" content=\"Permaculture Design Course - Modulkurs vom 27. Februar bis 15. Juni 2025 - Permakultur-Landwirtschaft\" \/>\n<meta property=\"og:description\" content=\"Permakultur Design Kurs ( 72 Stunden Kurs, PDC) auf der Schweibenalp oberhalb Brienz BE \u201eMachen ist wie Wollen nur besser!\u201c\" \/>\n<meta property=\"og:url\" content=\"https:\/\/permakultur-landwirtschaft.org\/fr\/permaculture-design-course-modulkurs-vom-27-februar-bis-15-juni-2025\/\" \/>\n<meta property=\"og:site_name\" content=\"Permakultur-Landwirtschaft\" \/>\n<meta property=\"article:publisher\" content=\"https:\/\/www.facebook.com\/PermakulturLandwirtschaft\" \/>\n<meta property=\"article:published_time\" content=\"2025-02-03T12:18:04+00:00\" \/>\n<meta property=\"article:modified_time\" content=\"2025-02-03T12:19:25+00:00\" \/>\n<meta property=\"og:image\" content=\"https:\/\/permakultur-landwirtschaft.org\/wp-content\/uploads\/2025\/02\/pdc_wedig_2025-02-03_13-10-57.jpg\" \/>\n\t<meta property=\"og:image:width\" content=\"699\" \/>\n\t<meta property=\"og:image:height\" content=\"400\" \/>\n\t<meta property=\"og:image:type\" content=\"image\/jpeg\" \/>\n<meta name=\"author\" content=\"adrian reutimann\" \/>\n<meta name=\"twitter:card\" content=\"summary_large_image\" \/>\n<meta name=\"twitter:label1\" content=\"\u00c9crit par\" \/>\n\t<meta name=\"twitter:data1\" content=\"adrian reutimann\" \/>\n\t<meta name=\"twitter:label2\" content=\"Dur\u00e9e de lecture estim\u00e9e\" \/>\n\t<meta name=\"twitter:data2\" content=\"3 minutes\" \/>\n<script type=\"application\/ld+json\" class=\"yoast-schema-graph\">{\"@context\":\"https:\\\/\\\/schema.org\",\"@graph\":[{\"@type\":\"Article\",\"@id\":\"https:\\\/\\\/permakultur-landwirtschaft.org\\\/permaculture-design-course-modulkurs-vom-27-februar-bis-15-juni-2025\\\/#article\",\"isPartOf\":{\"@id\":\"https:\\\/\\\/permakultur-landwirtschaft.org\\\/permaculture-design-course-modulkurs-vom-27-februar-bis-15-juni-2025\\\/\"},\"author\":{\"name\":\"adrian reutimann\",\"@id\":\"https:\\\/\\\/permakultur-landwirtschaft.org\\\/#\\\/schema\\\/person\\\/6b0467872f75aed3e144093f9bf4f0b0\"},\"headline\":\"Permaculture Design Course &#8211; Modulkurs vom 27. Februar bis 15. Juni 2025\",\"datePublished\":\"2025-02-03T12:18:04+00:00\",\"dateModified\":\"2025-02-03T12:19:25+00:00\",\"mainEntityOfPage\":{\"@id\":\"https:\\\/\\\/permakultur-landwirtschaft.org\\\/permaculture-design-course-modulkurs-vom-27-februar-bis-15-juni-2025\\\/\"},\"wordCount\":497,\"publisher\":{\"@id\":\"https:\\\/\\\/permakultur-landwirtschaft.org\\\/#organization\"},\"image\":{\"@id\":\"https:\\\/\\\/permakultur-landwirtschaft.org\\\/permaculture-design-course-modulkurs-vom-27-februar-bis-15-juni-2025\\\/#primaryimage\"},\"thumbnailUrl\":\"https:\\\/\\\/permakultur-landwirtschaft.org\\\/wp-content\\\/uploads\\\/2025\\\/02\\\/pdc_wedig_2025-02-03_13-10-57.jpg\",\"keywords\":[\"Daniel Lis\",\"Harald Wedig\",\"Kurs\",\"PDC\",\"Permakultur\",\"Schweibenalp\"],\"articleSection\":[\"Veranstaltung\"],\"inLanguage\":\"fr-FR\"},{\"@type\":\"WebPage\",\"@id\":\"https:\\\/\\\/permakultur-landwirtschaft.org\\\/permaculture-design-course-modulkurs-vom-27-februar-bis-15-juni-2025\\\/\",\"url\":\"https:\\\/\\\/permakultur-landwirtschaft.org\\\/permaculture-design-course-modulkurs-vom-27-februar-bis-15-juni-2025\\\/\",\"name\":\"Permaculture Design Course - Modulkurs vom 27. Februar bis 15. Juni 2025 - Permakultur-Landwirtschaft\",\"isPartOf\":{\"@id\":\"https:\\\/\\\/permakultur-landwirtschaft.org\\\/#website\"},\"primaryImageOfPage\":{\"@id\":\"https:\\\/\\\/permakultur-landwirtschaft.org\\\/permaculture-design-course-modulkurs-vom-27-februar-bis-15-juni-2025\\\/#primaryimage\"},\"image\":{\"@id\":\"https:\\\/\\\/permakultur-landwirtschaft.org\\\/permaculture-design-course-modulkurs-vom-27-februar-bis-15-juni-2025\\\/#primaryimage\"},\"thumbnailUrl\":\"https:\\\/\\\/permakultur-landwirtschaft.org\\\/wp-content\\\/uploads\\\/2025\\\/02\\\/pdc_wedig_2025-02-03_13-10-57.jpg\",\"datePublished\":\"2025-02-03T12:18:04+00:00\",\"dateModified\":\"2025-02-03T12:19:25+00:00\",\"description\":\"Permakultur Design Kurs ( 72 Stunden Kurs, PDC) auf der Schweibenalp oberhalb Brienz BE \u201eMachen ist wie Wollen nur besser!\u201c\",\"breadcrumb\":{\"@id\":\"https:\\\/\\\/permakultur-landwirtschaft.org\\\/permaculture-design-course-modulkurs-vom-27-februar-bis-15-juni-2025\\\/#breadcrumb\"},\"inLanguage\":\"fr-FR\",\"potentialAction\":[{\"@type\":\"ReadAction\",\"target\":[\"https:\\\/\\\/permakultur-landwirtschaft.org\\\/permaculture-design-course-modulkurs-vom-27-februar-bis-15-juni-2025\\\/\"]}]},{\"@type\":\"ImageObject\",\"inLanguage\":\"fr-FR\",\"@id\":\"https:\\\/\\\/permakultur-landwirtschaft.org\\\/permaculture-design-course-modulkurs-vom-27-februar-bis-15-juni-2025\\\/#primaryimage\",\"url\":\"https:\\\/\\\/permakultur-landwirtschaft.org\\\/wp-content\\\/uploads\\\/2025\\\/02\\\/pdc_wedig_2025-02-03_13-10-57.jpg\",\"contentUrl\":\"https:\\\/\\\/permakultur-landwirtschaft.org\\\/wp-content\\\/uploads\\\/2025\\\/02\\\/pdc_wedig_2025-02-03_13-10-57.jpg\",\"width\":699,\"height\":400,\"caption\":\"Bild: www.alpine-permakultur.ch\"},{\"@type\":\"BreadcrumbList\",\"@id\":\"https:\\\/\\\/permakultur-landwirtschaft.org\\\/permaculture-design-course-modulkurs-vom-27-februar-bis-15-juni-2025\\\/#breadcrumb\",\"itemListElement\":[{\"@type\":\"ListItem\",\"position\":1,\"name\":\"Startseite\",\"item\":\"https:\\\/\\\/permakultur-landwirtschaft.org\\\/\"},{\"@type\":\"ListItem\",\"position\":2,\"name\":\"Permaculture Design Course &#8211; Modulkurs vom 27. Februar bis 15. Juni 2025\"}]},{\"@type\":\"WebSite\",\"@id\":\"https:\\\/\\\/permakultur-landwirtschaft.org\\\/#website\",\"url\":\"https:\\\/\\\/permakultur-landwirtschaft.org\\\/\",\"name\":\"Permakultur-Landwirtschaft\",\"description\":\"F\u00f6rderung der Permakultur in der Landwirtschaft\",\"publisher\":{\"@id\":\"https:\\\/\\\/permakultur-landwirtschaft.org\\\/#organization\"},\"potentialAction\":[{\"@type\":\"SearchAction\",\"target\":{\"@type\":\"EntryPoint\",\"urlTemplate\":\"https:\\\/\\\/permakultur-landwirtschaft.org\\\/?s={search_term_string}\"},\"query-input\":{\"@type\":\"PropertyValueSpecification\",\"valueRequired\":true,\"valueName\":\"search_term_string\"}}],\"inLanguage\":\"fr-FR\"},{\"@type\":\"Organization\",\"@id\":\"https:\\\/\\\/permakultur-landwirtschaft.org\\\/#organization\",\"name\":\"Permakultur-Landwirtschaft\",\"alternateName\":\"Verein Permakultur-Landwirtschaft\",\"url\":\"https:\\\/\\\/permakultur-landwirtschaft.org\\\/\",\"logo\":{\"@type\":\"ImageObject\",\"inLanguage\":\"fr-FR\",\"@id\":\"https:\\\/\\\/permakultur-landwirtschaft.org\\\/#\\\/schema\\\/logo\\\/image\\\/\",\"url\":\"https:\\\/\\\/permakultur-landwirtschaft.org\\\/wp-content\\\/uploads\\\/2021\\\/11\\\/pela_1268x1269.png\",\"contentUrl\":\"https:\\\/\\\/permakultur-landwirtschaft.org\\\/wp-content\\\/uploads\\\/2021\\\/11\\\/pela_1268x1269.png\",\"width\":1298,\"height\":1269,\"caption\":\"Permakultur-Landwirtschaft\"},\"image\":{\"@id\":\"https:\\\/\\\/permakultur-landwirtschaft.org\\\/#\\\/schema\\\/logo\\\/image\\\/\"},\"sameAs\":[\"https:\\\/\\\/www.facebook.com\\\/PermakulturLandwirtschaft\",\"https:\\\/\\\/www.instagram.com\\\/permakultur_landwirtschaft\\\/\",\"https:\\\/\\\/www.flickr.com\\\/photos\\\/permakultur-landwirtschaft\",\"https:\\\/\\\/www.youtube.com\\\/@PermakulturLandwirtschaft\"]},{\"@type\":\"Person\",\"@id\":\"https:\\\/\\\/permakultur-landwirtschaft.org\\\/#\\\/schema\\\/person\\\/6b0467872f75aed3e144093f9bf4f0b0\",\"name\":\"adrian reutimann\",\"url\":\"https:\\\/\\\/permakultur-landwirtschaft.org\\\/fr\\\/author\\\/reutiadr\\\/\"}]}<\/script>\n<!-- \/ Yoast SEO plugin. -->","yoast_head_json":{"title":"Permaculture Design Course - Modulkurs vom 27. Februar bis 15. Juni 2025 - Permakultur-Landwirtschaft","description":"Permakultur Design Kurs ( 72 Stunden Kurs, PDC) auf der Schweibenalp oberhalb Brienz BE \u201eMachen ist wie Wollen nur besser!\u201c","robots":{"index":"index","follow":"follow","max-snippet":"max-snippet:-1","max-image-preview":"max-image-preview:large","max-video-preview":"max-video-preview:-1"},"canonical":"https:\/\/permakultur-landwirtschaft.org\/fr\/permaculture-design-course-modulkurs-vom-27-februar-bis-15-juni-2025\/","og_locale":"fr_FR","og_type":"article","og_title":"Permaculture Design Course - Modulkurs vom 27. Februar bis 15. Juni 2025 - Permakultur-Landwirtschaft","og_description":"Permakultur Design Kurs ( 72 Stunden Kurs, PDC) auf der Schweibenalp oberhalb Brienz BE \u201eMachen ist wie Wollen nur besser!\u201c","og_url":"https:\/\/permakultur-landwirtschaft.org\/fr\/permaculture-design-course-modulkurs-vom-27-februar-bis-15-juni-2025\/","og_site_name":"Permakultur-Landwirtschaft","article_publisher":"https:\/\/www.facebook.com\/PermakulturLandwirtschaft","article_published_time":"2025-02-03T12:18:04+00:00","article_modified_time":"2025-02-03T12:19:25+00:00","og_image":[{"width":699,"height":400,"url":"https:\/\/permakultur-landwirtschaft.org\/wp-content\/uploads\/2025\/02\/pdc_wedig_2025-02-03_13-10-57.jpg","type":"image\/jpeg"}],"author":"adrian reutimann","twitter_card":"summary_large_image","twitter_misc":{"\u00c9crit par":"adrian reutimann","Dur\u00e9e de lecture estim\u00e9e":"3 minutes"},"schema":{"@context":"https:\/\/schema.org","@graph":[{"@type":"Article","@id":"https:\/\/permakultur-landwirtschaft.org\/permaculture-design-course-modulkurs-vom-27-februar-bis-15-juni-2025\/#article","isPartOf":{"@id":"https:\/\/permakultur-landwirtschaft.org\/permaculture-design-course-modulkurs-vom-27-februar-bis-15-juni-2025\/"},"author":{"name":"adrian reutimann","@id":"https:\/\/permakultur-landwirtschaft.org\/#\/schema\/person\/6b0467872f75aed3e144093f9bf4f0b0"},"headline":"Permaculture Design Course &#8211; Modulkurs vom 27. Februar bis 15. Juni 2025","datePublished":"2025-02-03T12:18:04+00:00","dateModified":"2025-02-03T12:19:25+00:00","mainEntityOfPage":{"@id":"https:\/\/permakultur-landwirtschaft.org\/permaculture-design-course-modulkurs-vom-27-februar-bis-15-juni-2025\/"},"wordCount":497,"publisher":{"@id":"https:\/\/permakultur-landwirtschaft.org\/#organization"},"image":{"@id":"https:\/\/permakultur-landwirtschaft.org\/permaculture-design-course-modulkurs-vom-27-februar-bis-15-juni-2025\/#primaryimage"},"thumbnailUrl":"https:\/\/permakultur-landwirtschaft.org\/wp-content\/uploads\/2025\/02\/pdc_wedig_2025-02-03_13-10-57.jpg","keywords":["Daniel Lis","Harald Wedig","Kurs","PDC","Permakultur","Schweibenalp"],"articleSection":["Veranstaltung"],"inLanguage":"fr-FR"},{"@type":"WebPage","@id":"https:\/\/permakultur-landwirtschaft.org\/permaculture-design-course-modulkurs-vom-27-februar-bis-15-juni-2025\/","url":"https:\/\/permakultur-landwirtschaft.org\/permaculture-design-course-modulkurs-vom-27-februar-bis-15-juni-2025\/","name":"Permaculture Design Course - Modulkurs vom 27. Februar bis 15. Juni 2025 - Permakultur-Landwirtschaft","isPartOf":{"@id":"https:\/\/permakultur-landwirtschaft.org\/#website"},"primaryImageOfPage":{"@id":"https:\/\/permakultur-landwirtschaft.org\/permaculture-design-course-modulkurs-vom-27-februar-bis-15-juni-2025\/#primaryimage"},"image":{"@id":"https:\/\/permakultur-landwirtschaft.org\/permaculture-design-course-modulkurs-vom-27-februar-bis-15-juni-2025\/#primaryimage"},"thumbnailUrl":"https:\/\/permakultur-landwirtschaft.org\/wp-content\/uploads\/2025\/02\/pdc_wedig_2025-02-03_13-10-57.jpg","datePublished":"2025-02-03T12:18:04+00:00","dateModified":"2025-02-03T12:19:25+00:00","description":"Permakultur Design Kurs ( 72 Stunden Kurs, PDC) auf der Schweibenalp oberhalb Brienz BE \u201eMachen ist wie Wollen nur besser!\u201c","breadcrumb":{"@id":"https:\/\/permakultur-landwirtschaft.org\/permaculture-design-course-modulkurs-vom-27-februar-bis-15-juni-2025\/#breadcrumb"},"inLanguage":"fr-FR","potentialAction":[{"@type":"ReadAction","target":["https:\/\/permakultur-landwirtschaft.org\/permaculture-design-course-modulkurs-vom-27-februar-bis-15-juni-2025\/"]}]},{"@type":"ImageObject","inLanguage":"fr-FR","@id":"https:\/\/permakultur-landwirtschaft.org\/permaculture-design-course-modulkurs-vom-27-februar-bis-15-juni-2025\/#primaryimage","url":"https:\/\/permakultur-landwirtschaft.org\/wp-content\/uploads\/2025\/02\/pdc_wedig_2025-02-03_13-10-57.jpg","contentUrl":"https:\/\/permakultur-landwirtschaft.org\/wp-content\/uploads\/2025\/02\/pdc_wedig_2025-02-03_13-10-57.jpg","width":699,"height":400,"caption":"Bild: www.alpine-permakultur.ch"},{"@type":"BreadcrumbList","@id":"https:\/\/permakultur-landwirtschaft.org\/permaculture-design-course-modulkurs-vom-27-februar-bis-15-juni-2025\/#breadcrumb","itemListElement":[{"@type":"ListItem","position":1,"name":"Startseite","item":"https:\/\/permakultur-landwirtschaft.org\/"},{"@type":"ListItem","position":2,"name":"Permaculture Design Course &#8211; Modulkurs vom 27. Februar bis 15. Juni 2025"}]},{"@type":"WebSite","@id":"https:\/\/permakultur-landwirtschaft.org\/#website","url":"https:\/\/permakultur-landwirtschaft.org\/","name":"Permakultur-Landwirtschaft","description":"F\u00f6rderung der Permakultur in der Landwirtschaft","publisher":{"@id":"https:\/\/permakultur-landwirtschaft.org\/#organization"},"potentialAction":[{"@type":"SearchAction","target":{"@type":"EntryPoint","urlTemplate":"https:\/\/permakultur-landwirtschaft.org\/?s={search_term_string}"},"query-input":{"@type":"PropertyValueSpecification","valueRequired":true,"valueName":"search_term_string"}}],"inLanguage":"fr-FR"},{"@type":"Organization","@id":"https:\/\/permakultur-landwirtschaft.org\/#organization","name":"Permakultur-Landwirtschaft","alternateName":"Verein Permakultur-Landwirtschaft","url":"https:\/\/permakultur-landwirtschaft.org\/","logo":{"@type":"ImageObject","inLanguage":"fr-FR","@id":"https:\/\/permakultur-landwirtschaft.org\/#\/schema\/logo\/image\/","url":"https:\/\/permakultur-landwirtschaft.org\/wp-content\/uploads\/2021\/11\/pela_1268x1269.png","contentUrl":"https:\/\/permakultur-landwirtschaft.org\/wp-content\/uploads\/2021\/11\/pela_1268x1269.png","width":1298,"height":1269,"caption":"Permakultur-Landwirtschaft"},"image":{"@id":"https:\/\/permakultur-landwirtschaft.org\/#\/schema\/logo\/image\/"},"sameAs":["https:\/\/www.facebook.com\/PermakulturLandwirtschaft","https:\/\/www.instagram.com\/permakultur_landwirtschaft\/","https:\/\/www.flickr.com\/photos\/permakultur-landwirtschaft","https:\/\/www.youtube.com\/@PermakulturLandwirtschaft"]},{"@type":"Person","@id":"https:\/\/permakultur-landwirtschaft.org\/#\/schema\/person\/6b0467872f75aed3e144093f9bf4f0b0","name":"adrian reutimann","url":"https:\/\/permakultur-landwirtschaft.org\/fr\/author\/reutiadr\/"}]}},"_links":{"self":[{"href":"https:\/\/permakultur-landwirtschaft.org\/fr\/wp-json\/wp\/v2\/posts\/35658","targetHints":{"allow":["GET"]}}],"collection":[{"href":"https:\/\/permakultur-landwirtschaft.org\/fr\/wp-json\/wp\/v2\/posts"}],"about":[{"href":"https:\/\/permakultur-landwirtschaft.org\/fr\/wp-json\/wp\/v2\/types\/post"}],"author":[{"embeddable":true,"href":"https:\/\/permakultur-landwirtschaft.org\/fr\/wp-json\/wp\/v2\/users\/2"}],"replies":[{"embeddable":true,"href":"https:\/\/permakultur-landwirtschaft.org\/fr\/wp-json\/wp\/v2\/comments?post=35658"}],"version-history":[{"count":2,"href":"https:\/\/permakultur-landwirtschaft.org\/fr\/wp-json\/wp\/v2\/posts\/35658\/revisions"}],"predecessor-version":[{"id":35661,"href":"https:\/\/permakultur-landwirtschaft.org\/fr\/wp-json\/wp\/v2\/posts\/35658\/revisions\/35661"}],"wp:featuredmedia":[{"embeddable":true,"href":"https:\/\/permakultur-landwirtschaft.org\/fr\/wp-json\/wp\/v2\/media\/35659"}],"wp:attachment":[{"href":"https:\/\/permakultur-landwirtschaft.org\/fr\/wp-json\/wp\/v2\/media?parent=35658"}],"wp:term":[{"taxonomy":"category","embeddable":true,"href":"https:\/\/permakultur-landwirtschaft.org\/fr\/wp-json\/wp\/v2\/categories?post=35658"},{"taxonomy":"post_tag","embeddable":true,"href":"https:\/\/permakultur-landwirtschaft.org\/fr\/wp-json\/wp\/v2\/tags?post=35658"}],"curies":[{"name":"wp","href":"https:\/\/api.w.org\/{rel}","templated":true}]}}