{"id":35644,"date":"2024-12-08T12:18:49","date_gmt":"2024-12-08T11:18:49","guid":{"rendered":"https:\/\/permakultur-landwirtschaft.org\/?p=35644"},"modified":"2025-02-03T12:23:34","modified_gmt":"2025-02-03T11:23:34","slug":"baeume-auf-den-acker-maria-gimenez-agroforst-pionierin-beitrag-vom-08-dezember-2024","status":"publish","type":"post","link":"https:\/\/permakultur-landwirtschaft.org\/fr\/baeume-auf-den-acker-maria-gimenez-agroforst-pionierin-beitrag-vom-08-dezember-2024\/","title":{"rendered":"B\u00e4ume auf den Acker &#8211; Maria Gim\u00e9nez &#8211; Agroforst-Pionierin &#8211; Beitrag vom 08. Dezember 2024"},"content":{"rendered":"<p>Text von youtube:<\/p>\n\n\n\n<p>Der Film Maria Gim\u00e9nez, Agroforst-Pionierin, entstand in der Filmreihe: B\u00e4ume auf den Acker. Das Projekt \u201eB\u00e4ume auf den Acker \u2013 Biologische Vielfalt durch ein erstes Netzwerk Demonstrationsbetriebe Agroforstwirtschaft\u201c wird gef\u00f6rdert im Bundesprogramm Biologische Vielfalt durch das Bundesamt f\u00fcr Naturschutz mit Mitteln des Bundesministeriums f\u00fcr Umwelt, Naturschutz, nukleare Sicherheit und Verbraucherschutz. Dieser Film gibt die Auffassung und Meinung des Zuwendungsempf\u00e4ngers des Bundesprogramms Biologische Vielfalt wieder und muss nicht mit der Auffassung des Zuwendungsgebers \u00fcbereinstimmen.<\/p>\n\n\n\n<p>Betriebsvorstellung:<\/p>\n\n\n\n<ul class=\"wp-block-list\">\n<li>Maria Gim\u00e9nez ist K\u00fcnstlerin und Landwirtin.<\/li>\n\n\n\n<li>Wilmars G\u00e4rten mit 8 Mitarbeitenden vor den Toren von Berlin<\/li>\n\n\n\n<li>5 Hektar G\u00e4rten mit bis zu 250 verschiedenen Gem\u00fcsesorten<\/li>\n\n\n\n<li>240 Hektar Acker- und Gr\u00fcnland mit holistischem Weidemanagement, pfluglosem Ackerbau, pestizidfrei<\/li>\n\n\n\n<li>80 Hektar Forst<\/li>\n\n\n\n<li>mehr als 100 Hektar Agroforstsysteme und Umstellung der Bewirtschaftung, um eine essbare Landschaft der Zukunft entstehen zu lassen<\/li>\n<\/ul>\n\n\n\n<p>Dieser Film gibt Antworten auf die Fragen:<\/p>\n\n\n\n<ul class=\"wp-block-list\">\n<li>Wie kamst du zur Agroforstwirtschaft?<\/li>\n\n\n\n<li>Wie sehen eure Agroforstsysteme konkret aus?<\/li>\n\n\n\n<li>Wie hat sich die Biodiversit\u00e4t ver\u00e4ndert?<\/li>\n\n\n\n<li>Wie finanziert sich der Betrieb?<\/li>\n\n\n\n<li>Wie kommunizierst du mit deinen Kunden?<\/li>\n\n\n\n<li>Welches war zu Anfang das gr\u00f6\u00dfte Hindernis?<\/li>\n\n\n\n<li>Wie hat dir die Agroforst-Beratung geholfen?<\/li>\n\n\n\n<li>Wie lief die Agroforstberatung bei dir ab?<\/li>\n\n\n\n<li>Hast du W\u00fcnsche f\u00fcr den Agroforst-Rechtsrahmen?<\/li>\n\n\n\n<li>Was sind deine besten Tipps f\u00fcr Agroforst-Neulinge?<\/li>\n\n\n\n<li>Welche Vision hast du f\u00fcr den Hof im Jahr 2040?<\/li>\n<\/ul>\n\n\n\n<p><\/p>\n\n\n\n<figure class=\"wp-block-embed is-type-video is-provider-youtube wp-block-embed-youtube wp-embed-aspect-16-9 wp-has-aspect-ratio\"><div class=\"wp-block-embed__wrapper\">\n<iframe title=\"B\u00c4UME AUF DEN ACKER \u2022 Maria Gim\u00e9nez \u2022 Agroforst-Pionierin\" width=\"500\" height=\"281\" src=\"https:\/\/www.youtube.com\/embed\/231Rno8niI4?feature=oembed\" frameborder=\"0\" allow=\"accelerometer; autoplay; clipboard-write; encrypted-media; gyroscope; picture-in-picture; web-share\" referrerpolicy=\"strict-origin-when-cross-origin\" allowfullscreen><\/iframe>\n<\/div><\/figure>\n\n\n\n<p><a href=\"https:\/\/youtu.be\/231Rno8niI4\" target=\"_blank\" rel=\"noreferrer noopener\">Link zum Beitrag auf youtube<\/a><\/p>","protected":false},"excerpt":{"rendered":"<p>Text von youtube: Der Film Maria Gim\u00e9nez, Agroforst-Pionierin, entstand in der Filmreihe: B\u00e4ume auf den Acker. Das Projekt \u201eB\u00e4ume auf den Acker \u2013 Biologische Vielfalt durch ein erstes Netzwerk Demonstrationsbetriebe Agroforstwirtschaft\u201c wird gef\u00f6rdert im Bundesprogramm Biologische Vielfalt durch das Bundesamt f\u00fcr Naturschutz mit Mitteln des Bundesministeriums f\u00fcr Umwelt, Naturschutz, nukleare Sicherheit und Verbraucherschutz. Dieser Film [&hellip;]<\/p>\n","protected":false},"author":2,"featured_media":35645,"comment_status":"closed","ping_status":"closed","sticky":false,"template":"","format":"standard","meta":{"_acf_changed":false,"site-sidebar-layout":"default","site-content-layout":"","ast-site-content-layout":"default","site-content-style":"default","site-sidebar-style":"default","ast-global-header-display":"","ast-banner-title-visibility":"","ast-main-header-display":"","ast-hfb-above-header-display":"","ast-hfb-below-header-display":"","ast-hfb-mobile-header-display":"","site-post-title":"","ast-breadcrumbs-content":"","ast-featured-img":"","footer-sml-layout":"","ast-disable-related-posts":"","theme-transparent-header-meta":"","adv-header-id-meta":"","stick-header-meta":"","header-above-stick-meta":"","header-main-stick-meta":"","header-below-stick-meta":"","astra-migrate-meta-layouts":"set","ast-page-background-enabled":"default","ast-page-background-meta":{"desktop":{"background-color":"var(--ast-global-color-4)","background-image":"","background-repeat":"repeat","background-position":"center center","background-size":"auto","background-attachment":"scroll","background-type":"","background-media":"","overlay-type":"","overlay-color":"","overlay-opacity":"","overlay-gradient":""},"tablet":{"background-color":"","background-image":"","background-repeat":"repeat","background-position":"center center","background-size":"auto","background-attachment":"scroll","background-type":"","background-media":"","overlay-type":"","overlay-color":"","overlay-opacity":"","overlay-gradient":""},"mobile":{"background-color":"","background-image":"","background-repeat":"repeat","background-position":"center center","background-size":"auto","background-attachment":"scroll","background-type":"","background-media":"","overlay-type":"","overlay-color":"","overlay-opacity":"","overlay-gradient":""}},"ast-content-background-meta":{"desktop":{"background-color":"var(--ast-global-color-5)","background-image":"","background-repeat":"repeat","background-position":"center center","background-size":"auto","background-attachment":"scroll","background-type":"","background-media":"","overlay-type":"","overlay-color":"","overlay-opacity":"","overlay-gradient":""},"tablet":{"background-color":"var(--ast-global-color-5)","background-image":"","background-repeat":"repeat","background-position":"center center","background-size":"auto","background-attachment":"scroll","background-type":"","background-media":"","overlay-type":"","overlay-color":"","overlay-opacity":"","overlay-gradient":""},"mobile":{"background-color":"var(--ast-global-color-5)","background-image":"","background-repeat":"repeat","background-position":"center center","background-size":"auto","background-attachment":"scroll","background-type":"","background-media":"","overlay-type":"","overlay-color":"","overlay-opacity":"","overlay-gradient":""}},"footnotes":""},"categories":[45,22],"tags":[31,582,528,529],"class_list":["post-35644","post","type-post","status-publish","format-standard","has-post-thumbnail","hentry","category-filme","category-neuigkeit","tag-agroforst","tag-baeume-auf-den-acker","tag-maria-gimenez","tag-wilmars-gaerten"],"acf":[],"yoast_head":"<!-- This site is optimized with the Yoast SEO plugin v27.5 - https:\/\/yoast.com\/product\/yoast-seo-wordpress\/ -->\n<title>B\u00e4ume auf den Acker - Maria Gim\u00e9nez - Agroforst-Pionierin - Beitrag vom 08. Dezember 2024 - Permakultur-Landwirtschaft<\/title>\n<meta name=\"description\" content=\"Der Film Maria Gim\u00e9nez, Agroforst-Pionierin, entstand in der Filmreihe: B\u00e4ume auf den Acker im Projekt \u201eB\u00e4ume auf den Acker...&quot;.\" \/>\n<meta name=\"robots\" content=\"index, follow, max-snippet:-1, max-image-preview:large, max-video-preview:-1\" \/>\n<link rel=\"canonical\" href=\"https:\/\/permakultur-landwirtschaft.org\/fr\/baeume-auf-den-acker-maria-gimenez-agroforst-pionierin-beitrag-vom-08-dezember-2024\/\" \/>\n<meta property=\"og:locale\" content=\"fr_FR\" \/>\n<meta property=\"og:type\" content=\"article\" \/>\n<meta property=\"og:title\" content=\"B\u00e4ume auf den Acker - Maria Gim\u00e9nez - Agroforst-Pionierin - Beitrag vom 08. Dezember 2024 - Permakultur-Landwirtschaft\" \/>\n<meta property=\"og:description\" content=\"Der Film Maria Gim\u00e9nez, Agroforst-Pionierin, entstand in der Filmreihe: B\u00e4ume auf den Acker im Projekt \u201eB\u00e4ume auf den Acker...&quot;.\" \/>\n<meta property=\"og:url\" content=\"https:\/\/permakultur-landwirtschaft.org\/fr\/baeume-auf-den-acker-maria-gimenez-agroforst-pionierin-beitrag-vom-08-dezember-2024\/\" \/>\n<meta property=\"og:site_name\" content=\"Permakultur-Landwirtschaft\" \/>\n<meta property=\"article:publisher\" content=\"https:\/\/www.facebook.com\/PermakulturLandwirtschaft\" \/>\n<meta property=\"article:published_time\" content=\"2024-12-08T11:18:49+00:00\" \/>\n<meta property=\"article:modified_time\" content=\"2025-02-03T11:23:34+00:00\" \/>\n<meta property=\"og:image\" content=\"https:\/\/permakultur-landwirtschaft.org\/wp-content\/uploads\/2025\/02\/agroforst_gimenez_2025-02-03_12-16-18.jpg\" \/>\n\t<meta property=\"og:image:width\" content=\"700\" \/>\n\t<meta property=\"og:image:height\" content=\"391\" \/>\n\t<meta property=\"og:image:type\" content=\"image\/jpeg\" \/>\n<meta name=\"author\" content=\"adrian reutimann\" \/>\n<meta name=\"twitter:card\" content=\"summary_large_image\" \/>\n<meta name=\"twitter:label1\" content=\"\u00c9crit par\" \/>\n\t<meta name=\"twitter:data1\" content=\"adrian reutimann\" \/>\n\t<meta name=\"twitter:label2\" content=\"Dur\u00e9e de lecture estim\u00e9e\" \/>\n\t<meta name=\"twitter:data2\" content=\"2 minutes\" \/>\n<script type=\"application\/ld+json\" class=\"yoast-schema-graph\">{\"@context\":\"https:\\\/\\\/schema.org\",\"@graph\":[{\"@type\":\"Article\",\"@id\":\"https:\\\/\\\/permakultur-landwirtschaft.org\\\/baeume-auf-den-acker-maria-gimenez-agroforst-pionierin-beitrag-vom-08-dezember-2024\\\/#article\",\"isPartOf\":{\"@id\":\"https:\\\/\\\/permakultur-landwirtschaft.org\\\/baeume-auf-den-acker-maria-gimenez-agroforst-pionierin-beitrag-vom-08-dezember-2024\\\/\"},\"author\":{\"name\":\"adrian reutimann\",\"@id\":\"https:\\\/\\\/permakultur-landwirtschaft.org\\\/#\\\/schema\\\/person\\\/6b0467872f75aed3e144093f9bf4f0b0\"},\"headline\":\"B\u00e4ume auf den Acker &#8211; Maria Gim\u00e9nez &#8211; Agroforst-Pionierin &#8211; Beitrag vom 08. Dezember 2024\",\"datePublished\":\"2024-12-08T11:18:49+00:00\",\"dateModified\":\"2025-02-03T11:23:34+00:00\",\"mainEntityOfPage\":{\"@id\":\"https:\\\/\\\/permakultur-landwirtschaft.org\\\/baeume-auf-den-acker-maria-gimenez-agroforst-pionierin-beitrag-vom-08-dezember-2024\\\/\"},\"wordCount\":249,\"publisher\":{\"@id\":\"https:\\\/\\\/permakultur-landwirtschaft.org\\\/#organization\"},\"image\":{\"@id\":\"https:\\\/\\\/permakultur-landwirtschaft.org\\\/baeume-auf-den-acker-maria-gimenez-agroforst-pionierin-beitrag-vom-08-dezember-2024\\\/#primaryimage\"},\"thumbnailUrl\":\"https:\\\/\\\/permakultur-landwirtschaft.org\\\/wp-content\\\/uploads\\\/2025\\\/02\\\/agroforst_gimenez_2025-02-03_12-16-18.jpg\",\"keywords\":[\"Agroforst\",\"B\u00e4ume auf den Acker\",\"Maria Gim\u00e9nez\",\"Wilmars G\u00e4rten\"],\"articleSection\":[\"Film\",\"Neuigkeit\"],\"inLanguage\":\"fr-FR\"},{\"@type\":\"WebPage\",\"@id\":\"https:\\\/\\\/permakultur-landwirtschaft.org\\\/baeume-auf-den-acker-maria-gimenez-agroforst-pionierin-beitrag-vom-08-dezember-2024\\\/\",\"url\":\"https:\\\/\\\/permakultur-landwirtschaft.org\\\/baeume-auf-den-acker-maria-gimenez-agroforst-pionierin-beitrag-vom-08-dezember-2024\\\/\",\"name\":\"B\u00e4ume auf den Acker - Maria Gim\u00e9nez - Agroforst-Pionierin - Beitrag vom 08. Dezember 2024 - Permakultur-Landwirtschaft\",\"isPartOf\":{\"@id\":\"https:\\\/\\\/permakultur-landwirtschaft.org\\\/#website\"},\"primaryImageOfPage\":{\"@id\":\"https:\\\/\\\/permakultur-landwirtschaft.org\\\/baeume-auf-den-acker-maria-gimenez-agroforst-pionierin-beitrag-vom-08-dezember-2024\\\/#primaryimage\"},\"image\":{\"@id\":\"https:\\\/\\\/permakultur-landwirtschaft.org\\\/baeume-auf-den-acker-maria-gimenez-agroforst-pionierin-beitrag-vom-08-dezember-2024\\\/#primaryimage\"},\"thumbnailUrl\":\"https:\\\/\\\/permakultur-landwirtschaft.org\\\/wp-content\\\/uploads\\\/2025\\\/02\\\/agroforst_gimenez_2025-02-03_12-16-18.jpg\",\"datePublished\":\"2024-12-08T11:18:49+00:00\",\"dateModified\":\"2025-02-03T11:23:34+00:00\",\"description\":\"Der Film Maria Gim\u00e9nez, Agroforst-Pionierin, entstand in der Filmreihe: B\u00e4ume auf den Acker im Projekt \u201eB\u00e4ume auf den Acker...\\\".\",\"breadcrumb\":{\"@id\":\"https:\\\/\\\/permakultur-landwirtschaft.org\\\/baeume-auf-den-acker-maria-gimenez-agroforst-pionierin-beitrag-vom-08-dezember-2024\\\/#breadcrumb\"},\"inLanguage\":\"fr-FR\",\"potentialAction\":[{\"@type\":\"ReadAction\",\"target\":[\"https:\\\/\\\/permakultur-landwirtschaft.org\\\/baeume-auf-den-acker-maria-gimenez-agroforst-pionierin-beitrag-vom-08-dezember-2024\\\/\"]}]},{\"@type\":\"ImageObject\",\"inLanguage\":\"fr-FR\",\"@id\":\"https:\\\/\\\/permakultur-landwirtschaft.org\\\/baeume-auf-den-acker-maria-gimenez-agroforst-pionierin-beitrag-vom-08-dezember-2024\\\/#primaryimage\",\"url\":\"https:\\\/\\\/permakultur-landwirtschaft.org\\\/wp-content\\\/uploads\\\/2025\\\/02\\\/agroforst_gimenez_2025-02-03_12-16-18.jpg\",\"contentUrl\":\"https:\\\/\\\/permakultur-landwirtschaft.org\\\/wp-content\\\/uploads\\\/2025\\\/02\\\/agroforst_gimenez_2025-02-03_12-16-18.jpg\",\"width\":700,\"height\":391,\"caption\":\"Bild: youtube\"},{\"@type\":\"BreadcrumbList\",\"@id\":\"https:\\\/\\\/permakultur-landwirtschaft.org\\\/baeume-auf-den-acker-maria-gimenez-agroforst-pionierin-beitrag-vom-08-dezember-2024\\\/#breadcrumb\",\"itemListElement\":[{\"@type\":\"ListItem\",\"position\":1,\"name\":\"Startseite\",\"item\":\"https:\\\/\\\/permakultur-landwirtschaft.org\\\/\"},{\"@type\":\"ListItem\",\"position\":2,\"name\":\"B\u00e4ume auf den Acker &#8211; Maria Gim\u00e9nez &#8211; Agroforst-Pionierin &#8211; Beitrag vom 08. Dezember 2024\"}]},{\"@type\":\"WebSite\",\"@id\":\"https:\\\/\\\/permakultur-landwirtschaft.org\\\/#website\",\"url\":\"https:\\\/\\\/permakultur-landwirtschaft.org\\\/\",\"name\":\"Permakultur-Landwirtschaft\",\"description\":\"F\u00f6rderung der Permakultur in der Landwirtschaft\",\"publisher\":{\"@id\":\"https:\\\/\\\/permakultur-landwirtschaft.org\\\/#organization\"},\"potentialAction\":[{\"@type\":\"SearchAction\",\"target\":{\"@type\":\"EntryPoint\",\"urlTemplate\":\"https:\\\/\\\/permakultur-landwirtschaft.org\\\/?s={search_term_string}\"},\"query-input\":{\"@type\":\"PropertyValueSpecification\",\"valueRequired\":true,\"valueName\":\"search_term_string\"}}],\"inLanguage\":\"fr-FR\"},{\"@type\":\"Organization\",\"@id\":\"https:\\\/\\\/permakultur-landwirtschaft.org\\\/#organization\",\"name\":\"Permakultur-Landwirtschaft\",\"alternateName\":\"Verein Permakultur-Landwirtschaft\",\"url\":\"https:\\\/\\\/permakultur-landwirtschaft.org\\\/\",\"logo\":{\"@type\":\"ImageObject\",\"inLanguage\":\"fr-FR\",\"@id\":\"https:\\\/\\\/permakultur-landwirtschaft.org\\\/#\\\/schema\\\/logo\\\/image\\\/\",\"url\":\"https:\\\/\\\/permakultur-landwirtschaft.org\\\/wp-content\\\/uploads\\\/2021\\\/11\\\/pela_1268x1269.png\",\"contentUrl\":\"https:\\\/\\\/permakultur-landwirtschaft.org\\\/wp-content\\\/uploads\\\/2021\\\/11\\\/pela_1268x1269.png\",\"width\":1298,\"height\":1269,\"caption\":\"Permakultur-Landwirtschaft\"},\"image\":{\"@id\":\"https:\\\/\\\/permakultur-landwirtschaft.org\\\/#\\\/schema\\\/logo\\\/image\\\/\"},\"sameAs\":[\"https:\\\/\\\/www.facebook.com\\\/PermakulturLandwirtschaft\",\"https:\\\/\\\/www.instagram.com\\\/permakultur_landwirtschaft\\\/\",\"https:\\\/\\\/www.flickr.com\\\/photos\\\/permakultur-landwirtschaft\",\"https:\\\/\\\/www.youtube.com\\\/@PermakulturLandwirtschaft\"]},{\"@type\":\"Person\",\"@id\":\"https:\\\/\\\/permakultur-landwirtschaft.org\\\/#\\\/schema\\\/person\\\/6b0467872f75aed3e144093f9bf4f0b0\",\"name\":\"adrian reutimann\",\"url\":\"https:\\\/\\\/permakultur-landwirtschaft.org\\\/fr\\\/author\\\/reutiadr\\\/\"}]}<\/script>\n<!-- \/ Yoast SEO plugin. -->","yoast_head_json":{"title":"B\u00e4ume auf den Acker - Maria Gim\u00e9nez - Agroforst-Pionierin - Beitrag vom 08. Dezember 2024 - Permakultur-Landwirtschaft","description":"Der Film Maria Gim\u00e9nez, Agroforst-Pionierin, entstand in der Filmreihe: B\u00e4ume auf den Acker im Projekt \u201eB\u00e4ume auf den Acker...\".","robots":{"index":"index","follow":"follow","max-snippet":"max-snippet:-1","max-image-preview":"max-image-preview:large","max-video-preview":"max-video-preview:-1"},"canonical":"https:\/\/permakultur-landwirtschaft.org\/fr\/baeume-auf-den-acker-maria-gimenez-agroforst-pionierin-beitrag-vom-08-dezember-2024\/","og_locale":"fr_FR","og_type":"article","og_title":"B\u00e4ume auf den Acker - Maria Gim\u00e9nez - Agroforst-Pionierin - Beitrag vom 08. Dezember 2024 - Permakultur-Landwirtschaft","og_description":"Der Film Maria Gim\u00e9nez, Agroforst-Pionierin, entstand in der Filmreihe: B\u00e4ume auf den Acker im Projekt \u201eB\u00e4ume auf den Acker...\".","og_url":"https:\/\/permakultur-landwirtschaft.org\/fr\/baeume-auf-den-acker-maria-gimenez-agroforst-pionierin-beitrag-vom-08-dezember-2024\/","og_site_name":"Permakultur-Landwirtschaft","article_publisher":"https:\/\/www.facebook.com\/PermakulturLandwirtschaft","article_published_time":"2024-12-08T11:18:49+00:00","article_modified_time":"2025-02-03T11:23:34+00:00","og_image":[{"width":700,"height":391,"url":"https:\/\/permakultur-landwirtschaft.org\/wp-content\/uploads\/2025\/02\/agroforst_gimenez_2025-02-03_12-16-18.jpg","type":"image\/jpeg"}],"author":"adrian reutimann","twitter_card":"summary_large_image","twitter_misc":{"\u00c9crit par":"adrian reutimann","Dur\u00e9e de lecture estim\u00e9e":"2 minutes"},"schema":{"@context":"https:\/\/schema.org","@graph":[{"@type":"Article","@id":"https:\/\/permakultur-landwirtschaft.org\/baeume-auf-den-acker-maria-gimenez-agroforst-pionierin-beitrag-vom-08-dezember-2024\/#article","isPartOf":{"@id":"https:\/\/permakultur-landwirtschaft.org\/baeume-auf-den-acker-maria-gimenez-agroforst-pionierin-beitrag-vom-08-dezember-2024\/"},"author":{"name":"adrian reutimann","@id":"https:\/\/permakultur-landwirtschaft.org\/#\/schema\/person\/6b0467872f75aed3e144093f9bf4f0b0"},"headline":"B\u00e4ume auf den Acker &#8211; Maria Gim\u00e9nez &#8211; Agroforst-Pionierin &#8211; Beitrag vom 08. Dezember 2024","datePublished":"2024-12-08T11:18:49+00:00","dateModified":"2025-02-03T11:23:34+00:00","mainEntityOfPage":{"@id":"https:\/\/permakultur-landwirtschaft.org\/baeume-auf-den-acker-maria-gimenez-agroforst-pionierin-beitrag-vom-08-dezember-2024\/"},"wordCount":249,"publisher":{"@id":"https:\/\/permakultur-landwirtschaft.org\/#organization"},"image":{"@id":"https:\/\/permakultur-landwirtschaft.org\/baeume-auf-den-acker-maria-gimenez-agroforst-pionierin-beitrag-vom-08-dezember-2024\/#primaryimage"},"thumbnailUrl":"https:\/\/permakultur-landwirtschaft.org\/wp-content\/uploads\/2025\/02\/agroforst_gimenez_2025-02-03_12-16-18.jpg","keywords":["Agroforst","B\u00e4ume auf den Acker","Maria Gim\u00e9nez","Wilmars G\u00e4rten"],"articleSection":["Film","Neuigkeit"],"inLanguage":"fr-FR"},{"@type":"WebPage","@id":"https:\/\/permakultur-landwirtschaft.org\/baeume-auf-den-acker-maria-gimenez-agroforst-pionierin-beitrag-vom-08-dezember-2024\/","url":"https:\/\/permakultur-landwirtschaft.org\/baeume-auf-den-acker-maria-gimenez-agroforst-pionierin-beitrag-vom-08-dezember-2024\/","name":"B\u00e4ume auf den Acker - Maria Gim\u00e9nez - Agroforst-Pionierin - Beitrag vom 08. Dezember 2024 - Permakultur-Landwirtschaft","isPartOf":{"@id":"https:\/\/permakultur-landwirtschaft.org\/#website"},"primaryImageOfPage":{"@id":"https:\/\/permakultur-landwirtschaft.org\/baeume-auf-den-acker-maria-gimenez-agroforst-pionierin-beitrag-vom-08-dezember-2024\/#primaryimage"},"image":{"@id":"https:\/\/permakultur-landwirtschaft.org\/baeume-auf-den-acker-maria-gimenez-agroforst-pionierin-beitrag-vom-08-dezember-2024\/#primaryimage"},"thumbnailUrl":"https:\/\/permakultur-landwirtschaft.org\/wp-content\/uploads\/2025\/02\/agroforst_gimenez_2025-02-03_12-16-18.jpg","datePublished":"2024-12-08T11:18:49+00:00","dateModified":"2025-02-03T11:23:34+00:00","description":"Der Film Maria Gim\u00e9nez, Agroforst-Pionierin, entstand in der Filmreihe: B\u00e4ume auf den Acker im Projekt \u201eB\u00e4ume auf den Acker...\".","breadcrumb":{"@id":"https:\/\/permakultur-landwirtschaft.org\/baeume-auf-den-acker-maria-gimenez-agroforst-pionierin-beitrag-vom-08-dezember-2024\/#breadcrumb"},"inLanguage":"fr-FR","potentialAction":[{"@type":"ReadAction","target":["https:\/\/permakultur-landwirtschaft.org\/baeume-auf-den-acker-maria-gimenez-agroforst-pionierin-beitrag-vom-08-dezember-2024\/"]}]},{"@type":"ImageObject","inLanguage":"fr-FR","@id":"https:\/\/permakultur-landwirtschaft.org\/baeume-auf-den-acker-maria-gimenez-agroforst-pionierin-beitrag-vom-08-dezember-2024\/#primaryimage","url":"https:\/\/permakultur-landwirtschaft.org\/wp-content\/uploads\/2025\/02\/agroforst_gimenez_2025-02-03_12-16-18.jpg","contentUrl":"https:\/\/permakultur-landwirtschaft.org\/wp-content\/uploads\/2025\/02\/agroforst_gimenez_2025-02-03_12-16-18.jpg","width":700,"height":391,"caption":"Bild: youtube"},{"@type":"BreadcrumbList","@id":"https:\/\/permakultur-landwirtschaft.org\/baeume-auf-den-acker-maria-gimenez-agroforst-pionierin-beitrag-vom-08-dezember-2024\/#breadcrumb","itemListElement":[{"@type":"ListItem","position":1,"name":"Startseite","item":"https:\/\/permakultur-landwirtschaft.org\/"},{"@type":"ListItem","position":2,"name":"B\u00e4ume auf den Acker &#8211; Maria Gim\u00e9nez &#8211; Agroforst-Pionierin &#8211; Beitrag vom 08. Dezember 2024"}]},{"@type":"WebSite","@id":"https:\/\/permakultur-landwirtschaft.org\/#website","url":"https:\/\/permakultur-landwirtschaft.org\/","name":"Permakultur-Landwirtschaft","description":"F\u00f6rderung der Permakultur in der Landwirtschaft","publisher":{"@id":"https:\/\/permakultur-landwirtschaft.org\/#organization"},"potentialAction":[{"@type":"SearchAction","target":{"@type":"EntryPoint","urlTemplate":"https:\/\/permakultur-landwirtschaft.org\/?s={search_term_string}"},"query-input":{"@type":"PropertyValueSpecification","valueRequired":true,"valueName":"search_term_string"}}],"inLanguage":"fr-FR"},{"@type":"Organization","@id":"https:\/\/permakultur-landwirtschaft.org\/#organization","name":"Permakultur-Landwirtschaft","alternateName":"Verein Permakultur-Landwirtschaft","url":"https:\/\/permakultur-landwirtschaft.org\/","logo":{"@type":"ImageObject","inLanguage":"fr-FR","@id":"https:\/\/permakultur-landwirtschaft.org\/#\/schema\/logo\/image\/","url":"https:\/\/permakultur-landwirtschaft.org\/wp-content\/uploads\/2021\/11\/pela_1268x1269.png","contentUrl":"https:\/\/permakultur-landwirtschaft.org\/wp-content\/uploads\/2021\/11\/pela_1268x1269.png","width":1298,"height":1269,"caption":"Permakultur-Landwirtschaft"},"image":{"@id":"https:\/\/permakultur-landwirtschaft.org\/#\/schema\/logo\/image\/"},"sameAs":["https:\/\/www.facebook.com\/PermakulturLandwirtschaft","https:\/\/www.instagram.com\/permakultur_landwirtschaft\/","https:\/\/www.flickr.com\/photos\/permakultur-landwirtschaft","https:\/\/www.youtube.com\/@PermakulturLandwirtschaft"]},{"@type":"Person","@id":"https:\/\/permakultur-landwirtschaft.org\/#\/schema\/person\/6b0467872f75aed3e144093f9bf4f0b0","name":"adrian reutimann","url":"https:\/\/permakultur-landwirtschaft.org\/fr\/author\/reutiadr\/"}]}},"_links":{"self":[{"href":"https:\/\/permakultur-landwirtschaft.org\/fr\/wp-json\/wp\/v2\/posts\/35644","targetHints":{"allow":["GET"]}}],"collection":[{"href":"https:\/\/permakultur-landwirtschaft.org\/fr\/wp-json\/wp\/v2\/posts"}],"about":[{"href":"https:\/\/permakultur-landwirtschaft.org\/fr\/wp-json\/wp\/v2\/types\/post"}],"author":[{"embeddable":true,"href":"https:\/\/permakultur-landwirtschaft.org\/fr\/wp-json\/wp\/v2\/users\/2"}],"replies":[{"embeddable":true,"href":"https:\/\/permakultur-landwirtschaft.org\/fr\/wp-json\/wp\/v2\/comments?post=35644"}],"version-history":[{"count":1,"href":"https:\/\/permakultur-landwirtschaft.org\/fr\/wp-json\/wp\/v2\/posts\/35644\/revisions"}],"predecessor-version":[{"id":35646,"href":"https:\/\/permakultur-landwirtschaft.org\/fr\/wp-json\/wp\/v2\/posts\/35644\/revisions\/35646"}],"wp:featuredmedia":[{"embeddable":true,"href":"https:\/\/permakultur-landwirtschaft.org\/fr\/wp-json\/wp\/v2\/media\/35645"}],"wp:attachment":[{"href":"https:\/\/permakultur-landwirtschaft.org\/fr\/wp-json\/wp\/v2\/media?parent=35644"}],"wp:term":[{"taxonomy":"category","embeddable":true,"href":"https:\/\/permakultur-landwirtschaft.org\/fr\/wp-json\/wp\/v2\/categories?post=35644"},{"taxonomy":"post_tag","embeddable":true,"href":"https:\/\/permakultur-landwirtschaft.org\/fr\/wp-json\/wp\/v2\/tags?post=35644"}],"curies":[{"name":"wp","href":"https:\/\/api.w.org\/{rel}","templated":true}]}}