{"id":35629,"date":"2025-02-03T11:55:54","date_gmt":"2025-02-03T10:55:54","guid":{"rendered":"https:\/\/permakultur-landwirtschaft.org\/?p=35629"},"modified":"2025-02-03T11:57:02","modified_gmt":"2025-02-03T10:57:02","slug":"agroforstsysteme-im-gruenland-tipps-zu-aufbau-und-etablierung-webinar-am-25-februar-2025","status":"publish","type":"post","link":"https:\/\/permakultur-landwirtschaft.org\/fr\/agroforstsysteme-im-gruenland-tipps-zu-aufbau-und-etablierung-webinar-am-25-februar-2025\/","title":{"rendered":"Agroforstsysteme im Gr\u00fcnland \u2013 Tipps zu Aufbau und Etablierung &#8211; Webinar am 25. Februar 2025"},"content":{"rendered":"<p>Text von www.bio-austria.at:<\/p>\n\n\n\n<h2 class=\"wp-block-heading\" id=\"datum-ort\">Date<\/h2>\n\n\n\n<p>Mi, 25. Februar 2025, 19:00-22:00 Uhr<\/p>\n\n\n\n<h2 class=\"wp-block-heading\" id=\"ort\">Lieu<\/h2>\n\n\n\n<p>online, Zoom<\/p>\n\n\n\n<h2 class=\"wp-block-heading\" id=\"inhalt\">Inhalt<\/h2>\n\n\n\n<p>Agroforstsysteme sind die Kombination aus Geh\u00f6lzen und Gr\u00fcnlandwirtschaft, Weide, oder Ackerbau. Neben zus\u00e4tzlichen Betriebseinkommen bringen diese Systeme auch Vorteile hinsichtlich Trockenheit, Hitzestress und weiteren Entwicklungen, die uns in der Berglandwirtschaft vermehrt treffen. Bei diesem Webinar bekommen Interessierte und jene, die bereits erste Schritte in diesem Bereich gegangen sind, wertvolle Tipps worauf beim Aufbau, Etablierung und Pflege von Agroforstsystemen zu achten ist. Antworten hierzu geben ein\/e PraktikerIn und ein Agroforstberater.<\/p>\n\n\n\n<h2 class=\"wp-block-heading\" id=\"referent\">Referent<\/h2>\n\n\n\n<ul class=\"wp-block-list\">\n<li>Roland Teufl, Beratung Agroforst, BIO AUSTRIA Nieder\u00f6sterreich und Wien<\/li>\n<\/ul>\n\n\n\n<p><a href=\"https:\/\/www.bio-austria.at\/v\/bauern\/webinar-agroforstsysteme-im-gruenland-tipps-zu-aufbau-und-etablierung\/\" target=\"_blank\" rel=\"noreferrer noopener\">Link zu mehr Infos<\/a><\/p>","protected":false},"excerpt":{"rendered":"<p>Text von www.bio-austria.at: Datum Mi, 25. Februar 2025, 19:00-22:00 Uhr Ort online, Zoom Inhalt Agroforstsysteme sind die Kombination aus Geh\u00f6lzen und Gr\u00fcnlandwirtschaft, Weide, oder Ackerbau. Neben zus\u00e4tzlichen Betriebseinkommen bringen diese Systeme auch Vorteile hinsichtlich Trockenheit, Hitzestress und weiteren Entwicklungen, die uns in der Berglandwirtschaft vermehrt treffen. Bei diesem Webinar bekommen Interessierte und jene, die bereits [&hellip;]<\/p>\n","protected":false},"author":2,"featured_media":35630,"comment_status":"closed","ping_status":"closed","sticky":false,"template":"","format":"standard","meta":{"_acf_changed":false,"site-sidebar-layout":"default","site-content-layout":"","ast-site-content-layout":"default","site-content-style":"default","site-sidebar-style":"default","ast-global-header-display":"","ast-banner-title-visibility":"","ast-main-header-display":"","ast-hfb-above-header-display":"","ast-hfb-below-header-display":"","ast-hfb-mobile-header-display":"","site-post-title":"","ast-breadcrumbs-content":"","ast-featured-img":"","footer-sml-layout":"","ast-disable-related-posts":"","theme-transparent-header-meta":"","adv-header-id-meta":"","stick-header-meta":"","header-above-stick-meta":"","header-main-stick-meta":"","header-below-stick-meta":"","astra-migrate-meta-layouts":"set","ast-page-background-enabled":"default","ast-page-background-meta":{"desktop":{"background-color":"var(--ast-global-color-4)","background-image":"","background-repeat":"repeat","background-position":"center center","background-size":"auto","background-attachment":"scroll","background-type":"","background-media":"","overlay-type":"","overlay-color":"","overlay-opacity":"","overlay-gradient":""},"tablet":{"background-color":"","background-image":"","background-repeat":"repeat","background-position":"center center","background-size":"auto","background-attachment":"scroll","background-type":"","background-media":"","overlay-type":"","overlay-color":"","overlay-opacity":"","overlay-gradient":""},"mobile":{"background-color":"","background-image":"","background-repeat":"repeat","background-position":"center center","background-size":"auto","background-attachment":"scroll","background-type":"","background-media":"","overlay-type":"","overlay-color":"","overlay-opacity":"","overlay-gradient":""}},"ast-content-background-meta":{"desktop":{"background-color":"var(--ast-global-color-5)","background-image":"","background-repeat":"repeat","background-position":"center center","background-size":"auto","background-attachment":"scroll","background-type":"","background-media":"","overlay-type":"","overlay-color":"","overlay-opacity":"","overlay-gradient":""},"tablet":{"background-color":"var(--ast-global-color-5)","background-image":"","background-repeat":"repeat","background-position":"center center","background-size":"auto","background-attachment":"scroll","background-type":"","background-media":"","overlay-type":"","overlay-color":"","overlay-opacity":"","overlay-gradient":""},"mobile":{"background-color":"var(--ast-global-color-5)","background-image":"","background-repeat":"repeat","background-position":"center center","background-size":"auto","background-attachment":"scroll","background-type":"","background-media":"","overlay-type":"","overlay-color":"","overlay-opacity":"","overlay-gradient":""}},"footnotes":""},"categories":[14],"tags":[31,577,579,578,82],"class_list":["post-35629","post","type-post","status-publish","format-standard","has-post-thumbnail","hentry","category-veranstaltung","tag-agroforst","tag-agroforstsysteme-im-gruenland","tag-bio-austria","tag-roland-teufl","tag-webinar"],"acf":[],"yoast_head":"<!-- This site is optimized with the Yoast SEO plugin v27.5 - https:\/\/yoast.com\/product\/yoast-seo-wordpress\/ -->\n<title>Agroforstsysteme im Gr\u00fcnland \u2013 Tipps zu Aufbau und Etablierung - Webinar am 25. Februar 2025 - Permakultur-Landwirtschaft<\/title>\n<meta name=\"description\" content=\"Bei diesem Webinar bekommen sie wertvolle Tipps worauf beim Aufbau, Etablierung und Pflege von Agroforstsystemen zu achten ist.\" \/>\n<meta name=\"robots\" content=\"index, follow, max-snippet:-1, max-image-preview:large, max-video-preview:-1\" \/>\n<link rel=\"canonical\" href=\"https:\/\/permakultur-landwirtschaft.org\/fr\/agroforstsysteme-im-gruenland-tipps-zu-aufbau-und-etablierung-webinar-am-25-februar-2025\/\" \/>\n<meta property=\"og:locale\" content=\"fr_FR\" \/>\n<meta property=\"og:type\" content=\"article\" \/>\n<meta property=\"og:title\" content=\"Agroforstsysteme im Gr\u00fcnland \u2013 Tipps zu Aufbau und Etablierung - Webinar am 25. Februar 2025 - Permakultur-Landwirtschaft\" \/>\n<meta property=\"og:description\" content=\"Bei diesem Webinar bekommen sie wertvolle Tipps worauf beim Aufbau, Etablierung und Pflege von Agroforstsystemen zu achten ist.\" \/>\n<meta property=\"og:url\" content=\"https:\/\/permakultur-landwirtschaft.org\/fr\/agroforstsysteme-im-gruenland-tipps-zu-aufbau-und-etablierung-webinar-am-25-februar-2025\/\" \/>\n<meta property=\"og:site_name\" content=\"Permakultur-Landwirtschaft\" \/>\n<meta property=\"article:publisher\" content=\"https:\/\/www.facebook.com\/PermakulturLandwirtschaft\" \/>\n<meta property=\"article:published_time\" content=\"2025-02-03T10:55:54+00:00\" \/>\n<meta property=\"article:modified_time\" content=\"2025-02-03T10:57:02+00:00\" \/>\n<meta property=\"og:image\" content=\"https:\/\/permakultur-landwirtschaft.org\/wp-content\/uploads\/2025\/02\/webinar_agroforst-im-grunland-c-sonja-wclek-720x540-1.jpg\" \/>\n\t<meta property=\"og:image:width\" content=\"700\" \/>\n\t<meta property=\"og:image:height\" content=\"525\" \/>\n\t<meta property=\"og:image:type\" content=\"image\/jpeg\" \/>\n<meta name=\"author\" content=\"adrian reutimann\" \/>\n<meta name=\"twitter:card\" content=\"summary_large_image\" \/>\n<meta name=\"twitter:label1\" content=\"\u00c9crit par\" \/>\n\t<meta name=\"twitter:data1\" content=\"adrian reutimann\" \/>\n\t<meta name=\"twitter:label2\" content=\"Dur\u00e9e de lecture estim\u00e9e\" \/>\n\t<meta name=\"twitter:data2\" content=\"1 minute\" \/>\n<script type=\"application\/ld+json\" class=\"yoast-schema-graph\">{\"@context\":\"https:\\\/\\\/schema.org\",\"@graph\":[{\"@type\":\"Article\",\"@id\":\"https:\\\/\\\/permakultur-landwirtschaft.org\\\/agroforstsysteme-im-gruenland-tipps-zu-aufbau-und-etablierung-webinar-am-25-februar-2025\\\/#article\",\"isPartOf\":{\"@id\":\"https:\\\/\\\/permakultur-landwirtschaft.org\\\/agroforstsysteme-im-gruenland-tipps-zu-aufbau-und-etablierung-webinar-am-25-februar-2025\\\/\"},\"author\":{\"name\":\"adrian reutimann\",\"@id\":\"https:\\\/\\\/permakultur-landwirtschaft.org\\\/#\\\/schema\\\/person\\\/6b0467872f75aed3e144093f9bf4f0b0\"},\"headline\":\"Agroforstsysteme im Gr\u00fcnland \u2013 Tipps zu Aufbau und Etablierung &#8211; Webinar am 25. Februar 2025\",\"datePublished\":\"2025-02-03T10:55:54+00:00\",\"dateModified\":\"2025-02-03T10:57:02+00:00\",\"mainEntityOfPage\":{\"@id\":\"https:\\\/\\\/permakultur-landwirtschaft.org\\\/agroforstsysteme-im-gruenland-tipps-zu-aufbau-und-etablierung-webinar-am-25-februar-2025\\\/\"},\"wordCount\":115,\"publisher\":{\"@id\":\"https:\\\/\\\/permakultur-landwirtschaft.org\\\/#organization\"},\"image\":{\"@id\":\"https:\\\/\\\/permakultur-landwirtschaft.org\\\/agroforstsysteme-im-gruenland-tipps-zu-aufbau-und-etablierung-webinar-am-25-februar-2025\\\/#primaryimage\"},\"thumbnailUrl\":\"https:\\\/\\\/permakultur-landwirtschaft.org\\\/wp-content\\\/uploads\\\/2025\\\/02\\\/webinar_agroforst-im-grunland-c-sonja-wclek-720x540-1.jpg\",\"keywords\":[\"Agroforst\",\"Agroforstsysteme im Gr\u00fcnland\",\"Bio Austria\",\"Roland Teufl\",\"Webinar\"],\"articleSection\":[\"Veranstaltung\"],\"inLanguage\":\"fr-FR\"},{\"@type\":\"WebPage\",\"@id\":\"https:\\\/\\\/permakultur-landwirtschaft.org\\\/agroforstsysteme-im-gruenland-tipps-zu-aufbau-und-etablierung-webinar-am-25-februar-2025\\\/\",\"url\":\"https:\\\/\\\/permakultur-landwirtschaft.org\\\/agroforstsysteme-im-gruenland-tipps-zu-aufbau-und-etablierung-webinar-am-25-februar-2025\\\/\",\"name\":\"Agroforstsysteme im Gr\u00fcnland \u2013 Tipps zu Aufbau und Etablierung - Webinar am 25. Februar 2025 - Permakultur-Landwirtschaft\",\"isPartOf\":{\"@id\":\"https:\\\/\\\/permakultur-landwirtschaft.org\\\/#website\"},\"primaryImageOfPage\":{\"@id\":\"https:\\\/\\\/permakultur-landwirtschaft.org\\\/agroforstsysteme-im-gruenland-tipps-zu-aufbau-und-etablierung-webinar-am-25-februar-2025\\\/#primaryimage\"},\"image\":{\"@id\":\"https:\\\/\\\/permakultur-landwirtschaft.org\\\/agroforstsysteme-im-gruenland-tipps-zu-aufbau-und-etablierung-webinar-am-25-februar-2025\\\/#primaryimage\"},\"thumbnailUrl\":\"https:\\\/\\\/permakultur-landwirtschaft.org\\\/wp-content\\\/uploads\\\/2025\\\/02\\\/webinar_agroforst-im-grunland-c-sonja-wclek-720x540-1.jpg\",\"datePublished\":\"2025-02-03T10:55:54+00:00\",\"dateModified\":\"2025-02-03T10:57:02+00:00\",\"description\":\"Bei diesem Webinar bekommen sie wertvolle Tipps worauf beim Aufbau, Etablierung und Pflege von Agroforstsystemen zu achten ist.\",\"breadcrumb\":{\"@id\":\"https:\\\/\\\/permakultur-landwirtschaft.org\\\/agroforstsysteme-im-gruenland-tipps-zu-aufbau-und-etablierung-webinar-am-25-februar-2025\\\/#breadcrumb\"},\"inLanguage\":\"fr-FR\",\"potentialAction\":[{\"@type\":\"ReadAction\",\"target\":[\"https:\\\/\\\/permakultur-landwirtschaft.org\\\/agroforstsysteme-im-gruenland-tipps-zu-aufbau-und-etablierung-webinar-am-25-februar-2025\\\/\"]}]},{\"@type\":\"ImageObject\",\"inLanguage\":\"fr-FR\",\"@id\":\"https:\\\/\\\/permakultur-landwirtschaft.org\\\/agroforstsysteme-im-gruenland-tipps-zu-aufbau-und-etablierung-webinar-am-25-februar-2025\\\/#primaryimage\",\"url\":\"https:\\\/\\\/permakultur-landwirtschaft.org\\\/wp-content\\\/uploads\\\/2025\\\/02\\\/webinar_agroforst-im-grunland-c-sonja-wclek-720x540-1.jpg\",\"contentUrl\":\"https:\\\/\\\/permakultur-landwirtschaft.org\\\/wp-content\\\/uploads\\\/2025\\\/02\\\/webinar_agroforst-im-grunland-c-sonja-wclek-720x540-1.jpg\",\"width\":700,\"height\":525,\"caption\":\"Bild: Sonja Wlcek, organic17\"},{\"@type\":\"BreadcrumbList\",\"@id\":\"https:\\\/\\\/permakultur-landwirtschaft.org\\\/agroforstsysteme-im-gruenland-tipps-zu-aufbau-und-etablierung-webinar-am-25-februar-2025\\\/#breadcrumb\",\"itemListElement\":[{\"@type\":\"ListItem\",\"position\":1,\"name\":\"Startseite\",\"item\":\"https:\\\/\\\/permakultur-landwirtschaft.org\\\/\"},{\"@type\":\"ListItem\",\"position\":2,\"name\":\"Agroforstsysteme im Gr\u00fcnland \u2013 Tipps zu Aufbau und Etablierung &#8211; Webinar am 25. Februar 2025\"}]},{\"@type\":\"WebSite\",\"@id\":\"https:\\\/\\\/permakultur-landwirtschaft.org\\\/#website\",\"url\":\"https:\\\/\\\/permakultur-landwirtschaft.org\\\/\",\"name\":\"Permakultur-Landwirtschaft\",\"description\":\"F\u00f6rderung der Permakultur in der Landwirtschaft\",\"publisher\":{\"@id\":\"https:\\\/\\\/permakultur-landwirtschaft.org\\\/#organization\"},\"potentialAction\":[{\"@type\":\"SearchAction\",\"target\":{\"@type\":\"EntryPoint\",\"urlTemplate\":\"https:\\\/\\\/permakultur-landwirtschaft.org\\\/?s={search_term_string}\"},\"query-input\":{\"@type\":\"PropertyValueSpecification\",\"valueRequired\":true,\"valueName\":\"search_term_string\"}}],\"inLanguage\":\"fr-FR\"},{\"@type\":\"Organization\",\"@id\":\"https:\\\/\\\/permakultur-landwirtschaft.org\\\/#organization\",\"name\":\"Permakultur-Landwirtschaft\",\"alternateName\":\"Verein Permakultur-Landwirtschaft\",\"url\":\"https:\\\/\\\/permakultur-landwirtschaft.org\\\/\",\"logo\":{\"@type\":\"ImageObject\",\"inLanguage\":\"fr-FR\",\"@id\":\"https:\\\/\\\/permakultur-landwirtschaft.org\\\/#\\\/schema\\\/logo\\\/image\\\/\",\"url\":\"https:\\\/\\\/permakultur-landwirtschaft.org\\\/wp-content\\\/uploads\\\/2021\\\/11\\\/pela_1268x1269.png\",\"contentUrl\":\"https:\\\/\\\/permakultur-landwirtschaft.org\\\/wp-content\\\/uploads\\\/2021\\\/11\\\/pela_1268x1269.png\",\"width\":1298,\"height\":1269,\"caption\":\"Permakultur-Landwirtschaft\"},\"image\":{\"@id\":\"https:\\\/\\\/permakultur-landwirtschaft.org\\\/#\\\/schema\\\/logo\\\/image\\\/\"},\"sameAs\":[\"https:\\\/\\\/www.facebook.com\\\/PermakulturLandwirtschaft\",\"https:\\\/\\\/www.instagram.com\\\/permakultur_landwirtschaft\\\/\",\"https:\\\/\\\/www.flickr.com\\\/photos\\\/permakultur-landwirtschaft\",\"https:\\\/\\\/www.youtube.com\\\/@PermakulturLandwirtschaft\"]},{\"@type\":\"Person\",\"@id\":\"https:\\\/\\\/permakultur-landwirtschaft.org\\\/#\\\/schema\\\/person\\\/6b0467872f75aed3e144093f9bf4f0b0\",\"name\":\"adrian reutimann\",\"url\":\"https:\\\/\\\/permakultur-landwirtschaft.org\\\/fr\\\/author\\\/reutiadr\\\/\"}]}<\/script>\n<!-- \/ Yoast SEO plugin. -->","yoast_head_json":{"title":"Agroforstsysteme im Gr\u00fcnland \u2013 Tipps zu Aufbau und Etablierung - Webinar am 25. Februar 2025 - Permakultur-Landwirtschaft","description":"Bei diesem Webinar bekommen sie wertvolle Tipps worauf beim Aufbau, Etablierung und Pflege von Agroforstsystemen zu achten ist.","robots":{"index":"index","follow":"follow","max-snippet":"max-snippet:-1","max-image-preview":"max-image-preview:large","max-video-preview":"max-video-preview:-1"},"canonical":"https:\/\/permakultur-landwirtschaft.org\/fr\/agroforstsysteme-im-gruenland-tipps-zu-aufbau-und-etablierung-webinar-am-25-februar-2025\/","og_locale":"fr_FR","og_type":"article","og_title":"Agroforstsysteme im Gr\u00fcnland \u2013 Tipps zu Aufbau und Etablierung - Webinar am 25. Februar 2025 - Permakultur-Landwirtschaft","og_description":"Bei diesem Webinar bekommen sie wertvolle Tipps worauf beim Aufbau, Etablierung und Pflege von Agroforstsystemen zu achten ist.","og_url":"https:\/\/permakultur-landwirtschaft.org\/fr\/agroforstsysteme-im-gruenland-tipps-zu-aufbau-und-etablierung-webinar-am-25-februar-2025\/","og_site_name":"Permakultur-Landwirtschaft","article_publisher":"https:\/\/www.facebook.com\/PermakulturLandwirtschaft","article_published_time":"2025-02-03T10:55:54+00:00","article_modified_time":"2025-02-03T10:57:02+00:00","og_image":[{"width":700,"height":525,"url":"https:\/\/permakultur-landwirtschaft.org\/wp-content\/uploads\/2025\/02\/webinar_agroforst-im-grunland-c-sonja-wclek-720x540-1.jpg","type":"image\/jpeg"}],"author":"adrian reutimann","twitter_card":"summary_large_image","twitter_misc":{"\u00c9crit par":"adrian reutimann","Dur\u00e9e de lecture estim\u00e9e":"1 minute"},"schema":{"@context":"https:\/\/schema.org","@graph":[{"@type":"Article","@id":"https:\/\/permakultur-landwirtschaft.org\/agroforstsysteme-im-gruenland-tipps-zu-aufbau-und-etablierung-webinar-am-25-februar-2025\/#article","isPartOf":{"@id":"https:\/\/permakultur-landwirtschaft.org\/agroforstsysteme-im-gruenland-tipps-zu-aufbau-und-etablierung-webinar-am-25-februar-2025\/"},"author":{"name":"adrian reutimann","@id":"https:\/\/permakultur-landwirtschaft.org\/#\/schema\/person\/6b0467872f75aed3e144093f9bf4f0b0"},"headline":"Agroforstsysteme im Gr\u00fcnland \u2013 Tipps zu Aufbau und Etablierung &#8211; Webinar am 25. Februar 2025","datePublished":"2025-02-03T10:55:54+00:00","dateModified":"2025-02-03T10:57:02+00:00","mainEntityOfPage":{"@id":"https:\/\/permakultur-landwirtschaft.org\/agroforstsysteme-im-gruenland-tipps-zu-aufbau-und-etablierung-webinar-am-25-februar-2025\/"},"wordCount":115,"publisher":{"@id":"https:\/\/permakultur-landwirtschaft.org\/#organization"},"image":{"@id":"https:\/\/permakultur-landwirtschaft.org\/agroforstsysteme-im-gruenland-tipps-zu-aufbau-und-etablierung-webinar-am-25-februar-2025\/#primaryimage"},"thumbnailUrl":"https:\/\/permakultur-landwirtschaft.org\/wp-content\/uploads\/2025\/02\/webinar_agroforst-im-grunland-c-sonja-wclek-720x540-1.jpg","keywords":["Agroforst","Agroforstsysteme im Gr\u00fcnland","Bio Austria","Roland Teufl","Webinar"],"articleSection":["Veranstaltung"],"inLanguage":"fr-FR"},{"@type":"WebPage","@id":"https:\/\/permakultur-landwirtschaft.org\/agroforstsysteme-im-gruenland-tipps-zu-aufbau-und-etablierung-webinar-am-25-februar-2025\/","url":"https:\/\/permakultur-landwirtschaft.org\/agroforstsysteme-im-gruenland-tipps-zu-aufbau-und-etablierung-webinar-am-25-februar-2025\/","name":"Agroforstsysteme im Gr\u00fcnland \u2013 Tipps zu Aufbau und Etablierung - Webinar am 25. Februar 2025 - Permakultur-Landwirtschaft","isPartOf":{"@id":"https:\/\/permakultur-landwirtschaft.org\/#website"},"primaryImageOfPage":{"@id":"https:\/\/permakultur-landwirtschaft.org\/agroforstsysteme-im-gruenland-tipps-zu-aufbau-und-etablierung-webinar-am-25-februar-2025\/#primaryimage"},"image":{"@id":"https:\/\/permakultur-landwirtschaft.org\/agroforstsysteme-im-gruenland-tipps-zu-aufbau-und-etablierung-webinar-am-25-februar-2025\/#primaryimage"},"thumbnailUrl":"https:\/\/permakultur-landwirtschaft.org\/wp-content\/uploads\/2025\/02\/webinar_agroforst-im-grunland-c-sonja-wclek-720x540-1.jpg","datePublished":"2025-02-03T10:55:54+00:00","dateModified":"2025-02-03T10:57:02+00:00","description":"Bei diesem Webinar bekommen sie wertvolle Tipps worauf beim Aufbau, Etablierung und Pflege von Agroforstsystemen zu achten ist.","breadcrumb":{"@id":"https:\/\/permakultur-landwirtschaft.org\/agroforstsysteme-im-gruenland-tipps-zu-aufbau-und-etablierung-webinar-am-25-februar-2025\/#breadcrumb"},"inLanguage":"fr-FR","potentialAction":[{"@type":"ReadAction","target":["https:\/\/permakultur-landwirtschaft.org\/agroforstsysteme-im-gruenland-tipps-zu-aufbau-und-etablierung-webinar-am-25-februar-2025\/"]}]},{"@type":"ImageObject","inLanguage":"fr-FR","@id":"https:\/\/permakultur-landwirtschaft.org\/agroforstsysteme-im-gruenland-tipps-zu-aufbau-und-etablierung-webinar-am-25-februar-2025\/#primaryimage","url":"https:\/\/permakultur-landwirtschaft.org\/wp-content\/uploads\/2025\/02\/webinar_agroforst-im-grunland-c-sonja-wclek-720x540-1.jpg","contentUrl":"https:\/\/permakultur-landwirtschaft.org\/wp-content\/uploads\/2025\/02\/webinar_agroforst-im-grunland-c-sonja-wclek-720x540-1.jpg","width":700,"height":525,"caption":"Bild: Sonja Wlcek, organic17"},{"@type":"BreadcrumbList","@id":"https:\/\/permakultur-landwirtschaft.org\/agroforstsysteme-im-gruenland-tipps-zu-aufbau-und-etablierung-webinar-am-25-februar-2025\/#breadcrumb","itemListElement":[{"@type":"ListItem","position":1,"name":"Startseite","item":"https:\/\/permakultur-landwirtschaft.org\/"},{"@type":"ListItem","position":2,"name":"Agroforstsysteme im Gr\u00fcnland \u2013 Tipps zu Aufbau und Etablierung &#8211; Webinar am 25. Februar 2025"}]},{"@type":"WebSite","@id":"https:\/\/permakultur-landwirtschaft.org\/#website","url":"https:\/\/permakultur-landwirtschaft.org\/","name":"Permakultur-Landwirtschaft","description":"F\u00f6rderung der Permakultur in der Landwirtschaft","publisher":{"@id":"https:\/\/permakultur-landwirtschaft.org\/#organization"},"potentialAction":[{"@type":"SearchAction","target":{"@type":"EntryPoint","urlTemplate":"https:\/\/permakultur-landwirtschaft.org\/?s={search_term_string}"},"query-input":{"@type":"PropertyValueSpecification","valueRequired":true,"valueName":"search_term_string"}}],"inLanguage":"fr-FR"},{"@type":"Organization","@id":"https:\/\/permakultur-landwirtschaft.org\/#organization","name":"Permakultur-Landwirtschaft","alternateName":"Verein Permakultur-Landwirtschaft","url":"https:\/\/permakultur-landwirtschaft.org\/","logo":{"@type":"ImageObject","inLanguage":"fr-FR","@id":"https:\/\/permakultur-landwirtschaft.org\/#\/schema\/logo\/image\/","url":"https:\/\/permakultur-landwirtschaft.org\/wp-content\/uploads\/2021\/11\/pela_1268x1269.png","contentUrl":"https:\/\/permakultur-landwirtschaft.org\/wp-content\/uploads\/2021\/11\/pela_1268x1269.png","width":1298,"height":1269,"caption":"Permakultur-Landwirtschaft"},"image":{"@id":"https:\/\/permakultur-landwirtschaft.org\/#\/schema\/logo\/image\/"},"sameAs":["https:\/\/www.facebook.com\/PermakulturLandwirtschaft","https:\/\/www.instagram.com\/permakultur_landwirtschaft\/","https:\/\/www.flickr.com\/photos\/permakultur-landwirtschaft","https:\/\/www.youtube.com\/@PermakulturLandwirtschaft"]},{"@type":"Person","@id":"https:\/\/permakultur-landwirtschaft.org\/#\/schema\/person\/6b0467872f75aed3e144093f9bf4f0b0","name":"adrian reutimann","url":"https:\/\/permakultur-landwirtschaft.org\/fr\/author\/reutiadr\/"}]}},"_links":{"self":[{"href":"https:\/\/permakultur-landwirtschaft.org\/fr\/wp-json\/wp\/v2\/posts\/35629","targetHints":{"allow":["GET"]}}],"collection":[{"href":"https:\/\/permakultur-landwirtschaft.org\/fr\/wp-json\/wp\/v2\/posts"}],"about":[{"href":"https:\/\/permakultur-landwirtschaft.org\/fr\/wp-json\/wp\/v2\/types\/post"}],"author":[{"embeddable":true,"href":"https:\/\/permakultur-landwirtschaft.org\/fr\/wp-json\/wp\/v2\/users\/2"}],"replies":[{"embeddable":true,"href":"https:\/\/permakultur-landwirtschaft.org\/fr\/wp-json\/wp\/v2\/comments?post=35629"}],"version-history":[{"count":2,"href":"https:\/\/permakultur-landwirtschaft.org\/fr\/wp-json\/wp\/v2\/posts\/35629\/revisions"}],"predecessor-version":[{"id":35632,"href":"https:\/\/permakultur-landwirtschaft.org\/fr\/wp-json\/wp\/v2\/posts\/35629\/revisions\/35632"}],"wp:featuredmedia":[{"embeddable":true,"href":"https:\/\/permakultur-landwirtschaft.org\/fr\/wp-json\/wp\/v2\/media\/35630"}],"wp:attachment":[{"href":"https:\/\/permakultur-landwirtschaft.org\/fr\/wp-json\/wp\/v2\/media?parent=35629"}],"wp:term":[{"taxonomy":"category","embeddable":true,"href":"https:\/\/permakultur-landwirtschaft.org\/fr\/wp-json\/wp\/v2\/categories?post=35629"},{"taxonomy":"post_tag","embeddable":true,"href":"https:\/\/permakultur-landwirtschaft.org\/fr\/wp-json\/wp\/v2\/tags?post=35629"}],"curies":[{"name":"wp","href":"https:\/\/api.w.org\/{rel}","templated":true}]}}