{"id":35618,"date":"2025-01-30T10:19:29","date_gmt":"2025-01-30T09:19:29","guid":{"rendered":"https:\/\/permakultur-landwirtschaft.org\/?p=35618"},"modified":"2025-02-03T10:24:21","modified_gmt":"2025-02-03T09:24:21","slug":"der-rebberg-als-mischkultur-beitrag-vom-30-januar-2025","status":"publish","type":"post","link":"https:\/\/permakultur-landwirtschaft.org\/fr\/der-rebberg-als-mischkultur-beitrag-vom-30-januar-2025\/","title":{"rendered":"Der Rebberg als Mischkultur &#8211; Beitrag vom 30. Januar 2025"},"content":{"rendered":"<p>Text von bioaktuell.ch:<\/p>\n\n\n\n<p>Kleine B\u00e4che, Hecken, Rebh\u00e4nge und Obstb\u00e4ume &#8211; eingebettet in die H\u00fcgel zwischen Winterthur und Frauenfeld, passen die Agro- und Vitiforstanlagen von J\u00fcrg und Pascale Strauss gut zur Landschaft. Gemeinsam bewirtschaften sie seit 2016 den Betrieb Strauss Bioagrikultur in Rickenbach ZH mit 12 Hektaren Obst-, Reb- und Ackerfl\u00e4chen. Im Vordergrund steht f\u00fcr die beiden die Vielfalt auf dem Knospe- Betrieb. Die l\u00e4sst sich gerade in den Reben gut erleben.<\/p>\n\n\n\n<p>In einer neu angelegten Rebzeile stehen alle paar Meter junge Apfelb\u00e4ume, die J\u00fcrg Strauss wie die Reben am Draht erzieht. Anderswo folgt auf einen Rebstock pl\u00f6tzlich eine Kiwi oder auch ein schon hoch gewachsener Baumhasel oder ein Nussbaum. Die Unterstockpflege versucht J\u00fcrg Strauss extensiv zu gestalten. Zwischen den Reihen sind auch Bl\u00fchstreifen angelegt, in einem Streifen steht sogar hoher Dinkel und vor einem Jahr wuchsen Kartoffeln und Zuckermais in den Reben. Den Dinkel hat J\u00fcrg Strauss letztes Jahr spontan ausges\u00e4t. Der Streifen beherbergt viele Spinnen und eine vielf\u00e4ltige Ackerbegleitflora. \u00abNormalerweise ernten wir die Sekund\u00e4rkulturen, der Dinkel aber bleibt stehen und bietet so einen ganz speziellen Lebensraum, den man sonst in Rebbergen nicht findet\u00bb, sagt J\u00fcrg Strauss.<\/p>\n\n\n\n<p>&#8230;<\/p>\n\n\n\n<p><a href=\"https:\/\/www.bioaktuell.ch\/aktuell\/meldung\/der-rebberg-als-mischkultur\" target=\"_blank\" rel=\"noreferrer noopener\">Lien vers l'article complet<\/a><\/p>\n\n\n\n<p><a href=\"https:\/\/www.bioagrikultur.bio\/\" target=\"_blank\" rel=\"noreferrer noopener\">Link zu Strauss Bioagrikultur<\/a><\/p>","protected":false},"excerpt":{"rendered":"<p>Text von bioaktuell.ch: Kleine B\u00e4che, Hecken, Rebh\u00e4nge und Obstb\u00e4ume &#8211; eingebettet in die H\u00fcgel zwischen Winterthur und Frauenfeld, passen die Agro- und Vitiforstanlagen von J\u00fcrg und Pascale Strauss gut zur Landschaft. Gemeinsam bewirtschaften sie seit 2016 den Betrieb Strauss Bioagrikultur in Rickenbach ZH mit 12 Hektaren Obst-, Reb- und Ackerfl\u00e4chen. Im Vordergrund steht f\u00fcr die [&hellip;]<\/p>\n","protected":false},"author":2,"featured_media":35619,"comment_status":"closed","ping_status":"closed","sticky":false,"template":"","format":"standard","meta":{"_acf_changed":false,"site-sidebar-layout":"default","site-content-layout":"","ast-site-content-layout":"default","site-content-style":"default","site-sidebar-style":"default","ast-global-header-display":"","ast-banner-title-visibility":"","ast-main-header-display":"","ast-hfb-above-header-display":"","ast-hfb-below-header-display":"","ast-hfb-mobile-header-display":"","site-post-title":"","ast-breadcrumbs-content":"","ast-featured-img":"","footer-sml-layout":"","ast-disable-related-posts":"","theme-transparent-header-meta":"","adv-header-id-meta":"","stick-header-meta":"","header-above-stick-meta":"","header-main-stick-meta":"","header-below-stick-meta":"","astra-migrate-meta-layouts":"set","ast-page-background-enabled":"default","ast-page-background-meta":{"desktop":{"background-color":"var(--ast-global-color-4)","background-image":"","background-repeat":"repeat","background-position":"center center","background-size":"auto","background-attachment":"scroll","background-type":"","background-media":"","overlay-type":"","overlay-color":"","overlay-opacity":"","overlay-gradient":""},"tablet":{"background-color":"","background-image":"","background-repeat":"repeat","background-position":"center center","background-size":"auto","background-attachment":"scroll","background-type":"","background-media":"","overlay-type":"","overlay-color":"","overlay-opacity":"","overlay-gradient":""},"mobile":{"background-color":"","background-image":"","background-repeat":"repeat","background-position":"center center","background-size":"auto","background-attachment":"scroll","background-type":"","background-media":"","overlay-type":"","overlay-color":"","overlay-opacity":"","overlay-gradient":""}},"ast-content-background-meta":{"desktop":{"background-color":"var(--ast-global-color-5)","background-image":"","background-repeat":"repeat","background-position":"center center","background-size":"auto","background-attachment":"scroll","background-type":"","background-media":"","overlay-type":"","overlay-color":"","overlay-opacity":"","overlay-gradient":""},"tablet":{"background-color":"var(--ast-global-color-5)","background-image":"","background-repeat":"repeat","background-position":"center center","background-size":"auto","background-attachment":"scroll","background-type":"","background-media":"","overlay-type":"","overlay-color":"","overlay-opacity":"","overlay-gradient":""},"mobile":{"background-color":"var(--ast-global-color-5)","background-image":"","background-repeat":"repeat","background-position":"center center","background-size":"auto","background-attachment":"scroll","background-type":"","background-media":"","overlay-type":"","overlay-color":"","overlay-opacity":"","overlay-gradient":""}},"footnotes":""},"categories":[22],"tags":[31,168,536,569,568],"class_list":["post-35618","post","type-post","status-publish","format-standard","has-post-thumbnail","hentry","category-neuigkeit","tag-agroforst","tag-bioaktuell","tag-juerg-strauss","tag-mischkultur","tag-weinberg"],"acf":[],"yoast_head":"<!-- This site is optimized with the Yoast SEO plugin v27.5 - https:\/\/yoast.com\/product\/yoast-seo-wordpress\/ -->\n<title>Der Rebberg als Mischkultur - Beitrag vom 30. Januar 2025 - Permakultur-Landwirtschaft<\/title>\n<meta name=\"description\" content=\"Kleine B\u00e4che, Hecken, Rebh\u00e4nge und Obstb\u00e4ume, die Agro- und Vitiforstanlagen von J\u00fcrg und Pascale Strauss passen gut zur Landschaft.\" \/>\n<meta name=\"robots\" content=\"index, follow, max-snippet:-1, max-image-preview:large, max-video-preview:-1\" \/>\n<link rel=\"canonical\" href=\"https:\/\/permakultur-landwirtschaft.org\/fr\/der-rebberg-als-mischkultur-beitrag-vom-30-januar-2025\/\" \/>\n<meta property=\"og:locale\" content=\"fr_FR\" \/>\n<meta property=\"og:type\" content=\"article\" \/>\n<meta property=\"og:title\" content=\"Der Rebberg als Mischkultur - Beitrag vom 30. Januar 2025 - Permakultur-Landwirtschaft\" \/>\n<meta property=\"og:description\" content=\"Kleine B\u00e4che, Hecken, Rebh\u00e4nge und Obstb\u00e4ume, die Agro- und Vitiforstanlagen von J\u00fcrg und Pascale Strauss passen gut zur Landschaft.\" \/>\n<meta property=\"og:url\" content=\"https:\/\/permakultur-landwirtschaft.org\/fr\/der-rebberg-als-mischkultur-beitrag-vom-30-januar-2025\/\" \/>\n<meta property=\"og:site_name\" content=\"Permakultur-Landwirtschaft\" \/>\n<meta property=\"article:publisher\" content=\"https:\/\/www.facebook.com\/PermakulturLandwirtschaft\" \/>\n<meta property=\"article:published_time\" content=\"2025-01-30T09:19:29+00:00\" \/>\n<meta property=\"article:modified_time\" content=\"2025-02-03T09:24:21+00:00\" \/>\n<meta property=\"og:image\" content=\"https:\/\/permakultur-landwirtschaft.org\/wp-content\/uploads\/2025\/02\/agroforst_strauss_csm_vitiforst-strauss-bioagrikultur-1-jeremias-luetold_1200_4b05ae2ec9.jpg\" \/>\n\t<meta property=\"og:image:width\" content=\"700\" \/>\n\t<meta property=\"og:image:height\" content=\"463\" \/>\n\t<meta property=\"og:image:type\" content=\"image\/jpeg\" \/>\n<meta name=\"author\" content=\"adrian reutimann\" \/>\n<meta name=\"twitter:card\" content=\"summary_large_image\" \/>\n<meta name=\"twitter:label1\" content=\"\u00c9crit par\" \/>\n\t<meta name=\"twitter:data1\" content=\"adrian reutimann\" \/>\n\t<meta name=\"twitter:label2\" content=\"Dur\u00e9e de lecture estim\u00e9e\" \/>\n\t<meta name=\"twitter:data2\" content=\"2 minutes\" \/>\n<script type=\"application\/ld+json\" class=\"yoast-schema-graph\">{\"@context\":\"https:\\\/\\\/schema.org\",\"@graph\":[{\"@type\":\"Article\",\"@id\":\"https:\\\/\\\/permakultur-landwirtschaft.org\\\/der-rebberg-als-mischkultur-beitrag-vom-30-januar-2025\\\/#article\",\"isPartOf\":{\"@id\":\"https:\\\/\\\/permakultur-landwirtschaft.org\\\/der-rebberg-als-mischkultur-beitrag-vom-30-januar-2025\\\/\"},\"author\":{\"name\":\"adrian reutimann\",\"@id\":\"https:\\\/\\\/permakultur-landwirtschaft.org\\\/#\\\/schema\\\/person\\\/6b0467872f75aed3e144093f9bf4f0b0\"},\"headline\":\"Der Rebberg als Mischkultur &#8211; Beitrag vom 30. Januar 2025\",\"datePublished\":\"2025-01-30T09:19:29+00:00\",\"dateModified\":\"2025-02-03T09:24:21+00:00\",\"mainEntityOfPage\":{\"@id\":\"https:\\\/\\\/permakultur-landwirtschaft.org\\\/der-rebberg-als-mischkultur-beitrag-vom-30-januar-2025\\\/\"},\"wordCount\":220,\"publisher\":{\"@id\":\"https:\\\/\\\/permakultur-landwirtschaft.org\\\/#organization\"},\"image\":{\"@id\":\"https:\\\/\\\/permakultur-landwirtschaft.org\\\/der-rebberg-als-mischkultur-beitrag-vom-30-januar-2025\\\/#primaryimage\"},\"thumbnailUrl\":\"https:\\\/\\\/permakultur-landwirtschaft.org\\\/wp-content\\\/uploads\\\/2025\\\/02\\\/agroforst_strauss_csm_vitiforst-strauss-bioagrikultur-1-jeremias-luetold_1200_4b05ae2ec9.jpg\",\"keywords\":[\"Agroforst\",\"BioAktuell\",\"J\u00fcrg Strauss\",\"Mischkultur\",\"Weinberg\"],\"articleSection\":[\"Neuigkeit\"],\"inLanguage\":\"fr-FR\"},{\"@type\":\"WebPage\",\"@id\":\"https:\\\/\\\/permakultur-landwirtschaft.org\\\/der-rebberg-als-mischkultur-beitrag-vom-30-januar-2025\\\/\",\"url\":\"https:\\\/\\\/permakultur-landwirtschaft.org\\\/der-rebberg-als-mischkultur-beitrag-vom-30-januar-2025\\\/\",\"name\":\"Der Rebberg als Mischkultur - Beitrag vom 30. Januar 2025 - Permakultur-Landwirtschaft\",\"isPartOf\":{\"@id\":\"https:\\\/\\\/permakultur-landwirtschaft.org\\\/#website\"},\"primaryImageOfPage\":{\"@id\":\"https:\\\/\\\/permakultur-landwirtschaft.org\\\/der-rebberg-als-mischkultur-beitrag-vom-30-januar-2025\\\/#primaryimage\"},\"image\":{\"@id\":\"https:\\\/\\\/permakultur-landwirtschaft.org\\\/der-rebberg-als-mischkultur-beitrag-vom-30-januar-2025\\\/#primaryimage\"},\"thumbnailUrl\":\"https:\\\/\\\/permakultur-landwirtschaft.org\\\/wp-content\\\/uploads\\\/2025\\\/02\\\/agroforst_strauss_csm_vitiforst-strauss-bioagrikultur-1-jeremias-luetold_1200_4b05ae2ec9.jpg\",\"datePublished\":\"2025-01-30T09:19:29+00:00\",\"dateModified\":\"2025-02-03T09:24:21+00:00\",\"description\":\"Kleine B\u00e4che, Hecken, Rebh\u00e4nge und Obstb\u00e4ume, die Agro- und Vitiforstanlagen von J\u00fcrg und Pascale Strauss passen gut zur Landschaft.\",\"breadcrumb\":{\"@id\":\"https:\\\/\\\/permakultur-landwirtschaft.org\\\/der-rebberg-als-mischkultur-beitrag-vom-30-januar-2025\\\/#breadcrumb\"},\"inLanguage\":\"fr-FR\",\"potentialAction\":[{\"@type\":\"ReadAction\",\"target\":[\"https:\\\/\\\/permakultur-landwirtschaft.org\\\/der-rebberg-als-mischkultur-beitrag-vom-30-januar-2025\\\/\"]}]},{\"@type\":\"ImageObject\",\"inLanguage\":\"fr-FR\",\"@id\":\"https:\\\/\\\/permakultur-landwirtschaft.org\\\/der-rebberg-als-mischkultur-beitrag-vom-30-januar-2025\\\/#primaryimage\",\"url\":\"https:\\\/\\\/permakultur-landwirtschaft.org\\\/wp-content\\\/uploads\\\/2025\\\/02\\\/agroforst_strauss_csm_vitiforst-strauss-bioagrikultur-1-jeremias-luetold_1200_4b05ae2ec9.jpg\",\"contentUrl\":\"https:\\\/\\\/permakultur-landwirtschaft.org\\\/wp-content\\\/uploads\\\/2025\\\/02\\\/agroforst_strauss_csm_vitiforst-strauss-bioagrikultur-1-jeremias-luetold_1200_4b05ae2ec9.jpg\",\"width\":700,\"height\":463,\"caption\":\"Bild: FiBL, Jeremias L\u00fctold\"},{\"@type\":\"BreadcrumbList\",\"@id\":\"https:\\\/\\\/permakultur-landwirtschaft.org\\\/der-rebberg-als-mischkultur-beitrag-vom-30-januar-2025\\\/#breadcrumb\",\"itemListElement\":[{\"@type\":\"ListItem\",\"position\":1,\"name\":\"Startseite\",\"item\":\"https:\\\/\\\/permakultur-landwirtschaft.org\\\/\"},{\"@type\":\"ListItem\",\"position\":2,\"name\":\"Der Rebberg als Mischkultur &#8211; Beitrag vom 30. Januar 2025\"}]},{\"@type\":\"WebSite\",\"@id\":\"https:\\\/\\\/permakultur-landwirtschaft.org\\\/#website\",\"url\":\"https:\\\/\\\/permakultur-landwirtschaft.org\\\/\",\"name\":\"Permakultur-Landwirtschaft\",\"description\":\"F\u00f6rderung der Permakultur in der Landwirtschaft\",\"publisher\":{\"@id\":\"https:\\\/\\\/permakultur-landwirtschaft.org\\\/#organization\"},\"potentialAction\":[{\"@type\":\"SearchAction\",\"target\":{\"@type\":\"EntryPoint\",\"urlTemplate\":\"https:\\\/\\\/permakultur-landwirtschaft.org\\\/?s={search_term_string}\"},\"query-input\":{\"@type\":\"PropertyValueSpecification\",\"valueRequired\":true,\"valueName\":\"search_term_string\"}}],\"inLanguage\":\"fr-FR\"},{\"@type\":\"Organization\",\"@id\":\"https:\\\/\\\/permakultur-landwirtschaft.org\\\/#organization\",\"name\":\"Permakultur-Landwirtschaft\",\"alternateName\":\"Verein Permakultur-Landwirtschaft\",\"url\":\"https:\\\/\\\/permakultur-landwirtschaft.org\\\/\",\"logo\":{\"@type\":\"ImageObject\",\"inLanguage\":\"fr-FR\",\"@id\":\"https:\\\/\\\/permakultur-landwirtschaft.org\\\/#\\\/schema\\\/logo\\\/image\\\/\",\"url\":\"https:\\\/\\\/permakultur-landwirtschaft.org\\\/wp-content\\\/uploads\\\/2021\\\/11\\\/pela_1268x1269.png\",\"contentUrl\":\"https:\\\/\\\/permakultur-landwirtschaft.org\\\/wp-content\\\/uploads\\\/2021\\\/11\\\/pela_1268x1269.png\",\"width\":1298,\"height\":1269,\"caption\":\"Permakultur-Landwirtschaft\"},\"image\":{\"@id\":\"https:\\\/\\\/permakultur-landwirtschaft.org\\\/#\\\/schema\\\/logo\\\/image\\\/\"},\"sameAs\":[\"https:\\\/\\\/www.facebook.com\\\/PermakulturLandwirtschaft\",\"https:\\\/\\\/www.instagram.com\\\/permakultur_landwirtschaft\\\/\",\"https:\\\/\\\/www.flickr.com\\\/photos\\\/permakultur-landwirtschaft\",\"https:\\\/\\\/www.youtube.com\\\/@PermakulturLandwirtschaft\"]},{\"@type\":\"Person\",\"@id\":\"https:\\\/\\\/permakultur-landwirtschaft.org\\\/#\\\/schema\\\/person\\\/6b0467872f75aed3e144093f9bf4f0b0\",\"name\":\"adrian reutimann\",\"url\":\"https:\\\/\\\/permakultur-landwirtschaft.org\\\/fr\\\/author\\\/reutiadr\\\/\"}]}<\/script>\n<!-- \/ Yoast SEO plugin. -->","yoast_head_json":{"title":"Der Rebberg als Mischkultur - Beitrag vom 30. Januar 2025 - Permakultur-Landwirtschaft","description":"Kleine B\u00e4che, Hecken, Rebh\u00e4nge und Obstb\u00e4ume, die Agro- und Vitiforstanlagen von J\u00fcrg und Pascale Strauss passen gut zur Landschaft.","robots":{"index":"index","follow":"follow","max-snippet":"max-snippet:-1","max-image-preview":"max-image-preview:large","max-video-preview":"max-video-preview:-1"},"canonical":"https:\/\/permakultur-landwirtschaft.org\/fr\/der-rebberg-als-mischkultur-beitrag-vom-30-januar-2025\/","og_locale":"fr_FR","og_type":"article","og_title":"Der Rebberg als Mischkultur - Beitrag vom 30. Januar 2025 - Permakultur-Landwirtschaft","og_description":"Kleine B\u00e4che, Hecken, Rebh\u00e4nge und Obstb\u00e4ume, die Agro- und Vitiforstanlagen von J\u00fcrg und Pascale Strauss passen gut zur Landschaft.","og_url":"https:\/\/permakultur-landwirtschaft.org\/fr\/der-rebberg-als-mischkultur-beitrag-vom-30-januar-2025\/","og_site_name":"Permakultur-Landwirtschaft","article_publisher":"https:\/\/www.facebook.com\/PermakulturLandwirtschaft","article_published_time":"2025-01-30T09:19:29+00:00","article_modified_time":"2025-02-03T09:24:21+00:00","og_image":[{"width":700,"height":463,"url":"https:\/\/permakultur-landwirtschaft.org\/wp-content\/uploads\/2025\/02\/agroforst_strauss_csm_vitiforst-strauss-bioagrikultur-1-jeremias-luetold_1200_4b05ae2ec9.jpg","type":"image\/jpeg"}],"author":"adrian reutimann","twitter_card":"summary_large_image","twitter_misc":{"\u00c9crit par":"adrian reutimann","Dur\u00e9e de lecture estim\u00e9e":"2 minutes"},"schema":{"@context":"https:\/\/schema.org","@graph":[{"@type":"Article","@id":"https:\/\/permakultur-landwirtschaft.org\/der-rebberg-als-mischkultur-beitrag-vom-30-januar-2025\/#article","isPartOf":{"@id":"https:\/\/permakultur-landwirtschaft.org\/der-rebberg-als-mischkultur-beitrag-vom-30-januar-2025\/"},"author":{"name":"adrian reutimann","@id":"https:\/\/permakultur-landwirtschaft.org\/#\/schema\/person\/6b0467872f75aed3e144093f9bf4f0b0"},"headline":"Der Rebberg als Mischkultur &#8211; Beitrag vom 30. Januar 2025","datePublished":"2025-01-30T09:19:29+00:00","dateModified":"2025-02-03T09:24:21+00:00","mainEntityOfPage":{"@id":"https:\/\/permakultur-landwirtschaft.org\/der-rebberg-als-mischkultur-beitrag-vom-30-januar-2025\/"},"wordCount":220,"publisher":{"@id":"https:\/\/permakultur-landwirtschaft.org\/#organization"},"image":{"@id":"https:\/\/permakultur-landwirtschaft.org\/der-rebberg-als-mischkultur-beitrag-vom-30-januar-2025\/#primaryimage"},"thumbnailUrl":"https:\/\/permakultur-landwirtschaft.org\/wp-content\/uploads\/2025\/02\/agroforst_strauss_csm_vitiforst-strauss-bioagrikultur-1-jeremias-luetold_1200_4b05ae2ec9.jpg","keywords":["Agroforst","BioAktuell","J\u00fcrg Strauss","Mischkultur","Weinberg"],"articleSection":["Neuigkeit"],"inLanguage":"fr-FR"},{"@type":"WebPage","@id":"https:\/\/permakultur-landwirtschaft.org\/der-rebberg-als-mischkultur-beitrag-vom-30-januar-2025\/","url":"https:\/\/permakultur-landwirtschaft.org\/der-rebberg-als-mischkultur-beitrag-vom-30-januar-2025\/","name":"Der Rebberg als Mischkultur - Beitrag vom 30. Januar 2025 - Permakultur-Landwirtschaft","isPartOf":{"@id":"https:\/\/permakultur-landwirtschaft.org\/#website"},"primaryImageOfPage":{"@id":"https:\/\/permakultur-landwirtschaft.org\/der-rebberg-als-mischkultur-beitrag-vom-30-januar-2025\/#primaryimage"},"image":{"@id":"https:\/\/permakultur-landwirtschaft.org\/der-rebberg-als-mischkultur-beitrag-vom-30-januar-2025\/#primaryimage"},"thumbnailUrl":"https:\/\/permakultur-landwirtschaft.org\/wp-content\/uploads\/2025\/02\/agroforst_strauss_csm_vitiforst-strauss-bioagrikultur-1-jeremias-luetold_1200_4b05ae2ec9.jpg","datePublished":"2025-01-30T09:19:29+00:00","dateModified":"2025-02-03T09:24:21+00:00","description":"Kleine B\u00e4che, Hecken, Rebh\u00e4nge und Obstb\u00e4ume, die Agro- und Vitiforstanlagen von J\u00fcrg und Pascale Strauss passen gut zur Landschaft.","breadcrumb":{"@id":"https:\/\/permakultur-landwirtschaft.org\/der-rebberg-als-mischkultur-beitrag-vom-30-januar-2025\/#breadcrumb"},"inLanguage":"fr-FR","potentialAction":[{"@type":"ReadAction","target":["https:\/\/permakultur-landwirtschaft.org\/der-rebberg-als-mischkultur-beitrag-vom-30-januar-2025\/"]}]},{"@type":"ImageObject","inLanguage":"fr-FR","@id":"https:\/\/permakultur-landwirtschaft.org\/der-rebberg-als-mischkultur-beitrag-vom-30-januar-2025\/#primaryimage","url":"https:\/\/permakultur-landwirtschaft.org\/wp-content\/uploads\/2025\/02\/agroforst_strauss_csm_vitiforst-strauss-bioagrikultur-1-jeremias-luetold_1200_4b05ae2ec9.jpg","contentUrl":"https:\/\/permakultur-landwirtschaft.org\/wp-content\/uploads\/2025\/02\/agroforst_strauss_csm_vitiforst-strauss-bioagrikultur-1-jeremias-luetold_1200_4b05ae2ec9.jpg","width":700,"height":463,"caption":"Bild: FiBL, Jeremias L\u00fctold"},{"@type":"BreadcrumbList","@id":"https:\/\/permakultur-landwirtschaft.org\/der-rebberg-als-mischkultur-beitrag-vom-30-januar-2025\/#breadcrumb","itemListElement":[{"@type":"ListItem","position":1,"name":"Startseite","item":"https:\/\/permakultur-landwirtschaft.org\/"},{"@type":"ListItem","position":2,"name":"Der Rebberg als Mischkultur &#8211; Beitrag vom 30. Januar 2025"}]},{"@type":"WebSite","@id":"https:\/\/permakultur-landwirtschaft.org\/#website","url":"https:\/\/permakultur-landwirtschaft.org\/","name":"Permakultur-Landwirtschaft","description":"F\u00f6rderung der Permakultur in der Landwirtschaft","publisher":{"@id":"https:\/\/permakultur-landwirtschaft.org\/#organization"},"potentialAction":[{"@type":"SearchAction","target":{"@type":"EntryPoint","urlTemplate":"https:\/\/permakultur-landwirtschaft.org\/?s={search_term_string}"},"query-input":{"@type":"PropertyValueSpecification","valueRequired":true,"valueName":"search_term_string"}}],"inLanguage":"fr-FR"},{"@type":"Organization","@id":"https:\/\/permakultur-landwirtschaft.org\/#organization","name":"Permakultur-Landwirtschaft","alternateName":"Verein Permakultur-Landwirtschaft","url":"https:\/\/permakultur-landwirtschaft.org\/","logo":{"@type":"ImageObject","inLanguage":"fr-FR","@id":"https:\/\/permakultur-landwirtschaft.org\/#\/schema\/logo\/image\/","url":"https:\/\/permakultur-landwirtschaft.org\/wp-content\/uploads\/2021\/11\/pela_1268x1269.png","contentUrl":"https:\/\/permakultur-landwirtschaft.org\/wp-content\/uploads\/2021\/11\/pela_1268x1269.png","width":1298,"height":1269,"caption":"Permakultur-Landwirtschaft"},"image":{"@id":"https:\/\/permakultur-landwirtschaft.org\/#\/schema\/logo\/image\/"},"sameAs":["https:\/\/www.facebook.com\/PermakulturLandwirtschaft","https:\/\/www.instagram.com\/permakultur_landwirtschaft\/","https:\/\/www.flickr.com\/photos\/permakultur-landwirtschaft","https:\/\/www.youtube.com\/@PermakulturLandwirtschaft"]},{"@type":"Person","@id":"https:\/\/permakultur-landwirtschaft.org\/#\/schema\/person\/6b0467872f75aed3e144093f9bf4f0b0","name":"adrian reutimann","url":"https:\/\/permakultur-landwirtschaft.org\/fr\/author\/reutiadr\/"}]}},"_links":{"self":[{"href":"https:\/\/permakultur-landwirtschaft.org\/fr\/wp-json\/wp\/v2\/posts\/35618","targetHints":{"allow":["GET"]}}],"collection":[{"href":"https:\/\/permakultur-landwirtschaft.org\/fr\/wp-json\/wp\/v2\/posts"}],"about":[{"href":"https:\/\/permakultur-landwirtschaft.org\/fr\/wp-json\/wp\/v2\/types\/post"}],"author":[{"embeddable":true,"href":"https:\/\/permakultur-landwirtschaft.org\/fr\/wp-json\/wp\/v2\/users\/2"}],"replies":[{"embeddable":true,"href":"https:\/\/permakultur-landwirtschaft.org\/fr\/wp-json\/wp\/v2\/comments?post=35618"}],"version-history":[{"count":1,"href":"https:\/\/permakultur-landwirtschaft.org\/fr\/wp-json\/wp\/v2\/posts\/35618\/revisions"}],"predecessor-version":[{"id":35620,"href":"https:\/\/permakultur-landwirtschaft.org\/fr\/wp-json\/wp\/v2\/posts\/35618\/revisions\/35620"}],"wp:featuredmedia":[{"embeddable":true,"href":"https:\/\/permakultur-landwirtschaft.org\/fr\/wp-json\/wp\/v2\/media\/35619"}],"wp:attachment":[{"href":"https:\/\/permakultur-landwirtschaft.org\/fr\/wp-json\/wp\/v2\/media?parent=35618"}],"wp:term":[{"taxonomy":"category","embeddable":true,"href":"https:\/\/permakultur-landwirtschaft.org\/fr\/wp-json\/wp\/v2\/categories?post=35618"},{"taxonomy":"post_tag","embeddable":true,"href":"https:\/\/permakultur-landwirtschaft.org\/fr\/wp-json\/wp\/v2\/tags?post=35618"}],"curies":[{"name":"wp","href":"https:\/\/api.w.org\/{rel}","templated":true}]}}