{"id":35611,"date":"2025-01-22T09:35:18","date_gmt":"2025-01-22T08:35:18","guid":{"rendered":"https:\/\/permakultur-landwirtschaft.org\/?p=35611"},"modified":"2025-02-03T09:45:58","modified_gmt":"2025-02-03T08:45:58","slug":"futterhecken-auf-dem-ziegenhof-elfingen-betriebsportrait-vom-22-januar-2025","status":"publish","type":"post","link":"https:\/\/permakultur-landwirtschaft.org\/fr\/futterhecken-auf-dem-ziegenhof-elfingen-betriebsportrait-vom-22-januar-2025\/","title":{"rendered":"Futterhecken auf dem Ziegenhof Elfingen &#8211; Betriebsportrait vom 22. Januar 2025"},"content":{"rendered":"<p>Text von bioaktuell.ch und youtube.com:<\/p>\n\n\n\n<p>\u00abMan hat ganz wenig Informationen dar\u00fcber, speziell f\u00fcr Ziegen Agroforst zu machen\u00bb, war eine Erkenntnis von Karin W\u00fcthrich in der Planungsphase. Folglich haben sie und ihr Mann Thomas beschlossen, mehrere Agroforst-Einheiten mit verschiedenen Geh\u00f6lzen anzulegen und so eigene Erfahrungen zu sammeln. Die Geh\u00f6lze sollen das Futterangebot f\u00fcr ihre Milchgeissen verbessern.<\/p>\n\n\n\n<p>Karin W\u00fcthrich vom Ziegenhof Elfingen erz\u00e4hlt von ihren Erfahrungen mit der Planung und Anlage von einem Agroforstsystem auf ihrem Betrieb: Von der Planung, Pflanzung und Pflege bis zu ihren Erwartungen f\u00fcr die n\u00e4here Zukunft. Das Betriebsportrait ist im Rahmen des F\u00f6rderpreises Agroforst vom Kanton Aargau entstanden.<\/p>\n\n\n\n<figure class=\"wp-block-embed is-type-video is-provider-youtube wp-block-embed-youtube wp-embed-aspect-16-9 wp-has-aspect-ratio\"><div class=\"wp-block-embed__wrapper\">\n<iframe title=\"Ziegenhof Elfingen Betriebsportrait\" width=\"500\" height=\"281\" src=\"https:\/\/www.youtube.com\/embed\/7a43xloTux8?feature=oembed\" frameborder=\"0\" allow=\"accelerometer; autoplay; clipboard-write; encrypted-media; gyroscope; picture-in-picture; web-share\" referrerpolicy=\"strict-origin-when-cross-origin\" allowfullscreen><\/iframe>\n<\/div><\/figure>\n\n\n\n<p><a href=\"https:\/\/youtu.be\/7a43xloTux8\" target=\"_blank\" rel=\"noreferrer noopener\">Link zum Video auf youtube<\/a><\/p>\n\n\n\n<p><a href=\"https:\/\/www.ziegenhof-elfingen.ch\/\" target=\"_blank\" rel=\"noreferrer noopener\">Link zum Ziegenhof Elfingen<\/a><\/p>\n\n\n\n<p><a href=\"https:\/\/www.bioaktuell.ch\/aktuell\/meldung\/filme-futterlaubhecken-auf-zwei-praxisbetrieben-im-aargau\" target=\"_blank\" rel=\"noreferrer noopener\">Link zur Meldung bei Bioaktuell vom 30. Januar 2025<\/a><br><\/p>","protected":false},"excerpt":{"rendered":"<p>Text von bioaktuell.ch und youtube.com: \u00abMan hat ganz wenig Informationen dar\u00fcber, speziell f\u00fcr Ziegen Agroforst zu machen\u00bb, war eine Erkenntnis von Karin W\u00fcthrich in der Planungsphase. Folglich haben sie und ihr Mann Thomas beschlossen, mehrere Agroforst-Einheiten mit verschiedenen Geh\u00f6lzen anzulegen und so eigene Erfahrungen zu sammeln. Die Geh\u00f6lze sollen das Futterangebot f\u00fcr ihre Milchgeissen verbessern. [&hellip;]<\/p>\n","protected":false},"author":2,"featured_media":35612,"comment_status":"closed","ping_status":"closed","sticky":false,"template":"","format":"standard","meta":{"_acf_changed":false,"site-sidebar-layout":"default","site-content-layout":"","ast-site-content-layout":"default","site-content-style":"default","site-sidebar-style":"default","ast-global-header-display":"","ast-banner-title-visibility":"","ast-main-header-display":"","ast-hfb-above-header-display":"","ast-hfb-below-header-display":"","ast-hfb-mobile-header-display":"","site-post-title":"","ast-breadcrumbs-content":"","ast-featured-img":"","footer-sml-layout":"","ast-disable-related-posts":"","theme-transparent-header-meta":"","adv-header-id-meta":"","stick-header-meta":"","header-above-stick-meta":"","header-main-stick-meta":"","header-below-stick-meta":"","astra-migrate-meta-layouts":"set","ast-page-background-enabled":"default","ast-page-background-meta":{"desktop":{"background-color":"var(--ast-global-color-4)","background-image":"","background-repeat":"repeat","background-position":"center center","background-size":"auto","background-attachment":"scroll","background-type":"","background-media":"","overlay-type":"","overlay-color":"","overlay-opacity":"","overlay-gradient":""},"tablet":{"background-color":"","background-image":"","background-repeat":"repeat","background-position":"center center","background-size":"auto","background-attachment":"scroll","background-type":"","background-media":"","overlay-type":"","overlay-color":"","overlay-opacity":"","overlay-gradient":""},"mobile":{"background-color":"","background-image":"","background-repeat":"repeat","background-position":"center center","background-size":"auto","background-attachment":"scroll","background-type":"","background-media":"","overlay-type":"","overlay-color":"","overlay-opacity":"","overlay-gradient":""}},"ast-content-background-meta":{"desktop":{"background-color":"var(--ast-global-color-5)","background-image":"","background-repeat":"repeat","background-position":"center center","background-size":"auto","background-attachment":"scroll","background-type":"","background-media":"","overlay-type":"","overlay-color":"","overlay-opacity":"","overlay-gradient":""},"tablet":{"background-color":"var(--ast-global-color-5)","background-image":"","background-repeat":"repeat","background-position":"center center","background-size":"auto","background-attachment":"scroll","background-type":"","background-media":"","overlay-type":"","overlay-color":"","overlay-opacity":"","overlay-gradient":""},"mobile":{"background-color":"var(--ast-global-color-5)","background-image":"","background-repeat":"repeat","background-position":"center center","background-size":"auto","background-attachment":"scroll","background-type":"","background-media":"","overlay-type":"","overlay-color":"","overlay-opacity":"","overlay-gradient":""}},"footnotes":""},"categories":[45,22],"tags":[31,168,142,120,565,564],"class_list":["post-35611","post","type-post","status-publish","format-standard","has-post-thumbnail","hentry","category-filme","category-neuigkeit","tag-agroforst","tag-bioaktuell","tag-fibl","tag-futterhecke","tag-karin-wuethrich","tag-ziegenhof-elfingen"],"acf":[],"yoast_head":"<!-- This site is optimized with the Yoast SEO plugin v27.5 - https:\/\/yoast.com\/product\/yoast-seo-wordpress\/ -->\n<title>Futterhecken auf dem Ziegenhof Elfingen - Betriebsportrait vom 22. Januar 2025 - Permakultur-Landwirtschaft<\/title>\n<meta name=\"description\" content=\"Karin W\u00fcthrich vom Ziegenhof Elfingen erz\u00e4hlt von ihren Erfahrungen mit der Planung und Anlage von einem Agroforstsystem auf ihrem Betrieb\" \/>\n<meta name=\"robots\" content=\"index, follow, max-snippet:-1, max-image-preview:large, max-video-preview:-1\" \/>\n<link rel=\"canonical\" href=\"https:\/\/permakultur-landwirtschaft.org\/fr\/futterhecken-auf-dem-ziegenhof-elfingen-betriebsportrait-vom-22-januar-2025\/\" \/>\n<meta property=\"og:locale\" content=\"fr_FR\" \/>\n<meta property=\"og:type\" content=\"article\" \/>\n<meta property=\"og:title\" content=\"Futterhecken auf dem Ziegenhof Elfingen - Betriebsportrait vom 22. Januar 2025 - Permakultur-Landwirtschaft\" \/>\n<meta property=\"og:description\" content=\"Karin W\u00fcthrich vom Ziegenhof Elfingen erz\u00e4hlt von ihren Erfahrungen mit der Planung und Anlage von einem Agroforstsystem auf ihrem Betrieb\" \/>\n<meta property=\"og:url\" content=\"https:\/\/permakultur-landwirtschaft.org\/fr\/futterhecken-auf-dem-ziegenhof-elfingen-betriebsportrait-vom-22-januar-2025\/\" \/>\n<meta property=\"og:site_name\" content=\"Permakultur-Landwirtschaft\" \/>\n<meta property=\"article:publisher\" content=\"https:\/\/www.facebook.com\/PermakulturLandwirtschaft\" \/>\n<meta property=\"article:published_time\" content=\"2025-01-22T08:35:18+00:00\" \/>\n<meta property=\"article:modified_time\" content=\"2025-02-03T08:45:58+00:00\" \/>\n<meta property=\"og:image\" content=\"https:\/\/permakultur-landwirtschaft.org\/wp-content\/uploads\/2025\/02\/ziegenhof_2025-02-03_09-30-07.jpg\" \/>\n\t<meta property=\"og:image:width\" content=\"700\" \/>\n\t<meta property=\"og:image:height\" content=\"360\" \/>\n\t<meta property=\"og:image:type\" content=\"image\/jpeg\" \/>\n<meta name=\"author\" content=\"adrian reutimann\" \/>\n<meta name=\"twitter:card\" content=\"summary_large_image\" \/>\n<meta name=\"twitter:label1\" content=\"\u00c9crit par\" \/>\n\t<meta name=\"twitter:data1\" content=\"adrian reutimann\" \/>\n\t<meta name=\"twitter:label2\" content=\"Dur\u00e9e de lecture estim\u00e9e\" \/>\n\t<meta name=\"twitter:data2\" content=\"1 minute\" \/>\n<script type=\"application\/ld+json\" class=\"yoast-schema-graph\">{\"@context\":\"https:\\\/\\\/schema.org\",\"@graph\":[{\"@type\":\"Article\",\"@id\":\"https:\\\/\\\/permakultur-landwirtschaft.org\\\/futterhecken-auf-dem-ziegenhof-elfingen-betriebsportrait-vom-22-januar-2025\\\/#article\",\"isPartOf\":{\"@id\":\"https:\\\/\\\/permakultur-landwirtschaft.org\\\/futterhecken-auf-dem-ziegenhof-elfingen-betriebsportrait-vom-22-januar-2025\\\/\"},\"author\":{\"name\":\"adrian reutimann\",\"@id\":\"https:\\\/\\\/permakultur-landwirtschaft.org\\\/#\\\/schema\\\/person\\\/6b0467872f75aed3e144093f9bf4f0b0\"},\"headline\":\"Futterhecken auf dem Ziegenhof Elfingen &#8211; Betriebsportrait vom 22. Januar 2025\",\"datePublished\":\"2025-01-22T08:35:18+00:00\",\"dateModified\":\"2025-02-03T08:45:58+00:00\",\"mainEntityOfPage\":{\"@id\":\"https:\\\/\\\/permakultur-landwirtschaft.org\\\/futterhecken-auf-dem-ziegenhof-elfingen-betriebsportrait-vom-22-januar-2025\\\/\"},\"wordCount\":144,\"publisher\":{\"@id\":\"https:\\\/\\\/permakultur-landwirtschaft.org\\\/#organization\"},\"image\":{\"@id\":\"https:\\\/\\\/permakultur-landwirtschaft.org\\\/futterhecken-auf-dem-ziegenhof-elfingen-betriebsportrait-vom-22-januar-2025\\\/#primaryimage\"},\"thumbnailUrl\":\"https:\\\/\\\/permakultur-landwirtschaft.org\\\/wp-content\\\/uploads\\\/2025\\\/02\\\/ziegenhof_2025-02-03_09-30-07.jpg\",\"keywords\":[\"Agroforst\",\"BioAktuell\",\"FiBL\",\"Futterhecke\",\"Karin W\u00fcthrich\",\"Ziegenhof Elfingen\"],\"articleSection\":[\"Film\",\"Neuigkeit\"],\"inLanguage\":\"fr-FR\"},{\"@type\":\"WebPage\",\"@id\":\"https:\\\/\\\/permakultur-landwirtschaft.org\\\/futterhecken-auf-dem-ziegenhof-elfingen-betriebsportrait-vom-22-januar-2025\\\/\",\"url\":\"https:\\\/\\\/permakultur-landwirtschaft.org\\\/futterhecken-auf-dem-ziegenhof-elfingen-betriebsportrait-vom-22-januar-2025\\\/\",\"name\":\"Futterhecken auf dem Ziegenhof Elfingen - Betriebsportrait vom 22. Januar 2025 - Permakultur-Landwirtschaft\",\"isPartOf\":{\"@id\":\"https:\\\/\\\/permakultur-landwirtschaft.org\\\/#website\"},\"primaryImageOfPage\":{\"@id\":\"https:\\\/\\\/permakultur-landwirtschaft.org\\\/futterhecken-auf-dem-ziegenhof-elfingen-betriebsportrait-vom-22-januar-2025\\\/#primaryimage\"},\"image\":{\"@id\":\"https:\\\/\\\/permakultur-landwirtschaft.org\\\/futterhecken-auf-dem-ziegenhof-elfingen-betriebsportrait-vom-22-januar-2025\\\/#primaryimage\"},\"thumbnailUrl\":\"https:\\\/\\\/permakultur-landwirtschaft.org\\\/wp-content\\\/uploads\\\/2025\\\/02\\\/ziegenhof_2025-02-03_09-30-07.jpg\",\"datePublished\":\"2025-01-22T08:35:18+00:00\",\"dateModified\":\"2025-02-03T08:45:58+00:00\",\"description\":\"Karin W\u00fcthrich vom Ziegenhof Elfingen erz\u00e4hlt von ihren Erfahrungen mit der Planung und Anlage von einem Agroforstsystem auf ihrem Betrieb\",\"breadcrumb\":{\"@id\":\"https:\\\/\\\/permakultur-landwirtschaft.org\\\/futterhecken-auf-dem-ziegenhof-elfingen-betriebsportrait-vom-22-januar-2025\\\/#breadcrumb\"},\"inLanguage\":\"fr-FR\",\"potentialAction\":[{\"@type\":\"ReadAction\",\"target\":[\"https:\\\/\\\/permakultur-landwirtschaft.org\\\/futterhecken-auf-dem-ziegenhof-elfingen-betriebsportrait-vom-22-januar-2025\\\/\"]}]},{\"@type\":\"ImageObject\",\"inLanguage\":\"fr-FR\",\"@id\":\"https:\\\/\\\/permakultur-landwirtschaft.org\\\/futterhecken-auf-dem-ziegenhof-elfingen-betriebsportrait-vom-22-januar-2025\\\/#primaryimage\",\"url\":\"https:\\\/\\\/permakultur-landwirtschaft.org\\\/wp-content\\\/uploads\\\/2025\\\/02\\\/ziegenhof_2025-02-03_09-30-07.jpg\",\"contentUrl\":\"https:\\\/\\\/permakultur-landwirtschaft.org\\\/wp-content\\\/uploads\\\/2025\\\/02\\\/ziegenhof_2025-02-03_09-30-07.jpg\",\"width\":700,\"height\":360,\"caption\":\"Bild: youtube\"},{\"@type\":\"BreadcrumbList\",\"@id\":\"https:\\\/\\\/permakultur-landwirtschaft.org\\\/futterhecken-auf-dem-ziegenhof-elfingen-betriebsportrait-vom-22-januar-2025\\\/#breadcrumb\",\"itemListElement\":[{\"@type\":\"ListItem\",\"position\":1,\"name\":\"Startseite\",\"item\":\"https:\\\/\\\/permakultur-landwirtschaft.org\\\/\"},{\"@type\":\"ListItem\",\"position\":2,\"name\":\"Futterhecken auf dem Ziegenhof Elfingen &#8211; Betriebsportrait vom 22. Januar 2025\"}]},{\"@type\":\"WebSite\",\"@id\":\"https:\\\/\\\/permakultur-landwirtschaft.org\\\/#website\",\"url\":\"https:\\\/\\\/permakultur-landwirtschaft.org\\\/\",\"name\":\"Permakultur-Landwirtschaft\",\"description\":\"F\u00f6rderung der Permakultur in der Landwirtschaft\",\"publisher\":{\"@id\":\"https:\\\/\\\/permakultur-landwirtschaft.org\\\/#organization\"},\"potentialAction\":[{\"@type\":\"SearchAction\",\"target\":{\"@type\":\"EntryPoint\",\"urlTemplate\":\"https:\\\/\\\/permakultur-landwirtschaft.org\\\/?s={search_term_string}\"},\"query-input\":{\"@type\":\"PropertyValueSpecification\",\"valueRequired\":true,\"valueName\":\"search_term_string\"}}],\"inLanguage\":\"fr-FR\"},{\"@type\":\"Organization\",\"@id\":\"https:\\\/\\\/permakultur-landwirtschaft.org\\\/#organization\",\"name\":\"Permakultur-Landwirtschaft\",\"alternateName\":\"Verein Permakultur-Landwirtschaft\",\"url\":\"https:\\\/\\\/permakultur-landwirtschaft.org\\\/\",\"logo\":{\"@type\":\"ImageObject\",\"inLanguage\":\"fr-FR\",\"@id\":\"https:\\\/\\\/permakultur-landwirtschaft.org\\\/#\\\/schema\\\/logo\\\/image\\\/\",\"url\":\"https:\\\/\\\/permakultur-landwirtschaft.org\\\/wp-content\\\/uploads\\\/2021\\\/11\\\/pela_1268x1269.png\",\"contentUrl\":\"https:\\\/\\\/permakultur-landwirtschaft.org\\\/wp-content\\\/uploads\\\/2021\\\/11\\\/pela_1268x1269.png\",\"width\":1298,\"height\":1269,\"caption\":\"Permakultur-Landwirtschaft\"},\"image\":{\"@id\":\"https:\\\/\\\/permakultur-landwirtschaft.org\\\/#\\\/schema\\\/logo\\\/image\\\/\"},\"sameAs\":[\"https:\\\/\\\/www.facebook.com\\\/PermakulturLandwirtschaft\",\"https:\\\/\\\/www.instagram.com\\\/permakultur_landwirtschaft\\\/\",\"https:\\\/\\\/www.flickr.com\\\/photos\\\/permakultur-landwirtschaft\",\"https:\\\/\\\/www.youtube.com\\\/@PermakulturLandwirtschaft\"]},{\"@type\":\"Person\",\"@id\":\"https:\\\/\\\/permakultur-landwirtschaft.org\\\/#\\\/schema\\\/person\\\/6b0467872f75aed3e144093f9bf4f0b0\",\"name\":\"adrian reutimann\",\"url\":\"https:\\\/\\\/permakultur-landwirtschaft.org\\\/fr\\\/author\\\/reutiadr\\\/\"}]}<\/script>\n<!-- \/ Yoast SEO plugin. -->","yoast_head_json":{"title":"Futterhecken auf dem Ziegenhof Elfingen - Betriebsportrait vom 22. Januar 2025 - Permakultur-Landwirtschaft","description":"Karin W\u00fcthrich vom Ziegenhof Elfingen erz\u00e4hlt von ihren Erfahrungen mit der Planung und Anlage von einem Agroforstsystem auf ihrem Betrieb","robots":{"index":"index","follow":"follow","max-snippet":"max-snippet:-1","max-image-preview":"max-image-preview:large","max-video-preview":"max-video-preview:-1"},"canonical":"https:\/\/permakultur-landwirtschaft.org\/fr\/futterhecken-auf-dem-ziegenhof-elfingen-betriebsportrait-vom-22-januar-2025\/","og_locale":"fr_FR","og_type":"article","og_title":"Futterhecken auf dem Ziegenhof Elfingen - Betriebsportrait vom 22. Januar 2025 - Permakultur-Landwirtschaft","og_description":"Karin W\u00fcthrich vom Ziegenhof Elfingen erz\u00e4hlt von ihren Erfahrungen mit der Planung und Anlage von einem Agroforstsystem auf ihrem Betrieb","og_url":"https:\/\/permakultur-landwirtschaft.org\/fr\/futterhecken-auf-dem-ziegenhof-elfingen-betriebsportrait-vom-22-januar-2025\/","og_site_name":"Permakultur-Landwirtschaft","article_publisher":"https:\/\/www.facebook.com\/PermakulturLandwirtschaft","article_published_time":"2025-01-22T08:35:18+00:00","article_modified_time":"2025-02-03T08:45:58+00:00","og_image":[{"width":700,"height":360,"url":"https:\/\/permakultur-landwirtschaft.org\/wp-content\/uploads\/2025\/02\/ziegenhof_2025-02-03_09-30-07.jpg","type":"image\/jpeg"}],"author":"adrian reutimann","twitter_card":"summary_large_image","twitter_misc":{"\u00c9crit par":"adrian reutimann","Dur\u00e9e de lecture estim\u00e9e":"1 minute"},"schema":{"@context":"https:\/\/schema.org","@graph":[{"@type":"Article","@id":"https:\/\/permakultur-landwirtschaft.org\/futterhecken-auf-dem-ziegenhof-elfingen-betriebsportrait-vom-22-januar-2025\/#article","isPartOf":{"@id":"https:\/\/permakultur-landwirtschaft.org\/futterhecken-auf-dem-ziegenhof-elfingen-betriebsportrait-vom-22-januar-2025\/"},"author":{"name":"adrian reutimann","@id":"https:\/\/permakultur-landwirtschaft.org\/#\/schema\/person\/6b0467872f75aed3e144093f9bf4f0b0"},"headline":"Futterhecken auf dem Ziegenhof Elfingen &#8211; Betriebsportrait vom 22. Januar 2025","datePublished":"2025-01-22T08:35:18+00:00","dateModified":"2025-02-03T08:45:58+00:00","mainEntityOfPage":{"@id":"https:\/\/permakultur-landwirtschaft.org\/futterhecken-auf-dem-ziegenhof-elfingen-betriebsportrait-vom-22-januar-2025\/"},"wordCount":144,"publisher":{"@id":"https:\/\/permakultur-landwirtschaft.org\/#organization"},"image":{"@id":"https:\/\/permakultur-landwirtschaft.org\/futterhecken-auf-dem-ziegenhof-elfingen-betriebsportrait-vom-22-januar-2025\/#primaryimage"},"thumbnailUrl":"https:\/\/permakultur-landwirtschaft.org\/wp-content\/uploads\/2025\/02\/ziegenhof_2025-02-03_09-30-07.jpg","keywords":["Agroforst","BioAktuell","FiBL","Futterhecke","Karin W\u00fcthrich","Ziegenhof Elfingen"],"articleSection":["Film","Neuigkeit"],"inLanguage":"fr-FR"},{"@type":"WebPage","@id":"https:\/\/permakultur-landwirtschaft.org\/futterhecken-auf-dem-ziegenhof-elfingen-betriebsportrait-vom-22-januar-2025\/","url":"https:\/\/permakultur-landwirtschaft.org\/futterhecken-auf-dem-ziegenhof-elfingen-betriebsportrait-vom-22-januar-2025\/","name":"Futterhecken auf dem Ziegenhof Elfingen - Betriebsportrait vom 22. Januar 2025 - Permakultur-Landwirtschaft","isPartOf":{"@id":"https:\/\/permakultur-landwirtschaft.org\/#website"},"primaryImageOfPage":{"@id":"https:\/\/permakultur-landwirtschaft.org\/futterhecken-auf-dem-ziegenhof-elfingen-betriebsportrait-vom-22-januar-2025\/#primaryimage"},"image":{"@id":"https:\/\/permakultur-landwirtschaft.org\/futterhecken-auf-dem-ziegenhof-elfingen-betriebsportrait-vom-22-januar-2025\/#primaryimage"},"thumbnailUrl":"https:\/\/permakultur-landwirtschaft.org\/wp-content\/uploads\/2025\/02\/ziegenhof_2025-02-03_09-30-07.jpg","datePublished":"2025-01-22T08:35:18+00:00","dateModified":"2025-02-03T08:45:58+00:00","description":"Karin W\u00fcthrich vom Ziegenhof Elfingen erz\u00e4hlt von ihren Erfahrungen mit der Planung und Anlage von einem Agroforstsystem auf ihrem Betrieb","breadcrumb":{"@id":"https:\/\/permakultur-landwirtschaft.org\/futterhecken-auf-dem-ziegenhof-elfingen-betriebsportrait-vom-22-januar-2025\/#breadcrumb"},"inLanguage":"fr-FR","potentialAction":[{"@type":"ReadAction","target":["https:\/\/permakultur-landwirtschaft.org\/futterhecken-auf-dem-ziegenhof-elfingen-betriebsportrait-vom-22-januar-2025\/"]}]},{"@type":"ImageObject","inLanguage":"fr-FR","@id":"https:\/\/permakultur-landwirtschaft.org\/futterhecken-auf-dem-ziegenhof-elfingen-betriebsportrait-vom-22-januar-2025\/#primaryimage","url":"https:\/\/permakultur-landwirtschaft.org\/wp-content\/uploads\/2025\/02\/ziegenhof_2025-02-03_09-30-07.jpg","contentUrl":"https:\/\/permakultur-landwirtschaft.org\/wp-content\/uploads\/2025\/02\/ziegenhof_2025-02-03_09-30-07.jpg","width":700,"height":360,"caption":"Bild: youtube"},{"@type":"BreadcrumbList","@id":"https:\/\/permakultur-landwirtschaft.org\/futterhecken-auf-dem-ziegenhof-elfingen-betriebsportrait-vom-22-januar-2025\/#breadcrumb","itemListElement":[{"@type":"ListItem","position":1,"name":"Startseite","item":"https:\/\/permakultur-landwirtschaft.org\/"},{"@type":"ListItem","position":2,"name":"Futterhecken auf dem Ziegenhof Elfingen &#8211; Betriebsportrait vom 22. Januar 2025"}]},{"@type":"WebSite","@id":"https:\/\/permakultur-landwirtschaft.org\/#website","url":"https:\/\/permakultur-landwirtschaft.org\/","name":"Permakultur-Landwirtschaft","description":"F\u00f6rderung der Permakultur in der Landwirtschaft","publisher":{"@id":"https:\/\/permakultur-landwirtschaft.org\/#organization"},"potentialAction":[{"@type":"SearchAction","target":{"@type":"EntryPoint","urlTemplate":"https:\/\/permakultur-landwirtschaft.org\/?s={search_term_string}"},"query-input":{"@type":"PropertyValueSpecification","valueRequired":true,"valueName":"search_term_string"}}],"inLanguage":"fr-FR"},{"@type":"Organization","@id":"https:\/\/permakultur-landwirtschaft.org\/#organization","name":"Permakultur-Landwirtschaft","alternateName":"Verein Permakultur-Landwirtschaft","url":"https:\/\/permakultur-landwirtschaft.org\/","logo":{"@type":"ImageObject","inLanguage":"fr-FR","@id":"https:\/\/permakultur-landwirtschaft.org\/#\/schema\/logo\/image\/","url":"https:\/\/permakultur-landwirtschaft.org\/wp-content\/uploads\/2021\/11\/pela_1268x1269.png","contentUrl":"https:\/\/permakultur-landwirtschaft.org\/wp-content\/uploads\/2021\/11\/pela_1268x1269.png","width":1298,"height":1269,"caption":"Permakultur-Landwirtschaft"},"image":{"@id":"https:\/\/permakultur-landwirtschaft.org\/#\/schema\/logo\/image\/"},"sameAs":["https:\/\/www.facebook.com\/PermakulturLandwirtschaft","https:\/\/www.instagram.com\/permakultur_landwirtschaft\/","https:\/\/www.flickr.com\/photos\/permakultur-landwirtschaft","https:\/\/www.youtube.com\/@PermakulturLandwirtschaft"]},{"@type":"Person","@id":"https:\/\/permakultur-landwirtschaft.org\/#\/schema\/person\/6b0467872f75aed3e144093f9bf4f0b0","name":"adrian reutimann","url":"https:\/\/permakultur-landwirtschaft.org\/fr\/author\/reutiadr\/"}]}},"_links":{"self":[{"href":"https:\/\/permakultur-landwirtschaft.org\/fr\/wp-json\/wp\/v2\/posts\/35611","targetHints":{"allow":["GET"]}}],"collection":[{"href":"https:\/\/permakultur-landwirtschaft.org\/fr\/wp-json\/wp\/v2\/posts"}],"about":[{"href":"https:\/\/permakultur-landwirtschaft.org\/fr\/wp-json\/wp\/v2\/types\/post"}],"author":[{"embeddable":true,"href":"https:\/\/permakultur-landwirtschaft.org\/fr\/wp-json\/wp\/v2\/users\/2"}],"replies":[{"embeddable":true,"href":"https:\/\/permakultur-landwirtschaft.org\/fr\/wp-json\/wp\/v2\/comments?post=35611"}],"version-history":[{"count":2,"href":"https:\/\/permakultur-landwirtschaft.org\/fr\/wp-json\/wp\/v2\/posts\/35611\/revisions"}],"predecessor-version":[{"id":35614,"href":"https:\/\/permakultur-landwirtschaft.org\/fr\/wp-json\/wp\/v2\/posts\/35611\/revisions\/35614"}],"wp:featuredmedia":[{"embeddable":true,"href":"https:\/\/permakultur-landwirtschaft.org\/fr\/wp-json\/wp\/v2\/media\/35612"}],"wp:attachment":[{"href":"https:\/\/permakultur-landwirtschaft.org\/fr\/wp-json\/wp\/v2\/media?parent=35611"}],"wp:term":[{"taxonomy":"category","embeddable":true,"href":"https:\/\/permakultur-landwirtschaft.org\/fr\/wp-json\/wp\/v2\/categories?post=35611"},{"taxonomy":"post_tag","embeddable":true,"href":"https:\/\/permakultur-landwirtschaft.org\/fr\/wp-json\/wp\/v2\/tags?post=35611"}],"curies":[{"name":"wp","href":"https:\/\/api.w.org\/{rel}","templated":true}]}}