{"id":35599,"date":"2025-01-28T17:19:51","date_gmt":"2025-01-28T16:19:51","guid":{"rendered":"https:\/\/permakultur-landwirtschaft.org\/?p=35599"},"modified":"2025-01-28T17:23:11","modified_gmt":"2025-01-28T16:23:11","slug":"heizen-und-dabei-pflanzenkohle-produzieren-probio-fachanlass-am-27-februar-2025","status":"publish","type":"post","link":"https:\/\/permakultur-landwirtschaft.org\/fr\/heizen-und-dabei-pflanzenkohle-produzieren-probio-fachanlass-am-27-februar-2025\/","title":{"rendered":"Heizen und dabei Pflanzenkohle produzieren &#8211; ProBio-Fachanlass am 27. Februar 2025"},"content":{"rendered":"<p>Text von www.bioaktuell.ch:<\/p>\n\n\n\n<p>Seit 2023 heizt die Bio-Baumschule Glauser in Noflen ihre R\u00e4umlichkeiten mit einer Pyrolyse-Anlage. Wie funktioniert diese, wie wird sie betrieben, was sind Vor- und Nachteile einer solchen Installation? Und wie und wo wird die gewonnene Pflanzenkohle eingesetzt?<\/p>\n\n\n\n<p>Markus Steffens vom FiBL wird das Thema Pflanzenkohle zus\u00e4tzlich aus der Perspektive der Forschung beleuchten: was wissen wir \u00fcber dieses Mittel, wo macht es Sinn, es einzusetzen und warum wird es oft als Wundermittel f\u00fcr das Klima pr\u00e4sentiert?<\/p>\n\n\n\n<p>Drei Wohnungen, eine Industriek\u00fcche inkl. Aufenthaltsraum, Garderoben inkl. WC\u2019s wie auch ein B\u00fcrogeb\u00e4ude werden alle durch eine Pyrolyseheizung geheizt und das Warmwasser daf\u00fcr produziert. Eine Pyrolyseheizung ist eine CO2 positive Heizung. Sie funktioniert mit Hackschnitzel, welche nicht verbrennen, sondern vergast werden. Nach dem Pyrolyseprozess entsteht als Abfallprodukt nicht Asche, sondern wertvolle Pflanzenkohle. Bei der Pyrolyse wird nur ca. 50% des gespeicherten Kohlenstoffs wieder in die Umwelt freigesetzt. Die restlichen 50% wird in der Kohle gebunden und kann entsprechend gespeichert werden. Durch das kompostieren der Pflanzenkohle, werden zus\u00e4tzlich N\u00e4hrstoffe und Wasser aufgenommen und in der Kohle gespeichert. So kann die Kohle nach dem kompostieren mit dem Kompost zusammen auf die Felder ausgebracht werden<\/p>\n\n\n\n<h2 class=\"wp-block-heading\">Date<\/h2>\n\n\n\n<p>Donnerstag, 27. Februar 2025, 9.00 \u2013 11.30 Uhr<\/p>\n\n\n\n<h2 class=\"wp-block-heading\">Lieu<\/h2>\n\n\n\n<p>Glausers Bio-Baumschule GmbH<br>Limpachmatt 22<br>3116 Noflen BE<\/p>\n\n\n\n<p><a href=\"https:\/\/www.bioaktuell.ch\/aktuell\/agenda\/termin\/probio-fachanlass-heizen-und-dabei-pflanzenkohle-produzieren\" target=\"_blank\" rel=\"noreferrer noopener\">Link zu mehr Infos und Anmeldung<\/a><\/p>\n\n\n\n<p><a href=\"https:\/\/biobaumschule.ch\" target=\"_blank\" rel=\"noreferrer noopener\">Link zu Glausers Bio-Baumschule<\/a><\/p>\n\n\n\n<p>Die Kompetenzplattform Permakultur-Landwirtschaft hat in Zusammenarbeit mit ClienFarms einen Infofilm zu dem Thema produziert:<\/p>\n\n\n\n<figure class=\"wp-block-embed is-type-video is-provider-youtube wp-block-embed-youtube wp-embed-aspect-16-9 wp-has-aspect-ratio\"><div class=\"wp-block-embed__wrapper\">\n<iframe title=\"Vielf\u00e4ltiger Nutzen durch eine Pyrolyseheizung auf dem Hof\" width=\"500\" height=\"281\" src=\"https:\/\/www.youtube.com\/embed\/cgljb2dPFY8?feature=oembed\" frameborder=\"0\" allow=\"accelerometer; autoplay; clipboard-write; encrypted-media; gyroscope; picture-in-picture; web-share\" referrerpolicy=\"strict-origin-when-cross-origin\" allowfullscreen><\/iframe>\n<\/div><\/figure>\n\n\n\n<p><a href=\"https:\/\/permakultur-landwirtschaft.org\/fr\/vielfaeltiger-nutzen-durch-eine-pyrolyseheizung-auf-dem-hof-infovideo-vom-19-dezember-2024\/\" target=\"_blank\" rel=\"noreferrer noopener\">Mehr Infos zu dem Infovideo<\/a><\/p>","protected":false},"excerpt":{"rendered":"<p>Text von www.bioaktuell.ch: Seit 2023 heizt die Bio-Baumschule Glauser in Noflen ihre R\u00e4umlichkeiten mit einer Pyrolyse-Anlage. Wie funktioniert diese, wie wird sie betrieben, was sind Vor- und Nachteile einer solchen Installation? Und wie und wo wird die gewonnene Pflanzenkohle eingesetzt? Markus Steffens vom FiBL wird das Thema Pflanzenkohle zus\u00e4tzlich aus der Perspektive der Forschung beleuchten: [&hellip;]<\/p>\n","protected":false},"author":2,"featured_media":35600,"comment_status":"closed","ping_status":"closed","sticky":false,"template":"","format":"standard","meta":{"_acf_changed":false,"site-sidebar-layout":"default","site-content-layout":"","ast-site-content-layout":"default","site-content-style":"default","site-sidebar-style":"default","ast-global-header-display":"","ast-banner-title-visibility":"","ast-main-header-display":"","ast-hfb-above-header-display":"","ast-hfb-below-header-display":"","ast-hfb-mobile-header-display":"","site-post-title":"","ast-breadcrumbs-content":"","ast-featured-img":"","footer-sml-layout":"","ast-disable-related-posts":"","theme-transparent-header-meta":"","adv-header-id-meta":"","stick-header-meta":"","header-above-stick-meta":"","header-main-stick-meta":"","header-below-stick-meta":"","astra-migrate-meta-layouts":"set","ast-page-background-enabled":"default","ast-page-background-meta":{"desktop":{"background-color":"var(--ast-global-color-4)","background-image":"","background-repeat":"repeat","background-position":"center center","background-size":"auto","background-attachment":"scroll","background-type":"","background-media":"","overlay-type":"","overlay-color":"","overlay-opacity":"","overlay-gradient":""},"tablet":{"background-color":"","background-image":"","background-repeat":"repeat","background-position":"center center","background-size":"auto","background-attachment":"scroll","background-type":"","background-media":"","overlay-type":"","overlay-color":"","overlay-opacity":"","overlay-gradient":""},"mobile":{"background-color":"","background-image":"","background-repeat":"repeat","background-position":"center center","background-size":"auto","background-attachment":"scroll","background-type":"","background-media":"","overlay-type":"","overlay-color":"","overlay-opacity":"","overlay-gradient":""}},"ast-content-background-meta":{"desktop":{"background-color":"var(--ast-global-color-5)","background-image":"","background-repeat":"repeat","background-position":"center center","background-size":"auto","background-attachment":"scroll","background-type":"","background-media":"","overlay-type":"","overlay-color":"","overlay-opacity":"","overlay-gradient":""},"tablet":{"background-color":"var(--ast-global-color-5)","background-image":"","background-repeat":"repeat","background-position":"center center","background-size":"auto","background-attachment":"scroll","background-type":"","background-media":"","overlay-type":"","overlay-color":"","overlay-opacity":"","overlay-gradient":""},"mobile":{"background-color":"var(--ast-global-color-5)","background-image":"","background-repeat":"repeat","background-position":"center center","background-size":"auto","background-attachment":"scroll","background-type":"","background-media":"","overlay-type":"","overlay-color":"","overlay-opacity":"","overlay-gradient":""}},"footnotes":""},"categories":[14],"tags":[562,142,563,388,110,390,524],"class_list":["post-35599","post","type-post","status-publish","format-standard","has-post-thumbnail","hentry","category-veranstaltung","tag-biobaumschule","tag-fibl","tag-glauser","tag-pflanzenkohle","tag-probio","tag-pyrofarm","tag-pyrolyseheizung"],"acf":[],"yoast_head":"<!-- This site is optimized with the Yoast SEO plugin v27.5 - https:\/\/yoast.com\/product\/yoast-seo-wordpress\/ -->\n<title>Heizen und dabei Pflanzenkohle produzieren - ProBio-Fachanlass am 27. Februar 2025 - Permakultur-Landwirtschaft<\/title>\n<meta name=\"description\" content=\"Seit 2023 heizt die Bio-Baumschule Glauser in Noflen ihre R\u00e4umlichkeiten mit einer Pyrolyse-Anlage. Wie funktioniert diese?\" \/>\n<meta name=\"robots\" content=\"index, follow, max-snippet:-1, max-image-preview:large, max-video-preview:-1\" \/>\n<link rel=\"canonical\" href=\"https:\/\/permakultur-landwirtschaft.org\/fr\/heizen-und-dabei-pflanzenkohle-produzieren-probio-fachanlass-am-27-februar-2025\/\" \/>\n<meta property=\"og:locale\" content=\"fr_FR\" \/>\n<meta property=\"og:type\" content=\"article\" \/>\n<meta property=\"og:title\" content=\"Heizen und dabei Pflanzenkohle produzieren - ProBio-Fachanlass am 27. Februar 2025 - Permakultur-Landwirtschaft\" \/>\n<meta property=\"og:description\" content=\"Seit 2023 heizt die Bio-Baumschule Glauser in Noflen ihre R\u00e4umlichkeiten mit einer Pyrolyse-Anlage. Wie funktioniert diese?\" \/>\n<meta property=\"og:url\" content=\"https:\/\/permakultur-landwirtschaft.org\/fr\/heizen-und-dabei-pflanzenkohle-produzieren-probio-fachanlass-am-27-februar-2025\/\" \/>\n<meta property=\"og:site_name\" content=\"Permakultur-Landwirtschaft\" \/>\n<meta property=\"article:publisher\" content=\"https:\/\/www.facebook.com\/PermakulturLandwirtschaft\" \/>\n<meta property=\"article:published_time\" content=\"2025-01-28T16:19:51+00:00\" \/>\n<meta property=\"article:modified_time\" content=\"2025-01-28T16:23:11+00:00\" \/>\n<meta property=\"og:image\" content=\"https:\/\/permakultur-landwirtschaft.org\/wp-content\/uploads\/2025\/01\/pyrofarm_20231025_172744-1024x768-1.jpg\" \/>\n\t<meta property=\"og:image:width\" content=\"700\" \/>\n\t<meta property=\"og:image:height\" content=\"525\" \/>\n\t<meta property=\"og:image:type\" content=\"image\/jpeg\" \/>\n<meta name=\"author\" content=\"adrian reutimann\" \/>\n<meta name=\"twitter:card\" content=\"summary_large_image\" \/>\n<meta name=\"twitter:label1\" content=\"\u00c9crit par\" \/>\n\t<meta name=\"twitter:data1\" content=\"adrian reutimann\" \/>\n\t<meta name=\"twitter:label2\" content=\"Dur\u00e9e de lecture estim\u00e9e\" \/>\n\t<meta name=\"twitter:data2\" content=\"2 minutes\" \/>\n<script type=\"application\/ld+json\" class=\"yoast-schema-graph\">{\"@context\":\"https:\\\/\\\/schema.org\",\"@graph\":[{\"@type\":\"Article\",\"@id\":\"https:\\\/\\\/permakultur-landwirtschaft.org\\\/heizen-und-dabei-pflanzenkohle-produzieren-probio-fachanlass-am-27-februar-2025\\\/#article\",\"isPartOf\":{\"@id\":\"https:\\\/\\\/permakultur-landwirtschaft.org\\\/heizen-und-dabei-pflanzenkohle-produzieren-probio-fachanlass-am-27-februar-2025\\\/\"},\"author\":{\"name\":\"adrian reutimann\",\"@id\":\"https:\\\/\\\/permakultur-landwirtschaft.org\\\/#\\\/schema\\\/person\\\/6b0467872f75aed3e144093f9bf4f0b0\"},\"headline\":\"Heizen und dabei Pflanzenkohle produzieren &#8211; ProBio-Fachanlass am 27. Februar 2025\",\"datePublished\":\"2025-01-28T16:19:51+00:00\",\"dateModified\":\"2025-01-28T16:23:11+00:00\",\"mainEntityOfPage\":{\"@id\":\"https:\\\/\\\/permakultur-landwirtschaft.org\\\/heizen-und-dabei-pflanzenkohle-produzieren-probio-fachanlass-am-27-februar-2025\\\/\"},\"wordCount\":253,\"publisher\":{\"@id\":\"https:\\\/\\\/permakultur-landwirtschaft.org\\\/#organization\"},\"image\":{\"@id\":\"https:\\\/\\\/permakultur-landwirtschaft.org\\\/heizen-und-dabei-pflanzenkohle-produzieren-probio-fachanlass-am-27-februar-2025\\\/#primaryimage\"},\"thumbnailUrl\":\"https:\\\/\\\/permakultur-landwirtschaft.org\\\/wp-content\\\/uploads\\\/2025\\\/01\\\/pyrofarm_20231025_172744-1024x768-1.jpg\",\"keywords\":[\"Biobaumschule\",\"FiBL\",\"Glauser\",\"Pflanzenkohle\",\"ProBio\",\"Pyrofarm\",\"Pyrolyseheizung\"],\"articleSection\":[\"Veranstaltung\"],\"inLanguage\":\"fr-FR\"},{\"@type\":\"WebPage\",\"@id\":\"https:\\\/\\\/permakultur-landwirtschaft.org\\\/heizen-und-dabei-pflanzenkohle-produzieren-probio-fachanlass-am-27-februar-2025\\\/\",\"url\":\"https:\\\/\\\/permakultur-landwirtschaft.org\\\/heizen-und-dabei-pflanzenkohle-produzieren-probio-fachanlass-am-27-februar-2025\\\/\",\"name\":\"Heizen und dabei Pflanzenkohle produzieren - ProBio-Fachanlass am 27. Februar 2025 - Permakultur-Landwirtschaft\",\"isPartOf\":{\"@id\":\"https:\\\/\\\/permakultur-landwirtschaft.org\\\/#website\"},\"primaryImageOfPage\":{\"@id\":\"https:\\\/\\\/permakultur-landwirtschaft.org\\\/heizen-und-dabei-pflanzenkohle-produzieren-probio-fachanlass-am-27-februar-2025\\\/#primaryimage\"},\"image\":{\"@id\":\"https:\\\/\\\/permakultur-landwirtschaft.org\\\/heizen-und-dabei-pflanzenkohle-produzieren-probio-fachanlass-am-27-februar-2025\\\/#primaryimage\"},\"thumbnailUrl\":\"https:\\\/\\\/permakultur-landwirtschaft.org\\\/wp-content\\\/uploads\\\/2025\\\/01\\\/pyrofarm_20231025_172744-1024x768-1.jpg\",\"datePublished\":\"2025-01-28T16:19:51+00:00\",\"dateModified\":\"2025-01-28T16:23:11+00:00\",\"description\":\"Seit 2023 heizt die Bio-Baumschule Glauser in Noflen ihre R\u00e4umlichkeiten mit einer Pyrolyse-Anlage. Wie funktioniert diese?\",\"breadcrumb\":{\"@id\":\"https:\\\/\\\/permakultur-landwirtschaft.org\\\/heizen-und-dabei-pflanzenkohle-produzieren-probio-fachanlass-am-27-februar-2025\\\/#breadcrumb\"},\"inLanguage\":\"fr-FR\",\"potentialAction\":[{\"@type\":\"ReadAction\",\"target\":[\"https:\\\/\\\/permakultur-landwirtschaft.org\\\/heizen-und-dabei-pflanzenkohle-produzieren-probio-fachanlass-am-27-februar-2025\\\/\"]}]},{\"@type\":\"ImageObject\",\"inLanguage\":\"fr-FR\",\"@id\":\"https:\\\/\\\/permakultur-landwirtschaft.org\\\/heizen-und-dabei-pflanzenkohle-produzieren-probio-fachanlass-am-27-februar-2025\\\/#primaryimage\",\"url\":\"https:\\\/\\\/permakultur-landwirtschaft.org\\\/wp-content\\\/uploads\\\/2025\\\/01\\\/pyrofarm_20231025_172744-1024x768-1.jpg\",\"contentUrl\":\"https:\\\/\\\/permakultur-landwirtschaft.org\\\/wp-content\\\/uploads\\\/2025\\\/01\\\/pyrofarm_20231025_172744-1024x768-1.jpg\",\"width\":700,\"height\":525,\"caption\":\"Bild: www.pyronet.ch\"},{\"@type\":\"BreadcrumbList\",\"@id\":\"https:\\\/\\\/permakultur-landwirtschaft.org\\\/heizen-und-dabei-pflanzenkohle-produzieren-probio-fachanlass-am-27-februar-2025\\\/#breadcrumb\",\"itemListElement\":[{\"@type\":\"ListItem\",\"position\":1,\"name\":\"Startseite\",\"item\":\"https:\\\/\\\/permakultur-landwirtschaft.org\\\/\"},{\"@type\":\"ListItem\",\"position\":2,\"name\":\"Heizen und dabei Pflanzenkohle produzieren &#8211; ProBio-Fachanlass am 27. Februar 2025\"}]},{\"@type\":\"WebSite\",\"@id\":\"https:\\\/\\\/permakultur-landwirtschaft.org\\\/#website\",\"url\":\"https:\\\/\\\/permakultur-landwirtschaft.org\\\/\",\"name\":\"Permakultur-Landwirtschaft\",\"description\":\"F\u00f6rderung der Permakultur in der Landwirtschaft\",\"publisher\":{\"@id\":\"https:\\\/\\\/permakultur-landwirtschaft.org\\\/#organization\"},\"potentialAction\":[{\"@type\":\"SearchAction\",\"target\":{\"@type\":\"EntryPoint\",\"urlTemplate\":\"https:\\\/\\\/permakultur-landwirtschaft.org\\\/?s={search_term_string}\"},\"query-input\":{\"@type\":\"PropertyValueSpecification\",\"valueRequired\":true,\"valueName\":\"search_term_string\"}}],\"inLanguage\":\"fr-FR\"},{\"@type\":\"Organization\",\"@id\":\"https:\\\/\\\/permakultur-landwirtschaft.org\\\/#organization\",\"name\":\"Permakultur-Landwirtschaft\",\"alternateName\":\"Verein Permakultur-Landwirtschaft\",\"url\":\"https:\\\/\\\/permakultur-landwirtschaft.org\\\/\",\"logo\":{\"@type\":\"ImageObject\",\"inLanguage\":\"fr-FR\",\"@id\":\"https:\\\/\\\/permakultur-landwirtschaft.org\\\/#\\\/schema\\\/logo\\\/image\\\/\",\"url\":\"https:\\\/\\\/permakultur-landwirtschaft.org\\\/wp-content\\\/uploads\\\/2021\\\/11\\\/pela_1268x1269.png\",\"contentUrl\":\"https:\\\/\\\/permakultur-landwirtschaft.org\\\/wp-content\\\/uploads\\\/2021\\\/11\\\/pela_1268x1269.png\",\"width\":1298,\"height\":1269,\"caption\":\"Permakultur-Landwirtschaft\"},\"image\":{\"@id\":\"https:\\\/\\\/permakultur-landwirtschaft.org\\\/#\\\/schema\\\/logo\\\/image\\\/\"},\"sameAs\":[\"https:\\\/\\\/www.facebook.com\\\/PermakulturLandwirtschaft\",\"https:\\\/\\\/www.instagram.com\\\/permakultur_landwirtschaft\\\/\",\"https:\\\/\\\/www.flickr.com\\\/photos\\\/permakultur-landwirtschaft\",\"https:\\\/\\\/www.youtube.com\\\/@PermakulturLandwirtschaft\"]},{\"@type\":\"Person\",\"@id\":\"https:\\\/\\\/permakultur-landwirtschaft.org\\\/#\\\/schema\\\/person\\\/6b0467872f75aed3e144093f9bf4f0b0\",\"name\":\"adrian reutimann\",\"url\":\"https:\\\/\\\/permakultur-landwirtschaft.org\\\/fr\\\/author\\\/reutiadr\\\/\"}]}<\/script>\n<!-- \/ Yoast SEO plugin. -->","yoast_head_json":{"title":"Heizen und dabei Pflanzenkohle produzieren - ProBio-Fachanlass am 27. Februar 2025 - Permakultur-Landwirtschaft","description":"Seit 2023 heizt die Bio-Baumschule Glauser in Noflen ihre R\u00e4umlichkeiten mit einer Pyrolyse-Anlage. Wie funktioniert diese?","robots":{"index":"index","follow":"follow","max-snippet":"max-snippet:-1","max-image-preview":"max-image-preview:large","max-video-preview":"max-video-preview:-1"},"canonical":"https:\/\/permakultur-landwirtschaft.org\/fr\/heizen-und-dabei-pflanzenkohle-produzieren-probio-fachanlass-am-27-februar-2025\/","og_locale":"fr_FR","og_type":"article","og_title":"Heizen und dabei Pflanzenkohle produzieren - ProBio-Fachanlass am 27. Februar 2025 - Permakultur-Landwirtschaft","og_description":"Seit 2023 heizt die Bio-Baumschule Glauser in Noflen ihre R\u00e4umlichkeiten mit einer Pyrolyse-Anlage. Wie funktioniert diese?","og_url":"https:\/\/permakultur-landwirtschaft.org\/fr\/heizen-und-dabei-pflanzenkohle-produzieren-probio-fachanlass-am-27-februar-2025\/","og_site_name":"Permakultur-Landwirtschaft","article_publisher":"https:\/\/www.facebook.com\/PermakulturLandwirtschaft","article_published_time":"2025-01-28T16:19:51+00:00","article_modified_time":"2025-01-28T16:23:11+00:00","og_image":[{"width":700,"height":525,"url":"https:\/\/permakultur-landwirtschaft.org\/wp-content\/uploads\/2025\/01\/pyrofarm_20231025_172744-1024x768-1.jpg","type":"image\/jpeg"}],"author":"adrian reutimann","twitter_card":"summary_large_image","twitter_misc":{"\u00c9crit par":"adrian reutimann","Dur\u00e9e de lecture estim\u00e9e":"2 minutes"},"schema":{"@context":"https:\/\/schema.org","@graph":[{"@type":"Article","@id":"https:\/\/permakultur-landwirtschaft.org\/heizen-und-dabei-pflanzenkohle-produzieren-probio-fachanlass-am-27-februar-2025\/#article","isPartOf":{"@id":"https:\/\/permakultur-landwirtschaft.org\/heizen-und-dabei-pflanzenkohle-produzieren-probio-fachanlass-am-27-februar-2025\/"},"author":{"name":"adrian reutimann","@id":"https:\/\/permakultur-landwirtschaft.org\/#\/schema\/person\/6b0467872f75aed3e144093f9bf4f0b0"},"headline":"Heizen und dabei Pflanzenkohle produzieren &#8211; ProBio-Fachanlass am 27. Februar 2025","datePublished":"2025-01-28T16:19:51+00:00","dateModified":"2025-01-28T16:23:11+00:00","mainEntityOfPage":{"@id":"https:\/\/permakultur-landwirtschaft.org\/heizen-und-dabei-pflanzenkohle-produzieren-probio-fachanlass-am-27-februar-2025\/"},"wordCount":253,"publisher":{"@id":"https:\/\/permakultur-landwirtschaft.org\/#organization"},"image":{"@id":"https:\/\/permakultur-landwirtschaft.org\/heizen-und-dabei-pflanzenkohle-produzieren-probio-fachanlass-am-27-februar-2025\/#primaryimage"},"thumbnailUrl":"https:\/\/permakultur-landwirtschaft.org\/wp-content\/uploads\/2025\/01\/pyrofarm_20231025_172744-1024x768-1.jpg","keywords":["Biobaumschule","FiBL","Glauser","Pflanzenkohle","ProBio","Pyrofarm","Pyrolyseheizung"],"articleSection":["Veranstaltung"],"inLanguage":"fr-FR"},{"@type":"WebPage","@id":"https:\/\/permakultur-landwirtschaft.org\/heizen-und-dabei-pflanzenkohle-produzieren-probio-fachanlass-am-27-februar-2025\/","url":"https:\/\/permakultur-landwirtschaft.org\/heizen-und-dabei-pflanzenkohle-produzieren-probio-fachanlass-am-27-februar-2025\/","name":"Heizen und dabei Pflanzenkohle produzieren - ProBio-Fachanlass am 27. Februar 2025 - Permakultur-Landwirtschaft","isPartOf":{"@id":"https:\/\/permakultur-landwirtschaft.org\/#website"},"primaryImageOfPage":{"@id":"https:\/\/permakultur-landwirtschaft.org\/heizen-und-dabei-pflanzenkohle-produzieren-probio-fachanlass-am-27-februar-2025\/#primaryimage"},"image":{"@id":"https:\/\/permakultur-landwirtschaft.org\/heizen-und-dabei-pflanzenkohle-produzieren-probio-fachanlass-am-27-februar-2025\/#primaryimage"},"thumbnailUrl":"https:\/\/permakultur-landwirtschaft.org\/wp-content\/uploads\/2025\/01\/pyrofarm_20231025_172744-1024x768-1.jpg","datePublished":"2025-01-28T16:19:51+00:00","dateModified":"2025-01-28T16:23:11+00:00","description":"Seit 2023 heizt die Bio-Baumschule Glauser in Noflen ihre R\u00e4umlichkeiten mit einer Pyrolyse-Anlage. Wie funktioniert diese?","breadcrumb":{"@id":"https:\/\/permakultur-landwirtschaft.org\/heizen-und-dabei-pflanzenkohle-produzieren-probio-fachanlass-am-27-februar-2025\/#breadcrumb"},"inLanguage":"fr-FR","potentialAction":[{"@type":"ReadAction","target":["https:\/\/permakultur-landwirtschaft.org\/heizen-und-dabei-pflanzenkohle-produzieren-probio-fachanlass-am-27-februar-2025\/"]}]},{"@type":"ImageObject","inLanguage":"fr-FR","@id":"https:\/\/permakultur-landwirtschaft.org\/heizen-und-dabei-pflanzenkohle-produzieren-probio-fachanlass-am-27-februar-2025\/#primaryimage","url":"https:\/\/permakultur-landwirtschaft.org\/wp-content\/uploads\/2025\/01\/pyrofarm_20231025_172744-1024x768-1.jpg","contentUrl":"https:\/\/permakultur-landwirtschaft.org\/wp-content\/uploads\/2025\/01\/pyrofarm_20231025_172744-1024x768-1.jpg","width":700,"height":525,"caption":"Bild: www.pyronet.ch"},{"@type":"BreadcrumbList","@id":"https:\/\/permakultur-landwirtschaft.org\/heizen-und-dabei-pflanzenkohle-produzieren-probio-fachanlass-am-27-februar-2025\/#breadcrumb","itemListElement":[{"@type":"ListItem","position":1,"name":"Startseite","item":"https:\/\/permakultur-landwirtschaft.org\/"},{"@type":"ListItem","position":2,"name":"Heizen und dabei Pflanzenkohle produzieren &#8211; ProBio-Fachanlass am 27. Februar 2025"}]},{"@type":"WebSite","@id":"https:\/\/permakultur-landwirtschaft.org\/#website","url":"https:\/\/permakultur-landwirtschaft.org\/","name":"Permakultur-Landwirtschaft","description":"F\u00f6rderung der Permakultur in der Landwirtschaft","publisher":{"@id":"https:\/\/permakultur-landwirtschaft.org\/#organization"},"potentialAction":[{"@type":"SearchAction","target":{"@type":"EntryPoint","urlTemplate":"https:\/\/permakultur-landwirtschaft.org\/?s={search_term_string}"},"query-input":{"@type":"PropertyValueSpecification","valueRequired":true,"valueName":"search_term_string"}}],"inLanguage":"fr-FR"},{"@type":"Organization","@id":"https:\/\/permakultur-landwirtschaft.org\/#organization","name":"Permakultur-Landwirtschaft","alternateName":"Verein Permakultur-Landwirtschaft","url":"https:\/\/permakultur-landwirtschaft.org\/","logo":{"@type":"ImageObject","inLanguage":"fr-FR","@id":"https:\/\/permakultur-landwirtschaft.org\/#\/schema\/logo\/image\/","url":"https:\/\/permakultur-landwirtschaft.org\/wp-content\/uploads\/2021\/11\/pela_1268x1269.png","contentUrl":"https:\/\/permakultur-landwirtschaft.org\/wp-content\/uploads\/2021\/11\/pela_1268x1269.png","width":1298,"height":1269,"caption":"Permakultur-Landwirtschaft"},"image":{"@id":"https:\/\/permakultur-landwirtschaft.org\/#\/schema\/logo\/image\/"},"sameAs":["https:\/\/www.facebook.com\/PermakulturLandwirtschaft","https:\/\/www.instagram.com\/permakultur_landwirtschaft\/","https:\/\/www.flickr.com\/photos\/permakultur-landwirtschaft","https:\/\/www.youtube.com\/@PermakulturLandwirtschaft"]},{"@type":"Person","@id":"https:\/\/permakultur-landwirtschaft.org\/#\/schema\/person\/6b0467872f75aed3e144093f9bf4f0b0","name":"adrian reutimann","url":"https:\/\/permakultur-landwirtschaft.org\/fr\/author\/reutiadr\/"}]}},"_links":{"self":[{"href":"https:\/\/permakultur-landwirtschaft.org\/fr\/wp-json\/wp\/v2\/posts\/35599","targetHints":{"allow":["GET"]}}],"collection":[{"href":"https:\/\/permakultur-landwirtschaft.org\/fr\/wp-json\/wp\/v2\/posts"}],"about":[{"href":"https:\/\/permakultur-landwirtschaft.org\/fr\/wp-json\/wp\/v2\/types\/post"}],"author":[{"embeddable":true,"href":"https:\/\/permakultur-landwirtschaft.org\/fr\/wp-json\/wp\/v2\/users\/2"}],"replies":[{"embeddable":true,"href":"https:\/\/permakultur-landwirtschaft.org\/fr\/wp-json\/wp\/v2\/comments?post=35599"}],"version-history":[{"count":2,"href":"https:\/\/permakultur-landwirtschaft.org\/fr\/wp-json\/wp\/v2\/posts\/35599\/revisions"}],"predecessor-version":[{"id":35602,"href":"https:\/\/permakultur-landwirtschaft.org\/fr\/wp-json\/wp\/v2\/posts\/35599\/revisions\/35602"}],"wp:featuredmedia":[{"embeddable":true,"href":"https:\/\/permakultur-landwirtschaft.org\/fr\/wp-json\/wp\/v2\/media\/35600"}],"wp:attachment":[{"href":"https:\/\/permakultur-landwirtschaft.org\/fr\/wp-json\/wp\/v2\/media?parent=35599"}],"wp:term":[{"taxonomy":"category","embeddable":true,"href":"https:\/\/permakultur-landwirtschaft.org\/fr\/wp-json\/wp\/v2\/categories?post=35599"},{"taxonomy":"post_tag","embeddable":true,"href":"https:\/\/permakultur-landwirtschaft.org\/fr\/wp-json\/wp\/v2\/tags?post=35599"}],"curies":[{"name":"wp","href":"https:\/\/api.w.org\/{rel}","templated":true}]}}