{"id":35562,"date":"2025-01-13T10:06:13","date_gmt":"2025-01-13T09:06:13","guid":{"rendered":"https:\/\/permakultur-landwirtschaft.org\/?p=35562"},"modified":"2025-01-23T10:11:55","modified_gmt":"2025-01-23T09:11:55","slug":"einblicke-in-keyline-design-und-holistic-management-beitrag-vom-13-januar-2025","status":"publish","type":"post","link":"https:\/\/permakultur-landwirtschaft.org\/fr\/einblicke-in-keyline-design-und-holistic-management-beitrag-vom-13-januar-2025\/","title":{"rendered":"Einblicke in Keyline Design und Holistic Management &#8211; Beitrag vom 13. Januar 2025"},"content":{"rendered":"<p>Text von www.permakultur.ch:<\/p>\n\n\n\n<p>Boden, Wasser, Weidetiere und ein ganzheitliches Ziel: \u00d6kologisches und systemisches \u00adDenken l\u00e4sst die Landwirtschaft ihr regenerierendes Potenzial entfalten.<\/p>\n\n\n\n<p>Australien ist ein Land der Extreme. Hier gibt es D\u00fcrren und gro\u00dfe \u00dcberschwemmungen auf erdgeschichtlich alten und verbrauchten B\u00f6den, und es gibt sowohl dicht besiedelte als auch menschenleere Landschaften. Was hat das mit Deutschland oder Europa zu tun?<\/p>\n\n\n\n<p>Mitteleuropa wird sp\u00fcrbar extremer, unser Lebensraum wird &#171;australischer&#187;. Klima- und Wetterver\u00e4nderungen bringen mehr regionale Starkregenereignisse, Trockenzeiten und St\u00fcrme. Nach jahrzehntelanger agrarindus\u00adtrieller Misswirtschaft mit vernachl\u00e4ssigter Fruchtfolge, Monokulturen, mangelhafter Humuswirtschaft, massivem Einsatz von Chemikalien und schwerer Technik sind die einst guten B\u00f6den l\u00e4ngst nicht mehr das, was sie einmal waren. Sie \u00e4hneln in trockenen Sommern zunehmend der australischen W\u00fcste.<\/p>\n\n\n\n<p><strong>Vortr\u00e4ge und Kurse von australischen Landwirtschaftsfachleuten in Europa<\/strong><\/p>\n\n\n\n<p>Es sei also kein Wunder, dass Australier jetzt nach Mitteleuropa kommen, um hier ihr Wissen weiterzugeben, meint Darren Doherty. Der australische Farmer und Berater f\u00fcr Permakultur und Keyline-Landwirtschaft unterrichtete in den letzten Jahr mehrmals in Europa. Ebenso tat es sein Kollege Kirk Gadzia aus den USA, der sich wie Doherty in seiner praktischen Beratert\u00e4tigkeit vor allem aus Sicht einer ganzheitlichen Betriebsf\u00fchrung (&#171;Holistic Management&#187;) mit der Frage besch\u00e4ftigt, wie eine Landwirtschaft aussehen kann, die weder B\u00f6den noch Menschen auslaugt.<\/p>\n\n\n\n<p>Beide geh\u00f6ren zu einem Netzwerk, das von vier australischen Farmer-Familien gegr\u00fcndet wurde. Unter dem Namen &#171;RegenAG &#8211; Regenerative Agriculture&#187; wollen sie dazu beitragen, Australiens Farmen, B\u00f6den, Gemeinden sowie das Farmleben zu erneuern, indem sie Techniken und Wissen besser zug\u00e4nglich machen. Neben den landgestaltenden Methoden der Permakultur, mit denen in der Vergangenheit vor allem auf kleineren Fl\u00e4chen Erfahrungen gesammelt wurden, werden hier auch Methoden und Erfahrungen des Holistic Managements, des Keyline Designs, sowie der Zero Emission Research Initiative (ZERI) zur Gestaltung regenerativer Landwirtschaftspraxis genutzt.<\/p>\n\n\n\n<p>&#8230;<\/p>\n\n\n\n<p><a href=\"https:\/\/www.permakultur.ch\/post\/einblicke-in-keyline-design-und-holistic-management\" target=\"_blank\" rel=\"noreferrer noopener\">Lien vers l'article complet<\/a><\/p>","protected":false},"excerpt":{"rendered":"<p>Text von www.permakultur.ch: Boden, Wasser, Weidetiere und ein ganzheitliches Ziel: \u00d6kologisches und systemisches \u00adDenken l\u00e4sst die Landwirtschaft ihr regenerierendes Potenzial entfalten. Australien ist ein Land der Extreme. Hier gibt es D\u00fcrren und gro\u00dfe \u00dcberschwemmungen auf erdgeschichtlich alten und verbrauchten B\u00f6den, und es gibt sowohl dicht besiedelte als auch menschenleere Landschaften. Was hat das mit Deutschland [&hellip;]<\/p>\n","protected":false},"author":2,"featured_media":35565,"comment_status":"closed","ping_status":"closed","sticky":false,"template":"","format":"standard","meta":{"_acf_changed":false,"site-sidebar-layout":"default","site-content-layout":"","ast-site-content-layout":"default","site-content-style":"default","site-sidebar-style":"default","ast-global-header-display":"","ast-banner-title-visibility":"","ast-main-header-display":"","ast-hfb-above-header-display":"","ast-hfb-below-header-display":"","ast-hfb-mobile-header-display":"","site-post-title":"","ast-breadcrumbs-content":"","ast-featured-img":"","footer-sml-layout":"","ast-disable-related-posts":"","theme-transparent-header-meta":"","adv-header-id-meta":"","stick-header-meta":"","header-above-stick-meta":"","header-main-stick-meta":"","header-below-stick-meta":"","astra-migrate-meta-layouts":"set","ast-page-background-enabled":"default","ast-page-background-meta":{"desktop":{"background-color":"var(--ast-global-color-4)","background-image":"","background-repeat":"repeat","background-position":"center center","background-size":"auto","background-attachment":"scroll","background-type":"","background-media":"","overlay-type":"","overlay-color":"","overlay-opacity":"","overlay-gradient":""},"tablet":{"background-color":"","background-image":"","background-repeat":"repeat","background-position":"center center","background-size":"auto","background-attachment":"scroll","background-type":"","background-media":"","overlay-type":"","overlay-color":"","overlay-opacity":"","overlay-gradient":""},"mobile":{"background-color":"","background-image":"","background-repeat":"repeat","background-position":"center center","background-size":"auto","background-attachment":"scroll","background-type":"","background-media":"","overlay-type":"","overlay-color":"","overlay-opacity":"","overlay-gradient":""}},"ast-content-background-meta":{"desktop":{"background-color":"var(--ast-global-color-5)","background-image":"","background-repeat":"repeat","background-position":"center center","background-size":"auto","background-attachment":"scroll","background-type":"","background-media":"","overlay-type":"","overlay-color":"","overlay-opacity":"","overlay-gradient":""},"tablet":{"background-color":"var(--ast-global-color-5)","background-image":"","background-repeat":"repeat","background-position":"center center","background-size":"auto","background-attachment":"scroll","background-type":"","background-media":"","overlay-type":"","overlay-color":"","overlay-opacity":"","overlay-gradient":""},"mobile":{"background-color":"var(--ast-global-color-5)","background-image":"","background-repeat":"repeat","background-position":"center center","background-size":"auto","background-attachment":"scroll","background-type":"","background-media":"","overlay-type":"","overlay-color":"","overlay-opacity":"","overlay-gradient":""}},"footnotes":""},"categories":[22],"tags":[551,90,38,17,552,553],"class_list":["post-35562","post","type-post","status-publish","format-standard","has-post-thumbnail","hentry","category-neuigkeit","tag-holistic-management","tag-keyline","tag-landwirtschaft","tag-permakultur","tag-ulrike-meissner","tag-weidetiere"],"acf":[],"yoast_head":"<!-- This site is optimized with the Yoast SEO plugin v27.5 - https:\/\/yoast.com\/product\/yoast-seo-wordpress\/ -->\n<title>Einblicke in Keyline Design und Holistic Management - Beitrag vom 13. Januar 2025 - Permakultur-Landwirtschaft<\/title>\n<meta name=\"description\" content=\"Boden, Wasser, Tiere und ein Ziel: \u00d6kologisches und systemisches \u00adDenken l\u00e4sst die Landwirtschaft ihr regenerierendes Potenzial entfalten.\" \/>\n<meta name=\"robots\" content=\"index, follow, max-snippet:-1, max-image-preview:large, max-video-preview:-1\" \/>\n<link rel=\"canonical\" href=\"https:\/\/permakultur-landwirtschaft.org\/fr\/einblicke-in-keyline-design-und-holistic-management-beitrag-vom-13-januar-2025\/\" \/>\n<meta property=\"og:locale\" content=\"fr_FR\" \/>\n<meta property=\"og:type\" content=\"article\" \/>\n<meta property=\"og:title\" content=\"Einblicke in Keyline Design und Holistic Management - Beitrag vom 13. Januar 2025 - Permakultur-Landwirtschaft\" \/>\n<meta property=\"og:description\" content=\"Boden, Wasser, Tiere und ein Ziel: \u00d6kologisches und systemisches \u00adDenken l\u00e4sst die Landwirtschaft ihr regenerierendes Potenzial entfalten.\" \/>\n<meta property=\"og:url\" content=\"https:\/\/permakultur-landwirtschaft.org\/fr\/einblicke-in-keyline-design-und-holistic-management-beitrag-vom-13-januar-2025\/\" \/>\n<meta property=\"og:site_name\" content=\"Permakultur-Landwirtschaft\" \/>\n<meta property=\"article:publisher\" content=\"https:\/\/www.facebook.com\/PermakulturLandwirtschaft\" \/>\n<meta property=\"article:published_time\" content=\"2025-01-13T09:06:13+00:00\" \/>\n<meta property=\"article:modified_time\" content=\"2025-01-23T09:11:55+00:00\" \/>\n<meta property=\"og:image\" content=\"https:\/\/permakultur-landwirtschaft.org\/wp-content\/uploads\/2025\/01\/ulrike_meissner_holistic_grazing_2025-01-23_10-04-26.jpg\" \/>\n\t<meta property=\"og:image:width\" content=\"701\" \/>\n\t<meta property=\"og:image:height\" content=\"391\" \/>\n\t<meta property=\"og:image:type\" content=\"image\/jpeg\" \/>\n<meta name=\"author\" content=\"adrian reutimann\" \/>\n<meta name=\"twitter:card\" content=\"summary_large_image\" \/>\n<meta name=\"twitter:label1\" content=\"\u00c9crit par\" \/>\n\t<meta name=\"twitter:data1\" content=\"adrian reutimann\" \/>\n\t<meta name=\"twitter:label2\" content=\"Dur\u00e9e de lecture estim\u00e9e\" \/>\n\t<meta name=\"twitter:data2\" content=\"2 minutes\" \/>\n<script type=\"application\/ld+json\" class=\"yoast-schema-graph\">{\"@context\":\"https:\\\/\\\/schema.org\",\"@graph\":[{\"@type\":\"Article\",\"@id\":\"https:\\\/\\\/permakultur-landwirtschaft.org\\\/einblicke-in-keyline-design-und-holistic-management-beitrag-vom-13-januar-2025\\\/#article\",\"isPartOf\":{\"@id\":\"https:\\\/\\\/permakultur-landwirtschaft.org\\\/einblicke-in-keyline-design-und-holistic-management-beitrag-vom-13-januar-2025\\\/\"},\"author\":{\"name\":\"adrian reutimann\",\"@id\":\"https:\\\/\\\/permakultur-landwirtschaft.org\\\/#\\\/schema\\\/person\\\/6b0467872f75aed3e144093f9bf4f0b0\"},\"headline\":\"Einblicke in Keyline Design und Holistic Management &#8211; Beitrag vom 13. Januar 2025\",\"datePublished\":\"2025-01-13T09:06:13+00:00\",\"dateModified\":\"2025-01-23T09:11:55+00:00\",\"mainEntityOfPage\":{\"@id\":\"https:\\\/\\\/permakultur-landwirtschaft.org\\\/einblicke-in-keyline-design-und-holistic-management-beitrag-vom-13-januar-2025\\\/\"},\"wordCount\":325,\"publisher\":{\"@id\":\"https:\\\/\\\/permakultur-landwirtschaft.org\\\/#organization\"},\"image\":{\"@id\":\"https:\\\/\\\/permakultur-landwirtschaft.org\\\/einblicke-in-keyline-design-und-holistic-management-beitrag-vom-13-januar-2025\\\/#primaryimage\"},\"thumbnailUrl\":\"https:\\\/\\\/permakultur-landwirtschaft.org\\\/wp-content\\\/uploads\\\/2025\\\/01\\\/ulrike_meissner_holistic_grazing_2025-01-23_10-04-26.jpg\",\"keywords\":[\"Holistic Management\",\"Keyline\",\"Landwirtschaft\",\"Permakultur\",\"Ulrike Mei\u00dfner\",\"Weidetiere\"],\"articleSection\":[\"Neuigkeit\"],\"inLanguage\":\"fr-FR\"},{\"@type\":\"WebPage\",\"@id\":\"https:\\\/\\\/permakultur-landwirtschaft.org\\\/einblicke-in-keyline-design-und-holistic-management-beitrag-vom-13-januar-2025\\\/\",\"url\":\"https:\\\/\\\/permakultur-landwirtschaft.org\\\/einblicke-in-keyline-design-und-holistic-management-beitrag-vom-13-januar-2025\\\/\",\"name\":\"Einblicke in Keyline Design und Holistic Management - Beitrag vom 13. Januar 2025 - Permakultur-Landwirtschaft\",\"isPartOf\":{\"@id\":\"https:\\\/\\\/permakultur-landwirtschaft.org\\\/#website\"},\"primaryImageOfPage\":{\"@id\":\"https:\\\/\\\/permakultur-landwirtschaft.org\\\/einblicke-in-keyline-design-und-holistic-management-beitrag-vom-13-januar-2025\\\/#primaryimage\"},\"image\":{\"@id\":\"https:\\\/\\\/permakultur-landwirtschaft.org\\\/einblicke-in-keyline-design-und-holistic-management-beitrag-vom-13-januar-2025\\\/#primaryimage\"},\"thumbnailUrl\":\"https:\\\/\\\/permakultur-landwirtschaft.org\\\/wp-content\\\/uploads\\\/2025\\\/01\\\/ulrike_meissner_holistic_grazing_2025-01-23_10-04-26.jpg\",\"datePublished\":\"2025-01-13T09:06:13+00:00\",\"dateModified\":\"2025-01-23T09:11:55+00:00\",\"description\":\"Boden, Wasser, Tiere und ein Ziel: \u00d6kologisches und systemisches \u00adDenken l\u00e4sst die Landwirtschaft ihr regenerierendes Potenzial entfalten.\",\"breadcrumb\":{\"@id\":\"https:\\\/\\\/permakultur-landwirtschaft.org\\\/einblicke-in-keyline-design-und-holistic-management-beitrag-vom-13-januar-2025\\\/#breadcrumb\"},\"inLanguage\":\"fr-FR\",\"potentialAction\":[{\"@type\":\"ReadAction\",\"target\":[\"https:\\\/\\\/permakultur-landwirtschaft.org\\\/einblicke-in-keyline-design-und-holistic-management-beitrag-vom-13-januar-2025\\\/\"]}]},{\"@type\":\"ImageObject\",\"inLanguage\":\"fr-FR\",\"@id\":\"https:\\\/\\\/permakultur-landwirtschaft.org\\\/einblicke-in-keyline-design-und-holistic-management-beitrag-vom-13-januar-2025\\\/#primaryimage\",\"url\":\"https:\\\/\\\/permakultur-landwirtschaft.org\\\/wp-content\\\/uploads\\\/2025\\\/01\\\/ulrike_meissner_holistic_grazing_2025-01-23_10-04-26.jpg\",\"contentUrl\":\"https:\\\/\\\/permakultur-landwirtschaft.org\\\/wp-content\\\/uploads\\\/2025\\\/01\\\/ulrike_meissner_holistic_grazing_2025-01-23_10-04-26.jpg\",\"width\":701,\"height\":391,\"caption\":\"Bild: Ulrike Mei\u00dfner\"},{\"@type\":\"BreadcrumbList\",\"@id\":\"https:\\\/\\\/permakultur-landwirtschaft.org\\\/einblicke-in-keyline-design-und-holistic-management-beitrag-vom-13-januar-2025\\\/#breadcrumb\",\"itemListElement\":[{\"@type\":\"ListItem\",\"position\":1,\"name\":\"Startseite\",\"item\":\"https:\\\/\\\/permakultur-landwirtschaft.org\\\/\"},{\"@type\":\"ListItem\",\"position\":2,\"name\":\"Einblicke in Keyline Design und Holistic Management &#8211; Beitrag vom 13. Januar 2025\"}]},{\"@type\":\"WebSite\",\"@id\":\"https:\\\/\\\/permakultur-landwirtschaft.org\\\/#website\",\"url\":\"https:\\\/\\\/permakultur-landwirtschaft.org\\\/\",\"name\":\"Permakultur-Landwirtschaft\",\"description\":\"F\u00f6rderung der Permakultur in der Landwirtschaft\",\"publisher\":{\"@id\":\"https:\\\/\\\/permakultur-landwirtschaft.org\\\/#organization\"},\"potentialAction\":[{\"@type\":\"SearchAction\",\"target\":{\"@type\":\"EntryPoint\",\"urlTemplate\":\"https:\\\/\\\/permakultur-landwirtschaft.org\\\/?s={search_term_string}\"},\"query-input\":{\"@type\":\"PropertyValueSpecification\",\"valueRequired\":true,\"valueName\":\"search_term_string\"}}],\"inLanguage\":\"fr-FR\"},{\"@type\":\"Organization\",\"@id\":\"https:\\\/\\\/permakultur-landwirtschaft.org\\\/#organization\",\"name\":\"Permakultur-Landwirtschaft\",\"alternateName\":\"Verein Permakultur-Landwirtschaft\",\"url\":\"https:\\\/\\\/permakultur-landwirtschaft.org\\\/\",\"logo\":{\"@type\":\"ImageObject\",\"inLanguage\":\"fr-FR\",\"@id\":\"https:\\\/\\\/permakultur-landwirtschaft.org\\\/#\\\/schema\\\/logo\\\/image\\\/\",\"url\":\"https:\\\/\\\/permakultur-landwirtschaft.org\\\/wp-content\\\/uploads\\\/2021\\\/11\\\/pela_1268x1269.png\",\"contentUrl\":\"https:\\\/\\\/permakultur-landwirtschaft.org\\\/wp-content\\\/uploads\\\/2021\\\/11\\\/pela_1268x1269.png\",\"width\":1298,\"height\":1269,\"caption\":\"Permakultur-Landwirtschaft\"},\"image\":{\"@id\":\"https:\\\/\\\/permakultur-landwirtschaft.org\\\/#\\\/schema\\\/logo\\\/image\\\/\"},\"sameAs\":[\"https:\\\/\\\/www.facebook.com\\\/PermakulturLandwirtschaft\",\"https:\\\/\\\/www.instagram.com\\\/permakultur_landwirtschaft\\\/\",\"https:\\\/\\\/www.flickr.com\\\/photos\\\/permakultur-landwirtschaft\",\"https:\\\/\\\/www.youtube.com\\\/@PermakulturLandwirtschaft\"]},{\"@type\":\"Person\",\"@id\":\"https:\\\/\\\/permakultur-landwirtschaft.org\\\/#\\\/schema\\\/person\\\/6b0467872f75aed3e144093f9bf4f0b0\",\"name\":\"adrian reutimann\",\"url\":\"https:\\\/\\\/permakultur-landwirtschaft.org\\\/fr\\\/author\\\/reutiadr\\\/\"}]}<\/script>\n<!-- \/ Yoast SEO plugin. -->","yoast_head_json":{"title":"Einblicke in Keyline Design und Holistic Management - Beitrag vom 13. Januar 2025 - Permakultur-Landwirtschaft","description":"Boden, Wasser, Tiere und ein Ziel: \u00d6kologisches und systemisches \u00adDenken l\u00e4sst die Landwirtschaft ihr regenerierendes Potenzial entfalten.","robots":{"index":"index","follow":"follow","max-snippet":"max-snippet:-1","max-image-preview":"max-image-preview:large","max-video-preview":"max-video-preview:-1"},"canonical":"https:\/\/permakultur-landwirtschaft.org\/fr\/einblicke-in-keyline-design-und-holistic-management-beitrag-vom-13-januar-2025\/","og_locale":"fr_FR","og_type":"article","og_title":"Einblicke in Keyline Design und Holistic Management - Beitrag vom 13. Januar 2025 - Permakultur-Landwirtschaft","og_description":"Boden, Wasser, Tiere und ein Ziel: \u00d6kologisches und systemisches \u00adDenken l\u00e4sst die Landwirtschaft ihr regenerierendes Potenzial entfalten.","og_url":"https:\/\/permakultur-landwirtschaft.org\/fr\/einblicke-in-keyline-design-und-holistic-management-beitrag-vom-13-januar-2025\/","og_site_name":"Permakultur-Landwirtschaft","article_publisher":"https:\/\/www.facebook.com\/PermakulturLandwirtschaft","article_published_time":"2025-01-13T09:06:13+00:00","article_modified_time":"2025-01-23T09:11:55+00:00","og_image":[{"width":701,"height":391,"url":"https:\/\/permakultur-landwirtschaft.org\/wp-content\/uploads\/2025\/01\/ulrike_meissner_holistic_grazing_2025-01-23_10-04-26.jpg","type":"image\/jpeg"}],"author":"adrian reutimann","twitter_card":"summary_large_image","twitter_misc":{"\u00c9crit par":"adrian reutimann","Dur\u00e9e de lecture estim\u00e9e":"2 minutes"},"schema":{"@context":"https:\/\/schema.org","@graph":[{"@type":"Article","@id":"https:\/\/permakultur-landwirtschaft.org\/einblicke-in-keyline-design-und-holistic-management-beitrag-vom-13-januar-2025\/#article","isPartOf":{"@id":"https:\/\/permakultur-landwirtschaft.org\/einblicke-in-keyline-design-und-holistic-management-beitrag-vom-13-januar-2025\/"},"author":{"name":"adrian reutimann","@id":"https:\/\/permakultur-landwirtschaft.org\/#\/schema\/person\/6b0467872f75aed3e144093f9bf4f0b0"},"headline":"Einblicke in Keyline Design und Holistic Management &#8211; Beitrag vom 13. Januar 2025","datePublished":"2025-01-13T09:06:13+00:00","dateModified":"2025-01-23T09:11:55+00:00","mainEntityOfPage":{"@id":"https:\/\/permakultur-landwirtschaft.org\/einblicke-in-keyline-design-und-holistic-management-beitrag-vom-13-januar-2025\/"},"wordCount":325,"publisher":{"@id":"https:\/\/permakultur-landwirtschaft.org\/#organization"},"image":{"@id":"https:\/\/permakultur-landwirtschaft.org\/einblicke-in-keyline-design-und-holistic-management-beitrag-vom-13-januar-2025\/#primaryimage"},"thumbnailUrl":"https:\/\/permakultur-landwirtschaft.org\/wp-content\/uploads\/2025\/01\/ulrike_meissner_holistic_grazing_2025-01-23_10-04-26.jpg","keywords":["Holistic Management","Keyline","Landwirtschaft","Permakultur","Ulrike Mei\u00dfner","Weidetiere"],"articleSection":["Neuigkeit"],"inLanguage":"fr-FR"},{"@type":"WebPage","@id":"https:\/\/permakultur-landwirtschaft.org\/einblicke-in-keyline-design-und-holistic-management-beitrag-vom-13-januar-2025\/","url":"https:\/\/permakultur-landwirtschaft.org\/einblicke-in-keyline-design-und-holistic-management-beitrag-vom-13-januar-2025\/","name":"Einblicke in Keyline Design und Holistic Management - Beitrag vom 13. Januar 2025 - Permakultur-Landwirtschaft","isPartOf":{"@id":"https:\/\/permakultur-landwirtschaft.org\/#website"},"primaryImageOfPage":{"@id":"https:\/\/permakultur-landwirtschaft.org\/einblicke-in-keyline-design-und-holistic-management-beitrag-vom-13-januar-2025\/#primaryimage"},"image":{"@id":"https:\/\/permakultur-landwirtschaft.org\/einblicke-in-keyline-design-und-holistic-management-beitrag-vom-13-januar-2025\/#primaryimage"},"thumbnailUrl":"https:\/\/permakultur-landwirtschaft.org\/wp-content\/uploads\/2025\/01\/ulrike_meissner_holistic_grazing_2025-01-23_10-04-26.jpg","datePublished":"2025-01-13T09:06:13+00:00","dateModified":"2025-01-23T09:11:55+00:00","description":"Boden, Wasser, Tiere und ein Ziel: \u00d6kologisches und systemisches \u00adDenken l\u00e4sst die Landwirtschaft ihr regenerierendes Potenzial entfalten.","breadcrumb":{"@id":"https:\/\/permakultur-landwirtschaft.org\/einblicke-in-keyline-design-und-holistic-management-beitrag-vom-13-januar-2025\/#breadcrumb"},"inLanguage":"fr-FR","potentialAction":[{"@type":"ReadAction","target":["https:\/\/permakultur-landwirtschaft.org\/einblicke-in-keyline-design-und-holistic-management-beitrag-vom-13-januar-2025\/"]}]},{"@type":"ImageObject","inLanguage":"fr-FR","@id":"https:\/\/permakultur-landwirtschaft.org\/einblicke-in-keyline-design-und-holistic-management-beitrag-vom-13-januar-2025\/#primaryimage","url":"https:\/\/permakultur-landwirtschaft.org\/wp-content\/uploads\/2025\/01\/ulrike_meissner_holistic_grazing_2025-01-23_10-04-26.jpg","contentUrl":"https:\/\/permakultur-landwirtschaft.org\/wp-content\/uploads\/2025\/01\/ulrike_meissner_holistic_grazing_2025-01-23_10-04-26.jpg","width":701,"height":391,"caption":"Bild: Ulrike Mei\u00dfner"},{"@type":"BreadcrumbList","@id":"https:\/\/permakultur-landwirtschaft.org\/einblicke-in-keyline-design-und-holistic-management-beitrag-vom-13-januar-2025\/#breadcrumb","itemListElement":[{"@type":"ListItem","position":1,"name":"Startseite","item":"https:\/\/permakultur-landwirtschaft.org\/"},{"@type":"ListItem","position":2,"name":"Einblicke in Keyline Design und Holistic Management &#8211; Beitrag vom 13. Januar 2025"}]},{"@type":"WebSite","@id":"https:\/\/permakultur-landwirtschaft.org\/#website","url":"https:\/\/permakultur-landwirtschaft.org\/","name":"Permakultur-Landwirtschaft","description":"F\u00f6rderung der Permakultur in der Landwirtschaft","publisher":{"@id":"https:\/\/permakultur-landwirtschaft.org\/#organization"},"potentialAction":[{"@type":"SearchAction","target":{"@type":"EntryPoint","urlTemplate":"https:\/\/permakultur-landwirtschaft.org\/?s={search_term_string}"},"query-input":{"@type":"PropertyValueSpecification","valueRequired":true,"valueName":"search_term_string"}}],"inLanguage":"fr-FR"},{"@type":"Organization","@id":"https:\/\/permakultur-landwirtschaft.org\/#organization","name":"Permakultur-Landwirtschaft","alternateName":"Verein Permakultur-Landwirtschaft","url":"https:\/\/permakultur-landwirtschaft.org\/","logo":{"@type":"ImageObject","inLanguage":"fr-FR","@id":"https:\/\/permakultur-landwirtschaft.org\/#\/schema\/logo\/image\/","url":"https:\/\/permakultur-landwirtschaft.org\/wp-content\/uploads\/2021\/11\/pela_1268x1269.png","contentUrl":"https:\/\/permakultur-landwirtschaft.org\/wp-content\/uploads\/2021\/11\/pela_1268x1269.png","width":1298,"height":1269,"caption":"Permakultur-Landwirtschaft"},"image":{"@id":"https:\/\/permakultur-landwirtschaft.org\/#\/schema\/logo\/image\/"},"sameAs":["https:\/\/www.facebook.com\/PermakulturLandwirtschaft","https:\/\/www.instagram.com\/permakultur_landwirtschaft\/","https:\/\/www.flickr.com\/photos\/permakultur-landwirtschaft","https:\/\/www.youtube.com\/@PermakulturLandwirtschaft"]},{"@type":"Person","@id":"https:\/\/permakultur-landwirtschaft.org\/#\/schema\/person\/6b0467872f75aed3e144093f9bf4f0b0","name":"adrian reutimann","url":"https:\/\/permakultur-landwirtschaft.org\/fr\/author\/reutiadr\/"}]}},"_links":{"self":[{"href":"https:\/\/permakultur-landwirtschaft.org\/fr\/wp-json\/wp\/v2\/posts\/35562","targetHints":{"allow":["GET"]}}],"collection":[{"href":"https:\/\/permakultur-landwirtschaft.org\/fr\/wp-json\/wp\/v2\/posts"}],"about":[{"href":"https:\/\/permakultur-landwirtschaft.org\/fr\/wp-json\/wp\/v2\/types\/post"}],"author":[{"embeddable":true,"href":"https:\/\/permakultur-landwirtschaft.org\/fr\/wp-json\/wp\/v2\/users\/2"}],"replies":[{"embeddable":true,"href":"https:\/\/permakultur-landwirtschaft.org\/fr\/wp-json\/wp\/v2\/comments?post=35562"}],"version-history":[{"count":1,"href":"https:\/\/permakultur-landwirtschaft.org\/fr\/wp-json\/wp\/v2\/posts\/35562\/revisions"}],"predecessor-version":[{"id":35566,"href":"https:\/\/permakultur-landwirtschaft.org\/fr\/wp-json\/wp\/v2\/posts\/35562\/revisions\/35566"}],"wp:featuredmedia":[{"embeddable":true,"href":"https:\/\/permakultur-landwirtschaft.org\/fr\/wp-json\/wp\/v2\/media\/35565"}],"wp:attachment":[{"href":"https:\/\/permakultur-landwirtschaft.org\/fr\/wp-json\/wp\/v2\/media?parent=35562"}],"wp:term":[{"taxonomy":"category","embeddable":true,"href":"https:\/\/permakultur-landwirtschaft.org\/fr\/wp-json\/wp\/v2\/categories?post=35562"},{"taxonomy":"post_tag","embeddable":true,"href":"https:\/\/permakultur-landwirtschaft.org\/fr\/wp-json\/wp\/v2\/tags?post=35562"}],"curies":[{"name":"wp","href":"https:\/\/api.w.org\/{rel}","templated":true}]}}