{"id":35531,"date":"2025-01-14T12:54:03","date_gmt":"2025-01-14T11:54:03","guid":{"rendered":"https:\/\/permakultur-landwirtschaft.org\/?p=35531"},"modified":"2025-01-14T12:54:03","modified_gmt":"2025-01-14T11:54:03","slug":"foundations-principles-of-syntropic-farming-workshop-vom-24-bis-28-februar-2025","status":"publish","type":"post","link":"https:\/\/permakultur-landwirtschaft.org\/fr\/foundations-principles-of-syntropic-farming-workshop-vom-24-bis-28-februar-2025\/","title":{"rendered":"Foundations &amp; Principles of Syntropic Farming &#8211; Workshop vom 24. bis 28. Februar 2025"},"content":{"rendered":"<p>Text von www.terra-network.org:<\/p>\n\n\n\n<p>Join Felipe Amato and the Hof vErde team for a comprehensive 5-day introductory workshop in southern Germany, immersing participants in the principles and practices of syntropic farming in temperate climates. The workshop features morning theoretical lessons followed by practical hands-on activities in the afternoon, ensuring a balanced learning experience. Felipe will conduct the course in English, providing translations for plant names and technical terms as needed.<\/p>\n\n\n\n<p>Syntropic farming involves systems inspired by local ecosystems, aiming to sustainably produce food, timber, fiber, and more. These systems mimic natural forests with high diversity and density, enabling continuous crop harvesting and promoting healthy, resilient soils with minimal external inputs.<\/p>\n\n\n\n<p>Participants will explore various aspects of syntropic farming, including the history, principles, establishment, and management of these systems. They will learn to integrate farming practices with natural patterns like sunlight, wind, and local flora, and to plan plant consortia suitable for different soil types. Additionally, topics include value-added product planning, stratification of plant behavior, natural succession, mulching techniques for soil health, and practical planting implementation.<\/p>\n\n\n\n<p>Course Structure:<\/p>\n\n\n\n<p>Day 1: Introduction to syntropic farming, soil production processes in nature, and historical agricultural practices.<\/p>\n\n\n\n<p>Days 2-3: Natural succession, stratification, systems of accumulation and abundance, and their application in agriculture.<\/p>\n\n\n\n<p>Day 4: Ecological interactions, ecophysiological functions, pollination, seed dispersal, pest and disease management.<\/p>\n\n\n\n<p>Day 5: Practical design exercises focused on field application.<\/p>\n\n\n\n<p>This workshop at Hof vErde offers a unique opportunity to learn at the forefront of syntropic farming research, focusing on sustainable fruit, nut, and berry systems in temperate climates. Join us to explore how syntropic farming harmonizes agriculture with natural ecosystems!<\/p>\n\n\n\n<h2 class=\"wp-block-heading\">Date<\/h2>\n\n\n\n<p>Monday, February 24, 2025 &#8211; Friday, February 28, 2025<\/p>\n\n\n\n<h2 class=\"wp-block-heading\">Lieu<\/h2>\n\n\n\n<p>Kleinsendelbach<br>Germany<br><\/p>\n\n\n\n<figure class=\"wp-block-image size-large\"><a href=\"https:\/\/www.terra-network.org\/workshops\/germany24-rgfmj-psmcr\" target=\"_blank\" rel=\" noreferrer noopener\"><img fetchpriority=\"high\" decoding=\"async\" width=\"1024\" height=\"1024\" src=\"https:\/\/permakultur-landwirtschaft.org\/wp-content\/uploads\/2025\/01\/202502_Hof_vErde_Foundational_Workshop_Flyer-1024x1024.jpg\" alt=\"\" class=\"wp-image-35532\" srcset=\"https:\/\/permakultur-landwirtschaft.org\/wp-content\/uploads\/2025\/01\/202502_Hof_vErde_Foundational_Workshop_Flyer-1024x1024.jpg 1024w, https:\/\/permakultur-landwirtschaft.org\/wp-content\/uploads\/2025\/01\/202502_Hof_vErde_Foundational_Workshop_Flyer-300x300.jpg 300w, https:\/\/permakultur-landwirtschaft.org\/wp-content\/uploads\/2025\/01\/202502_Hof_vErde_Foundational_Workshop_Flyer-150x150.jpg 150w, https:\/\/permakultur-landwirtschaft.org\/wp-content\/uploads\/2025\/01\/202502_Hof_vErde_Foundational_Workshop_Flyer-768x768.jpg 768w, https:\/\/permakultur-landwirtschaft.org\/wp-content\/uploads\/2025\/01\/202502_Hof_vErde_Foundational_Workshop_Flyer.jpg 1080w\" sizes=\"(max-width: 1024px) 100vw, 1024px\" \/><\/a><\/figure>\n\n\n\n<p><a href=\"https:\/\/www.terra-network.org\/workshops\/germany24-rgfmj-psmcr\" target=\"_blank\" rel=\"noreferrer noopener\">Link zu mehr Infos und Anmeldung<\/a><\/p>\n\n\n\n<p><\/p>","protected":false},"excerpt":{"rendered":"<p>Text von www.terra-network.org: Join Felipe Amato and the Hof vErde team for a comprehensive 5-day introductory workshop in southern Germany, immersing participants in the principles and practices of syntropic farming in temperate climates. The workshop features morning theoretical lessons followed by practical hands-on activities in the afternoon, ensuring a balanced learning experience. Felipe will conduct [&hellip;]<\/p>\n","protected":false},"author":2,"featured_media":35533,"comment_status":"closed","ping_status":"closed","sticky":false,"template":"","format":"standard","meta":{"_acf_changed":false,"site-sidebar-layout":"default","site-content-layout":"","ast-site-content-layout":"default","site-content-style":"default","site-sidebar-style":"default","ast-global-header-display":"","ast-banner-title-visibility":"","ast-main-header-display":"","ast-hfb-above-header-display":"","ast-hfb-below-header-display":"","ast-hfb-mobile-header-display":"","site-post-title":"","ast-breadcrumbs-content":"","ast-featured-img":"","footer-sml-layout":"","ast-disable-related-posts":"","theme-transparent-header-meta":"","adv-header-id-meta":"","stick-header-meta":"","header-above-stick-meta":"","header-main-stick-meta":"","header-below-stick-meta":"","astra-migrate-meta-layouts":"set","ast-page-background-enabled":"default","ast-page-background-meta":{"desktop":{"background-color":"var(--ast-global-color-4)","background-image":"","background-repeat":"repeat","background-position":"center center","background-size":"auto","background-attachment":"scroll","background-type":"","background-media":"","overlay-type":"","overlay-color":"","overlay-opacity":"","overlay-gradient":""},"tablet":{"background-color":"","background-image":"","background-repeat":"repeat","background-position":"center center","background-size":"auto","background-attachment":"scroll","background-type":"","background-media":"","overlay-type":"","overlay-color":"","overlay-opacity":"","overlay-gradient":""},"mobile":{"background-color":"","background-image":"","background-repeat":"repeat","background-position":"center center","background-size":"auto","background-attachment":"scroll","background-type":"","background-media":"","overlay-type":"","overlay-color":"","overlay-opacity":"","overlay-gradient":""}},"ast-content-background-meta":{"desktop":{"background-color":"var(--ast-global-color-5)","background-image":"","background-repeat":"repeat","background-position":"center center","background-size":"auto","background-attachment":"scroll","background-type":"","background-media":"","overlay-type":"","overlay-color":"","overlay-opacity":"","overlay-gradient":""},"tablet":{"background-color":"var(--ast-global-color-5)","background-image":"","background-repeat":"repeat","background-position":"center center","background-size":"auto","background-attachment":"scroll","background-type":"","background-media":"","overlay-type":"","overlay-color":"","overlay-opacity":"","overlay-gradient":""},"mobile":{"background-color":"var(--ast-global-color-5)","background-image":"","background-repeat":"repeat","background-position":"center center","background-size":"auto","background-attachment":"scroll","background-type":"","background-media":"","overlay-type":"","overlay-color":"","overlay-opacity":"","overlay-gradient":""}},"footnotes":""},"categories":[14],"tags":[540,195,541,210],"class_list":["post-35531","post","type-post","status-publish","format-standard","has-post-thumbnail","hentry","category-veranstaltung","tag-felipe-amato","tag-hof-verde","tag-syntropic-farming","tag-workshop"],"acf":[],"yoast_head":"<!-- This site is optimized with the Yoast SEO plugin v27.5 - https:\/\/yoast.com\/product\/yoast-seo-wordpress\/ -->\n<title>Foundations &amp; Principles of Syntropic Farming - Workshop vom 24. bis 28. Februar 2025 - Permakultur-Landwirtschaft<\/title>\n<meta name=\"description\" content=\"Join Felipe Amato and the Hof vErde team for a comprehensive 5-day introductory workshop in syntropic farming in temperate climates.\" \/>\n<meta name=\"robots\" content=\"index, follow, max-snippet:-1, max-image-preview:large, max-video-preview:-1\" \/>\n<link rel=\"canonical\" href=\"https:\/\/permakultur-landwirtschaft.org\/fr\/foundations-principles-of-syntropic-farming-workshop-vom-24-bis-28-februar-2025\/\" \/>\n<meta property=\"og:locale\" content=\"fr_FR\" \/>\n<meta property=\"og:type\" content=\"article\" \/>\n<meta property=\"og:title\" content=\"Foundations &amp; Principles of Syntropic Farming - Workshop vom 24. bis 28. Februar 2025 - Permakultur-Landwirtschaft\" \/>\n<meta property=\"og:description\" content=\"Join Felipe Amato and the Hof vErde team for a comprehensive 5-day introductory workshop in syntropic farming in temperate climates.\" \/>\n<meta property=\"og:url\" content=\"https:\/\/permakultur-landwirtschaft.org\/fr\/foundations-principles-of-syntropic-farming-workshop-vom-24-bis-28-februar-2025\/\" \/>\n<meta property=\"og:site_name\" content=\"Permakultur-Landwirtschaft\" \/>\n<meta property=\"article:publisher\" content=\"https:\/\/www.facebook.com\/PermakulturLandwirtschaft\" \/>\n<meta property=\"article:published_time\" content=\"2025-01-14T11:54:03+00:00\" \/>\n<meta property=\"og:image\" content=\"https:\/\/permakultur-landwirtschaft.org\/wp-content\/uploads\/2025\/01\/202502_foundation_terra_2025-01-14_12-42-47.jpg\" \/>\n\t<meta property=\"og:image:width\" content=\"701\" \/>\n\t<meta property=\"og:image:height\" content=\"356\" \/>\n\t<meta property=\"og:image:type\" content=\"image\/jpeg\" \/>\n<meta name=\"author\" content=\"adrian reutimann\" \/>\n<meta name=\"twitter:card\" content=\"summary_large_image\" \/>\n<meta name=\"twitter:label1\" content=\"\u00c9crit par\" \/>\n\t<meta name=\"twitter:data1\" content=\"adrian reutimann\" \/>\n\t<meta name=\"twitter:label2\" content=\"Dur\u00e9e de lecture estim\u00e9e\" \/>\n\t<meta name=\"twitter:data2\" content=\"3 minutes\" \/>\n<script type=\"application\/ld+json\" class=\"yoast-schema-graph\">{\"@context\":\"https:\\\/\\\/schema.org\",\"@graph\":[{\"@type\":\"Article\",\"@id\":\"https:\\\/\\\/permakultur-landwirtschaft.org\\\/foundations-principles-of-syntropic-farming-workshop-vom-24-bis-28-februar-2025\\\/#article\",\"isPartOf\":{\"@id\":\"https:\\\/\\\/permakultur-landwirtschaft.org\\\/foundations-principles-of-syntropic-farming-workshop-vom-24-bis-28-februar-2025\\\/\"},\"author\":{\"name\":\"adrian reutimann\",\"@id\":\"https:\\\/\\\/permakultur-landwirtschaft.org\\\/#\\\/schema\\\/person\\\/6b0467872f75aed3e144093f9bf4f0b0\"},\"headline\":\"Foundations &amp; Principles of Syntropic Farming &#8211; Workshop vom 24. bis 28. Februar 2025\",\"datePublished\":\"2025-01-14T11:54:03+00:00\",\"mainEntityOfPage\":{\"@id\":\"https:\\\/\\\/permakultur-landwirtschaft.org\\\/foundations-principles-of-syntropic-farming-workshop-vom-24-bis-28-februar-2025\\\/\"},\"wordCount\":293,\"publisher\":{\"@id\":\"https:\\\/\\\/permakultur-landwirtschaft.org\\\/#organization\"},\"image\":{\"@id\":\"https:\\\/\\\/permakultur-landwirtschaft.org\\\/foundations-principles-of-syntropic-farming-workshop-vom-24-bis-28-februar-2025\\\/#primaryimage\"},\"thumbnailUrl\":\"https:\\\/\\\/permakultur-landwirtschaft.org\\\/wp-content\\\/uploads\\\/2025\\\/01\\\/202502_foundation_terra_2025-01-14_12-42-47.jpg\",\"keywords\":[\"Felipe Amato\",\"Hof Verde\",\"Syntropic Farming\",\"Workshop\"],\"articleSection\":[\"Veranstaltung\"],\"inLanguage\":\"fr-FR\"},{\"@type\":\"WebPage\",\"@id\":\"https:\\\/\\\/permakultur-landwirtschaft.org\\\/foundations-principles-of-syntropic-farming-workshop-vom-24-bis-28-februar-2025\\\/\",\"url\":\"https:\\\/\\\/permakultur-landwirtschaft.org\\\/foundations-principles-of-syntropic-farming-workshop-vom-24-bis-28-februar-2025\\\/\",\"name\":\"Foundations &amp; Principles of Syntropic Farming - Workshop vom 24. bis 28. Februar 2025 - Permakultur-Landwirtschaft\",\"isPartOf\":{\"@id\":\"https:\\\/\\\/permakultur-landwirtschaft.org\\\/#website\"},\"primaryImageOfPage\":{\"@id\":\"https:\\\/\\\/permakultur-landwirtschaft.org\\\/foundations-principles-of-syntropic-farming-workshop-vom-24-bis-28-februar-2025\\\/#primaryimage\"},\"image\":{\"@id\":\"https:\\\/\\\/permakultur-landwirtschaft.org\\\/foundations-principles-of-syntropic-farming-workshop-vom-24-bis-28-februar-2025\\\/#primaryimage\"},\"thumbnailUrl\":\"https:\\\/\\\/permakultur-landwirtschaft.org\\\/wp-content\\\/uploads\\\/2025\\\/01\\\/202502_foundation_terra_2025-01-14_12-42-47.jpg\",\"datePublished\":\"2025-01-14T11:54:03+00:00\",\"description\":\"Join Felipe Amato and the Hof vErde team for a comprehensive 5-day introductory workshop in syntropic farming in temperate climates.\",\"breadcrumb\":{\"@id\":\"https:\\\/\\\/permakultur-landwirtschaft.org\\\/foundations-principles-of-syntropic-farming-workshop-vom-24-bis-28-februar-2025\\\/#breadcrumb\"},\"inLanguage\":\"fr-FR\",\"potentialAction\":[{\"@type\":\"ReadAction\",\"target\":[\"https:\\\/\\\/permakultur-landwirtschaft.org\\\/foundations-principles-of-syntropic-farming-workshop-vom-24-bis-28-februar-2025\\\/\"]}]},{\"@type\":\"ImageObject\",\"inLanguage\":\"fr-FR\",\"@id\":\"https:\\\/\\\/permakultur-landwirtschaft.org\\\/foundations-principles-of-syntropic-farming-workshop-vom-24-bis-28-februar-2025\\\/#primaryimage\",\"url\":\"https:\\\/\\\/permakultur-landwirtschaft.org\\\/wp-content\\\/uploads\\\/2025\\\/01\\\/202502_foundation_terra_2025-01-14_12-42-47.jpg\",\"contentUrl\":\"https:\\\/\\\/permakultur-landwirtschaft.org\\\/wp-content\\\/uploads\\\/2025\\\/01\\\/202502_foundation_terra_2025-01-14_12-42-47.jpg\",\"width\":701,\"height\":356,\"caption\":\"Foundations Syntropic Farming Workshop\"},{\"@type\":\"BreadcrumbList\",\"@id\":\"https:\\\/\\\/permakultur-landwirtschaft.org\\\/foundations-principles-of-syntropic-farming-workshop-vom-24-bis-28-februar-2025\\\/#breadcrumb\",\"itemListElement\":[{\"@type\":\"ListItem\",\"position\":1,\"name\":\"Startseite\",\"item\":\"https:\\\/\\\/permakultur-landwirtschaft.org\\\/\"},{\"@type\":\"ListItem\",\"position\":2,\"name\":\"Foundations &amp; Principles of Syntropic Farming &#8211; Workshop vom 24. bis 28. Februar 2025\"}]},{\"@type\":\"WebSite\",\"@id\":\"https:\\\/\\\/permakultur-landwirtschaft.org\\\/#website\",\"url\":\"https:\\\/\\\/permakultur-landwirtschaft.org\\\/\",\"name\":\"Permakultur-Landwirtschaft\",\"description\":\"F\u00f6rderung der Permakultur in der Landwirtschaft\",\"publisher\":{\"@id\":\"https:\\\/\\\/permakultur-landwirtschaft.org\\\/#organization\"},\"potentialAction\":[{\"@type\":\"SearchAction\",\"target\":{\"@type\":\"EntryPoint\",\"urlTemplate\":\"https:\\\/\\\/permakultur-landwirtschaft.org\\\/?s={search_term_string}\"},\"query-input\":{\"@type\":\"PropertyValueSpecification\",\"valueRequired\":true,\"valueName\":\"search_term_string\"}}],\"inLanguage\":\"fr-FR\"},{\"@type\":\"Organization\",\"@id\":\"https:\\\/\\\/permakultur-landwirtschaft.org\\\/#organization\",\"name\":\"Permakultur-Landwirtschaft\",\"alternateName\":\"Verein Permakultur-Landwirtschaft\",\"url\":\"https:\\\/\\\/permakultur-landwirtschaft.org\\\/\",\"logo\":{\"@type\":\"ImageObject\",\"inLanguage\":\"fr-FR\",\"@id\":\"https:\\\/\\\/permakultur-landwirtschaft.org\\\/#\\\/schema\\\/logo\\\/image\\\/\",\"url\":\"https:\\\/\\\/permakultur-landwirtschaft.org\\\/wp-content\\\/uploads\\\/2021\\\/11\\\/pela_1268x1269.png\",\"contentUrl\":\"https:\\\/\\\/permakultur-landwirtschaft.org\\\/wp-content\\\/uploads\\\/2021\\\/11\\\/pela_1268x1269.png\",\"width\":1298,\"height\":1269,\"caption\":\"Permakultur-Landwirtschaft\"},\"image\":{\"@id\":\"https:\\\/\\\/permakultur-landwirtschaft.org\\\/#\\\/schema\\\/logo\\\/image\\\/\"},\"sameAs\":[\"https:\\\/\\\/www.facebook.com\\\/PermakulturLandwirtschaft\",\"https:\\\/\\\/www.instagram.com\\\/permakultur_landwirtschaft\\\/\",\"https:\\\/\\\/www.flickr.com\\\/photos\\\/permakultur-landwirtschaft\",\"https:\\\/\\\/www.youtube.com\\\/@PermakulturLandwirtschaft\"]},{\"@type\":\"Person\",\"@id\":\"https:\\\/\\\/permakultur-landwirtschaft.org\\\/#\\\/schema\\\/person\\\/6b0467872f75aed3e144093f9bf4f0b0\",\"name\":\"adrian reutimann\",\"url\":\"https:\\\/\\\/permakultur-landwirtschaft.org\\\/fr\\\/author\\\/reutiadr\\\/\"}]}<\/script>\n<!-- \/ Yoast SEO plugin. -->","yoast_head_json":{"title":"Foundations &amp; Principles of Syntropic Farming - Workshop vom 24. bis 28. Februar 2025 - Permakultur-Landwirtschaft","description":"Join Felipe Amato and the Hof vErde team for a comprehensive 5-day introductory workshop in syntropic farming in temperate climates.","robots":{"index":"index","follow":"follow","max-snippet":"max-snippet:-1","max-image-preview":"max-image-preview:large","max-video-preview":"max-video-preview:-1"},"canonical":"https:\/\/permakultur-landwirtschaft.org\/fr\/foundations-principles-of-syntropic-farming-workshop-vom-24-bis-28-februar-2025\/","og_locale":"fr_FR","og_type":"article","og_title":"Foundations &amp; Principles of Syntropic Farming - Workshop vom 24. bis 28. Februar 2025 - Permakultur-Landwirtschaft","og_description":"Join Felipe Amato and the Hof vErde team for a comprehensive 5-day introductory workshop in syntropic farming in temperate climates.","og_url":"https:\/\/permakultur-landwirtschaft.org\/fr\/foundations-principles-of-syntropic-farming-workshop-vom-24-bis-28-februar-2025\/","og_site_name":"Permakultur-Landwirtschaft","article_publisher":"https:\/\/www.facebook.com\/PermakulturLandwirtschaft","article_published_time":"2025-01-14T11:54:03+00:00","og_image":[{"width":701,"height":356,"url":"https:\/\/permakultur-landwirtschaft.org\/wp-content\/uploads\/2025\/01\/202502_foundation_terra_2025-01-14_12-42-47.jpg","type":"image\/jpeg"}],"author":"adrian reutimann","twitter_card":"summary_large_image","twitter_misc":{"\u00c9crit par":"adrian reutimann","Dur\u00e9e de lecture estim\u00e9e":"3 minutes"},"schema":{"@context":"https:\/\/schema.org","@graph":[{"@type":"Article","@id":"https:\/\/permakultur-landwirtschaft.org\/foundations-principles-of-syntropic-farming-workshop-vom-24-bis-28-februar-2025\/#article","isPartOf":{"@id":"https:\/\/permakultur-landwirtschaft.org\/foundations-principles-of-syntropic-farming-workshop-vom-24-bis-28-februar-2025\/"},"author":{"name":"adrian reutimann","@id":"https:\/\/permakultur-landwirtschaft.org\/#\/schema\/person\/6b0467872f75aed3e144093f9bf4f0b0"},"headline":"Foundations &amp; Principles of Syntropic Farming &#8211; Workshop vom 24. bis 28. Februar 2025","datePublished":"2025-01-14T11:54:03+00:00","mainEntityOfPage":{"@id":"https:\/\/permakultur-landwirtschaft.org\/foundations-principles-of-syntropic-farming-workshop-vom-24-bis-28-februar-2025\/"},"wordCount":293,"publisher":{"@id":"https:\/\/permakultur-landwirtschaft.org\/#organization"},"image":{"@id":"https:\/\/permakultur-landwirtschaft.org\/foundations-principles-of-syntropic-farming-workshop-vom-24-bis-28-februar-2025\/#primaryimage"},"thumbnailUrl":"https:\/\/permakultur-landwirtschaft.org\/wp-content\/uploads\/2025\/01\/202502_foundation_terra_2025-01-14_12-42-47.jpg","keywords":["Felipe Amato","Hof Verde","Syntropic Farming","Workshop"],"articleSection":["Veranstaltung"],"inLanguage":"fr-FR"},{"@type":"WebPage","@id":"https:\/\/permakultur-landwirtschaft.org\/foundations-principles-of-syntropic-farming-workshop-vom-24-bis-28-februar-2025\/","url":"https:\/\/permakultur-landwirtschaft.org\/foundations-principles-of-syntropic-farming-workshop-vom-24-bis-28-februar-2025\/","name":"Foundations &amp; Principles of Syntropic Farming - Workshop vom 24. bis 28. Februar 2025 - Permakultur-Landwirtschaft","isPartOf":{"@id":"https:\/\/permakultur-landwirtschaft.org\/#website"},"primaryImageOfPage":{"@id":"https:\/\/permakultur-landwirtschaft.org\/foundations-principles-of-syntropic-farming-workshop-vom-24-bis-28-februar-2025\/#primaryimage"},"image":{"@id":"https:\/\/permakultur-landwirtschaft.org\/foundations-principles-of-syntropic-farming-workshop-vom-24-bis-28-februar-2025\/#primaryimage"},"thumbnailUrl":"https:\/\/permakultur-landwirtschaft.org\/wp-content\/uploads\/2025\/01\/202502_foundation_terra_2025-01-14_12-42-47.jpg","datePublished":"2025-01-14T11:54:03+00:00","description":"Join Felipe Amato and the Hof vErde team for a comprehensive 5-day introductory workshop in syntropic farming in temperate climates.","breadcrumb":{"@id":"https:\/\/permakultur-landwirtschaft.org\/foundations-principles-of-syntropic-farming-workshop-vom-24-bis-28-februar-2025\/#breadcrumb"},"inLanguage":"fr-FR","potentialAction":[{"@type":"ReadAction","target":["https:\/\/permakultur-landwirtschaft.org\/foundations-principles-of-syntropic-farming-workshop-vom-24-bis-28-februar-2025\/"]}]},{"@type":"ImageObject","inLanguage":"fr-FR","@id":"https:\/\/permakultur-landwirtschaft.org\/foundations-principles-of-syntropic-farming-workshop-vom-24-bis-28-februar-2025\/#primaryimage","url":"https:\/\/permakultur-landwirtschaft.org\/wp-content\/uploads\/2025\/01\/202502_foundation_terra_2025-01-14_12-42-47.jpg","contentUrl":"https:\/\/permakultur-landwirtschaft.org\/wp-content\/uploads\/2025\/01\/202502_foundation_terra_2025-01-14_12-42-47.jpg","width":701,"height":356,"caption":"Foundations Syntropic Farming Workshop"},{"@type":"BreadcrumbList","@id":"https:\/\/permakultur-landwirtschaft.org\/foundations-principles-of-syntropic-farming-workshop-vom-24-bis-28-februar-2025\/#breadcrumb","itemListElement":[{"@type":"ListItem","position":1,"name":"Startseite","item":"https:\/\/permakultur-landwirtschaft.org\/"},{"@type":"ListItem","position":2,"name":"Foundations &amp; Principles of Syntropic Farming &#8211; Workshop vom 24. bis 28. Februar 2025"}]},{"@type":"WebSite","@id":"https:\/\/permakultur-landwirtschaft.org\/#website","url":"https:\/\/permakultur-landwirtschaft.org\/","name":"Permakultur-Landwirtschaft","description":"F\u00f6rderung der Permakultur in der Landwirtschaft","publisher":{"@id":"https:\/\/permakultur-landwirtschaft.org\/#organization"},"potentialAction":[{"@type":"SearchAction","target":{"@type":"EntryPoint","urlTemplate":"https:\/\/permakultur-landwirtschaft.org\/?s={search_term_string}"},"query-input":{"@type":"PropertyValueSpecification","valueRequired":true,"valueName":"search_term_string"}}],"inLanguage":"fr-FR"},{"@type":"Organization","@id":"https:\/\/permakultur-landwirtschaft.org\/#organization","name":"Permakultur-Landwirtschaft","alternateName":"Verein Permakultur-Landwirtschaft","url":"https:\/\/permakultur-landwirtschaft.org\/","logo":{"@type":"ImageObject","inLanguage":"fr-FR","@id":"https:\/\/permakultur-landwirtschaft.org\/#\/schema\/logo\/image\/","url":"https:\/\/permakultur-landwirtschaft.org\/wp-content\/uploads\/2021\/11\/pela_1268x1269.png","contentUrl":"https:\/\/permakultur-landwirtschaft.org\/wp-content\/uploads\/2021\/11\/pela_1268x1269.png","width":1298,"height":1269,"caption":"Permakultur-Landwirtschaft"},"image":{"@id":"https:\/\/permakultur-landwirtschaft.org\/#\/schema\/logo\/image\/"},"sameAs":["https:\/\/www.facebook.com\/PermakulturLandwirtschaft","https:\/\/www.instagram.com\/permakultur_landwirtschaft\/","https:\/\/www.flickr.com\/photos\/permakultur-landwirtschaft","https:\/\/www.youtube.com\/@PermakulturLandwirtschaft"]},{"@type":"Person","@id":"https:\/\/permakultur-landwirtschaft.org\/#\/schema\/person\/6b0467872f75aed3e144093f9bf4f0b0","name":"adrian reutimann","url":"https:\/\/permakultur-landwirtschaft.org\/fr\/author\/reutiadr\/"}]}},"_links":{"self":[{"href":"https:\/\/permakultur-landwirtschaft.org\/fr\/wp-json\/wp\/v2\/posts\/35531","targetHints":{"allow":["GET"]}}],"collection":[{"href":"https:\/\/permakultur-landwirtschaft.org\/fr\/wp-json\/wp\/v2\/posts"}],"about":[{"href":"https:\/\/permakultur-landwirtschaft.org\/fr\/wp-json\/wp\/v2\/types\/post"}],"author":[{"embeddable":true,"href":"https:\/\/permakultur-landwirtschaft.org\/fr\/wp-json\/wp\/v2\/users\/2"}],"replies":[{"embeddable":true,"href":"https:\/\/permakultur-landwirtschaft.org\/fr\/wp-json\/wp\/v2\/comments?post=35531"}],"version-history":[{"count":1,"href":"https:\/\/permakultur-landwirtschaft.org\/fr\/wp-json\/wp\/v2\/posts\/35531\/revisions"}],"predecessor-version":[{"id":35534,"href":"https:\/\/permakultur-landwirtschaft.org\/fr\/wp-json\/wp\/v2\/posts\/35531\/revisions\/35534"}],"wp:featuredmedia":[{"embeddable":true,"href":"https:\/\/permakultur-landwirtschaft.org\/fr\/wp-json\/wp\/v2\/media\/35533"}],"wp:attachment":[{"href":"https:\/\/permakultur-landwirtschaft.org\/fr\/wp-json\/wp\/v2\/media?parent=35531"}],"wp:term":[{"taxonomy":"category","embeddable":true,"href":"https:\/\/permakultur-landwirtschaft.org\/fr\/wp-json\/wp\/v2\/categories?post=35531"},{"taxonomy":"post_tag","embeddable":true,"href":"https:\/\/permakultur-landwirtschaft.org\/fr\/wp-json\/wp\/v2\/tags?post=35531"}],"curies":[{"name":"wp","href":"https:\/\/api.w.org\/{rel}","templated":true}]}}