{"id":35519,"date":"2025-01-09T16:22:38","date_gmt":"2025-01-09T15:22:38","guid":{"rendered":"https:\/\/permakultur-landwirtschaft.org\/?p=35519"},"modified":"2025-05-14T09:42:09","modified_gmt":"2025-05-14T07:42:09","slug":"lehrgang-permakultur-landwirtschaft-pdc-vom-01-mai-bis-31-oktober-2025","status":"publish","type":"post","link":"https:\/\/permakultur-landwirtschaft.org\/fr\/lehrgang-permakultur-landwirtschaft-pdc-vom-01-mai-bis-31-oktober-2025\/","title":{"rendered":"Lehrgang Permakultur Landwirtschaft (PDC+) vom 01. Mai bis 31. Oktober 2025"},"content":{"rendered":"<p>Text von permaria.ch:<\/p>\n\n\n\n<p>Jetzt braucht es neue Wege<\/p>\n\n\n\n<p>Langanhaltende Trockenperioden, \u00fcberm\u00e4ssig viel Niederschlag, weitere Wetterextreme zeigen uns, dass wir umdenken m\u00fcssen \u2013 eine Landwirtschaft in Verbindung mit der Natur fordert vielseitiges Wissen und Erfahrung. Seit 2018 sind wir unterwegs mit der Permakultur nachhaltig Landwirtschaft zu betreiben. Zusammen mit Nicole Knechtle von Knechtle Permakultur bieten wir den Lehrgang \u00abPermakultur in der Landwirtschaft\u00bb an.<\/p>\n\n\n\n<p>Der Lehrgang wird in 5 Bl\u00f6cken gef\u00fchrt, du kannst dich f\u00fcr einzelne Bl\u00f6cke sowie f\u00fcr den gesamten Lehrgang anmelden.<\/p>\n\n\n\n<p>Block 1 \u2013 Grundwissen \u00fcber Permakultur in der Landwirtschaft<br>Block 2 \u2013 Die Grundlage: Bodenkunde und Humusaufbau<br>Block 3 \u2013 Selbstversorgung in der Landwirtschaft<br>Block 4 \u2013 Tiere in der permakulturellen Landwirtschaft<br>Block 5 \u2013 Planung deines Landwirtschaftgrundst\u00fccks nach Permakultur<\/p>\n\n\n\n<figure class=\"wp-block-embed is-type-video is-provider-youtube wp-block-embed-youtube wp-embed-aspect-16-9 wp-has-aspect-ratio\"><div class=\"wp-block-embed__wrapper\">\n<iframe title=\"Lehrgang Permakultur in der Landwirtschaft\" width=\"500\" height=\"281\" src=\"https:\/\/www.youtube.com\/embed\/W6V7-xin5bs?feature=oembed\" frameborder=\"0\" allow=\"accelerometer; autoplay; clipboard-write; encrypted-media; gyroscope; picture-in-picture; web-share\" referrerpolicy=\"strict-origin-when-cross-origin\" allowfullscreen><\/iframe>\n<\/div><\/figure>\n\n\n\n<p> <\/p>\n\n\n\n<p><a href=\"https:\/\/permaria.ch\/fragen-antworten-2\/\" target=\"_blank\" rel=\"noreferrer noopener\">Link zu mehr Infos und Anmeldung<\/a><\/p>","protected":false},"excerpt":{"rendered":"<p>Text von permaria.ch: Jetzt braucht es neue Wege Langanhaltende Trockenperioden, \u00fcberm\u00e4ssig viel Niederschlag, weitere Wetterextreme zeigen uns, dass wir umdenken m\u00fcssen \u2013 eine Landwirtschaft in Verbindung mit der Natur fordert vielseitiges Wissen und Erfahrung. Seit 2018 sind wir unterwegs mit der Permakultur nachhaltig Landwirtschaft zu betreiben. Zusammen mit Nicole Knechtle von Knechtle Permakultur bieten wir [&hellip;]<\/p>\n","protected":false},"author":2,"featured_media":35110,"comment_status":"closed","ping_status":"closed","sticky":false,"template":"","format":"standard","meta":{"_acf_changed":false,"site-sidebar-layout":"default","site-content-layout":"","ast-site-content-layout":"default","site-content-style":"default","site-sidebar-style":"default","ast-global-header-display":"","ast-banner-title-visibility":"","ast-main-header-display":"","ast-hfb-above-header-display":"","ast-hfb-below-header-display":"","ast-hfb-mobile-header-display":"","site-post-title":"","ast-breadcrumbs-content":"","ast-featured-img":"","footer-sml-layout":"","ast-disable-related-posts":"","theme-transparent-header-meta":"","adv-header-id-meta":"","stick-header-meta":"","header-above-stick-meta":"","header-main-stick-meta":"","header-below-stick-meta":"","astra-migrate-meta-layouts":"set","ast-page-background-enabled":"default","ast-page-background-meta":{"desktop":{"background-color":"var(--ast-global-color-4)","background-image":"","background-repeat":"repeat","background-position":"center center","background-size":"auto","background-attachment":"scroll","background-type":"","background-media":"","overlay-type":"","overlay-color":"","overlay-opacity":"","overlay-gradient":""},"tablet":{"background-color":"","background-image":"","background-repeat":"repeat","background-position":"center center","background-size":"auto","background-attachment":"scroll","background-type":"","background-media":"","overlay-type":"","overlay-color":"","overlay-opacity":"","overlay-gradient":""},"mobile":{"background-color":"","background-image":"","background-repeat":"repeat","background-position":"center center","background-size":"auto","background-attachment":"scroll","background-type":"","background-media":"","overlay-type":"","overlay-color":"","overlay-opacity":"","overlay-gradient":""}},"ast-content-background-meta":{"desktop":{"background-color":"var(--ast-global-color-5)","background-image":"","background-repeat":"repeat","background-position":"center center","background-size":"auto","background-attachment":"scroll","background-type":"","background-media":"","overlay-type":"","overlay-color":"","overlay-opacity":"","overlay-gradient":""},"tablet":{"background-color":"var(--ast-global-color-5)","background-image":"","background-repeat":"repeat","background-position":"center center","background-size":"auto","background-attachment":"scroll","background-type":"","background-media":"","overlay-type":"","overlay-color":"","overlay-opacity":"","overlay-gradient":""},"mobile":{"background-color":"var(--ast-global-color-5)","background-image":"","background-repeat":"repeat","background-position":"center center","background-size":"auto","background-attachment":"scroll","background-type":"","background-media":"","overlay-type":"","overlay-color":"","overlay-opacity":"","overlay-gradient":""}},"footnotes":""},"categories":[14],"tags":[376,534,535,375],"class_list":["post-35519","post","type-post","status-publish","format-standard","has-post-thumbnail","hentry","category-veranstaltung","tag-knechtle-permakultur","tag-lehrgang-permakultur-landwirtschaft","tag-pdc-2","tag-permaria"],"acf":[],"yoast_head":"<!-- This site is optimized with the Yoast SEO plugin v27.4 - https:\/\/yoast.com\/product\/yoast-seo-wordpress\/ -->\n<title>Lehrgang Permakultur Landwirtschaft (PDC+) vom 01. Mai bis 31. Oktober 2025 - Permakultur-Landwirtschaft<\/title>\n<meta name=\"description\" content=\"Lehrgang Permakultur Landwirtschaft (PDC+) vom 01. Mai bis 31. Oktober 2025\" \/>\n<meta name=\"robots\" content=\"index, follow, max-snippet:-1, max-image-preview:large, max-video-preview:-1\" \/>\n<link rel=\"canonical\" href=\"https:\/\/permakultur-landwirtschaft.org\/fr\/lehrgang-permakultur-landwirtschaft-pdc-vom-01-mai-bis-31-oktober-2025\/\" \/>\n<meta property=\"og:locale\" content=\"fr_FR\" \/>\n<meta property=\"og:type\" content=\"article\" \/>\n<meta property=\"og:title\" content=\"Lehrgang Permakultur Landwirtschaft (PDC+) vom 01. Mai bis 31. Oktober 2025 - Permakultur-Landwirtschaft\" \/>\n<meta property=\"og:description\" content=\"Lehrgang Permakultur Landwirtschaft (PDC+) vom 01. Mai bis 31. Oktober 2025\" \/>\n<meta property=\"og:url\" content=\"https:\/\/permakultur-landwirtschaft.org\/fr\/lehrgang-permakultur-landwirtschaft-pdc-vom-01-mai-bis-31-oktober-2025\/\" \/>\n<meta property=\"og:site_name\" content=\"Permakultur-Landwirtschaft\" \/>\n<meta property=\"article:publisher\" content=\"https:\/\/www.facebook.com\/PermakulturLandwirtschaft\" \/>\n<meta property=\"article:published_time\" content=\"2025-01-09T15:22:38+00:00\" \/>\n<meta property=\"article:modified_time\" content=\"2025-05-14T07:42:09+00:00\" \/>\n<meta property=\"og:image\" content=\"https:\/\/permakultur-landwirtschaft.org\/wp-content\/uploads\/2024\/08\/20240813_lehrgang_video_permaria_knechtle_2024-08-13_14-00-55.jpg\" \/>\n\t<meta property=\"og:image:width\" content=\"701\" \/>\n\t<meta property=\"og:image:height\" content=\"384\" \/>\n\t<meta property=\"og:image:type\" content=\"image\/jpeg\" \/>\n<meta name=\"author\" content=\"adrian reutimann\" \/>\n<meta name=\"twitter:card\" content=\"summary_large_image\" \/>\n<meta name=\"twitter:label1\" content=\"\u00c9crit par\" \/>\n\t<meta name=\"twitter:data1\" content=\"adrian reutimann\" \/>\n\t<meta name=\"twitter:label2\" content=\"Dur\u00e9e de lecture estim\u00e9e\" \/>\n\t<meta name=\"twitter:data2\" content=\"1 minute\" \/>\n<script type=\"application\/ld+json\" class=\"yoast-schema-graph\">{\"@context\":\"https:\\\/\\\/schema.org\",\"@graph\":[{\"@type\":\"Article\",\"@id\":\"https:\\\/\\\/permakultur-landwirtschaft.org\\\/lehrgang-permakultur-landwirtschaft-pdc-vom-01-mai-bis-31-oktober-2025\\\/#article\",\"isPartOf\":{\"@id\":\"https:\\\/\\\/permakultur-landwirtschaft.org\\\/lehrgang-permakultur-landwirtschaft-pdc-vom-01-mai-bis-31-oktober-2025\\\/\"},\"author\":{\"name\":\"adrian reutimann\",\"@id\":\"https:\\\/\\\/permakultur-landwirtschaft.org\\\/#\\\/schema\\\/person\\\/6b0467872f75aed3e144093f9bf4f0b0\"},\"headline\":\"Lehrgang Permakultur Landwirtschaft (PDC+) vom 01. Mai bis 31. Oktober 2025\",\"datePublished\":\"2025-01-09T15:22:38+00:00\",\"dateModified\":\"2025-05-14T07:42:09+00:00\",\"mainEntityOfPage\":{\"@id\":\"https:\\\/\\\/permakultur-landwirtschaft.org\\\/lehrgang-permakultur-landwirtschaft-pdc-vom-01-mai-bis-31-oktober-2025\\\/\"},\"wordCount\":134,\"publisher\":{\"@id\":\"https:\\\/\\\/permakultur-landwirtschaft.org\\\/#organization\"},\"image\":{\"@id\":\"https:\\\/\\\/permakultur-landwirtschaft.org\\\/lehrgang-permakultur-landwirtschaft-pdc-vom-01-mai-bis-31-oktober-2025\\\/#primaryimage\"},\"thumbnailUrl\":\"https:\\\/\\\/permakultur-landwirtschaft.org\\\/wp-content\\\/uploads\\\/2024\\\/08\\\/20240813_lehrgang_video_permaria_knechtle_2024-08-13_14-00-55.jpg\",\"keywords\":[\"Knechtle Permakultur\",\"Lehrgang Permakultur Landwirtschaft\",\"PDC+\",\"Permaria\"],\"articleSection\":[\"Veranstaltung\"],\"inLanguage\":\"fr-FR\"},{\"@type\":\"WebPage\",\"@id\":\"https:\\\/\\\/permakultur-landwirtschaft.org\\\/lehrgang-permakultur-landwirtschaft-pdc-vom-01-mai-bis-31-oktober-2025\\\/\",\"url\":\"https:\\\/\\\/permakultur-landwirtschaft.org\\\/lehrgang-permakultur-landwirtschaft-pdc-vom-01-mai-bis-31-oktober-2025\\\/\",\"name\":\"Lehrgang Permakultur Landwirtschaft (PDC+) vom 01. Mai bis 31. Oktober 2025 - Permakultur-Landwirtschaft\",\"isPartOf\":{\"@id\":\"https:\\\/\\\/permakultur-landwirtschaft.org\\\/#website\"},\"primaryImageOfPage\":{\"@id\":\"https:\\\/\\\/permakultur-landwirtschaft.org\\\/lehrgang-permakultur-landwirtschaft-pdc-vom-01-mai-bis-31-oktober-2025\\\/#primaryimage\"},\"image\":{\"@id\":\"https:\\\/\\\/permakultur-landwirtschaft.org\\\/lehrgang-permakultur-landwirtschaft-pdc-vom-01-mai-bis-31-oktober-2025\\\/#primaryimage\"},\"thumbnailUrl\":\"https:\\\/\\\/permakultur-landwirtschaft.org\\\/wp-content\\\/uploads\\\/2024\\\/08\\\/20240813_lehrgang_video_permaria_knechtle_2024-08-13_14-00-55.jpg\",\"datePublished\":\"2025-01-09T15:22:38+00:00\",\"dateModified\":\"2025-05-14T07:42:09+00:00\",\"description\":\"Lehrgang Permakultur Landwirtschaft (PDC+) vom 01. Mai bis 31. Oktober 2025\",\"breadcrumb\":{\"@id\":\"https:\\\/\\\/permakultur-landwirtschaft.org\\\/lehrgang-permakultur-landwirtschaft-pdc-vom-01-mai-bis-31-oktober-2025\\\/#breadcrumb\"},\"inLanguage\":\"fr-FR\",\"potentialAction\":[{\"@type\":\"ReadAction\",\"target\":[\"https:\\\/\\\/permakultur-landwirtschaft.org\\\/lehrgang-permakultur-landwirtschaft-pdc-vom-01-mai-bis-31-oktober-2025\\\/\"]}]},{\"@type\":\"ImageObject\",\"inLanguage\":\"fr-FR\",\"@id\":\"https:\\\/\\\/permakultur-landwirtschaft.org\\\/lehrgang-permakultur-landwirtschaft-pdc-vom-01-mai-bis-31-oktober-2025\\\/#primaryimage\",\"url\":\"https:\\\/\\\/permakultur-landwirtschaft.org\\\/wp-content\\\/uploads\\\/2024\\\/08\\\/20240813_lehrgang_video_permaria_knechtle_2024-08-13_14-00-55.jpg\",\"contentUrl\":\"https:\\\/\\\/permakultur-landwirtschaft.org\\\/wp-content\\\/uploads\\\/2024\\\/08\\\/20240813_lehrgang_video_permaria_knechtle_2024-08-13_14-00-55.jpg\",\"width\":701,\"height\":384,\"caption\":\"Bild: knechtle-permakultur.ch\"},{\"@type\":\"BreadcrumbList\",\"@id\":\"https:\\\/\\\/permakultur-landwirtschaft.org\\\/lehrgang-permakultur-landwirtschaft-pdc-vom-01-mai-bis-31-oktober-2025\\\/#breadcrumb\",\"itemListElement\":[{\"@type\":\"ListItem\",\"position\":1,\"name\":\"Startseite\",\"item\":\"https:\\\/\\\/permakultur-landwirtschaft.org\\\/\"},{\"@type\":\"ListItem\",\"position\":2,\"name\":\"Lehrgang Permakultur Landwirtschaft (PDC+) vom 01. Mai bis 31. Oktober 2025\"}]},{\"@type\":\"WebSite\",\"@id\":\"https:\\\/\\\/permakultur-landwirtschaft.org\\\/#website\",\"url\":\"https:\\\/\\\/permakultur-landwirtschaft.org\\\/\",\"name\":\"Permakultur-Landwirtschaft\",\"description\":\"F\u00f6rderung der Permakultur in der Landwirtschaft\",\"publisher\":{\"@id\":\"https:\\\/\\\/permakultur-landwirtschaft.org\\\/#organization\"},\"potentialAction\":[{\"@type\":\"SearchAction\",\"target\":{\"@type\":\"EntryPoint\",\"urlTemplate\":\"https:\\\/\\\/permakultur-landwirtschaft.org\\\/?s={search_term_string}\"},\"query-input\":{\"@type\":\"PropertyValueSpecification\",\"valueRequired\":true,\"valueName\":\"search_term_string\"}}],\"inLanguage\":\"fr-FR\"},{\"@type\":\"Organization\",\"@id\":\"https:\\\/\\\/permakultur-landwirtschaft.org\\\/#organization\",\"name\":\"Permakultur-Landwirtschaft\",\"alternateName\":\"Verein Permakultur-Landwirtschaft\",\"url\":\"https:\\\/\\\/permakultur-landwirtschaft.org\\\/\",\"logo\":{\"@type\":\"ImageObject\",\"inLanguage\":\"fr-FR\",\"@id\":\"https:\\\/\\\/permakultur-landwirtschaft.org\\\/#\\\/schema\\\/logo\\\/image\\\/\",\"url\":\"https:\\\/\\\/permakultur-landwirtschaft.org\\\/wp-content\\\/uploads\\\/2021\\\/11\\\/pela_1268x1269.png\",\"contentUrl\":\"https:\\\/\\\/permakultur-landwirtschaft.org\\\/wp-content\\\/uploads\\\/2021\\\/11\\\/pela_1268x1269.png\",\"width\":1298,\"height\":1269,\"caption\":\"Permakultur-Landwirtschaft\"},\"image\":{\"@id\":\"https:\\\/\\\/permakultur-landwirtschaft.org\\\/#\\\/schema\\\/logo\\\/image\\\/\"},\"sameAs\":[\"https:\\\/\\\/www.facebook.com\\\/PermakulturLandwirtschaft\",\"https:\\\/\\\/www.instagram.com\\\/permakultur_landwirtschaft\\\/\",\"https:\\\/\\\/www.flickr.com\\\/photos\\\/permakultur-landwirtschaft\",\"https:\\\/\\\/www.youtube.com\\\/@PermakulturLandwirtschaft\"]},{\"@type\":\"Person\",\"@id\":\"https:\\\/\\\/permakultur-landwirtschaft.org\\\/#\\\/schema\\\/person\\\/6b0467872f75aed3e144093f9bf4f0b0\",\"name\":\"adrian reutimann\",\"url\":\"https:\\\/\\\/permakultur-landwirtschaft.org\\\/fr\\\/author\\\/reutiadr\\\/\"}]}<\/script>\n<!-- \/ Yoast SEO plugin. -->","yoast_head_json":{"title":"Lehrgang Permakultur Landwirtschaft (PDC+) vom 01. Mai bis 31. Oktober 2025 - Permakultur-Landwirtschaft","description":"Lehrgang Permakultur Landwirtschaft (PDC+) vom 01. Mai bis 31. Oktober 2025","robots":{"index":"index","follow":"follow","max-snippet":"max-snippet:-1","max-image-preview":"max-image-preview:large","max-video-preview":"max-video-preview:-1"},"canonical":"https:\/\/permakultur-landwirtschaft.org\/fr\/lehrgang-permakultur-landwirtschaft-pdc-vom-01-mai-bis-31-oktober-2025\/","og_locale":"fr_FR","og_type":"article","og_title":"Lehrgang Permakultur Landwirtschaft (PDC+) vom 01. Mai bis 31. Oktober 2025 - Permakultur-Landwirtschaft","og_description":"Lehrgang Permakultur Landwirtschaft (PDC+) vom 01. Mai bis 31. Oktober 2025","og_url":"https:\/\/permakultur-landwirtschaft.org\/fr\/lehrgang-permakultur-landwirtschaft-pdc-vom-01-mai-bis-31-oktober-2025\/","og_site_name":"Permakultur-Landwirtschaft","article_publisher":"https:\/\/www.facebook.com\/PermakulturLandwirtschaft","article_published_time":"2025-01-09T15:22:38+00:00","article_modified_time":"2025-05-14T07:42:09+00:00","og_image":[{"width":701,"height":384,"url":"https:\/\/permakultur-landwirtschaft.org\/wp-content\/uploads\/2024\/08\/20240813_lehrgang_video_permaria_knechtle_2024-08-13_14-00-55.jpg","type":"image\/jpeg"}],"author":"adrian reutimann","twitter_card":"summary_large_image","twitter_misc":{"\u00c9crit par":"adrian reutimann","Dur\u00e9e de lecture estim\u00e9e":"1 minute"},"schema":{"@context":"https:\/\/schema.org","@graph":[{"@type":"Article","@id":"https:\/\/permakultur-landwirtschaft.org\/lehrgang-permakultur-landwirtschaft-pdc-vom-01-mai-bis-31-oktober-2025\/#article","isPartOf":{"@id":"https:\/\/permakultur-landwirtschaft.org\/lehrgang-permakultur-landwirtschaft-pdc-vom-01-mai-bis-31-oktober-2025\/"},"author":{"name":"adrian reutimann","@id":"https:\/\/permakultur-landwirtschaft.org\/#\/schema\/person\/6b0467872f75aed3e144093f9bf4f0b0"},"headline":"Lehrgang Permakultur Landwirtschaft (PDC+) vom 01. Mai bis 31. Oktober 2025","datePublished":"2025-01-09T15:22:38+00:00","dateModified":"2025-05-14T07:42:09+00:00","mainEntityOfPage":{"@id":"https:\/\/permakultur-landwirtschaft.org\/lehrgang-permakultur-landwirtschaft-pdc-vom-01-mai-bis-31-oktober-2025\/"},"wordCount":134,"publisher":{"@id":"https:\/\/permakultur-landwirtschaft.org\/#organization"},"image":{"@id":"https:\/\/permakultur-landwirtschaft.org\/lehrgang-permakultur-landwirtschaft-pdc-vom-01-mai-bis-31-oktober-2025\/#primaryimage"},"thumbnailUrl":"https:\/\/permakultur-landwirtschaft.org\/wp-content\/uploads\/2024\/08\/20240813_lehrgang_video_permaria_knechtle_2024-08-13_14-00-55.jpg","keywords":["Knechtle Permakultur","Lehrgang Permakultur Landwirtschaft","PDC+","Permaria"],"articleSection":["Veranstaltung"],"inLanguage":"fr-FR"},{"@type":"WebPage","@id":"https:\/\/permakultur-landwirtschaft.org\/lehrgang-permakultur-landwirtschaft-pdc-vom-01-mai-bis-31-oktober-2025\/","url":"https:\/\/permakultur-landwirtschaft.org\/lehrgang-permakultur-landwirtschaft-pdc-vom-01-mai-bis-31-oktober-2025\/","name":"Lehrgang Permakultur Landwirtschaft (PDC+) vom 01. Mai bis 31. Oktober 2025 - Permakultur-Landwirtschaft","isPartOf":{"@id":"https:\/\/permakultur-landwirtschaft.org\/#website"},"primaryImageOfPage":{"@id":"https:\/\/permakultur-landwirtschaft.org\/lehrgang-permakultur-landwirtschaft-pdc-vom-01-mai-bis-31-oktober-2025\/#primaryimage"},"image":{"@id":"https:\/\/permakultur-landwirtschaft.org\/lehrgang-permakultur-landwirtschaft-pdc-vom-01-mai-bis-31-oktober-2025\/#primaryimage"},"thumbnailUrl":"https:\/\/permakultur-landwirtschaft.org\/wp-content\/uploads\/2024\/08\/20240813_lehrgang_video_permaria_knechtle_2024-08-13_14-00-55.jpg","datePublished":"2025-01-09T15:22:38+00:00","dateModified":"2025-05-14T07:42:09+00:00","description":"Lehrgang Permakultur Landwirtschaft (PDC+) vom 01. Mai bis 31. Oktober 2025","breadcrumb":{"@id":"https:\/\/permakultur-landwirtschaft.org\/lehrgang-permakultur-landwirtschaft-pdc-vom-01-mai-bis-31-oktober-2025\/#breadcrumb"},"inLanguage":"fr-FR","potentialAction":[{"@type":"ReadAction","target":["https:\/\/permakultur-landwirtschaft.org\/lehrgang-permakultur-landwirtschaft-pdc-vom-01-mai-bis-31-oktober-2025\/"]}]},{"@type":"ImageObject","inLanguage":"fr-FR","@id":"https:\/\/permakultur-landwirtschaft.org\/lehrgang-permakultur-landwirtschaft-pdc-vom-01-mai-bis-31-oktober-2025\/#primaryimage","url":"https:\/\/permakultur-landwirtschaft.org\/wp-content\/uploads\/2024\/08\/20240813_lehrgang_video_permaria_knechtle_2024-08-13_14-00-55.jpg","contentUrl":"https:\/\/permakultur-landwirtschaft.org\/wp-content\/uploads\/2024\/08\/20240813_lehrgang_video_permaria_knechtle_2024-08-13_14-00-55.jpg","width":701,"height":384,"caption":"Bild: knechtle-permakultur.ch"},{"@type":"BreadcrumbList","@id":"https:\/\/permakultur-landwirtschaft.org\/lehrgang-permakultur-landwirtschaft-pdc-vom-01-mai-bis-31-oktober-2025\/#breadcrumb","itemListElement":[{"@type":"ListItem","position":1,"name":"Startseite","item":"https:\/\/permakultur-landwirtschaft.org\/"},{"@type":"ListItem","position":2,"name":"Lehrgang Permakultur Landwirtschaft (PDC+) vom 01. Mai bis 31. Oktober 2025"}]},{"@type":"WebSite","@id":"https:\/\/permakultur-landwirtschaft.org\/#website","url":"https:\/\/permakultur-landwirtschaft.org\/","name":"Permakultur-Landwirtschaft","description":"F\u00f6rderung der Permakultur in der Landwirtschaft","publisher":{"@id":"https:\/\/permakultur-landwirtschaft.org\/#organization"},"potentialAction":[{"@type":"SearchAction","target":{"@type":"EntryPoint","urlTemplate":"https:\/\/permakultur-landwirtschaft.org\/?s={search_term_string}"},"query-input":{"@type":"PropertyValueSpecification","valueRequired":true,"valueName":"search_term_string"}}],"inLanguage":"fr-FR"},{"@type":"Organization","@id":"https:\/\/permakultur-landwirtschaft.org\/#organization","name":"Permakultur-Landwirtschaft","alternateName":"Verein Permakultur-Landwirtschaft","url":"https:\/\/permakultur-landwirtschaft.org\/","logo":{"@type":"ImageObject","inLanguage":"fr-FR","@id":"https:\/\/permakultur-landwirtschaft.org\/#\/schema\/logo\/image\/","url":"https:\/\/permakultur-landwirtschaft.org\/wp-content\/uploads\/2021\/11\/pela_1268x1269.png","contentUrl":"https:\/\/permakultur-landwirtschaft.org\/wp-content\/uploads\/2021\/11\/pela_1268x1269.png","width":1298,"height":1269,"caption":"Permakultur-Landwirtschaft"},"image":{"@id":"https:\/\/permakultur-landwirtschaft.org\/#\/schema\/logo\/image\/"},"sameAs":["https:\/\/www.facebook.com\/PermakulturLandwirtschaft","https:\/\/www.instagram.com\/permakultur_landwirtschaft\/","https:\/\/www.flickr.com\/photos\/permakultur-landwirtschaft","https:\/\/www.youtube.com\/@PermakulturLandwirtschaft"]},{"@type":"Person","@id":"https:\/\/permakultur-landwirtschaft.org\/#\/schema\/person\/6b0467872f75aed3e144093f9bf4f0b0","name":"adrian reutimann","url":"https:\/\/permakultur-landwirtschaft.org\/fr\/author\/reutiadr\/"}]}},"_links":{"self":[{"href":"https:\/\/permakultur-landwirtschaft.org\/fr\/wp-json\/wp\/v2\/posts\/35519","targetHints":{"allow":["GET"]}}],"collection":[{"href":"https:\/\/permakultur-landwirtschaft.org\/fr\/wp-json\/wp\/v2\/posts"}],"about":[{"href":"https:\/\/permakultur-landwirtschaft.org\/fr\/wp-json\/wp\/v2\/types\/post"}],"author":[{"embeddable":true,"href":"https:\/\/permakultur-landwirtschaft.org\/fr\/wp-json\/wp\/v2\/users\/2"}],"replies":[{"embeddable":true,"href":"https:\/\/permakultur-landwirtschaft.org\/fr\/wp-json\/wp\/v2\/comments?post=35519"}],"version-history":[{"count":3,"href":"https:\/\/permakultur-landwirtschaft.org\/fr\/wp-json\/wp\/v2\/posts\/35519\/revisions"}],"predecessor-version":[{"id":36533,"href":"https:\/\/permakultur-landwirtschaft.org\/fr\/wp-json\/wp\/v2\/posts\/35519\/revisions\/36533"}],"wp:featuredmedia":[{"embeddable":true,"href":"https:\/\/permakultur-landwirtschaft.org\/fr\/wp-json\/wp\/v2\/media\/35110"}],"wp:attachment":[{"href":"https:\/\/permakultur-landwirtschaft.org\/fr\/wp-json\/wp\/v2\/media?parent=35519"}],"wp:term":[{"taxonomy":"category","embeddable":true,"href":"https:\/\/permakultur-landwirtschaft.org\/fr\/wp-json\/wp\/v2\/categories?post=35519"},{"taxonomy":"post_tag","embeddable":true,"href":"https:\/\/permakultur-landwirtschaft.org\/fr\/wp-json\/wp\/v2\/tags?post=35519"}],"curies":[{"name":"wp","href":"https:\/\/api.w.org\/{rel}","templated":true}]}}