{"id":35463,"date":"2024-07-14T15:19:00","date_gmt":"2024-07-14T13:19:00","guid":{"rendered":"https:\/\/permakultur-landwirtschaft.org\/?p=35463"},"modified":"2024-12-17T15:24:30","modified_gmt":"2024-12-17T14:24:30","slug":"diese-schafe-ersetzen-in-winterthur-rasenmaeher-beitrag-vom-14-juli-2024","status":"publish","type":"post","link":"https:\/\/permakultur-landwirtschaft.org\/fr\/diese-schafe-ersetzen-in-winterthur-rasenmaeher-beitrag-vom-14-juli-2024\/","title":{"rendered":"Diese Schafe ersetzen in Winterthur Rasenm\u00e4her &#8211; Beitrag vom 14. Juli 2024"},"content":{"rendered":"<p>Text von www.srf.ch:<\/p>\n\n\n\n<p>Die Stadt Winterthur hat neu tierische Mitarbeiter angestellt. Auch die SBB kennt dieses Konzept, um Wiesen zu pflegen.<\/p>\n\n\n\n<p>\u00abWir suchen Pers\u00f6nlichkeiten mit Appetit auf neue Herausforderungen. Sie sind k\u00f6rperlich fit, arbeiten gerne im Team und sch\u00e4tzen einen Arbeitsplatz in nat\u00fcrlicher Umgebung.\u00bb<\/p>\n\n\n\n<p>W\u00e4ren Schafe Menschen, dann h\u00e4tte Winterthur wohl mit einem solchen Jobinserat um sie geworben. Mit ihren tierischen Angestellten versucht die Stadt etwas Neues: Die Schafe weiden nacheinander auf verschiedenen Arealen. Fr\u00fcher kamen Rasenm\u00e4her zum Einsatz, ein Kahlschnitt war garantiert.<\/p>\n\n\n\n<p>Die Schafe hingegen fressen das Gras nicht gleichm\u00e4ssig ab. \u00abSie sind sehr w\u00e4hlerisch\u00bb, sagt Michael Wiesner von Stadtgr\u00fcn Winterthur. Gewisse Gr\u00e4ser und Pflanzen fressen sie im Nu. Andere verschm\u00e4hen sie ganz oder verzehren sie erst sp\u00e4ter.<\/p>\n\n\n\n<p>&#8230;<\/p>\n\n\n\n<p>Die richtige Schafrasse ist f\u00fcr das Gelingen entscheidend. Winterthur setzt unter anderem auf Skuddenschafe. Es sind kleine und robuste Tiere, die beim Fressen w\u00e4hlerisch sind. \u00abMit diesem Verhalten unterscheiden sie sich von einem intensiven Mastschaf\u00bb, sagt der Landwirt Reto Meier. Ihm geh\u00f6ren die zehn Schafe auf der Freizeitanlage.<\/p>\n\n\n\n<p>Neben dem neusten Projekt in Winterthur betreibt Meier einen Landwirtschaftsbetrieb. Dort setzt er auf Permakultur, pflanzt Fr\u00fcchte und Gem\u00fcse an. Den Kot der Schafe nutzt er als D\u00fcnger.<\/p>\n\n\n\n<p><a href=\"https:\/\/www.srf.ch\/news\/schweiz\/pflege-von-wiesen-diese-schafe-ersetzen-in-winterthur-rasenmaeher\" target=\"_blank\" rel=\"noreferrer noopener\">Link zum Beitrag<\/a><\/p>\n\n\n\n<p><a href=\"https:\/\/www.faliwakuhowi.ch\/kuhowi\/kulturhof-winterthur.html\" target=\"_blank\" rel=\"noreferrer noopener\">Link zum Kulturhof<\/a><\/p>","protected":false},"excerpt":{"rendered":"<p>Text von www.srf.ch: Die Stadt Winterthur hat neu tierische Mitarbeiter angestellt. Auch die SBB kennt dieses Konzept, um Wiesen zu pflegen. \u00abWir suchen Pers\u00f6nlichkeiten mit Appetit auf neue Herausforderungen. Sie sind k\u00f6rperlich fit, arbeiten gerne im Team und sch\u00e4tzen einen Arbeitsplatz in nat\u00fcrlicher Umgebung.\u00bb W\u00e4ren Schafe Menschen, dann h\u00e4tte Winterthur wohl mit einem solchen Jobinserat [&hellip;]<\/p>\n","protected":false},"author":2,"featured_media":35464,"comment_status":"closed","ping_status":"closed","sticky":false,"template":"","format":"standard","meta":{"_acf_changed":false,"site-sidebar-layout":"default","site-content-layout":"","ast-site-content-layout":"default","site-content-style":"default","site-sidebar-style":"default","ast-global-header-display":"","ast-banner-title-visibility":"","ast-main-header-display":"","ast-hfb-above-header-display":"","ast-hfb-below-header-display":"","ast-hfb-mobile-header-display":"","site-post-title":"","ast-breadcrumbs-content":"","ast-featured-img":"","footer-sml-layout":"","ast-disable-related-posts":"","theme-transparent-header-meta":"","adv-header-id-meta":"","stick-header-meta":"","header-above-stick-meta":"","header-main-stick-meta":"","header-below-stick-meta":"","astra-migrate-meta-layouts":"set","ast-page-background-enabled":"default","ast-page-background-meta":{"desktop":{"background-color":"var(--ast-global-color-4)","background-image":"","background-repeat":"repeat","background-position":"center center","background-size":"auto","background-attachment":"scroll","background-type":"","background-media":"","overlay-type":"","overlay-color":"","overlay-opacity":"","overlay-gradient":""},"tablet":{"background-color":"","background-image":"","background-repeat":"repeat","background-position":"center center","background-size":"auto","background-attachment":"scroll","background-type":"","background-media":"","overlay-type":"","overlay-color":"","overlay-opacity":"","overlay-gradient":""},"mobile":{"background-color":"","background-image":"","background-repeat":"repeat","background-position":"center center","background-size":"auto","background-attachment":"scroll","background-type":"","background-media":"","overlay-type":"","overlay-color":"","overlay-opacity":"","overlay-gradient":""}},"ast-content-background-meta":{"desktop":{"background-color":"var(--ast-global-color-5)","background-image":"","background-repeat":"repeat","background-position":"center center","background-size":"auto","background-attachment":"scroll","background-type":"","background-media":"","overlay-type":"","overlay-color":"","overlay-opacity":"","overlay-gradient":""},"tablet":{"background-color":"var(--ast-global-color-5)","background-image":"","background-repeat":"repeat","background-position":"center center","background-size":"auto","background-attachment":"scroll","background-type":"","background-media":"","overlay-type":"","overlay-color":"","overlay-opacity":"","overlay-gradient":""},"mobile":{"background-color":"var(--ast-global-color-5)","background-image":"","background-repeat":"repeat","background-position":"center center","background-size":"auto","background-attachment":"scroll","background-type":"","background-media":"","overlay-type":"","overlay-color":"","overlay-opacity":"","overlay-gradient":""}},"footnotes":""},"categories":[22],"tags":[205,516,518,517],"class_list":["post-35463","post","type-post","status-publish","format-standard","has-post-thumbnail","hentry","category-neuigkeit","tag-biodiversitaet","tag-kulturhof","tag-rasenmaehen","tag-schafe"],"acf":[],"yoast_head":"<!-- This site is optimized with the Yoast SEO plugin v27.5 - https:\/\/yoast.com\/product\/yoast-seo-wordpress\/ -->\n<title>Diese Schafe ersetzen in Winterthur Rasenm\u00e4her - Beitrag vom 14. Juli 2024 - Permakultur-Landwirtschaft<\/title>\n<meta name=\"description\" content=\"Die Stadt Winterthur hat neu tierische Mitarbeiter angestellt. Auch die SBB kennt dieses Konzept, um Wiesen zu pflegen.\" \/>\n<meta name=\"robots\" content=\"index, follow, max-snippet:-1, max-image-preview:large, max-video-preview:-1\" \/>\n<link rel=\"canonical\" href=\"https:\/\/permakultur-landwirtschaft.org\/fr\/diese-schafe-ersetzen-in-winterthur-rasenmaeher-beitrag-vom-14-juli-2024\/\" \/>\n<meta property=\"og:locale\" content=\"fr_FR\" \/>\n<meta property=\"og:type\" content=\"article\" \/>\n<meta property=\"og:title\" content=\"Diese Schafe ersetzen in Winterthur Rasenm\u00e4her - Beitrag vom 14. Juli 2024 - Permakultur-Landwirtschaft\" \/>\n<meta property=\"og:description\" content=\"Die Stadt Winterthur hat neu tierische Mitarbeiter angestellt. Auch die SBB kennt dieses Konzept, um Wiesen zu pflegen.\" \/>\n<meta property=\"og:url\" content=\"https:\/\/permakultur-landwirtschaft.org\/fr\/diese-schafe-ersetzen-in-winterthur-rasenmaeher-beitrag-vom-14-juli-2024\/\" \/>\n<meta property=\"og:site_name\" content=\"Permakultur-Landwirtschaft\" \/>\n<meta property=\"article:publisher\" content=\"https:\/\/www.facebook.com\/PermakulturLandwirtschaft\" \/>\n<meta property=\"article:published_time\" content=\"2024-07-14T13:19:00+00:00\" \/>\n<meta property=\"article:modified_time\" content=\"2024-12-17T14:24:30+00:00\" \/>\n<meta property=\"og:image\" content=\"https:\/\/permakultur-landwirtschaft.org\/wp-content\/uploads\/2024\/12\/20241217_schafe_srf_417dfb.webp\" \/>\n\t<meta property=\"og:image:width\" content=\"1280\" \/>\n\t<meta property=\"og:image:height\" content=\"958\" \/>\n\t<meta property=\"og:image:type\" content=\"image\/webp\" \/>\n<meta name=\"author\" content=\"adrian reutimann\" \/>\n<meta name=\"twitter:card\" content=\"summary_large_image\" \/>\n<meta name=\"twitter:label1\" content=\"\u00c9crit par\" \/>\n\t<meta name=\"twitter:data1\" content=\"adrian reutimann\" \/>\n\t<meta name=\"twitter:label2\" content=\"Dur\u00e9e de lecture estim\u00e9e\" \/>\n\t<meta name=\"twitter:data2\" content=\"2 minutes\" \/>\n<script type=\"application\/ld+json\" class=\"yoast-schema-graph\">{\"@context\":\"https:\\\/\\\/schema.org\",\"@graph\":[{\"@type\":\"Article\",\"@id\":\"https:\\\/\\\/permakultur-landwirtschaft.org\\\/diese-schafe-ersetzen-in-winterthur-rasenmaeher-beitrag-vom-14-juli-2024\\\/#article\",\"isPartOf\":{\"@id\":\"https:\\\/\\\/permakultur-landwirtschaft.org\\\/diese-schafe-ersetzen-in-winterthur-rasenmaeher-beitrag-vom-14-juli-2024\\\/\"},\"author\":{\"name\":\"adrian reutimann\",\"@id\":\"https:\\\/\\\/permakultur-landwirtschaft.org\\\/#\\\/schema\\\/person\\\/6b0467872f75aed3e144093f9bf4f0b0\"},\"headline\":\"Diese Schafe ersetzen in Winterthur Rasenm\u00e4her &#8211; Beitrag vom 14. Juli 2024\",\"datePublished\":\"2024-07-14T13:19:00+00:00\",\"dateModified\":\"2024-12-17T14:24:30+00:00\",\"mainEntityOfPage\":{\"@id\":\"https:\\\/\\\/permakultur-landwirtschaft.org\\\/diese-schafe-ersetzen-in-winterthur-rasenmaeher-beitrag-vom-14-juli-2024\\\/\"},\"wordCount\":234,\"publisher\":{\"@id\":\"https:\\\/\\\/permakultur-landwirtschaft.org\\\/#organization\"},\"image\":{\"@id\":\"https:\\\/\\\/permakultur-landwirtschaft.org\\\/diese-schafe-ersetzen-in-winterthur-rasenmaeher-beitrag-vom-14-juli-2024\\\/#primaryimage\"},\"thumbnailUrl\":\"https:\\\/\\\/permakultur-landwirtschaft.org\\\/wp-content\\\/uploads\\\/2024\\\/12\\\/20241217_schafe_srf_417dfb.webp\",\"keywords\":[\"Biodiversit\u00e4t\",\"Kulturhof\",\"Rasenm\u00e4hen\",\"Schafe\"],\"articleSection\":[\"Neuigkeit\"],\"inLanguage\":\"fr-FR\"},{\"@type\":\"WebPage\",\"@id\":\"https:\\\/\\\/permakultur-landwirtschaft.org\\\/diese-schafe-ersetzen-in-winterthur-rasenmaeher-beitrag-vom-14-juli-2024\\\/\",\"url\":\"https:\\\/\\\/permakultur-landwirtschaft.org\\\/diese-schafe-ersetzen-in-winterthur-rasenmaeher-beitrag-vom-14-juli-2024\\\/\",\"name\":\"Diese Schafe ersetzen in Winterthur Rasenm\u00e4her - Beitrag vom 14. Juli 2024 - Permakultur-Landwirtschaft\",\"isPartOf\":{\"@id\":\"https:\\\/\\\/permakultur-landwirtschaft.org\\\/#website\"},\"primaryImageOfPage\":{\"@id\":\"https:\\\/\\\/permakultur-landwirtschaft.org\\\/diese-schafe-ersetzen-in-winterthur-rasenmaeher-beitrag-vom-14-juli-2024\\\/#primaryimage\"},\"image\":{\"@id\":\"https:\\\/\\\/permakultur-landwirtschaft.org\\\/diese-schafe-ersetzen-in-winterthur-rasenmaeher-beitrag-vom-14-juli-2024\\\/#primaryimage\"},\"thumbnailUrl\":\"https:\\\/\\\/permakultur-landwirtschaft.org\\\/wp-content\\\/uploads\\\/2024\\\/12\\\/20241217_schafe_srf_417dfb.webp\",\"datePublished\":\"2024-07-14T13:19:00+00:00\",\"dateModified\":\"2024-12-17T14:24:30+00:00\",\"description\":\"Die Stadt Winterthur hat neu tierische Mitarbeiter angestellt. Auch die SBB kennt dieses Konzept, um Wiesen zu pflegen.\",\"breadcrumb\":{\"@id\":\"https:\\\/\\\/permakultur-landwirtschaft.org\\\/diese-schafe-ersetzen-in-winterthur-rasenmaeher-beitrag-vom-14-juli-2024\\\/#breadcrumb\"},\"inLanguage\":\"fr-FR\",\"potentialAction\":[{\"@type\":\"ReadAction\",\"target\":[\"https:\\\/\\\/permakultur-landwirtschaft.org\\\/diese-schafe-ersetzen-in-winterthur-rasenmaeher-beitrag-vom-14-juli-2024\\\/\"]}]},{\"@type\":\"ImageObject\",\"inLanguage\":\"fr-FR\",\"@id\":\"https:\\\/\\\/permakultur-landwirtschaft.org\\\/diese-schafe-ersetzen-in-winterthur-rasenmaeher-beitrag-vom-14-juli-2024\\\/#primaryimage\",\"url\":\"https:\\\/\\\/permakultur-landwirtschaft.org\\\/wp-content\\\/uploads\\\/2024\\\/12\\\/20241217_schafe_srf_417dfb.webp\",\"contentUrl\":\"https:\\\/\\\/permakultur-landwirtschaft.org\\\/wp-content\\\/uploads\\\/2024\\\/12\\\/20241217_schafe_srf_417dfb.webp\",\"width\":1280,\"height\":958,\"caption\":\"Bild: SRF\\\/Kaa Linder\"},{\"@type\":\"BreadcrumbList\",\"@id\":\"https:\\\/\\\/permakultur-landwirtschaft.org\\\/diese-schafe-ersetzen-in-winterthur-rasenmaeher-beitrag-vom-14-juli-2024\\\/#breadcrumb\",\"itemListElement\":[{\"@type\":\"ListItem\",\"position\":1,\"name\":\"Startseite\",\"item\":\"https:\\\/\\\/permakultur-landwirtschaft.org\\\/\"},{\"@type\":\"ListItem\",\"position\":2,\"name\":\"Diese Schafe ersetzen in Winterthur Rasenm\u00e4her &#8211; Beitrag vom 14. Juli 2024\"}]},{\"@type\":\"WebSite\",\"@id\":\"https:\\\/\\\/permakultur-landwirtschaft.org\\\/#website\",\"url\":\"https:\\\/\\\/permakultur-landwirtschaft.org\\\/\",\"name\":\"Permakultur-Landwirtschaft\",\"description\":\"F\u00f6rderung der Permakultur in der Landwirtschaft\",\"publisher\":{\"@id\":\"https:\\\/\\\/permakultur-landwirtschaft.org\\\/#organization\"},\"potentialAction\":[{\"@type\":\"SearchAction\",\"target\":{\"@type\":\"EntryPoint\",\"urlTemplate\":\"https:\\\/\\\/permakultur-landwirtschaft.org\\\/?s={search_term_string}\"},\"query-input\":{\"@type\":\"PropertyValueSpecification\",\"valueRequired\":true,\"valueName\":\"search_term_string\"}}],\"inLanguage\":\"fr-FR\"},{\"@type\":\"Organization\",\"@id\":\"https:\\\/\\\/permakultur-landwirtschaft.org\\\/#organization\",\"name\":\"Permakultur-Landwirtschaft\",\"alternateName\":\"Verein Permakultur-Landwirtschaft\",\"url\":\"https:\\\/\\\/permakultur-landwirtschaft.org\\\/\",\"logo\":{\"@type\":\"ImageObject\",\"inLanguage\":\"fr-FR\",\"@id\":\"https:\\\/\\\/permakultur-landwirtschaft.org\\\/#\\\/schema\\\/logo\\\/image\\\/\",\"url\":\"https:\\\/\\\/permakultur-landwirtschaft.org\\\/wp-content\\\/uploads\\\/2021\\\/11\\\/pela_1268x1269.png\",\"contentUrl\":\"https:\\\/\\\/permakultur-landwirtschaft.org\\\/wp-content\\\/uploads\\\/2021\\\/11\\\/pela_1268x1269.png\",\"width\":1298,\"height\":1269,\"caption\":\"Permakultur-Landwirtschaft\"},\"image\":{\"@id\":\"https:\\\/\\\/permakultur-landwirtschaft.org\\\/#\\\/schema\\\/logo\\\/image\\\/\"},\"sameAs\":[\"https:\\\/\\\/www.facebook.com\\\/PermakulturLandwirtschaft\",\"https:\\\/\\\/www.instagram.com\\\/permakultur_landwirtschaft\\\/\",\"https:\\\/\\\/www.flickr.com\\\/photos\\\/permakultur-landwirtschaft\",\"https:\\\/\\\/www.youtube.com\\\/@PermakulturLandwirtschaft\"]},{\"@type\":\"Person\",\"@id\":\"https:\\\/\\\/permakultur-landwirtschaft.org\\\/#\\\/schema\\\/person\\\/6b0467872f75aed3e144093f9bf4f0b0\",\"name\":\"adrian reutimann\",\"url\":\"https:\\\/\\\/permakultur-landwirtschaft.org\\\/fr\\\/author\\\/reutiadr\\\/\"}]}<\/script>\n<!-- \/ Yoast SEO plugin. -->","yoast_head_json":{"title":"Diese Schafe ersetzen in Winterthur Rasenm\u00e4her - Beitrag vom 14. Juli 2024 - Permakultur-Landwirtschaft","description":"Die Stadt Winterthur hat neu tierische Mitarbeiter angestellt. Auch die SBB kennt dieses Konzept, um Wiesen zu pflegen.","robots":{"index":"index","follow":"follow","max-snippet":"max-snippet:-1","max-image-preview":"max-image-preview:large","max-video-preview":"max-video-preview:-1"},"canonical":"https:\/\/permakultur-landwirtschaft.org\/fr\/diese-schafe-ersetzen-in-winterthur-rasenmaeher-beitrag-vom-14-juli-2024\/","og_locale":"fr_FR","og_type":"article","og_title":"Diese Schafe ersetzen in Winterthur Rasenm\u00e4her - Beitrag vom 14. Juli 2024 - Permakultur-Landwirtschaft","og_description":"Die Stadt Winterthur hat neu tierische Mitarbeiter angestellt. Auch die SBB kennt dieses Konzept, um Wiesen zu pflegen.","og_url":"https:\/\/permakultur-landwirtschaft.org\/fr\/diese-schafe-ersetzen-in-winterthur-rasenmaeher-beitrag-vom-14-juli-2024\/","og_site_name":"Permakultur-Landwirtschaft","article_publisher":"https:\/\/www.facebook.com\/PermakulturLandwirtschaft","article_published_time":"2024-07-14T13:19:00+00:00","article_modified_time":"2024-12-17T14:24:30+00:00","og_image":[{"width":1280,"height":958,"url":"https:\/\/permakultur-landwirtschaft.org\/wp-content\/uploads\/2024\/12\/20241217_schafe_srf_417dfb.webp","type":"image\/webp"}],"author":"adrian reutimann","twitter_card":"summary_large_image","twitter_misc":{"\u00c9crit par":"adrian reutimann","Dur\u00e9e de lecture estim\u00e9e":"2 minutes"},"schema":{"@context":"https:\/\/schema.org","@graph":[{"@type":"Article","@id":"https:\/\/permakultur-landwirtschaft.org\/diese-schafe-ersetzen-in-winterthur-rasenmaeher-beitrag-vom-14-juli-2024\/#article","isPartOf":{"@id":"https:\/\/permakultur-landwirtschaft.org\/diese-schafe-ersetzen-in-winterthur-rasenmaeher-beitrag-vom-14-juli-2024\/"},"author":{"name":"adrian reutimann","@id":"https:\/\/permakultur-landwirtschaft.org\/#\/schema\/person\/6b0467872f75aed3e144093f9bf4f0b0"},"headline":"Diese Schafe ersetzen in Winterthur Rasenm\u00e4her &#8211; Beitrag vom 14. Juli 2024","datePublished":"2024-07-14T13:19:00+00:00","dateModified":"2024-12-17T14:24:30+00:00","mainEntityOfPage":{"@id":"https:\/\/permakultur-landwirtschaft.org\/diese-schafe-ersetzen-in-winterthur-rasenmaeher-beitrag-vom-14-juli-2024\/"},"wordCount":234,"publisher":{"@id":"https:\/\/permakultur-landwirtschaft.org\/#organization"},"image":{"@id":"https:\/\/permakultur-landwirtschaft.org\/diese-schafe-ersetzen-in-winterthur-rasenmaeher-beitrag-vom-14-juli-2024\/#primaryimage"},"thumbnailUrl":"https:\/\/permakultur-landwirtschaft.org\/wp-content\/uploads\/2024\/12\/20241217_schafe_srf_417dfb.webp","keywords":["Biodiversit\u00e4t","Kulturhof","Rasenm\u00e4hen","Schafe"],"articleSection":["Neuigkeit"],"inLanguage":"fr-FR"},{"@type":"WebPage","@id":"https:\/\/permakultur-landwirtschaft.org\/diese-schafe-ersetzen-in-winterthur-rasenmaeher-beitrag-vom-14-juli-2024\/","url":"https:\/\/permakultur-landwirtschaft.org\/diese-schafe-ersetzen-in-winterthur-rasenmaeher-beitrag-vom-14-juli-2024\/","name":"Diese Schafe ersetzen in Winterthur Rasenm\u00e4her - Beitrag vom 14. Juli 2024 - Permakultur-Landwirtschaft","isPartOf":{"@id":"https:\/\/permakultur-landwirtschaft.org\/#website"},"primaryImageOfPage":{"@id":"https:\/\/permakultur-landwirtschaft.org\/diese-schafe-ersetzen-in-winterthur-rasenmaeher-beitrag-vom-14-juli-2024\/#primaryimage"},"image":{"@id":"https:\/\/permakultur-landwirtschaft.org\/diese-schafe-ersetzen-in-winterthur-rasenmaeher-beitrag-vom-14-juli-2024\/#primaryimage"},"thumbnailUrl":"https:\/\/permakultur-landwirtschaft.org\/wp-content\/uploads\/2024\/12\/20241217_schafe_srf_417dfb.webp","datePublished":"2024-07-14T13:19:00+00:00","dateModified":"2024-12-17T14:24:30+00:00","description":"Die Stadt Winterthur hat neu tierische Mitarbeiter angestellt. Auch die SBB kennt dieses Konzept, um Wiesen zu pflegen.","breadcrumb":{"@id":"https:\/\/permakultur-landwirtschaft.org\/diese-schafe-ersetzen-in-winterthur-rasenmaeher-beitrag-vom-14-juli-2024\/#breadcrumb"},"inLanguage":"fr-FR","potentialAction":[{"@type":"ReadAction","target":["https:\/\/permakultur-landwirtschaft.org\/diese-schafe-ersetzen-in-winterthur-rasenmaeher-beitrag-vom-14-juli-2024\/"]}]},{"@type":"ImageObject","inLanguage":"fr-FR","@id":"https:\/\/permakultur-landwirtschaft.org\/diese-schafe-ersetzen-in-winterthur-rasenmaeher-beitrag-vom-14-juli-2024\/#primaryimage","url":"https:\/\/permakultur-landwirtschaft.org\/wp-content\/uploads\/2024\/12\/20241217_schafe_srf_417dfb.webp","contentUrl":"https:\/\/permakultur-landwirtschaft.org\/wp-content\/uploads\/2024\/12\/20241217_schafe_srf_417dfb.webp","width":1280,"height":958,"caption":"Bild: SRF\/Kaa Linder"},{"@type":"BreadcrumbList","@id":"https:\/\/permakultur-landwirtschaft.org\/diese-schafe-ersetzen-in-winterthur-rasenmaeher-beitrag-vom-14-juli-2024\/#breadcrumb","itemListElement":[{"@type":"ListItem","position":1,"name":"Startseite","item":"https:\/\/permakultur-landwirtschaft.org\/"},{"@type":"ListItem","position":2,"name":"Diese Schafe ersetzen in Winterthur Rasenm\u00e4her &#8211; Beitrag vom 14. Juli 2024"}]},{"@type":"WebSite","@id":"https:\/\/permakultur-landwirtschaft.org\/#website","url":"https:\/\/permakultur-landwirtschaft.org\/","name":"Permakultur-Landwirtschaft","description":"F\u00f6rderung der Permakultur in der Landwirtschaft","publisher":{"@id":"https:\/\/permakultur-landwirtschaft.org\/#organization"},"potentialAction":[{"@type":"SearchAction","target":{"@type":"EntryPoint","urlTemplate":"https:\/\/permakultur-landwirtschaft.org\/?s={search_term_string}"},"query-input":{"@type":"PropertyValueSpecification","valueRequired":true,"valueName":"search_term_string"}}],"inLanguage":"fr-FR"},{"@type":"Organization","@id":"https:\/\/permakultur-landwirtschaft.org\/#organization","name":"Permakultur-Landwirtschaft","alternateName":"Verein Permakultur-Landwirtschaft","url":"https:\/\/permakultur-landwirtschaft.org\/","logo":{"@type":"ImageObject","inLanguage":"fr-FR","@id":"https:\/\/permakultur-landwirtschaft.org\/#\/schema\/logo\/image\/","url":"https:\/\/permakultur-landwirtschaft.org\/wp-content\/uploads\/2021\/11\/pela_1268x1269.png","contentUrl":"https:\/\/permakultur-landwirtschaft.org\/wp-content\/uploads\/2021\/11\/pela_1268x1269.png","width":1298,"height":1269,"caption":"Permakultur-Landwirtschaft"},"image":{"@id":"https:\/\/permakultur-landwirtschaft.org\/#\/schema\/logo\/image\/"},"sameAs":["https:\/\/www.facebook.com\/PermakulturLandwirtschaft","https:\/\/www.instagram.com\/permakultur_landwirtschaft\/","https:\/\/www.flickr.com\/photos\/permakultur-landwirtschaft","https:\/\/www.youtube.com\/@PermakulturLandwirtschaft"]},{"@type":"Person","@id":"https:\/\/permakultur-landwirtschaft.org\/#\/schema\/person\/6b0467872f75aed3e144093f9bf4f0b0","name":"adrian reutimann","url":"https:\/\/permakultur-landwirtschaft.org\/fr\/author\/reutiadr\/"}]}},"_links":{"self":[{"href":"https:\/\/permakultur-landwirtschaft.org\/fr\/wp-json\/wp\/v2\/posts\/35463","targetHints":{"allow":["GET"]}}],"collection":[{"href":"https:\/\/permakultur-landwirtschaft.org\/fr\/wp-json\/wp\/v2\/posts"}],"about":[{"href":"https:\/\/permakultur-landwirtschaft.org\/fr\/wp-json\/wp\/v2\/types\/post"}],"author":[{"embeddable":true,"href":"https:\/\/permakultur-landwirtschaft.org\/fr\/wp-json\/wp\/v2\/users\/2"}],"replies":[{"embeddable":true,"href":"https:\/\/permakultur-landwirtschaft.org\/fr\/wp-json\/wp\/v2\/comments?post=35463"}],"version-history":[{"count":1,"href":"https:\/\/permakultur-landwirtschaft.org\/fr\/wp-json\/wp\/v2\/posts\/35463\/revisions"}],"predecessor-version":[{"id":35465,"href":"https:\/\/permakultur-landwirtschaft.org\/fr\/wp-json\/wp\/v2\/posts\/35463\/revisions\/35465"}],"wp:featuredmedia":[{"embeddable":true,"href":"https:\/\/permakultur-landwirtschaft.org\/fr\/wp-json\/wp\/v2\/media\/35464"}],"wp:attachment":[{"href":"https:\/\/permakultur-landwirtschaft.org\/fr\/wp-json\/wp\/v2\/media?parent=35463"}],"wp:term":[{"taxonomy":"category","embeddable":true,"href":"https:\/\/permakultur-landwirtschaft.org\/fr\/wp-json\/wp\/v2\/categories?post=35463"},{"taxonomy":"post_tag","embeddable":true,"href":"https:\/\/permakultur-landwirtschaft.org\/fr\/wp-json\/wp\/v2\/tags?post=35463"}],"curies":[{"name":"wp","href":"https:\/\/api.w.org\/{rel}","templated":true}]}}