{"id":35391,"date":"2024-11-16T11:12:34","date_gmt":"2024-11-16T10:12:34","guid":{"rendered":"https:\/\/permakultur-landwirtschaft.org\/?p=35391"},"modified":"2025-11-13T14:55:38","modified_gmt":"2025-11-13T13:55:38","slug":"waldgaerten-nachhaltige-oasen-fuer-mensch-und-natur-beitrag-vom-16-november-2024","status":"publish","type":"post","link":"https:\/\/permakultur-landwirtschaft.org\/fr\/waldgaerten-nachhaltige-oasen-fuer-mensch-und-natur-beitrag-vom-16-november-2024\/","title":{"rendered":"Waldg\u00e4rten: Nachhaltige Oasen f\u00fcr Mensch und Natur &#8211; Beitrag vom 16. November 2024"},"content":{"rendered":"<p>Text von www.tierwelt.ch:<\/p>\n\n\n\n<p>Waldg\u00e4rten erfreuen sich immer gr\u00f6sserer Beliebtheit. Sie orientieren sich am Permakultur-Prinzip. Als agroforstwirtschaftliches System, das auf nat\u00fcrliche Prozesse, Selbstregulierung und Biodiversit\u00e4t setzt, bietet es nicht nur uns Menschen, sondern auch Tieren besondere Vorz\u00fcge.<\/p>\n\n\n\n<p>F\u00fcr seinen 8000 Quadratmeter grossen essbaren Waldgarten erhielt im Jahr 2023 Timo Jeutter die meisten Stimmen und gewann somit den TierWelt-Preis \u00abGoldener Schmetterling\u00bb. \u00abVielfalt an Leben ist das wichtigste Gut auf unserem Planeten. Nur wenn es ein gesundes und intaktes \u00d6kosystem auf unserer Erde gibt, k\u00f6nnen Pflanzen, Tiere und Menschen l\u00e4ngerfristig \u00fcberleben\u00bb, so Jeutter damals zur Frage, was Biodiversit\u00e4t f\u00fcr ihn bedeutet. Mit einem Waldgarten ahmt man ein solch gesundes und intaktes \u00d6kosystem nach. \u00abEs sind die vielf\u00e4ltigsten, stabilsten und langlebigsten Landwirtschafts- sowie Gartensysteme\u00bb, erkl\u00e4rt Marcus Pan, Leiter der Akademie f\u00fcr Permakultur-Gestaltung.<\/p>\n\n\n\n<p>&#8230;<\/p>\n\n\n\n<p><a href=\"https:\/\/www.tierwelt.ch\/artikel\/natur-umwelt\/waldgaerten-nachhaltige-oasen-fuer-mensch-und-natur-533672\" target=\"_blank\" rel=\"noreferrer noopener\">Lien vers l'article complet<\/a><\/p>","protected":false},"excerpt":{"rendered":"<p>Text von www.tierwelt.ch: Waldg\u00e4rten erfreuen sich immer gr\u00f6sserer Beliebtheit. Sie orientieren sich am Permakultur-Prinzip. Als agroforstwirtschaftliches System, das auf nat\u00fcrliche Prozesse, Selbstregulierung und Biodiversit\u00e4t setzt, bietet es nicht nur uns Menschen, sondern auch Tieren besondere Vorz\u00fcge. F\u00fcr seinen 8000 Quadratmeter grossen essbaren Waldgarten erhielt im Jahr 2023 Timo Jeutter die meisten Stimmen und gewann somit [&hellip;]<\/p>\n","protected":false},"author":2,"featured_media":35392,"comment_status":"closed","ping_status":"closed","sticky":false,"template":"","format":"standard","meta":{"_acf_changed":false,"site-sidebar-layout":"default","site-content-layout":"","ast-site-content-layout":"default","site-content-style":"default","site-sidebar-style":"default","ast-global-header-display":"","ast-banner-title-visibility":"","ast-main-header-display":"","ast-hfb-above-header-display":"","ast-hfb-below-header-display":"","ast-hfb-mobile-header-display":"","site-post-title":"","ast-breadcrumbs-content":"","ast-featured-img":"","footer-sml-layout":"","ast-disable-related-posts":"","theme-transparent-header-meta":"","adv-header-id-meta":"","stick-header-meta":"","header-above-stick-meta":"","header-main-stick-meta":"","header-below-stick-meta":"","astra-migrate-meta-layouts":"set","ast-page-background-enabled":"default","ast-page-background-meta":{"desktop":{"background-color":"var(--ast-global-color-4)","background-image":"","background-repeat":"repeat","background-position":"center center","background-size":"auto","background-attachment":"scroll","background-type":"","background-media":"","overlay-type":"","overlay-color":"","overlay-opacity":"","overlay-gradient":""},"tablet":{"background-color":"","background-image":"","background-repeat":"repeat","background-position":"center center","background-size":"auto","background-attachment":"scroll","background-type":"","background-media":"","overlay-type":"","overlay-color":"","overlay-opacity":"","overlay-gradient":""},"mobile":{"background-color":"","background-image":"","background-repeat":"repeat","background-position":"center center","background-size":"auto","background-attachment":"scroll","background-type":"","background-media":"","overlay-type":"","overlay-color":"","overlay-opacity":"","overlay-gradient":""}},"ast-content-background-meta":{"desktop":{"background-color":"var(--ast-global-color-5)","background-image":"","background-repeat":"repeat","background-position":"center center","background-size":"auto","background-attachment":"scroll","background-type":"","background-media":"","overlay-type":"","overlay-color":"","overlay-opacity":"","overlay-gradient":""},"tablet":{"background-color":"var(--ast-global-color-5)","background-image":"","background-repeat":"repeat","background-position":"center center","background-size":"auto","background-attachment":"scroll","background-type":"","background-media":"","overlay-type":"","overlay-color":"","overlay-opacity":"","overlay-gradient":""},"mobile":{"background-color":"var(--ast-global-color-5)","background-image":"","background-repeat":"repeat","background-position":"center center","background-size":"auto","background-attachment":"scroll","background-type":"","background-media":"","overlay-type":"","overlay-color":"","overlay-opacity":"","overlay-gradient":""}},"footnotes":""},"categories":[22],"tags":[502,501,17,503,395],"class_list":["post-35391","post","type-post","status-publish","format-standard","has-post-thumbnail","hentry","category-neuigkeit","tag-nachhaltig","tag-oasen","tag-permakultur","tag-tierwelt","tag-waldgaerten"],"acf":[],"yoast_head":"<!-- This site is optimized with the Yoast SEO plugin v27.5 - https:\/\/yoast.com\/product\/yoast-seo-wordpress\/ -->\n<title>Waldg\u00e4rten: Nachhaltige Oasen f\u00fcr Mensch und Natur - Beitrag vom 16. November 2024 - Permakultur-Landwirtschaft<\/title>\n<meta name=\"description\" content=\"Waldg\u00e4rten erfreuen sich immer gr\u00f6sserer Beliebtheit. Sie orientieren sich am Permakultur-Prinzip, das auf nat\u00fcrliche Prozesse setzt.\" \/>\n<meta name=\"robots\" content=\"index, follow, max-snippet:-1, max-image-preview:large, max-video-preview:-1\" \/>\n<link rel=\"canonical\" href=\"https:\/\/permakultur-landwirtschaft.org\/fr\/waldgaerten-nachhaltige-oasen-fuer-mensch-und-natur-beitrag-vom-16-november-2024\/\" \/>\n<meta property=\"og:locale\" content=\"fr_FR\" \/>\n<meta property=\"og:type\" content=\"article\" \/>\n<meta property=\"og:title\" content=\"Waldg\u00e4rten: Nachhaltige Oasen f\u00fcr Mensch und Natur - Beitrag vom 16. November 2024 - Permakultur-Landwirtschaft\" \/>\n<meta property=\"og:description\" content=\"Waldg\u00e4rten erfreuen sich immer gr\u00f6sserer Beliebtheit. Sie orientieren sich am Permakultur-Prinzip, das auf nat\u00fcrliche Prozesse setzt.\" \/>\n<meta property=\"og:url\" content=\"https:\/\/permakultur-landwirtschaft.org\/fr\/waldgaerten-nachhaltige-oasen-fuer-mensch-und-natur-beitrag-vom-16-november-2024\/\" \/>\n<meta property=\"og:site_name\" content=\"Permakultur-Landwirtschaft\" \/>\n<meta property=\"article:publisher\" content=\"https:\/\/www.facebook.com\/PermakulturLandwirtschaft\" \/>\n<meta property=\"article:published_time\" content=\"2024-11-16T10:12:34+00:00\" \/>\n<meta property=\"article:modified_time\" content=\"2025-11-13T13:55:38+00:00\" \/>\n<meta property=\"og:image\" content=\"https:\/\/permakultur-landwirtschaft.org\/wp-content\/uploads\/2024\/11\/20241121_tierwelt_waldgarten_csm_shutterstock_2138882033_74ee5d220b.jpg\" \/>\n\t<meta property=\"og:image:width\" content=\"700\" \/>\n\t<meta property=\"og:image:height\" content=\"438\" \/>\n\t<meta property=\"og:image:type\" content=\"image\/jpeg\" \/>\n<meta name=\"author\" content=\"adrian reutimann\" \/>\n<meta name=\"twitter:card\" content=\"summary_large_image\" \/>\n<meta name=\"twitter:label1\" content=\"\u00c9crit par\" \/>\n\t<meta name=\"twitter:data1\" content=\"adrian reutimann\" \/>\n\t<meta name=\"twitter:label2\" content=\"Dur\u00e9e de lecture estim\u00e9e\" \/>\n\t<meta name=\"twitter:data2\" content=\"1 minute\" \/>\n<script type=\"application\/ld+json\" class=\"yoast-schema-graph\">{\"@context\":\"https:\\\/\\\/schema.org\",\"@graph\":[{\"@type\":\"Article\",\"@id\":\"https:\\\/\\\/permakultur-landwirtschaft.org\\\/waldgaerten-nachhaltige-oasen-fuer-mensch-und-natur-beitrag-vom-16-november-2024\\\/#article\",\"isPartOf\":{\"@id\":\"https:\\\/\\\/permakultur-landwirtschaft.org\\\/waldgaerten-nachhaltige-oasen-fuer-mensch-und-natur-beitrag-vom-16-november-2024\\\/\"},\"author\":{\"name\":\"adrian reutimann\",\"@id\":\"https:\\\/\\\/permakultur-landwirtschaft.org\\\/#\\\/schema\\\/person\\\/6b0467872f75aed3e144093f9bf4f0b0\"},\"headline\":\"Waldg\u00e4rten: Nachhaltige Oasen f\u00fcr Mensch und Natur &#8211; Beitrag vom 16. November 2024\",\"datePublished\":\"2024-11-16T10:12:34+00:00\",\"dateModified\":\"2025-11-13T13:55:38+00:00\",\"mainEntityOfPage\":{\"@id\":\"https:\\\/\\\/permakultur-landwirtschaft.org\\\/waldgaerten-nachhaltige-oasen-fuer-mensch-und-natur-beitrag-vom-16-november-2024\\\/\"},\"wordCount\":158,\"publisher\":{\"@id\":\"https:\\\/\\\/permakultur-landwirtschaft.org\\\/#organization\"},\"image\":{\"@id\":\"https:\\\/\\\/permakultur-landwirtschaft.org\\\/waldgaerten-nachhaltige-oasen-fuer-mensch-und-natur-beitrag-vom-16-november-2024\\\/#primaryimage\"},\"thumbnailUrl\":\"https:\\\/\\\/permakultur-landwirtschaft.org\\\/wp-content\\\/uploads\\\/2024\\\/11\\\/20241121_tierwelt_waldgarten_csm_shutterstock_2138882033_74ee5d220b.jpg\",\"keywords\":[\"Nachhaltig\",\"Oasen\",\"Permakultur\",\"TierWelt\",\"Waldg\u00e4rten\"],\"articleSection\":[\"Neuigkeit\"],\"inLanguage\":\"fr-FR\"},{\"@type\":\"WebPage\",\"@id\":\"https:\\\/\\\/permakultur-landwirtschaft.org\\\/waldgaerten-nachhaltige-oasen-fuer-mensch-und-natur-beitrag-vom-16-november-2024\\\/\",\"url\":\"https:\\\/\\\/permakultur-landwirtschaft.org\\\/waldgaerten-nachhaltige-oasen-fuer-mensch-und-natur-beitrag-vom-16-november-2024\\\/\",\"name\":\"Waldg\u00e4rten: Nachhaltige Oasen f\u00fcr Mensch und Natur - Beitrag vom 16. November 2024 - Permakultur-Landwirtschaft\",\"isPartOf\":{\"@id\":\"https:\\\/\\\/permakultur-landwirtschaft.org\\\/#website\"},\"primaryImageOfPage\":{\"@id\":\"https:\\\/\\\/permakultur-landwirtschaft.org\\\/waldgaerten-nachhaltige-oasen-fuer-mensch-und-natur-beitrag-vom-16-november-2024\\\/#primaryimage\"},\"image\":{\"@id\":\"https:\\\/\\\/permakultur-landwirtschaft.org\\\/waldgaerten-nachhaltige-oasen-fuer-mensch-und-natur-beitrag-vom-16-november-2024\\\/#primaryimage\"},\"thumbnailUrl\":\"https:\\\/\\\/permakultur-landwirtschaft.org\\\/wp-content\\\/uploads\\\/2024\\\/11\\\/20241121_tierwelt_waldgarten_csm_shutterstock_2138882033_74ee5d220b.jpg\",\"datePublished\":\"2024-11-16T10:12:34+00:00\",\"dateModified\":\"2025-11-13T13:55:38+00:00\",\"description\":\"Waldg\u00e4rten erfreuen sich immer gr\u00f6sserer Beliebtheit. Sie orientieren sich am Permakultur-Prinzip, das auf nat\u00fcrliche Prozesse setzt.\",\"breadcrumb\":{\"@id\":\"https:\\\/\\\/permakultur-landwirtschaft.org\\\/waldgaerten-nachhaltige-oasen-fuer-mensch-und-natur-beitrag-vom-16-november-2024\\\/#breadcrumb\"},\"inLanguage\":\"fr-FR\",\"potentialAction\":[{\"@type\":\"ReadAction\",\"target\":[\"https:\\\/\\\/permakultur-landwirtschaft.org\\\/waldgaerten-nachhaltige-oasen-fuer-mensch-und-natur-beitrag-vom-16-november-2024\\\/\"]}]},{\"@type\":\"ImageObject\",\"inLanguage\":\"fr-FR\",\"@id\":\"https:\\\/\\\/permakultur-landwirtschaft.org\\\/waldgaerten-nachhaltige-oasen-fuer-mensch-und-natur-beitrag-vom-16-november-2024\\\/#primaryimage\",\"url\":\"https:\\\/\\\/permakultur-landwirtschaft.org\\\/wp-content\\\/uploads\\\/2024\\\/11\\\/20241121_tierwelt_waldgarten_csm_shutterstock_2138882033_74ee5d220b.jpg\",\"contentUrl\":\"https:\\\/\\\/permakultur-landwirtschaft.org\\\/wp-content\\\/uploads\\\/2024\\\/11\\\/20241121_tierwelt_waldgarten_csm_shutterstock_2138882033_74ee5d220b.jpg\",\"width\":700,\"height\":438,\"caption\":\"Bild: CrizzyStudio\\\/Shutterstock\"},{\"@type\":\"BreadcrumbList\",\"@id\":\"https:\\\/\\\/permakultur-landwirtschaft.org\\\/waldgaerten-nachhaltige-oasen-fuer-mensch-und-natur-beitrag-vom-16-november-2024\\\/#breadcrumb\",\"itemListElement\":[{\"@type\":\"ListItem\",\"position\":1,\"name\":\"Startseite\",\"item\":\"https:\\\/\\\/permakultur-landwirtschaft.org\\\/\"},{\"@type\":\"ListItem\",\"position\":2,\"name\":\"Waldg\u00e4rten: Nachhaltige Oasen f\u00fcr Mensch und Natur &#8211; Beitrag vom 16. November 2024\"}]},{\"@type\":\"WebSite\",\"@id\":\"https:\\\/\\\/permakultur-landwirtschaft.org\\\/#website\",\"url\":\"https:\\\/\\\/permakultur-landwirtschaft.org\\\/\",\"name\":\"Permakultur-Landwirtschaft\",\"description\":\"F\u00f6rderung der Permakultur in der Landwirtschaft\",\"publisher\":{\"@id\":\"https:\\\/\\\/permakultur-landwirtschaft.org\\\/#organization\"},\"potentialAction\":[{\"@type\":\"SearchAction\",\"target\":{\"@type\":\"EntryPoint\",\"urlTemplate\":\"https:\\\/\\\/permakultur-landwirtschaft.org\\\/?s={search_term_string}\"},\"query-input\":{\"@type\":\"PropertyValueSpecification\",\"valueRequired\":true,\"valueName\":\"search_term_string\"}}],\"inLanguage\":\"fr-FR\"},{\"@type\":\"Organization\",\"@id\":\"https:\\\/\\\/permakultur-landwirtschaft.org\\\/#organization\",\"name\":\"Permakultur-Landwirtschaft\",\"alternateName\":\"Verein Permakultur-Landwirtschaft\",\"url\":\"https:\\\/\\\/permakultur-landwirtschaft.org\\\/\",\"logo\":{\"@type\":\"ImageObject\",\"inLanguage\":\"fr-FR\",\"@id\":\"https:\\\/\\\/permakultur-landwirtschaft.org\\\/#\\\/schema\\\/logo\\\/image\\\/\",\"url\":\"https:\\\/\\\/permakultur-landwirtschaft.org\\\/wp-content\\\/uploads\\\/2021\\\/11\\\/pela_1268x1269.png\",\"contentUrl\":\"https:\\\/\\\/permakultur-landwirtschaft.org\\\/wp-content\\\/uploads\\\/2021\\\/11\\\/pela_1268x1269.png\",\"width\":1298,\"height\":1269,\"caption\":\"Permakultur-Landwirtschaft\"},\"image\":{\"@id\":\"https:\\\/\\\/permakultur-landwirtschaft.org\\\/#\\\/schema\\\/logo\\\/image\\\/\"},\"sameAs\":[\"https:\\\/\\\/www.facebook.com\\\/PermakulturLandwirtschaft\",\"https:\\\/\\\/www.instagram.com\\\/permakultur_landwirtschaft\\\/\",\"https:\\\/\\\/www.flickr.com\\\/photos\\\/permakultur-landwirtschaft\",\"https:\\\/\\\/www.youtube.com\\\/@PermakulturLandwirtschaft\"]},{\"@type\":\"Person\",\"@id\":\"https:\\\/\\\/permakultur-landwirtschaft.org\\\/#\\\/schema\\\/person\\\/6b0467872f75aed3e144093f9bf4f0b0\",\"name\":\"adrian reutimann\",\"url\":\"https:\\\/\\\/permakultur-landwirtschaft.org\\\/fr\\\/author\\\/reutiadr\\\/\"}]}<\/script>\n<!-- \/ Yoast SEO plugin. -->","yoast_head_json":{"title":"Waldg\u00e4rten: Nachhaltige Oasen f\u00fcr Mensch und Natur - Beitrag vom 16. November 2024 - Permakultur-Landwirtschaft","description":"Waldg\u00e4rten erfreuen sich immer gr\u00f6sserer Beliebtheit. Sie orientieren sich am Permakultur-Prinzip, das auf nat\u00fcrliche Prozesse setzt.","robots":{"index":"index","follow":"follow","max-snippet":"max-snippet:-1","max-image-preview":"max-image-preview:large","max-video-preview":"max-video-preview:-1"},"canonical":"https:\/\/permakultur-landwirtschaft.org\/fr\/waldgaerten-nachhaltige-oasen-fuer-mensch-und-natur-beitrag-vom-16-november-2024\/","og_locale":"fr_FR","og_type":"article","og_title":"Waldg\u00e4rten: Nachhaltige Oasen f\u00fcr Mensch und Natur - Beitrag vom 16. November 2024 - Permakultur-Landwirtschaft","og_description":"Waldg\u00e4rten erfreuen sich immer gr\u00f6sserer Beliebtheit. Sie orientieren sich am Permakultur-Prinzip, das auf nat\u00fcrliche Prozesse setzt.","og_url":"https:\/\/permakultur-landwirtschaft.org\/fr\/waldgaerten-nachhaltige-oasen-fuer-mensch-und-natur-beitrag-vom-16-november-2024\/","og_site_name":"Permakultur-Landwirtschaft","article_publisher":"https:\/\/www.facebook.com\/PermakulturLandwirtschaft","article_published_time":"2024-11-16T10:12:34+00:00","article_modified_time":"2025-11-13T13:55:38+00:00","og_image":[{"width":700,"height":438,"url":"https:\/\/permakultur-landwirtschaft.org\/wp-content\/uploads\/2024\/11\/20241121_tierwelt_waldgarten_csm_shutterstock_2138882033_74ee5d220b.jpg","type":"image\/jpeg"}],"author":"adrian reutimann","twitter_card":"summary_large_image","twitter_misc":{"\u00c9crit par":"adrian reutimann","Dur\u00e9e de lecture estim\u00e9e":"1 minute"},"schema":{"@context":"https:\/\/schema.org","@graph":[{"@type":"Article","@id":"https:\/\/permakultur-landwirtschaft.org\/waldgaerten-nachhaltige-oasen-fuer-mensch-und-natur-beitrag-vom-16-november-2024\/#article","isPartOf":{"@id":"https:\/\/permakultur-landwirtschaft.org\/waldgaerten-nachhaltige-oasen-fuer-mensch-und-natur-beitrag-vom-16-november-2024\/"},"author":{"name":"adrian reutimann","@id":"https:\/\/permakultur-landwirtschaft.org\/#\/schema\/person\/6b0467872f75aed3e144093f9bf4f0b0"},"headline":"Waldg\u00e4rten: Nachhaltige Oasen f\u00fcr Mensch und Natur &#8211; Beitrag vom 16. November 2024","datePublished":"2024-11-16T10:12:34+00:00","dateModified":"2025-11-13T13:55:38+00:00","mainEntityOfPage":{"@id":"https:\/\/permakultur-landwirtschaft.org\/waldgaerten-nachhaltige-oasen-fuer-mensch-und-natur-beitrag-vom-16-november-2024\/"},"wordCount":158,"publisher":{"@id":"https:\/\/permakultur-landwirtschaft.org\/#organization"},"image":{"@id":"https:\/\/permakultur-landwirtschaft.org\/waldgaerten-nachhaltige-oasen-fuer-mensch-und-natur-beitrag-vom-16-november-2024\/#primaryimage"},"thumbnailUrl":"https:\/\/permakultur-landwirtschaft.org\/wp-content\/uploads\/2024\/11\/20241121_tierwelt_waldgarten_csm_shutterstock_2138882033_74ee5d220b.jpg","keywords":["Nachhaltig","Oasen","Permakultur","TierWelt","Waldg\u00e4rten"],"articleSection":["Neuigkeit"],"inLanguage":"fr-FR"},{"@type":"WebPage","@id":"https:\/\/permakultur-landwirtschaft.org\/waldgaerten-nachhaltige-oasen-fuer-mensch-und-natur-beitrag-vom-16-november-2024\/","url":"https:\/\/permakultur-landwirtschaft.org\/waldgaerten-nachhaltige-oasen-fuer-mensch-und-natur-beitrag-vom-16-november-2024\/","name":"Waldg\u00e4rten: Nachhaltige Oasen f\u00fcr Mensch und Natur - Beitrag vom 16. November 2024 - Permakultur-Landwirtschaft","isPartOf":{"@id":"https:\/\/permakultur-landwirtschaft.org\/#website"},"primaryImageOfPage":{"@id":"https:\/\/permakultur-landwirtschaft.org\/waldgaerten-nachhaltige-oasen-fuer-mensch-und-natur-beitrag-vom-16-november-2024\/#primaryimage"},"image":{"@id":"https:\/\/permakultur-landwirtschaft.org\/waldgaerten-nachhaltige-oasen-fuer-mensch-und-natur-beitrag-vom-16-november-2024\/#primaryimage"},"thumbnailUrl":"https:\/\/permakultur-landwirtschaft.org\/wp-content\/uploads\/2024\/11\/20241121_tierwelt_waldgarten_csm_shutterstock_2138882033_74ee5d220b.jpg","datePublished":"2024-11-16T10:12:34+00:00","dateModified":"2025-11-13T13:55:38+00:00","description":"Waldg\u00e4rten erfreuen sich immer gr\u00f6sserer Beliebtheit. Sie orientieren sich am Permakultur-Prinzip, das auf nat\u00fcrliche Prozesse setzt.","breadcrumb":{"@id":"https:\/\/permakultur-landwirtschaft.org\/waldgaerten-nachhaltige-oasen-fuer-mensch-und-natur-beitrag-vom-16-november-2024\/#breadcrumb"},"inLanguage":"fr-FR","potentialAction":[{"@type":"ReadAction","target":["https:\/\/permakultur-landwirtschaft.org\/waldgaerten-nachhaltige-oasen-fuer-mensch-und-natur-beitrag-vom-16-november-2024\/"]}]},{"@type":"ImageObject","inLanguage":"fr-FR","@id":"https:\/\/permakultur-landwirtschaft.org\/waldgaerten-nachhaltige-oasen-fuer-mensch-und-natur-beitrag-vom-16-november-2024\/#primaryimage","url":"https:\/\/permakultur-landwirtschaft.org\/wp-content\/uploads\/2024\/11\/20241121_tierwelt_waldgarten_csm_shutterstock_2138882033_74ee5d220b.jpg","contentUrl":"https:\/\/permakultur-landwirtschaft.org\/wp-content\/uploads\/2024\/11\/20241121_tierwelt_waldgarten_csm_shutterstock_2138882033_74ee5d220b.jpg","width":700,"height":438,"caption":"Bild: CrizzyStudio\/Shutterstock"},{"@type":"BreadcrumbList","@id":"https:\/\/permakultur-landwirtschaft.org\/waldgaerten-nachhaltige-oasen-fuer-mensch-und-natur-beitrag-vom-16-november-2024\/#breadcrumb","itemListElement":[{"@type":"ListItem","position":1,"name":"Startseite","item":"https:\/\/permakultur-landwirtschaft.org\/"},{"@type":"ListItem","position":2,"name":"Waldg\u00e4rten: Nachhaltige Oasen f\u00fcr Mensch und Natur &#8211; Beitrag vom 16. November 2024"}]},{"@type":"WebSite","@id":"https:\/\/permakultur-landwirtschaft.org\/#website","url":"https:\/\/permakultur-landwirtschaft.org\/","name":"Permakultur-Landwirtschaft","description":"F\u00f6rderung der Permakultur in der Landwirtschaft","publisher":{"@id":"https:\/\/permakultur-landwirtschaft.org\/#organization"},"potentialAction":[{"@type":"SearchAction","target":{"@type":"EntryPoint","urlTemplate":"https:\/\/permakultur-landwirtschaft.org\/?s={search_term_string}"},"query-input":{"@type":"PropertyValueSpecification","valueRequired":true,"valueName":"search_term_string"}}],"inLanguage":"fr-FR"},{"@type":"Organization","@id":"https:\/\/permakultur-landwirtschaft.org\/#organization","name":"Permakultur-Landwirtschaft","alternateName":"Verein Permakultur-Landwirtschaft","url":"https:\/\/permakultur-landwirtschaft.org\/","logo":{"@type":"ImageObject","inLanguage":"fr-FR","@id":"https:\/\/permakultur-landwirtschaft.org\/#\/schema\/logo\/image\/","url":"https:\/\/permakultur-landwirtschaft.org\/wp-content\/uploads\/2021\/11\/pela_1268x1269.png","contentUrl":"https:\/\/permakultur-landwirtschaft.org\/wp-content\/uploads\/2021\/11\/pela_1268x1269.png","width":1298,"height":1269,"caption":"Permakultur-Landwirtschaft"},"image":{"@id":"https:\/\/permakultur-landwirtschaft.org\/#\/schema\/logo\/image\/"},"sameAs":["https:\/\/www.facebook.com\/PermakulturLandwirtschaft","https:\/\/www.instagram.com\/permakultur_landwirtschaft\/","https:\/\/www.flickr.com\/photos\/permakultur-landwirtschaft","https:\/\/www.youtube.com\/@PermakulturLandwirtschaft"]},{"@type":"Person","@id":"https:\/\/permakultur-landwirtschaft.org\/#\/schema\/person\/6b0467872f75aed3e144093f9bf4f0b0","name":"adrian reutimann","url":"https:\/\/permakultur-landwirtschaft.org\/fr\/author\/reutiadr\/"}]}},"_links":{"self":[{"href":"https:\/\/permakultur-landwirtschaft.org\/fr\/wp-json\/wp\/v2\/posts\/35391","targetHints":{"allow":["GET"]}}],"collection":[{"href":"https:\/\/permakultur-landwirtschaft.org\/fr\/wp-json\/wp\/v2\/posts"}],"about":[{"href":"https:\/\/permakultur-landwirtschaft.org\/fr\/wp-json\/wp\/v2\/types\/post"}],"author":[{"embeddable":true,"href":"https:\/\/permakultur-landwirtschaft.org\/fr\/wp-json\/wp\/v2\/users\/2"}],"replies":[{"embeddable":true,"href":"https:\/\/permakultur-landwirtschaft.org\/fr\/wp-json\/wp\/v2\/comments?post=35391"}],"version-history":[{"count":2,"href":"https:\/\/permakultur-landwirtschaft.org\/fr\/wp-json\/wp\/v2\/posts\/35391\/revisions"}],"predecessor-version":[{"id":37371,"href":"https:\/\/permakultur-landwirtschaft.org\/fr\/wp-json\/wp\/v2\/posts\/35391\/revisions\/37371"}],"wp:featuredmedia":[{"embeddable":true,"href":"https:\/\/permakultur-landwirtschaft.org\/fr\/wp-json\/wp\/v2\/media\/35392"}],"wp:attachment":[{"href":"https:\/\/permakultur-landwirtschaft.org\/fr\/wp-json\/wp\/v2\/media?parent=35391"}],"wp:term":[{"taxonomy":"category","embeddable":true,"href":"https:\/\/permakultur-landwirtschaft.org\/fr\/wp-json\/wp\/v2\/categories?post=35391"},{"taxonomy":"post_tag","embeddable":true,"href":"https:\/\/permakultur-landwirtschaft.org\/fr\/wp-json\/wp\/v2\/tags?post=35391"}],"curies":[{"name":"wp","href":"https:\/\/api.w.org\/{rel}","templated":true}]}}