{"id":35388,"date":"2024-11-18T11:02:36","date_gmt":"2024-11-18T10:02:36","guid":{"rendered":"https:\/\/permakultur-landwirtschaft.org\/?p=35388"},"modified":"2024-11-21T11:07:07","modified_gmt":"2024-11-21T10:07:07","slug":"permakultur-gaertnern-im-einklang-mit-der-natur-beitrag-vom-18-november-2024","status":"publish","type":"post","link":"https:\/\/permakultur-landwirtschaft.org\/fr\/permakultur-gaertnern-im-einklang-mit-der-natur-beitrag-vom-18-november-2024\/","title":{"rendered":"Permakultur: G\u00e4rtnern im Einklang mit der Natur &#8211; Beitrag vom 18. November 2024"},"content":{"rendered":"<p>Text von ndr.de:<\/p>\n\n\n\n<p>Den Begriff Permakultur haben die meisten bestimmt schon einmal geh\u00f6rt. Was bedeutet es aber, nach den Prinzipien der Permakultur im Garten zu arbeiten? Vereinfacht gesagt wird dabei versucht, Abl\u00e4ufe in der Natur zu beobachten und im Garten oder in der Landwirtschaft nachzuahmen. Genau das haben in den 70er-Jahren des vergangenen Jahrhunderts die Permakultur-Pioniere B. Mollison und D. Holmgren in Australien gemacht. Sie haben \u00fcber einen l\u00e4ngeren Zeitraum beobachtet, wie achtsam und nachhaltig die australischen Ureinwohner mit der sie umgebenden Natur umgegangen sind.<\/p>\n\n\n\n<p>F\u00fcnf Grundideen sind f\u00fcr die Permakultur pr\u00e4gend:<\/p>\n\n\n\n<ol class=\"wp-block-list\">\n<li>\u00dcberfl\u00fcssigen Konsumg\u00fctern widerstehen<\/li>\n\n\n\n<li>Energie, Material und M\u00fcll reduzieren<\/li>\n\n\n\n<li>Dinge nicht nur einmal gebrauchen<\/li>\n\n\n\n<li>Gegenst\u00e4nde reparieren<\/li>\n\n\n\n<li>Scheinbar wertlos gewordenen Dingen neuen Wert und eine andere Funktion verleihen (Upcycling)<\/li>\n<\/ol>\n\n\n\n<p>Der Einstieg in die Permakultur ist gar nicht so schwer. Man kann zum Beispiel damit beginnen, dass die Beete nicht mehr umgegraben werden. Dadurch soll die \u00fcber Jahre gewachsene Bodenstruktur erhalten bleiben. In jeder Schicht leben bestimmte Mikroorganismen und Kleinstlebewesen, die dort genau ihren Platz haben. Beim Umgraben ger\u00e4t diese Ordnung durcheinander. In der Permakultur werden die B\u00f6den nur bel\u00fcftet. Das kann mit einer Grabegabel geschehen, die in den Boden getrieben und dann ein wenig hin und her bewegt wird. Permakultur-Profis benutzen dazu eine Grelinette, das ist eine Doppel-Grabegabel. Kunstd\u00fcnger wird in der Permakultur nat\u00fcrlich nicht eingesetzt, stattdessen bekommen die Beete die notwendigen N\u00e4hrstoffe durch selbst erzeugten Kompost. Wichtig ist auch, dass die B\u00f6den st\u00e4ndig gemulcht werden und dadurch bedeckt sind. Wasser wird so besser in den B\u00f6den gehalten. Auch der Gedanke der Mehrfachnutzung ist f\u00fcr die Permakultur zentral: Wenn eine Hecke angelegt wird, dann k\u00f6nnte es auch gut eine Hecke aus Beerenstr\u00e4uchern sein. So eine Hecke h\u00e4lt den Wind ab, liefert Nahrung f\u00fcr Menschen und Tiere und die Tiere fressen zus\u00e4tzlich im Idealfall auch noch Sch\u00e4dlinge.<\/p>\n\n\n\n<p><a href=\"https:\/\/www.ndr.de\/ndr1niedersachsen\/Permakultur-Gaertnern-im-Einklang-mit-der-Natur,audio1754540.html\" target=\"_blank\" rel=\"noreferrer noopener\">Link zum Beitrag<\/a><\/p>","protected":false},"excerpt":{"rendered":"<p>Text von ndr.de: Den Begriff Permakultur haben die meisten bestimmt schon einmal geh\u00f6rt. Was bedeutet es aber, nach den Prinzipien der Permakultur im Garten zu arbeiten? Vereinfacht gesagt wird dabei versucht, Abl\u00e4ufe in der Natur zu beobachten und im Garten oder in der Landwirtschaft nachzuahmen. Genau das haben in den 70er-Jahren des vergangenen Jahrhunderts die [&hellip;]<\/p>\n","protected":false},"author":2,"featured_media":35389,"comment_status":"closed","ping_status":"closed","sticky":false,"template":"","format":"standard","meta":{"_acf_changed":false,"site-sidebar-layout":"default","site-content-layout":"","ast-site-content-layout":"default","site-content-style":"default","site-sidebar-style":"default","ast-global-header-display":"","ast-banner-title-visibility":"","ast-main-header-display":"","ast-hfb-above-header-display":"","ast-hfb-below-header-display":"","ast-hfb-mobile-header-display":"","site-post-title":"","ast-breadcrumbs-content":"","ast-featured-img":"","footer-sml-layout":"","ast-disable-related-posts":"","theme-transparent-header-meta":"","adv-header-id-meta":"","stick-header-meta":"","header-above-stick-meta":"","header-main-stick-meta":"","header-below-stick-meta":"","astra-migrate-meta-layouts":"set","ast-page-background-enabled":"default","ast-page-background-meta":{"desktop":{"background-color":"var(--ast-global-color-4)","background-image":"","background-repeat":"repeat","background-position":"center center","background-size":"auto","background-attachment":"scroll","background-type":"","background-media":"","overlay-type":"","overlay-color":"","overlay-opacity":"","overlay-gradient":""},"tablet":{"background-color":"","background-image":"","background-repeat":"repeat","background-position":"center center","background-size":"auto","background-attachment":"scroll","background-type":"","background-media":"","overlay-type":"","overlay-color":"","overlay-opacity":"","overlay-gradient":""},"mobile":{"background-color":"","background-image":"","background-repeat":"repeat","background-position":"center center","background-size":"auto","background-attachment":"scroll","background-type":"","background-media":"","overlay-type":"","overlay-color":"","overlay-opacity":"","overlay-gradient":""}},"ast-content-background-meta":{"desktop":{"background-color":"var(--ast-global-color-5)","background-image":"","background-repeat":"repeat","background-position":"center center","background-size":"auto","background-attachment":"scroll","background-type":"","background-media":"","overlay-type":"","overlay-color":"","overlay-opacity":"","overlay-gradient":""},"tablet":{"background-color":"var(--ast-global-color-5)","background-image":"","background-repeat":"repeat","background-position":"center center","background-size":"auto","background-attachment":"scroll","background-type":"","background-media":"","overlay-type":"","overlay-color":"","overlay-opacity":"","overlay-gradient":""},"mobile":{"background-color":"var(--ast-global-color-5)","background-image":"","background-repeat":"repeat","background-position":"center center","background-size":"auto","background-attachment":"scroll","background-type":"","background-media":"","overlay-type":"","overlay-color":"","overlay-opacity":"","overlay-gradient":""}},"footnotes":""},"categories":[49,22],"tags":[500,367,499],"class_list":["post-35388","post","type-post","status-publish","format-standard","has-post-thumbnail","hentry","category-audio","category-neuigkeit","tag-einklang-mit-der-natur","tag-ndr","tag-permakultur-gaertnern"],"acf":[],"yoast_head":"<!-- This site is optimized with the Yoast SEO plugin v27.5 - https:\/\/yoast.com\/product\/yoast-seo-wordpress\/ -->\n<title>Permakultur: G\u00e4rtnern im Einklang mit der Natur - Beitrag vom 18. November 2024 - Permakultur-Landwirtschaft<\/title>\n<meta name=\"description\" content=\"Permakultur - G\u00e4rtnern im Einklang mit der Natur. Audio Beitrag auf NDR1. Der Einstieg in die Permakultur ist gar nicht so schwer.\" \/>\n<meta name=\"robots\" content=\"index, follow, max-snippet:-1, max-image-preview:large, max-video-preview:-1\" \/>\n<link rel=\"canonical\" href=\"https:\/\/permakultur-landwirtschaft.org\/fr\/permakultur-gaertnern-im-einklang-mit-der-natur-beitrag-vom-18-november-2024\/\" \/>\n<meta property=\"og:locale\" content=\"fr_FR\" \/>\n<meta property=\"og:type\" content=\"article\" \/>\n<meta property=\"og:title\" content=\"Permakultur: G\u00e4rtnern im Einklang mit der Natur - Beitrag vom 18. November 2024 - Permakultur-Landwirtschaft\" \/>\n<meta property=\"og:description\" content=\"Permakultur - G\u00e4rtnern im Einklang mit der Natur. Audio Beitrag auf NDR1. Der Einstieg in die Permakultur ist gar nicht so schwer.\" \/>\n<meta property=\"og:url\" content=\"https:\/\/permakultur-landwirtschaft.org\/fr\/permakultur-gaertnern-im-einklang-mit-der-natur-beitrag-vom-18-november-2024\/\" \/>\n<meta property=\"og:site_name\" content=\"Permakultur-Landwirtschaft\" \/>\n<meta property=\"article:publisher\" content=\"https:\/\/www.facebook.com\/PermakulturLandwirtschaft\" \/>\n<meta property=\"article:published_time\" content=\"2024-11-18T10:02:36+00:00\" \/>\n<meta property=\"article:modified_time\" content=\"2024-11-21T10:07:07+00:00\" \/>\n<meta property=\"og:image\" content=\"https:\/\/permakultur-landwirtschaft.org\/wp-content\/uploads\/2024\/11\/20241118_NDR_Permakultur-Gaertnern-im-Einklang-mit-der-Natur_podcast5498_v-podcast.jpg\" \/>\n\t<meta property=\"og:image:width\" content=\"300\" \/>\n\t<meta property=\"og:image:height\" content=\"300\" \/>\n\t<meta property=\"og:image:type\" content=\"image\/jpeg\" \/>\n<meta name=\"author\" content=\"adrian reutimann\" \/>\n<meta name=\"twitter:card\" content=\"summary_large_image\" \/>\n<meta name=\"twitter:label1\" content=\"\u00c9crit par\" \/>\n\t<meta name=\"twitter:data1\" content=\"adrian reutimann\" \/>\n\t<meta name=\"twitter:label2\" content=\"Dur\u00e9e de lecture estim\u00e9e\" \/>\n\t<meta name=\"twitter:data2\" content=\"2 minutes\" \/>\n<script type=\"application\/ld+json\" class=\"yoast-schema-graph\">{\"@context\":\"https:\\\/\\\/schema.org\",\"@graph\":[{\"@type\":\"Article\",\"@id\":\"https:\\\/\\\/permakultur-landwirtschaft.org\\\/permakultur-gaertnern-im-einklang-mit-der-natur-beitrag-vom-18-november-2024\\\/#article\",\"isPartOf\":{\"@id\":\"https:\\\/\\\/permakultur-landwirtschaft.org\\\/permakultur-gaertnern-im-einklang-mit-der-natur-beitrag-vom-18-november-2024\\\/\"},\"author\":{\"name\":\"adrian reutimann\",\"@id\":\"https:\\\/\\\/permakultur-landwirtschaft.org\\\/#\\\/schema\\\/person\\\/6b0467872f75aed3e144093f9bf4f0b0\"},\"headline\":\"Permakultur: G\u00e4rtnern im Einklang mit der Natur &#8211; Beitrag vom 18. November 2024\",\"datePublished\":\"2024-11-18T10:02:36+00:00\",\"dateModified\":\"2024-11-21T10:07:07+00:00\",\"mainEntityOfPage\":{\"@id\":\"https:\\\/\\\/permakultur-landwirtschaft.org\\\/permakultur-gaertnern-im-einklang-mit-der-natur-beitrag-vom-18-november-2024\\\/\"},\"wordCount\":338,\"publisher\":{\"@id\":\"https:\\\/\\\/permakultur-landwirtschaft.org\\\/#organization\"},\"image\":{\"@id\":\"https:\\\/\\\/permakultur-landwirtschaft.org\\\/permakultur-gaertnern-im-einklang-mit-der-natur-beitrag-vom-18-november-2024\\\/#primaryimage\"},\"thumbnailUrl\":\"https:\\\/\\\/permakultur-landwirtschaft.org\\\/wp-content\\\/uploads\\\/2024\\\/11\\\/20241118_NDR_Permakultur-Gaertnern-im-Einklang-mit-der-Natur_podcast5498_v-podcast.jpg\",\"keywords\":[\"Einklang mit der Natur\",\"NDR\",\"Permakultur Gaertnern\"],\"articleSection\":[\"Audio\",\"Neuigkeit\"],\"inLanguage\":\"fr-FR\"},{\"@type\":\"WebPage\",\"@id\":\"https:\\\/\\\/permakultur-landwirtschaft.org\\\/permakultur-gaertnern-im-einklang-mit-der-natur-beitrag-vom-18-november-2024\\\/\",\"url\":\"https:\\\/\\\/permakultur-landwirtschaft.org\\\/permakultur-gaertnern-im-einklang-mit-der-natur-beitrag-vom-18-november-2024\\\/\",\"name\":\"Permakultur: G\u00e4rtnern im Einklang mit der Natur - Beitrag vom 18. November 2024 - Permakultur-Landwirtschaft\",\"isPartOf\":{\"@id\":\"https:\\\/\\\/permakultur-landwirtschaft.org\\\/#website\"},\"primaryImageOfPage\":{\"@id\":\"https:\\\/\\\/permakultur-landwirtschaft.org\\\/permakultur-gaertnern-im-einklang-mit-der-natur-beitrag-vom-18-november-2024\\\/#primaryimage\"},\"image\":{\"@id\":\"https:\\\/\\\/permakultur-landwirtschaft.org\\\/permakultur-gaertnern-im-einklang-mit-der-natur-beitrag-vom-18-november-2024\\\/#primaryimage\"},\"thumbnailUrl\":\"https:\\\/\\\/permakultur-landwirtschaft.org\\\/wp-content\\\/uploads\\\/2024\\\/11\\\/20241118_NDR_Permakultur-Gaertnern-im-Einklang-mit-der-Natur_podcast5498_v-podcast.jpg\",\"datePublished\":\"2024-11-18T10:02:36+00:00\",\"dateModified\":\"2024-11-21T10:07:07+00:00\",\"description\":\"Permakultur - G\u00e4rtnern im Einklang mit der Natur. Audio Beitrag auf NDR1. Der Einstieg in die Permakultur ist gar nicht so schwer.\",\"breadcrumb\":{\"@id\":\"https:\\\/\\\/permakultur-landwirtschaft.org\\\/permakultur-gaertnern-im-einklang-mit-der-natur-beitrag-vom-18-november-2024\\\/#breadcrumb\"},\"inLanguage\":\"fr-FR\",\"potentialAction\":[{\"@type\":\"ReadAction\",\"target\":[\"https:\\\/\\\/permakultur-landwirtschaft.org\\\/permakultur-gaertnern-im-einklang-mit-der-natur-beitrag-vom-18-november-2024\\\/\"]}]},{\"@type\":\"ImageObject\",\"inLanguage\":\"fr-FR\",\"@id\":\"https:\\\/\\\/permakultur-landwirtschaft.org\\\/permakultur-gaertnern-im-einklang-mit-der-natur-beitrag-vom-18-november-2024\\\/#primaryimage\",\"url\":\"https:\\\/\\\/permakultur-landwirtschaft.org\\\/wp-content\\\/uploads\\\/2024\\\/11\\\/20241118_NDR_Permakultur-Gaertnern-im-Einklang-mit-der-Natur_podcast5498_v-podcast.jpg\",\"contentUrl\":\"https:\\\/\\\/permakultur-landwirtschaft.org\\\/wp-content\\\/uploads\\\/2024\\\/11\\\/20241118_NDR_Permakultur-Gaertnern-im-Einklang-mit-der-Natur_podcast5498_v-podcast.jpg\",\"width\":300,\"height\":300,\"caption\":\"Bild: ndr.de\"},{\"@type\":\"BreadcrumbList\",\"@id\":\"https:\\\/\\\/permakultur-landwirtschaft.org\\\/permakultur-gaertnern-im-einklang-mit-der-natur-beitrag-vom-18-november-2024\\\/#breadcrumb\",\"itemListElement\":[{\"@type\":\"ListItem\",\"position\":1,\"name\":\"Startseite\",\"item\":\"https:\\\/\\\/permakultur-landwirtschaft.org\\\/\"},{\"@type\":\"ListItem\",\"position\":2,\"name\":\"Permakultur: G\u00e4rtnern im Einklang mit der Natur &#8211; Beitrag vom 18. November 2024\"}]},{\"@type\":\"WebSite\",\"@id\":\"https:\\\/\\\/permakultur-landwirtschaft.org\\\/#website\",\"url\":\"https:\\\/\\\/permakultur-landwirtschaft.org\\\/\",\"name\":\"Permakultur-Landwirtschaft\",\"description\":\"F\u00f6rderung der Permakultur in der Landwirtschaft\",\"publisher\":{\"@id\":\"https:\\\/\\\/permakultur-landwirtschaft.org\\\/#organization\"},\"potentialAction\":[{\"@type\":\"SearchAction\",\"target\":{\"@type\":\"EntryPoint\",\"urlTemplate\":\"https:\\\/\\\/permakultur-landwirtschaft.org\\\/?s={search_term_string}\"},\"query-input\":{\"@type\":\"PropertyValueSpecification\",\"valueRequired\":true,\"valueName\":\"search_term_string\"}}],\"inLanguage\":\"fr-FR\"},{\"@type\":\"Organization\",\"@id\":\"https:\\\/\\\/permakultur-landwirtschaft.org\\\/#organization\",\"name\":\"Permakultur-Landwirtschaft\",\"alternateName\":\"Verein Permakultur-Landwirtschaft\",\"url\":\"https:\\\/\\\/permakultur-landwirtschaft.org\\\/\",\"logo\":{\"@type\":\"ImageObject\",\"inLanguage\":\"fr-FR\",\"@id\":\"https:\\\/\\\/permakultur-landwirtschaft.org\\\/#\\\/schema\\\/logo\\\/image\\\/\",\"url\":\"https:\\\/\\\/permakultur-landwirtschaft.org\\\/wp-content\\\/uploads\\\/2021\\\/11\\\/pela_1268x1269.png\",\"contentUrl\":\"https:\\\/\\\/permakultur-landwirtschaft.org\\\/wp-content\\\/uploads\\\/2021\\\/11\\\/pela_1268x1269.png\",\"width\":1298,\"height\":1269,\"caption\":\"Permakultur-Landwirtschaft\"},\"image\":{\"@id\":\"https:\\\/\\\/permakultur-landwirtschaft.org\\\/#\\\/schema\\\/logo\\\/image\\\/\"},\"sameAs\":[\"https:\\\/\\\/www.facebook.com\\\/PermakulturLandwirtschaft\",\"https:\\\/\\\/www.instagram.com\\\/permakultur_landwirtschaft\\\/\",\"https:\\\/\\\/www.flickr.com\\\/photos\\\/permakultur-landwirtschaft\",\"https:\\\/\\\/www.youtube.com\\\/@PermakulturLandwirtschaft\"]},{\"@type\":\"Person\",\"@id\":\"https:\\\/\\\/permakultur-landwirtschaft.org\\\/#\\\/schema\\\/person\\\/6b0467872f75aed3e144093f9bf4f0b0\",\"name\":\"adrian reutimann\",\"url\":\"https:\\\/\\\/permakultur-landwirtschaft.org\\\/fr\\\/author\\\/reutiadr\\\/\"}]}<\/script>\n<!-- \/ Yoast SEO plugin. -->","yoast_head_json":{"title":"Permakultur: G\u00e4rtnern im Einklang mit der Natur - Beitrag vom 18. November 2024 - Permakultur-Landwirtschaft","description":"Permakultur - G\u00e4rtnern im Einklang mit der Natur. Audio Beitrag auf NDR1. Der Einstieg in die Permakultur ist gar nicht so schwer.","robots":{"index":"index","follow":"follow","max-snippet":"max-snippet:-1","max-image-preview":"max-image-preview:large","max-video-preview":"max-video-preview:-1"},"canonical":"https:\/\/permakultur-landwirtschaft.org\/fr\/permakultur-gaertnern-im-einklang-mit-der-natur-beitrag-vom-18-november-2024\/","og_locale":"fr_FR","og_type":"article","og_title":"Permakultur: G\u00e4rtnern im Einklang mit der Natur - Beitrag vom 18. November 2024 - Permakultur-Landwirtschaft","og_description":"Permakultur - G\u00e4rtnern im Einklang mit der Natur. Audio Beitrag auf NDR1. Der Einstieg in die Permakultur ist gar nicht so schwer.","og_url":"https:\/\/permakultur-landwirtschaft.org\/fr\/permakultur-gaertnern-im-einklang-mit-der-natur-beitrag-vom-18-november-2024\/","og_site_name":"Permakultur-Landwirtschaft","article_publisher":"https:\/\/www.facebook.com\/PermakulturLandwirtschaft","article_published_time":"2024-11-18T10:02:36+00:00","article_modified_time":"2024-11-21T10:07:07+00:00","og_image":[{"width":300,"height":300,"url":"https:\/\/permakultur-landwirtschaft.org\/wp-content\/uploads\/2024\/11\/20241118_NDR_Permakultur-Gaertnern-im-Einklang-mit-der-Natur_podcast5498_v-podcast.jpg","type":"image\/jpeg"}],"author":"adrian reutimann","twitter_card":"summary_large_image","twitter_misc":{"\u00c9crit par":"adrian reutimann","Dur\u00e9e de lecture estim\u00e9e":"2 minutes"},"schema":{"@context":"https:\/\/schema.org","@graph":[{"@type":"Article","@id":"https:\/\/permakultur-landwirtschaft.org\/permakultur-gaertnern-im-einklang-mit-der-natur-beitrag-vom-18-november-2024\/#article","isPartOf":{"@id":"https:\/\/permakultur-landwirtschaft.org\/permakultur-gaertnern-im-einklang-mit-der-natur-beitrag-vom-18-november-2024\/"},"author":{"name":"adrian reutimann","@id":"https:\/\/permakultur-landwirtschaft.org\/#\/schema\/person\/6b0467872f75aed3e144093f9bf4f0b0"},"headline":"Permakultur: G\u00e4rtnern im Einklang mit der Natur &#8211; Beitrag vom 18. November 2024","datePublished":"2024-11-18T10:02:36+00:00","dateModified":"2024-11-21T10:07:07+00:00","mainEntityOfPage":{"@id":"https:\/\/permakultur-landwirtschaft.org\/permakultur-gaertnern-im-einklang-mit-der-natur-beitrag-vom-18-november-2024\/"},"wordCount":338,"publisher":{"@id":"https:\/\/permakultur-landwirtschaft.org\/#organization"},"image":{"@id":"https:\/\/permakultur-landwirtschaft.org\/permakultur-gaertnern-im-einklang-mit-der-natur-beitrag-vom-18-november-2024\/#primaryimage"},"thumbnailUrl":"https:\/\/permakultur-landwirtschaft.org\/wp-content\/uploads\/2024\/11\/20241118_NDR_Permakultur-Gaertnern-im-Einklang-mit-der-Natur_podcast5498_v-podcast.jpg","keywords":["Einklang mit der Natur","NDR","Permakultur Gaertnern"],"articleSection":["Audio","Neuigkeit"],"inLanguage":"fr-FR"},{"@type":"WebPage","@id":"https:\/\/permakultur-landwirtschaft.org\/permakultur-gaertnern-im-einklang-mit-der-natur-beitrag-vom-18-november-2024\/","url":"https:\/\/permakultur-landwirtschaft.org\/permakultur-gaertnern-im-einklang-mit-der-natur-beitrag-vom-18-november-2024\/","name":"Permakultur: G\u00e4rtnern im Einklang mit der Natur - Beitrag vom 18. November 2024 - Permakultur-Landwirtschaft","isPartOf":{"@id":"https:\/\/permakultur-landwirtschaft.org\/#website"},"primaryImageOfPage":{"@id":"https:\/\/permakultur-landwirtschaft.org\/permakultur-gaertnern-im-einklang-mit-der-natur-beitrag-vom-18-november-2024\/#primaryimage"},"image":{"@id":"https:\/\/permakultur-landwirtschaft.org\/permakultur-gaertnern-im-einklang-mit-der-natur-beitrag-vom-18-november-2024\/#primaryimage"},"thumbnailUrl":"https:\/\/permakultur-landwirtschaft.org\/wp-content\/uploads\/2024\/11\/20241118_NDR_Permakultur-Gaertnern-im-Einklang-mit-der-Natur_podcast5498_v-podcast.jpg","datePublished":"2024-11-18T10:02:36+00:00","dateModified":"2024-11-21T10:07:07+00:00","description":"Permakultur - G\u00e4rtnern im Einklang mit der Natur. Audio Beitrag auf NDR1. Der Einstieg in die Permakultur ist gar nicht so schwer.","breadcrumb":{"@id":"https:\/\/permakultur-landwirtschaft.org\/permakultur-gaertnern-im-einklang-mit-der-natur-beitrag-vom-18-november-2024\/#breadcrumb"},"inLanguage":"fr-FR","potentialAction":[{"@type":"ReadAction","target":["https:\/\/permakultur-landwirtschaft.org\/permakultur-gaertnern-im-einklang-mit-der-natur-beitrag-vom-18-november-2024\/"]}]},{"@type":"ImageObject","inLanguage":"fr-FR","@id":"https:\/\/permakultur-landwirtschaft.org\/permakultur-gaertnern-im-einklang-mit-der-natur-beitrag-vom-18-november-2024\/#primaryimage","url":"https:\/\/permakultur-landwirtschaft.org\/wp-content\/uploads\/2024\/11\/20241118_NDR_Permakultur-Gaertnern-im-Einklang-mit-der-Natur_podcast5498_v-podcast.jpg","contentUrl":"https:\/\/permakultur-landwirtschaft.org\/wp-content\/uploads\/2024\/11\/20241118_NDR_Permakultur-Gaertnern-im-Einklang-mit-der-Natur_podcast5498_v-podcast.jpg","width":300,"height":300,"caption":"Bild: ndr.de"},{"@type":"BreadcrumbList","@id":"https:\/\/permakultur-landwirtschaft.org\/permakultur-gaertnern-im-einklang-mit-der-natur-beitrag-vom-18-november-2024\/#breadcrumb","itemListElement":[{"@type":"ListItem","position":1,"name":"Startseite","item":"https:\/\/permakultur-landwirtschaft.org\/"},{"@type":"ListItem","position":2,"name":"Permakultur: G\u00e4rtnern im Einklang mit der Natur &#8211; Beitrag vom 18. November 2024"}]},{"@type":"WebSite","@id":"https:\/\/permakultur-landwirtschaft.org\/#website","url":"https:\/\/permakultur-landwirtschaft.org\/","name":"Permakultur-Landwirtschaft","description":"F\u00f6rderung der Permakultur in der Landwirtschaft","publisher":{"@id":"https:\/\/permakultur-landwirtschaft.org\/#organization"},"potentialAction":[{"@type":"SearchAction","target":{"@type":"EntryPoint","urlTemplate":"https:\/\/permakultur-landwirtschaft.org\/?s={search_term_string}"},"query-input":{"@type":"PropertyValueSpecification","valueRequired":true,"valueName":"search_term_string"}}],"inLanguage":"fr-FR"},{"@type":"Organization","@id":"https:\/\/permakultur-landwirtschaft.org\/#organization","name":"Permakultur-Landwirtschaft","alternateName":"Verein Permakultur-Landwirtschaft","url":"https:\/\/permakultur-landwirtschaft.org\/","logo":{"@type":"ImageObject","inLanguage":"fr-FR","@id":"https:\/\/permakultur-landwirtschaft.org\/#\/schema\/logo\/image\/","url":"https:\/\/permakultur-landwirtschaft.org\/wp-content\/uploads\/2021\/11\/pela_1268x1269.png","contentUrl":"https:\/\/permakultur-landwirtschaft.org\/wp-content\/uploads\/2021\/11\/pela_1268x1269.png","width":1298,"height":1269,"caption":"Permakultur-Landwirtschaft"},"image":{"@id":"https:\/\/permakultur-landwirtschaft.org\/#\/schema\/logo\/image\/"},"sameAs":["https:\/\/www.facebook.com\/PermakulturLandwirtschaft","https:\/\/www.instagram.com\/permakultur_landwirtschaft\/","https:\/\/www.flickr.com\/photos\/permakultur-landwirtschaft","https:\/\/www.youtube.com\/@PermakulturLandwirtschaft"]},{"@type":"Person","@id":"https:\/\/permakultur-landwirtschaft.org\/#\/schema\/person\/6b0467872f75aed3e144093f9bf4f0b0","name":"adrian reutimann","url":"https:\/\/permakultur-landwirtschaft.org\/fr\/author\/reutiadr\/"}]}},"_links":{"self":[{"href":"https:\/\/permakultur-landwirtschaft.org\/fr\/wp-json\/wp\/v2\/posts\/35388","targetHints":{"allow":["GET"]}}],"collection":[{"href":"https:\/\/permakultur-landwirtschaft.org\/fr\/wp-json\/wp\/v2\/posts"}],"about":[{"href":"https:\/\/permakultur-landwirtschaft.org\/fr\/wp-json\/wp\/v2\/types\/post"}],"author":[{"embeddable":true,"href":"https:\/\/permakultur-landwirtschaft.org\/fr\/wp-json\/wp\/v2\/users\/2"}],"replies":[{"embeddable":true,"href":"https:\/\/permakultur-landwirtschaft.org\/fr\/wp-json\/wp\/v2\/comments?post=35388"}],"version-history":[{"count":1,"href":"https:\/\/permakultur-landwirtschaft.org\/fr\/wp-json\/wp\/v2\/posts\/35388\/revisions"}],"predecessor-version":[{"id":35390,"href":"https:\/\/permakultur-landwirtschaft.org\/fr\/wp-json\/wp\/v2\/posts\/35388\/revisions\/35390"}],"wp:featuredmedia":[{"embeddable":true,"href":"https:\/\/permakultur-landwirtschaft.org\/fr\/wp-json\/wp\/v2\/media\/35389"}],"wp:attachment":[{"href":"https:\/\/permakultur-landwirtschaft.org\/fr\/wp-json\/wp\/v2\/media?parent=35388"}],"wp:term":[{"taxonomy":"category","embeddable":true,"href":"https:\/\/permakultur-landwirtschaft.org\/fr\/wp-json\/wp\/v2\/categories?post=35388"},{"taxonomy":"post_tag","embeddable":true,"href":"https:\/\/permakultur-landwirtschaft.org\/fr\/wp-json\/wp\/v2\/tags?post=35388"}],"curies":[{"name":"wp","href":"https:\/\/api.w.org\/{rel}","templated":true}]}}