{"id":35336,"date":"2024-10-25T11:01:24","date_gmt":"2024-10-25T09:01:24","guid":{"rendered":"https:\/\/permakultur-landwirtschaft.org\/?p=35336"},"modified":"2024-10-25T11:01:25","modified_gmt":"2024-10-25T09:01:25","slug":"der-essbare-waldgarten-vortrag-in-grabs-am-15-november-2024","status":"publish","type":"post","link":"https:\/\/permakultur-landwirtschaft.org\/fr\/der-essbare-waldgarten-vortrag-in-grabs-am-15-november-2024\/","title":{"rendered":"Der essbare Waldgarten &#8211; Vortrag in Grabs am 15. November 2024"},"content":{"rendered":"<p>Text von www.gemuesisch.com:<\/p>\n\n\n\n<p>Herzlich laden wir in Kooperation mit dem <a href=\"https:\/\/esswaldland.ch\/\" target=\"_blank\" rel=\"noreferrer noopener\">Verein EssWaldLand<\/a> im November 2024 alle Interessierten zu einem Vortrag und einem Praxis-Workshop nach Grabs ein. Im Zuge des <a href=\"https:\/\/www.gemuesisch.com\/m%C3%BChlbach-g%C3%A4ssli\" target=\"_blank\" rel=\"noreferrer noopener\">Projektes M\u00fchlbach-G\u00e4ssli<\/a> entsteht ein essbarer Waldgarten, welcher den angrenzenden Dorfgarten um eine dritte Dimension erweitert.<\/p>\n\n\n\n<p>Bereits in den 80er Jahren des letzten Jahrhunderts pflanzte Hans Hermann Gruber, der Vater von Bernhard, schrittweise einen der <a href=\"https:\/\/waldgarteninstitut.wordpress.com\/2022\/11\/06\/neuer-kurzfilm-unser-essbarer-waldgarten-ein-mehr-als-30-jahre-alter-waldgarten-in-mitteleuropa\/\" target=\"_blank\" rel=\"noreferrer noopener\">\u00e4ltesten Waldg\u00e4rten Europas<\/a>. Bernhard wuchs von klein auf hinein und \u00fcbernahm schrittweise die Pflege und Weiterentwicklung.<br>Nun kommt er in die Schweiz, genauer ins St. Gallische Grabs an der Grenze zu Lichtenstein und l\u00e4sst uns in einem Vortrag und zweit\u00e4tigen Praxis-Workshop an seinem Wissen und Erfahrung teilhaben. Im Vortrag erz\u00e4hlt Bernhard mehr \u00fcber den Aufbau und das System Waldgarten. Der 2-t\u00e4gige Praxis-Workshop gibt Einblick in die konkrete Planung eines Waldgartens sowie die Gelegenheit, direkt beim Anlegen des neuen Waldgartens in Grabs mitzuwirken.<\/p>\n\n\n\n<p>Der Vortrag findet am Freitagabend, den 15. November 2024, statt und im Anschluss geht es am Samstag und Sonntag, 16.\/17. November 2024, nach draussen in die Praxis, wobei Vortrag und Workshop kombiniert oder auch unabh\u00e4ngig voneinander besucht werden k\u00f6nnen.<\/p>\n\n\n\n<h2 class=\"wp-block-heading\">Date<\/h2>\n\n\n\n<p>15. November 2024, 19.30 &#8211; 21.00 Uhr<\/p>\n\n\n\n<h2 class=\"wp-block-heading\">Lieu<\/h2>\n\n\n\n<p>Dorfgarten Grabs<br>Gallusweg<br>9472 Grabs\u200b SG<\/p>\n\n\n\n<h2 class=\"wp-block-heading\">Referent<\/h2>\n\n\n\n<p>Bernhard Gruber, \u00f6sterreichisches Waldgarteninstitut<\/p>\n\n\n\n<p><a href=\"https:\/\/www.gemuesisch.com\/post\/in-grabs-entsteht-ein-essbarer-waldgarten\" target=\"_blank\" rel=\"noreferrer noopener\">Link zu mehr Infos und Anmeldung<\/a><\/p>\n\n\n\n<p><a href=\"http:\/\/www.waldgarteninstitut.at\/\" target=\"_blank\" rel=\"noreferrer noopener\">Link zum Waldgarten Institut<\/a><\/p>","protected":false},"excerpt":{"rendered":"<p>Text von www.gemuesisch.com: Herzlich laden wir in Kooperation mit dem Verein EssWaldLand im November 2024 alle Interessierten zu einem Vortrag und einem Praxis-Workshop nach Grabs ein. Im Zuge des Projektes M\u00fchlbach-G\u00e4ssli entsteht ein essbarer Waldgarten, welcher den angrenzenden Dorfgarten um eine dritte Dimension erweitert. Bereits in den 80er Jahren des letzten Jahrhunderts pflanzte Hans Hermann [&hellip;]<\/p>\n","protected":false},"author":2,"featured_media":35337,"comment_status":"closed","ping_status":"closed","sticky":false,"template":"","format":"standard","meta":{"_acf_changed":false,"site-sidebar-layout":"default","site-content-layout":"","ast-site-content-layout":"default","site-content-style":"default","site-sidebar-style":"default","ast-global-header-display":"","ast-banner-title-visibility":"","ast-main-header-display":"","ast-hfb-above-header-display":"","ast-hfb-below-header-display":"","ast-hfb-mobile-header-display":"","site-post-title":"","ast-breadcrumbs-content":"","ast-featured-img":"","footer-sml-layout":"","ast-disable-related-posts":"","theme-transparent-header-meta":"","adv-header-id-meta":"","stick-header-meta":"","header-above-stick-meta":"","header-main-stick-meta":"","header-below-stick-meta":"","astra-migrate-meta-layouts":"set","ast-page-background-enabled":"default","ast-page-background-meta":{"desktop":{"background-color":"var(--ast-global-color-4)","background-image":"","background-repeat":"repeat","background-position":"center center","background-size":"auto","background-attachment":"scroll","background-type":"","background-media":"","overlay-type":"","overlay-color":"","overlay-opacity":"","overlay-gradient":""},"tablet":{"background-color":"","background-image":"","background-repeat":"repeat","background-position":"center center","background-size":"auto","background-attachment":"scroll","background-type":"","background-media":"","overlay-type":"","overlay-color":"","overlay-opacity":"","overlay-gradient":""},"mobile":{"background-color":"","background-image":"","background-repeat":"repeat","background-position":"center center","background-size":"auto","background-attachment":"scroll","background-type":"","background-media":"","overlay-type":"","overlay-color":"","overlay-opacity":"","overlay-gradient":""}},"ast-content-background-meta":{"desktop":{"background-color":"var(--ast-global-color-5)","background-image":"","background-repeat":"repeat","background-position":"center center","background-size":"auto","background-attachment":"scroll","background-type":"","background-media":"","overlay-type":"","overlay-color":"","overlay-opacity":"","overlay-gradient":""},"tablet":{"background-color":"var(--ast-global-color-5)","background-image":"","background-repeat":"repeat","background-position":"center center","background-size":"auto","background-attachment":"scroll","background-type":"","background-media":"","overlay-type":"","overlay-color":"","overlay-opacity":"","overlay-gradient":""},"mobile":{"background-color":"var(--ast-global-color-5)","background-image":"","background-repeat":"repeat","background-position":"center center","background-size":"auto","background-attachment":"scroll","background-type":"","background-media":"","overlay-type":"","overlay-color":"","overlay-opacity":"","overlay-gradient":""}},"footnotes":""},"categories":[14],"tags":[486,487,106,77],"class_list":["post-35336","post","type-post","status-publish","format-standard","has-post-thumbnail","hentry","category-veranstaltung","tag-bernhard-gruber","tag-grabs","tag-vortrag","tag-waldgarten"],"acf":[],"yoast_head":"<!-- This site is optimized with the Yoast SEO plugin v27.5 - https:\/\/yoast.com\/product\/yoast-seo-wordpress\/ -->\n<title>Der essbare Waldgarten - Vortrag in Grabs am 15. November 2024 - Permakultur-Landwirtschaft<\/title>\n<meta name=\"description\" content=\"Bernhard Gruber l\u00e4sst uns in einem Vortrag und zweit\u00e4tigen Praxis-Workshop an seinem Wissen und Erfahrung teilhaben.\" \/>\n<meta name=\"robots\" content=\"index, follow, max-snippet:-1, max-image-preview:large, max-video-preview:-1\" \/>\n<link rel=\"canonical\" href=\"https:\/\/permakultur-landwirtschaft.org\/fr\/der-essbare-waldgarten-vortrag-in-grabs-am-15-november-2024\/\" \/>\n<meta property=\"og:locale\" content=\"fr_FR\" \/>\n<meta property=\"og:type\" content=\"article\" \/>\n<meta property=\"og:title\" content=\"Der essbare Waldgarten - Vortrag in Grabs am 15. November 2024 - Permakultur-Landwirtschaft\" \/>\n<meta property=\"og:description\" content=\"Bernhard Gruber l\u00e4sst uns in einem Vortrag und zweit\u00e4tigen Praxis-Workshop an seinem Wissen und Erfahrung teilhaben.\" \/>\n<meta property=\"og:url\" content=\"https:\/\/permakultur-landwirtschaft.org\/fr\/der-essbare-waldgarten-vortrag-in-grabs-am-15-november-2024\/\" \/>\n<meta property=\"og:site_name\" content=\"Permakultur-Landwirtschaft\" \/>\n<meta property=\"article:publisher\" content=\"https:\/\/www.facebook.com\/PermakulturLandwirtschaft\" \/>\n<meta property=\"article:published_time\" content=\"2024-10-25T09:01:24+00:00\" \/>\n<meta property=\"article:modified_time\" content=\"2024-10-25T09:01:25+00:00\" \/>\n<meta property=\"og:image\" content=\"https:\/\/permakultur-landwirtschaft.org\/wp-content\/uploads\/2024\/10\/2024_waldgarte_esswaldland.jpg\" \/>\n\t<meta property=\"og:image:width\" content=\"700\" \/>\n\t<meta property=\"og:image:height\" content=\"525\" \/>\n\t<meta property=\"og:image:type\" content=\"image\/jpeg\" \/>\n<meta name=\"author\" content=\"adrian reutimann\" \/>\n<meta name=\"twitter:card\" content=\"summary_large_image\" \/>\n<meta name=\"twitter:label1\" content=\"\u00c9crit par\" \/>\n\t<meta name=\"twitter:data1\" content=\"adrian reutimann\" \/>\n\t<meta name=\"twitter:label2\" content=\"Dur\u00e9e de lecture estim\u00e9e\" \/>\n\t<meta name=\"twitter:data2\" content=\"2 minutes\" \/>\n<script type=\"application\/ld+json\" class=\"yoast-schema-graph\">{\"@context\":\"https:\\\/\\\/schema.org\",\"@graph\":[{\"@type\":\"Article\",\"@id\":\"https:\\\/\\\/permakultur-landwirtschaft.org\\\/der-essbare-waldgarten-vortrag-in-grabs-am-15-november-2024\\\/#article\",\"isPartOf\":{\"@id\":\"https:\\\/\\\/permakultur-landwirtschaft.org\\\/der-essbare-waldgarten-vortrag-in-grabs-am-15-november-2024\\\/\"},\"author\":{\"name\":\"adrian reutimann\",\"@id\":\"https:\\\/\\\/permakultur-landwirtschaft.org\\\/#\\\/schema\\\/person\\\/6b0467872f75aed3e144093f9bf4f0b0\"},\"headline\":\"Der essbare Waldgarten &#8211; Vortrag in Grabs am 15. November 2024\",\"datePublished\":\"2024-10-25T09:01:24+00:00\",\"dateModified\":\"2024-10-25T09:01:25+00:00\",\"mainEntityOfPage\":{\"@id\":\"https:\\\/\\\/permakultur-landwirtschaft.org\\\/der-essbare-waldgarten-vortrag-in-grabs-am-15-november-2024\\\/\"},\"wordCount\":223,\"publisher\":{\"@id\":\"https:\\\/\\\/permakultur-landwirtschaft.org\\\/#organization\"},\"image\":{\"@id\":\"https:\\\/\\\/permakultur-landwirtschaft.org\\\/der-essbare-waldgarten-vortrag-in-grabs-am-15-november-2024\\\/#primaryimage\"},\"thumbnailUrl\":\"https:\\\/\\\/permakultur-landwirtschaft.org\\\/wp-content\\\/uploads\\\/2024\\\/10\\\/2024_waldgarte_esswaldland.jpg\",\"keywords\":[\"Bernhard Gruber\",\"Grabs\",\"Vortrag\",\"Waldgarten\"],\"articleSection\":[\"Veranstaltung\"],\"inLanguage\":\"fr-FR\"},{\"@type\":\"WebPage\",\"@id\":\"https:\\\/\\\/permakultur-landwirtschaft.org\\\/der-essbare-waldgarten-vortrag-in-grabs-am-15-november-2024\\\/\",\"url\":\"https:\\\/\\\/permakultur-landwirtschaft.org\\\/der-essbare-waldgarten-vortrag-in-grabs-am-15-november-2024\\\/\",\"name\":\"Der essbare Waldgarten - Vortrag in Grabs am 15. November 2024 - Permakultur-Landwirtschaft\",\"isPartOf\":{\"@id\":\"https:\\\/\\\/permakultur-landwirtschaft.org\\\/#website\"},\"primaryImageOfPage\":{\"@id\":\"https:\\\/\\\/permakultur-landwirtschaft.org\\\/der-essbare-waldgarten-vortrag-in-grabs-am-15-november-2024\\\/#primaryimage\"},\"image\":{\"@id\":\"https:\\\/\\\/permakultur-landwirtschaft.org\\\/der-essbare-waldgarten-vortrag-in-grabs-am-15-november-2024\\\/#primaryimage\"},\"thumbnailUrl\":\"https:\\\/\\\/permakultur-landwirtschaft.org\\\/wp-content\\\/uploads\\\/2024\\\/10\\\/2024_waldgarte_esswaldland.jpg\",\"datePublished\":\"2024-10-25T09:01:24+00:00\",\"dateModified\":\"2024-10-25T09:01:25+00:00\",\"description\":\"Bernhard Gruber l\u00e4sst uns in einem Vortrag und zweit\u00e4tigen Praxis-Workshop an seinem Wissen und Erfahrung teilhaben.\",\"breadcrumb\":{\"@id\":\"https:\\\/\\\/permakultur-landwirtschaft.org\\\/der-essbare-waldgarten-vortrag-in-grabs-am-15-november-2024\\\/#breadcrumb\"},\"inLanguage\":\"fr-FR\",\"potentialAction\":[{\"@type\":\"ReadAction\",\"target\":[\"https:\\\/\\\/permakultur-landwirtschaft.org\\\/der-essbare-waldgarten-vortrag-in-grabs-am-15-november-2024\\\/\"]}]},{\"@type\":\"ImageObject\",\"inLanguage\":\"fr-FR\",\"@id\":\"https:\\\/\\\/permakultur-landwirtschaft.org\\\/der-essbare-waldgarten-vortrag-in-grabs-am-15-november-2024\\\/#primaryimage\",\"url\":\"https:\\\/\\\/permakultur-landwirtschaft.org\\\/wp-content\\\/uploads\\\/2024\\\/10\\\/2024_waldgarte_esswaldland.jpg\",\"contentUrl\":\"https:\\\/\\\/permakultur-landwirtschaft.org\\\/wp-content\\\/uploads\\\/2024\\\/10\\\/2024_waldgarte_esswaldland.jpg\",\"width\":700,\"height\":525,\"caption\":\"Bild: esswaldland.ch\"},{\"@type\":\"BreadcrumbList\",\"@id\":\"https:\\\/\\\/permakultur-landwirtschaft.org\\\/der-essbare-waldgarten-vortrag-in-grabs-am-15-november-2024\\\/#breadcrumb\",\"itemListElement\":[{\"@type\":\"ListItem\",\"position\":1,\"name\":\"Startseite\",\"item\":\"https:\\\/\\\/permakultur-landwirtschaft.org\\\/\"},{\"@type\":\"ListItem\",\"position\":2,\"name\":\"Der essbare Waldgarten &#8211; Vortrag in Grabs am 15. November 2024\"}]},{\"@type\":\"WebSite\",\"@id\":\"https:\\\/\\\/permakultur-landwirtschaft.org\\\/#website\",\"url\":\"https:\\\/\\\/permakultur-landwirtschaft.org\\\/\",\"name\":\"Permakultur-Landwirtschaft\",\"description\":\"F\u00f6rderung der Permakultur in der Landwirtschaft\",\"publisher\":{\"@id\":\"https:\\\/\\\/permakultur-landwirtschaft.org\\\/#organization\"},\"potentialAction\":[{\"@type\":\"SearchAction\",\"target\":{\"@type\":\"EntryPoint\",\"urlTemplate\":\"https:\\\/\\\/permakultur-landwirtschaft.org\\\/?s={search_term_string}\"},\"query-input\":{\"@type\":\"PropertyValueSpecification\",\"valueRequired\":true,\"valueName\":\"search_term_string\"}}],\"inLanguage\":\"fr-FR\"},{\"@type\":\"Organization\",\"@id\":\"https:\\\/\\\/permakultur-landwirtschaft.org\\\/#organization\",\"name\":\"Permakultur-Landwirtschaft\",\"alternateName\":\"Verein Permakultur-Landwirtschaft\",\"url\":\"https:\\\/\\\/permakultur-landwirtschaft.org\\\/\",\"logo\":{\"@type\":\"ImageObject\",\"inLanguage\":\"fr-FR\",\"@id\":\"https:\\\/\\\/permakultur-landwirtschaft.org\\\/#\\\/schema\\\/logo\\\/image\\\/\",\"url\":\"https:\\\/\\\/permakultur-landwirtschaft.org\\\/wp-content\\\/uploads\\\/2021\\\/11\\\/pela_1268x1269.png\",\"contentUrl\":\"https:\\\/\\\/permakultur-landwirtschaft.org\\\/wp-content\\\/uploads\\\/2021\\\/11\\\/pela_1268x1269.png\",\"width\":1298,\"height\":1269,\"caption\":\"Permakultur-Landwirtschaft\"},\"image\":{\"@id\":\"https:\\\/\\\/permakultur-landwirtschaft.org\\\/#\\\/schema\\\/logo\\\/image\\\/\"},\"sameAs\":[\"https:\\\/\\\/www.facebook.com\\\/PermakulturLandwirtschaft\",\"https:\\\/\\\/www.instagram.com\\\/permakultur_landwirtschaft\\\/\",\"https:\\\/\\\/www.flickr.com\\\/photos\\\/permakultur-landwirtschaft\",\"https:\\\/\\\/www.youtube.com\\\/@PermakulturLandwirtschaft\"]},{\"@type\":\"Person\",\"@id\":\"https:\\\/\\\/permakultur-landwirtschaft.org\\\/#\\\/schema\\\/person\\\/6b0467872f75aed3e144093f9bf4f0b0\",\"name\":\"adrian reutimann\",\"url\":\"https:\\\/\\\/permakultur-landwirtschaft.org\\\/fr\\\/author\\\/reutiadr\\\/\"}]}<\/script>\n<!-- \/ Yoast SEO plugin. -->","yoast_head_json":{"title":"Der essbare Waldgarten - Vortrag in Grabs am 15. November 2024 - Permakultur-Landwirtschaft","description":"Bernhard Gruber l\u00e4sst uns in einem Vortrag und zweit\u00e4tigen Praxis-Workshop an seinem Wissen und Erfahrung teilhaben.","robots":{"index":"index","follow":"follow","max-snippet":"max-snippet:-1","max-image-preview":"max-image-preview:large","max-video-preview":"max-video-preview:-1"},"canonical":"https:\/\/permakultur-landwirtschaft.org\/fr\/der-essbare-waldgarten-vortrag-in-grabs-am-15-november-2024\/","og_locale":"fr_FR","og_type":"article","og_title":"Der essbare Waldgarten - Vortrag in Grabs am 15. November 2024 - Permakultur-Landwirtschaft","og_description":"Bernhard Gruber l\u00e4sst uns in einem Vortrag und zweit\u00e4tigen Praxis-Workshop an seinem Wissen und Erfahrung teilhaben.","og_url":"https:\/\/permakultur-landwirtschaft.org\/fr\/der-essbare-waldgarten-vortrag-in-grabs-am-15-november-2024\/","og_site_name":"Permakultur-Landwirtschaft","article_publisher":"https:\/\/www.facebook.com\/PermakulturLandwirtschaft","article_published_time":"2024-10-25T09:01:24+00:00","article_modified_time":"2024-10-25T09:01:25+00:00","og_image":[{"width":700,"height":525,"url":"https:\/\/permakultur-landwirtschaft.org\/wp-content\/uploads\/2024\/10\/2024_waldgarte_esswaldland.jpg","type":"image\/jpeg"}],"author":"adrian reutimann","twitter_card":"summary_large_image","twitter_misc":{"\u00c9crit par":"adrian reutimann","Dur\u00e9e de lecture estim\u00e9e":"2 minutes"},"schema":{"@context":"https:\/\/schema.org","@graph":[{"@type":"Article","@id":"https:\/\/permakultur-landwirtschaft.org\/der-essbare-waldgarten-vortrag-in-grabs-am-15-november-2024\/#article","isPartOf":{"@id":"https:\/\/permakultur-landwirtschaft.org\/der-essbare-waldgarten-vortrag-in-grabs-am-15-november-2024\/"},"author":{"name":"adrian reutimann","@id":"https:\/\/permakultur-landwirtschaft.org\/#\/schema\/person\/6b0467872f75aed3e144093f9bf4f0b0"},"headline":"Der essbare Waldgarten &#8211; Vortrag in Grabs am 15. November 2024","datePublished":"2024-10-25T09:01:24+00:00","dateModified":"2024-10-25T09:01:25+00:00","mainEntityOfPage":{"@id":"https:\/\/permakultur-landwirtschaft.org\/der-essbare-waldgarten-vortrag-in-grabs-am-15-november-2024\/"},"wordCount":223,"publisher":{"@id":"https:\/\/permakultur-landwirtschaft.org\/#organization"},"image":{"@id":"https:\/\/permakultur-landwirtschaft.org\/der-essbare-waldgarten-vortrag-in-grabs-am-15-november-2024\/#primaryimage"},"thumbnailUrl":"https:\/\/permakultur-landwirtschaft.org\/wp-content\/uploads\/2024\/10\/2024_waldgarte_esswaldland.jpg","keywords":["Bernhard Gruber","Grabs","Vortrag","Waldgarten"],"articleSection":["Veranstaltung"],"inLanguage":"fr-FR"},{"@type":"WebPage","@id":"https:\/\/permakultur-landwirtschaft.org\/der-essbare-waldgarten-vortrag-in-grabs-am-15-november-2024\/","url":"https:\/\/permakultur-landwirtschaft.org\/der-essbare-waldgarten-vortrag-in-grabs-am-15-november-2024\/","name":"Der essbare Waldgarten - Vortrag in Grabs am 15. November 2024 - Permakultur-Landwirtschaft","isPartOf":{"@id":"https:\/\/permakultur-landwirtschaft.org\/#website"},"primaryImageOfPage":{"@id":"https:\/\/permakultur-landwirtschaft.org\/der-essbare-waldgarten-vortrag-in-grabs-am-15-november-2024\/#primaryimage"},"image":{"@id":"https:\/\/permakultur-landwirtschaft.org\/der-essbare-waldgarten-vortrag-in-grabs-am-15-november-2024\/#primaryimage"},"thumbnailUrl":"https:\/\/permakultur-landwirtschaft.org\/wp-content\/uploads\/2024\/10\/2024_waldgarte_esswaldland.jpg","datePublished":"2024-10-25T09:01:24+00:00","dateModified":"2024-10-25T09:01:25+00:00","description":"Bernhard Gruber l\u00e4sst uns in einem Vortrag und zweit\u00e4tigen Praxis-Workshop an seinem Wissen und Erfahrung teilhaben.","breadcrumb":{"@id":"https:\/\/permakultur-landwirtschaft.org\/der-essbare-waldgarten-vortrag-in-grabs-am-15-november-2024\/#breadcrumb"},"inLanguage":"fr-FR","potentialAction":[{"@type":"ReadAction","target":["https:\/\/permakultur-landwirtschaft.org\/der-essbare-waldgarten-vortrag-in-grabs-am-15-november-2024\/"]}]},{"@type":"ImageObject","inLanguage":"fr-FR","@id":"https:\/\/permakultur-landwirtschaft.org\/der-essbare-waldgarten-vortrag-in-grabs-am-15-november-2024\/#primaryimage","url":"https:\/\/permakultur-landwirtschaft.org\/wp-content\/uploads\/2024\/10\/2024_waldgarte_esswaldland.jpg","contentUrl":"https:\/\/permakultur-landwirtschaft.org\/wp-content\/uploads\/2024\/10\/2024_waldgarte_esswaldland.jpg","width":700,"height":525,"caption":"Bild: esswaldland.ch"},{"@type":"BreadcrumbList","@id":"https:\/\/permakultur-landwirtschaft.org\/der-essbare-waldgarten-vortrag-in-grabs-am-15-november-2024\/#breadcrumb","itemListElement":[{"@type":"ListItem","position":1,"name":"Startseite","item":"https:\/\/permakultur-landwirtschaft.org\/"},{"@type":"ListItem","position":2,"name":"Der essbare Waldgarten &#8211; Vortrag in Grabs am 15. November 2024"}]},{"@type":"WebSite","@id":"https:\/\/permakultur-landwirtschaft.org\/#website","url":"https:\/\/permakultur-landwirtschaft.org\/","name":"Permakultur-Landwirtschaft","description":"F\u00f6rderung der Permakultur in der Landwirtschaft","publisher":{"@id":"https:\/\/permakultur-landwirtschaft.org\/#organization"},"potentialAction":[{"@type":"SearchAction","target":{"@type":"EntryPoint","urlTemplate":"https:\/\/permakultur-landwirtschaft.org\/?s={search_term_string}"},"query-input":{"@type":"PropertyValueSpecification","valueRequired":true,"valueName":"search_term_string"}}],"inLanguage":"fr-FR"},{"@type":"Organization","@id":"https:\/\/permakultur-landwirtschaft.org\/#organization","name":"Permakultur-Landwirtschaft","alternateName":"Verein Permakultur-Landwirtschaft","url":"https:\/\/permakultur-landwirtschaft.org\/","logo":{"@type":"ImageObject","inLanguage":"fr-FR","@id":"https:\/\/permakultur-landwirtschaft.org\/#\/schema\/logo\/image\/","url":"https:\/\/permakultur-landwirtschaft.org\/wp-content\/uploads\/2021\/11\/pela_1268x1269.png","contentUrl":"https:\/\/permakultur-landwirtschaft.org\/wp-content\/uploads\/2021\/11\/pela_1268x1269.png","width":1298,"height":1269,"caption":"Permakultur-Landwirtschaft"},"image":{"@id":"https:\/\/permakultur-landwirtschaft.org\/#\/schema\/logo\/image\/"},"sameAs":["https:\/\/www.facebook.com\/PermakulturLandwirtschaft","https:\/\/www.instagram.com\/permakultur_landwirtschaft\/","https:\/\/www.flickr.com\/photos\/permakultur-landwirtschaft","https:\/\/www.youtube.com\/@PermakulturLandwirtschaft"]},{"@type":"Person","@id":"https:\/\/permakultur-landwirtschaft.org\/#\/schema\/person\/6b0467872f75aed3e144093f9bf4f0b0","name":"adrian reutimann","url":"https:\/\/permakultur-landwirtschaft.org\/fr\/author\/reutiadr\/"}]}},"_links":{"self":[{"href":"https:\/\/permakultur-landwirtschaft.org\/fr\/wp-json\/wp\/v2\/posts\/35336","targetHints":{"allow":["GET"]}}],"collection":[{"href":"https:\/\/permakultur-landwirtschaft.org\/fr\/wp-json\/wp\/v2\/posts"}],"about":[{"href":"https:\/\/permakultur-landwirtschaft.org\/fr\/wp-json\/wp\/v2\/types\/post"}],"author":[{"embeddable":true,"href":"https:\/\/permakultur-landwirtschaft.org\/fr\/wp-json\/wp\/v2\/users\/2"}],"replies":[{"embeddable":true,"href":"https:\/\/permakultur-landwirtschaft.org\/fr\/wp-json\/wp\/v2\/comments?post=35336"}],"version-history":[{"count":1,"href":"https:\/\/permakultur-landwirtschaft.org\/fr\/wp-json\/wp\/v2\/posts\/35336\/revisions"}],"predecessor-version":[{"id":35338,"href":"https:\/\/permakultur-landwirtschaft.org\/fr\/wp-json\/wp\/v2\/posts\/35336\/revisions\/35338"}],"wp:featuredmedia":[{"embeddable":true,"href":"https:\/\/permakultur-landwirtschaft.org\/fr\/wp-json\/wp\/v2\/media\/35337"}],"wp:attachment":[{"href":"https:\/\/permakultur-landwirtschaft.org\/fr\/wp-json\/wp\/v2\/media?parent=35336"}],"wp:term":[{"taxonomy":"category","embeddable":true,"href":"https:\/\/permakultur-landwirtschaft.org\/fr\/wp-json\/wp\/v2\/categories?post=35336"},{"taxonomy":"post_tag","embeddable":true,"href":"https:\/\/permakultur-landwirtschaft.org\/fr\/wp-json\/wp\/v2\/tags?post=35336"}],"curies":[{"name":"wp","href":"https:\/\/api.w.org\/{rel}","templated":true}]}}