{"id":35321,"date":"2024-10-25T10:00:14","date_gmt":"2024-10-25T08:00:14","guid":{"rendered":"https:\/\/permakultur-landwirtschaft.org\/?p=35321"},"modified":"2024-10-25T10:00:15","modified_gmt":"2024-10-25T08:00:15","slug":"agroforst-webinarreihe-planungsgrundsaetze-am-05-dezember-2024","status":"publish","type":"post","link":"https:\/\/permakultur-landwirtschaft.org\/fr\/agroforst-webinarreihe-planungsgrundsaetze-am-05-dezember-2024\/","title":{"rendered":"Agroforst-Webinarreihe &#8211; Planungsgrunds\u00e4tze am 05. Dezember 2024"},"content":{"rendered":"<p>Text von www.bioaktuell.ch:<\/p>\n\n\n\n<p>In einer f\u00fcr alle Interessierten offenen Webinarreihe vom FiBL in Kooperation mit der IG Agroforst teilen erfahrene Agroforst-Expert*innen aus der Schweiz und Europa ihr Wissen. Es geht es um die Vielfalt der m\u00f6glichen Systeme, Planungsgrunds\u00e4tze und Ziele von Pflanzungen. Alle Termine werden rechtzeitig in der FiBL Agenda angek\u00fcndigt.<\/p>\n\n\n\n<p>Anlass f\u00fcr diese Webinarreihe ist die neue Agroforstparzelle am FiBL in Frick. Sie soll ein Ort zum Lernen, Austauschen und Forschen werden. Das Projekt richtet sich vor allem an interessierte Fachleute und Praktiker*innen. Insbesondere der Wissens- und Erfahrungsaustausch wird von der Leopold Bachmann Stiftung finanziell unterst\u00fctzt.<\/p>\n\n\n\n<p>Dieser zweite Termin besch\u00e4ftigt sich schwerpunktm\u00e4ssig mit Grund\u00fcberlegungen zur Planung von neuen Agroforstanlagen. Nach zwei Vortr\u00e4gen der beiden Referentinnen bleibt noch Zeit f\u00fcr Fragen aus dem Kreis der Teilnehmenden und eine kurze Diskussion.<\/p>\n\n\n\n<h2 class=\"wp-block-heading\">Date<\/h2>\n\n\n\n<p>05. Dezember 2024, 18:00 bis 19:30 Uhr<\/p>\n\n\n\n<h2 class=\"wp-block-heading\">Lieu<\/h2>\n\n\n\n<p>Online via Teams<\/p>\n\n\n\n<h2 class=\"wp-block-heading\">Referentinnen<\/h2>\n\n\n\n<p>Lisa Nilles, Agridea und IG Agroforst<br>Mareike J\u00e4ger, SilvoCultura<\/p>\n\n\n\n<p><a href=\"https:\/\/www.bioaktuell.ch\/aktuell\/agenda\/termin\/agroforst-webinarreihe\" target=\"_blank\" rel=\"noreferrer noopener\">Link zu mehr Infos und Anmeldung<\/a><\/p>","protected":false},"excerpt":{"rendered":"<p>Text von www.bioaktuell.ch: In einer f\u00fcr alle Interessierten offenen Webinarreihe vom FiBL in Kooperation mit der IG Agroforst teilen erfahrene Agroforst-Expert*innen aus der Schweiz und Europa ihr Wissen. Es geht es um die Vielfalt der m\u00f6glichen Systeme, Planungsgrunds\u00e4tze und Ziele von Pflanzungen. Alle Termine werden rechtzeitig in der FiBL Agenda angek\u00fcndigt. Anlass f\u00fcr diese Webinarreihe [&hellip;]<\/p>\n","protected":false},"author":2,"featured_media":35309,"comment_status":"closed","ping_status":"closed","sticky":false,"template":"","format":"standard","meta":{"_acf_changed":false,"site-sidebar-layout":"default","site-content-layout":"","ast-site-content-layout":"default","site-content-style":"default","site-sidebar-style":"default","ast-global-header-display":"","ast-banner-title-visibility":"","ast-main-header-display":"","ast-hfb-above-header-display":"","ast-hfb-below-header-display":"","ast-hfb-mobile-header-display":"","site-post-title":"","ast-breadcrumbs-content":"","ast-featured-img":"","footer-sml-layout":"","ast-disable-related-posts":"","theme-transparent-header-meta":"","adv-header-id-meta":"","stick-header-meta":"","header-above-stick-meta":"","header-main-stick-meta":"","header-below-stick-meta":"","astra-migrate-meta-layouts":"set","ast-page-background-enabled":"default","ast-page-background-meta":{"desktop":{"background-color":"var(--ast-global-color-4)","background-image":"","background-repeat":"repeat","background-position":"center center","background-size":"auto","background-attachment":"scroll","background-type":"","background-media":"","overlay-type":"","overlay-color":"","overlay-opacity":"","overlay-gradient":""},"tablet":{"background-color":"","background-image":"","background-repeat":"repeat","background-position":"center center","background-size":"auto","background-attachment":"scroll","background-type":"","background-media":"","overlay-type":"","overlay-color":"","overlay-opacity":"","overlay-gradient":""},"mobile":{"background-color":"","background-image":"","background-repeat":"repeat","background-position":"center center","background-size":"auto","background-attachment":"scroll","background-type":"","background-media":"","overlay-type":"","overlay-color":"","overlay-opacity":"","overlay-gradient":""}},"ast-content-background-meta":{"desktop":{"background-color":"var(--ast-global-color-5)","background-image":"","background-repeat":"repeat","background-position":"center center","background-size":"auto","background-attachment":"scroll","background-type":"","background-media":"","overlay-type":"","overlay-color":"","overlay-opacity":"","overlay-gradient":""},"tablet":{"background-color":"var(--ast-global-color-5)","background-image":"","background-repeat":"repeat","background-position":"center center","background-size":"auto","background-attachment":"scroll","background-type":"","background-media":"","overlay-type":"","overlay-color":"","overlay-opacity":"","overlay-gradient":""},"mobile":{"background-color":"var(--ast-global-color-5)","background-image":"","background-repeat":"repeat","background-position":"center center","background-size":"auto","background-attachment":"scroll","background-type":"","background-media":"","overlay-type":"","overlay-color":"","overlay-opacity":"","overlay-gradient":""}},"footnotes":""},"categories":[14],"tags":[31,142,481,480,479,82],"class_list":["post-35321","post","type-post","status-publish","format-standard","has-post-thumbnail","hentry","category-veranstaltung","tag-agroforst","tag-fibl","tag-lisa-nilles","tag-mareike-jaeger","tag-planungsgrundsaetze","tag-webinar"],"acf":[],"yoast_head":"<!-- This site is optimized with the Yoast SEO plugin v27.5 - https:\/\/yoast.com\/product\/yoast-seo-wordpress\/ -->\n<title>Agroforst-Webinarreihe - Planungsgrunds\u00e4tze am 05. Dezember 2024 - Permakultur-Landwirtschaft<\/title>\n<meta name=\"description\" content=\"In einer Webinarreihe vom FiBL teilen erfahrene Agroforst-Expert*innen aus der Schweiz und Europa ihr Wissen\" \/>\n<meta name=\"robots\" content=\"index, follow, max-snippet:-1, max-image-preview:large, max-video-preview:-1\" \/>\n<link rel=\"canonical\" href=\"https:\/\/permakultur-landwirtschaft.org\/fr\/agroforst-webinarreihe-planungsgrundsaetze-am-05-dezember-2024\/\" \/>\n<meta property=\"og:locale\" content=\"fr_FR\" \/>\n<meta property=\"og:type\" content=\"article\" \/>\n<meta property=\"og:title\" content=\"Agroforst-Webinarreihe - Planungsgrunds\u00e4tze am 05. Dezember 2024 - Permakultur-Landwirtschaft\" \/>\n<meta property=\"og:description\" content=\"In einer Webinarreihe vom FiBL teilen erfahrene Agroforst-Expert*innen aus der Schweiz und Europa ihr Wissen\" \/>\n<meta property=\"og:url\" content=\"https:\/\/permakultur-landwirtschaft.org\/fr\/agroforst-webinarreihe-planungsgrundsaetze-am-05-dezember-2024\/\" \/>\n<meta property=\"og:site_name\" content=\"Permakultur-Landwirtschaft\" \/>\n<meta property=\"article:publisher\" content=\"https:\/\/www.facebook.com\/PermakulturLandwirtschaft\" \/>\n<meta property=\"article:published_time\" content=\"2024-10-25T08:00:14+00:00\" \/>\n<meta property=\"article:modified_time\" content=\"2024-10-25T08:00:15+00:00\" \/>\n<meta property=\"og:image\" content=\"https:\/\/permakultur-landwirtschaft.org\/wp-content\/uploads\/2024\/10\/csm_AgroforstanlageFrick_Pfluegen_ThomasAlfoeldi_FiBL_1200_627edb17f5.jpg\" \/>\n\t<meta property=\"og:image:width\" content=\"700\" \/>\n\t<meta property=\"og:image:height\" content=\"466\" \/>\n\t<meta property=\"og:image:type\" content=\"image\/jpeg\" \/>\n<meta name=\"author\" content=\"adrian reutimann\" \/>\n<meta name=\"twitter:card\" content=\"summary_large_image\" \/>\n<meta name=\"twitter:label1\" content=\"\u00c9crit par\" \/>\n\t<meta name=\"twitter:data1\" content=\"adrian reutimann\" \/>\n\t<meta name=\"twitter:label2\" content=\"Dur\u00e9e de lecture estim\u00e9e\" \/>\n\t<meta name=\"twitter:data2\" content=\"2 minutes\" \/>\n<script type=\"application\/ld+json\" class=\"yoast-schema-graph\">{\"@context\":\"https:\\\/\\\/schema.org\",\"@graph\":[{\"@type\":\"Article\",\"@id\":\"https:\\\/\\\/permakultur-landwirtschaft.org\\\/agroforst-webinarreihe-planungsgrundsaetze-am-05-dezember-2024\\\/#article\",\"isPartOf\":{\"@id\":\"https:\\\/\\\/permakultur-landwirtschaft.org\\\/agroforst-webinarreihe-planungsgrundsaetze-am-05-dezember-2024\\\/\"},\"author\":{\"name\":\"adrian reutimann\",\"@id\":\"https:\\\/\\\/permakultur-landwirtschaft.org\\\/#\\\/schema\\\/person\\\/6b0467872f75aed3e144093f9bf4f0b0\"},\"headline\":\"Agroforst-Webinarreihe &#8211; Planungsgrunds\u00e4tze am 05. Dezember 2024\",\"datePublished\":\"2024-10-25T08:00:14+00:00\",\"dateModified\":\"2024-10-25T08:00:15+00:00\",\"mainEntityOfPage\":{\"@id\":\"https:\\\/\\\/permakultur-landwirtschaft.org\\\/agroforst-webinarreihe-planungsgrundsaetze-am-05-dezember-2024\\\/\"},\"wordCount\":175,\"publisher\":{\"@id\":\"https:\\\/\\\/permakultur-landwirtschaft.org\\\/#organization\"},\"image\":{\"@id\":\"https:\\\/\\\/permakultur-landwirtschaft.org\\\/agroforst-webinarreihe-planungsgrundsaetze-am-05-dezember-2024\\\/#primaryimage\"},\"thumbnailUrl\":\"https:\\\/\\\/permakultur-landwirtschaft.org\\\/wp-content\\\/uploads\\\/2024\\\/10\\\/csm_AgroforstanlageFrick_Pfluegen_ThomasAlfoeldi_FiBL_1200_627edb17f5.jpg\",\"keywords\":[\"Agroforst\",\"FiBL\",\"Lisa Nilles\",\"Mareike J\u00e4ger\",\"Planungsgrunds\u00e4tze\",\"Webinar\"],\"articleSection\":[\"Veranstaltung\"],\"inLanguage\":\"fr-FR\"},{\"@type\":\"WebPage\",\"@id\":\"https:\\\/\\\/permakultur-landwirtschaft.org\\\/agroforst-webinarreihe-planungsgrundsaetze-am-05-dezember-2024\\\/\",\"url\":\"https:\\\/\\\/permakultur-landwirtschaft.org\\\/agroforst-webinarreihe-planungsgrundsaetze-am-05-dezember-2024\\\/\",\"name\":\"Agroforst-Webinarreihe - Planungsgrunds\u00e4tze am 05. Dezember 2024 - Permakultur-Landwirtschaft\",\"isPartOf\":{\"@id\":\"https:\\\/\\\/permakultur-landwirtschaft.org\\\/#website\"},\"primaryImageOfPage\":{\"@id\":\"https:\\\/\\\/permakultur-landwirtschaft.org\\\/agroforst-webinarreihe-planungsgrundsaetze-am-05-dezember-2024\\\/#primaryimage\"},\"image\":{\"@id\":\"https:\\\/\\\/permakultur-landwirtschaft.org\\\/agroforst-webinarreihe-planungsgrundsaetze-am-05-dezember-2024\\\/#primaryimage\"},\"thumbnailUrl\":\"https:\\\/\\\/permakultur-landwirtschaft.org\\\/wp-content\\\/uploads\\\/2024\\\/10\\\/csm_AgroforstanlageFrick_Pfluegen_ThomasAlfoeldi_FiBL_1200_627edb17f5.jpg\",\"datePublished\":\"2024-10-25T08:00:14+00:00\",\"dateModified\":\"2024-10-25T08:00:15+00:00\",\"description\":\"In einer Webinarreihe vom FiBL teilen erfahrene Agroforst-Expert*innen aus der Schweiz und Europa ihr Wissen\",\"breadcrumb\":{\"@id\":\"https:\\\/\\\/permakultur-landwirtschaft.org\\\/agroforst-webinarreihe-planungsgrundsaetze-am-05-dezember-2024\\\/#breadcrumb\"},\"inLanguage\":\"fr-FR\",\"potentialAction\":[{\"@type\":\"ReadAction\",\"target\":[\"https:\\\/\\\/permakultur-landwirtschaft.org\\\/agroforst-webinarreihe-planungsgrundsaetze-am-05-dezember-2024\\\/\"]}]},{\"@type\":\"ImageObject\",\"inLanguage\":\"fr-FR\",\"@id\":\"https:\\\/\\\/permakultur-landwirtschaft.org\\\/agroforst-webinarreihe-planungsgrundsaetze-am-05-dezember-2024\\\/#primaryimage\",\"url\":\"https:\\\/\\\/permakultur-landwirtschaft.org\\\/wp-content\\\/uploads\\\/2024\\\/10\\\/csm_AgroforstanlageFrick_Pfluegen_ThomasAlfoeldi_FiBL_1200_627edb17f5.jpg\",\"contentUrl\":\"https:\\\/\\\/permakultur-landwirtschaft.org\\\/wp-content\\\/uploads\\\/2024\\\/10\\\/csm_AgroforstanlageFrick_Pfluegen_ThomasAlfoeldi_FiBL_1200_627edb17f5.jpg\",\"width\":700,\"height\":466,\"caption\":\"Bild: FiBL, Thomas Alf\u00f6ldi\"},{\"@type\":\"BreadcrumbList\",\"@id\":\"https:\\\/\\\/permakultur-landwirtschaft.org\\\/agroforst-webinarreihe-planungsgrundsaetze-am-05-dezember-2024\\\/#breadcrumb\",\"itemListElement\":[{\"@type\":\"ListItem\",\"position\":1,\"name\":\"Startseite\",\"item\":\"https:\\\/\\\/permakultur-landwirtschaft.org\\\/\"},{\"@type\":\"ListItem\",\"position\":2,\"name\":\"Agroforst-Webinarreihe &#8211; Planungsgrunds\u00e4tze am 05. Dezember 2024\"}]},{\"@type\":\"WebSite\",\"@id\":\"https:\\\/\\\/permakultur-landwirtschaft.org\\\/#website\",\"url\":\"https:\\\/\\\/permakultur-landwirtschaft.org\\\/\",\"name\":\"Permakultur-Landwirtschaft\",\"description\":\"F\u00f6rderung der Permakultur in der Landwirtschaft\",\"publisher\":{\"@id\":\"https:\\\/\\\/permakultur-landwirtschaft.org\\\/#organization\"},\"potentialAction\":[{\"@type\":\"SearchAction\",\"target\":{\"@type\":\"EntryPoint\",\"urlTemplate\":\"https:\\\/\\\/permakultur-landwirtschaft.org\\\/?s={search_term_string}\"},\"query-input\":{\"@type\":\"PropertyValueSpecification\",\"valueRequired\":true,\"valueName\":\"search_term_string\"}}],\"inLanguage\":\"fr-FR\"},{\"@type\":\"Organization\",\"@id\":\"https:\\\/\\\/permakultur-landwirtschaft.org\\\/#organization\",\"name\":\"Permakultur-Landwirtschaft\",\"alternateName\":\"Verein Permakultur-Landwirtschaft\",\"url\":\"https:\\\/\\\/permakultur-landwirtschaft.org\\\/\",\"logo\":{\"@type\":\"ImageObject\",\"inLanguage\":\"fr-FR\",\"@id\":\"https:\\\/\\\/permakultur-landwirtschaft.org\\\/#\\\/schema\\\/logo\\\/image\\\/\",\"url\":\"https:\\\/\\\/permakultur-landwirtschaft.org\\\/wp-content\\\/uploads\\\/2021\\\/11\\\/pela_1268x1269.png\",\"contentUrl\":\"https:\\\/\\\/permakultur-landwirtschaft.org\\\/wp-content\\\/uploads\\\/2021\\\/11\\\/pela_1268x1269.png\",\"width\":1298,\"height\":1269,\"caption\":\"Permakultur-Landwirtschaft\"},\"image\":{\"@id\":\"https:\\\/\\\/permakultur-landwirtschaft.org\\\/#\\\/schema\\\/logo\\\/image\\\/\"},\"sameAs\":[\"https:\\\/\\\/www.facebook.com\\\/PermakulturLandwirtschaft\",\"https:\\\/\\\/www.instagram.com\\\/permakultur_landwirtschaft\\\/\",\"https:\\\/\\\/www.flickr.com\\\/photos\\\/permakultur-landwirtschaft\",\"https:\\\/\\\/www.youtube.com\\\/@PermakulturLandwirtschaft\"]},{\"@type\":\"Person\",\"@id\":\"https:\\\/\\\/permakultur-landwirtschaft.org\\\/#\\\/schema\\\/person\\\/6b0467872f75aed3e144093f9bf4f0b0\",\"name\":\"adrian reutimann\",\"url\":\"https:\\\/\\\/permakultur-landwirtschaft.org\\\/fr\\\/author\\\/reutiadr\\\/\"}]}<\/script>\n<!-- \/ Yoast SEO plugin. -->","yoast_head_json":{"title":"Agroforst-Webinarreihe - Planungsgrunds\u00e4tze am 05. Dezember 2024 - Permakultur-Landwirtschaft","description":"In einer Webinarreihe vom FiBL teilen erfahrene Agroforst-Expert*innen aus der Schweiz und Europa ihr Wissen","robots":{"index":"index","follow":"follow","max-snippet":"max-snippet:-1","max-image-preview":"max-image-preview:large","max-video-preview":"max-video-preview:-1"},"canonical":"https:\/\/permakultur-landwirtschaft.org\/fr\/agroforst-webinarreihe-planungsgrundsaetze-am-05-dezember-2024\/","og_locale":"fr_FR","og_type":"article","og_title":"Agroforst-Webinarreihe - Planungsgrunds\u00e4tze am 05. Dezember 2024 - Permakultur-Landwirtschaft","og_description":"In einer Webinarreihe vom FiBL teilen erfahrene Agroforst-Expert*innen aus der Schweiz und Europa ihr Wissen","og_url":"https:\/\/permakultur-landwirtschaft.org\/fr\/agroforst-webinarreihe-planungsgrundsaetze-am-05-dezember-2024\/","og_site_name":"Permakultur-Landwirtschaft","article_publisher":"https:\/\/www.facebook.com\/PermakulturLandwirtschaft","article_published_time":"2024-10-25T08:00:14+00:00","article_modified_time":"2024-10-25T08:00:15+00:00","og_image":[{"width":700,"height":466,"url":"https:\/\/permakultur-landwirtschaft.org\/wp-content\/uploads\/2024\/10\/csm_AgroforstanlageFrick_Pfluegen_ThomasAlfoeldi_FiBL_1200_627edb17f5.jpg","type":"image\/jpeg"}],"author":"adrian reutimann","twitter_card":"summary_large_image","twitter_misc":{"\u00c9crit par":"adrian reutimann","Dur\u00e9e de lecture estim\u00e9e":"2 minutes"},"schema":{"@context":"https:\/\/schema.org","@graph":[{"@type":"Article","@id":"https:\/\/permakultur-landwirtschaft.org\/agroforst-webinarreihe-planungsgrundsaetze-am-05-dezember-2024\/#article","isPartOf":{"@id":"https:\/\/permakultur-landwirtschaft.org\/agroforst-webinarreihe-planungsgrundsaetze-am-05-dezember-2024\/"},"author":{"name":"adrian reutimann","@id":"https:\/\/permakultur-landwirtschaft.org\/#\/schema\/person\/6b0467872f75aed3e144093f9bf4f0b0"},"headline":"Agroforst-Webinarreihe &#8211; Planungsgrunds\u00e4tze am 05. Dezember 2024","datePublished":"2024-10-25T08:00:14+00:00","dateModified":"2024-10-25T08:00:15+00:00","mainEntityOfPage":{"@id":"https:\/\/permakultur-landwirtschaft.org\/agroforst-webinarreihe-planungsgrundsaetze-am-05-dezember-2024\/"},"wordCount":175,"publisher":{"@id":"https:\/\/permakultur-landwirtschaft.org\/#organization"},"image":{"@id":"https:\/\/permakultur-landwirtschaft.org\/agroforst-webinarreihe-planungsgrundsaetze-am-05-dezember-2024\/#primaryimage"},"thumbnailUrl":"https:\/\/permakultur-landwirtschaft.org\/wp-content\/uploads\/2024\/10\/csm_AgroforstanlageFrick_Pfluegen_ThomasAlfoeldi_FiBL_1200_627edb17f5.jpg","keywords":["Agroforst","FiBL","Lisa Nilles","Mareike J\u00e4ger","Planungsgrunds\u00e4tze","Webinar"],"articleSection":["Veranstaltung"],"inLanguage":"fr-FR"},{"@type":"WebPage","@id":"https:\/\/permakultur-landwirtschaft.org\/agroforst-webinarreihe-planungsgrundsaetze-am-05-dezember-2024\/","url":"https:\/\/permakultur-landwirtschaft.org\/agroforst-webinarreihe-planungsgrundsaetze-am-05-dezember-2024\/","name":"Agroforst-Webinarreihe - Planungsgrunds\u00e4tze am 05. Dezember 2024 - Permakultur-Landwirtschaft","isPartOf":{"@id":"https:\/\/permakultur-landwirtschaft.org\/#website"},"primaryImageOfPage":{"@id":"https:\/\/permakultur-landwirtschaft.org\/agroforst-webinarreihe-planungsgrundsaetze-am-05-dezember-2024\/#primaryimage"},"image":{"@id":"https:\/\/permakultur-landwirtschaft.org\/agroforst-webinarreihe-planungsgrundsaetze-am-05-dezember-2024\/#primaryimage"},"thumbnailUrl":"https:\/\/permakultur-landwirtschaft.org\/wp-content\/uploads\/2024\/10\/csm_AgroforstanlageFrick_Pfluegen_ThomasAlfoeldi_FiBL_1200_627edb17f5.jpg","datePublished":"2024-10-25T08:00:14+00:00","dateModified":"2024-10-25T08:00:15+00:00","description":"In einer Webinarreihe vom FiBL teilen erfahrene Agroforst-Expert*innen aus der Schweiz und Europa ihr Wissen","breadcrumb":{"@id":"https:\/\/permakultur-landwirtschaft.org\/agroforst-webinarreihe-planungsgrundsaetze-am-05-dezember-2024\/#breadcrumb"},"inLanguage":"fr-FR","potentialAction":[{"@type":"ReadAction","target":["https:\/\/permakultur-landwirtschaft.org\/agroforst-webinarreihe-planungsgrundsaetze-am-05-dezember-2024\/"]}]},{"@type":"ImageObject","inLanguage":"fr-FR","@id":"https:\/\/permakultur-landwirtschaft.org\/agroforst-webinarreihe-planungsgrundsaetze-am-05-dezember-2024\/#primaryimage","url":"https:\/\/permakultur-landwirtschaft.org\/wp-content\/uploads\/2024\/10\/csm_AgroforstanlageFrick_Pfluegen_ThomasAlfoeldi_FiBL_1200_627edb17f5.jpg","contentUrl":"https:\/\/permakultur-landwirtschaft.org\/wp-content\/uploads\/2024\/10\/csm_AgroforstanlageFrick_Pfluegen_ThomasAlfoeldi_FiBL_1200_627edb17f5.jpg","width":700,"height":466,"caption":"Bild: FiBL, Thomas Alf\u00f6ldi"},{"@type":"BreadcrumbList","@id":"https:\/\/permakultur-landwirtschaft.org\/agroforst-webinarreihe-planungsgrundsaetze-am-05-dezember-2024\/#breadcrumb","itemListElement":[{"@type":"ListItem","position":1,"name":"Startseite","item":"https:\/\/permakultur-landwirtschaft.org\/"},{"@type":"ListItem","position":2,"name":"Agroforst-Webinarreihe &#8211; Planungsgrunds\u00e4tze am 05. Dezember 2024"}]},{"@type":"WebSite","@id":"https:\/\/permakultur-landwirtschaft.org\/#website","url":"https:\/\/permakultur-landwirtschaft.org\/","name":"Permakultur-Landwirtschaft","description":"F\u00f6rderung der Permakultur in der Landwirtschaft","publisher":{"@id":"https:\/\/permakultur-landwirtschaft.org\/#organization"},"potentialAction":[{"@type":"SearchAction","target":{"@type":"EntryPoint","urlTemplate":"https:\/\/permakultur-landwirtschaft.org\/?s={search_term_string}"},"query-input":{"@type":"PropertyValueSpecification","valueRequired":true,"valueName":"search_term_string"}}],"inLanguage":"fr-FR"},{"@type":"Organization","@id":"https:\/\/permakultur-landwirtschaft.org\/#organization","name":"Permakultur-Landwirtschaft","alternateName":"Verein Permakultur-Landwirtschaft","url":"https:\/\/permakultur-landwirtschaft.org\/","logo":{"@type":"ImageObject","inLanguage":"fr-FR","@id":"https:\/\/permakultur-landwirtschaft.org\/#\/schema\/logo\/image\/","url":"https:\/\/permakultur-landwirtschaft.org\/wp-content\/uploads\/2021\/11\/pela_1268x1269.png","contentUrl":"https:\/\/permakultur-landwirtschaft.org\/wp-content\/uploads\/2021\/11\/pela_1268x1269.png","width":1298,"height":1269,"caption":"Permakultur-Landwirtschaft"},"image":{"@id":"https:\/\/permakultur-landwirtschaft.org\/#\/schema\/logo\/image\/"},"sameAs":["https:\/\/www.facebook.com\/PermakulturLandwirtschaft","https:\/\/www.instagram.com\/permakultur_landwirtschaft\/","https:\/\/www.flickr.com\/photos\/permakultur-landwirtschaft","https:\/\/www.youtube.com\/@PermakulturLandwirtschaft"]},{"@type":"Person","@id":"https:\/\/permakultur-landwirtschaft.org\/#\/schema\/person\/6b0467872f75aed3e144093f9bf4f0b0","name":"adrian reutimann","url":"https:\/\/permakultur-landwirtschaft.org\/fr\/author\/reutiadr\/"}]}},"_links":{"self":[{"href":"https:\/\/permakultur-landwirtschaft.org\/fr\/wp-json\/wp\/v2\/posts\/35321","targetHints":{"allow":["GET"]}}],"collection":[{"href":"https:\/\/permakultur-landwirtschaft.org\/fr\/wp-json\/wp\/v2\/posts"}],"about":[{"href":"https:\/\/permakultur-landwirtschaft.org\/fr\/wp-json\/wp\/v2\/types\/post"}],"author":[{"embeddable":true,"href":"https:\/\/permakultur-landwirtschaft.org\/fr\/wp-json\/wp\/v2\/users\/2"}],"replies":[{"embeddable":true,"href":"https:\/\/permakultur-landwirtschaft.org\/fr\/wp-json\/wp\/v2\/comments?post=35321"}],"version-history":[{"count":1,"href":"https:\/\/permakultur-landwirtschaft.org\/fr\/wp-json\/wp\/v2\/posts\/35321\/revisions"}],"predecessor-version":[{"id":35322,"href":"https:\/\/permakultur-landwirtschaft.org\/fr\/wp-json\/wp\/v2\/posts\/35321\/revisions\/35322"}],"wp:featuredmedia":[{"embeddable":true,"href":"https:\/\/permakultur-landwirtschaft.org\/fr\/wp-json\/wp\/v2\/media\/35309"}],"wp:attachment":[{"href":"https:\/\/permakultur-landwirtschaft.org\/fr\/wp-json\/wp\/v2\/media?parent=35321"}],"wp:term":[{"taxonomy":"category","embeddable":true,"href":"https:\/\/permakultur-landwirtschaft.org\/fr\/wp-json\/wp\/v2\/categories?post=35321"},{"taxonomy":"post_tag","embeddable":true,"href":"https:\/\/permakultur-landwirtschaft.org\/fr\/wp-json\/wp\/v2\/tags?post=35321"}],"curies":[{"name":"wp","href":"https:\/\/api.w.org\/{rel}","templated":true}]}}