{"id":35311,"date":"2024-09-28T11:45:53","date_gmt":"2024-09-28T09:45:53","guid":{"rendered":"https:\/\/permakultur-landwirtschaft.org\/?p=35311"},"modified":"2024-10-15T11:51:44","modified_gmt":"2024-10-15T09:51:44","slug":"wer-saet-der-erntet-artikel-vom-28-september-2024","status":"publish","type":"post","link":"https:\/\/permakultur-landwirtschaft.org\/fr\/wer-saet-der-erntet-artikel-vom-28-september-2024\/","title":{"rendered":"Wer s\u00e4t, der erntet &#8211; Artikel vom 28. September 2024"},"content":{"rendered":"<p>Text von www.hauptstadt.be:<\/p>\n\n\n\n<p>Ein f\u00fcnfk\u00f6pfiges Team will ab kommendem Jahr auf dem Elfenauhof Biolandwirtschaft betreiben. Die \u00abHauptstadt\u00bb hat die P\u00e4chter*innen bei den Vorbereitungen getroffen.<\/p>\n\n\n\n<p>Und dann wird es auf einmal konkret. F\u00fcnf Menschen streifen \u00fcber Kieswege durch die Berner Elfenau \u2013 nicht etwa als Spazierg\u00e4nger*innen, sondern als P\u00e4chter*innen in spe des st\u00e4dtischen Elfenauhofs. \u00abDas f\u00fchlt sich gut an\u00bb, sagt Benjamin Knoll, 42 Jahre alt. Einige Zeit musste sich das Team gedulden, bis endlich gr\u00fcnes Licht von der Stadt kam. In einem neunmonatigen Auswahlverfahren konnten sich Sabrina Furrer, Mila Laager, Benjamin Knoll, <a href=\"https:\/\/www.hauptstadt.be\/a\/melanie-lehmann-elfenhauhof\" target=\"_blank\" rel=\"noreferrer noopener\">M\u00e9lanie Lehmann<\/a> und Toya Bezzola am Ende gegen drei andere Teams durchsetzen.<\/p>\n\n\n\n<p>Das Land, auf dem sie an diesem Sonntagnachmittag stehen, ist ab Januar ihr Spielfeld, ihr Einflussbereich und ihre Lebensgrundlage. Wie sind die B\u00f6den beschaffen, wie ist der Sonneneinfall, von wo kommen Besucher*innen durchs Areal? Das sind mit einem Mal keine theoretischen Fragen mehr, sondern sie sind matchentscheidend f\u00fcr das Gelingen des gesamten Unternehmens.&nbsp;<\/p>\n\n\n\n<p>Die f\u00fcnf lernten sich auf der Hofbesichtigung im Rahmen der Bewerbung kennen. In rund drei Monaten \u00fcbernehmen die zwischen 27 und 42 Jahre alten P\u00e4chter*innen das Zepter. Schon jetzt steht fest, dass der Elfenauhof kein Hof wie jeder andere ist \u2013&nbsp;und die Pacht eine neue \u00c4ra darstellt.&nbsp;<\/p>\n\n\n\n<p><a href=\"https:\/\/www.hauptstadt.be\/a\/elfenau-bauernhof-neue-paechterinnen-stadtlandwirtschaft-bio\" target=\"_blank\" rel=\"noreferrer noopener\">Link zum Artikel<\/a><\/p>\n\n\n\n<p>Das Team ist auf der Suche nach Spenden und Darlehen f\u00fcr das Projekt. Infos dazu sind im Dossier zu finden.<\/p>\n\n\n\n<p><a href=\"https:\/\/permakultur-landwirtschaft.org\/documents\/ausschreibungen\/20240722_Elfenauhof_Dossier.pdf\" target=\"_blank\" rel=\"noreferrer noopener\">Link zum Dossier<\/a><\/p>","protected":false},"excerpt":{"rendered":"<p>Text von www.hauptstadt.be: Ein f\u00fcnfk\u00f6pfiges Team will ab kommendem Jahr auf dem Elfenauhof Biolandwirtschaft betreiben. Die \u00abHauptstadt\u00bb hat die P\u00e4chter*innen bei den Vorbereitungen getroffen. Und dann wird es auf einmal konkret. F\u00fcnf Menschen streifen \u00fcber Kieswege durch die Berner Elfenau \u2013 nicht etwa als Spazierg\u00e4nger*innen, sondern als P\u00e4chter*innen in spe des st\u00e4dtischen Elfenauhofs. \u00abDas f\u00fchlt [&hellip;]<\/p>\n","protected":false},"author":2,"featured_media":35312,"comment_status":"closed","ping_status":"closed","sticky":false,"template":"","format":"standard","meta":{"_acf_changed":false,"site-sidebar-layout":"default","site-content-layout":"","ast-site-content-layout":"default","site-content-style":"default","site-sidebar-style":"default","ast-global-header-display":"","ast-banner-title-visibility":"","ast-main-header-display":"","ast-hfb-above-header-display":"","ast-hfb-below-header-display":"","ast-hfb-mobile-header-display":"","site-post-title":"","ast-breadcrumbs-content":"","ast-featured-img":"","footer-sml-layout":"","ast-disable-related-posts":"","theme-transparent-header-meta":"","adv-header-id-meta":"","stick-header-meta":"","header-above-stick-meta":"","header-main-stick-meta":"","header-below-stick-meta":"","astra-migrate-meta-layouts":"set","ast-page-background-enabled":"default","ast-page-background-meta":{"desktop":{"background-color":"var(--ast-global-color-4)","background-image":"","background-repeat":"repeat","background-position":"center center","background-size":"auto","background-attachment":"scroll","background-type":"","background-media":"","overlay-type":"","overlay-color":"","overlay-opacity":"","overlay-gradient":""},"tablet":{"background-color":"","background-image":"","background-repeat":"repeat","background-position":"center center","background-size":"auto","background-attachment":"scroll","background-type":"","background-media":"","overlay-type":"","overlay-color":"","overlay-opacity":"","overlay-gradient":""},"mobile":{"background-color":"","background-image":"","background-repeat":"repeat","background-position":"center center","background-size":"auto","background-attachment":"scroll","background-type":"","background-media":"","overlay-type":"","overlay-color":"","overlay-opacity":"","overlay-gradient":""}},"ast-content-background-meta":{"desktop":{"background-color":"var(--ast-global-color-5)","background-image":"","background-repeat":"repeat","background-position":"center center","background-size":"auto","background-attachment":"scroll","background-type":"","background-media":"","overlay-type":"","overlay-color":"","overlay-opacity":"","overlay-gradient":""},"tablet":{"background-color":"var(--ast-global-color-5)","background-image":"","background-repeat":"repeat","background-position":"center center","background-size":"auto","background-attachment":"scroll","background-type":"","background-media":"","overlay-type":"","overlay-color":"","overlay-opacity":"","overlay-gradient":""},"mobile":{"background-color":"var(--ast-global-color-5)","background-image":"","background-repeat":"repeat","background-position":"center center","background-size":"auto","background-attachment":"scroll","background-type":"","background-media":"","overlay-type":"","overlay-color":"","overlay-opacity":"","overlay-gradient":""}},"footnotes":""},"categories":[22],"tags":[307,374,476,477],"class_list":["post-35311","post","type-post","status-publish","format-standard","has-post-thumbnail","hentry","category-neuigkeit","tag-bern","tag-elfenauhof-gmbh","tag-hauptstadt","tag-neue-paechterinnen"],"acf":[],"yoast_head":"<!-- This site is optimized with the Yoast SEO plugin v27.5 - https:\/\/yoast.com\/product\/yoast-seo-wordpress\/ -->\n<title>Wer s\u00e4t, der erntet - Artikel vom 28. September 2024 - Permakultur-Landwirtschaft<\/title>\n<meta name=\"description\" content=\"Ein f\u00fcnfk\u00f6pfiges Team will ab kommendem Jahr auf dem Elfenauhof Biolandwirtschaft betreiben. Die \u00abHauptstadt\u00bb hat die P\u00e4chter*innen getroffen\" \/>\n<meta name=\"robots\" content=\"index, follow, max-snippet:-1, max-image-preview:large, max-video-preview:-1\" \/>\n<link rel=\"canonical\" href=\"https:\/\/permakultur-landwirtschaft.org\/fr\/wer-saet-der-erntet-artikel-vom-28-september-2024\/\" \/>\n<meta property=\"og:locale\" content=\"fr_FR\" \/>\n<meta property=\"og:type\" content=\"article\" \/>\n<meta property=\"og:title\" content=\"Wer s\u00e4t, der erntet - Artikel vom 28. September 2024 - Permakultur-Landwirtschaft\" \/>\n<meta property=\"og:description\" content=\"Ein f\u00fcnfk\u00f6pfiges Team will ab kommendem Jahr auf dem Elfenauhof Biolandwirtschaft betreiben. Die \u00abHauptstadt\u00bb hat die P\u00e4chter*innen getroffen\" \/>\n<meta property=\"og:url\" content=\"https:\/\/permakultur-landwirtschaft.org\/fr\/wer-saet-der-erntet-artikel-vom-28-september-2024\/\" \/>\n<meta property=\"og:site_name\" content=\"Permakultur-Landwirtschaft\" \/>\n<meta property=\"article:publisher\" content=\"https:\/\/www.facebook.com\/PermakulturLandwirtschaft\" \/>\n<meta property=\"article:published_time\" content=\"2024-09-28T09:45:53+00:00\" \/>\n<meta property=\"article:modified_time\" content=\"2024-10-15T09:51:44+00:00\" \/>\n<meta property=\"og:image\" content=\"https:\/\/permakultur-landwirtschaft.org\/wp-content\/uploads\/2024\/10\/20240927_hauptstadt_elfenauhof.png\" \/>\n\t<meta property=\"og:image:width\" content=\"700\" \/>\n\t<meta property=\"og:image:height\" content=\"466\" \/>\n\t<meta property=\"og:image:type\" content=\"image\/png\" \/>\n<meta name=\"author\" content=\"adrian reutimann\" \/>\n<meta name=\"twitter:card\" content=\"summary_large_image\" \/>\n<meta name=\"twitter:label1\" content=\"\u00c9crit par\" \/>\n\t<meta name=\"twitter:data1\" content=\"adrian reutimann\" \/>\n\t<meta name=\"twitter:label2\" content=\"Dur\u00e9e de lecture estim\u00e9e\" \/>\n\t<meta name=\"twitter:data2\" content=\"2 minutes\" \/>\n<script type=\"application\/ld+json\" class=\"yoast-schema-graph\">{\"@context\":\"https:\\\/\\\/schema.org\",\"@graph\":[{\"@type\":\"Article\",\"@id\":\"https:\\\/\\\/permakultur-landwirtschaft.org\\\/wer-saet-der-erntet-artikel-vom-28-september-2024\\\/#article\",\"isPartOf\":{\"@id\":\"https:\\\/\\\/permakultur-landwirtschaft.org\\\/wer-saet-der-erntet-artikel-vom-28-september-2024\\\/\"},\"author\":{\"name\":\"adrian reutimann\",\"@id\":\"https:\\\/\\\/permakultur-landwirtschaft.org\\\/#\\\/schema\\\/person\\\/6b0467872f75aed3e144093f9bf4f0b0\"},\"headline\":\"Wer s\u00e4t, der erntet &#8211; Artikel vom 28. September 2024\",\"datePublished\":\"2024-09-28T09:45:53+00:00\",\"dateModified\":\"2024-10-15T09:51:44+00:00\",\"mainEntityOfPage\":{\"@id\":\"https:\\\/\\\/permakultur-landwirtschaft.org\\\/wer-saet-der-erntet-artikel-vom-28-september-2024\\\/\"},\"wordCount\":259,\"publisher\":{\"@id\":\"https:\\\/\\\/permakultur-landwirtschaft.org\\\/#organization\"},\"image\":{\"@id\":\"https:\\\/\\\/permakultur-landwirtschaft.org\\\/wer-saet-der-erntet-artikel-vom-28-september-2024\\\/#primaryimage\"},\"thumbnailUrl\":\"https:\\\/\\\/permakultur-landwirtschaft.org\\\/wp-content\\\/uploads\\\/2024\\\/10\\\/20240927_hauptstadt_elfenauhof.png\",\"keywords\":[\"Bern\",\"Elfenauhof GmbH\",\"Hauptstadt\",\"neue P\u00e4chter*innen\"],\"articleSection\":[\"Neuigkeit\"],\"inLanguage\":\"fr-FR\"},{\"@type\":\"WebPage\",\"@id\":\"https:\\\/\\\/permakultur-landwirtschaft.org\\\/wer-saet-der-erntet-artikel-vom-28-september-2024\\\/\",\"url\":\"https:\\\/\\\/permakultur-landwirtschaft.org\\\/wer-saet-der-erntet-artikel-vom-28-september-2024\\\/\",\"name\":\"Wer s\u00e4t, der erntet - Artikel vom 28. September 2024 - Permakultur-Landwirtschaft\",\"isPartOf\":{\"@id\":\"https:\\\/\\\/permakultur-landwirtschaft.org\\\/#website\"},\"primaryImageOfPage\":{\"@id\":\"https:\\\/\\\/permakultur-landwirtschaft.org\\\/wer-saet-der-erntet-artikel-vom-28-september-2024\\\/#primaryimage\"},\"image\":{\"@id\":\"https:\\\/\\\/permakultur-landwirtschaft.org\\\/wer-saet-der-erntet-artikel-vom-28-september-2024\\\/#primaryimage\"},\"thumbnailUrl\":\"https:\\\/\\\/permakultur-landwirtschaft.org\\\/wp-content\\\/uploads\\\/2024\\\/10\\\/20240927_hauptstadt_elfenauhof.png\",\"datePublished\":\"2024-09-28T09:45:53+00:00\",\"dateModified\":\"2024-10-15T09:51:44+00:00\",\"description\":\"Ein f\u00fcnfk\u00f6pfiges Team will ab kommendem Jahr auf dem Elfenauhof Biolandwirtschaft betreiben. Die \u00abHauptstadt\u00bb hat die P\u00e4chter*innen getroffen\",\"breadcrumb\":{\"@id\":\"https:\\\/\\\/permakultur-landwirtschaft.org\\\/wer-saet-der-erntet-artikel-vom-28-september-2024\\\/#breadcrumb\"},\"inLanguage\":\"fr-FR\",\"potentialAction\":[{\"@type\":\"ReadAction\",\"target\":[\"https:\\\/\\\/permakultur-landwirtschaft.org\\\/wer-saet-der-erntet-artikel-vom-28-september-2024\\\/\"]}]},{\"@type\":\"ImageObject\",\"inLanguage\":\"fr-FR\",\"@id\":\"https:\\\/\\\/permakultur-landwirtschaft.org\\\/wer-saet-der-erntet-artikel-vom-28-september-2024\\\/#primaryimage\",\"url\":\"https:\\\/\\\/permakultur-landwirtschaft.org\\\/wp-content\\\/uploads\\\/2024\\\/10\\\/20240927_hauptstadt_elfenauhof.png\",\"contentUrl\":\"https:\\\/\\\/permakultur-landwirtschaft.org\\\/wp-content\\\/uploads\\\/2024\\\/10\\\/20240927_hauptstadt_elfenauhof.png\",\"width\":700,\"height\":466,\"caption\":\"Bild: Daniel B\u00fcrgin\"},{\"@type\":\"BreadcrumbList\",\"@id\":\"https:\\\/\\\/permakultur-landwirtschaft.org\\\/wer-saet-der-erntet-artikel-vom-28-september-2024\\\/#breadcrumb\",\"itemListElement\":[{\"@type\":\"ListItem\",\"position\":1,\"name\":\"Startseite\",\"item\":\"https:\\\/\\\/permakultur-landwirtschaft.org\\\/\"},{\"@type\":\"ListItem\",\"position\":2,\"name\":\"Wer s\u00e4t, der erntet &#8211; Artikel vom 28. September 2024\"}]},{\"@type\":\"WebSite\",\"@id\":\"https:\\\/\\\/permakultur-landwirtschaft.org\\\/#website\",\"url\":\"https:\\\/\\\/permakultur-landwirtschaft.org\\\/\",\"name\":\"Permakultur-Landwirtschaft\",\"description\":\"F\u00f6rderung der Permakultur in der Landwirtschaft\",\"publisher\":{\"@id\":\"https:\\\/\\\/permakultur-landwirtschaft.org\\\/#organization\"},\"potentialAction\":[{\"@type\":\"SearchAction\",\"target\":{\"@type\":\"EntryPoint\",\"urlTemplate\":\"https:\\\/\\\/permakultur-landwirtschaft.org\\\/?s={search_term_string}\"},\"query-input\":{\"@type\":\"PropertyValueSpecification\",\"valueRequired\":true,\"valueName\":\"search_term_string\"}}],\"inLanguage\":\"fr-FR\"},{\"@type\":\"Organization\",\"@id\":\"https:\\\/\\\/permakultur-landwirtschaft.org\\\/#organization\",\"name\":\"Permakultur-Landwirtschaft\",\"alternateName\":\"Verein Permakultur-Landwirtschaft\",\"url\":\"https:\\\/\\\/permakultur-landwirtschaft.org\\\/\",\"logo\":{\"@type\":\"ImageObject\",\"inLanguage\":\"fr-FR\",\"@id\":\"https:\\\/\\\/permakultur-landwirtschaft.org\\\/#\\\/schema\\\/logo\\\/image\\\/\",\"url\":\"https:\\\/\\\/permakultur-landwirtschaft.org\\\/wp-content\\\/uploads\\\/2021\\\/11\\\/pela_1268x1269.png\",\"contentUrl\":\"https:\\\/\\\/permakultur-landwirtschaft.org\\\/wp-content\\\/uploads\\\/2021\\\/11\\\/pela_1268x1269.png\",\"width\":1298,\"height\":1269,\"caption\":\"Permakultur-Landwirtschaft\"},\"image\":{\"@id\":\"https:\\\/\\\/permakultur-landwirtschaft.org\\\/#\\\/schema\\\/logo\\\/image\\\/\"},\"sameAs\":[\"https:\\\/\\\/www.facebook.com\\\/PermakulturLandwirtschaft\",\"https:\\\/\\\/www.instagram.com\\\/permakultur_landwirtschaft\\\/\",\"https:\\\/\\\/www.flickr.com\\\/photos\\\/permakultur-landwirtschaft\",\"https:\\\/\\\/www.youtube.com\\\/@PermakulturLandwirtschaft\"]},{\"@type\":\"Person\",\"@id\":\"https:\\\/\\\/permakultur-landwirtschaft.org\\\/#\\\/schema\\\/person\\\/6b0467872f75aed3e144093f9bf4f0b0\",\"name\":\"adrian reutimann\",\"url\":\"https:\\\/\\\/permakultur-landwirtschaft.org\\\/fr\\\/author\\\/reutiadr\\\/\"}]}<\/script>\n<!-- \/ Yoast SEO plugin. -->","yoast_head_json":{"title":"Wer s\u00e4t, der erntet - Artikel vom 28. September 2024 - Permakultur-Landwirtschaft","description":"Ein f\u00fcnfk\u00f6pfiges Team will ab kommendem Jahr auf dem Elfenauhof Biolandwirtschaft betreiben. Die \u00abHauptstadt\u00bb hat die P\u00e4chter*innen getroffen","robots":{"index":"index","follow":"follow","max-snippet":"max-snippet:-1","max-image-preview":"max-image-preview:large","max-video-preview":"max-video-preview:-1"},"canonical":"https:\/\/permakultur-landwirtschaft.org\/fr\/wer-saet-der-erntet-artikel-vom-28-september-2024\/","og_locale":"fr_FR","og_type":"article","og_title":"Wer s\u00e4t, der erntet - Artikel vom 28. September 2024 - Permakultur-Landwirtschaft","og_description":"Ein f\u00fcnfk\u00f6pfiges Team will ab kommendem Jahr auf dem Elfenauhof Biolandwirtschaft betreiben. Die \u00abHauptstadt\u00bb hat die P\u00e4chter*innen getroffen","og_url":"https:\/\/permakultur-landwirtschaft.org\/fr\/wer-saet-der-erntet-artikel-vom-28-september-2024\/","og_site_name":"Permakultur-Landwirtschaft","article_publisher":"https:\/\/www.facebook.com\/PermakulturLandwirtschaft","article_published_time":"2024-09-28T09:45:53+00:00","article_modified_time":"2024-10-15T09:51:44+00:00","og_image":[{"width":700,"height":466,"url":"https:\/\/permakultur-landwirtschaft.org\/wp-content\/uploads\/2024\/10\/20240927_hauptstadt_elfenauhof.png","type":"image\/png"}],"author":"adrian reutimann","twitter_card":"summary_large_image","twitter_misc":{"\u00c9crit par":"adrian reutimann","Dur\u00e9e de lecture estim\u00e9e":"2 minutes"},"schema":{"@context":"https:\/\/schema.org","@graph":[{"@type":"Article","@id":"https:\/\/permakultur-landwirtschaft.org\/wer-saet-der-erntet-artikel-vom-28-september-2024\/#article","isPartOf":{"@id":"https:\/\/permakultur-landwirtschaft.org\/wer-saet-der-erntet-artikel-vom-28-september-2024\/"},"author":{"name":"adrian reutimann","@id":"https:\/\/permakultur-landwirtschaft.org\/#\/schema\/person\/6b0467872f75aed3e144093f9bf4f0b0"},"headline":"Wer s\u00e4t, der erntet &#8211; Artikel vom 28. September 2024","datePublished":"2024-09-28T09:45:53+00:00","dateModified":"2024-10-15T09:51:44+00:00","mainEntityOfPage":{"@id":"https:\/\/permakultur-landwirtschaft.org\/wer-saet-der-erntet-artikel-vom-28-september-2024\/"},"wordCount":259,"publisher":{"@id":"https:\/\/permakultur-landwirtschaft.org\/#organization"},"image":{"@id":"https:\/\/permakultur-landwirtschaft.org\/wer-saet-der-erntet-artikel-vom-28-september-2024\/#primaryimage"},"thumbnailUrl":"https:\/\/permakultur-landwirtschaft.org\/wp-content\/uploads\/2024\/10\/20240927_hauptstadt_elfenauhof.png","keywords":["Bern","Elfenauhof GmbH","Hauptstadt","neue P\u00e4chter*innen"],"articleSection":["Neuigkeit"],"inLanguage":"fr-FR"},{"@type":"WebPage","@id":"https:\/\/permakultur-landwirtschaft.org\/wer-saet-der-erntet-artikel-vom-28-september-2024\/","url":"https:\/\/permakultur-landwirtschaft.org\/wer-saet-der-erntet-artikel-vom-28-september-2024\/","name":"Wer s\u00e4t, der erntet - Artikel vom 28. September 2024 - Permakultur-Landwirtschaft","isPartOf":{"@id":"https:\/\/permakultur-landwirtschaft.org\/#website"},"primaryImageOfPage":{"@id":"https:\/\/permakultur-landwirtschaft.org\/wer-saet-der-erntet-artikel-vom-28-september-2024\/#primaryimage"},"image":{"@id":"https:\/\/permakultur-landwirtschaft.org\/wer-saet-der-erntet-artikel-vom-28-september-2024\/#primaryimage"},"thumbnailUrl":"https:\/\/permakultur-landwirtschaft.org\/wp-content\/uploads\/2024\/10\/20240927_hauptstadt_elfenauhof.png","datePublished":"2024-09-28T09:45:53+00:00","dateModified":"2024-10-15T09:51:44+00:00","description":"Ein f\u00fcnfk\u00f6pfiges Team will ab kommendem Jahr auf dem Elfenauhof Biolandwirtschaft betreiben. Die \u00abHauptstadt\u00bb hat die P\u00e4chter*innen getroffen","breadcrumb":{"@id":"https:\/\/permakultur-landwirtschaft.org\/wer-saet-der-erntet-artikel-vom-28-september-2024\/#breadcrumb"},"inLanguage":"fr-FR","potentialAction":[{"@type":"ReadAction","target":["https:\/\/permakultur-landwirtschaft.org\/wer-saet-der-erntet-artikel-vom-28-september-2024\/"]}]},{"@type":"ImageObject","inLanguage":"fr-FR","@id":"https:\/\/permakultur-landwirtschaft.org\/wer-saet-der-erntet-artikel-vom-28-september-2024\/#primaryimage","url":"https:\/\/permakultur-landwirtschaft.org\/wp-content\/uploads\/2024\/10\/20240927_hauptstadt_elfenauhof.png","contentUrl":"https:\/\/permakultur-landwirtschaft.org\/wp-content\/uploads\/2024\/10\/20240927_hauptstadt_elfenauhof.png","width":700,"height":466,"caption":"Bild: Daniel B\u00fcrgin"},{"@type":"BreadcrumbList","@id":"https:\/\/permakultur-landwirtschaft.org\/wer-saet-der-erntet-artikel-vom-28-september-2024\/#breadcrumb","itemListElement":[{"@type":"ListItem","position":1,"name":"Startseite","item":"https:\/\/permakultur-landwirtschaft.org\/"},{"@type":"ListItem","position":2,"name":"Wer s\u00e4t, der erntet &#8211; Artikel vom 28. September 2024"}]},{"@type":"WebSite","@id":"https:\/\/permakultur-landwirtschaft.org\/#website","url":"https:\/\/permakultur-landwirtschaft.org\/","name":"Permakultur-Landwirtschaft","description":"F\u00f6rderung der Permakultur in der Landwirtschaft","publisher":{"@id":"https:\/\/permakultur-landwirtschaft.org\/#organization"},"potentialAction":[{"@type":"SearchAction","target":{"@type":"EntryPoint","urlTemplate":"https:\/\/permakultur-landwirtschaft.org\/?s={search_term_string}"},"query-input":{"@type":"PropertyValueSpecification","valueRequired":true,"valueName":"search_term_string"}}],"inLanguage":"fr-FR"},{"@type":"Organization","@id":"https:\/\/permakultur-landwirtschaft.org\/#organization","name":"Permakultur-Landwirtschaft","alternateName":"Verein Permakultur-Landwirtschaft","url":"https:\/\/permakultur-landwirtschaft.org\/","logo":{"@type":"ImageObject","inLanguage":"fr-FR","@id":"https:\/\/permakultur-landwirtschaft.org\/#\/schema\/logo\/image\/","url":"https:\/\/permakultur-landwirtschaft.org\/wp-content\/uploads\/2021\/11\/pela_1268x1269.png","contentUrl":"https:\/\/permakultur-landwirtschaft.org\/wp-content\/uploads\/2021\/11\/pela_1268x1269.png","width":1298,"height":1269,"caption":"Permakultur-Landwirtschaft"},"image":{"@id":"https:\/\/permakultur-landwirtschaft.org\/#\/schema\/logo\/image\/"},"sameAs":["https:\/\/www.facebook.com\/PermakulturLandwirtschaft","https:\/\/www.instagram.com\/permakultur_landwirtschaft\/","https:\/\/www.flickr.com\/photos\/permakultur-landwirtschaft","https:\/\/www.youtube.com\/@PermakulturLandwirtschaft"]},{"@type":"Person","@id":"https:\/\/permakultur-landwirtschaft.org\/#\/schema\/person\/6b0467872f75aed3e144093f9bf4f0b0","name":"adrian reutimann","url":"https:\/\/permakultur-landwirtschaft.org\/fr\/author\/reutiadr\/"}]}},"_links":{"self":[{"href":"https:\/\/permakultur-landwirtschaft.org\/fr\/wp-json\/wp\/v2\/posts\/35311","targetHints":{"allow":["GET"]}}],"collection":[{"href":"https:\/\/permakultur-landwirtschaft.org\/fr\/wp-json\/wp\/v2\/posts"}],"about":[{"href":"https:\/\/permakultur-landwirtschaft.org\/fr\/wp-json\/wp\/v2\/types\/post"}],"author":[{"embeddable":true,"href":"https:\/\/permakultur-landwirtschaft.org\/fr\/wp-json\/wp\/v2\/users\/2"}],"replies":[{"embeddable":true,"href":"https:\/\/permakultur-landwirtschaft.org\/fr\/wp-json\/wp\/v2\/comments?post=35311"}],"version-history":[{"count":1,"href":"https:\/\/permakultur-landwirtschaft.org\/fr\/wp-json\/wp\/v2\/posts\/35311\/revisions"}],"predecessor-version":[{"id":35313,"href":"https:\/\/permakultur-landwirtschaft.org\/fr\/wp-json\/wp\/v2\/posts\/35311\/revisions\/35313"}],"wp:featuredmedia":[{"embeddable":true,"href":"https:\/\/permakultur-landwirtschaft.org\/fr\/wp-json\/wp\/v2\/media\/35312"}],"wp:attachment":[{"href":"https:\/\/permakultur-landwirtschaft.org\/fr\/wp-json\/wp\/v2\/media?parent=35311"}],"wp:term":[{"taxonomy":"category","embeddable":true,"href":"https:\/\/permakultur-landwirtschaft.org\/fr\/wp-json\/wp\/v2\/categories?post=35311"},{"taxonomy":"post_tag","embeddable":true,"href":"https:\/\/permakultur-landwirtschaft.org\/fr\/wp-json\/wp\/v2\/tags?post=35311"}],"curies":[{"name":"wp","href":"https:\/\/api.w.org\/{rel}","templated":true}]}}