{"id":35294,"date":"2024-10-03T11:59:38","date_gmt":"2024-10-03T09:59:38","guid":{"rendered":"https:\/\/permakultur-landwirtschaft.org\/?p=35294"},"modified":"2024-10-03T11:59:39","modified_gmt":"2024-10-03T09:59:39","slug":"research-for-agroecology-focus-agroforestry-online-event-am-23-oktober-2024","status":"publish","type":"post","link":"https:\/\/permakultur-landwirtschaft.org\/fr\/research-for-agroecology-focus-agroforestry-online-event-am-23-oktober-2024\/","title":{"rendered":"Research for agroecology &#8211; focus agroforestry &#8211; online event am 23. Oktober 2024"},"content":{"rendered":"<p>Text von www.agroecologyworks.ch:<\/p>\n\n\n\n<p>In this online event we will present scientific agroecology projects (focus agroforestry) to show what is beeing reserched, give hope, show that &#171;agroecology works&#187; and give interested students and researchers information to get involved in agroecological research.<\/p>\n\n\n\n<p>We are planning 1h input, followed by questions from the audience.<\/p>\n\n\n\n<p>Welcome &amp; short introduction &#8211; Mila Laager, HAFL<br>Part 1 &#8211; 15 -20&#8242; &#171;agroecology works!&#187; &#8211; impact of agroforestry systems in vegetation and soils in Brazil (study results) &#8211; (Prof. Aldo Sales, Universidad Federal de Pernambuco, Brazil) https:\/\/centrosabia.org.br\/download\/quantificacao-dos-servicos-ambientais-em-agroflorestas-e-areas-de-monocultivo-tradicional-na-zona-da-mata-e-no-semiarido-pernambucano\/#, with a short introduction by Carlos Magno, director of Centro Sabia, Brazil)<br>Part 2 &#8211; 15&#8242; What are the results of scientific studies on syntropic agriculture? (Prof. Dr. Johanna Jakobi, ETH)<br>Part 3 &#8211; 15&#8242; Can agroecology secure the fragile livelihoods of smallholders in the Philippines? (Prof. Dr. Gurbir Bhullar, HAFL) -&gt; https:\/\/www.bfh.ch\/en\/news\/news\/2022\/mit-bananen-eine-neue-zukunft-schaffen\/<br>Part 4 &#8211; 5-10\u2019 Agroecology Team at HAFL. Research projects &amp; Agroforestry Module (Dominik F\u00fcglistaller) -&gt; https:\/\/www.bfh.ch\/de\/forschung\/forschungsbereiche\/pflanzenschutz-agraroekologie\/<br>Part 5 &#8211; Questions and Inputs from Audience<\/p>\n\n\n\n<p><a href=\"https:\/\/www.agroecologyworks.ch\/de\/tage-der-agraroekologie\/2024\/events\/einblick-in-die-agraroekologische-forschung-der-hafl\" target=\"_blank\" rel=\"noreferrer noopener\">Link zu mehr Infos<\/a><\/p>","protected":false},"excerpt":{"rendered":"<p>Text von www.agroecologyworks.ch: In this online event we will present scientific agroecology projects (focus agroforestry) to show what is beeing reserched, give hope, show that &#171;agroecology works&#187; and give interested students and researchers information to get involved in agroecological research. We are planning 1h input, followed by questions from the audience. Welcome &amp; short introduction [&hellip;]<\/p>\n","protected":false},"author":2,"featured_media":35295,"comment_status":"closed","ping_status":"closed","sticky":false,"template":"","format":"standard","meta":{"_acf_changed":false,"site-sidebar-layout":"default","site-content-layout":"","ast-site-content-layout":"default","site-content-style":"default","site-sidebar-style":"default","ast-global-header-display":"","ast-banner-title-visibility":"","ast-main-header-display":"","ast-hfb-above-header-display":"","ast-hfb-below-header-display":"","ast-hfb-mobile-header-display":"","site-post-title":"","ast-breadcrumbs-content":"","ast-featured-img":"","footer-sml-layout":"","ast-disable-related-posts":"","theme-transparent-header-meta":"","adv-header-id-meta":"","stick-header-meta":"","header-above-stick-meta":"","header-main-stick-meta":"","header-below-stick-meta":"","astra-migrate-meta-layouts":"set","ast-page-background-enabled":"default","ast-page-background-meta":{"desktop":{"background-color":"var(--ast-global-color-4)","background-image":"","background-repeat":"repeat","background-position":"center center","background-size":"auto","background-attachment":"scroll","background-type":"","background-media":"","overlay-type":"","overlay-color":"","overlay-opacity":"","overlay-gradient":""},"tablet":{"background-color":"","background-image":"","background-repeat":"repeat","background-position":"center center","background-size":"auto","background-attachment":"scroll","background-type":"","background-media":"","overlay-type":"","overlay-color":"","overlay-opacity":"","overlay-gradient":""},"mobile":{"background-color":"","background-image":"","background-repeat":"repeat","background-position":"center center","background-size":"auto","background-attachment":"scroll","background-type":"","background-media":"","overlay-type":"","overlay-color":"","overlay-opacity":"","overlay-gradient":""}},"ast-content-background-meta":{"desktop":{"background-color":"var(--ast-global-color-5)","background-image":"","background-repeat":"repeat","background-position":"center center","background-size":"auto","background-attachment":"scroll","background-type":"","background-media":"","overlay-type":"","overlay-color":"","overlay-opacity":"","overlay-gradient":""},"tablet":{"background-color":"var(--ast-global-color-5)","background-image":"","background-repeat":"repeat","background-position":"center center","background-size":"auto","background-attachment":"scroll","background-type":"","background-media":"","overlay-type":"","overlay-color":"","overlay-opacity":"","overlay-gradient":""},"mobile":{"background-color":"var(--ast-global-color-5)","background-image":"","background-repeat":"repeat","background-position":"center center","background-size":"auto","background-attachment":"scroll","background-type":"","background-media":"","overlay-type":"","overlay-color":"","overlay-opacity":"","overlay-gradient":""}},"footnotes":""},"categories":[14],"tags":[247,464,153,300,436],"class_list":["post-35294","post","type-post","status-publish","format-standard","has-post-thumbnail","hentry","category-veranstaltung","tag-agroecology","tag-agroforestry","tag-bfh-hafl","tag-research","tag-tage-der-agraroekologie"],"acf":[],"yoast_head":"<!-- This site is optimized with the Yoast SEO plugin v27.5 - https:\/\/yoast.com\/product\/yoast-seo-wordpress\/ -->\n<title>Research for agroecology - focus agroforestry - online event am 23. Oktober 2024 - Permakultur-Landwirtschaft<\/title>\n<meta name=\"description\" content=\"In this online event we will present scientific agroecology projects (focus agroforestry) to show what is beeing reserched.\" \/>\n<meta name=\"robots\" content=\"index, follow, max-snippet:-1, max-image-preview:large, max-video-preview:-1\" \/>\n<link rel=\"canonical\" href=\"https:\/\/permakultur-landwirtschaft.org\/fr\/research-for-agroecology-focus-agroforestry-online-event-am-23-oktober-2024\/\" \/>\n<meta property=\"og:locale\" content=\"fr_FR\" \/>\n<meta property=\"og:type\" content=\"article\" \/>\n<meta property=\"og:title\" content=\"Research for agroecology - focus agroforestry - online event am 23. Oktober 2024 - Permakultur-Landwirtschaft\" \/>\n<meta property=\"og:description\" content=\"In this online event we will present scientific agroecology projects (focus agroforestry) to show what is beeing reserched.\" \/>\n<meta property=\"og:url\" content=\"https:\/\/permakultur-landwirtschaft.org\/fr\/research-for-agroecology-focus-agroforestry-online-event-am-23-oktober-2024\/\" \/>\n<meta property=\"og:site_name\" content=\"Permakultur-Landwirtschaft\" \/>\n<meta property=\"article:publisher\" content=\"https:\/\/www.facebook.com\/PermakulturLandwirtschaft\" \/>\n<meta property=\"article:published_time\" content=\"2024-10-03T09:59:38+00:00\" \/>\n<meta property=\"article:modified_time\" content=\"2024-10-03T09:59:39+00:00\" \/>\n<meta property=\"og:image\" content=\"https:\/\/permakultur-landwirtschaft.org\/wp-content\/uploads\/2024\/10\/beitrag-bhullar_-ausblick_1400_700-1200x.jpg\" \/>\n\t<meta property=\"og:image:width\" content=\"700\" \/>\n\t<meta property=\"og:image:height\" content=\"350\" \/>\n\t<meta property=\"og:image:type\" content=\"image\/jpeg\" \/>\n<meta name=\"author\" content=\"adrian reutimann\" \/>\n<meta name=\"twitter:card\" content=\"summary_large_image\" \/>\n<meta name=\"twitter:label1\" content=\"\u00c9crit par\" \/>\n\t<meta name=\"twitter:data1\" content=\"adrian reutimann\" \/>\n\t<meta name=\"twitter:label2\" content=\"Dur\u00e9e de lecture estim\u00e9e\" \/>\n\t<meta name=\"twitter:data2\" content=\"2 minutes\" \/>\n<script type=\"application\/ld+json\" class=\"yoast-schema-graph\">{\"@context\":\"https:\\\/\\\/schema.org\",\"@graph\":[{\"@type\":\"Article\",\"@id\":\"https:\\\/\\\/permakultur-landwirtschaft.org\\\/research-for-agroecology-focus-agroforestry-online-event-am-23-oktober-2024\\\/#article\",\"isPartOf\":{\"@id\":\"https:\\\/\\\/permakultur-landwirtschaft.org\\\/research-for-agroecology-focus-agroforestry-online-event-am-23-oktober-2024\\\/\"},\"author\":{\"name\":\"adrian reutimann\",\"@id\":\"https:\\\/\\\/permakultur-landwirtschaft.org\\\/#\\\/schema\\\/person\\\/6b0467872f75aed3e144093f9bf4f0b0\"},\"headline\":\"Research for agroecology &#8211; focus agroforestry &#8211; online event am 23. Oktober 2024\",\"datePublished\":\"2024-10-03T09:59:38+00:00\",\"dateModified\":\"2024-10-03T09:59:39+00:00\",\"mainEntityOfPage\":{\"@id\":\"https:\\\/\\\/permakultur-landwirtschaft.org\\\/research-for-agroecology-focus-agroforestry-online-event-am-23-oktober-2024\\\/\"},\"wordCount\":197,\"publisher\":{\"@id\":\"https:\\\/\\\/permakultur-landwirtschaft.org\\\/#organization\"},\"image\":{\"@id\":\"https:\\\/\\\/permakultur-landwirtschaft.org\\\/research-for-agroecology-focus-agroforestry-online-event-am-23-oktober-2024\\\/#primaryimage\"},\"thumbnailUrl\":\"https:\\\/\\\/permakultur-landwirtschaft.org\\\/wp-content\\\/uploads\\\/2024\\\/10\\\/beitrag-bhullar_-ausblick_1400_700-1200x.jpg\",\"keywords\":[\"Agroecology\",\"Agroforestry\",\"BFH-HAFL\",\"Research\",\"Tage der Agrar\u00f6kologie\"],\"articleSection\":[\"Veranstaltung\"],\"inLanguage\":\"fr-FR\"},{\"@type\":\"WebPage\",\"@id\":\"https:\\\/\\\/permakultur-landwirtschaft.org\\\/research-for-agroecology-focus-agroforestry-online-event-am-23-oktober-2024\\\/\",\"url\":\"https:\\\/\\\/permakultur-landwirtschaft.org\\\/research-for-agroecology-focus-agroforestry-online-event-am-23-oktober-2024\\\/\",\"name\":\"Research for agroecology - focus agroforestry - online event am 23. Oktober 2024 - Permakultur-Landwirtschaft\",\"isPartOf\":{\"@id\":\"https:\\\/\\\/permakultur-landwirtschaft.org\\\/#website\"},\"primaryImageOfPage\":{\"@id\":\"https:\\\/\\\/permakultur-landwirtschaft.org\\\/research-for-agroecology-focus-agroforestry-online-event-am-23-oktober-2024\\\/#primaryimage\"},\"image\":{\"@id\":\"https:\\\/\\\/permakultur-landwirtschaft.org\\\/research-for-agroecology-focus-agroforestry-online-event-am-23-oktober-2024\\\/#primaryimage\"},\"thumbnailUrl\":\"https:\\\/\\\/permakultur-landwirtschaft.org\\\/wp-content\\\/uploads\\\/2024\\\/10\\\/beitrag-bhullar_-ausblick_1400_700-1200x.jpg\",\"datePublished\":\"2024-10-03T09:59:38+00:00\",\"dateModified\":\"2024-10-03T09:59:39+00:00\",\"description\":\"In this online event we will present scientific agroecology projects (focus agroforestry) to show what is beeing reserched.\",\"breadcrumb\":{\"@id\":\"https:\\\/\\\/permakultur-landwirtschaft.org\\\/research-for-agroecology-focus-agroforestry-online-event-am-23-oktober-2024\\\/#breadcrumb\"},\"inLanguage\":\"fr-FR\",\"potentialAction\":[{\"@type\":\"ReadAction\",\"target\":[\"https:\\\/\\\/permakultur-landwirtschaft.org\\\/research-for-agroecology-focus-agroforestry-online-event-am-23-oktober-2024\\\/\"]}]},{\"@type\":\"ImageObject\",\"inLanguage\":\"fr-FR\",\"@id\":\"https:\\\/\\\/permakultur-landwirtschaft.org\\\/research-for-agroecology-focus-agroforestry-online-event-am-23-oktober-2024\\\/#primaryimage\",\"url\":\"https:\\\/\\\/permakultur-landwirtschaft.org\\\/wp-content\\\/uploads\\\/2024\\\/10\\\/beitrag-bhullar_-ausblick_1400_700-1200x.jpg\",\"contentUrl\":\"https:\\\/\\\/permakultur-landwirtschaft.org\\\/wp-content\\\/uploads\\\/2024\\\/10\\\/beitrag-bhullar_-ausblick_1400_700-1200x.jpg\",\"width\":700,\"height\":350,\"caption\":\"Bild: www.bfh.ch\"},{\"@type\":\"BreadcrumbList\",\"@id\":\"https:\\\/\\\/permakultur-landwirtschaft.org\\\/research-for-agroecology-focus-agroforestry-online-event-am-23-oktober-2024\\\/#breadcrumb\",\"itemListElement\":[{\"@type\":\"ListItem\",\"position\":1,\"name\":\"Startseite\",\"item\":\"https:\\\/\\\/permakultur-landwirtschaft.org\\\/\"},{\"@type\":\"ListItem\",\"position\":2,\"name\":\"Research for agroecology &#8211; focus agroforestry &#8211; online event am 23. Oktober 2024\"}]},{\"@type\":\"WebSite\",\"@id\":\"https:\\\/\\\/permakultur-landwirtschaft.org\\\/#website\",\"url\":\"https:\\\/\\\/permakultur-landwirtschaft.org\\\/\",\"name\":\"Permakultur-Landwirtschaft\",\"description\":\"F\u00f6rderung der Permakultur in der Landwirtschaft\",\"publisher\":{\"@id\":\"https:\\\/\\\/permakultur-landwirtschaft.org\\\/#organization\"},\"potentialAction\":[{\"@type\":\"SearchAction\",\"target\":{\"@type\":\"EntryPoint\",\"urlTemplate\":\"https:\\\/\\\/permakultur-landwirtschaft.org\\\/?s={search_term_string}\"},\"query-input\":{\"@type\":\"PropertyValueSpecification\",\"valueRequired\":true,\"valueName\":\"search_term_string\"}}],\"inLanguage\":\"fr-FR\"},{\"@type\":\"Organization\",\"@id\":\"https:\\\/\\\/permakultur-landwirtschaft.org\\\/#organization\",\"name\":\"Permakultur-Landwirtschaft\",\"alternateName\":\"Verein Permakultur-Landwirtschaft\",\"url\":\"https:\\\/\\\/permakultur-landwirtschaft.org\\\/\",\"logo\":{\"@type\":\"ImageObject\",\"inLanguage\":\"fr-FR\",\"@id\":\"https:\\\/\\\/permakultur-landwirtschaft.org\\\/#\\\/schema\\\/logo\\\/image\\\/\",\"url\":\"https:\\\/\\\/permakultur-landwirtschaft.org\\\/wp-content\\\/uploads\\\/2021\\\/11\\\/pela_1268x1269.png\",\"contentUrl\":\"https:\\\/\\\/permakultur-landwirtschaft.org\\\/wp-content\\\/uploads\\\/2021\\\/11\\\/pela_1268x1269.png\",\"width\":1298,\"height\":1269,\"caption\":\"Permakultur-Landwirtschaft\"},\"image\":{\"@id\":\"https:\\\/\\\/permakultur-landwirtschaft.org\\\/#\\\/schema\\\/logo\\\/image\\\/\"},\"sameAs\":[\"https:\\\/\\\/www.facebook.com\\\/PermakulturLandwirtschaft\",\"https:\\\/\\\/www.instagram.com\\\/permakultur_landwirtschaft\\\/\",\"https:\\\/\\\/www.flickr.com\\\/photos\\\/permakultur-landwirtschaft\",\"https:\\\/\\\/www.youtube.com\\\/@PermakulturLandwirtschaft\"]},{\"@type\":\"Person\",\"@id\":\"https:\\\/\\\/permakultur-landwirtschaft.org\\\/#\\\/schema\\\/person\\\/6b0467872f75aed3e144093f9bf4f0b0\",\"name\":\"adrian reutimann\",\"url\":\"https:\\\/\\\/permakultur-landwirtschaft.org\\\/fr\\\/author\\\/reutiadr\\\/\"}]}<\/script>\n<!-- \/ Yoast SEO plugin. -->","yoast_head_json":{"title":"Research for agroecology - focus agroforestry - online event am 23. Oktober 2024 - Permakultur-Landwirtschaft","description":"In this online event we will present scientific agroecology projects (focus agroforestry) to show what is beeing reserched.","robots":{"index":"index","follow":"follow","max-snippet":"max-snippet:-1","max-image-preview":"max-image-preview:large","max-video-preview":"max-video-preview:-1"},"canonical":"https:\/\/permakultur-landwirtschaft.org\/fr\/research-for-agroecology-focus-agroforestry-online-event-am-23-oktober-2024\/","og_locale":"fr_FR","og_type":"article","og_title":"Research for agroecology - focus agroforestry - online event am 23. Oktober 2024 - Permakultur-Landwirtschaft","og_description":"In this online event we will present scientific agroecology projects (focus agroforestry) to show what is beeing reserched.","og_url":"https:\/\/permakultur-landwirtschaft.org\/fr\/research-for-agroecology-focus-agroforestry-online-event-am-23-oktober-2024\/","og_site_name":"Permakultur-Landwirtschaft","article_publisher":"https:\/\/www.facebook.com\/PermakulturLandwirtschaft","article_published_time":"2024-10-03T09:59:38+00:00","article_modified_time":"2024-10-03T09:59:39+00:00","og_image":[{"width":700,"height":350,"url":"https:\/\/permakultur-landwirtschaft.org\/wp-content\/uploads\/2024\/10\/beitrag-bhullar_-ausblick_1400_700-1200x.jpg","type":"image\/jpeg"}],"author":"adrian reutimann","twitter_card":"summary_large_image","twitter_misc":{"\u00c9crit par":"adrian reutimann","Dur\u00e9e de lecture estim\u00e9e":"2 minutes"},"schema":{"@context":"https:\/\/schema.org","@graph":[{"@type":"Article","@id":"https:\/\/permakultur-landwirtschaft.org\/research-for-agroecology-focus-agroforestry-online-event-am-23-oktober-2024\/#article","isPartOf":{"@id":"https:\/\/permakultur-landwirtschaft.org\/research-for-agroecology-focus-agroforestry-online-event-am-23-oktober-2024\/"},"author":{"name":"adrian reutimann","@id":"https:\/\/permakultur-landwirtschaft.org\/#\/schema\/person\/6b0467872f75aed3e144093f9bf4f0b0"},"headline":"Research for agroecology &#8211; focus agroforestry &#8211; online event am 23. Oktober 2024","datePublished":"2024-10-03T09:59:38+00:00","dateModified":"2024-10-03T09:59:39+00:00","mainEntityOfPage":{"@id":"https:\/\/permakultur-landwirtschaft.org\/research-for-agroecology-focus-agroforestry-online-event-am-23-oktober-2024\/"},"wordCount":197,"publisher":{"@id":"https:\/\/permakultur-landwirtschaft.org\/#organization"},"image":{"@id":"https:\/\/permakultur-landwirtschaft.org\/research-for-agroecology-focus-agroforestry-online-event-am-23-oktober-2024\/#primaryimage"},"thumbnailUrl":"https:\/\/permakultur-landwirtschaft.org\/wp-content\/uploads\/2024\/10\/beitrag-bhullar_-ausblick_1400_700-1200x.jpg","keywords":["Agroecology","Agroforestry","BFH-HAFL","Research","Tage der Agrar\u00f6kologie"],"articleSection":["Veranstaltung"],"inLanguage":"fr-FR"},{"@type":"WebPage","@id":"https:\/\/permakultur-landwirtschaft.org\/research-for-agroecology-focus-agroforestry-online-event-am-23-oktober-2024\/","url":"https:\/\/permakultur-landwirtschaft.org\/research-for-agroecology-focus-agroforestry-online-event-am-23-oktober-2024\/","name":"Research for agroecology - focus agroforestry - online event am 23. Oktober 2024 - Permakultur-Landwirtschaft","isPartOf":{"@id":"https:\/\/permakultur-landwirtschaft.org\/#website"},"primaryImageOfPage":{"@id":"https:\/\/permakultur-landwirtschaft.org\/research-for-agroecology-focus-agroforestry-online-event-am-23-oktober-2024\/#primaryimage"},"image":{"@id":"https:\/\/permakultur-landwirtschaft.org\/research-for-agroecology-focus-agroforestry-online-event-am-23-oktober-2024\/#primaryimage"},"thumbnailUrl":"https:\/\/permakultur-landwirtschaft.org\/wp-content\/uploads\/2024\/10\/beitrag-bhullar_-ausblick_1400_700-1200x.jpg","datePublished":"2024-10-03T09:59:38+00:00","dateModified":"2024-10-03T09:59:39+00:00","description":"In this online event we will present scientific agroecology projects (focus agroforestry) to show what is beeing reserched.","breadcrumb":{"@id":"https:\/\/permakultur-landwirtschaft.org\/research-for-agroecology-focus-agroforestry-online-event-am-23-oktober-2024\/#breadcrumb"},"inLanguage":"fr-FR","potentialAction":[{"@type":"ReadAction","target":["https:\/\/permakultur-landwirtschaft.org\/research-for-agroecology-focus-agroforestry-online-event-am-23-oktober-2024\/"]}]},{"@type":"ImageObject","inLanguage":"fr-FR","@id":"https:\/\/permakultur-landwirtschaft.org\/research-for-agroecology-focus-agroforestry-online-event-am-23-oktober-2024\/#primaryimage","url":"https:\/\/permakultur-landwirtschaft.org\/wp-content\/uploads\/2024\/10\/beitrag-bhullar_-ausblick_1400_700-1200x.jpg","contentUrl":"https:\/\/permakultur-landwirtschaft.org\/wp-content\/uploads\/2024\/10\/beitrag-bhullar_-ausblick_1400_700-1200x.jpg","width":700,"height":350,"caption":"Bild: www.bfh.ch"},{"@type":"BreadcrumbList","@id":"https:\/\/permakultur-landwirtschaft.org\/research-for-agroecology-focus-agroforestry-online-event-am-23-oktober-2024\/#breadcrumb","itemListElement":[{"@type":"ListItem","position":1,"name":"Startseite","item":"https:\/\/permakultur-landwirtschaft.org\/"},{"@type":"ListItem","position":2,"name":"Research for agroecology &#8211; focus agroforestry &#8211; online event am 23. Oktober 2024"}]},{"@type":"WebSite","@id":"https:\/\/permakultur-landwirtschaft.org\/#website","url":"https:\/\/permakultur-landwirtschaft.org\/","name":"Permakultur-Landwirtschaft","description":"F\u00f6rderung der Permakultur in der Landwirtschaft","publisher":{"@id":"https:\/\/permakultur-landwirtschaft.org\/#organization"},"potentialAction":[{"@type":"SearchAction","target":{"@type":"EntryPoint","urlTemplate":"https:\/\/permakultur-landwirtschaft.org\/?s={search_term_string}"},"query-input":{"@type":"PropertyValueSpecification","valueRequired":true,"valueName":"search_term_string"}}],"inLanguage":"fr-FR"},{"@type":"Organization","@id":"https:\/\/permakultur-landwirtschaft.org\/#organization","name":"Permakultur-Landwirtschaft","alternateName":"Verein Permakultur-Landwirtschaft","url":"https:\/\/permakultur-landwirtschaft.org\/","logo":{"@type":"ImageObject","inLanguage":"fr-FR","@id":"https:\/\/permakultur-landwirtschaft.org\/#\/schema\/logo\/image\/","url":"https:\/\/permakultur-landwirtschaft.org\/wp-content\/uploads\/2021\/11\/pela_1268x1269.png","contentUrl":"https:\/\/permakultur-landwirtschaft.org\/wp-content\/uploads\/2021\/11\/pela_1268x1269.png","width":1298,"height":1269,"caption":"Permakultur-Landwirtschaft"},"image":{"@id":"https:\/\/permakultur-landwirtschaft.org\/#\/schema\/logo\/image\/"},"sameAs":["https:\/\/www.facebook.com\/PermakulturLandwirtschaft","https:\/\/www.instagram.com\/permakultur_landwirtschaft\/","https:\/\/www.flickr.com\/photos\/permakultur-landwirtschaft","https:\/\/www.youtube.com\/@PermakulturLandwirtschaft"]},{"@type":"Person","@id":"https:\/\/permakultur-landwirtschaft.org\/#\/schema\/person\/6b0467872f75aed3e144093f9bf4f0b0","name":"adrian reutimann","url":"https:\/\/permakultur-landwirtschaft.org\/fr\/author\/reutiadr\/"}]}},"_links":{"self":[{"href":"https:\/\/permakultur-landwirtschaft.org\/fr\/wp-json\/wp\/v2\/posts\/35294","targetHints":{"allow":["GET"]}}],"collection":[{"href":"https:\/\/permakultur-landwirtschaft.org\/fr\/wp-json\/wp\/v2\/posts"}],"about":[{"href":"https:\/\/permakultur-landwirtschaft.org\/fr\/wp-json\/wp\/v2\/types\/post"}],"author":[{"embeddable":true,"href":"https:\/\/permakultur-landwirtschaft.org\/fr\/wp-json\/wp\/v2\/users\/2"}],"replies":[{"embeddable":true,"href":"https:\/\/permakultur-landwirtschaft.org\/fr\/wp-json\/wp\/v2\/comments?post=35294"}],"version-history":[{"count":1,"href":"https:\/\/permakultur-landwirtschaft.org\/fr\/wp-json\/wp\/v2\/posts\/35294\/revisions"}],"predecessor-version":[{"id":35296,"href":"https:\/\/permakultur-landwirtschaft.org\/fr\/wp-json\/wp\/v2\/posts\/35294\/revisions\/35296"}],"wp:featuredmedia":[{"embeddable":true,"href":"https:\/\/permakultur-landwirtschaft.org\/fr\/wp-json\/wp\/v2\/media\/35295"}],"wp:attachment":[{"href":"https:\/\/permakultur-landwirtschaft.org\/fr\/wp-json\/wp\/v2\/media?parent=35294"}],"wp:term":[{"taxonomy":"category","embeddable":true,"href":"https:\/\/permakultur-landwirtschaft.org\/fr\/wp-json\/wp\/v2\/categories?post=35294"},{"taxonomy":"post_tag","embeddable":true,"href":"https:\/\/permakultur-landwirtschaft.org\/fr\/wp-json\/wp\/v2\/tags?post=35294"}],"curies":[{"name":"wp","href":"https:\/\/api.w.org\/{rel}","templated":true}]}}