{"id":35275,"date":"2024-10-01T14:58:46","date_gmt":"2024-10-01T12:58:46","guid":{"rendered":"https:\/\/permakultur-landwirtschaft.org\/?p=35275"},"modified":"2024-10-01T14:58:47","modified_gmt":"2024-10-01T12:58:47","slug":"hecken-pflanzen-am-6-nationalen-heckentag-vom-26-oktober-2024","status":"publish","type":"post","link":"https:\/\/permakultur-landwirtschaft.org\/fr\/hecken-pflanzen-am-6-nationalen-heckentag-vom-26-oktober-2024\/","title":{"rendered":"Hecken pflanzen am 6. nationalen Heckentag vom 26. Oktober 2024"},"content":{"rendered":"<p>Text von heckentag.ch:<\/p>\n\n\n\n<p>Am 6. nationalen Heckentag vom 26. Oktober 2024 m\u00f6chten wir wieder Menschen zusammen bringen und zahlreiche Hecken pflanzen. Wir suchen Bauernbetriebe, Gemeinden, Organisationen, P\u00e4rke und Privatpersonen, die gerne eine Hecke gemeinsam mit <a href=\"https:\/\/heckentag.ch\/schule\/\">Schulklassen<\/a> oder Freiwilligen pflanzen m\u00f6chten. Auch suchen wir motivierte Schulklassen und Helfer_innen und freuen uns \u00fcber jede Anmeldung.<\/p>\n\n\n\n<p><a href=\"https:\/\/heckentag.ch\/24-2\/\" target=\"_blank\" rel=\"noreferrer noopener\">Link zu mehr Infos<\/a><\/p>","protected":false},"excerpt":{"rendered":"<p>Text von heckentag.ch: Am 6. nationalen Heckentag vom 26. Oktober 2024 m\u00f6chten wir wieder Menschen zusammen bringen und zahlreiche Hecken pflanzen. Wir suchen Bauernbetriebe, Gemeinden, Organisationen, P\u00e4rke und Privatpersonen, die gerne eine Hecke gemeinsam mit Schulklassen oder Freiwilligen pflanzen m\u00f6chten. Auch suchen wir motivierte Schulklassen und Helfer_innen und freuen uns \u00fcber jede Anmeldung. Link zu [&hellip;]<\/p>\n","protected":false},"author":2,"featured_media":35276,"comment_status":"closed","ping_status":"closed","sticky":false,"template":"","format":"standard","meta":{"_acf_changed":false,"site-sidebar-layout":"default","site-content-layout":"","ast-site-content-layout":"default","site-content-style":"default","site-sidebar-style":"default","ast-global-header-display":"","ast-banner-title-visibility":"","ast-main-header-display":"","ast-hfb-above-header-display":"","ast-hfb-below-header-display":"","ast-hfb-mobile-header-display":"","site-post-title":"","ast-breadcrumbs-content":"","ast-featured-img":"","footer-sml-layout":"","ast-disable-related-posts":"","theme-transparent-header-meta":"","adv-header-id-meta":"","stick-header-meta":"","header-above-stick-meta":"","header-main-stick-meta":"","header-below-stick-meta":"","astra-migrate-meta-layouts":"set","ast-page-background-enabled":"default","ast-page-background-meta":{"desktop":{"background-color":"var(--ast-global-color-4)","background-image":"","background-repeat":"repeat","background-position":"center center","background-size":"auto","background-attachment":"scroll","background-type":"","background-media":"","overlay-type":"","overlay-color":"","overlay-opacity":"","overlay-gradient":""},"tablet":{"background-color":"","background-image":"","background-repeat":"repeat","background-position":"center center","background-size":"auto","background-attachment":"scroll","background-type":"","background-media":"","overlay-type":"","overlay-color":"","overlay-opacity":"","overlay-gradient":""},"mobile":{"background-color":"","background-image":"","background-repeat":"repeat","background-position":"center center","background-size":"auto","background-attachment":"scroll","background-type":"","background-media":"","overlay-type":"","overlay-color":"","overlay-opacity":"","overlay-gradient":""}},"ast-content-background-meta":{"desktop":{"background-color":"var(--ast-global-color-5)","background-image":"","background-repeat":"repeat","background-position":"center center","background-size":"auto","background-attachment":"scroll","background-type":"","background-media":"","overlay-type":"","overlay-color":"","overlay-opacity":"","overlay-gradient":""},"tablet":{"background-color":"var(--ast-global-color-5)","background-image":"","background-repeat":"repeat","background-position":"center center","background-size":"auto","background-attachment":"scroll","background-type":"","background-media":"","overlay-type":"","overlay-color":"","overlay-opacity":"","overlay-gradient":""},"mobile":{"background-color":"var(--ast-global-color-5)","background-image":"","background-repeat":"repeat","background-position":"center center","background-size":"auto","background-attachment":"scroll","background-type":"","background-media":"","overlay-type":"","overlay-color":"","overlay-opacity":"","overlay-gradient":""}},"footnotes":""},"categories":[14],"tags":[463,462],"class_list":["post-35275","post","type-post","status-publish","format-standard","has-post-thumbnail","hentry","category-veranstaltung","tag-hecken-pflanzen","tag-heckentag"],"acf":[],"yoast_head":"<!-- This site is optimized with the Yoast SEO plugin v27.5 - https:\/\/yoast.com\/product\/yoast-seo-wordpress\/ -->\n<title>Hecken pflanzen am 6. nationalen Heckentag vom 26. Oktober 2024 - Permakultur-Landwirtschaft<\/title>\n<meta name=\"description\" content=\"Am 6. nationalen Heckentag vom 26. Oktober 2024 m\u00f6chten wir wieder Menschen zusammen bringen und zahlreiche Hecken pflanzen.\" \/>\n<meta name=\"robots\" content=\"index, follow, max-snippet:-1, max-image-preview:large, max-video-preview:-1\" \/>\n<link rel=\"canonical\" href=\"https:\/\/permakultur-landwirtschaft.org\/fr\/hecken-pflanzen-am-6-nationalen-heckentag-vom-26-oktober-2024\/\" \/>\n<meta property=\"og:locale\" content=\"fr_FR\" \/>\n<meta property=\"og:type\" content=\"article\" \/>\n<meta property=\"og:title\" content=\"Hecken pflanzen am 6. nationalen Heckentag vom 26. Oktober 2024 - Permakultur-Landwirtschaft\" \/>\n<meta property=\"og:description\" content=\"Am 6. nationalen Heckentag vom 26. Oktober 2024 m\u00f6chten wir wieder Menschen zusammen bringen und zahlreiche Hecken pflanzen.\" \/>\n<meta property=\"og:url\" content=\"https:\/\/permakultur-landwirtschaft.org\/fr\/hecken-pflanzen-am-6-nationalen-heckentag-vom-26-oktober-2024\/\" \/>\n<meta property=\"og:site_name\" content=\"Permakultur-Landwirtschaft\" \/>\n<meta property=\"article:publisher\" content=\"https:\/\/www.facebook.com\/PermakulturLandwirtschaft\" \/>\n<meta property=\"article:published_time\" content=\"2024-10-01T12:58:46+00:00\" \/>\n<meta property=\"article:modified_time\" content=\"2024-10-01T12:58:47+00:00\" \/>\n<meta property=\"og:image\" content=\"https:\/\/permakultur-landwirtschaft.org\/wp-content\/uploads\/2024\/10\/20241026_heckentag_Enges-4-1-1024x682-1.jpg\" \/>\n\t<meta property=\"og:image:width\" content=\"700\" \/>\n\t<meta property=\"og:image:height\" content=\"466\" \/>\n\t<meta property=\"og:image:type\" content=\"image\/jpeg\" \/>\n<meta name=\"author\" content=\"adrian reutimann\" \/>\n<meta name=\"twitter:card\" content=\"summary_large_image\" \/>\n<meta name=\"twitter:label1\" content=\"\u00c9crit par\" \/>\n\t<meta name=\"twitter:data1\" content=\"adrian reutimann\" \/>\n\t<meta name=\"twitter:label2\" content=\"Dur\u00e9e de lecture estim\u00e9e\" \/>\n\t<meta name=\"twitter:data2\" content=\"1 minute\" \/>\n<script type=\"application\/ld+json\" class=\"yoast-schema-graph\">{\"@context\":\"https:\\\/\\\/schema.org\",\"@graph\":[{\"@type\":\"Article\",\"@id\":\"https:\\\/\\\/permakultur-landwirtschaft.org\\\/hecken-pflanzen-am-6-nationalen-heckentag-vom-26-oktober-2024\\\/#article\",\"isPartOf\":{\"@id\":\"https:\\\/\\\/permakultur-landwirtschaft.org\\\/hecken-pflanzen-am-6-nationalen-heckentag-vom-26-oktober-2024\\\/\"},\"author\":{\"name\":\"adrian reutimann\",\"@id\":\"https:\\\/\\\/permakultur-landwirtschaft.org\\\/#\\\/schema\\\/person\\\/6b0467872f75aed3e144093f9bf4f0b0\"},\"headline\":\"Hecken pflanzen am 6. nationalen Heckentag vom 26. Oktober 2024\",\"datePublished\":\"2024-10-01T12:58:46+00:00\",\"dateModified\":\"2024-10-01T12:58:47+00:00\",\"mainEntityOfPage\":{\"@id\":\"https:\\\/\\\/permakultur-landwirtschaft.org\\\/hecken-pflanzen-am-6-nationalen-heckentag-vom-26-oktober-2024\\\/\"},\"wordCount\":66,\"publisher\":{\"@id\":\"https:\\\/\\\/permakultur-landwirtschaft.org\\\/#organization\"},\"image\":{\"@id\":\"https:\\\/\\\/permakultur-landwirtschaft.org\\\/hecken-pflanzen-am-6-nationalen-heckentag-vom-26-oktober-2024\\\/#primaryimage\"},\"thumbnailUrl\":\"https:\\\/\\\/permakultur-landwirtschaft.org\\\/wp-content\\\/uploads\\\/2024\\\/10\\\/20241026_heckentag_Enges-4-1-1024x682-1.jpg\",\"keywords\":[\"Hecken pflanzen\",\"Heckentag\"],\"articleSection\":[\"Veranstaltung\"],\"inLanguage\":\"fr-FR\"},{\"@type\":\"WebPage\",\"@id\":\"https:\\\/\\\/permakultur-landwirtschaft.org\\\/hecken-pflanzen-am-6-nationalen-heckentag-vom-26-oktober-2024\\\/\",\"url\":\"https:\\\/\\\/permakultur-landwirtschaft.org\\\/hecken-pflanzen-am-6-nationalen-heckentag-vom-26-oktober-2024\\\/\",\"name\":\"Hecken pflanzen am 6. nationalen Heckentag vom 26. Oktober 2024 - Permakultur-Landwirtschaft\",\"isPartOf\":{\"@id\":\"https:\\\/\\\/permakultur-landwirtschaft.org\\\/#website\"},\"primaryImageOfPage\":{\"@id\":\"https:\\\/\\\/permakultur-landwirtschaft.org\\\/hecken-pflanzen-am-6-nationalen-heckentag-vom-26-oktober-2024\\\/#primaryimage\"},\"image\":{\"@id\":\"https:\\\/\\\/permakultur-landwirtschaft.org\\\/hecken-pflanzen-am-6-nationalen-heckentag-vom-26-oktober-2024\\\/#primaryimage\"},\"thumbnailUrl\":\"https:\\\/\\\/permakultur-landwirtschaft.org\\\/wp-content\\\/uploads\\\/2024\\\/10\\\/20241026_heckentag_Enges-4-1-1024x682-1.jpg\",\"datePublished\":\"2024-10-01T12:58:46+00:00\",\"dateModified\":\"2024-10-01T12:58:47+00:00\",\"description\":\"Am 6. nationalen Heckentag vom 26. Oktober 2024 m\u00f6chten wir wieder Menschen zusammen bringen und zahlreiche Hecken pflanzen.\",\"breadcrumb\":{\"@id\":\"https:\\\/\\\/permakultur-landwirtschaft.org\\\/hecken-pflanzen-am-6-nationalen-heckentag-vom-26-oktober-2024\\\/#breadcrumb\"},\"inLanguage\":\"fr-FR\",\"potentialAction\":[{\"@type\":\"ReadAction\",\"target\":[\"https:\\\/\\\/permakultur-landwirtschaft.org\\\/hecken-pflanzen-am-6-nationalen-heckentag-vom-26-oktober-2024\\\/\"]}]},{\"@type\":\"ImageObject\",\"inLanguage\":\"fr-FR\",\"@id\":\"https:\\\/\\\/permakultur-landwirtschaft.org\\\/hecken-pflanzen-am-6-nationalen-heckentag-vom-26-oktober-2024\\\/#primaryimage\",\"url\":\"https:\\\/\\\/permakultur-landwirtschaft.org\\\/wp-content\\\/uploads\\\/2024\\\/10\\\/20241026_heckentag_Enges-4-1-1024x682-1.jpg\",\"contentUrl\":\"https:\\\/\\\/permakultur-landwirtschaft.org\\\/wp-content\\\/uploads\\\/2024\\\/10\\\/20241026_heckentag_Enges-4-1-1024x682-1.jpg\",\"width\":700,\"height\":466,\"caption\":\"Bild: heckentag.ch\"},{\"@type\":\"BreadcrumbList\",\"@id\":\"https:\\\/\\\/permakultur-landwirtschaft.org\\\/hecken-pflanzen-am-6-nationalen-heckentag-vom-26-oktober-2024\\\/#breadcrumb\",\"itemListElement\":[{\"@type\":\"ListItem\",\"position\":1,\"name\":\"Startseite\",\"item\":\"https:\\\/\\\/permakultur-landwirtschaft.org\\\/\"},{\"@type\":\"ListItem\",\"position\":2,\"name\":\"Hecken pflanzen am 6. nationalen Heckentag vom 26. Oktober 2024\"}]},{\"@type\":\"WebSite\",\"@id\":\"https:\\\/\\\/permakultur-landwirtschaft.org\\\/#website\",\"url\":\"https:\\\/\\\/permakultur-landwirtschaft.org\\\/\",\"name\":\"Permakultur-Landwirtschaft\",\"description\":\"F\u00f6rderung der Permakultur in der Landwirtschaft\",\"publisher\":{\"@id\":\"https:\\\/\\\/permakultur-landwirtschaft.org\\\/#organization\"},\"potentialAction\":[{\"@type\":\"SearchAction\",\"target\":{\"@type\":\"EntryPoint\",\"urlTemplate\":\"https:\\\/\\\/permakultur-landwirtschaft.org\\\/?s={search_term_string}\"},\"query-input\":{\"@type\":\"PropertyValueSpecification\",\"valueRequired\":true,\"valueName\":\"search_term_string\"}}],\"inLanguage\":\"fr-FR\"},{\"@type\":\"Organization\",\"@id\":\"https:\\\/\\\/permakultur-landwirtschaft.org\\\/#organization\",\"name\":\"Permakultur-Landwirtschaft\",\"alternateName\":\"Verein Permakultur-Landwirtschaft\",\"url\":\"https:\\\/\\\/permakultur-landwirtschaft.org\\\/\",\"logo\":{\"@type\":\"ImageObject\",\"inLanguage\":\"fr-FR\",\"@id\":\"https:\\\/\\\/permakultur-landwirtschaft.org\\\/#\\\/schema\\\/logo\\\/image\\\/\",\"url\":\"https:\\\/\\\/permakultur-landwirtschaft.org\\\/wp-content\\\/uploads\\\/2021\\\/11\\\/pela_1268x1269.png\",\"contentUrl\":\"https:\\\/\\\/permakultur-landwirtschaft.org\\\/wp-content\\\/uploads\\\/2021\\\/11\\\/pela_1268x1269.png\",\"width\":1298,\"height\":1269,\"caption\":\"Permakultur-Landwirtschaft\"},\"image\":{\"@id\":\"https:\\\/\\\/permakultur-landwirtschaft.org\\\/#\\\/schema\\\/logo\\\/image\\\/\"},\"sameAs\":[\"https:\\\/\\\/www.facebook.com\\\/PermakulturLandwirtschaft\",\"https:\\\/\\\/www.instagram.com\\\/permakultur_landwirtschaft\\\/\",\"https:\\\/\\\/www.flickr.com\\\/photos\\\/permakultur-landwirtschaft\",\"https:\\\/\\\/www.youtube.com\\\/@PermakulturLandwirtschaft\"]},{\"@type\":\"Person\",\"@id\":\"https:\\\/\\\/permakultur-landwirtschaft.org\\\/#\\\/schema\\\/person\\\/6b0467872f75aed3e144093f9bf4f0b0\",\"name\":\"adrian reutimann\",\"url\":\"https:\\\/\\\/permakultur-landwirtschaft.org\\\/fr\\\/author\\\/reutiadr\\\/\"}]}<\/script>\n<!-- \/ Yoast SEO plugin. -->","yoast_head_json":{"title":"Hecken pflanzen am 6. nationalen Heckentag vom 26. Oktober 2024 - Permakultur-Landwirtschaft","description":"Am 6. nationalen Heckentag vom 26. Oktober 2024 m\u00f6chten wir wieder Menschen zusammen bringen und zahlreiche Hecken pflanzen.","robots":{"index":"index","follow":"follow","max-snippet":"max-snippet:-1","max-image-preview":"max-image-preview:large","max-video-preview":"max-video-preview:-1"},"canonical":"https:\/\/permakultur-landwirtschaft.org\/fr\/hecken-pflanzen-am-6-nationalen-heckentag-vom-26-oktober-2024\/","og_locale":"fr_FR","og_type":"article","og_title":"Hecken pflanzen am 6. nationalen Heckentag vom 26. Oktober 2024 - Permakultur-Landwirtschaft","og_description":"Am 6. nationalen Heckentag vom 26. Oktober 2024 m\u00f6chten wir wieder Menschen zusammen bringen und zahlreiche Hecken pflanzen.","og_url":"https:\/\/permakultur-landwirtschaft.org\/fr\/hecken-pflanzen-am-6-nationalen-heckentag-vom-26-oktober-2024\/","og_site_name":"Permakultur-Landwirtschaft","article_publisher":"https:\/\/www.facebook.com\/PermakulturLandwirtschaft","article_published_time":"2024-10-01T12:58:46+00:00","article_modified_time":"2024-10-01T12:58:47+00:00","og_image":[{"width":700,"height":466,"url":"https:\/\/permakultur-landwirtschaft.org\/wp-content\/uploads\/2024\/10\/20241026_heckentag_Enges-4-1-1024x682-1.jpg","type":"image\/jpeg"}],"author":"adrian reutimann","twitter_card":"summary_large_image","twitter_misc":{"\u00c9crit par":"adrian reutimann","Dur\u00e9e de lecture estim\u00e9e":"1 minute"},"schema":{"@context":"https:\/\/schema.org","@graph":[{"@type":"Article","@id":"https:\/\/permakultur-landwirtschaft.org\/hecken-pflanzen-am-6-nationalen-heckentag-vom-26-oktober-2024\/#article","isPartOf":{"@id":"https:\/\/permakultur-landwirtschaft.org\/hecken-pflanzen-am-6-nationalen-heckentag-vom-26-oktober-2024\/"},"author":{"name":"adrian reutimann","@id":"https:\/\/permakultur-landwirtschaft.org\/#\/schema\/person\/6b0467872f75aed3e144093f9bf4f0b0"},"headline":"Hecken pflanzen am 6. nationalen Heckentag vom 26. Oktober 2024","datePublished":"2024-10-01T12:58:46+00:00","dateModified":"2024-10-01T12:58:47+00:00","mainEntityOfPage":{"@id":"https:\/\/permakultur-landwirtschaft.org\/hecken-pflanzen-am-6-nationalen-heckentag-vom-26-oktober-2024\/"},"wordCount":66,"publisher":{"@id":"https:\/\/permakultur-landwirtschaft.org\/#organization"},"image":{"@id":"https:\/\/permakultur-landwirtschaft.org\/hecken-pflanzen-am-6-nationalen-heckentag-vom-26-oktober-2024\/#primaryimage"},"thumbnailUrl":"https:\/\/permakultur-landwirtschaft.org\/wp-content\/uploads\/2024\/10\/20241026_heckentag_Enges-4-1-1024x682-1.jpg","keywords":["Hecken pflanzen","Heckentag"],"articleSection":["Veranstaltung"],"inLanguage":"fr-FR"},{"@type":"WebPage","@id":"https:\/\/permakultur-landwirtschaft.org\/hecken-pflanzen-am-6-nationalen-heckentag-vom-26-oktober-2024\/","url":"https:\/\/permakultur-landwirtschaft.org\/hecken-pflanzen-am-6-nationalen-heckentag-vom-26-oktober-2024\/","name":"Hecken pflanzen am 6. nationalen Heckentag vom 26. Oktober 2024 - Permakultur-Landwirtschaft","isPartOf":{"@id":"https:\/\/permakultur-landwirtschaft.org\/#website"},"primaryImageOfPage":{"@id":"https:\/\/permakultur-landwirtschaft.org\/hecken-pflanzen-am-6-nationalen-heckentag-vom-26-oktober-2024\/#primaryimage"},"image":{"@id":"https:\/\/permakultur-landwirtschaft.org\/hecken-pflanzen-am-6-nationalen-heckentag-vom-26-oktober-2024\/#primaryimage"},"thumbnailUrl":"https:\/\/permakultur-landwirtschaft.org\/wp-content\/uploads\/2024\/10\/20241026_heckentag_Enges-4-1-1024x682-1.jpg","datePublished":"2024-10-01T12:58:46+00:00","dateModified":"2024-10-01T12:58:47+00:00","description":"Am 6. nationalen Heckentag vom 26. Oktober 2024 m\u00f6chten wir wieder Menschen zusammen bringen und zahlreiche Hecken pflanzen.","breadcrumb":{"@id":"https:\/\/permakultur-landwirtschaft.org\/hecken-pflanzen-am-6-nationalen-heckentag-vom-26-oktober-2024\/#breadcrumb"},"inLanguage":"fr-FR","potentialAction":[{"@type":"ReadAction","target":["https:\/\/permakultur-landwirtschaft.org\/hecken-pflanzen-am-6-nationalen-heckentag-vom-26-oktober-2024\/"]}]},{"@type":"ImageObject","inLanguage":"fr-FR","@id":"https:\/\/permakultur-landwirtschaft.org\/hecken-pflanzen-am-6-nationalen-heckentag-vom-26-oktober-2024\/#primaryimage","url":"https:\/\/permakultur-landwirtschaft.org\/wp-content\/uploads\/2024\/10\/20241026_heckentag_Enges-4-1-1024x682-1.jpg","contentUrl":"https:\/\/permakultur-landwirtschaft.org\/wp-content\/uploads\/2024\/10\/20241026_heckentag_Enges-4-1-1024x682-1.jpg","width":700,"height":466,"caption":"Bild: heckentag.ch"},{"@type":"BreadcrumbList","@id":"https:\/\/permakultur-landwirtschaft.org\/hecken-pflanzen-am-6-nationalen-heckentag-vom-26-oktober-2024\/#breadcrumb","itemListElement":[{"@type":"ListItem","position":1,"name":"Startseite","item":"https:\/\/permakultur-landwirtschaft.org\/"},{"@type":"ListItem","position":2,"name":"Hecken pflanzen am 6. nationalen Heckentag vom 26. Oktober 2024"}]},{"@type":"WebSite","@id":"https:\/\/permakultur-landwirtschaft.org\/#website","url":"https:\/\/permakultur-landwirtschaft.org\/","name":"Permakultur-Landwirtschaft","description":"F\u00f6rderung der Permakultur in der Landwirtschaft","publisher":{"@id":"https:\/\/permakultur-landwirtschaft.org\/#organization"},"potentialAction":[{"@type":"SearchAction","target":{"@type":"EntryPoint","urlTemplate":"https:\/\/permakultur-landwirtschaft.org\/?s={search_term_string}"},"query-input":{"@type":"PropertyValueSpecification","valueRequired":true,"valueName":"search_term_string"}}],"inLanguage":"fr-FR"},{"@type":"Organization","@id":"https:\/\/permakultur-landwirtschaft.org\/#organization","name":"Permakultur-Landwirtschaft","alternateName":"Verein Permakultur-Landwirtschaft","url":"https:\/\/permakultur-landwirtschaft.org\/","logo":{"@type":"ImageObject","inLanguage":"fr-FR","@id":"https:\/\/permakultur-landwirtschaft.org\/#\/schema\/logo\/image\/","url":"https:\/\/permakultur-landwirtschaft.org\/wp-content\/uploads\/2021\/11\/pela_1268x1269.png","contentUrl":"https:\/\/permakultur-landwirtschaft.org\/wp-content\/uploads\/2021\/11\/pela_1268x1269.png","width":1298,"height":1269,"caption":"Permakultur-Landwirtschaft"},"image":{"@id":"https:\/\/permakultur-landwirtschaft.org\/#\/schema\/logo\/image\/"},"sameAs":["https:\/\/www.facebook.com\/PermakulturLandwirtschaft","https:\/\/www.instagram.com\/permakultur_landwirtschaft\/","https:\/\/www.flickr.com\/photos\/permakultur-landwirtschaft","https:\/\/www.youtube.com\/@PermakulturLandwirtschaft"]},{"@type":"Person","@id":"https:\/\/permakultur-landwirtschaft.org\/#\/schema\/person\/6b0467872f75aed3e144093f9bf4f0b0","name":"adrian reutimann","url":"https:\/\/permakultur-landwirtschaft.org\/fr\/author\/reutiadr\/"}]}},"_links":{"self":[{"href":"https:\/\/permakultur-landwirtschaft.org\/fr\/wp-json\/wp\/v2\/posts\/35275","targetHints":{"allow":["GET"]}}],"collection":[{"href":"https:\/\/permakultur-landwirtschaft.org\/fr\/wp-json\/wp\/v2\/posts"}],"about":[{"href":"https:\/\/permakultur-landwirtschaft.org\/fr\/wp-json\/wp\/v2\/types\/post"}],"author":[{"embeddable":true,"href":"https:\/\/permakultur-landwirtschaft.org\/fr\/wp-json\/wp\/v2\/users\/2"}],"replies":[{"embeddable":true,"href":"https:\/\/permakultur-landwirtschaft.org\/fr\/wp-json\/wp\/v2\/comments?post=35275"}],"version-history":[{"count":1,"href":"https:\/\/permakultur-landwirtschaft.org\/fr\/wp-json\/wp\/v2\/posts\/35275\/revisions"}],"predecessor-version":[{"id":35277,"href":"https:\/\/permakultur-landwirtschaft.org\/fr\/wp-json\/wp\/v2\/posts\/35275\/revisions\/35277"}],"wp:featuredmedia":[{"embeddable":true,"href":"https:\/\/permakultur-landwirtschaft.org\/fr\/wp-json\/wp\/v2\/media\/35276"}],"wp:attachment":[{"href":"https:\/\/permakultur-landwirtschaft.org\/fr\/wp-json\/wp\/v2\/media?parent=35275"}],"wp:term":[{"taxonomy":"category","embeddable":true,"href":"https:\/\/permakultur-landwirtschaft.org\/fr\/wp-json\/wp\/v2\/categories?post=35275"},{"taxonomy":"post_tag","embeddable":true,"href":"https:\/\/permakultur-landwirtschaft.org\/fr\/wp-json\/wp\/v2\/tags?post=35275"}],"curies":[{"name":"wp","href":"https:\/\/api.w.org\/{rel}","templated":true}]}}