{"id":35249,"date":"2024-09-24T14:29:55","date_gmt":"2024-09-24T12:29:55","guid":{"rendered":"https:\/\/permakultur-landwirtschaft.org\/?p=35249"},"modified":"2025-03-24T15:14:57","modified_gmt":"2025-03-24T14:14:57","slug":"hafl-permakultur-feld-waldgarten-kurs-am-05-juni-2025","status":"publish","type":"post","link":"https:\/\/permakultur-landwirtschaft.org\/fr\/hafl-permakultur-feld-waldgarten-kurs-am-05-juni-2025\/","title":{"rendered":"BFH-HAFL Permakultur Feld- &amp; Waldgarten &#8211; Kurs am 05. Juni 2025"},"content":{"rendered":"<p>Text von www.inforama.ch:<\/p>\n\n\n\n<p>An diesem Nachmittag erhalten wir eine F\u00fchrung durch den Permakultur Feldgarten und den Waldgarten. Beide Permakultur-Systeme wurden am Standort der HAFL (Hochschule f\u00fcr Agrar-, Forst und Lebensmittelwissenschaften) in Zollikofen aufgebaut, um unter anderem Studierenden eine M\u00f6glichkeit zu geben, Permakultur zu erleben und auch zu erforschen. Neben Informationen zur Permakultur und den Umsetzungen vor Ort, werden auch die Forschung und weitere T\u00e4tigkeiten der HAFL rund um die Permakultur vorgestellt.<\/p>\n\n\n\n<h2 class=\"wp-block-heading\">Date<\/h2>\n\n\n\n<p>Do, 05. Juni 2025, 14:00 &#8211; 17:00<\/p>\n\n\n\n<h2 class=\"wp-block-heading\">Lieu<\/h2>\n\n\n\n<p>BFH-HAFL<br>L\u00e4nggasse 85<br>3052 Zollikofen BE<\/p>\n\n\n\n<p><a href=\"https:\/\/www.inforama.ch\/kurse#\/weiterbildung\/permakultur\/31974\" target=\"_blank\" rel=\"noreferrer noopener\">Link zu mehr Infos<\/a><\/p>\n\n\n\n<p><a href=\"https:\/\/permakultur-landwirtschaft.org\/documents\/events\/2025_Inforama_Flyer_A5_Permakultur.pdf\" target=\"_blank\" rel=\"noreferrer noopener\">Flyer mit weiteren spannenden Permakultur Veranstaltungen vom Inforama<\/a><\/p>","protected":false},"excerpt":{"rendered":"<p>Text von www.inforama.ch: An diesem Nachmittag erhalten wir eine F\u00fchrung durch den Permakultur Feldgarten und den Waldgarten. Beide Permakultur-Systeme wurden am Standort der HAFL (Hochschule f\u00fcr Agrar-, Forst und Lebensmittelwissenschaften) in Zollikofen aufgebaut, um unter anderem Studierenden eine M\u00f6glichkeit zu geben, Permakultur zu erleben und auch zu erforschen. Neben Informationen zur Permakultur und den Umsetzungen [&hellip;]<\/p>\n","protected":false},"author":2,"featured_media":35250,"comment_status":"closed","ping_status":"closed","sticky":false,"template":"","format":"standard","meta":{"_acf_changed":false,"site-sidebar-layout":"default","site-content-layout":"","ast-site-content-layout":"default","site-content-style":"default","site-sidebar-style":"default","ast-global-header-display":"","ast-banner-title-visibility":"","ast-main-header-display":"","ast-hfb-above-header-display":"","ast-hfb-below-header-display":"","ast-hfb-mobile-header-display":"","site-post-title":"","ast-breadcrumbs-content":"","ast-featured-img":"","footer-sml-layout":"","ast-disable-related-posts":"","theme-transparent-header-meta":"","adv-header-id-meta":"","stick-header-meta":"","header-above-stick-meta":"","header-main-stick-meta":"","header-below-stick-meta":"","astra-migrate-meta-layouts":"set","ast-page-background-enabled":"default","ast-page-background-meta":{"desktop":{"background-color":"var(--ast-global-color-4)","background-image":"","background-repeat":"repeat","background-position":"center center","background-size":"auto","background-attachment":"scroll","background-type":"","background-media":"","overlay-type":"","overlay-color":"","overlay-opacity":"","overlay-gradient":""},"tablet":{"background-color":"","background-image":"","background-repeat":"repeat","background-position":"center center","background-size":"auto","background-attachment":"scroll","background-type":"","background-media":"","overlay-type":"","overlay-color":"","overlay-opacity":"","overlay-gradient":""},"mobile":{"background-color":"","background-image":"","background-repeat":"repeat","background-position":"center center","background-size":"auto","background-attachment":"scroll","background-type":"","background-media":"","overlay-type":"","overlay-color":"","overlay-opacity":"","overlay-gradient":""}},"ast-content-background-meta":{"desktop":{"background-color":"var(--ast-global-color-5)","background-image":"","background-repeat":"repeat","background-position":"center center","background-size":"auto","background-attachment":"scroll","background-type":"","background-media":"","overlay-type":"","overlay-color":"","overlay-opacity":"","overlay-gradient":""},"tablet":{"background-color":"var(--ast-global-color-5)","background-image":"","background-repeat":"repeat","background-position":"center center","background-size":"auto","background-attachment":"scroll","background-type":"","background-media":"","overlay-type":"","overlay-color":"","overlay-opacity":"","overlay-gradient":""},"mobile":{"background-color":"var(--ast-global-color-5)","background-image":"","background-repeat":"repeat","background-position":"center center","background-size":"auto","background-attachment":"scroll","background-type":"","background-media":"","overlay-type":"","overlay-color":"","overlay-opacity":"","overlay-gradient":""}},"footnotes":""},"categories":[14],"tags":[153,399,447,35],"class_list":["post-35249","post","type-post","status-publish","format-standard","has-post-thumbnail","hentry","category-veranstaltung","tag-bfh-hafl","tag-feldbegehungen","tag-fuehrung","tag-inforama"],"acf":[],"yoast_head":"<!-- This site is optimized with the Yoast SEO plugin v27.5 - https:\/\/yoast.com\/product\/yoast-seo-wordpress\/ -->\n<title>BFH-HAFL Permakultur Feld- &amp; Waldgarten - Kurs am 05. Juni 2025 - Permakultur-Landwirtschaft<\/title>\n<meta name=\"description\" content=\"Eine F\u00fchrung durch die Permakultur-Systeme den Permakultur Feldgarten und den Waldgarten der BFH-HAFL in Zollikofen BE.\" \/>\n<meta name=\"robots\" content=\"index, follow, max-snippet:-1, max-image-preview:large, max-video-preview:-1\" \/>\n<link rel=\"canonical\" href=\"https:\/\/permakultur-landwirtschaft.org\/fr\/hafl-permakultur-feld-waldgarten-kurs-am-05-juni-2025\/\" \/>\n<meta property=\"og:locale\" content=\"fr_FR\" \/>\n<meta property=\"og:type\" content=\"article\" \/>\n<meta property=\"og:title\" content=\"BFH-HAFL Permakultur Feld- &amp; Waldgarten - Kurs am 05. Juni 2025 - Permakultur-Landwirtschaft\" \/>\n<meta property=\"og:description\" content=\"Eine F\u00fchrung durch die Permakultur-Systeme den Permakultur Feldgarten und den Waldgarten der BFH-HAFL in Zollikofen BE.\" \/>\n<meta property=\"og:url\" content=\"https:\/\/permakultur-landwirtschaft.org\/fr\/hafl-permakultur-feld-waldgarten-kurs-am-05-juni-2025\/\" \/>\n<meta property=\"og:site_name\" content=\"Permakultur-Landwirtschaft\" \/>\n<meta property=\"article:publisher\" content=\"https:\/\/www.facebook.com\/PermakulturLandwirtschaft\" \/>\n<meta property=\"article:published_time\" content=\"2024-09-24T12:29:55+00:00\" \/>\n<meta property=\"article:modified_time\" content=\"2025-03-24T14:14:57+00:00\" \/>\n<meta property=\"og:image\" content=\"https:\/\/permakultur-landwirtschaft.org\/wp-content\/uploads\/2024\/09\/HAFL-feldgarten_tobias.png\" \/>\n\t<meta property=\"og:image:width\" content=\"500\" \/>\n\t<meta property=\"og:image:height\" content=\"334\" \/>\n\t<meta property=\"og:image:type\" content=\"image\/png\" \/>\n<meta name=\"author\" content=\"adrian reutimann\" \/>\n<meta name=\"twitter:card\" content=\"summary_large_image\" \/>\n<meta name=\"twitter:label1\" content=\"\u00c9crit par\" \/>\n\t<meta name=\"twitter:data1\" content=\"adrian reutimann\" \/>\n\t<meta name=\"twitter:label2\" content=\"Dur\u00e9e de lecture estim\u00e9e\" \/>\n\t<meta name=\"twitter:data2\" content=\"1 minute\" \/>\n<script type=\"application\/ld+json\" class=\"yoast-schema-graph\">{\"@context\":\"https:\\\/\\\/schema.org\",\"@graph\":[{\"@type\":\"Article\",\"@id\":\"https:\\\/\\\/permakultur-landwirtschaft.org\\\/hafl-permakultur-feld-waldgarten-kurs-am-05-juni-2025\\\/#article\",\"isPartOf\":{\"@id\":\"https:\\\/\\\/permakultur-landwirtschaft.org\\\/hafl-permakultur-feld-waldgarten-kurs-am-05-juni-2025\\\/\"},\"author\":{\"name\":\"adrian reutimann\",\"@id\":\"https:\\\/\\\/permakultur-landwirtschaft.org\\\/#\\\/schema\\\/person\\\/6b0467872f75aed3e144093f9bf4f0b0\"},\"headline\":\"BFH-HAFL Permakultur Feld- &amp; Waldgarten &#8211; Kurs am 05. Juni 2025\",\"datePublished\":\"2024-09-24T12:29:55+00:00\",\"dateModified\":\"2025-03-24T14:14:57+00:00\",\"mainEntityOfPage\":{\"@id\":\"https:\\\/\\\/permakultur-landwirtschaft.org\\\/hafl-permakultur-feld-waldgarten-kurs-am-05-juni-2025\\\/\"},\"wordCount\":107,\"publisher\":{\"@id\":\"https:\\\/\\\/permakultur-landwirtschaft.org\\\/#organization\"},\"image\":{\"@id\":\"https:\\\/\\\/permakultur-landwirtschaft.org\\\/hafl-permakultur-feld-waldgarten-kurs-am-05-juni-2025\\\/#primaryimage\"},\"thumbnailUrl\":\"https:\\\/\\\/permakultur-landwirtschaft.org\\\/wp-content\\\/uploads\\\/2024\\\/09\\\/HAFL-feldgarten_tobias.png\",\"keywords\":[\"BFH-HAFL\",\"Feldbegehungen\",\"F\u00fchrung\",\"Inforama\"],\"articleSection\":[\"Veranstaltung\"],\"inLanguage\":\"fr-FR\"},{\"@type\":\"WebPage\",\"@id\":\"https:\\\/\\\/permakultur-landwirtschaft.org\\\/hafl-permakultur-feld-waldgarten-kurs-am-05-juni-2025\\\/\",\"url\":\"https:\\\/\\\/permakultur-landwirtschaft.org\\\/hafl-permakultur-feld-waldgarten-kurs-am-05-juni-2025\\\/\",\"name\":\"BFH-HAFL Permakultur Feld- &amp; Waldgarten - Kurs am 05. Juni 2025 - Permakultur-Landwirtschaft\",\"isPartOf\":{\"@id\":\"https:\\\/\\\/permakultur-landwirtschaft.org\\\/#website\"},\"primaryImageOfPage\":{\"@id\":\"https:\\\/\\\/permakultur-landwirtschaft.org\\\/hafl-permakultur-feld-waldgarten-kurs-am-05-juni-2025\\\/#primaryimage\"},\"image\":{\"@id\":\"https:\\\/\\\/permakultur-landwirtschaft.org\\\/hafl-permakultur-feld-waldgarten-kurs-am-05-juni-2025\\\/#primaryimage\"},\"thumbnailUrl\":\"https:\\\/\\\/permakultur-landwirtschaft.org\\\/wp-content\\\/uploads\\\/2024\\\/09\\\/HAFL-feldgarten_tobias.png\",\"datePublished\":\"2024-09-24T12:29:55+00:00\",\"dateModified\":\"2025-03-24T14:14:57+00:00\",\"description\":\"Eine F\u00fchrung durch die Permakultur-Systeme den Permakultur Feldgarten und den Waldgarten der BFH-HAFL in Zollikofen BE.\",\"breadcrumb\":{\"@id\":\"https:\\\/\\\/permakultur-landwirtschaft.org\\\/hafl-permakultur-feld-waldgarten-kurs-am-05-juni-2025\\\/#breadcrumb\"},\"inLanguage\":\"fr-FR\",\"potentialAction\":[{\"@type\":\"ReadAction\",\"target\":[\"https:\\\/\\\/permakultur-landwirtschaft.org\\\/hafl-permakultur-feld-waldgarten-kurs-am-05-juni-2025\\\/\"]}]},{\"@type\":\"ImageObject\",\"inLanguage\":\"fr-FR\",\"@id\":\"https:\\\/\\\/permakultur-landwirtschaft.org\\\/hafl-permakultur-feld-waldgarten-kurs-am-05-juni-2025\\\/#primaryimage\",\"url\":\"https:\\\/\\\/permakultur-landwirtschaft.org\\\/wp-content\\\/uploads\\\/2024\\\/09\\\/HAFL-feldgarten_tobias.png\",\"contentUrl\":\"https:\\\/\\\/permakultur-landwirtschaft.org\\\/wp-content\\\/uploads\\\/2024\\\/09\\\/HAFL-feldgarten_tobias.png\",\"width\":500,\"height\":334,\"caption\":\"Bild: BFH-HAFL\"},{\"@type\":\"BreadcrumbList\",\"@id\":\"https:\\\/\\\/permakultur-landwirtschaft.org\\\/hafl-permakultur-feld-waldgarten-kurs-am-05-juni-2025\\\/#breadcrumb\",\"itemListElement\":[{\"@type\":\"ListItem\",\"position\":1,\"name\":\"Startseite\",\"item\":\"https:\\\/\\\/permakultur-landwirtschaft.org\\\/\"},{\"@type\":\"ListItem\",\"position\":2,\"name\":\"BFH-HAFL Permakultur Feld- &amp; Waldgarten &#8211; Kurs am 05. Juni 2025\"}]},{\"@type\":\"WebSite\",\"@id\":\"https:\\\/\\\/permakultur-landwirtschaft.org\\\/#website\",\"url\":\"https:\\\/\\\/permakultur-landwirtschaft.org\\\/\",\"name\":\"Permakultur-Landwirtschaft\",\"description\":\"F\u00f6rderung der Permakultur in der Landwirtschaft\",\"publisher\":{\"@id\":\"https:\\\/\\\/permakultur-landwirtschaft.org\\\/#organization\"},\"potentialAction\":[{\"@type\":\"SearchAction\",\"target\":{\"@type\":\"EntryPoint\",\"urlTemplate\":\"https:\\\/\\\/permakultur-landwirtschaft.org\\\/?s={search_term_string}\"},\"query-input\":{\"@type\":\"PropertyValueSpecification\",\"valueRequired\":true,\"valueName\":\"search_term_string\"}}],\"inLanguage\":\"fr-FR\"},{\"@type\":\"Organization\",\"@id\":\"https:\\\/\\\/permakultur-landwirtschaft.org\\\/#organization\",\"name\":\"Permakultur-Landwirtschaft\",\"alternateName\":\"Verein Permakultur-Landwirtschaft\",\"url\":\"https:\\\/\\\/permakultur-landwirtschaft.org\\\/\",\"logo\":{\"@type\":\"ImageObject\",\"inLanguage\":\"fr-FR\",\"@id\":\"https:\\\/\\\/permakultur-landwirtschaft.org\\\/#\\\/schema\\\/logo\\\/image\\\/\",\"url\":\"https:\\\/\\\/permakultur-landwirtschaft.org\\\/wp-content\\\/uploads\\\/2021\\\/11\\\/pela_1268x1269.png\",\"contentUrl\":\"https:\\\/\\\/permakultur-landwirtschaft.org\\\/wp-content\\\/uploads\\\/2021\\\/11\\\/pela_1268x1269.png\",\"width\":1298,\"height\":1269,\"caption\":\"Permakultur-Landwirtschaft\"},\"image\":{\"@id\":\"https:\\\/\\\/permakultur-landwirtschaft.org\\\/#\\\/schema\\\/logo\\\/image\\\/\"},\"sameAs\":[\"https:\\\/\\\/www.facebook.com\\\/PermakulturLandwirtschaft\",\"https:\\\/\\\/www.instagram.com\\\/permakultur_landwirtschaft\\\/\",\"https:\\\/\\\/www.flickr.com\\\/photos\\\/permakultur-landwirtschaft\",\"https:\\\/\\\/www.youtube.com\\\/@PermakulturLandwirtschaft\"]},{\"@type\":\"Person\",\"@id\":\"https:\\\/\\\/permakultur-landwirtschaft.org\\\/#\\\/schema\\\/person\\\/6b0467872f75aed3e144093f9bf4f0b0\",\"name\":\"adrian reutimann\",\"url\":\"https:\\\/\\\/permakultur-landwirtschaft.org\\\/fr\\\/author\\\/reutiadr\\\/\"}]}<\/script>\n<!-- \/ Yoast SEO plugin. -->","yoast_head_json":{"title":"BFH-HAFL Permakultur Feld- &amp; Waldgarten - Kurs am 05. Juni 2025 - Permakultur-Landwirtschaft","description":"Eine F\u00fchrung durch die Permakultur-Systeme den Permakultur Feldgarten und den Waldgarten der BFH-HAFL in Zollikofen BE.","robots":{"index":"index","follow":"follow","max-snippet":"max-snippet:-1","max-image-preview":"max-image-preview:large","max-video-preview":"max-video-preview:-1"},"canonical":"https:\/\/permakultur-landwirtschaft.org\/fr\/hafl-permakultur-feld-waldgarten-kurs-am-05-juni-2025\/","og_locale":"fr_FR","og_type":"article","og_title":"BFH-HAFL Permakultur Feld- &amp; Waldgarten - Kurs am 05. Juni 2025 - Permakultur-Landwirtschaft","og_description":"Eine F\u00fchrung durch die Permakultur-Systeme den Permakultur Feldgarten und den Waldgarten der BFH-HAFL in Zollikofen BE.","og_url":"https:\/\/permakultur-landwirtschaft.org\/fr\/hafl-permakultur-feld-waldgarten-kurs-am-05-juni-2025\/","og_site_name":"Permakultur-Landwirtschaft","article_publisher":"https:\/\/www.facebook.com\/PermakulturLandwirtschaft","article_published_time":"2024-09-24T12:29:55+00:00","article_modified_time":"2025-03-24T14:14:57+00:00","og_image":[{"width":500,"height":334,"url":"https:\/\/permakultur-landwirtschaft.org\/wp-content\/uploads\/2024\/09\/HAFL-feldgarten_tobias.png","type":"image\/png"}],"author":"adrian reutimann","twitter_card":"summary_large_image","twitter_misc":{"\u00c9crit par":"adrian reutimann","Dur\u00e9e de lecture estim\u00e9e":"1 minute"},"schema":{"@context":"https:\/\/schema.org","@graph":[{"@type":"Article","@id":"https:\/\/permakultur-landwirtschaft.org\/hafl-permakultur-feld-waldgarten-kurs-am-05-juni-2025\/#article","isPartOf":{"@id":"https:\/\/permakultur-landwirtschaft.org\/hafl-permakultur-feld-waldgarten-kurs-am-05-juni-2025\/"},"author":{"name":"adrian reutimann","@id":"https:\/\/permakultur-landwirtschaft.org\/#\/schema\/person\/6b0467872f75aed3e144093f9bf4f0b0"},"headline":"BFH-HAFL Permakultur Feld- &amp; Waldgarten &#8211; Kurs am 05. Juni 2025","datePublished":"2024-09-24T12:29:55+00:00","dateModified":"2025-03-24T14:14:57+00:00","mainEntityOfPage":{"@id":"https:\/\/permakultur-landwirtschaft.org\/hafl-permakultur-feld-waldgarten-kurs-am-05-juni-2025\/"},"wordCount":107,"publisher":{"@id":"https:\/\/permakultur-landwirtschaft.org\/#organization"},"image":{"@id":"https:\/\/permakultur-landwirtschaft.org\/hafl-permakultur-feld-waldgarten-kurs-am-05-juni-2025\/#primaryimage"},"thumbnailUrl":"https:\/\/permakultur-landwirtschaft.org\/wp-content\/uploads\/2024\/09\/HAFL-feldgarten_tobias.png","keywords":["BFH-HAFL","Feldbegehungen","F\u00fchrung","Inforama"],"articleSection":["Veranstaltung"],"inLanguage":"fr-FR"},{"@type":"WebPage","@id":"https:\/\/permakultur-landwirtschaft.org\/hafl-permakultur-feld-waldgarten-kurs-am-05-juni-2025\/","url":"https:\/\/permakultur-landwirtschaft.org\/hafl-permakultur-feld-waldgarten-kurs-am-05-juni-2025\/","name":"BFH-HAFL Permakultur Feld- &amp; Waldgarten - Kurs am 05. Juni 2025 - Permakultur-Landwirtschaft","isPartOf":{"@id":"https:\/\/permakultur-landwirtschaft.org\/#website"},"primaryImageOfPage":{"@id":"https:\/\/permakultur-landwirtschaft.org\/hafl-permakultur-feld-waldgarten-kurs-am-05-juni-2025\/#primaryimage"},"image":{"@id":"https:\/\/permakultur-landwirtschaft.org\/hafl-permakultur-feld-waldgarten-kurs-am-05-juni-2025\/#primaryimage"},"thumbnailUrl":"https:\/\/permakultur-landwirtschaft.org\/wp-content\/uploads\/2024\/09\/HAFL-feldgarten_tobias.png","datePublished":"2024-09-24T12:29:55+00:00","dateModified":"2025-03-24T14:14:57+00:00","description":"Eine F\u00fchrung durch die Permakultur-Systeme den Permakultur Feldgarten und den Waldgarten der BFH-HAFL in Zollikofen BE.","breadcrumb":{"@id":"https:\/\/permakultur-landwirtschaft.org\/hafl-permakultur-feld-waldgarten-kurs-am-05-juni-2025\/#breadcrumb"},"inLanguage":"fr-FR","potentialAction":[{"@type":"ReadAction","target":["https:\/\/permakultur-landwirtschaft.org\/hafl-permakultur-feld-waldgarten-kurs-am-05-juni-2025\/"]}]},{"@type":"ImageObject","inLanguage":"fr-FR","@id":"https:\/\/permakultur-landwirtschaft.org\/hafl-permakultur-feld-waldgarten-kurs-am-05-juni-2025\/#primaryimage","url":"https:\/\/permakultur-landwirtschaft.org\/wp-content\/uploads\/2024\/09\/HAFL-feldgarten_tobias.png","contentUrl":"https:\/\/permakultur-landwirtschaft.org\/wp-content\/uploads\/2024\/09\/HAFL-feldgarten_tobias.png","width":500,"height":334,"caption":"Bild: BFH-HAFL"},{"@type":"BreadcrumbList","@id":"https:\/\/permakultur-landwirtschaft.org\/hafl-permakultur-feld-waldgarten-kurs-am-05-juni-2025\/#breadcrumb","itemListElement":[{"@type":"ListItem","position":1,"name":"Startseite","item":"https:\/\/permakultur-landwirtschaft.org\/"},{"@type":"ListItem","position":2,"name":"BFH-HAFL Permakultur Feld- &amp; Waldgarten &#8211; Kurs am 05. Juni 2025"}]},{"@type":"WebSite","@id":"https:\/\/permakultur-landwirtschaft.org\/#website","url":"https:\/\/permakultur-landwirtschaft.org\/","name":"Permakultur-Landwirtschaft","description":"F\u00f6rderung der Permakultur in der Landwirtschaft","publisher":{"@id":"https:\/\/permakultur-landwirtschaft.org\/#organization"},"potentialAction":[{"@type":"SearchAction","target":{"@type":"EntryPoint","urlTemplate":"https:\/\/permakultur-landwirtschaft.org\/?s={search_term_string}"},"query-input":{"@type":"PropertyValueSpecification","valueRequired":true,"valueName":"search_term_string"}}],"inLanguage":"fr-FR"},{"@type":"Organization","@id":"https:\/\/permakultur-landwirtschaft.org\/#organization","name":"Permakultur-Landwirtschaft","alternateName":"Verein Permakultur-Landwirtschaft","url":"https:\/\/permakultur-landwirtschaft.org\/","logo":{"@type":"ImageObject","inLanguage":"fr-FR","@id":"https:\/\/permakultur-landwirtschaft.org\/#\/schema\/logo\/image\/","url":"https:\/\/permakultur-landwirtschaft.org\/wp-content\/uploads\/2021\/11\/pela_1268x1269.png","contentUrl":"https:\/\/permakultur-landwirtschaft.org\/wp-content\/uploads\/2021\/11\/pela_1268x1269.png","width":1298,"height":1269,"caption":"Permakultur-Landwirtschaft"},"image":{"@id":"https:\/\/permakultur-landwirtschaft.org\/#\/schema\/logo\/image\/"},"sameAs":["https:\/\/www.facebook.com\/PermakulturLandwirtschaft","https:\/\/www.instagram.com\/permakultur_landwirtschaft\/","https:\/\/www.flickr.com\/photos\/permakultur-landwirtschaft","https:\/\/www.youtube.com\/@PermakulturLandwirtschaft"]},{"@type":"Person","@id":"https:\/\/permakultur-landwirtschaft.org\/#\/schema\/person\/6b0467872f75aed3e144093f9bf4f0b0","name":"adrian reutimann","url":"https:\/\/permakultur-landwirtschaft.org\/fr\/author\/reutiadr\/"}]}},"_links":{"self":[{"href":"https:\/\/permakultur-landwirtschaft.org\/fr\/wp-json\/wp\/v2\/posts\/35249","targetHints":{"allow":["GET"]}}],"collection":[{"href":"https:\/\/permakultur-landwirtschaft.org\/fr\/wp-json\/wp\/v2\/posts"}],"about":[{"href":"https:\/\/permakultur-landwirtschaft.org\/fr\/wp-json\/wp\/v2\/types\/post"}],"author":[{"embeddable":true,"href":"https:\/\/permakultur-landwirtschaft.org\/fr\/wp-json\/wp\/v2\/users\/2"}],"replies":[{"embeddable":true,"href":"https:\/\/permakultur-landwirtschaft.org\/fr\/wp-json\/wp\/v2\/comments?post=35249"}],"version-history":[{"count":3,"href":"https:\/\/permakultur-landwirtschaft.org\/fr\/wp-json\/wp\/v2\/posts\/35249\/revisions"}],"predecessor-version":[{"id":36066,"href":"https:\/\/permakultur-landwirtschaft.org\/fr\/wp-json\/wp\/v2\/posts\/35249\/revisions\/36066"}],"wp:featuredmedia":[{"embeddable":true,"href":"https:\/\/permakultur-landwirtschaft.org\/fr\/wp-json\/wp\/v2\/media\/35250"}],"wp:attachment":[{"href":"https:\/\/permakultur-landwirtschaft.org\/fr\/wp-json\/wp\/v2\/media?parent=35249"}],"wp:term":[{"taxonomy":"category","embeddable":true,"href":"https:\/\/permakultur-landwirtschaft.org\/fr\/wp-json\/wp\/v2\/categories?post=35249"},{"taxonomy":"post_tag","embeddable":true,"href":"https:\/\/permakultur-landwirtschaft.org\/fr\/wp-json\/wp\/v2\/tags?post=35249"}],"curies":[{"name":"wp","href":"https:\/\/api.w.org\/{rel}","templated":true}]}}