{"id":35234,"date":"2024-09-24T14:01:33","date_gmt":"2024-09-24T12:01:33","guid":{"rendered":"https:\/\/permakultur-landwirtschaft.org\/?p=35234"},"modified":"2024-10-25T10:27:57","modified_gmt":"2024-10-25T08:27:57","slug":"permakultur-in-der-landwirtschaft-theoretische-einfuehrung-am-22-januar-2025","status":"publish","type":"post","link":"https:\/\/permakultur-landwirtschaft.org\/fr\/permakultur-in-der-landwirtschaft-theoretische-einfuehrung-am-22-januar-2025\/","title":{"rendered":"Permakultur in der Landwirtschaft &#8211; Theoretische Einf\u00fchrung am 22. Januar 2025"},"content":{"rendered":"<p>Text von www.inforama.ch:<\/p>\n\n\n\n<p>An diesem Theorietag befassen wir uns mit den Grundlagen der Permakultur und verkn\u00fcpfen diese mit der (Schweizer) Landwirtschaft. Wir schauen uns die aktuelle Situation an, lernen Konzepte kennen, befassen uns mit einzelnen Elementen und lassen uns von Praxisbeispielen inspirieren.<\/p>\n\n\n\n<p>Nach diesem Kurs k\u00f6nnen Teilnehmende erkl\u00e4ren, was Permakultur ist und haben verschiedene Inspirationen und weiterf\u00fchrende Informationen, um sich und ihren Betrieb weiter zu entwickeln.<\/p>\n\n\n\n<h2 class=\"wp-block-heading\">Date<\/h2>\n\n\n\n<p>Mi, 22. Januar 2025, 09:00 &#8211; 16:00<\/p>\n\n\n\n<h2 class=\"wp-block-heading\">Lieu<\/h2>\n\n\n\n<p>INFORAMA R\u00fctti<br>R\u00fctti 5<br>3052 Zollikofen BE<\/p>\n\n\n\n<p><a href=\"https:\/\/www.inforama.ch\/kurse#\/weiterbildung\/permakultur\/31973\" target=\"_blank\" rel=\"noreferrer noopener\">Link zu mehr Infos<\/a><\/p>\n\n\n\n<p><a href=\"https:\/\/permakultur-landwirtschaft.org\/documents\/events\/2025_Inforama_Flyer_A5_Permakultur.pdf\" target=\"_blank\" rel=\"noreferrer noopener\">Flyer mit weiteren spannenden Permakultur Veranstaltungen vom Inforama<\/a><\/p>","protected":false},"excerpt":{"rendered":"<p>Text von www.inforama.ch: An diesem Theorietag befassen wir uns mit den Grundlagen der Permakultur und verkn\u00fcpfen diese mit der (Schweizer) Landwirtschaft. Wir schauen uns die aktuelle Situation an, lernen Konzepte kennen, befassen uns mit einzelnen Elementen und lassen uns von Praxisbeispielen inspirieren. Nach diesem Kurs k\u00f6nnen Teilnehmende erkl\u00e4ren, was Permakultur ist und haben verschiedene Inspirationen [&hellip;]<\/p>\n","protected":false},"author":2,"featured_media":32312,"comment_status":"closed","ping_status":"closed","sticky":false,"template":"","format":"standard","meta":{"_acf_changed":false,"site-sidebar-layout":"default","site-content-layout":"","ast-site-content-layout":"default","site-content-style":"default","site-sidebar-style":"default","ast-global-header-display":"","ast-banner-title-visibility":"","ast-main-header-display":"","ast-hfb-above-header-display":"","ast-hfb-below-header-display":"","ast-hfb-mobile-header-display":"","site-post-title":"","ast-breadcrumbs-content":"","ast-featured-img":"","footer-sml-layout":"","ast-disable-related-posts":"","theme-transparent-header-meta":"","adv-header-id-meta":"","stick-header-meta":"","header-above-stick-meta":"","header-main-stick-meta":"","header-below-stick-meta":"","astra-migrate-meta-layouts":"set","ast-page-background-enabled":"default","ast-page-background-meta":{"desktop":{"background-color":"var(--ast-global-color-4)","background-image":"","background-repeat":"repeat","background-position":"center center","background-size":"auto","background-attachment":"scroll","background-type":"","background-media":"","overlay-type":"","overlay-color":"","overlay-opacity":"","overlay-gradient":""},"tablet":{"background-color":"","background-image":"","background-repeat":"repeat","background-position":"center center","background-size":"auto","background-attachment":"scroll","background-type":"","background-media":"","overlay-type":"","overlay-color":"","overlay-opacity":"","overlay-gradient":""},"mobile":{"background-color":"","background-image":"","background-repeat":"repeat","background-position":"center center","background-size":"auto","background-attachment":"scroll","background-type":"","background-media":"","overlay-type":"","overlay-color":"","overlay-opacity":"","overlay-gradient":""}},"ast-content-background-meta":{"desktop":{"background-color":"var(--ast-global-color-5)","background-image":"","background-repeat":"repeat","background-position":"center center","background-size":"auto","background-attachment":"scroll","background-type":"","background-media":"","overlay-type":"","overlay-color":"","overlay-opacity":"","overlay-gradient":""},"tablet":{"background-color":"var(--ast-global-color-5)","background-image":"","background-repeat":"repeat","background-position":"center center","background-size":"auto","background-attachment":"scroll","background-type":"","background-media":"","overlay-type":"","overlay-color":"","overlay-opacity":"","overlay-gradient":""},"mobile":{"background-color":"var(--ast-global-color-5)","background-image":"","background-repeat":"repeat","background-position":"center center","background-size":"auto","background-attachment":"scroll","background-type":"","background-media":"","overlay-type":"","overlay-color":"","overlay-opacity":"","overlay-gradient":""}},"footnotes":""},"categories":[14],"tags":[35,243,441],"class_list":["post-35234","post","type-post","status-publish","format-standard","has-post-thumbnail","hentry","category-veranstaltung","tag-inforama","tag-permakultur-landwirtschaft","tag-theoretische-einfuehrung"],"acf":[],"yoast_head":"<!-- This site is optimized with the Yoast SEO plugin v27.5 - https:\/\/yoast.com\/product\/yoast-seo-wordpress\/ -->\n<title>Permakultur in der Landwirtschaft - Theoretische Einf\u00fchrung am 22. Januar 2025 - Permakultur-Landwirtschaft<\/title>\n<meta name=\"description\" content=\"An diesem Theorietag befassen wir uns mit den Grundlagen der Permakultur und verkn\u00fcpfen diese mit der Landwirtschaft.\" \/>\n<meta name=\"robots\" content=\"index, follow, max-snippet:-1, max-image-preview:large, max-video-preview:-1\" \/>\n<link rel=\"canonical\" href=\"https:\/\/permakultur-landwirtschaft.org\/fr\/permakultur-in-der-landwirtschaft-theoretische-einfuehrung-am-22-januar-2025\/\" \/>\n<meta property=\"og:locale\" content=\"fr_FR\" \/>\n<meta property=\"og:type\" content=\"article\" \/>\n<meta property=\"og:title\" content=\"Permakultur in der Landwirtschaft - Theoretische Einf\u00fchrung am 22. Januar 2025 - Permakultur-Landwirtschaft\" \/>\n<meta property=\"og:description\" content=\"An diesem Theorietag befassen wir uns mit den Grundlagen der Permakultur und verkn\u00fcpfen diese mit der Landwirtschaft.\" \/>\n<meta property=\"og:url\" content=\"https:\/\/permakultur-landwirtschaft.org\/fr\/permakultur-in-der-landwirtschaft-theoretische-einfuehrung-am-22-januar-2025\/\" \/>\n<meta property=\"og:site_name\" content=\"Permakultur-Landwirtschaft\" \/>\n<meta property=\"article:publisher\" content=\"https:\/\/www.facebook.com\/PermakulturLandwirtschaft\" \/>\n<meta property=\"article:published_time\" content=\"2024-09-24T12:01:33+00:00\" \/>\n<meta property=\"article:modified_time\" content=\"2024-10-25T08:27:57+00:00\" \/>\n<meta property=\"og:image\" content=\"https:\/\/permakultur-landwirtschaft.org\/wp-content\/uploads\/2023\/10\/PK_Theorie_700.jpg\" \/>\n\t<meta property=\"og:image:width\" content=\"700\" \/>\n\t<meta property=\"og:image:height\" content=\"491\" \/>\n\t<meta property=\"og:image:type\" content=\"image\/jpeg\" \/>\n<meta name=\"author\" content=\"adrian reutimann\" \/>\n<meta name=\"twitter:card\" content=\"summary_large_image\" \/>\n<meta name=\"twitter:label1\" content=\"\u00c9crit par\" \/>\n\t<meta name=\"twitter:data1\" content=\"adrian reutimann\" \/>\n\t<meta name=\"twitter:label2\" content=\"Dur\u00e9e de lecture estim\u00e9e\" \/>\n\t<meta name=\"twitter:data2\" content=\"1 minute\" \/>\n<script type=\"application\/ld+json\" class=\"yoast-schema-graph\">{\"@context\":\"https:\\\/\\\/schema.org\",\"@graph\":[{\"@type\":\"Article\",\"@id\":\"https:\\\/\\\/permakultur-landwirtschaft.org\\\/permakultur-in-der-landwirtschaft-theoretische-einfuehrung-am-22-januar-2025\\\/#article\",\"isPartOf\":{\"@id\":\"https:\\\/\\\/permakultur-landwirtschaft.org\\\/permakultur-in-der-landwirtschaft-theoretische-einfuehrung-am-22-januar-2025\\\/\"},\"author\":{\"name\":\"adrian reutimann\",\"@id\":\"https:\\\/\\\/permakultur-landwirtschaft.org\\\/#\\\/schema\\\/person\\\/6b0467872f75aed3e144093f9bf4f0b0\"},\"headline\":\"Permakultur in der Landwirtschaft &#8211; Theoretische Einf\u00fchrung am 22. Januar 2025\",\"datePublished\":\"2024-09-24T12:01:33+00:00\",\"dateModified\":\"2024-10-25T08:27:57+00:00\",\"mainEntityOfPage\":{\"@id\":\"https:\\\/\\\/permakultur-landwirtschaft.org\\\/permakultur-in-der-landwirtschaft-theoretische-einfuehrung-am-22-januar-2025\\\/\"},\"wordCount\":105,\"publisher\":{\"@id\":\"https:\\\/\\\/permakultur-landwirtschaft.org\\\/#organization\"},\"image\":{\"@id\":\"https:\\\/\\\/permakultur-landwirtschaft.org\\\/permakultur-in-der-landwirtschaft-theoretische-einfuehrung-am-22-januar-2025\\\/#primaryimage\"},\"thumbnailUrl\":\"https:\\\/\\\/permakultur-landwirtschaft.org\\\/wp-content\\\/uploads\\\/2023\\\/10\\\/PK_Theorie_700.jpg\",\"keywords\":[\"Inforama\",\"Permakultur-Landwirtschaft\",\"Theoretische Einf\u00fchrung\"],\"articleSection\":[\"Veranstaltung\"],\"inLanguage\":\"fr-FR\"},{\"@type\":\"WebPage\",\"@id\":\"https:\\\/\\\/permakultur-landwirtschaft.org\\\/permakultur-in-der-landwirtschaft-theoretische-einfuehrung-am-22-januar-2025\\\/\",\"url\":\"https:\\\/\\\/permakultur-landwirtschaft.org\\\/permakultur-in-der-landwirtschaft-theoretische-einfuehrung-am-22-januar-2025\\\/\",\"name\":\"Permakultur in der Landwirtschaft - Theoretische Einf\u00fchrung am 22. Januar 2025 - Permakultur-Landwirtschaft\",\"isPartOf\":{\"@id\":\"https:\\\/\\\/permakultur-landwirtschaft.org\\\/#website\"},\"primaryImageOfPage\":{\"@id\":\"https:\\\/\\\/permakultur-landwirtschaft.org\\\/permakultur-in-der-landwirtschaft-theoretische-einfuehrung-am-22-januar-2025\\\/#primaryimage\"},\"image\":{\"@id\":\"https:\\\/\\\/permakultur-landwirtschaft.org\\\/permakultur-in-der-landwirtschaft-theoretische-einfuehrung-am-22-januar-2025\\\/#primaryimage\"},\"thumbnailUrl\":\"https:\\\/\\\/permakultur-landwirtschaft.org\\\/wp-content\\\/uploads\\\/2023\\\/10\\\/PK_Theorie_700.jpg\",\"datePublished\":\"2024-09-24T12:01:33+00:00\",\"dateModified\":\"2024-10-25T08:27:57+00:00\",\"description\":\"An diesem Theorietag befassen wir uns mit den Grundlagen der Permakultur und verkn\u00fcpfen diese mit der Landwirtschaft.\",\"breadcrumb\":{\"@id\":\"https:\\\/\\\/permakultur-landwirtschaft.org\\\/permakultur-in-der-landwirtschaft-theoretische-einfuehrung-am-22-januar-2025\\\/#breadcrumb\"},\"inLanguage\":\"fr-FR\",\"potentialAction\":[{\"@type\":\"ReadAction\",\"target\":[\"https:\\\/\\\/permakultur-landwirtschaft.org\\\/permakultur-in-der-landwirtschaft-theoretische-einfuehrung-am-22-januar-2025\\\/\"]}]},{\"@type\":\"ImageObject\",\"inLanguage\":\"fr-FR\",\"@id\":\"https:\\\/\\\/permakultur-landwirtschaft.org\\\/permakultur-in-der-landwirtschaft-theoretische-einfuehrung-am-22-januar-2025\\\/#primaryimage\",\"url\":\"https:\\\/\\\/permakultur-landwirtschaft.org\\\/wp-content\\\/uploads\\\/2023\\\/10\\\/PK_Theorie_700.jpg\",\"contentUrl\":\"https:\\\/\\\/permakultur-landwirtschaft.org\\\/wp-content\\\/uploads\\\/2023\\\/10\\\/PK_Theorie_700.jpg\",\"width\":700,\"height\":491,\"caption\":\"Bild: M. Laager\"},{\"@type\":\"BreadcrumbList\",\"@id\":\"https:\\\/\\\/permakultur-landwirtschaft.org\\\/permakultur-in-der-landwirtschaft-theoretische-einfuehrung-am-22-januar-2025\\\/#breadcrumb\",\"itemListElement\":[{\"@type\":\"ListItem\",\"position\":1,\"name\":\"Startseite\",\"item\":\"https:\\\/\\\/permakultur-landwirtschaft.org\\\/\"},{\"@type\":\"ListItem\",\"position\":2,\"name\":\"Permakultur in der Landwirtschaft &#8211; Theoretische Einf\u00fchrung am 22. Januar 2025\"}]},{\"@type\":\"WebSite\",\"@id\":\"https:\\\/\\\/permakultur-landwirtschaft.org\\\/#website\",\"url\":\"https:\\\/\\\/permakultur-landwirtschaft.org\\\/\",\"name\":\"Permakultur-Landwirtschaft\",\"description\":\"F\u00f6rderung der Permakultur in der Landwirtschaft\",\"publisher\":{\"@id\":\"https:\\\/\\\/permakultur-landwirtschaft.org\\\/#organization\"},\"potentialAction\":[{\"@type\":\"SearchAction\",\"target\":{\"@type\":\"EntryPoint\",\"urlTemplate\":\"https:\\\/\\\/permakultur-landwirtschaft.org\\\/?s={search_term_string}\"},\"query-input\":{\"@type\":\"PropertyValueSpecification\",\"valueRequired\":true,\"valueName\":\"search_term_string\"}}],\"inLanguage\":\"fr-FR\"},{\"@type\":\"Organization\",\"@id\":\"https:\\\/\\\/permakultur-landwirtschaft.org\\\/#organization\",\"name\":\"Permakultur-Landwirtschaft\",\"alternateName\":\"Verein Permakultur-Landwirtschaft\",\"url\":\"https:\\\/\\\/permakultur-landwirtschaft.org\\\/\",\"logo\":{\"@type\":\"ImageObject\",\"inLanguage\":\"fr-FR\",\"@id\":\"https:\\\/\\\/permakultur-landwirtschaft.org\\\/#\\\/schema\\\/logo\\\/image\\\/\",\"url\":\"https:\\\/\\\/permakultur-landwirtschaft.org\\\/wp-content\\\/uploads\\\/2021\\\/11\\\/pela_1268x1269.png\",\"contentUrl\":\"https:\\\/\\\/permakultur-landwirtschaft.org\\\/wp-content\\\/uploads\\\/2021\\\/11\\\/pela_1268x1269.png\",\"width\":1298,\"height\":1269,\"caption\":\"Permakultur-Landwirtschaft\"},\"image\":{\"@id\":\"https:\\\/\\\/permakultur-landwirtschaft.org\\\/#\\\/schema\\\/logo\\\/image\\\/\"},\"sameAs\":[\"https:\\\/\\\/www.facebook.com\\\/PermakulturLandwirtschaft\",\"https:\\\/\\\/www.instagram.com\\\/permakultur_landwirtschaft\\\/\",\"https:\\\/\\\/www.flickr.com\\\/photos\\\/permakultur-landwirtschaft\",\"https:\\\/\\\/www.youtube.com\\\/@PermakulturLandwirtschaft\"]},{\"@type\":\"Person\",\"@id\":\"https:\\\/\\\/permakultur-landwirtschaft.org\\\/#\\\/schema\\\/person\\\/6b0467872f75aed3e144093f9bf4f0b0\",\"name\":\"adrian reutimann\",\"url\":\"https:\\\/\\\/permakultur-landwirtschaft.org\\\/fr\\\/author\\\/reutiadr\\\/\"}]}<\/script>\n<!-- \/ Yoast SEO plugin. -->","yoast_head_json":{"title":"Permakultur in der Landwirtschaft - Theoretische Einf\u00fchrung am 22. Januar 2025 - Permakultur-Landwirtschaft","description":"An diesem Theorietag befassen wir uns mit den Grundlagen der Permakultur und verkn\u00fcpfen diese mit der Landwirtschaft.","robots":{"index":"index","follow":"follow","max-snippet":"max-snippet:-1","max-image-preview":"max-image-preview:large","max-video-preview":"max-video-preview:-1"},"canonical":"https:\/\/permakultur-landwirtschaft.org\/fr\/permakultur-in-der-landwirtschaft-theoretische-einfuehrung-am-22-januar-2025\/","og_locale":"fr_FR","og_type":"article","og_title":"Permakultur in der Landwirtschaft - Theoretische Einf\u00fchrung am 22. Januar 2025 - Permakultur-Landwirtschaft","og_description":"An diesem Theorietag befassen wir uns mit den Grundlagen der Permakultur und verkn\u00fcpfen diese mit der Landwirtschaft.","og_url":"https:\/\/permakultur-landwirtschaft.org\/fr\/permakultur-in-der-landwirtschaft-theoretische-einfuehrung-am-22-januar-2025\/","og_site_name":"Permakultur-Landwirtschaft","article_publisher":"https:\/\/www.facebook.com\/PermakulturLandwirtschaft","article_published_time":"2024-09-24T12:01:33+00:00","article_modified_time":"2024-10-25T08:27:57+00:00","og_image":[{"width":700,"height":491,"url":"https:\/\/permakultur-landwirtschaft.org\/wp-content\/uploads\/2023\/10\/PK_Theorie_700.jpg","type":"image\/jpeg"}],"author":"adrian reutimann","twitter_card":"summary_large_image","twitter_misc":{"\u00c9crit par":"adrian reutimann","Dur\u00e9e de lecture estim\u00e9e":"1 minute"},"schema":{"@context":"https:\/\/schema.org","@graph":[{"@type":"Article","@id":"https:\/\/permakultur-landwirtschaft.org\/permakultur-in-der-landwirtschaft-theoretische-einfuehrung-am-22-januar-2025\/#article","isPartOf":{"@id":"https:\/\/permakultur-landwirtschaft.org\/permakultur-in-der-landwirtschaft-theoretische-einfuehrung-am-22-januar-2025\/"},"author":{"name":"adrian reutimann","@id":"https:\/\/permakultur-landwirtschaft.org\/#\/schema\/person\/6b0467872f75aed3e144093f9bf4f0b0"},"headline":"Permakultur in der Landwirtschaft &#8211; Theoretische Einf\u00fchrung am 22. Januar 2025","datePublished":"2024-09-24T12:01:33+00:00","dateModified":"2024-10-25T08:27:57+00:00","mainEntityOfPage":{"@id":"https:\/\/permakultur-landwirtschaft.org\/permakultur-in-der-landwirtschaft-theoretische-einfuehrung-am-22-januar-2025\/"},"wordCount":105,"publisher":{"@id":"https:\/\/permakultur-landwirtschaft.org\/#organization"},"image":{"@id":"https:\/\/permakultur-landwirtschaft.org\/permakultur-in-der-landwirtschaft-theoretische-einfuehrung-am-22-januar-2025\/#primaryimage"},"thumbnailUrl":"https:\/\/permakultur-landwirtschaft.org\/wp-content\/uploads\/2023\/10\/PK_Theorie_700.jpg","keywords":["Inforama","Permakultur-Landwirtschaft","Theoretische Einf\u00fchrung"],"articleSection":["Veranstaltung"],"inLanguage":"fr-FR"},{"@type":"WebPage","@id":"https:\/\/permakultur-landwirtschaft.org\/permakultur-in-der-landwirtschaft-theoretische-einfuehrung-am-22-januar-2025\/","url":"https:\/\/permakultur-landwirtschaft.org\/permakultur-in-der-landwirtschaft-theoretische-einfuehrung-am-22-januar-2025\/","name":"Permakultur in der Landwirtschaft - Theoretische Einf\u00fchrung am 22. Januar 2025 - Permakultur-Landwirtschaft","isPartOf":{"@id":"https:\/\/permakultur-landwirtschaft.org\/#website"},"primaryImageOfPage":{"@id":"https:\/\/permakultur-landwirtschaft.org\/permakultur-in-der-landwirtschaft-theoretische-einfuehrung-am-22-januar-2025\/#primaryimage"},"image":{"@id":"https:\/\/permakultur-landwirtschaft.org\/permakultur-in-der-landwirtschaft-theoretische-einfuehrung-am-22-januar-2025\/#primaryimage"},"thumbnailUrl":"https:\/\/permakultur-landwirtschaft.org\/wp-content\/uploads\/2023\/10\/PK_Theorie_700.jpg","datePublished":"2024-09-24T12:01:33+00:00","dateModified":"2024-10-25T08:27:57+00:00","description":"An diesem Theorietag befassen wir uns mit den Grundlagen der Permakultur und verkn\u00fcpfen diese mit der Landwirtschaft.","breadcrumb":{"@id":"https:\/\/permakultur-landwirtschaft.org\/permakultur-in-der-landwirtschaft-theoretische-einfuehrung-am-22-januar-2025\/#breadcrumb"},"inLanguage":"fr-FR","potentialAction":[{"@type":"ReadAction","target":["https:\/\/permakultur-landwirtschaft.org\/permakultur-in-der-landwirtschaft-theoretische-einfuehrung-am-22-januar-2025\/"]}]},{"@type":"ImageObject","inLanguage":"fr-FR","@id":"https:\/\/permakultur-landwirtschaft.org\/permakultur-in-der-landwirtschaft-theoretische-einfuehrung-am-22-januar-2025\/#primaryimage","url":"https:\/\/permakultur-landwirtschaft.org\/wp-content\/uploads\/2023\/10\/PK_Theorie_700.jpg","contentUrl":"https:\/\/permakultur-landwirtschaft.org\/wp-content\/uploads\/2023\/10\/PK_Theorie_700.jpg","width":700,"height":491,"caption":"Bild: M. Laager"},{"@type":"BreadcrumbList","@id":"https:\/\/permakultur-landwirtschaft.org\/permakultur-in-der-landwirtschaft-theoretische-einfuehrung-am-22-januar-2025\/#breadcrumb","itemListElement":[{"@type":"ListItem","position":1,"name":"Startseite","item":"https:\/\/permakultur-landwirtschaft.org\/"},{"@type":"ListItem","position":2,"name":"Permakultur in der Landwirtschaft &#8211; Theoretische Einf\u00fchrung am 22. Januar 2025"}]},{"@type":"WebSite","@id":"https:\/\/permakultur-landwirtschaft.org\/#website","url":"https:\/\/permakultur-landwirtschaft.org\/","name":"Permakultur-Landwirtschaft","description":"F\u00f6rderung der Permakultur in der Landwirtschaft","publisher":{"@id":"https:\/\/permakultur-landwirtschaft.org\/#organization"},"potentialAction":[{"@type":"SearchAction","target":{"@type":"EntryPoint","urlTemplate":"https:\/\/permakultur-landwirtschaft.org\/?s={search_term_string}"},"query-input":{"@type":"PropertyValueSpecification","valueRequired":true,"valueName":"search_term_string"}}],"inLanguage":"fr-FR"},{"@type":"Organization","@id":"https:\/\/permakultur-landwirtschaft.org\/#organization","name":"Permakultur-Landwirtschaft","alternateName":"Verein Permakultur-Landwirtschaft","url":"https:\/\/permakultur-landwirtschaft.org\/","logo":{"@type":"ImageObject","inLanguage":"fr-FR","@id":"https:\/\/permakultur-landwirtschaft.org\/#\/schema\/logo\/image\/","url":"https:\/\/permakultur-landwirtschaft.org\/wp-content\/uploads\/2021\/11\/pela_1268x1269.png","contentUrl":"https:\/\/permakultur-landwirtschaft.org\/wp-content\/uploads\/2021\/11\/pela_1268x1269.png","width":1298,"height":1269,"caption":"Permakultur-Landwirtschaft"},"image":{"@id":"https:\/\/permakultur-landwirtschaft.org\/#\/schema\/logo\/image\/"},"sameAs":["https:\/\/www.facebook.com\/PermakulturLandwirtschaft","https:\/\/www.instagram.com\/permakultur_landwirtschaft\/","https:\/\/www.flickr.com\/photos\/permakultur-landwirtschaft","https:\/\/www.youtube.com\/@PermakulturLandwirtschaft"]},{"@type":"Person","@id":"https:\/\/permakultur-landwirtschaft.org\/#\/schema\/person\/6b0467872f75aed3e144093f9bf4f0b0","name":"adrian reutimann","url":"https:\/\/permakultur-landwirtschaft.org\/fr\/author\/reutiadr\/"}]}},"_links":{"self":[{"href":"https:\/\/permakultur-landwirtschaft.org\/fr\/wp-json\/wp\/v2\/posts\/35234","targetHints":{"allow":["GET"]}}],"collection":[{"href":"https:\/\/permakultur-landwirtschaft.org\/fr\/wp-json\/wp\/v2\/posts"}],"about":[{"href":"https:\/\/permakultur-landwirtschaft.org\/fr\/wp-json\/wp\/v2\/types\/post"}],"author":[{"embeddable":true,"href":"https:\/\/permakultur-landwirtschaft.org\/fr\/wp-json\/wp\/v2\/users\/2"}],"replies":[{"embeddable":true,"href":"https:\/\/permakultur-landwirtschaft.org\/fr\/wp-json\/wp\/v2\/comments?post=35234"}],"version-history":[{"count":3,"href":"https:\/\/permakultur-landwirtschaft.org\/fr\/wp-json\/wp\/v2\/posts\/35234\/revisions"}],"predecessor-version":[{"id":37316,"href":"https:\/\/permakultur-landwirtschaft.org\/fr\/wp-json\/wp\/v2\/posts\/35234\/revisions\/37316"}],"wp:featuredmedia":[{"embeddable":true,"href":"https:\/\/permakultur-landwirtschaft.org\/fr\/wp-json\/wp\/v2\/media\/32312"}],"wp:attachment":[{"href":"https:\/\/permakultur-landwirtschaft.org\/fr\/wp-json\/wp\/v2\/media?parent=35234"}],"wp:term":[{"taxonomy":"category","embeddable":true,"href":"https:\/\/permakultur-landwirtschaft.org\/fr\/wp-json\/wp\/v2\/categories?post=35234"},{"taxonomy":"post_tag","embeddable":true,"href":"https:\/\/permakultur-landwirtschaft.org\/fr\/wp-json\/wp\/v2\/tags?post=35234"}],"curies":[{"name":"wp","href":"https:\/\/api.w.org\/{rel}","templated":true}]}}