{"id":35217,"date":"2024-09-24T11:25:16","date_gmt":"2024-09-24T09:25:16","guid":{"rendered":"https:\/\/permakultur-landwirtschaft.org\/?p=35217"},"modified":"2024-09-24T11:25:17","modified_gmt":"2024-09-24T09:25:17","slug":"intensiv-seminar-regenerativer-gemuesebau-vom-14-januar-bis-11-juli-2025","status":"publish","type":"post","link":"https:\/\/permakultur-landwirtschaft.org\/fr\/intensiv-seminar-regenerativer-gemuesebau-vom-14-januar-bis-11-juli-2025\/","title":{"rendered":"Intensiv-Seminar regenerativer Gem\u00fcsebau vom 14. Januar bis 11. Juli 2025"},"content":{"rendered":"<p>Text von regenerativergemuesebau.ch:<\/p>\n\n\n\n<p>Hast du mit Ertragsschwankungen, Beikrautdruck oder Bodenverdichtung zu k\u00e4mpfen? In meinem 10-t\u00e4gigen Intensiv-Seminar lernst du effektive L\u00f6sungen f\u00fcr die Herausforderungen im Gem\u00fcsebau kennen. Entdecke, wie du Ertr\u00e4ge stabilisieren, Beikraut effektiv managen und die Bodenqualit\u00e4t verbessern kannst. Mach deinen Betrieb zukunftsf\u00e4hig!<br><br>Das Intensivseminar richtet sich an Praktiker:innen und Betriebsleitende aller Betriebsgr\u00f6ssen, die regenerative Anbaumethoden erlernen oder ihren Betrieb schrittweise umstellen m\u00f6chten. Auch Berater:innen, die einen Einstieg in den regenerativen Gem\u00fcsebau suchen, sind herzlich willkommen.<br><br>Beratung direkt aus der Praxis!<br><br>10 Tage Live-Unterricht:<br><br>Block 1: 14. Jan. bis 17. Jan. 2025<br>Block 2: 25. Feb. bis 28. Feb. 2025<br>Praxistag 1: 6. Juni 2025<br>Praxistag 2: 11. Juli 2025<\/p>\n\n\n\n<p><a href=\"https:\/\/regenerativergemuesebau.ch\/meine-kurse\/\" target=\"_blank\" rel=\"noreferrer noopener\">Link zu mehr Infos<\/a><\/p>","protected":false},"excerpt":{"rendered":"<p>Text von regenerativergemuesebau.ch: Hast du mit Ertragsschwankungen, Beikrautdruck oder Bodenverdichtung zu k\u00e4mpfen? In meinem 10-t\u00e4gigen Intensiv-Seminar lernst du effektive L\u00f6sungen f\u00fcr die Herausforderungen im Gem\u00fcsebau kennen. Entdecke, wie du Ertr\u00e4ge stabilisieren, Beikraut effektiv managen und die Bodenqualit\u00e4t verbessern kannst. Mach deinen Betrieb zukunftsf\u00e4hig! Das Intensivseminar richtet sich an Praktiker:innen und Betriebsleitende aller Betriebsgr\u00f6ssen, die regenerative [&hellip;]<\/p>\n","protected":false},"author":2,"featured_media":35218,"comment_status":"closed","ping_status":"closed","sticky":false,"template":"","format":"standard","meta":{"_acf_changed":false,"site-sidebar-layout":"default","site-content-layout":"","ast-site-content-layout":"default","site-content-style":"default","site-sidebar-style":"default","ast-global-header-display":"","ast-banner-title-visibility":"","ast-main-header-display":"","ast-hfb-above-header-display":"","ast-hfb-below-header-display":"","ast-hfb-mobile-header-display":"","site-post-title":"","ast-breadcrumbs-content":"","ast-featured-img":"","footer-sml-layout":"","ast-disable-related-posts":"","theme-transparent-header-meta":"","adv-header-id-meta":"","stick-header-meta":"","header-above-stick-meta":"","header-main-stick-meta":"","header-below-stick-meta":"","astra-migrate-meta-layouts":"set","ast-page-background-enabled":"default","ast-page-background-meta":{"desktop":{"background-color":"var(--ast-global-color-4)","background-image":"","background-repeat":"repeat","background-position":"center center","background-size":"auto","background-attachment":"scroll","background-type":"","background-media":"","overlay-type":"","overlay-color":"","overlay-opacity":"","overlay-gradient":""},"tablet":{"background-color":"","background-image":"","background-repeat":"repeat","background-position":"center center","background-size":"auto","background-attachment":"scroll","background-type":"","background-media":"","overlay-type":"","overlay-color":"","overlay-opacity":"","overlay-gradient":""},"mobile":{"background-color":"","background-image":"","background-repeat":"repeat","background-position":"center center","background-size":"auto","background-attachment":"scroll","background-type":"","background-media":"","overlay-type":"","overlay-color":"","overlay-opacity":"","overlay-gradient":""}},"ast-content-background-meta":{"desktop":{"background-color":"var(--ast-global-color-5)","background-image":"","background-repeat":"repeat","background-position":"center center","background-size":"auto","background-attachment":"scroll","background-type":"","background-media":"","overlay-type":"","overlay-color":"","overlay-opacity":"","overlay-gradient":""},"tablet":{"background-color":"var(--ast-global-color-5)","background-image":"","background-repeat":"repeat","background-position":"center center","background-size":"auto","background-attachment":"scroll","background-type":"","background-media":"","overlay-type":"","overlay-color":"","overlay-opacity":"","overlay-gradient":""},"mobile":{"background-color":"var(--ast-global-color-5)","background-image":"","background-repeat":"repeat","background-position":"center center","background-size":"auto","background-attachment":"scroll","background-type":"","background-media":"","overlay-type":"","overlay-color":"","overlay-opacity":"","overlay-gradient":""}},"footnotes":""},"categories":[14],"tags":[435,434],"class_list":["post-35217","post","type-post","status-publish","format-standard","has-post-thumbnail","hentry","category-veranstaltung","tag-intensiv-seminar","tag-regenerativer-gemuesebau"],"acf":[],"yoast_head":"<!-- This site is optimized with the Yoast SEO plugin v27.5 - https:\/\/yoast.com\/product\/yoast-seo-wordpress\/ -->\n<title>Intensiv-Seminar regenerativer Gem\u00fcsebau vom 14. Januar bis 11. Juli 2025 - Permakultur-Landwirtschaft<\/title>\n<meta name=\"description\" content=\"In dem 10-t\u00e4gigen Intensiv-Seminar lernst du effektive L\u00f6sungen f\u00fcr die Herausforderungen im Gem\u00fcsebau kennen\" \/>\n<meta name=\"robots\" content=\"index, follow, max-snippet:-1, max-image-preview:large, max-video-preview:-1\" \/>\n<link rel=\"canonical\" href=\"https:\/\/permakultur-landwirtschaft.org\/fr\/intensiv-seminar-regenerativer-gemuesebau-vom-14-januar-bis-11-juli-2025\/\" \/>\n<meta property=\"og:locale\" content=\"fr_FR\" \/>\n<meta property=\"og:type\" content=\"article\" \/>\n<meta property=\"og:title\" content=\"Intensiv-Seminar regenerativer Gem\u00fcsebau vom 14. Januar bis 11. Juli 2025 - Permakultur-Landwirtschaft\" \/>\n<meta property=\"og:description\" content=\"In dem 10-t\u00e4gigen Intensiv-Seminar lernst du effektive L\u00f6sungen f\u00fcr die Herausforderungen im Gem\u00fcsebau kennen\" \/>\n<meta property=\"og:url\" content=\"https:\/\/permakultur-landwirtschaft.org\/fr\/intensiv-seminar-regenerativer-gemuesebau-vom-14-januar-bis-11-juli-2025\/\" \/>\n<meta property=\"og:site_name\" content=\"Permakultur-Landwirtschaft\" \/>\n<meta property=\"article:publisher\" content=\"https:\/\/www.facebook.com\/PermakulturLandwirtschaft\" \/>\n<meta property=\"article:published_time\" content=\"2024-09-24T09:25:16+00:00\" \/>\n<meta property=\"article:modified_time\" content=\"2024-09-24T09:25:17+00:00\" \/>\n<meta property=\"og:image\" content=\"https:\/\/permakultur-landwirtschaft.org\/wp-content\/uploads\/2024\/09\/Dani_Knobel_Bodenaufbauend_1-scaled-1.jpg\" \/>\n\t<meta property=\"og:image:width\" content=\"700\" \/>\n\t<meta property=\"og:image:height\" content=\"465\" \/>\n\t<meta property=\"og:image:type\" content=\"image\/jpeg\" \/>\n<meta name=\"author\" content=\"adrian reutimann\" \/>\n<meta name=\"twitter:card\" content=\"summary_large_image\" \/>\n<meta name=\"twitter:label1\" content=\"\u00c9crit par\" \/>\n\t<meta name=\"twitter:data1\" content=\"adrian reutimann\" \/>\n\t<meta name=\"twitter:label2\" content=\"Dur\u00e9e de lecture estim\u00e9e\" \/>\n\t<meta name=\"twitter:data2\" content=\"1 minute\" \/>\n<script type=\"application\/ld+json\" class=\"yoast-schema-graph\">{\"@context\":\"https:\\\/\\\/schema.org\",\"@graph\":[{\"@type\":\"Article\",\"@id\":\"https:\\\/\\\/permakultur-landwirtschaft.org\\\/intensiv-seminar-regenerativer-gemuesebau-vom-14-januar-bis-11-juli-2025\\\/#article\",\"isPartOf\":{\"@id\":\"https:\\\/\\\/permakultur-landwirtschaft.org\\\/intensiv-seminar-regenerativer-gemuesebau-vom-14-januar-bis-11-juli-2025\\\/\"},\"author\":{\"name\":\"adrian reutimann\",\"@id\":\"https:\\\/\\\/permakultur-landwirtschaft.org\\\/#\\\/schema\\\/person\\\/6b0467872f75aed3e144093f9bf4f0b0\"},\"headline\":\"Intensiv-Seminar regenerativer Gem\u00fcsebau vom 14. Januar bis 11. Juli 2025\",\"datePublished\":\"2024-09-24T09:25:16+00:00\",\"dateModified\":\"2024-09-24T09:25:17+00:00\",\"mainEntityOfPage\":{\"@id\":\"https:\\\/\\\/permakultur-landwirtschaft.org\\\/intensiv-seminar-regenerativer-gemuesebau-vom-14-januar-bis-11-juli-2025\\\/\"},\"wordCount\":121,\"publisher\":{\"@id\":\"https:\\\/\\\/permakultur-landwirtschaft.org\\\/#organization\"},\"image\":{\"@id\":\"https:\\\/\\\/permakultur-landwirtschaft.org\\\/intensiv-seminar-regenerativer-gemuesebau-vom-14-januar-bis-11-juli-2025\\\/#primaryimage\"},\"thumbnailUrl\":\"https:\\\/\\\/permakultur-landwirtschaft.org\\\/wp-content\\\/uploads\\\/2024\\\/09\\\/Dani_Knobel_Bodenaufbauend_1-scaled-1.jpg\",\"keywords\":[\"Intensiv-Seminar\",\"Regenerativer Gem\u00fcsebau\"],\"articleSection\":[\"Veranstaltung\"],\"inLanguage\":\"fr-FR\"},{\"@type\":\"WebPage\",\"@id\":\"https:\\\/\\\/permakultur-landwirtschaft.org\\\/intensiv-seminar-regenerativer-gemuesebau-vom-14-januar-bis-11-juli-2025\\\/\",\"url\":\"https:\\\/\\\/permakultur-landwirtschaft.org\\\/intensiv-seminar-regenerativer-gemuesebau-vom-14-januar-bis-11-juli-2025\\\/\",\"name\":\"Intensiv-Seminar regenerativer Gem\u00fcsebau vom 14. Januar bis 11. Juli 2025 - Permakultur-Landwirtschaft\",\"isPartOf\":{\"@id\":\"https:\\\/\\\/permakultur-landwirtschaft.org\\\/#website\"},\"primaryImageOfPage\":{\"@id\":\"https:\\\/\\\/permakultur-landwirtschaft.org\\\/intensiv-seminar-regenerativer-gemuesebau-vom-14-januar-bis-11-juli-2025\\\/#primaryimage\"},\"image\":{\"@id\":\"https:\\\/\\\/permakultur-landwirtschaft.org\\\/intensiv-seminar-regenerativer-gemuesebau-vom-14-januar-bis-11-juli-2025\\\/#primaryimage\"},\"thumbnailUrl\":\"https:\\\/\\\/permakultur-landwirtschaft.org\\\/wp-content\\\/uploads\\\/2024\\\/09\\\/Dani_Knobel_Bodenaufbauend_1-scaled-1.jpg\",\"datePublished\":\"2024-09-24T09:25:16+00:00\",\"dateModified\":\"2024-09-24T09:25:17+00:00\",\"description\":\"In dem 10-t\u00e4gigen Intensiv-Seminar lernst du effektive L\u00f6sungen f\u00fcr die Herausforderungen im Gem\u00fcsebau kennen\",\"breadcrumb\":{\"@id\":\"https:\\\/\\\/permakultur-landwirtschaft.org\\\/intensiv-seminar-regenerativer-gemuesebau-vom-14-januar-bis-11-juli-2025\\\/#breadcrumb\"},\"inLanguage\":\"fr-FR\",\"potentialAction\":[{\"@type\":\"ReadAction\",\"target\":[\"https:\\\/\\\/permakultur-landwirtschaft.org\\\/intensiv-seminar-regenerativer-gemuesebau-vom-14-januar-bis-11-juli-2025\\\/\"]}]},{\"@type\":\"ImageObject\",\"inLanguage\":\"fr-FR\",\"@id\":\"https:\\\/\\\/permakultur-landwirtschaft.org\\\/intensiv-seminar-regenerativer-gemuesebau-vom-14-januar-bis-11-juli-2025\\\/#primaryimage\",\"url\":\"https:\\\/\\\/permakultur-landwirtschaft.org\\\/wp-content\\\/uploads\\\/2024\\\/09\\\/Dani_Knobel_Bodenaufbauend_1-scaled-1.jpg\",\"contentUrl\":\"https:\\\/\\\/permakultur-landwirtschaft.org\\\/wp-content\\\/uploads\\\/2024\\\/09\\\/Dani_Knobel_Bodenaufbauend_1-scaled-1.jpg\",\"width\":700,\"height\":465,\"caption\":\"Bild: regenerativergemuesebau.ch\"},{\"@type\":\"BreadcrumbList\",\"@id\":\"https:\\\/\\\/permakultur-landwirtschaft.org\\\/intensiv-seminar-regenerativer-gemuesebau-vom-14-januar-bis-11-juli-2025\\\/#breadcrumb\",\"itemListElement\":[{\"@type\":\"ListItem\",\"position\":1,\"name\":\"Startseite\",\"item\":\"https:\\\/\\\/permakultur-landwirtschaft.org\\\/\"},{\"@type\":\"ListItem\",\"position\":2,\"name\":\"Intensiv-Seminar regenerativer Gem\u00fcsebau vom 14. Januar bis 11. Juli 2025\"}]},{\"@type\":\"WebSite\",\"@id\":\"https:\\\/\\\/permakultur-landwirtschaft.org\\\/#website\",\"url\":\"https:\\\/\\\/permakultur-landwirtschaft.org\\\/\",\"name\":\"Permakultur-Landwirtschaft\",\"description\":\"F\u00f6rderung der Permakultur in der Landwirtschaft\",\"publisher\":{\"@id\":\"https:\\\/\\\/permakultur-landwirtschaft.org\\\/#organization\"},\"potentialAction\":[{\"@type\":\"SearchAction\",\"target\":{\"@type\":\"EntryPoint\",\"urlTemplate\":\"https:\\\/\\\/permakultur-landwirtschaft.org\\\/?s={search_term_string}\"},\"query-input\":{\"@type\":\"PropertyValueSpecification\",\"valueRequired\":true,\"valueName\":\"search_term_string\"}}],\"inLanguage\":\"fr-FR\"},{\"@type\":\"Organization\",\"@id\":\"https:\\\/\\\/permakultur-landwirtschaft.org\\\/#organization\",\"name\":\"Permakultur-Landwirtschaft\",\"alternateName\":\"Verein Permakultur-Landwirtschaft\",\"url\":\"https:\\\/\\\/permakultur-landwirtschaft.org\\\/\",\"logo\":{\"@type\":\"ImageObject\",\"inLanguage\":\"fr-FR\",\"@id\":\"https:\\\/\\\/permakultur-landwirtschaft.org\\\/#\\\/schema\\\/logo\\\/image\\\/\",\"url\":\"https:\\\/\\\/permakultur-landwirtschaft.org\\\/wp-content\\\/uploads\\\/2021\\\/11\\\/pela_1268x1269.png\",\"contentUrl\":\"https:\\\/\\\/permakultur-landwirtschaft.org\\\/wp-content\\\/uploads\\\/2021\\\/11\\\/pela_1268x1269.png\",\"width\":1298,\"height\":1269,\"caption\":\"Permakultur-Landwirtschaft\"},\"image\":{\"@id\":\"https:\\\/\\\/permakultur-landwirtschaft.org\\\/#\\\/schema\\\/logo\\\/image\\\/\"},\"sameAs\":[\"https:\\\/\\\/www.facebook.com\\\/PermakulturLandwirtschaft\",\"https:\\\/\\\/www.instagram.com\\\/permakultur_landwirtschaft\\\/\",\"https:\\\/\\\/www.flickr.com\\\/photos\\\/permakultur-landwirtschaft\",\"https:\\\/\\\/www.youtube.com\\\/@PermakulturLandwirtschaft\"]},{\"@type\":\"Person\",\"@id\":\"https:\\\/\\\/permakultur-landwirtschaft.org\\\/#\\\/schema\\\/person\\\/6b0467872f75aed3e144093f9bf4f0b0\",\"name\":\"adrian reutimann\",\"url\":\"https:\\\/\\\/permakultur-landwirtschaft.org\\\/fr\\\/author\\\/reutiadr\\\/\"}]}<\/script>\n<!-- \/ Yoast SEO plugin. -->","yoast_head_json":{"title":"Intensiv-Seminar regenerativer Gem\u00fcsebau vom 14. Januar bis 11. Juli 2025 - Permakultur-Landwirtschaft","description":"In dem 10-t\u00e4gigen Intensiv-Seminar lernst du effektive L\u00f6sungen f\u00fcr die Herausforderungen im Gem\u00fcsebau kennen","robots":{"index":"index","follow":"follow","max-snippet":"max-snippet:-1","max-image-preview":"max-image-preview:large","max-video-preview":"max-video-preview:-1"},"canonical":"https:\/\/permakultur-landwirtschaft.org\/fr\/intensiv-seminar-regenerativer-gemuesebau-vom-14-januar-bis-11-juli-2025\/","og_locale":"fr_FR","og_type":"article","og_title":"Intensiv-Seminar regenerativer Gem\u00fcsebau vom 14. Januar bis 11. Juli 2025 - Permakultur-Landwirtschaft","og_description":"In dem 10-t\u00e4gigen Intensiv-Seminar lernst du effektive L\u00f6sungen f\u00fcr die Herausforderungen im Gem\u00fcsebau kennen","og_url":"https:\/\/permakultur-landwirtschaft.org\/fr\/intensiv-seminar-regenerativer-gemuesebau-vom-14-januar-bis-11-juli-2025\/","og_site_name":"Permakultur-Landwirtschaft","article_publisher":"https:\/\/www.facebook.com\/PermakulturLandwirtschaft","article_published_time":"2024-09-24T09:25:16+00:00","article_modified_time":"2024-09-24T09:25:17+00:00","og_image":[{"width":700,"height":465,"url":"https:\/\/permakultur-landwirtschaft.org\/wp-content\/uploads\/2024\/09\/Dani_Knobel_Bodenaufbauend_1-scaled-1.jpg","type":"image\/jpeg"}],"author":"adrian reutimann","twitter_card":"summary_large_image","twitter_misc":{"\u00c9crit par":"adrian reutimann","Dur\u00e9e de lecture estim\u00e9e":"1 minute"},"schema":{"@context":"https:\/\/schema.org","@graph":[{"@type":"Article","@id":"https:\/\/permakultur-landwirtschaft.org\/intensiv-seminar-regenerativer-gemuesebau-vom-14-januar-bis-11-juli-2025\/#article","isPartOf":{"@id":"https:\/\/permakultur-landwirtschaft.org\/intensiv-seminar-regenerativer-gemuesebau-vom-14-januar-bis-11-juli-2025\/"},"author":{"name":"adrian reutimann","@id":"https:\/\/permakultur-landwirtschaft.org\/#\/schema\/person\/6b0467872f75aed3e144093f9bf4f0b0"},"headline":"Intensiv-Seminar regenerativer Gem\u00fcsebau vom 14. Januar bis 11. Juli 2025","datePublished":"2024-09-24T09:25:16+00:00","dateModified":"2024-09-24T09:25:17+00:00","mainEntityOfPage":{"@id":"https:\/\/permakultur-landwirtschaft.org\/intensiv-seminar-regenerativer-gemuesebau-vom-14-januar-bis-11-juli-2025\/"},"wordCount":121,"publisher":{"@id":"https:\/\/permakultur-landwirtschaft.org\/#organization"},"image":{"@id":"https:\/\/permakultur-landwirtschaft.org\/intensiv-seminar-regenerativer-gemuesebau-vom-14-januar-bis-11-juli-2025\/#primaryimage"},"thumbnailUrl":"https:\/\/permakultur-landwirtschaft.org\/wp-content\/uploads\/2024\/09\/Dani_Knobel_Bodenaufbauend_1-scaled-1.jpg","keywords":["Intensiv-Seminar","Regenerativer Gem\u00fcsebau"],"articleSection":["Veranstaltung"],"inLanguage":"fr-FR"},{"@type":"WebPage","@id":"https:\/\/permakultur-landwirtschaft.org\/intensiv-seminar-regenerativer-gemuesebau-vom-14-januar-bis-11-juli-2025\/","url":"https:\/\/permakultur-landwirtschaft.org\/intensiv-seminar-regenerativer-gemuesebau-vom-14-januar-bis-11-juli-2025\/","name":"Intensiv-Seminar regenerativer Gem\u00fcsebau vom 14. Januar bis 11. Juli 2025 - Permakultur-Landwirtschaft","isPartOf":{"@id":"https:\/\/permakultur-landwirtschaft.org\/#website"},"primaryImageOfPage":{"@id":"https:\/\/permakultur-landwirtschaft.org\/intensiv-seminar-regenerativer-gemuesebau-vom-14-januar-bis-11-juli-2025\/#primaryimage"},"image":{"@id":"https:\/\/permakultur-landwirtschaft.org\/intensiv-seminar-regenerativer-gemuesebau-vom-14-januar-bis-11-juli-2025\/#primaryimage"},"thumbnailUrl":"https:\/\/permakultur-landwirtschaft.org\/wp-content\/uploads\/2024\/09\/Dani_Knobel_Bodenaufbauend_1-scaled-1.jpg","datePublished":"2024-09-24T09:25:16+00:00","dateModified":"2024-09-24T09:25:17+00:00","description":"In dem 10-t\u00e4gigen Intensiv-Seminar lernst du effektive L\u00f6sungen f\u00fcr die Herausforderungen im Gem\u00fcsebau kennen","breadcrumb":{"@id":"https:\/\/permakultur-landwirtschaft.org\/intensiv-seminar-regenerativer-gemuesebau-vom-14-januar-bis-11-juli-2025\/#breadcrumb"},"inLanguage":"fr-FR","potentialAction":[{"@type":"ReadAction","target":["https:\/\/permakultur-landwirtschaft.org\/intensiv-seminar-regenerativer-gemuesebau-vom-14-januar-bis-11-juli-2025\/"]}]},{"@type":"ImageObject","inLanguage":"fr-FR","@id":"https:\/\/permakultur-landwirtschaft.org\/intensiv-seminar-regenerativer-gemuesebau-vom-14-januar-bis-11-juli-2025\/#primaryimage","url":"https:\/\/permakultur-landwirtschaft.org\/wp-content\/uploads\/2024\/09\/Dani_Knobel_Bodenaufbauend_1-scaled-1.jpg","contentUrl":"https:\/\/permakultur-landwirtschaft.org\/wp-content\/uploads\/2024\/09\/Dani_Knobel_Bodenaufbauend_1-scaled-1.jpg","width":700,"height":465,"caption":"Bild: regenerativergemuesebau.ch"},{"@type":"BreadcrumbList","@id":"https:\/\/permakultur-landwirtschaft.org\/intensiv-seminar-regenerativer-gemuesebau-vom-14-januar-bis-11-juli-2025\/#breadcrumb","itemListElement":[{"@type":"ListItem","position":1,"name":"Startseite","item":"https:\/\/permakultur-landwirtschaft.org\/"},{"@type":"ListItem","position":2,"name":"Intensiv-Seminar regenerativer Gem\u00fcsebau vom 14. Januar bis 11. Juli 2025"}]},{"@type":"WebSite","@id":"https:\/\/permakultur-landwirtschaft.org\/#website","url":"https:\/\/permakultur-landwirtschaft.org\/","name":"Permakultur-Landwirtschaft","description":"F\u00f6rderung der Permakultur in der Landwirtschaft","publisher":{"@id":"https:\/\/permakultur-landwirtschaft.org\/#organization"},"potentialAction":[{"@type":"SearchAction","target":{"@type":"EntryPoint","urlTemplate":"https:\/\/permakultur-landwirtschaft.org\/?s={search_term_string}"},"query-input":{"@type":"PropertyValueSpecification","valueRequired":true,"valueName":"search_term_string"}}],"inLanguage":"fr-FR"},{"@type":"Organization","@id":"https:\/\/permakultur-landwirtschaft.org\/#organization","name":"Permakultur-Landwirtschaft","alternateName":"Verein Permakultur-Landwirtschaft","url":"https:\/\/permakultur-landwirtschaft.org\/","logo":{"@type":"ImageObject","inLanguage":"fr-FR","@id":"https:\/\/permakultur-landwirtschaft.org\/#\/schema\/logo\/image\/","url":"https:\/\/permakultur-landwirtschaft.org\/wp-content\/uploads\/2021\/11\/pela_1268x1269.png","contentUrl":"https:\/\/permakultur-landwirtschaft.org\/wp-content\/uploads\/2021\/11\/pela_1268x1269.png","width":1298,"height":1269,"caption":"Permakultur-Landwirtschaft"},"image":{"@id":"https:\/\/permakultur-landwirtschaft.org\/#\/schema\/logo\/image\/"},"sameAs":["https:\/\/www.facebook.com\/PermakulturLandwirtschaft","https:\/\/www.instagram.com\/permakultur_landwirtschaft\/","https:\/\/www.flickr.com\/photos\/permakultur-landwirtschaft","https:\/\/www.youtube.com\/@PermakulturLandwirtschaft"]},{"@type":"Person","@id":"https:\/\/permakultur-landwirtschaft.org\/#\/schema\/person\/6b0467872f75aed3e144093f9bf4f0b0","name":"adrian reutimann","url":"https:\/\/permakultur-landwirtschaft.org\/fr\/author\/reutiadr\/"}]}},"_links":{"self":[{"href":"https:\/\/permakultur-landwirtschaft.org\/fr\/wp-json\/wp\/v2\/posts\/35217","targetHints":{"allow":["GET"]}}],"collection":[{"href":"https:\/\/permakultur-landwirtschaft.org\/fr\/wp-json\/wp\/v2\/posts"}],"about":[{"href":"https:\/\/permakultur-landwirtschaft.org\/fr\/wp-json\/wp\/v2\/types\/post"}],"author":[{"embeddable":true,"href":"https:\/\/permakultur-landwirtschaft.org\/fr\/wp-json\/wp\/v2\/users\/2"}],"replies":[{"embeddable":true,"href":"https:\/\/permakultur-landwirtschaft.org\/fr\/wp-json\/wp\/v2\/comments?post=35217"}],"version-history":[{"count":1,"href":"https:\/\/permakultur-landwirtschaft.org\/fr\/wp-json\/wp\/v2\/posts\/35217\/revisions"}],"predecessor-version":[{"id":35219,"href":"https:\/\/permakultur-landwirtschaft.org\/fr\/wp-json\/wp\/v2\/posts\/35217\/revisions\/35219"}],"wp:featuredmedia":[{"embeddable":true,"href":"https:\/\/permakultur-landwirtschaft.org\/fr\/wp-json\/wp\/v2\/media\/35218"}],"wp:attachment":[{"href":"https:\/\/permakultur-landwirtschaft.org\/fr\/wp-json\/wp\/v2\/media?parent=35217"}],"wp:term":[{"taxonomy":"category","embeddable":true,"href":"https:\/\/permakultur-landwirtschaft.org\/fr\/wp-json\/wp\/v2\/categories?post=35217"},{"taxonomy":"post_tag","embeddable":true,"href":"https:\/\/permakultur-landwirtschaft.org\/fr\/wp-json\/wp\/v2\/tags?post=35217"}],"curies":[{"name":"wp","href":"https:\/\/api.w.org\/{rel}","templated":true}]}}