{"id":35213,"date":"2024-09-13T10:25:56","date_gmt":"2024-09-13T08:25:56","guid":{"rendered":"https:\/\/permakultur-landwirtschaft.org\/?p=35213"},"modified":"2024-09-19T10:31:28","modified_gmt":"2024-09-19T08:31:28","slug":"wirkstatt-auboden-sucht-aktionaere-beitrag-vom-13-september-2024","status":"publish","type":"post","link":"https:\/\/permakultur-landwirtschaft.org\/fr\/wirkstatt-auboden-sucht-aktionaere-beitrag-vom-13-september-2024\/","title":{"rendered":"Wirkstatt Auboden sucht Aktion\u00e4re &#8211; Beitrag vom 13. September 2024"},"content":{"rendered":"<p>Text von www.appenzellerzeitung.ch:<\/p>\n\n\n\n<p>Bisher private Liegenschaft des Neckertaler Seminarzentrums soll gemeinn\u00fctzige AG werden<\/p>\n\n\n\n<p>Die Liegenschaft Auboden wird von einer privaten Eigent\u00fcmerschaft in eine gemeinn\u00fctzige Aktiengesellschaft umgewandelt. Angestrebt wird ein Kapital von 1,5 Millionen Franken von \u00f6kologisch und sozial interessierten Menschen.<\/p>\n\n\n\n<p>Das Seminarzentrum Wirkstatt Auboden liegt in Brunnadern auf einem grossen Grundst\u00fcck mit rund 42\u2019000 Quadratmetern Landwirtschaftsland. Dort werden nach dem Ansatz der Permakultur Methoden zur \u00f6kologisch und sozial nachhaltigen Gestaltung von Lebensr\u00e4umen und Lebensweisen entwickelt und angewendet. \u00abDie Liegenschaft Auboden ist ein Boden, auf dem nicht nur Pflanzen, sondern auch Ideen gedeihen k\u00f6nnen\u00bb, schreibt die Liegenschaft Auboden in einem Medienbericht.<\/p>\n\n\n\n<p>Die Wirkstatt Auboden dient als vielseitiger Veranstaltungsort und stellt ausgestattete R\u00e4ume f\u00fcr verschiedene Veranstaltungen wie Seminare, Sitzungen, Feste, Schulungen und Workshops zur Verf\u00fcgung. Ausserdem ist die Wirkstatt Auboden im Bed-and-Breakfast Verzeichnis gelistet. Seit acht Jahren bietet sie eine Plattform an, welche Unternehmen, Privatpersonen und Innovatoren zusammenbringt, um gemeinsam an einer zukunftsf\u00e4higen und \u00f6kologischen Welt zu arbeiten.<\/p>\n\n\n\n<p><a href=\"https:\/\/www.appenzellerzeitung.ch\/ostschweiz\/toggenburg\/brunnadern-wirkstatt-auboden-sucht-aktionaere-bisher-private-liegenschaft-des-neckertaler-seminarzentrums-soll-gemeinnuetzige-ag-werden-ld.2668272\" target=\"_blank\" rel=\"noreferrer noopener\">Link zum Beitrag<\/a><\/p>\n\n\n\n<p><a href=\"https:\/\/wirkstatt-auboden.ch\/\" target=\"_blank\" rel=\"noreferrer noopener\">Link zur Wirkstatt Auboden<\/a><\/p>","protected":false},"excerpt":{"rendered":"<p>Text von www.appenzellerzeitung.ch: Bisher private Liegenschaft des Neckertaler Seminarzentrums soll gemeinn\u00fctzige AG werden Die Liegenschaft Auboden wird von einer privaten Eigent\u00fcmerschaft in eine gemeinn\u00fctzige Aktiengesellschaft umgewandelt. Angestrebt wird ein Kapital von 1,5 Millionen Franken von \u00f6kologisch und sozial interessierten Menschen. Das Seminarzentrum Wirkstatt Auboden liegt in Brunnadern auf einem grossen Grundst\u00fcck mit rund 42\u2019000 Quadratmetern [&hellip;]<\/p>\n","protected":false},"author":2,"featured_media":35214,"comment_status":"closed","ping_status":"closed","sticky":false,"template":"","format":"standard","meta":{"_acf_changed":false,"site-sidebar-layout":"default","site-content-layout":"","ast-site-content-layout":"default","site-content-style":"default","site-sidebar-style":"default","ast-global-header-display":"","ast-banner-title-visibility":"","ast-main-header-display":"","ast-hfb-above-header-display":"","ast-hfb-below-header-display":"","ast-hfb-mobile-header-display":"","site-post-title":"","ast-breadcrumbs-content":"","ast-featured-img":"","footer-sml-layout":"","ast-disable-related-posts":"","theme-transparent-header-meta":"","adv-header-id-meta":"","stick-header-meta":"","header-above-stick-meta":"","header-main-stick-meta":"","header-below-stick-meta":"","astra-migrate-meta-layouts":"set","ast-page-background-enabled":"default","ast-page-background-meta":{"desktop":{"background-color":"var(--ast-global-color-4)","background-image":"","background-repeat":"repeat","background-position":"center center","background-size":"auto","background-attachment":"scroll","background-type":"","background-media":"","overlay-type":"","overlay-color":"","overlay-opacity":"","overlay-gradient":""},"tablet":{"background-color":"","background-image":"","background-repeat":"repeat","background-position":"center center","background-size":"auto","background-attachment":"scroll","background-type":"","background-media":"","overlay-type":"","overlay-color":"","overlay-opacity":"","overlay-gradient":""},"mobile":{"background-color":"","background-image":"","background-repeat":"repeat","background-position":"center center","background-size":"auto","background-attachment":"scroll","background-type":"","background-media":"","overlay-type":"","overlay-color":"","overlay-opacity":"","overlay-gradient":""}},"ast-content-background-meta":{"desktop":{"background-color":"var(--ast-global-color-5)","background-image":"","background-repeat":"repeat","background-position":"center center","background-size":"auto","background-attachment":"scroll","background-type":"","background-media":"","overlay-type":"","overlay-color":"","overlay-opacity":"","overlay-gradient":""},"tablet":{"background-color":"var(--ast-global-color-5)","background-image":"","background-repeat":"repeat","background-position":"center center","background-size":"auto","background-attachment":"scroll","background-type":"","background-media":"","overlay-type":"","overlay-color":"","overlay-opacity":"","overlay-gradient":""},"mobile":{"background-color":"var(--ast-global-color-5)","background-image":"","background-repeat":"repeat","background-position":"center center","background-size":"auto","background-attachment":"scroll","background-type":"","background-media":"","overlay-type":"","overlay-color":"","overlay-opacity":"","overlay-gradient":""}},"footnotes":""},"categories":[22],"tags":[433,432,17,431],"class_list":["post-35213","post","type-post","status-publish","format-standard","has-post-thumbnail","hentry","category-neuigkeit","tag-aktionaere","tag-brunnadern","tag-permakultur","tag-wirkstatt-auboden"],"acf":[],"yoast_head":"<!-- This site is optimized with the Yoast SEO plugin v27.5 - https:\/\/yoast.com\/product\/yoast-seo-wordpress\/ -->\n<title>Wirkstatt Auboden sucht Aktion\u00e4re - Beitrag vom 13. September 2024 - Permakultur-Landwirtschaft<\/title>\n<meta name=\"description\" content=\"Die Liegenschaft Auboden wird von einer privaten Eigent\u00fcmerschaft in eine gemeinn\u00fctzige Aktiengesellschaft umgewandelt.\" \/>\n<meta name=\"robots\" content=\"index, follow, max-snippet:-1, max-image-preview:large, max-video-preview:-1\" \/>\n<link rel=\"canonical\" href=\"https:\/\/permakultur-landwirtschaft.org\/fr\/wirkstatt-auboden-sucht-aktionaere-beitrag-vom-13-september-2024\/\" \/>\n<meta property=\"og:locale\" content=\"fr_FR\" \/>\n<meta property=\"og:type\" content=\"article\" \/>\n<meta property=\"og:title\" content=\"Wirkstatt Auboden sucht Aktion\u00e4re - Beitrag vom 13. September 2024 - Permakultur-Landwirtschaft\" \/>\n<meta property=\"og:description\" content=\"Die Liegenschaft Auboden wird von einer privaten Eigent\u00fcmerschaft in eine gemeinn\u00fctzige Aktiengesellschaft umgewandelt.\" \/>\n<meta property=\"og:url\" content=\"https:\/\/permakultur-landwirtschaft.org\/fr\/wirkstatt-auboden-sucht-aktionaere-beitrag-vom-13-september-2024\/\" \/>\n<meta property=\"og:site_name\" content=\"Permakultur-Landwirtschaft\" \/>\n<meta property=\"article:publisher\" content=\"https:\/\/www.facebook.com\/PermakulturLandwirtschaft\" \/>\n<meta property=\"article:published_time\" content=\"2024-09-13T08:25:56+00:00\" \/>\n<meta property=\"article:modified_time\" content=\"2024-09-19T08:31:28+00:00\" \/>\n<meta property=\"og:image\" content=\"https:\/\/permakultur-landwirtschaft.org\/wp-content\/uploads\/2024\/09\/2024_auboden_vogelperspektive_b1c77e0a-35a6-4b79-a92c-bf50bce61942.jpeg\" \/>\n\t<meta property=\"og:image:width\" content=\"639\" \/>\n\t<meta property=\"og:image:height\" content=\"480\" \/>\n\t<meta property=\"og:image:type\" content=\"image\/jpeg\" \/>\n<meta name=\"author\" content=\"adrian reutimann\" \/>\n<meta name=\"twitter:card\" content=\"summary_large_image\" \/>\n<meta name=\"twitter:label1\" content=\"\u00c9crit par\" \/>\n\t<meta name=\"twitter:data1\" content=\"adrian reutimann\" \/>\n\t<meta name=\"twitter:label2\" content=\"Dur\u00e9e de lecture estim\u00e9e\" \/>\n\t<meta name=\"twitter:data2\" content=\"2 minutes\" \/>\n<script type=\"application\/ld+json\" class=\"yoast-schema-graph\">{\"@context\":\"https:\\\/\\\/schema.org\",\"@graph\":[{\"@type\":\"Article\",\"@id\":\"https:\\\/\\\/permakultur-landwirtschaft.org\\\/wirkstatt-auboden-sucht-aktionaere-beitrag-vom-13-september-2024\\\/#article\",\"isPartOf\":{\"@id\":\"https:\\\/\\\/permakultur-landwirtschaft.org\\\/wirkstatt-auboden-sucht-aktionaere-beitrag-vom-13-september-2024\\\/\"},\"author\":{\"name\":\"adrian reutimann\",\"@id\":\"https:\\\/\\\/permakultur-landwirtschaft.org\\\/#\\\/schema\\\/person\\\/6b0467872f75aed3e144093f9bf4f0b0\"},\"headline\":\"Wirkstatt Auboden sucht Aktion\u00e4re &#8211; Beitrag vom 13. September 2024\",\"datePublished\":\"2024-09-13T08:25:56+00:00\",\"dateModified\":\"2024-09-19T08:31:28+00:00\",\"mainEntityOfPage\":{\"@id\":\"https:\\\/\\\/permakultur-landwirtschaft.org\\\/wirkstatt-auboden-sucht-aktionaere-beitrag-vom-13-september-2024\\\/\"},\"wordCount\":182,\"publisher\":{\"@id\":\"https:\\\/\\\/permakultur-landwirtschaft.org\\\/#organization\"},\"image\":{\"@id\":\"https:\\\/\\\/permakultur-landwirtschaft.org\\\/wirkstatt-auboden-sucht-aktionaere-beitrag-vom-13-september-2024\\\/#primaryimage\"},\"thumbnailUrl\":\"https:\\\/\\\/permakultur-landwirtschaft.org\\\/wp-content\\\/uploads\\\/2024\\\/09\\\/2024_auboden_vogelperspektive_b1c77e0a-35a6-4b79-a92c-bf50bce61942.jpeg\",\"keywords\":[\"Aktion\u00e4re\",\"Brunnadern\",\"Permakultur\",\"Wirkstatt Auboden\"],\"articleSection\":[\"Neuigkeit\"],\"inLanguage\":\"fr-FR\"},{\"@type\":\"WebPage\",\"@id\":\"https:\\\/\\\/permakultur-landwirtschaft.org\\\/wirkstatt-auboden-sucht-aktionaere-beitrag-vom-13-september-2024\\\/\",\"url\":\"https:\\\/\\\/permakultur-landwirtschaft.org\\\/wirkstatt-auboden-sucht-aktionaere-beitrag-vom-13-september-2024\\\/\",\"name\":\"Wirkstatt Auboden sucht Aktion\u00e4re - Beitrag vom 13. September 2024 - Permakultur-Landwirtschaft\",\"isPartOf\":{\"@id\":\"https:\\\/\\\/permakultur-landwirtschaft.org\\\/#website\"},\"primaryImageOfPage\":{\"@id\":\"https:\\\/\\\/permakultur-landwirtschaft.org\\\/wirkstatt-auboden-sucht-aktionaere-beitrag-vom-13-september-2024\\\/#primaryimage\"},\"image\":{\"@id\":\"https:\\\/\\\/permakultur-landwirtschaft.org\\\/wirkstatt-auboden-sucht-aktionaere-beitrag-vom-13-september-2024\\\/#primaryimage\"},\"thumbnailUrl\":\"https:\\\/\\\/permakultur-landwirtschaft.org\\\/wp-content\\\/uploads\\\/2024\\\/09\\\/2024_auboden_vogelperspektive_b1c77e0a-35a6-4b79-a92c-bf50bce61942.jpeg\",\"datePublished\":\"2024-09-13T08:25:56+00:00\",\"dateModified\":\"2024-09-19T08:31:28+00:00\",\"description\":\"Die Liegenschaft Auboden wird von einer privaten Eigent\u00fcmerschaft in eine gemeinn\u00fctzige Aktiengesellschaft umgewandelt.\",\"breadcrumb\":{\"@id\":\"https:\\\/\\\/permakultur-landwirtschaft.org\\\/wirkstatt-auboden-sucht-aktionaere-beitrag-vom-13-september-2024\\\/#breadcrumb\"},\"inLanguage\":\"fr-FR\",\"potentialAction\":[{\"@type\":\"ReadAction\",\"target\":[\"https:\\\/\\\/permakultur-landwirtschaft.org\\\/wirkstatt-auboden-sucht-aktionaere-beitrag-vom-13-september-2024\\\/\"]}]},{\"@type\":\"ImageObject\",\"inLanguage\":\"fr-FR\",\"@id\":\"https:\\\/\\\/permakultur-landwirtschaft.org\\\/wirkstatt-auboden-sucht-aktionaere-beitrag-vom-13-september-2024\\\/#primaryimage\",\"url\":\"https:\\\/\\\/permakultur-landwirtschaft.org\\\/wp-content\\\/uploads\\\/2024\\\/09\\\/2024_auboden_vogelperspektive_b1c77e0a-35a6-4b79-a92c-bf50bce61942.jpeg\",\"contentUrl\":\"https:\\\/\\\/permakultur-landwirtschaft.org\\\/wp-content\\\/uploads\\\/2024\\\/09\\\/2024_auboden_vogelperspektive_b1c77e0a-35a6-4b79-a92c-bf50bce61942.jpeg\",\"width\":639,\"height\":480,\"caption\":\"Bild: wirkstatt-auboden.ch\"},{\"@type\":\"BreadcrumbList\",\"@id\":\"https:\\\/\\\/permakultur-landwirtschaft.org\\\/wirkstatt-auboden-sucht-aktionaere-beitrag-vom-13-september-2024\\\/#breadcrumb\",\"itemListElement\":[{\"@type\":\"ListItem\",\"position\":1,\"name\":\"Startseite\",\"item\":\"https:\\\/\\\/permakultur-landwirtschaft.org\\\/\"},{\"@type\":\"ListItem\",\"position\":2,\"name\":\"Wirkstatt Auboden sucht Aktion\u00e4re &#8211; Beitrag vom 13. September 2024\"}]},{\"@type\":\"WebSite\",\"@id\":\"https:\\\/\\\/permakultur-landwirtschaft.org\\\/#website\",\"url\":\"https:\\\/\\\/permakultur-landwirtschaft.org\\\/\",\"name\":\"Permakultur-Landwirtschaft\",\"description\":\"F\u00f6rderung der Permakultur in der Landwirtschaft\",\"publisher\":{\"@id\":\"https:\\\/\\\/permakultur-landwirtschaft.org\\\/#organization\"},\"potentialAction\":[{\"@type\":\"SearchAction\",\"target\":{\"@type\":\"EntryPoint\",\"urlTemplate\":\"https:\\\/\\\/permakultur-landwirtschaft.org\\\/?s={search_term_string}\"},\"query-input\":{\"@type\":\"PropertyValueSpecification\",\"valueRequired\":true,\"valueName\":\"search_term_string\"}}],\"inLanguage\":\"fr-FR\"},{\"@type\":\"Organization\",\"@id\":\"https:\\\/\\\/permakultur-landwirtschaft.org\\\/#organization\",\"name\":\"Permakultur-Landwirtschaft\",\"alternateName\":\"Verein Permakultur-Landwirtschaft\",\"url\":\"https:\\\/\\\/permakultur-landwirtschaft.org\\\/\",\"logo\":{\"@type\":\"ImageObject\",\"inLanguage\":\"fr-FR\",\"@id\":\"https:\\\/\\\/permakultur-landwirtschaft.org\\\/#\\\/schema\\\/logo\\\/image\\\/\",\"url\":\"https:\\\/\\\/permakultur-landwirtschaft.org\\\/wp-content\\\/uploads\\\/2021\\\/11\\\/pela_1268x1269.png\",\"contentUrl\":\"https:\\\/\\\/permakultur-landwirtschaft.org\\\/wp-content\\\/uploads\\\/2021\\\/11\\\/pela_1268x1269.png\",\"width\":1298,\"height\":1269,\"caption\":\"Permakultur-Landwirtschaft\"},\"image\":{\"@id\":\"https:\\\/\\\/permakultur-landwirtschaft.org\\\/#\\\/schema\\\/logo\\\/image\\\/\"},\"sameAs\":[\"https:\\\/\\\/www.facebook.com\\\/PermakulturLandwirtschaft\",\"https:\\\/\\\/www.instagram.com\\\/permakultur_landwirtschaft\\\/\",\"https:\\\/\\\/www.flickr.com\\\/photos\\\/permakultur-landwirtschaft\",\"https:\\\/\\\/www.youtube.com\\\/@PermakulturLandwirtschaft\"]},{\"@type\":\"Person\",\"@id\":\"https:\\\/\\\/permakultur-landwirtschaft.org\\\/#\\\/schema\\\/person\\\/6b0467872f75aed3e144093f9bf4f0b0\",\"name\":\"adrian reutimann\",\"url\":\"https:\\\/\\\/permakultur-landwirtschaft.org\\\/fr\\\/author\\\/reutiadr\\\/\"}]}<\/script>\n<!-- \/ Yoast SEO plugin. -->","yoast_head_json":{"title":"Wirkstatt Auboden sucht Aktion\u00e4re - Beitrag vom 13. September 2024 - Permakultur-Landwirtschaft","description":"Die Liegenschaft Auboden wird von einer privaten Eigent\u00fcmerschaft in eine gemeinn\u00fctzige Aktiengesellschaft umgewandelt.","robots":{"index":"index","follow":"follow","max-snippet":"max-snippet:-1","max-image-preview":"max-image-preview:large","max-video-preview":"max-video-preview:-1"},"canonical":"https:\/\/permakultur-landwirtschaft.org\/fr\/wirkstatt-auboden-sucht-aktionaere-beitrag-vom-13-september-2024\/","og_locale":"fr_FR","og_type":"article","og_title":"Wirkstatt Auboden sucht Aktion\u00e4re - Beitrag vom 13. September 2024 - Permakultur-Landwirtschaft","og_description":"Die Liegenschaft Auboden wird von einer privaten Eigent\u00fcmerschaft in eine gemeinn\u00fctzige Aktiengesellschaft umgewandelt.","og_url":"https:\/\/permakultur-landwirtschaft.org\/fr\/wirkstatt-auboden-sucht-aktionaere-beitrag-vom-13-september-2024\/","og_site_name":"Permakultur-Landwirtschaft","article_publisher":"https:\/\/www.facebook.com\/PermakulturLandwirtschaft","article_published_time":"2024-09-13T08:25:56+00:00","article_modified_time":"2024-09-19T08:31:28+00:00","og_image":[{"width":639,"height":480,"url":"https:\/\/permakultur-landwirtschaft.org\/wp-content\/uploads\/2024\/09\/2024_auboden_vogelperspektive_b1c77e0a-35a6-4b79-a92c-bf50bce61942.jpeg","type":"image\/jpeg"}],"author":"adrian reutimann","twitter_card":"summary_large_image","twitter_misc":{"\u00c9crit par":"adrian reutimann","Dur\u00e9e de lecture estim\u00e9e":"2 minutes"},"schema":{"@context":"https:\/\/schema.org","@graph":[{"@type":"Article","@id":"https:\/\/permakultur-landwirtschaft.org\/wirkstatt-auboden-sucht-aktionaere-beitrag-vom-13-september-2024\/#article","isPartOf":{"@id":"https:\/\/permakultur-landwirtschaft.org\/wirkstatt-auboden-sucht-aktionaere-beitrag-vom-13-september-2024\/"},"author":{"name":"adrian reutimann","@id":"https:\/\/permakultur-landwirtschaft.org\/#\/schema\/person\/6b0467872f75aed3e144093f9bf4f0b0"},"headline":"Wirkstatt Auboden sucht Aktion\u00e4re &#8211; Beitrag vom 13. September 2024","datePublished":"2024-09-13T08:25:56+00:00","dateModified":"2024-09-19T08:31:28+00:00","mainEntityOfPage":{"@id":"https:\/\/permakultur-landwirtschaft.org\/wirkstatt-auboden-sucht-aktionaere-beitrag-vom-13-september-2024\/"},"wordCount":182,"publisher":{"@id":"https:\/\/permakultur-landwirtschaft.org\/#organization"},"image":{"@id":"https:\/\/permakultur-landwirtschaft.org\/wirkstatt-auboden-sucht-aktionaere-beitrag-vom-13-september-2024\/#primaryimage"},"thumbnailUrl":"https:\/\/permakultur-landwirtschaft.org\/wp-content\/uploads\/2024\/09\/2024_auboden_vogelperspektive_b1c77e0a-35a6-4b79-a92c-bf50bce61942.jpeg","keywords":["Aktion\u00e4re","Brunnadern","Permakultur","Wirkstatt Auboden"],"articleSection":["Neuigkeit"],"inLanguage":"fr-FR"},{"@type":"WebPage","@id":"https:\/\/permakultur-landwirtschaft.org\/wirkstatt-auboden-sucht-aktionaere-beitrag-vom-13-september-2024\/","url":"https:\/\/permakultur-landwirtschaft.org\/wirkstatt-auboden-sucht-aktionaere-beitrag-vom-13-september-2024\/","name":"Wirkstatt Auboden sucht Aktion\u00e4re - Beitrag vom 13. September 2024 - Permakultur-Landwirtschaft","isPartOf":{"@id":"https:\/\/permakultur-landwirtschaft.org\/#website"},"primaryImageOfPage":{"@id":"https:\/\/permakultur-landwirtschaft.org\/wirkstatt-auboden-sucht-aktionaere-beitrag-vom-13-september-2024\/#primaryimage"},"image":{"@id":"https:\/\/permakultur-landwirtschaft.org\/wirkstatt-auboden-sucht-aktionaere-beitrag-vom-13-september-2024\/#primaryimage"},"thumbnailUrl":"https:\/\/permakultur-landwirtschaft.org\/wp-content\/uploads\/2024\/09\/2024_auboden_vogelperspektive_b1c77e0a-35a6-4b79-a92c-bf50bce61942.jpeg","datePublished":"2024-09-13T08:25:56+00:00","dateModified":"2024-09-19T08:31:28+00:00","description":"Die Liegenschaft Auboden wird von einer privaten Eigent\u00fcmerschaft in eine gemeinn\u00fctzige Aktiengesellschaft umgewandelt.","breadcrumb":{"@id":"https:\/\/permakultur-landwirtschaft.org\/wirkstatt-auboden-sucht-aktionaere-beitrag-vom-13-september-2024\/#breadcrumb"},"inLanguage":"fr-FR","potentialAction":[{"@type":"ReadAction","target":["https:\/\/permakultur-landwirtschaft.org\/wirkstatt-auboden-sucht-aktionaere-beitrag-vom-13-september-2024\/"]}]},{"@type":"ImageObject","inLanguage":"fr-FR","@id":"https:\/\/permakultur-landwirtschaft.org\/wirkstatt-auboden-sucht-aktionaere-beitrag-vom-13-september-2024\/#primaryimage","url":"https:\/\/permakultur-landwirtschaft.org\/wp-content\/uploads\/2024\/09\/2024_auboden_vogelperspektive_b1c77e0a-35a6-4b79-a92c-bf50bce61942.jpeg","contentUrl":"https:\/\/permakultur-landwirtschaft.org\/wp-content\/uploads\/2024\/09\/2024_auboden_vogelperspektive_b1c77e0a-35a6-4b79-a92c-bf50bce61942.jpeg","width":639,"height":480,"caption":"Bild: wirkstatt-auboden.ch"},{"@type":"BreadcrumbList","@id":"https:\/\/permakultur-landwirtschaft.org\/wirkstatt-auboden-sucht-aktionaere-beitrag-vom-13-september-2024\/#breadcrumb","itemListElement":[{"@type":"ListItem","position":1,"name":"Startseite","item":"https:\/\/permakultur-landwirtschaft.org\/"},{"@type":"ListItem","position":2,"name":"Wirkstatt Auboden sucht Aktion\u00e4re &#8211; Beitrag vom 13. September 2024"}]},{"@type":"WebSite","@id":"https:\/\/permakultur-landwirtschaft.org\/#website","url":"https:\/\/permakultur-landwirtschaft.org\/","name":"Permakultur-Landwirtschaft","description":"F\u00f6rderung der Permakultur in der Landwirtschaft","publisher":{"@id":"https:\/\/permakultur-landwirtschaft.org\/#organization"},"potentialAction":[{"@type":"SearchAction","target":{"@type":"EntryPoint","urlTemplate":"https:\/\/permakultur-landwirtschaft.org\/?s={search_term_string}"},"query-input":{"@type":"PropertyValueSpecification","valueRequired":true,"valueName":"search_term_string"}}],"inLanguage":"fr-FR"},{"@type":"Organization","@id":"https:\/\/permakultur-landwirtschaft.org\/#organization","name":"Permakultur-Landwirtschaft","alternateName":"Verein Permakultur-Landwirtschaft","url":"https:\/\/permakultur-landwirtschaft.org\/","logo":{"@type":"ImageObject","inLanguage":"fr-FR","@id":"https:\/\/permakultur-landwirtschaft.org\/#\/schema\/logo\/image\/","url":"https:\/\/permakultur-landwirtschaft.org\/wp-content\/uploads\/2021\/11\/pela_1268x1269.png","contentUrl":"https:\/\/permakultur-landwirtschaft.org\/wp-content\/uploads\/2021\/11\/pela_1268x1269.png","width":1298,"height":1269,"caption":"Permakultur-Landwirtschaft"},"image":{"@id":"https:\/\/permakultur-landwirtschaft.org\/#\/schema\/logo\/image\/"},"sameAs":["https:\/\/www.facebook.com\/PermakulturLandwirtschaft","https:\/\/www.instagram.com\/permakultur_landwirtschaft\/","https:\/\/www.flickr.com\/photos\/permakultur-landwirtschaft","https:\/\/www.youtube.com\/@PermakulturLandwirtschaft"]},{"@type":"Person","@id":"https:\/\/permakultur-landwirtschaft.org\/#\/schema\/person\/6b0467872f75aed3e144093f9bf4f0b0","name":"adrian reutimann","url":"https:\/\/permakultur-landwirtschaft.org\/fr\/author\/reutiadr\/"}]}},"_links":{"self":[{"href":"https:\/\/permakultur-landwirtschaft.org\/fr\/wp-json\/wp\/v2\/posts\/35213","targetHints":{"allow":["GET"]}}],"collection":[{"href":"https:\/\/permakultur-landwirtschaft.org\/fr\/wp-json\/wp\/v2\/posts"}],"about":[{"href":"https:\/\/permakultur-landwirtschaft.org\/fr\/wp-json\/wp\/v2\/types\/post"}],"author":[{"embeddable":true,"href":"https:\/\/permakultur-landwirtschaft.org\/fr\/wp-json\/wp\/v2\/users\/2"}],"replies":[{"embeddable":true,"href":"https:\/\/permakultur-landwirtschaft.org\/fr\/wp-json\/wp\/v2\/comments?post=35213"}],"version-history":[{"count":1,"href":"https:\/\/permakultur-landwirtschaft.org\/fr\/wp-json\/wp\/v2\/posts\/35213\/revisions"}],"predecessor-version":[{"id":35215,"href":"https:\/\/permakultur-landwirtschaft.org\/fr\/wp-json\/wp\/v2\/posts\/35213\/revisions\/35215"}],"wp:featuredmedia":[{"embeddable":true,"href":"https:\/\/permakultur-landwirtschaft.org\/fr\/wp-json\/wp\/v2\/media\/35214"}],"wp:attachment":[{"href":"https:\/\/permakultur-landwirtschaft.org\/fr\/wp-json\/wp\/v2\/media?parent=35213"}],"wp:term":[{"taxonomy":"category","embeddable":true,"href":"https:\/\/permakultur-landwirtschaft.org\/fr\/wp-json\/wp\/v2\/categories?post=35213"},{"taxonomy":"post_tag","embeddable":true,"href":"https:\/\/permakultur-landwirtschaft.org\/fr\/wp-json\/wp\/v2\/tags?post=35213"}],"curies":[{"name":"wp","href":"https:\/\/api.w.org\/{rel}","templated":true}]}}