{"id":35208,"date":"2024-09-19T10:22:14","date_gmt":"2024-09-19T08:22:14","guid":{"rendered":"https:\/\/permakultur-landwirtschaft.org\/?p=35208"},"modified":"2024-09-19T10:24:35","modified_gmt":"2024-09-19T08:24:35","slug":"vier-stunden-mit-joel-salatin-veranstaltung-in-zuerich-am-02-november-2024","status":"publish","type":"post","link":"https:\/\/permakultur-landwirtschaft.org\/fr\/vier-stunden-mit-joel-salatin-veranstaltung-in-zuerich-am-02-november-2024\/","title":{"rendered":"Vier Stunden mit Joel Salatin &#8211; Veranstaltung in Z\u00fcrich am 02. November 2024"},"content":{"rendered":"<p>Text von sotoso.org:<\/p>\n\n\n\n<p>Wer sich vertieft mit Regenerativer Agrikultur befasst hat, dem ist auch der Name Joel Salatin schon begegnet. Soil to Soul freut sich sehr darauf, diesen Wegbereiter erstmals live in Z\u00fcrich begr\u00fcssen zu d\u00fcrfen. F\u00fcr seine vierst\u00fcndige, \u00e4usserst intensive Masterclass hat er den Inhalt von zwei Tagen Workshop auf vier Stunden komprimiert und wird dabei alle zentralen Themen seiner Vision der Lebensmittelproduktion von Gestern und Morgen ansprechen. Dieser Event ist f\u00fcr Akteure der Szene unverpassbar und die Tickets werden begehrt sein, es gilt also, schnell zu buchen!<\/p>\n\n\n\n<h2 class=\"wp-block-heading\">Date<\/h2>\n\n\n\n<p>02. November 2024, 09:00 &#8211; 13:00<\/p>\n\n\n\n<h2 class=\"wp-block-heading\">Lieu<\/h2>\n\n\n\n<p>Kulturhaus Helferei<br>Z\u00fcrich <\/p>\n\n\n\n<p><a href=\"https:\/\/sotoso.org\/events\/soil-to-soul-symposium-2024\/programm\/vier-stunden-mit-joel-salatin\" target=\"_blank\" rel=\"noreferrer noopener\">Link zu mehr Infos<\/a><\/p>\n\n\n\n<p><a href=\"https:\/\/polyfacefarms.com\/\" target=\"_blank\" rel=\"noreferrer noopener\">Link zu Joel Salatins Polyface Farm<\/a><\/p>\n\n\n\n<p><a href=\"https:\/\/www.thelunaticfarmer.com\/\" target=\"_blank\" rel=\"noreferrer noopener\">Link zu Joel Salatins Lunatic Farmer<\/a><\/p>","protected":false},"excerpt":{"rendered":"<p>Text von sotoso.org: Wer sich vertieft mit Regenerativer Agrikultur befasst hat, dem ist auch der Name Joel Salatin schon begegnet. Soil to Soul freut sich sehr darauf, diesen Wegbereiter erstmals live in Z\u00fcrich begr\u00fcssen zu d\u00fcrfen. F\u00fcr seine vierst\u00fcndige, \u00e4usserst intensive Masterclass hat er den Inhalt von zwei Tagen Workshop auf vier Stunden komprimiert und [&hellip;]<\/p>\n","protected":false},"author":2,"featured_media":35209,"comment_status":"closed","ping_status":"closed","sticky":false,"template":"","format":"standard","meta":{"_acf_changed":false,"site-sidebar-layout":"default","site-content-layout":"","ast-site-content-layout":"default","site-content-style":"default","site-sidebar-style":"default","ast-global-header-display":"","ast-banner-title-visibility":"","ast-main-header-display":"","ast-hfb-above-header-display":"","ast-hfb-below-header-display":"","ast-hfb-mobile-header-display":"","site-post-title":"","ast-breadcrumbs-content":"","ast-featured-img":"","footer-sml-layout":"","ast-disable-related-posts":"","theme-transparent-header-meta":"","adv-header-id-meta":"","stick-header-meta":"","header-above-stick-meta":"","header-main-stick-meta":"","header-below-stick-meta":"","astra-migrate-meta-layouts":"set","ast-page-background-enabled":"default","ast-page-background-meta":{"desktop":{"background-color":"var(--ast-global-color-4)","background-image":"","background-repeat":"repeat","background-position":"center center","background-size":"auto","background-attachment":"scroll","background-type":"","background-media":"","overlay-type":"","overlay-color":"","overlay-opacity":"","overlay-gradient":""},"tablet":{"background-color":"","background-image":"","background-repeat":"repeat","background-position":"center center","background-size":"auto","background-attachment":"scroll","background-type":"","background-media":"","overlay-type":"","overlay-color":"","overlay-opacity":"","overlay-gradient":""},"mobile":{"background-color":"","background-image":"","background-repeat":"repeat","background-position":"center center","background-size":"auto","background-attachment":"scroll","background-type":"","background-media":"","overlay-type":"","overlay-color":"","overlay-opacity":"","overlay-gradient":""}},"ast-content-background-meta":{"desktop":{"background-color":"var(--ast-global-color-5)","background-image":"","background-repeat":"repeat","background-position":"center center","background-size":"auto","background-attachment":"scroll","background-type":"","background-media":"","overlay-type":"","overlay-color":"","overlay-opacity":"","overlay-gradient":""},"tablet":{"background-color":"var(--ast-global-color-5)","background-image":"","background-repeat":"repeat","background-position":"center center","background-size":"auto","background-attachment":"scroll","background-type":"","background-media":"","overlay-type":"","overlay-color":"","overlay-opacity":"","overlay-gradient":""},"mobile":{"background-color":"var(--ast-global-color-5)","background-image":"","background-repeat":"repeat","background-position":"center center","background-size":"auto","background-attachment":"scroll","background-type":"","background-media":"","overlay-type":"","overlay-color":"","overlay-opacity":"","overlay-gradient":""}},"footnotes":""},"categories":[14],"tags":[428,429,426,427,88,430],"class_list":["post-35208","post","type-post","status-publish","format-standard","has-post-thumbnail","hentry","category-veranstaltung","tag-joel-salatin","tag-lunatic-farmer","tag-masterclass-joel-salatin","tag-polyface-farms","tag-regenerativ","tag-zuerich"],"acf":[],"yoast_head":"<!-- This site is optimized with the Yoast SEO plugin v27.5 - https:\/\/yoast.com\/product\/yoast-seo-wordpress\/ -->\n<title>Vier Stunden mit Joel Salatin - Veranstaltung in Z\u00fcrich am 02. November 2024 - Permakultur-Landwirtschaft<\/title>\n<meta name=\"description\" content=\"Joel Salatin hat den Inhalt seiner Masterclass auf vier Stunden komprimiert und wird seine Vision der Lebensmittelproduktion ansprechen.\" \/>\n<meta name=\"robots\" content=\"index, follow, max-snippet:-1, max-image-preview:large, max-video-preview:-1\" \/>\n<link rel=\"canonical\" href=\"https:\/\/permakultur-landwirtschaft.org\/fr\/vier-stunden-mit-joel-salatin-veranstaltung-in-zuerich-am-02-november-2024\/\" \/>\n<meta property=\"og:locale\" content=\"fr_FR\" \/>\n<meta property=\"og:type\" content=\"article\" \/>\n<meta property=\"og:title\" content=\"Vier Stunden mit Joel Salatin - Veranstaltung in Z\u00fcrich am 02. November 2024 - Permakultur-Landwirtschaft\" \/>\n<meta property=\"og:description\" content=\"Joel Salatin hat den Inhalt seiner Masterclass auf vier Stunden komprimiert und wird seine Vision der Lebensmittelproduktion ansprechen.\" \/>\n<meta property=\"og:url\" content=\"https:\/\/permakultur-landwirtschaft.org\/fr\/vier-stunden-mit-joel-salatin-veranstaltung-in-zuerich-am-02-november-2024\/\" \/>\n<meta property=\"og:site_name\" content=\"Permakultur-Landwirtschaft\" \/>\n<meta property=\"article:publisher\" content=\"https:\/\/www.facebook.com\/PermakulturLandwirtschaft\" \/>\n<meta property=\"article:published_time\" content=\"2024-09-19T08:22:14+00:00\" \/>\n<meta property=\"article:modified_time\" content=\"2024-09-19T08:24:35+00:00\" \/>\n<meta property=\"og:image\" content=\"https:\/\/permakultur-landwirtschaft.org\/wp-content\/uploads\/2024\/09\/masterclass-joel-salatin-1025x667-crop-50-50.jpg\" \/>\n\t<meta property=\"og:image:width\" content=\"700\" \/>\n\t<meta property=\"og:image:height\" content=\"455\" \/>\n\t<meta property=\"og:image:type\" content=\"image\/jpeg\" \/>\n<meta name=\"author\" content=\"adrian reutimann\" \/>\n<meta name=\"twitter:card\" content=\"summary_large_image\" \/>\n<meta name=\"twitter:label1\" content=\"\u00c9crit par\" \/>\n\t<meta name=\"twitter:data1\" content=\"adrian reutimann\" \/>\n\t<meta name=\"twitter:label2\" content=\"Dur\u00e9e de lecture estim\u00e9e\" \/>\n\t<meta name=\"twitter:data2\" content=\"1 minute\" \/>\n<script type=\"application\/ld+json\" class=\"yoast-schema-graph\">{\"@context\":\"https:\\\/\\\/schema.org\",\"@graph\":[{\"@type\":\"Article\",\"@id\":\"https:\\\/\\\/permakultur-landwirtschaft.org\\\/vier-stunden-mit-joel-salatin-veranstaltung-in-zuerich-am-02-november-2024\\\/#article\",\"isPartOf\":{\"@id\":\"https:\\\/\\\/permakultur-landwirtschaft.org\\\/vier-stunden-mit-joel-salatin-veranstaltung-in-zuerich-am-02-november-2024\\\/\"},\"author\":{\"name\":\"adrian reutimann\",\"@id\":\"https:\\\/\\\/permakultur-landwirtschaft.org\\\/#\\\/schema\\\/person\\\/6b0467872f75aed3e144093f9bf4f0b0\"},\"headline\":\"Vier Stunden mit Joel Salatin &#8211; Veranstaltung in Z\u00fcrich am 02. November 2024\",\"datePublished\":\"2024-09-19T08:22:14+00:00\",\"dateModified\":\"2024-09-19T08:24:35+00:00\",\"mainEntityOfPage\":{\"@id\":\"https:\\\/\\\/permakultur-landwirtschaft.org\\\/vier-stunden-mit-joel-salatin-veranstaltung-in-zuerich-am-02-november-2024\\\/\"},\"wordCount\":131,\"publisher\":{\"@id\":\"https:\\\/\\\/permakultur-landwirtschaft.org\\\/#organization\"},\"image\":{\"@id\":\"https:\\\/\\\/permakultur-landwirtschaft.org\\\/vier-stunden-mit-joel-salatin-veranstaltung-in-zuerich-am-02-november-2024\\\/#primaryimage\"},\"thumbnailUrl\":\"https:\\\/\\\/permakultur-landwirtschaft.org\\\/wp-content\\\/uploads\\\/2024\\\/09\\\/masterclass-joel-salatin-1025x667-crop-50-50.jpg\",\"keywords\":[\"Joel Salatin\",\"Lunatic Farmer\",\"Masterclass Joel Salatin\",\"Polyface Farms\",\"Regenerativ\",\"Z\u00fcrich\"],\"articleSection\":[\"Veranstaltung\"],\"inLanguage\":\"fr-FR\"},{\"@type\":\"WebPage\",\"@id\":\"https:\\\/\\\/permakultur-landwirtschaft.org\\\/vier-stunden-mit-joel-salatin-veranstaltung-in-zuerich-am-02-november-2024\\\/\",\"url\":\"https:\\\/\\\/permakultur-landwirtschaft.org\\\/vier-stunden-mit-joel-salatin-veranstaltung-in-zuerich-am-02-november-2024\\\/\",\"name\":\"Vier Stunden mit Joel Salatin - Veranstaltung in Z\u00fcrich am 02. November 2024 - Permakultur-Landwirtschaft\",\"isPartOf\":{\"@id\":\"https:\\\/\\\/permakultur-landwirtschaft.org\\\/#website\"},\"primaryImageOfPage\":{\"@id\":\"https:\\\/\\\/permakultur-landwirtschaft.org\\\/vier-stunden-mit-joel-salatin-veranstaltung-in-zuerich-am-02-november-2024\\\/#primaryimage\"},\"image\":{\"@id\":\"https:\\\/\\\/permakultur-landwirtschaft.org\\\/vier-stunden-mit-joel-salatin-veranstaltung-in-zuerich-am-02-november-2024\\\/#primaryimage\"},\"thumbnailUrl\":\"https:\\\/\\\/permakultur-landwirtschaft.org\\\/wp-content\\\/uploads\\\/2024\\\/09\\\/masterclass-joel-salatin-1025x667-crop-50-50.jpg\",\"datePublished\":\"2024-09-19T08:22:14+00:00\",\"dateModified\":\"2024-09-19T08:24:35+00:00\",\"description\":\"Joel Salatin hat den Inhalt seiner Masterclass auf vier Stunden komprimiert und wird seine Vision der Lebensmittelproduktion ansprechen.\",\"breadcrumb\":{\"@id\":\"https:\\\/\\\/permakultur-landwirtschaft.org\\\/vier-stunden-mit-joel-salatin-veranstaltung-in-zuerich-am-02-november-2024\\\/#breadcrumb\"},\"inLanguage\":\"fr-FR\",\"potentialAction\":[{\"@type\":\"ReadAction\",\"target\":[\"https:\\\/\\\/permakultur-landwirtschaft.org\\\/vier-stunden-mit-joel-salatin-veranstaltung-in-zuerich-am-02-november-2024\\\/\"]}]},{\"@type\":\"ImageObject\",\"inLanguage\":\"fr-FR\",\"@id\":\"https:\\\/\\\/permakultur-landwirtschaft.org\\\/vier-stunden-mit-joel-salatin-veranstaltung-in-zuerich-am-02-november-2024\\\/#primaryimage\",\"url\":\"https:\\\/\\\/permakultur-landwirtschaft.org\\\/wp-content\\\/uploads\\\/2024\\\/09\\\/masterclass-joel-salatin-1025x667-crop-50-50.jpg\",\"contentUrl\":\"https:\\\/\\\/permakultur-landwirtschaft.org\\\/wp-content\\\/uploads\\\/2024\\\/09\\\/masterclass-joel-salatin-1025x667-crop-50-50.jpg\",\"width\":700,\"height\":455,\"caption\":\"Bild: sotoso.org\"},{\"@type\":\"BreadcrumbList\",\"@id\":\"https:\\\/\\\/permakultur-landwirtschaft.org\\\/vier-stunden-mit-joel-salatin-veranstaltung-in-zuerich-am-02-november-2024\\\/#breadcrumb\",\"itemListElement\":[{\"@type\":\"ListItem\",\"position\":1,\"name\":\"Startseite\",\"item\":\"https:\\\/\\\/permakultur-landwirtschaft.org\\\/\"},{\"@type\":\"ListItem\",\"position\":2,\"name\":\"Vier Stunden mit Joel Salatin &#8211; Veranstaltung in Z\u00fcrich am 02. November 2024\"}]},{\"@type\":\"WebSite\",\"@id\":\"https:\\\/\\\/permakultur-landwirtschaft.org\\\/#website\",\"url\":\"https:\\\/\\\/permakultur-landwirtschaft.org\\\/\",\"name\":\"Permakultur-Landwirtschaft\",\"description\":\"F\u00f6rderung der Permakultur in der Landwirtschaft\",\"publisher\":{\"@id\":\"https:\\\/\\\/permakultur-landwirtschaft.org\\\/#organization\"},\"potentialAction\":[{\"@type\":\"SearchAction\",\"target\":{\"@type\":\"EntryPoint\",\"urlTemplate\":\"https:\\\/\\\/permakultur-landwirtschaft.org\\\/?s={search_term_string}\"},\"query-input\":{\"@type\":\"PropertyValueSpecification\",\"valueRequired\":true,\"valueName\":\"search_term_string\"}}],\"inLanguage\":\"fr-FR\"},{\"@type\":\"Organization\",\"@id\":\"https:\\\/\\\/permakultur-landwirtschaft.org\\\/#organization\",\"name\":\"Permakultur-Landwirtschaft\",\"alternateName\":\"Verein Permakultur-Landwirtschaft\",\"url\":\"https:\\\/\\\/permakultur-landwirtschaft.org\\\/\",\"logo\":{\"@type\":\"ImageObject\",\"inLanguage\":\"fr-FR\",\"@id\":\"https:\\\/\\\/permakultur-landwirtschaft.org\\\/#\\\/schema\\\/logo\\\/image\\\/\",\"url\":\"https:\\\/\\\/permakultur-landwirtschaft.org\\\/wp-content\\\/uploads\\\/2021\\\/11\\\/pela_1268x1269.png\",\"contentUrl\":\"https:\\\/\\\/permakultur-landwirtschaft.org\\\/wp-content\\\/uploads\\\/2021\\\/11\\\/pela_1268x1269.png\",\"width\":1298,\"height\":1269,\"caption\":\"Permakultur-Landwirtschaft\"},\"image\":{\"@id\":\"https:\\\/\\\/permakultur-landwirtschaft.org\\\/#\\\/schema\\\/logo\\\/image\\\/\"},\"sameAs\":[\"https:\\\/\\\/www.facebook.com\\\/PermakulturLandwirtschaft\",\"https:\\\/\\\/www.instagram.com\\\/permakultur_landwirtschaft\\\/\",\"https:\\\/\\\/www.flickr.com\\\/photos\\\/permakultur-landwirtschaft\",\"https:\\\/\\\/www.youtube.com\\\/@PermakulturLandwirtschaft\"]},{\"@type\":\"Person\",\"@id\":\"https:\\\/\\\/permakultur-landwirtschaft.org\\\/#\\\/schema\\\/person\\\/6b0467872f75aed3e144093f9bf4f0b0\",\"name\":\"adrian reutimann\",\"url\":\"https:\\\/\\\/permakultur-landwirtschaft.org\\\/fr\\\/author\\\/reutiadr\\\/\"}]}<\/script>\n<!-- \/ Yoast SEO plugin. -->","yoast_head_json":{"title":"Vier Stunden mit Joel Salatin - Veranstaltung in Z\u00fcrich am 02. November 2024 - Permakultur-Landwirtschaft","description":"Joel Salatin hat den Inhalt seiner Masterclass auf vier Stunden komprimiert und wird seine Vision der Lebensmittelproduktion ansprechen.","robots":{"index":"index","follow":"follow","max-snippet":"max-snippet:-1","max-image-preview":"max-image-preview:large","max-video-preview":"max-video-preview:-1"},"canonical":"https:\/\/permakultur-landwirtschaft.org\/fr\/vier-stunden-mit-joel-salatin-veranstaltung-in-zuerich-am-02-november-2024\/","og_locale":"fr_FR","og_type":"article","og_title":"Vier Stunden mit Joel Salatin - Veranstaltung in Z\u00fcrich am 02. November 2024 - Permakultur-Landwirtschaft","og_description":"Joel Salatin hat den Inhalt seiner Masterclass auf vier Stunden komprimiert und wird seine Vision der Lebensmittelproduktion ansprechen.","og_url":"https:\/\/permakultur-landwirtschaft.org\/fr\/vier-stunden-mit-joel-salatin-veranstaltung-in-zuerich-am-02-november-2024\/","og_site_name":"Permakultur-Landwirtschaft","article_publisher":"https:\/\/www.facebook.com\/PermakulturLandwirtschaft","article_published_time":"2024-09-19T08:22:14+00:00","article_modified_time":"2024-09-19T08:24:35+00:00","og_image":[{"width":700,"height":455,"url":"https:\/\/permakultur-landwirtschaft.org\/wp-content\/uploads\/2024\/09\/masterclass-joel-salatin-1025x667-crop-50-50.jpg","type":"image\/jpeg"}],"author":"adrian reutimann","twitter_card":"summary_large_image","twitter_misc":{"\u00c9crit par":"adrian reutimann","Dur\u00e9e de lecture estim\u00e9e":"1 minute"},"schema":{"@context":"https:\/\/schema.org","@graph":[{"@type":"Article","@id":"https:\/\/permakultur-landwirtschaft.org\/vier-stunden-mit-joel-salatin-veranstaltung-in-zuerich-am-02-november-2024\/#article","isPartOf":{"@id":"https:\/\/permakultur-landwirtschaft.org\/vier-stunden-mit-joel-salatin-veranstaltung-in-zuerich-am-02-november-2024\/"},"author":{"name":"adrian reutimann","@id":"https:\/\/permakultur-landwirtschaft.org\/#\/schema\/person\/6b0467872f75aed3e144093f9bf4f0b0"},"headline":"Vier Stunden mit Joel Salatin &#8211; Veranstaltung in Z\u00fcrich am 02. November 2024","datePublished":"2024-09-19T08:22:14+00:00","dateModified":"2024-09-19T08:24:35+00:00","mainEntityOfPage":{"@id":"https:\/\/permakultur-landwirtschaft.org\/vier-stunden-mit-joel-salatin-veranstaltung-in-zuerich-am-02-november-2024\/"},"wordCount":131,"publisher":{"@id":"https:\/\/permakultur-landwirtschaft.org\/#organization"},"image":{"@id":"https:\/\/permakultur-landwirtschaft.org\/vier-stunden-mit-joel-salatin-veranstaltung-in-zuerich-am-02-november-2024\/#primaryimage"},"thumbnailUrl":"https:\/\/permakultur-landwirtschaft.org\/wp-content\/uploads\/2024\/09\/masterclass-joel-salatin-1025x667-crop-50-50.jpg","keywords":["Joel Salatin","Lunatic Farmer","Masterclass Joel Salatin","Polyface Farms","Regenerativ","Z\u00fcrich"],"articleSection":["Veranstaltung"],"inLanguage":"fr-FR"},{"@type":"WebPage","@id":"https:\/\/permakultur-landwirtschaft.org\/vier-stunden-mit-joel-salatin-veranstaltung-in-zuerich-am-02-november-2024\/","url":"https:\/\/permakultur-landwirtschaft.org\/vier-stunden-mit-joel-salatin-veranstaltung-in-zuerich-am-02-november-2024\/","name":"Vier Stunden mit Joel Salatin - Veranstaltung in Z\u00fcrich am 02. November 2024 - Permakultur-Landwirtschaft","isPartOf":{"@id":"https:\/\/permakultur-landwirtschaft.org\/#website"},"primaryImageOfPage":{"@id":"https:\/\/permakultur-landwirtschaft.org\/vier-stunden-mit-joel-salatin-veranstaltung-in-zuerich-am-02-november-2024\/#primaryimage"},"image":{"@id":"https:\/\/permakultur-landwirtschaft.org\/vier-stunden-mit-joel-salatin-veranstaltung-in-zuerich-am-02-november-2024\/#primaryimage"},"thumbnailUrl":"https:\/\/permakultur-landwirtschaft.org\/wp-content\/uploads\/2024\/09\/masterclass-joel-salatin-1025x667-crop-50-50.jpg","datePublished":"2024-09-19T08:22:14+00:00","dateModified":"2024-09-19T08:24:35+00:00","description":"Joel Salatin hat den Inhalt seiner Masterclass auf vier Stunden komprimiert und wird seine Vision der Lebensmittelproduktion ansprechen.","breadcrumb":{"@id":"https:\/\/permakultur-landwirtschaft.org\/vier-stunden-mit-joel-salatin-veranstaltung-in-zuerich-am-02-november-2024\/#breadcrumb"},"inLanguage":"fr-FR","potentialAction":[{"@type":"ReadAction","target":["https:\/\/permakultur-landwirtschaft.org\/vier-stunden-mit-joel-salatin-veranstaltung-in-zuerich-am-02-november-2024\/"]}]},{"@type":"ImageObject","inLanguage":"fr-FR","@id":"https:\/\/permakultur-landwirtschaft.org\/vier-stunden-mit-joel-salatin-veranstaltung-in-zuerich-am-02-november-2024\/#primaryimage","url":"https:\/\/permakultur-landwirtschaft.org\/wp-content\/uploads\/2024\/09\/masterclass-joel-salatin-1025x667-crop-50-50.jpg","contentUrl":"https:\/\/permakultur-landwirtschaft.org\/wp-content\/uploads\/2024\/09\/masterclass-joel-salatin-1025x667-crop-50-50.jpg","width":700,"height":455,"caption":"Bild: sotoso.org"},{"@type":"BreadcrumbList","@id":"https:\/\/permakultur-landwirtschaft.org\/vier-stunden-mit-joel-salatin-veranstaltung-in-zuerich-am-02-november-2024\/#breadcrumb","itemListElement":[{"@type":"ListItem","position":1,"name":"Startseite","item":"https:\/\/permakultur-landwirtschaft.org\/"},{"@type":"ListItem","position":2,"name":"Vier Stunden mit Joel Salatin &#8211; Veranstaltung in Z\u00fcrich am 02. November 2024"}]},{"@type":"WebSite","@id":"https:\/\/permakultur-landwirtschaft.org\/#website","url":"https:\/\/permakultur-landwirtschaft.org\/","name":"Permakultur-Landwirtschaft","description":"F\u00f6rderung der Permakultur in der Landwirtschaft","publisher":{"@id":"https:\/\/permakultur-landwirtschaft.org\/#organization"},"potentialAction":[{"@type":"SearchAction","target":{"@type":"EntryPoint","urlTemplate":"https:\/\/permakultur-landwirtschaft.org\/?s={search_term_string}"},"query-input":{"@type":"PropertyValueSpecification","valueRequired":true,"valueName":"search_term_string"}}],"inLanguage":"fr-FR"},{"@type":"Organization","@id":"https:\/\/permakultur-landwirtschaft.org\/#organization","name":"Permakultur-Landwirtschaft","alternateName":"Verein Permakultur-Landwirtschaft","url":"https:\/\/permakultur-landwirtschaft.org\/","logo":{"@type":"ImageObject","inLanguage":"fr-FR","@id":"https:\/\/permakultur-landwirtschaft.org\/#\/schema\/logo\/image\/","url":"https:\/\/permakultur-landwirtschaft.org\/wp-content\/uploads\/2021\/11\/pela_1268x1269.png","contentUrl":"https:\/\/permakultur-landwirtschaft.org\/wp-content\/uploads\/2021\/11\/pela_1268x1269.png","width":1298,"height":1269,"caption":"Permakultur-Landwirtschaft"},"image":{"@id":"https:\/\/permakultur-landwirtschaft.org\/#\/schema\/logo\/image\/"},"sameAs":["https:\/\/www.facebook.com\/PermakulturLandwirtschaft","https:\/\/www.instagram.com\/permakultur_landwirtschaft\/","https:\/\/www.flickr.com\/photos\/permakultur-landwirtschaft","https:\/\/www.youtube.com\/@PermakulturLandwirtschaft"]},{"@type":"Person","@id":"https:\/\/permakultur-landwirtschaft.org\/#\/schema\/person\/6b0467872f75aed3e144093f9bf4f0b0","name":"adrian reutimann","url":"https:\/\/permakultur-landwirtschaft.org\/fr\/author\/reutiadr\/"}]}},"_links":{"self":[{"href":"https:\/\/permakultur-landwirtschaft.org\/fr\/wp-json\/wp\/v2\/posts\/35208","targetHints":{"allow":["GET"]}}],"collection":[{"href":"https:\/\/permakultur-landwirtschaft.org\/fr\/wp-json\/wp\/v2\/posts"}],"about":[{"href":"https:\/\/permakultur-landwirtschaft.org\/fr\/wp-json\/wp\/v2\/types\/post"}],"author":[{"embeddable":true,"href":"https:\/\/permakultur-landwirtschaft.org\/fr\/wp-json\/wp\/v2\/users\/2"}],"replies":[{"embeddable":true,"href":"https:\/\/permakultur-landwirtschaft.org\/fr\/wp-json\/wp\/v2\/comments?post=35208"}],"version-history":[{"count":3,"href":"https:\/\/permakultur-landwirtschaft.org\/fr\/wp-json\/wp\/v2\/posts\/35208\/revisions"}],"predecessor-version":[{"id":35212,"href":"https:\/\/permakultur-landwirtschaft.org\/fr\/wp-json\/wp\/v2\/posts\/35208\/revisions\/35212"}],"wp:featuredmedia":[{"embeddable":true,"href":"https:\/\/permakultur-landwirtschaft.org\/fr\/wp-json\/wp\/v2\/media\/35209"}],"wp:attachment":[{"href":"https:\/\/permakultur-landwirtschaft.org\/fr\/wp-json\/wp\/v2\/media?parent=35208"}],"wp:term":[{"taxonomy":"category","embeddable":true,"href":"https:\/\/permakultur-landwirtschaft.org\/fr\/wp-json\/wp\/v2\/categories?post=35208"},{"taxonomy":"post_tag","embeddable":true,"href":"https:\/\/permakultur-landwirtschaft.org\/fr\/wp-json\/wp\/v2\/tags?post=35208"}],"curies":[{"name":"wp","href":"https:\/\/api.w.org\/{rel}","templated":true}]}}