{"id":35172,"date":"2024-08-15T14:09:18","date_gmt":"2024-08-15T12:09:18","guid":{"rendered":"https:\/\/permakultur-landwirtschaft.org\/?p=35172"},"modified":"2024-08-29T14:13:38","modified_gmt":"2024-08-29T12:13:38","slug":"les-arbres-absorbent-egalement-du-methane-article-de-15-aout-2024","status":"publish","type":"post","link":"https:\/\/permakultur-landwirtschaft.org\/fr\/les-arbres-absorbent-egalement-du-methane-article-de-15-aout-2024\/","title":{"rendered":"Les arbres absorbent \u00e9galement du m\u00e9thane &#8211; Article de 15 ao\u00fbt 2024"},"content":{"rendered":"<p>Text de www.bbc.com:<\/p>\n\n\n\n<h2 class=\"wp-block-heading\">La d\u00e9couverte surprenante selon laquelle les arbres absorbent \u00e9galement du m\u00e9thane et ce que cela signifie pour la lutte contre le changement climatique<\/h2>\n\n\n\n<p>Les arbres absorbent \u00e9galement le m\u00e9thane, le gaz \u00e0 effet de serre, pr\u00e9sent dans l&#8217;atmosph\u00e8re terrestre.<\/p>\n\n\n\n<p>C&#8217;est ce qu&#8217;a d\u00e9couvert une \u00e9quipe internationale de scientifiques, d\u00e9montrant pour la premi\u00e8re fois comment les arbres peuvent \u00e9liminer ce gaz qui contribue au r\u00e9chauffement de la Terre.<\/p>\n\n\n\n<p>Selon les chercheurs, cette d\u00e9couverte pourrait avoir de grandes implications dans la lutte contre le changement climatique.<\/p>\n\n\n\n<p>Lorsque les arbres effectuent la photosynth\u00e8se, leurs feuilles absorbent le dioxyde de carbone (CO2) et le stockent sous forme de biomasse dans leurs troncs et leurs branches, assurant ainsi un stockage de carbone \u00e0 long terme.<\/p>\n\n\n\n<p>Mais cette nouvelle recherche r\u00e9v\u00e8le d\u00e9sormais un autre avantage climatique important des arbres : les microbes vivant dans leur \u00e9corce peuvent absorber le m\u00e9thane \u00e0 une \u00e9chelle \u00e9gale ou sup\u00e9rieure \u00e0 celle du sol, un autre puits (ou processus d&#8217;\u00e9limination) important pour le m\u00e9thane.<\/p>\n\n\n\n<p>Comme le disent les scientifiques, parvenir \u00e0 des r\u00e9ductions significatives des \u00e9missions de m\u00e9thane dans l\u2019atmosph\u00e8re aurait un effet rapide et significatif dans la lutte contre le r\u00e9chauffement climatique.<\/p>\n\n\n\n<p><a href=\"https:\/\/www.bbc.com\/afrique\/articles\/cmj2rjv387po\" target=\"_blank\" rel=\"noreferrer noopener\">Lien vers l&#8217;article<\/a><\/p>","protected":false},"excerpt":{"rendered":"<p>Text de www.bbc.com: La d\u00e9couverte surprenante selon laquelle les arbres absorbent \u00e9galement du m\u00e9thane et ce que cela signifie pour la lutte contre le changement climatique Les arbres absorbent \u00e9galement le m\u00e9thane, le gaz \u00e0 effet de serre, pr\u00e9sent dans l&#8217;atmosph\u00e8re terrestre. C&#8217;est ce qu&#8217;a d\u00e9couvert une \u00e9quipe internationale de scientifiques, d\u00e9montrant pour la premi\u00e8re [&hellip;]<\/p>\n","protected":false},"author":2,"featured_media":35173,"comment_status":"closed","ping_status":"closed","sticky":false,"template":"","format":"standard","meta":{"_acf_changed":false,"site-sidebar-layout":"default","site-content-layout":"","ast-site-content-layout":"default","site-content-style":"default","site-sidebar-style":"default","ast-global-header-display":"","ast-banner-title-visibility":"","ast-main-header-display":"","ast-hfb-above-header-display":"","ast-hfb-below-header-display":"","ast-hfb-mobile-header-display":"","site-post-title":"","ast-breadcrumbs-content":"","ast-featured-img":"","footer-sml-layout":"","ast-disable-related-posts":"","theme-transparent-header-meta":"","adv-header-id-meta":"","stick-header-meta":"","header-above-stick-meta":"","header-main-stick-meta":"","header-below-stick-meta":"","astra-migrate-meta-layouts":"set","ast-page-background-enabled":"default","ast-page-background-meta":{"desktop":{"background-color":"var(--ast-global-color-4)","background-image":"","background-repeat":"repeat","background-position":"center center","background-size":"auto","background-attachment":"scroll","background-type":"","background-media":"","overlay-type":"","overlay-color":"","overlay-opacity":"","overlay-gradient":""},"tablet":{"background-color":"","background-image":"","background-repeat":"repeat","background-position":"center center","background-size":"auto","background-attachment":"scroll","background-type":"","background-media":"","overlay-type":"","overlay-color":"","overlay-opacity":"","overlay-gradient":""},"mobile":{"background-color":"","background-image":"","background-repeat":"repeat","background-position":"center center","background-size":"auto","background-attachment":"scroll","background-type":"","background-media":"","overlay-type":"","overlay-color":"","overlay-opacity":"","overlay-gradient":""}},"ast-content-background-meta":{"desktop":{"background-color":"var(--ast-global-color-5)","background-image":"","background-repeat":"repeat","background-position":"center center","background-size":"auto","background-attachment":"scroll","background-type":"","background-media":"","overlay-type":"","overlay-color":"","overlay-opacity":"","overlay-gradient":""},"tablet":{"background-color":"var(--ast-global-color-5)","background-image":"","background-repeat":"repeat","background-position":"center center","background-size":"auto","background-attachment":"scroll","background-type":"","background-media":"","overlay-type":"","overlay-color":"","overlay-opacity":"","overlay-gradient":""},"mobile":{"background-color":"var(--ast-global-color-5)","background-image":"","background-repeat":"repeat","background-position":"center center","background-size":"auto","background-attachment":"scroll","background-type":"","background-media":"","overlay-type":"","overlay-color":"","overlay-opacity":"","overlay-gradient":""}},"footnotes":""},"categories":[22],"tags":[31,411,414,413,412],"class_list":["post-35172","post","type-post","status-publish","format-standard","has-post-thumbnail","hentry","category-neuigkeit","tag-agroforst","tag-arbres","tag-bbc","tag-changement-climatique","tag-methane"],"acf":[],"yoast_head":"<!-- This site is optimized with the Yoast SEO plugin v27.5 - https:\/\/yoast.com\/product\/yoast-seo-wordpress\/ -->\n<title>Les arbres absorbent \u00e9galement du m\u00e9thane - Article de 15 ao\u00fbt 2024 - Permakultur-Landwirtschaft<\/title>\n<meta name=\"description\" content=\"les arbres absorbent \u00e9galement du m\u00e9thane et ce que cela signifie pour la lutte contre le changement climatique\" \/>\n<meta name=\"robots\" content=\"index, follow, max-snippet:-1, max-image-preview:large, max-video-preview:-1\" \/>\n<link rel=\"canonical\" href=\"https:\/\/permakultur-landwirtschaft.org\/fr\/les-arbres-absorbent-egalement-du-methane-article-de-15-aout-2024\/\" \/>\n<meta property=\"og:locale\" content=\"fr_FR\" \/>\n<meta property=\"og:type\" content=\"article\" \/>\n<meta property=\"og:title\" content=\"Les arbres absorbent \u00e9galement du m\u00e9thane - Article de 15 ao\u00fbt 2024 - Permakultur-Landwirtschaft\" \/>\n<meta property=\"og:description\" content=\"les arbres absorbent \u00e9galement du m\u00e9thane et ce que cela signifie pour la lutte contre le changement climatique\" \/>\n<meta property=\"og:url\" content=\"https:\/\/permakultur-landwirtschaft.org\/fr\/les-arbres-absorbent-egalement-du-methane-article-de-15-aout-2024\/\" \/>\n<meta property=\"og:site_name\" content=\"Permakultur-Landwirtschaft\" \/>\n<meta property=\"article:publisher\" content=\"https:\/\/www.facebook.com\/PermakulturLandwirtschaft\" \/>\n<meta property=\"article:published_time\" content=\"2024-08-15T12:09:18+00:00\" \/>\n<meta property=\"article:modified_time\" content=\"2024-08-29T12:13:38+00:00\" \/>\n<meta property=\"og:image\" content=\"https:\/\/permakultur-landwirtschaft.org\/wp-content\/uploads\/2024\/08\/baeume_methan_c2e4ba20-4c27-11ef-aebc-6de4d31bf5cd.jpg\" \/>\n\t<meta property=\"og:image:width\" content=\"700\" \/>\n\t<meta property=\"og:image:height\" content=\"393\" \/>\n\t<meta property=\"og:image:type\" content=\"image\/jpeg\" \/>\n<meta name=\"author\" content=\"adrian reutimann\" \/>\n<meta name=\"twitter:card\" content=\"summary_large_image\" \/>\n<meta name=\"twitter:label1\" content=\"\u00c9crit par\" \/>\n\t<meta name=\"twitter:data1\" content=\"adrian reutimann\" \/>\n\t<meta name=\"twitter:label2\" content=\"Dur\u00e9e de lecture estim\u00e9e\" \/>\n\t<meta name=\"twitter:data2\" content=\"2 minutes\" \/>\n<script type=\"application\/ld+json\" class=\"yoast-schema-graph\">{\"@context\":\"https:\\\/\\\/schema.org\",\"@graph\":[{\"@type\":\"Article\",\"@id\":\"https:\\\/\\\/permakultur-landwirtschaft.org\\\/les-arbres-absorbent-egalement-du-methane-article-de-15-aout-2024\\\/#article\",\"isPartOf\":{\"@id\":\"https:\\\/\\\/permakultur-landwirtschaft.org\\\/les-arbres-absorbent-egalement-du-methane-article-de-15-aout-2024\\\/\"},\"author\":{\"name\":\"adrian reutimann\",\"@id\":\"https:\\\/\\\/permakultur-landwirtschaft.org\\\/#\\\/schema\\\/person\\\/6b0467872f75aed3e144093f9bf4f0b0\"},\"headline\":\"Les arbres absorbent \u00e9galement du m\u00e9thane &#8211; Article de 15 ao\u00fbt 2024\",\"datePublished\":\"2024-08-15T12:09:18+00:00\",\"dateModified\":\"2024-08-29T12:13:38+00:00\",\"mainEntityOfPage\":{\"@id\":\"https:\\\/\\\/permakultur-landwirtschaft.org\\\/les-arbres-absorbent-egalement-du-methane-article-de-15-aout-2024\\\/\"},\"wordCount\":234,\"publisher\":{\"@id\":\"https:\\\/\\\/permakultur-landwirtschaft.org\\\/#organization\"},\"image\":{\"@id\":\"https:\\\/\\\/permakultur-landwirtschaft.org\\\/les-arbres-absorbent-egalement-du-methane-article-de-15-aout-2024\\\/#primaryimage\"},\"thumbnailUrl\":\"https:\\\/\\\/permakultur-landwirtschaft.org\\\/wp-content\\\/uploads\\\/2024\\\/08\\\/baeume_methan_c2e4ba20-4c27-11ef-aebc-6de4d31bf5cd.jpg\",\"keywords\":[\"Agroforst\",\"arbres\",\"bbc\",\"changement climatique\",\"m\u00e9thane\"],\"articleSection\":[\"Neuigkeit\"],\"inLanguage\":\"fr-FR\"},{\"@type\":\"WebPage\",\"@id\":\"https:\\\/\\\/permakultur-landwirtschaft.org\\\/les-arbres-absorbent-egalement-du-methane-article-de-15-aout-2024\\\/\",\"url\":\"https:\\\/\\\/permakultur-landwirtschaft.org\\\/les-arbres-absorbent-egalement-du-methane-article-de-15-aout-2024\\\/\",\"name\":\"Les arbres absorbent \u00e9galement du m\u00e9thane - Article de 15 ao\u00fbt 2024 - Permakultur-Landwirtschaft\",\"isPartOf\":{\"@id\":\"https:\\\/\\\/permakultur-landwirtschaft.org\\\/#website\"},\"primaryImageOfPage\":{\"@id\":\"https:\\\/\\\/permakultur-landwirtschaft.org\\\/les-arbres-absorbent-egalement-du-methane-article-de-15-aout-2024\\\/#primaryimage\"},\"image\":{\"@id\":\"https:\\\/\\\/permakultur-landwirtschaft.org\\\/les-arbres-absorbent-egalement-du-methane-article-de-15-aout-2024\\\/#primaryimage\"},\"thumbnailUrl\":\"https:\\\/\\\/permakultur-landwirtschaft.org\\\/wp-content\\\/uploads\\\/2024\\\/08\\\/baeume_methan_c2e4ba20-4c27-11ef-aebc-6de4d31bf5cd.jpg\",\"datePublished\":\"2024-08-15T12:09:18+00:00\",\"dateModified\":\"2024-08-29T12:13:38+00:00\",\"description\":\"les arbres absorbent \u00e9galement du m\u00e9thane et ce que cela signifie pour la lutte contre le changement climatique\",\"breadcrumb\":{\"@id\":\"https:\\\/\\\/permakultur-landwirtschaft.org\\\/les-arbres-absorbent-egalement-du-methane-article-de-15-aout-2024\\\/#breadcrumb\"},\"inLanguage\":\"fr-FR\",\"potentialAction\":[{\"@type\":\"ReadAction\",\"target\":[\"https:\\\/\\\/permakultur-landwirtschaft.org\\\/les-arbres-absorbent-egalement-du-methane-article-de-15-aout-2024\\\/\"]}]},{\"@type\":\"ImageObject\",\"inLanguage\":\"fr-FR\",\"@id\":\"https:\\\/\\\/permakultur-landwirtschaft.org\\\/les-arbres-absorbent-egalement-du-methane-article-de-15-aout-2024\\\/#primaryimage\",\"url\":\"https:\\\/\\\/permakultur-landwirtschaft.org\\\/wp-content\\\/uploads\\\/2024\\\/08\\\/baeume_methan_c2e4ba20-4c27-11ef-aebc-6de4d31bf5cd.jpg\",\"contentUrl\":\"https:\\\/\\\/permakultur-landwirtschaft.org\\\/wp-content\\\/uploads\\\/2024\\\/08\\\/baeume_methan_c2e4ba20-4c27-11ef-aebc-6de4d31bf5cd.jpg\",\"width\":700,\"height\":393,\"caption\":\"Image: Getty Images\"},{\"@type\":\"BreadcrumbList\",\"@id\":\"https:\\\/\\\/permakultur-landwirtschaft.org\\\/les-arbres-absorbent-egalement-du-methane-article-de-15-aout-2024\\\/#breadcrumb\",\"itemListElement\":[{\"@type\":\"ListItem\",\"position\":1,\"name\":\"Startseite\",\"item\":\"https:\\\/\\\/permakultur-landwirtschaft.org\\\/\"},{\"@type\":\"ListItem\",\"position\":2,\"name\":\"Les arbres absorbent \u00e9galement du m\u00e9thane &#8211; Article de 15 ao\u00fbt 2024\"}]},{\"@type\":\"WebSite\",\"@id\":\"https:\\\/\\\/permakultur-landwirtschaft.org\\\/#website\",\"url\":\"https:\\\/\\\/permakultur-landwirtschaft.org\\\/\",\"name\":\"Permakultur-Landwirtschaft\",\"description\":\"F\u00f6rderung der Permakultur in der Landwirtschaft\",\"publisher\":{\"@id\":\"https:\\\/\\\/permakultur-landwirtschaft.org\\\/#organization\"},\"potentialAction\":[{\"@type\":\"SearchAction\",\"target\":{\"@type\":\"EntryPoint\",\"urlTemplate\":\"https:\\\/\\\/permakultur-landwirtschaft.org\\\/?s={search_term_string}\"},\"query-input\":{\"@type\":\"PropertyValueSpecification\",\"valueRequired\":true,\"valueName\":\"search_term_string\"}}],\"inLanguage\":\"fr-FR\"},{\"@type\":\"Organization\",\"@id\":\"https:\\\/\\\/permakultur-landwirtschaft.org\\\/#organization\",\"name\":\"Permakultur-Landwirtschaft\",\"alternateName\":\"Verein Permakultur-Landwirtschaft\",\"url\":\"https:\\\/\\\/permakultur-landwirtschaft.org\\\/\",\"logo\":{\"@type\":\"ImageObject\",\"inLanguage\":\"fr-FR\",\"@id\":\"https:\\\/\\\/permakultur-landwirtschaft.org\\\/#\\\/schema\\\/logo\\\/image\\\/\",\"url\":\"https:\\\/\\\/permakultur-landwirtschaft.org\\\/wp-content\\\/uploads\\\/2021\\\/11\\\/pela_1268x1269.png\",\"contentUrl\":\"https:\\\/\\\/permakultur-landwirtschaft.org\\\/wp-content\\\/uploads\\\/2021\\\/11\\\/pela_1268x1269.png\",\"width\":1298,\"height\":1269,\"caption\":\"Permakultur-Landwirtschaft\"},\"image\":{\"@id\":\"https:\\\/\\\/permakultur-landwirtschaft.org\\\/#\\\/schema\\\/logo\\\/image\\\/\"},\"sameAs\":[\"https:\\\/\\\/www.facebook.com\\\/PermakulturLandwirtschaft\",\"https:\\\/\\\/www.instagram.com\\\/permakultur_landwirtschaft\\\/\",\"https:\\\/\\\/www.flickr.com\\\/photos\\\/permakultur-landwirtschaft\",\"https:\\\/\\\/www.youtube.com\\\/@PermakulturLandwirtschaft\"]},{\"@type\":\"Person\",\"@id\":\"https:\\\/\\\/permakultur-landwirtschaft.org\\\/#\\\/schema\\\/person\\\/6b0467872f75aed3e144093f9bf4f0b0\",\"name\":\"adrian reutimann\",\"url\":\"https:\\\/\\\/permakultur-landwirtschaft.org\\\/fr\\\/author\\\/reutiadr\\\/\"}]}<\/script>\n<!-- \/ Yoast SEO plugin. -->","yoast_head_json":{"title":"Les arbres absorbent \u00e9galement du m\u00e9thane - Article de 15 ao\u00fbt 2024 - Permakultur-Landwirtschaft","description":"les arbres absorbent \u00e9galement du m\u00e9thane et ce que cela signifie pour la lutte contre le changement climatique","robots":{"index":"index","follow":"follow","max-snippet":"max-snippet:-1","max-image-preview":"max-image-preview:large","max-video-preview":"max-video-preview:-1"},"canonical":"https:\/\/permakultur-landwirtschaft.org\/fr\/les-arbres-absorbent-egalement-du-methane-article-de-15-aout-2024\/","og_locale":"fr_FR","og_type":"article","og_title":"Les arbres absorbent \u00e9galement du m\u00e9thane - Article de 15 ao\u00fbt 2024 - Permakultur-Landwirtschaft","og_description":"les arbres absorbent \u00e9galement du m\u00e9thane et ce que cela signifie pour la lutte contre le changement climatique","og_url":"https:\/\/permakultur-landwirtschaft.org\/fr\/les-arbres-absorbent-egalement-du-methane-article-de-15-aout-2024\/","og_site_name":"Permakultur-Landwirtschaft","article_publisher":"https:\/\/www.facebook.com\/PermakulturLandwirtschaft","article_published_time":"2024-08-15T12:09:18+00:00","article_modified_time":"2024-08-29T12:13:38+00:00","og_image":[{"width":700,"height":393,"url":"https:\/\/permakultur-landwirtschaft.org\/wp-content\/uploads\/2024\/08\/baeume_methan_c2e4ba20-4c27-11ef-aebc-6de4d31bf5cd.jpg","type":"image\/jpeg"}],"author":"adrian reutimann","twitter_card":"summary_large_image","twitter_misc":{"\u00c9crit par":"adrian reutimann","Dur\u00e9e de lecture estim\u00e9e":"2 minutes"},"schema":{"@context":"https:\/\/schema.org","@graph":[{"@type":"Article","@id":"https:\/\/permakultur-landwirtschaft.org\/les-arbres-absorbent-egalement-du-methane-article-de-15-aout-2024\/#article","isPartOf":{"@id":"https:\/\/permakultur-landwirtschaft.org\/les-arbres-absorbent-egalement-du-methane-article-de-15-aout-2024\/"},"author":{"name":"adrian reutimann","@id":"https:\/\/permakultur-landwirtschaft.org\/#\/schema\/person\/6b0467872f75aed3e144093f9bf4f0b0"},"headline":"Les arbres absorbent \u00e9galement du m\u00e9thane &#8211; Article de 15 ao\u00fbt 2024","datePublished":"2024-08-15T12:09:18+00:00","dateModified":"2024-08-29T12:13:38+00:00","mainEntityOfPage":{"@id":"https:\/\/permakultur-landwirtschaft.org\/les-arbres-absorbent-egalement-du-methane-article-de-15-aout-2024\/"},"wordCount":234,"publisher":{"@id":"https:\/\/permakultur-landwirtschaft.org\/#organization"},"image":{"@id":"https:\/\/permakultur-landwirtschaft.org\/les-arbres-absorbent-egalement-du-methane-article-de-15-aout-2024\/#primaryimage"},"thumbnailUrl":"https:\/\/permakultur-landwirtschaft.org\/wp-content\/uploads\/2024\/08\/baeume_methan_c2e4ba20-4c27-11ef-aebc-6de4d31bf5cd.jpg","keywords":["Agroforst","arbres","bbc","changement climatique","m\u00e9thane"],"articleSection":["Neuigkeit"],"inLanguage":"fr-FR"},{"@type":"WebPage","@id":"https:\/\/permakultur-landwirtschaft.org\/les-arbres-absorbent-egalement-du-methane-article-de-15-aout-2024\/","url":"https:\/\/permakultur-landwirtschaft.org\/les-arbres-absorbent-egalement-du-methane-article-de-15-aout-2024\/","name":"Les arbres absorbent \u00e9galement du m\u00e9thane - Article de 15 ao\u00fbt 2024 - Permakultur-Landwirtschaft","isPartOf":{"@id":"https:\/\/permakultur-landwirtschaft.org\/#website"},"primaryImageOfPage":{"@id":"https:\/\/permakultur-landwirtschaft.org\/les-arbres-absorbent-egalement-du-methane-article-de-15-aout-2024\/#primaryimage"},"image":{"@id":"https:\/\/permakultur-landwirtschaft.org\/les-arbres-absorbent-egalement-du-methane-article-de-15-aout-2024\/#primaryimage"},"thumbnailUrl":"https:\/\/permakultur-landwirtschaft.org\/wp-content\/uploads\/2024\/08\/baeume_methan_c2e4ba20-4c27-11ef-aebc-6de4d31bf5cd.jpg","datePublished":"2024-08-15T12:09:18+00:00","dateModified":"2024-08-29T12:13:38+00:00","description":"les arbres absorbent \u00e9galement du m\u00e9thane et ce que cela signifie pour la lutte contre le changement climatique","breadcrumb":{"@id":"https:\/\/permakultur-landwirtschaft.org\/les-arbres-absorbent-egalement-du-methane-article-de-15-aout-2024\/#breadcrumb"},"inLanguage":"fr-FR","potentialAction":[{"@type":"ReadAction","target":["https:\/\/permakultur-landwirtschaft.org\/les-arbres-absorbent-egalement-du-methane-article-de-15-aout-2024\/"]}]},{"@type":"ImageObject","inLanguage":"fr-FR","@id":"https:\/\/permakultur-landwirtschaft.org\/les-arbres-absorbent-egalement-du-methane-article-de-15-aout-2024\/#primaryimage","url":"https:\/\/permakultur-landwirtschaft.org\/wp-content\/uploads\/2024\/08\/baeume_methan_c2e4ba20-4c27-11ef-aebc-6de4d31bf5cd.jpg","contentUrl":"https:\/\/permakultur-landwirtschaft.org\/wp-content\/uploads\/2024\/08\/baeume_methan_c2e4ba20-4c27-11ef-aebc-6de4d31bf5cd.jpg","width":700,"height":393,"caption":"Image: Getty Images"},{"@type":"BreadcrumbList","@id":"https:\/\/permakultur-landwirtschaft.org\/les-arbres-absorbent-egalement-du-methane-article-de-15-aout-2024\/#breadcrumb","itemListElement":[{"@type":"ListItem","position":1,"name":"Startseite","item":"https:\/\/permakultur-landwirtschaft.org\/"},{"@type":"ListItem","position":2,"name":"Les arbres absorbent \u00e9galement du m\u00e9thane &#8211; Article de 15 ao\u00fbt 2024"}]},{"@type":"WebSite","@id":"https:\/\/permakultur-landwirtschaft.org\/#website","url":"https:\/\/permakultur-landwirtschaft.org\/","name":"Permakultur-Landwirtschaft","description":"F\u00f6rderung der Permakultur in der Landwirtschaft","publisher":{"@id":"https:\/\/permakultur-landwirtschaft.org\/#organization"},"potentialAction":[{"@type":"SearchAction","target":{"@type":"EntryPoint","urlTemplate":"https:\/\/permakultur-landwirtschaft.org\/?s={search_term_string}"},"query-input":{"@type":"PropertyValueSpecification","valueRequired":true,"valueName":"search_term_string"}}],"inLanguage":"fr-FR"},{"@type":"Organization","@id":"https:\/\/permakultur-landwirtschaft.org\/#organization","name":"Permakultur-Landwirtschaft","alternateName":"Verein Permakultur-Landwirtschaft","url":"https:\/\/permakultur-landwirtschaft.org\/","logo":{"@type":"ImageObject","inLanguage":"fr-FR","@id":"https:\/\/permakultur-landwirtschaft.org\/#\/schema\/logo\/image\/","url":"https:\/\/permakultur-landwirtschaft.org\/wp-content\/uploads\/2021\/11\/pela_1268x1269.png","contentUrl":"https:\/\/permakultur-landwirtschaft.org\/wp-content\/uploads\/2021\/11\/pela_1268x1269.png","width":1298,"height":1269,"caption":"Permakultur-Landwirtschaft"},"image":{"@id":"https:\/\/permakultur-landwirtschaft.org\/#\/schema\/logo\/image\/"},"sameAs":["https:\/\/www.facebook.com\/PermakulturLandwirtschaft","https:\/\/www.instagram.com\/permakultur_landwirtschaft\/","https:\/\/www.flickr.com\/photos\/permakultur-landwirtschaft","https:\/\/www.youtube.com\/@PermakulturLandwirtschaft"]},{"@type":"Person","@id":"https:\/\/permakultur-landwirtschaft.org\/#\/schema\/person\/6b0467872f75aed3e144093f9bf4f0b0","name":"adrian reutimann","url":"https:\/\/permakultur-landwirtschaft.org\/fr\/author\/reutiadr\/"}]}},"_links":{"self":[{"href":"https:\/\/permakultur-landwirtschaft.org\/fr\/wp-json\/wp\/v2\/posts\/35172","targetHints":{"allow":["GET"]}}],"collection":[{"href":"https:\/\/permakultur-landwirtschaft.org\/fr\/wp-json\/wp\/v2\/posts"}],"about":[{"href":"https:\/\/permakultur-landwirtschaft.org\/fr\/wp-json\/wp\/v2\/types\/post"}],"author":[{"embeddable":true,"href":"https:\/\/permakultur-landwirtschaft.org\/fr\/wp-json\/wp\/v2\/users\/2"}],"replies":[{"embeddable":true,"href":"https:\/\/permakultur-landwirtschaft.org\/fr\/wp-json\/wp\/v2\/comments?post=35172"}],"version-history":[{"count":1,"href":"https:\/\/permakultur-landwirtschaft.org\/fr\/wp-json\/wp\/v2\/posts\/35172\/revisions"}],"predecessor-version":[{"id":35174,"href":"https:\/\/permakultur-landwirtschaft.org\/fr\/wp-json\/wp\/v2\/posts\/35172\/revisions\/35174"}],"wp:featuredmedia":[{"embeddable":true,"href":"https:\/\/permakultur-landwirtschaft.org\/fr\/wp-json\/wp\/v2\/media\/35173"}],"wp:attachment":[{"href":"https:\/\/permakultur-landwirtschaft.org\/fr\/wp-json\/wp\/v2\/media?parent=35172"}],"wp:term":[{"taxonomy":"category","embeddable":true,"href":"https:\/\/permakultur-landwirtschaft.org\/fr\/wp-json\/wp\/v2\/categories?post=35172"},{"taxonomy":"post_tag","embeddable":true,"href":"https:\/\/permakultur-landwirtschaft.org\/fr\/wp-json\/wp\/v2\/tags?post=35172"}],"curies":[{"name":"wp","href":"https:\/\/api.w.org\/{rel}","templated":true}]}}