{"id":35164,"date":"2024-08-23T09:33:45","date_gmt":"2024-08-23T07:33:45","guid":{"rendered":"https:\/\/permakultur-landwirtschaft.org\/?p=35164"},"modified":"2024-08-29T09:42:18","modified_gmt":"2024-08-29T07:42:18","slug":"vielfalt-statt-monokultur-bauern-muessen-radikal-umsteuern-artikel-vom-23-august-2024","status":"publish","type":"post","link":"https:\/\/permakultur-landwirtschaft.org\/fr\/vielfalt-statt-monokultur-bauern-muessen-radikal-umsteuern-artikel-vom-23-august-2024\/","title":{"rendered":"Vielfalt statt Monokultur: Bauern m\u00fcssen radikal umsteuern &#8211; Artikel vom 23. August 2024"},"content":{"rendered":"<p>Text von www.sueddeutsche.de:<\/p>\n\n\n\n<p>Vielfalt statt Monokultur: Der Permakultur-Experte Josef A. Holzer ist \u00fcberzeugt davon, dass die Bauern radikal umsteuern m\u00fcssen. Denn nur so lie\u00dfen sich die Auswirkungen des Klimawandels in den Griff bekommen.<\/p>\n\n\n\n<p>Der Bergbauer, der die Landwirtschaft retten will.<\/p>\n\n\n\n<p><a href=\"https:\/\/www.sueddeutsche.de\/projekte\/artikel\/gesellschaft\/permakultur-krameterhof-sepp-holzer-klimawandel-e642573\" target=\"_blank\" rel=\"noreferrer noopener\">Link zum Artikel<\/a><\/p>\n\n\n\n<p><a href=\"https:\/\/krameterhof.at\/\" target=\"_blank\" rel=\"noreferrer noopener\">Link zum Krameterhof<\/a><\/p>","protected":false},"excerpt":{"rendered":"<p>Text von www.sueddeutsche.de: Vielfalt statt Monokultur: Der Permakultur-Experte Josef A. Holzer ist \u00fcberzeugt davon, dass die Bauern radikal umsteuern m\u00fcssen. Denn nur so lie\u00dfen sich die Auswirkungen des Klimawandels in den Griff bekommen. Der Bergbauer, der die Landwirtschaft retten will. Link zum Artikel Link zum Krameterhof<\/p>","protected":false},"author":2,"featured_media":35166,"comment_status":"closed","ping_status":"closed","sticky":false,"template":"","format":"standard","meta":{"_acf_changed":false,"site-sidebar-layout":"default","site-content-layout":"","ast-site-content-layout":"default","site-content-style":"default","site-sidebar-style":"default","ast-global-header-display":"","ast-banner-title-visibility":"","ast-main-header-display":"","ast-hfb-above-header-display":"","ast-hfb-below-header-display":"","ast-hfb-mobile-header-display":"","site-post-title":"","ast-breadcrumbs-content":"","ast-featured-img":"","footer-sml-layout":"","ast-disable-related-posts":"","theme-transparent-header-meta":"","adv-header-id-meta":"","stick-header-meta":"","header-above-stick-meta":"","header-main-stick-meta":"","header-below-stick-meta":"","astra-migrate-meta-layouts":"set","ast-page-background-enabled":"default","ast-page-background-meta":{"desktop":{"background-color":"var(--ast-global-color-4)","background-image":"","background-repeat":"repeat","background-position":"center center","background-size":"auto","background-attachment":"scroll","background-type":"","background-media":"","overlay-type":"","overlay-color":"","overlay-opacity":"","overlay-gradient":""},"tablet":{"background-color":"","background-image":"","background-repeat":"repeat","background-position":"center center","background-size":"auto","background-attachment":"scroll","background-type":"","background-media":"","overlay-type":"","overlay-color":"","overlay-opacity":"","overlay-gradient":""},"mobile":{"background-color":"","background-image":"","background-repeat":"repeat","background-position":"center center","background-size":"auto","background-attachment":"scroll","background-type":"","background-media":"","overlay-type":"","overlay-color":"","overlay-opacity":"","overlay-gradient":""}},"ast-content-background-meta":{"desktop":{"background-color":"var(--ast-global-color-5)","background-image":"","background-repeat":"repeat","background-position":"center center","background-size":"auto","background-attachment":"scroll","background-type":"","background-media":"","overlay-type":"","overlay-color":"","overlay-opacity":"","overlay-gradient":""},"tablet":{"background-color":"var(--ast-global-color-5)","background-image":"","background-repeat":"repeat","background-position":"center center","background-size":"auto","background-attachment":"scroll","background-type":"","background-media":"","overlay-type":"","overlay-color":"","overlay-opacity":"","overlay-gradient":""},"mobile":{"background-color":"var(--ast-global-color-5)","background-image":"","background-repeat":"repeat","background-position":"center center","background-size":"auto","background-attachment":"scroll","background-type":"","background-media":"","overlay-type":"","overlay-color":"","overlay-opacity":"","overlay-gradient":""}},"footnotes":""},"categories":[22],"tags":[405,203,406,243,409,407,408],"class_list":["post-35164","post","type-post","status-publish","format-standard","has-post-thumbnail","hentry","category-neuigkeit","tag-josef-holzer","tag-klimawandel","tag-krameterhof","tag-permakultur-landwirtschaft","tag-radikal-umsteuern","tag-sueddeutsche-zeitung","tag-vielfallt"],"acf":[],"yoast_head":"<!-- This site is optimized with the Yoast SEO plugin v27.5 - https:\/\/yoast.com\/product\/yoast-seo-wordpress\/ -->\n<title>Vielfalt statt Monokultur: Bauern m\u00fcssen radikal umsteuern - Artikel vom 23. August 2024 - Permakultur-Landwirtschaft<\/title>\n<meta name=\"description\" content=\"Vielfalt statt Monokultur: Der Permakultur-Experte Josef A. Holzer ist \u00fcberzeugt davon, dass die Bauern radikal umsteuern m\u00fcssen.\" \/>\n<meta name=\"robots\" content=\"index, follow, max-snippet:-1, max-image-preview:large, max-video-preview:-1\" \/>\n<link rel=\"canonical\" href=\"https:\/\/permakultur-landwirtschaft.org\/fr\/vielfalt-statt-monokultur-bauern-muessen-radikal-umsteuern-artikel-vom-23-august-2024\/\" \/>\n<meta property=\"og:locale\" content=\"fr_FR\" \/>\n<meta property=\"og:type\" content=\"article\" \/>\n<meta property=\"og:title\" content=\"Vielfalt statt Monokultur: Bauern m\u00fcssen radikal umsteuern - Artikel vom 23. August 2024 - Permakultur-Landwirtschaft\" \/>\n<meta property=\"og:description\" content=\"Vielfalt statt Monokultur: Der Permakultur-Experte Josef A. Holzer ist \u00fcberzeugt davon, dass die Bauern radikal umsteuern m\u00fcssen.\" \/>\n<meta property=\"og:url\" content=\"https:\/\/permakultur-landwirtschaft.org\/fr\/vielfalt-statt-monokultur-bauern-muessen-radikal-umsteuern-artikel-vom-23-august-2024\/\" \/>\n<meta property=\"og:site_name\" content=\"Permakultur-Landwirtschaft\" \/>\n<meta property=\"article:publisher\" content=\"https:\/\/www.facebook.com\/PermakulturLandwirtschaft\" \/>\n<meta property=\"article:published_time\" content=\"2024-08-23T07:33:45+00:00\" \/>\n<meta property=\"article:modified_time\" content=\"2024-08-29T07:42:18+00:00\" \/>\n<meta property=\"og:image\" content=\"https:\/\/permakultur-landwirtschaft.org\/wp-content\/uploads\/2024\/08\/sueddeutsche_zeitung_josef_holzer_2024-08-29_09-31-00.jpg\" \/>\n\t<meta property=\"og:image:width\" content=\"700\" \/>\n\t<meta property=\"og:image:height\" content=\"405\" \/>\n\t<meta property=\"og:image:type\" content=\"image\/jpeg\" \/>\n<meta name=\"author\" content=\"adrian reutimann\" \/>\n<meta name=\"twitter:card\" content=\"summary_large_image\" \/>\n<meta name=\"twitter:label1\" content=\"\u00c9crit par\" \/>\n\t<meta name=\"twitter:data1\" content=\"adrian reutimann\" \/>\n\t<meta name=\"twitter:label2\" content=\"Dur\u00e9e de lecture estim\u00e9e\" \/>\n\t<meta name=\"twitter:data2\" content=\"1 minute\" \/>\n<script type=\"application\/ld+json\" class=\"yoast-schema-graph\">{\"@context\":\"https:\\\/\\\/schema.org\",\"@graph\":[{\"@type\":\"Article\",\"@id\":\"https:\\\/\\\/permakultur-landwirtschaft.org\\\/vielfalt-statt-monokultur-bauern-muessen-radikal-umsteuern-artikel-vom-23-august-2024\\\/#article\",\"isPartOf\":{\"@id\":\"https:\\\/\\\/permakultur-landwirtschaft.org\\\/vielfalt-statt-monokultur-bauern-muessen-radikal-umsteuern-artikel-vom-23-august-2024\\\/\"},\"author\":{\"name\":\"adrian reutimann\",\"@id\":\"https:\\\/\\\/permakultur-landwirtschaft.org\\\/#\\\/schema\\\/person\\\/6b0467872f75aed3e144093f9bf4f0b0\"},\"headline\":\"Vielfalt statt Monokultur: Bauern m\u00fcssen radikal umsteuern &#8211; Artikel vom 23. August 2024\",\"datePublished\":\"2024-08-23T07:33:45+00:00\",\"dateModified\":\"2024-08-29T07:42:18+00:00\",\"mainEntityOfPage\":{\"@id\":\"https:\\\/\\\/permakultur-landwirtschaft.org\\\/vielfalt-statt-monokultur-bauern-muessen-radikal-umsteuern-artikel-vom-23-august-2024\\\/\"},\"wordCount\":62,\"publisher\":{\"@id\":\"https:\\\/\\\/permakultur-landwirtschaft.org\\\/#organization\"},\"image\":{\"@id\":\"https:\\\/\\\/permakultur-landwirtschaft.org\\\/vielfalt-statt-monokultur-bauern-muessen-radikal-umsteuern-artikel-vom-23-august-2024\\\/#primaryimage\"},\"thumbnailUrl\":\"https:\\\/\\\/permakultur-landwirtschaft.org\\\/wp-content\\\/uploads\\\/2024\\\/08\\\/sueddeutsche_zeitung_josef_holzer_2024-08-29_09-31-00.jpg\",\"keywords\":[\"Josef Holzer\",\"Klimawandel\",\"Krameterhof\",\"Permakultur-Landwirtschaft\",\"Radikal umsteuern\",\"S\u00fcddeutsche Zeitung\",\"Vielfallt\"],\"articleSection\":[\"Neuigkeit\"],\"inLanguage\":\"fr-FR\"},{\"@type\":\"WebPage\",\"@id\":\"https:\\\/\\\/permakultur-landwirtschaft.org\\\/vielfalt-statt-monokultur-bauern-muessen-radikal-umsteuern-artikel-vom-23-august-2024\\\/\",\"url\":\"https:\\\/\\\/permakultur-landwirtschaft.org\\\/vielfalt-statt-monokultur-bauern-muessen-radikal-umsteuern-artikel-vom-23-august-2024\\\/\",\"name\":\"Vielfalt statt Monokultur: Bauern m\u00fcssen radikal umsteuern - Artikel vom 23. August 2024 - Permakultur-Landwirtschaft\",\"isPartOf\":{\"@id\":\"https:\\\/\\\/permakultur-landwirtschaft.org\\\/#website\"},\"primaryImageOfPage\":{\"@id\":\"https:\\\/\\\/permakultur-landwirtschaft.org\\\/vielfalt-statt-monokultur-bauern-muessen-radikal-umsteuern-artikel-vom-23-august-2024\\\/#primaryimage\"},\"image\":{\"@id\":\"https:\\\/\\\/permakultur-landwirtschaft.org\\\/vielfalt-statt-monokultur-bauern-muessen-radikal-umsteuern-artikel-vom-23-august-2024\\\/#primaryimage\"},\"thumbnailUrl\":\"https:\\\/\\\/permakultur-landwirtschaft.org\\\/wp-content\\\/uploads\\\/2024\\\/08\\\/sueddeutsche_zeitung_josef_holzer_2024-08-29_09-31-00.jpg\",\"datePublished\":\"2024-08-23T07:33:45+00:00\",\"dateModified\":\"2024-08-29T07:42:18+00:00\",\"description\":\"Vielfalt statt Monokultur: Der Permakultur-Experte Josef A. Holzer ist \u00fcberzeugt davon, dass die Bauern radikal umsteuern m\u00fcssen.\",\"breadcrumb\":{\"@id\":\"https:\\\/\\\/permakultur-landwirtschaft.org\\\/vielfalt-statt-monokultur-bauern-muessen-radikal-umsteuern-artikel-vom-23-august-2024\\\/#breadcrumb\"},\"inLanguage\":\"fr-FR\",\"potentialAction\":[{\"@type\":\"ReadAction\",\"target\":[\"https:\\\/\\\/permakultur-landwirtschaft.org\\\/vielfalt-statt-monokultur-bauern-muessen-radikal-umsteuern-artikel-vom-23-august-2024\\\/\"]}]},{\"@type\":\"ImageObject\",\"inLanguage\":\"fr-FR\",\"@id\":\"https:\\\/\\\/permakultur-landwirtschaft.org\\\/vielfalt-statt-monokultur-bauern-muessen-radikal-umsteuern-artikel-vom-23-august-2024\\\/#primaryimage\",\"url\":\"https:\\\/\\\/permakultur-landwirtschaft.org\\\/wp-content\\\/uploads\\\/2024\\\/08\\\/sueddeutsche_zeitung_josef_holzer_2024-08-29_09-31-00.jpg\",\"contentUrl\":\"https:\\\/\\\/permakultur-landwirtschaft.org\\\/wp-content\\\/uploads\\\/2024\\\/08\\\/sueddeutsche_zeitung_josef_holzer_2024-08-29_09-31-00.jpg\",\"width\":700,\"height\":405,\"caption\":\"Bild: www.sueddeutsche.de\"},{\"@type\":\"BreadcrumbList\",\"@id\":\"https:\\\/\\\/permakultur-landwirtschaft.org\\\/vielfalt-statt-monokultur-bauern-muessen-radikal-umsteuern-artikel-vom-23-august-2024\\\/#breadcrumb\",\"itemListElement\":[{\"@type\":\"ListItem\",\"position\":1,\"name\":\"Startseite\",\"item\":\"https:\\\/\\\/permakultur-landwirtschaft.org\\\/\"},{\"@type\":\"ListItem\",\"position\":2,\"name\":\"Vielfalt statt Monokultur: Bauern m\u00fcssen radikal umsteuern &#8211; Artikel vom 23. August 2024\"}]},{\"@type\":\"WebSite\",\"@id\":\"https:\\\/\\\/permakultur-landwirtschaft.org\\\/#website\",\"url\":\"https:\\\/\\\/permakultur-landwirtschaft.org\\\/\",\"name\":\"Permakultur-Landwirtschaft\",\"description\":\"F\u00f6rderung der Permakultur in der Landwirtschaft\",\"publisher\":{\"@id\":\"https:\\\/\\\/permakultur-landwirtschaft.org\\\/#organization\"},\"potentialAction\":[{\"@type\":\"SearchAction\",\"target\":{\"@type\":\"EntryPoint\",\"urlTemplate\":\"https:\\\/\\\/permakultur-landwirtschaft.org\\\/?s={search_term_string}\"},\"query-input\":{\"@type\":\"PropertyValueSpecification\",\"valueRequired\":true,\"valueName\":\"search_term_string\"}}],\"inLanguage\":\"fr-FR\"},{\"@type\":\"Organization\",\"@id\":\"https:\\\/\\\/permakultur-landwirtschaft.org\\\/#organization\",\"name\":\"Permakultur-Landwirtschaft\",\"alternateName\":\"Verein Permakultur-Landwirtschaft\",\"url\":\"https:\\\/\\\/permakultur-landwirtschaft.org\\\/\",\"logo\":{\"@type\":\"ImageObject\",\"inLanguage\":\"fr-FR\",\"@id\":\"https:\\\/\\\/permakultur-landwirtschaft.org\\\/#\\\/schema\\\/logo\\\/image\\\/\",\"url\":\"https:\\\/\\\/permakultur-landwirtschaft.org\\\/wp-content\\\/uploads\\\/2021\\\/11\\\/pela_1268x1269.png\",\"contentUrl\":\"https:\\\/\\\/permakultur-landwirtschaft.org\\\/wp-content\\\/uploads\\\/2021\\\/11\\\/pela_1268x1269.png\",\"width\":1298,\"height\":1269,\"caption\":\"Permakultur-Landwirtschaft\"},\"image\":{\"@id\":\"https:\\\/\\\/permakultur-landwirtschaft.org\\\/#\\\/schema\\\/logo\\\/image\\\/\"},\"sameAs\":[\"https:\\\/\\\/www.facebook.com\\\/PermakulturLandwirtschaft\",\"https:\\\/\\\/www.instagram.com\\\/permakultur_landwirtschaft\\\/\",\"https:\\\/\\\/www.flickr.com\\\/photos\\\/permakultur-landwirtschaft\",\"https:\\\/\\\/www.youtube.com\\\/@PermakulturLandwirtschaft\"]},{\"@type\":\"Person\",\"@id\":\"https:\\\/\\\/permakultur-landwirtschaft.org\\\/#\\\/schema\\\/person\\\/6b0467872f75aed3e144093f9bf4f0b0\",\"name\":\"adrian reutimann\",\"url\":\"https:\\\/\\\/permakultur-landwirtschaft.org\\\/fr\\\/author\\\/reutiadr\\\/\"}]}<\/script>\n<!-- \/ Yoast SEO plugin. -->","yoast_head_json":{"title":"Vielfalt statt Monokultur: Bauern m\u00fcssen radikal umsteuern - Artikel vom 23. August 2024 - Permakultur-Landwirtschaft","description":"Vielfalt statt Monokultur: Der Permakultur-Experte Josef A. Holzer ist \u00fcberzeugt davon, dass die Bauern radikal umsteuern m\u00fcssen.","robots":{"index":"index","follow":"follow","max-snippet":"max-snippet:-1","max-image-preview":"max-image-preview:large","max-video-preview":"max-video-preview:-1"},"canonical":"https:\/\/permakultur-landwirtschaft.org\/fr\/vielfalt-statt-monokultur-bauern-muessen-radikal-umsteuern-artikel-vom-23-august-2024\/","og_locale":"fr_FR","og_type":"article","og_title":"Vielfalt statt Monokultur: Bauern m\u00fcssen radikal umsteuern - Artikel vom 23. August 2024 - Permakultur-Landwirtschaft","og_description":"Vielfalt statt Monokultur: Der Permakultur-Experte Josef A. Holzer ist \u00fcberzeugt davon, dass die Bauern radikal umsteuern m\u00fcssen.","og_url":"https:\/\/permakultur-landwirtschaft.org\/fr\/vielfalt-statt-monokultur-bauern-muessen-radikal-umsteuern-artikel-vom-23-august-2024\/","og_site_name":"Permakultur-Landwirtschaft","article_publisher":"https:\/\/www.facebook.com\/PermakulturLandwirtschaft","article_published_time":"2024-08-23T07:33:45+00:00","article_modified_time":"2024-08-29T07:42:18+00:00","og_image":[{"width":700,"height":405,"url":"https:\/\/permakultur-landwirtschaft.org\/wp-content\/uploads\/2024\/08\/sueddeutsche_zeitung_josef_holzer_2024-08-29_09-31-00.jpg","type":"image\/jpeg"}],"author":"adrian reutimann","twitter_card":"summary_large_image","twitter_misc":{"\u00c9crit par":"adrian reutimann","Dur\u00e9e de lecture estim\u00e9e":"1 minute"},"schema":{"@context":"https:\/\/schema.org","@graph":[{"@type":"Article","@id":"https:\/\/permakultur-landwirtschaft.org\/vielfalt-statt-monokultur-bauern-muessen-radikal-umsteuern-artikel-vom-23-august-2024\/#article","isPartOf":{"@id":"https:\/\/permakultur-landwirtschaft.org\/vielfalt-statt-monokultur-bauern-muessen-radikal-umsteuern-artikel-vom-23-august-2024\/"},"author":{"name":"adrian reutimann","@id":"https:\/\/permakultur-landwirtschaft.org\/#\/schema\/person\/6b0467872f75aed3e144093f9bf4f0b0"},"headline":"Vielfalt statt Monokultur: Bauern m\u00fcssen radikal umsteuern &#8211; Artikel vom 23. August 2024","datePublished":"2024-08-23T07:33:45+00:00","dateModified":"2024-08-29T07:42:18+00:00","mainEntityOfPage":{"@id":"https:\/\/permakultur-landwirtschaft.org\/vielfalt-statt-monokultur-bauern-muessen-radikal-umsteuern-artikel-vom-23-august-2024\/"},"wordCount":62,"publisher":{"@id":"https:\/\/permakultur-landwirtschaft.org\/#organization"},"image":{"@id":"https:\/\/permakultur-landwirtschaft.org\/vielfalt-statt-monokultur-bauern-muessen-radikal-umsteuern-artikel-vom-23-august-2024\/#primaryimage"},"thumbnailUrl":"https:\/\/permakultur-landwirtschaft.org\/wp-content\/uploads\/2024\/08\/sueddeutsche_zeitung_josef_holzer_2024-08-29_09-31-00.jpg","keywords":["Josef Holzer","Klimawandel","Krameterhof","Permakultur-Landwirtschaft","Radikal umsteuern","S\u00fcddeutsche Zeitung","Vielfallt"],"articleSection":["Neuigkeit"],"inLanguage":"fr-FR"},{"@type":"WebPage","@id":"https:\/\/permakultur-landwirtschaft.org\/vielfalt-statt-monokultur-bauern-muessen-radikal-umsteuern-artikel-vom-23-august-2024\/","url":"https:\/\/permakultur-landwirtschaft.org\/vielfalt-statt-monokultur-bauern-muessen-radikal-umsteuern-artikel-vom-23-august-2024\/","name":"Vielfalt statt Monokultur: Bauern m\u00fcssen radikal umsteuern - Artikel vom 23. August 2024 - Permakultur-Landwirtschaft","isPartOf":{"@id":"https:\/\/permakultur-landwirtschaft.org\/#website"},"primaryImageOfPage":{"@id":"https:\/\/permakultur-landwirtschaft.org\/vielfalt-statt-monokultur-bauern-muessen-radikal-umsteuern-artikel-vom-23-august-2024\/#primaryimage"},"image":{"@id":"https:\/\/permakultur-landwirtschaft.org\/vielfalt-statt-monokultur-bauern-muessen-radikal-umsteuern-artikel-vom-23-august-2024\/#primaryimage"},"thumbnailUrl":"https:\/\/permakultur-landwirtschaft.org\/wp-content\/uploads\/2024\/08\/sueddeutsche_zeitung_josef_holzer_2024-08-29_09-31-00.jpg","datePublished":"2024-08-23T07:33:45+00:00","dateModified":"2024-08-29T07:42:18+00:00","description":"Vielfalt statt Monokultur: Der Permakultur-Experte Josef A. Holzer ist \u00fcberzeugt davon, dass die Bauern radikal umsteuern m\u00fcssen.","breadcrumb":{"@id":"https:\/\/permakultur-landwirtschaft.org\/vielfalt-statt-monokultur-bauern-muessen-radikal-umsteuern-artikel-vom-23-august-2024\/#breadcrumb"},"inLanguage":"fr-FR","potentialAction":[{"@type":"ReadAction","target":["https:\/\/permakultur-landwirtschaft.org\/vielfalt-statt-monokultur-bauern-muessen-radikal-umsteuern-artikel-vom-23-august-2024\/"]}]},{"@type":"ImageObject","inLanguage":"fr-FR","@id":"https:\/\/permakultur-landwirtschaft.org\/vielfalt-statt-monokultur-bauern-muessen-radikal-umsteuern-artikel-vom-23-august-2024\/#primaryimage","url":"https:\/\/permakultur-landwirtschaft.org\/wp-content\/uploads\/2024\/08\/sueddeutsche_zeitung_josef_holzer_2024-08-29_09-31-00.jpg","contentUrl":"https:\/\/permakultur-landwirtschaft.org\/wp-content\/uploads\/2024\/08\/sueddeutsche_zeitung_josef_holzer_2024-08-29_09-31-00.jpg","width":700,"height":405,"caption":"Bild: www.sueddeutsche.de"},{"@type":"BreadcrumbList","@id":"https:\/\/permakultur-landwirtschaft.org\/vielfalt-statt-monokultur-bauern-muessen-radikal-umsteuern-artikel-vom-23-august-2024\/#breadcrumb","itemListElement":[{"@type":"ListItem","position":1,"name":"Startseite","item":"https:\/\/permakultur-landwirtschaft.org\/"},{"@type":"ListItem","position":2,"name":"Vielfalt statt Monokultur: Bauern m\u00fcssen radikal umsteuern &#8211; Artikel vom 23. August 2024"}]},{"@type":"WebSite","@id":"https:\/\/permakultur-landwirtschaft.org\/#website","url":"https:\/\/permakultur-landwirtschaft.org\/","name":"Permakultur-Landwirtschaft","description":"F\u00f6rderung der Permakultur in der Landwirtschaft","publisher":{"@id":"https:\/\/permakultur-landwirtschaft.org\/#organization"},"potentialAction":[{"@type":"SearchAction","target":{"@type":"EntryPoint","urlTemplate":"https:\/\/permakultur-landwirtschaft.org\/?s={search_term_string}"},"query-input":{"@type":"PropertyValueSpecification","valueRequired":true,"valueName":"search_term_string"}}],"inLanguage":"fr-FR"},{"@type":"Organization","@id":"https:\/\/permakultur-landwirtschaft.org\/#organization","name":"Permakultur-Landwirtschaft","alternateName":"Verein Permakultur-Landwirtschaft","url":"https:\/\/permakultur-landwirtschaft.org\/","logo":{"@type":"ImageObject","inLanguage":"fr-FR","@id":"https:\/\/permakultur-landwirtschaft.org\/#\/schema\/logo\/image\/","url":"https:\/\/permakultur-landwirtschaft.org\/wp-content\/uploads\/2021\/11\/pela_1268x1269.png","contentUrl":"https:\/\/permakultur-landwirtschaft.org\/wp-content\/uploads\/2021\/11\/pela_1268x1269.png","width":1298,"height":1269,"caption":"Permakultur-Landwirtschaft"},"image":{"@id":"https:\/\/permakultur-landwirtschaft.org\/#\/schema\/logo\/image\/"},"sameAs":["https:\/\/www.facebook.com\/PermakulturLandwirtschaft","https:\/\/www.instagram.com\/permakultur_landwirtschaft\/","https:\/\/www.flickr.com\/photos\/permakultur-landwirtschaft","https:\/\/www.youtube.com\/@PermakulturLandwirtschaft"]},{"@type":"Person","@id":"https:\/\/permakultur-landwirtschaft.org\/#\/schema\/person\/6b0467872f75aed3e144093f9bf4f0b0","name":"adrian reutimann","url":"https:\/\/permakultur-landwirtschaft.org\/fr\/author\/reutiadr\/"}]}},"_links":{"self":[{"href":"https:\/\/permakultur-landwirtschaft.org\/fr\/wp-json\/wp\/v2\/posts\/35164","targetHints":{"allow":["GET"]}}],"collection":[{"href":"https:\/\/permakultur-landwirtschaft.org\/fr\/wp-json\/wp\/v2\/posts"}],"about":[{"href":"https:\/\/permakultur-landwirtschaft.org\/fr\/wp-json\/wp\/v2\/types\/post"}],"author":[{"embeddable":true,"href":"https:\/\/permakultur-landwirtschaft.org\/fr\/wp-json\/wp\/v2\/users\/2"}],"replies":[{"embeddable":true,"href":"https:\/\/permakultur-landwirtschaft.org\/fr\/wp-json\/wp\/v2\/comments?post=35164"}],"version-history":[{"count":2,"href":"https:\/\/permakultur-landwirtschaft.org\/fr\/wp-json\/wp\/v2\/posts\/35164\/revisions"}],"predecessor-version":[{"id":35168,"href":"https:\/\/permakultur-landwirtschaft.org\/fr\/wp-json\/wp\/v2\/posts\/35164\/revisions\/35168"}],"wp:featuredmedia":[{"embeddable":true,"href":"https:\/\/permakultur-landwirtschaft.org\/fr\/wp-json\/wp\/v2\/media\/35166"}],"wp:attachment":[{"href":"https:\/\/permakultur-landwirtschaft.org\/fr\/wp-json\/wp\/v2\/media?parent=35164"}],"wp:term":[{"taxonomy":"category","embeddable":true,"href":"https:\/\/permakultur-landwirtschaft.org\/fr\/wp-json\/wp\/v2\/categories?post=35164"},{"taxonomy":"post_tag","embeddable":true,"href":"https:\/\/permakultur-landwirtschaft.org\/fr\/wp-json\/wp\/v2\/tags?post=35164"}],"curies":[{"name":"wp","href":"https:\/\/api.w.org\/{rel}","templated":true}]}}