{"id":35148,"date":"2024-08-20T16:22:44","date_gmt":"2024-08-20T14:22:44","guid":{"rendered":"https:\/\/permakultur-landwirtschaft.org\/?p=35148"},"modified":"2024-08-20T16:22:45","modified_gmt":"2024-08-20T14:22:45","slug":"wasserretention-im-kulturland-slow-water-anlass-am-04-september-2024","status":"publish","type":"post","link":"https:\/\/permakultur-landwirtschaft.org\/fr\/wasserretention-im-kulturland-slow-water-anlass-am-04-september-2024\/","title":{"rendered":"Wasserretention im Kulturland Slow water &#8211; Anlass am 04. September 2024"},"content":{"rendered":"<p>Text von agridea.abacuscity.ch:<\/p>\n\n\n\n<p>Wie halte ich das Wasser in den landwirtschaftlichen B\u00f6den?<\/p>\n\n\n\n<p>In den vergangenen Jahren machten sich die Auswirkungen des Klimawandels in der Landwirtschaft immer deutlicher bemerkbar. Trockenperioden und Starkniederschl\u00e4ge haben verdeutlicht, wie entscheidend das Wasser in den landwirtschaftlichen B\u00f6den ist. Dieser Kurs vertieft M\u00f6glichkeiten und Methoden zur Wasserretention, die auf landwirtschaftlichen Betrieben umgesetzt werden k\u00f6nnen. Die Teilnehmenden erhalten neben theoretischen Inputs einen praktischen Einblick in die Retentionsstrategie des NaturGut Katzhof.<br><br><strong>Die Teilnehmenden:<\/strong><br>&#8211; erfahren, wie man eine ganzheitliche Retentionsstrategie f\u00fcr den eigenen Betrieb entwickelt;<br>&#8211; lernen neue Methoden und Anwendungen kennen, um Wasser im Kulturland zu halten;<br>&#8211; informieren sich \u00fcber Projekte und M\u00f6glichkeiten zur F\u00f6rderung der Wasserretention in der Schweiz.<br><br><strong>Inhalte:<\/strong><br>&#8211; Kurze Projektvorstellung zum Thema Wasserspeicherung<br>&#8211; Retentionsstrategie eines Betriebes<br>&#8211; Methoden zur Wasserretention im Kulturland<br>&#8211; Raumplanerische Auflagen und Entsch\u00e4digungen<br><br><strong>Methoden, p\u00e4dagogische Hilfsmittel<\/strong><br>Vortr\u00e4ge, Diskussion, Exkursion<\/p>\n\n\n\n<p><a href=\"https:\/\/agridea.abacuscity.ch\/de\/A~4721\/1~10~Shop3\/Kurse-nach-Datum\/Wasserretention-im-Kulturland-Slow-wat-Sch%C3%B6tz-LU\" target=\"_blank\" rel=\"noreferrer noopener\">Mehr Infos zum Anlass<\/a><\/p>\n\n\n\n<p><a href=\"https:\/\/katzhof.ch\/\" target=\"_blank\" rel=\"noreferrer noopener\">Link zum Katzhof<\/a><\/p>\n\n\n\n<p><\/p>\n\n\n\n<p><\/p>\n\n\n\n<p><\/p>\n\n\n\n<p><\/p>\n\n\n\n<p><\/p>\n\n\n\n<p><\/p>","protected":false},"excerpt":{"rendered":"<p>Text von agridea.abacuscity.ch: Wie halte ich das Wasser in den landwirtschaftlichen B\u00f6den? In den vergangenen Jahren machten sich die Auswirkungen des Klimawandels in der Landwirtschaft immer deutlicher bemerkbar. Trockenperioden und Starkniederschl\u00e4ge haben verdeutlicht, wie entscheidend das Wasser in den landwirtschaftlichen B\u00f6den ist. Dieser Kurs vertieft M\u00f6glichkeiten und Methoden zur Wasserretention, die auf landwirtschaftlichen Betrieben umgesetzt [&hellip;]<\/p>\n","protected":false},"author":2,"featured_media":35149,"comment_status":"closed","ping_status":"closed","sticky":false,"template":"","format":"standard","meta":{"_acf_changed":false,"site-sidebar-layout":"default","site-content-layout":"","ast-site-content-layout":"default","site-content-style":"default","site-sidebar-style":"default","ast-global-header-display":"","ast-banner-title-visibility":"","ast-main-header-display":"","ast-hfb-above-header-display":"","ast-hfb-below-header-display":"","ast-hfb-mobile-header-display":"","site-post-title":"","ast-breadcrumbs-content":"","ast-featured-img":"","footer-sml-layout":"","ast-disable-related-posts":"","theme-transparent-header-meta":"","adv-header-id-meta":"","stick-header-meta":"","header-above-stick-meta":"","header-main-stick-meta":"","header-below-stick-meta":"","astra-migrate-meta-layouts":"set","ast-page-background-enabled":"default","ast-page-background-meta":{"desktop":{"background-color":"var(--ast-global-color-4)","background-image":"","background-repeat":"repeat","background-position":"center center","background-size":"auto","background-attachment":"scroll","background-type":"","background-media":"","overlay-type":"","overlay-color":"","overlay-opacity":"","overlay-gradient":""},"tablet":{"background-color":"","background-image":"","background-repeat":"repeat","background-position":"center center","background-size":"auto","background-attachment":"scroll","background-type":"","background-media":"","overlay-type":"","overlay-color":"","overlay-opacity":"","overlay-gradient":""},"mobile":{"background-color":"","background-image":"","background-repeat":"repeat","background-position":"center center","background-size":"auto","background-attachment":"scroll","background-type":"","background-media":"","overlay-type":"","overlay-color":"","overlay-opacity":"","overlay-gradient":""}},"ast-content-background-meta":{"desktop":{"background-color":"var(--ast-global-color-5)","background-image":"","background-repeat":"repeat","background-position":"center center","background-size":"auto","background-attachment":"scroll","background-type":"","background-media":"","overlay-type":"","overlay-color":"","overlay-opacity":"","overlay-gradient":""},"tablet":{"background-color":"var(--ast-global-color-5)","background-image":"","background-repeat":"repeat","background-position":"center center","background-size":"auto","background-attachment":"scroll","background-type":"","background-media":"","overlay-type":"","overlay-color":"","overlay-opacity":"","overlay-gradient":""},"mobile":{"background-color":"var(--ast-global-color-5)","background-image":"","background-repeat":"repeat","background-position":"center center","background-size":"auto","background-attachment":"scroll","background-type":"","background-media":"","overlay-type":"","overlay-color":"","overlay-opacity":"","overlay-gradient":""}},"footnotes":""},"categories":[14],"tags":[292,91,277,397],"class_list":["post-35148","post","type-post","status-publish","format-standard","has-post-thumbnail","hentry","category-veranstaltung","tag-agridea","tag-katzhof","tag-slow-water","tag-wasserretention"],"acf":[],"yoast_head":"<!-- This site is optimized with the Yoast SEO plugin v27.5 - https:\/\/yoast.com\/product\/yoast-seo-wordpress\/ -->\n<title>Wasserretention im Kulturland Slow water - Anlass am 04. September 2024 - Permakultur-Landwirtschaft<\/title>\n<meta name=\"description\" content=\"Dieser Kurs vertieft M\u00f6glichkeiten und Methoden zur Wasserretention, die auf landwirtschaftlichen Betrieben umgesetzt werden k\u00f6nnen\" \/>\n<meta name=\"robots\" content=\"index, follow, max-snippet:-1, max-image-preview:large, max-video-preview:-1\" \/>\n<link rel=\"canonical\" href=\"https:\/\/permakultur-landwirtschaft.org\/fr\/wasserretention-im-kulturland-slow-water-anlass-am-04-september-2024\/\" \/>\n<meta property=\"og:locale\" content=\"fr_FR\" \/>\n<meta property=\"og:type\" content=\"article\" \/>\n<meta property=\"og:title\" content=\"Wasserretention im Kulturland Slow water - Anlass am 04. September 2024 - Permakultur-Landwirtschaft\" \/>\n<meta property=\"og:description\" content=\"Dieser Kurs vertieft M\u00f6glichkeiten und Methoden zur Wasserretention, die auf landwirtschaftlichen Betrieben umgesetzt werden k\u00f6nnen\" \/>\n<meta property=\"og:url\" content=\"https:\/\/permakultur-landwirtschaft.org\/fr\/wasserretention-im-kulturland-slow-water-anlass-am-04-september-2024\/\" \/>\n<meta property=\"og:site_name\" content=\"Permakultur-Landwirtschaft\" \/>\n<meta property=\"article:publisher\" content=\"https:\/\/www.facebook.com\/PermakulturLandwirtschaft\" \/>\n<meta property=\"article:published_time\" content=\"2024-08-20T14:22:44+00:00\" \/>\n<meta property=\"article:modified_time\" content=\"2024-08-20T14:22:45+00:00\" \/>\n<meta property=\"og:image\" content=\"https:\/\/permakultur-landwirtschaft.org\/wp-content\/uploads\/2024\/08\/wasserretention_2024-08-20_15-57-44.jpg\" \/>\n\t<meta property=\"og:image:width\" content=\"700\" \/>\n\t<meta property=\"og:image:height\" content=\"379\" \/>\n\t<meta property=\"og:image:type\" content=\"image\/jpeg\" \/>\n<meta name=\"author\" content=\"adrian reutimann\" \/>\n<meta name=\"twitter:card\" content=\"summary_large_image\" \/>\n<meta name=\"twitter:label1\" content=\"\u00c9crit par\" \/>\n\t<meta name=\"twitter:data1\" content=\"adrian reutimann\" \/>\n\t<meta name=\"twitter:label2\" content=\"Dur\u00e9e de lecture estim\u00e9e\" \/>\n\t<meta name=\"twitter:data2\" content=\"1 minute\" \/>\n<script type=\"application\/ld+json\" class=\"yoast-schema-graph\">{\"@context\":\"https:\\\/\\\/schema.org\",\"@graph\":[{\"@type\":\"Article\",\"@id\":\"https:\\\/\\\/permakultur-landwirtschaft.org\\\/wasserretention-im-kulturland-slow-water-anlass-am-04-september-2024\\\/#article\",\"isPartOf\":{\"@id\":\"https:\\\/\\\/permakultur-landwirtschaft.org\\\/wasserretention-im-kulturland-slow-water-anlass-am-04-september-2024\\\/\"},\"author\":{\"name\":\"adrian reutimann\",\"@id\":\"https:\\\/\\\/permakultur-landwirtschaft.org\\\/#\\\/schema\\\/person\\\/6b0467872f75aed3e144093f9bf4f0b0\"},\"headline\":\"Wasserretention im Kulturland Slow water &#8211; Anlass am 04. September 2024\",\"datePublished\":\"2024-08-20T14:22:44+00:00\",\"dateModified\":\"2024-08-20T14:22:45+00:00\",\"mainEntityOfPage\":{\"@id\":\"https:\\\/\\\/permakultur-landwirtschaft.org\\\/wasserretention-im-kulturland-slow-water-anlass-am-04-september-2024\\\/\"},\"wordCount\":167,\"publisher\":{\"@id\":\"https:\\\/\\\/permakultur-landwirtschaft.org\\\/#organization\"},\"image\":{\"@id\":\"https:\\\/\\\/permakultur-landwirtschaft.org\\\/wasserretention-im-kulturland-slow-water-anlass-am-04-september-2024\\\/#primaryimage\"},\"thumbnailUrl\":\"https:\\\/\\\/permakultur-landwirtschaft.org\\\/wp-content\\\/uploads\\\/2024\\\/08\\\/wasserretention_2024-08-20_15-57-44.jpg\",\"keywords\":[\"Agridea\",\"Katzhof\",\"Slow Water\",\"Wasserretention\"],\"articleSection\":[\"Veranstaltung\"],\"inLanguage\":\"fr-FR\"},{\"@type\":\"WebPage\",\"@id\":\"https:\\\/\\\/permakultur-landwirtschaft.org\\\/wasserretention-im-kulturland-slow-water-anlass-am-04-september-2024\\\/\",\"url\":\"https:\\\/\\\/permakultur-landwirtschaft.org\\\/wasserretention-im-kulturland-slow-water-anlass-am-04-september-2024\\\/\",\"name\":\"Wasserretention im Kulturland Slow water - Anlass am 04. September 2024 - Permakultur-Landwirtschaft\",\"isPartOf\":{\"@id\":\"https:\\\/\\\/permakultur-landwirtschaft.org\\\/#website\"},\"primaryImageOfPage\":{\"@id\":\"https:\\\/\\\/permakultur-landwirtschaft.org\\\/wasserretention-im-kulturland-slow-water-anlass-am-04-september-2024\\\/#primaryimage\"},\"image\":{\"@id\":\"https:\\\/\\\/permakultur-landwirtschaft.org\\\/wasserretention-im-kulturland-slow-water-anlass-am-04-september-2024\\\/#primaryimage\"},\"thumbnailUrl\":\"https:\\\/\\\/permakultur-landwirtschaft.org\\\/wp-content\\\/uploads\\\/2024\\\/08\\\/wasserretention_2024-08-20_15-57-44.jpg\",\"datePublished\":\"2024-08-20T14:22:44+00:00\",\"dateModified\":\"2024-08-20T14:22:45+00:00\",\"description\":\"Dieser Kurs vertieft M\u00f6glichkeiten und Methoden zur Wasserretention, die auf landwirtschaftlichen Betrieben umgesetzt werden k\u00f6nnen\",\"breadcrumb\":{\"@id\":\"https:\\\/\\\/permakultur-landwirtschaft.org\\\/wasserretention-im-kulturland-slow-water-anlass-am-04-september-2024\\\/#breadcrumb\"},\"inLanguage\":\"fr-FR\",\"potentialAction\":[{\"@type\":\"ReadAction\",\"target\":[\"https:\\\/\\\/permakultur-landwirtschaft.org\\\/wasserretention-im-kulturland-slow-water-anlass-am-04-september-2024\\\/\"]}]},{\"@type\":\"ImageObject\",\"inLanguage\":\"fr-FR\",\"@id\":\"https:\\\/\\\/permakultur-landwirtschaft.org\\\/wasserretention-im-kulturland-slow-water-anlass-am-04-september-2024\\\/#primaryimage\",\"url\":\"https:\\\/\\\/permakultur-landwirtschaft.org\\\/wp-content\\\/uploads\\\/2024\\\/08\\\/wasserretention_2024-08-20_15-57-44.jpg\",\"contentUrl\":\"https:\\\/\\\/permakultur-landwirtschaft.org\\\/wp-content\\\/uploads\\\/2024\\\/08\\\/wasserretention_2024-08-20_15-57-44.jpg\",\"width\":700,\"height\":379,\"caption\":\"Bild: Eleonore de Lambertye\"},{\"@type\":\"BreadcrumbList\",\"@id\":\"https:\\\/\\\/permakultur-landwirtschaft.org\\\/wasserretention-im-kulturland-slow-water-anlass-am-04-september-2024\\\/#breadcrumb\",\"itemListElement\":[{\"@type\":\"ListItem\",\"position\":1,\"name\":\"Startseite\",\"item\":\"https:\\\/\\\/permakultur-landwirtschaft.org\\\/\"},{\"@type\":\"ListItem\",\"position\":2,\"name\":\"Wasserretention im Kulturland Slow water &#8211; Anlass am 04. September 2024\"}]},{\"@type\":\"WebSite\",\"@id\":\"https:\\\/\\\/permakultur-landwirtschaft.org\\\/#website\",\"url\":\"https:\\\/\\\/permakultur-landwirtschaft.org\\\/\",\"name\":\"Permakultur-Landwirtschaft\",\"description\":\"F\u00f6rderung der Permakultur in der Landwirtschaft\",\"publisher\":{\"@id\":\"https:\\\/\\\/permakultur-landwirtschaft.org\\\/#organization\"},\"potentialAction\":[{\"@type\":\"SearchAction\",\"target\":{\"@type\":\"EntryPoint\",\"urlTemplate\":\"https:\\\/\\\/permakultur-landwirtschaft.org\\\/?s={search_term_string}\"},\"query-input\":{\"@type\":\"PropertyValueSpecification\",\"valueRequired\":true,\"valueName\":\"search_term_string\"}}],\"inLanguage\":\"fr-FR\"},{\"@type\":\"Organization\",\"@id\":\"https:\\\/\\\/permakultur-landwirtschaft.org\\\/#organization\",\"name\":\"Permakultur-Landwirtschaft\",\"alternateName\":\"Verein Permakultur-Landwirtschaft\",\"url\":\"https:\\\/\\\/permakultur-landwirtschaft.org\\\/\",\"logo\":{\"@type\":\"ImageObject\",\"inLanguage\":\"fr-FR\",\"@id\":\"https:\\\/\\\/permakultur-landwirtschaft.org\\\/#\\\/schema\\\/logo\\\/image\\\/\",\"url\":\"https:\\\/\\\/permakultur-landwirtschaft.org\\\/wp-content\\\/uploads\\\/2021\\\/11\\\/pela_1268x1269.png\",\"contentUrl\":\"https:\\\/\\\/permakultur-landwirtschaft.org\\\/wp-content\\\/uploads\\\/2021\\\/11\\\/pela_1268x1269.png\",\"width\":1298,\"height\":1269,\"caption\":\"Permakultur-Landwirtschaft\"},\"image\":{\"@id\":\"https:\\\/\\\/permakultur-landwirtschaft.org\\\/#\\\/schema\\\/logo\\\/image\\\/\"},\"sameAs\":[\"https:\\\/\\\/www.facebook.com\\\/PermakulturLandwirtschaft\",\"https:\\\/\\\/www.instagram.com\\\/permakultur_landwirtschaft\\\/\",\"https:\\\/\\\/www.flickr.com\\\/photos\\\/permakultur-landwirtschaft\",\"https:\\\/\\\/www.youtube.com\\\/@PermakulturLandwirtschaft\"]},{\"@type\":\"Person\",\"@id\":\"https:\\\/\\\/permakultur-landwirtschaft.org\\\/#\\\/schema\\\/person\\\/6b0467872f75aed3e144093f9bf4f0b0\",\"name\":\"adrian reutimann\",\"url\":\"https:\\\/\\\/permakultur-landwirtschaft.org\\\/fr\\\/author\\\/reutiadr\\\/\"}]}<\/script>\n<!-- \/ Yoast SEO plugin. -->","yoast_head_json":{"title":"Wasserretention im Kulturland Slow water - Anlass am 04. September 2024 - Permakultur-Landwirtschaft","description":"Dieser Kurs vertieft M\u00f6glichkeiten und Methoden zur Wasserretention, die auf landwirtschaftlichen Betrieben umgesetzt werden k\u00f6nnen","robots":{"index":"index","follow":"follow","max-snippet":"max-snippet:-1","max-image-preview":"max-image-preview:large","max-video-preview":"max-video-preview:-1"},"canonical":"https:\/\/permakultur-landwirtschaft.org\/fr\/wasserretention-im-kulturland-slow-water-anlass-am-04-september-2024\/","og_locale":"fr_FR","og_type":"article","og_title":"Wasserretention im Kulturland Slow water - Anlass am 04. September 2024 - Permakultur-Landwirtschaft","og_description":"Dieser Kurs vertieft M\u00f6glichkeiten und Methoden zur Wasserretention, die auf landwirtschaftlichen Betrieben umgesetzt werden k\u00f6nnen","og_url":"https:\/\/permakultur-landwirtschaft.org\/fr\/wasserretention-im-kulturland-slow-water-anlass-am-04-september-2024\/","og_site_name":"Permakultur-Landwirtschaft","article_publisher":"https:\/\/www.facebook.com\/PermakulturLandwirtschaft","article_published_time":"2024-08-20T14:22:44+00:00","article_modified_time":"2024-08-20T14:22:45+00:00","og_image":[{"width":700,"height":379,"url":"https:\/\/permakultur-landwirtschaft.org\/wp-content\/uploads\/2024\/08\/wasserretention_2024-08-20_15-57-44.jpg","type":"image\/jpeg"}],"author":"adrian reutimann","twitter_card":"summary_large_image","twitter_misc":{"\u00c9crit par":"adrian reutimann","Dur\u00e9e de lecture estim\u00e9e":"1 minute"},"schema":{"@context":"https:\/\/schema.org","@graph":[{"@type":"Article","@id":"https:\/\/permakultur-landwirtschaft.org\/wasserretention-im-kulturland-slow-water-anlass-am-04-september-2024\/#article","isPartOf":{"@id":"https:\/\/permakultur-landwirtschaft.org\/wasserretention-im-kulturland-slow-water-anlass-am-04-september-2024\/"},"author":{"name":"adrian reutimann","@id":"https:\/\/permakultur-landwirtschaft.org\/#\/schema\/person\/6b0467872f75aed3e144093f9bf4f0b0"},"headline":"Wasserretention im Kulturland Slow water &#8211; Anlass am 04. September 2024","datePublished":"2024-08-20T14:22:44+00:00","dateModified":"2024-08-20T14:22:45+00:00","mainEntityOfPage":{"@id":"https:\/\/permakultur-landwirtschaft.org\/wasserretention-im-kulturland-slow-water-anlass-am-04-september-2024\/"},"wordCount":167,"publisher":{"@id":"https:\/\/permakultur-landwirtschaft.org\/#organization"},"image":{"@id":"https:\/\/permakultur-landwirtschaft.org\/wasserretention-im-kulturland-slow-water-anlass-am-04-september-2024\/#primaryimage"},"thumbnailUrl":"https:\/\/permakultur-landwirtschaft.org\/wp-content\/uploads\/2024\/08\/wasserretention_2024-08-20_15-57-44.jpg","keywords":["Agridea","Katzhof","Slow Water","Wasserretention"],"articleSection":["Veranstaltung"],"inLanguage":"fr-FR"},{"@type":"WebPage","@id":"https:\/\/permakultur-landwirtschaft.org\/wasserretention-im-kulturland-slow-water-anlass-am-04-september-2024\/","url":"https:\/\/permakultur-landwirtschaft.org\/wasserretention-im-kulturland-slow-water-anlass-am-04-september-2024\/","name":"Wasserretention im Kulturland Slow water - Anlass am 04. September 2024 - Permakultur-Landwirtschaft","isPartOf":{"@id":"https:\/\/permakultur-landwirtschaft.org\/#website"},"primaryImageOfPage":{"@id":"https:\/\/permakultur-landwirtschaft.org\/wasserretention-im-kulturland-slow-water-anlass-am-04-september-2024\/#primaryimage"},"image":{"@id":"https:\/\/permakultur-landwirtschaft.org\/wasserretention-im-kulturland-slow-water-anlass-am-04-september-2024\/#primaryimage"},"thumbnailUrl":"https:\/\/permakultur-landwirtschaft.org\/wp-content\/uploads\/2024\/08\/wasserretention_2024-08-20_15-57-44.jpg","datePublished":"2024-08-20T14:22:44+00:00","dateModified":"2024-08-20T14:22:45+00:00","description":"Dieser Kurs vertieft M\u00f6glichkeiten und Methoden zur Wasserretention, die auf landwirtschaftlichen Betrieben umgesetzt werden k\u00f6nnen","breadcrumb":{"@id":"https:\/\/permakultur-landwirtschaft.org\/wasserretention-im-kulturland-slow-water-anlass-am-04-september-2024\/#breadcrumb"},"inLanguage":"fr-FR","potentialAction":[{"@type":"ReadAction","target":["https:\/\/permakultur-landwirtschaft.org\/wasserretention-im-kulturland-slow-water-anlass-am-04-september-2024\/"]}]},{"@type":"ImageObject","inLanguage":"fr-FR","@id":"https:\/\/permakultur-landwirtschaft.org\/wasserretention-im-kulturland-slow-water-anlass-am-04-september-2024\/#primaryimage","url":"https:\/\/permakultur-landwirtschaft.org\/wp-content\/uploads\/2024\/08\/wasserretention_2024-08-20_15-57-44.jpg","contentUrl":"https:\/\/permakultur-landwirtschaft.org\/wp-content\/uploads\/2024\/08\/wasserretention_2024-08-20_15-57-44.jpg","width":700,"height":379,"caption":"Bild: Eleonore de Lambertye"},{"@type":"BreadcrumbList","@id":"https:\/\/permakultur-landwirtschaft.org\/wasserretention-im-kulturland-slow-water-anlass-am-04-september-2024\/#breadcrumb","itemListElement":[{"@type":"ListItem","position":1,"name":"Startseite","item":"https:\/\/permakultur-landwirtschaft.org\/"},{"@type":"ListItem","position":2,"name":"Wasserretention im Kulturland Slow water &#8211; Anlass am 04. September 2024"}]},{"@type":"WebSite","@id":"https:\/\/permakultur-landwirtschaft.org\/#website","url":"https:\/\/permakultur-landwirtschaft.org\/","name":"Permakultur-Landwirtschaft","description":"F\u00f6rderung der Permakultur in der Landwirtschaft","publisher":{"@id":"https:\/\/permakultur-landwirtschaft.org\/#organization"},"potentialAction":[{"@type":"SearchAction","target":{"@type":"EntryPoint","urlTemplate":"https:\/\/permakultur-landwirtschaft.org\/?s={search_term_string}"},"query-input":{"@type":"PropertyValueSpecification","valueRequired":true,"valueName":"search_term_string"}}],"inLanguage":"fr-FR"},{"@type":"Organization","@id":"https:\/\/permakultur-landwirtschaft.org\/#organization","name":"Permakultur-Landwirtschaft","alternateName":"Verein Permakultur-Landwirtschaft","url":"https:\/\/permakultur-landwirtschaft.org\/","logo":{"@type":"ImageObject","inLanguage":"fr-FR","@id":"https:\/\/permakultur-landwirtschaft.org\/#\/schema\/logo\/image\/","url":"https:\/\/permakultur-landwirtschaft.org\/wp-content\/uploads\/2021\/11\/pela_1268x1269.png","contentUrl":"https:\/\/permakultur-landwirtschaft.org\/wp-content\/uploads\/2021\/11\/pela_1268x1269.png","width":1298,"height":1269,"caption":"Permakultur-Landwirtschaft"},"image":{"@id":"https:\/\/permakultur-landwirtschaft.org\/#\/schema\/logo\/image\/"},"sameAs":["https:\/\/www.facebook.com\/PermakulturLandwirtschaft","https:\/\/www.instagram.com\/permakultur_landwirtschaft\/","https:\/\/www.flickr.com\/photos\/permakultur-landwirtschaft","https:\/\/www.youtube.com\/@PermakulturLandwirtschaft"]},{"@type":"Person","@id":"https:\/\/permakultur-landwirtschaft.org\/#\/schema\/person\/6b0467872f75aed3e144093f9bf4f0b0","name":"adrian reutimann","url":"https:\/\/permakultur-landwirtschaft.org\/fr\/author\/reutiadr\/"}]}},"_links":{"self":[{"href":"https:\/\/permakultur-landwirtschaft.org\/fr\/wp-json\/wp\/v2\/posts\/35148","targetHints":{"allow":["GET"]}}],"collection":[{"href":"https:\/\/permakultur-landwirtschaft.org\/fr\/wp-json\/wp\/v2\/posts"}],"about":[{"href":"https:\/\/permakultur-landwirtschaft.org\/fr\/wp-json\/wp\/v2\/types\/post"}],"author":[{"embeddable":true,"href":"https:\/\/permakultur-landwirtschaft.org\/fr\/wp-json\/wp\/v2\/users\/2"}],"replies":[{"embeddable":true,"href":"https:\/\/permakultur-landwirtschaft.org\/fr\/wp-json\/wp\/v2\/comments?post=35148"}],"version-history":[{"count":1,"href":"https:\/\/permakultur-landwirtschaft.org\/fr\/wp-json\/wp\/v2\/posts\/35148\/revisions"}],"predecessor-version":[{"id":35150,"href":"https:\/\/permakultur-landwirtschaft.org\/fr\/wp-json\/wp\/v2\/posts\/35148\/revisions\/35150"}],"wp:featuredmedia":[{"embeddable":true,"href":"https:\/\/permakultur-landwirtschaft.org\/fr\/wp-json\/wp\/v2\/media\/35149"}],"wp:attachment":[{"href":"https:\/\/permakultur-landwirtschaft.org\/fr\/wp-json\/wp\/v2\/media?parent=35148"}],"wp:term":[{"taxonomy":"category","embeddable":true,"href":"https:\/\/permakultur-landwirtschaft.org\/fr\/wp-json\/wp\/v2\/categories?post=35148"},{"taxonomy":"post_tag","embeddable":true,"href":"https:\/\/permakultur-landwirtschaft.org\/fr\/wp-json\/wp\/v2\/tags?post=35148"}],"curies":[{"name":"wp","href":"https:\/\/api.w.org\/{rel}","templated":true}]}}