{"id":35142,"date":"2023-12-23T16:04:00","date_gmt":"2023-12-23T15:04:00","guid":{"rendered":"https:\/\/permakultur-landwirtschaft.org\/?p=35142"},"modified":"2024-08-20T16:15:33","modified_gmt":"2024-08-20T14:15:33","slug":"nahrungswaelder-und-waldgaerten-die-zukunft-der-landwirtschaft-vortrag-von-sebastian-gauly-vom-23-dezember-2023","status":"publish","type":"post","link":"https:\/\/permakultur-landwirtschaft.org\/fr\/nahrungswaelder-und-waldgaerten-die-zukunft-der-landwirtschaft-vortrag-von-sebastian-gauly-vom-23-dezember-2023\/","title":{"rendered":"Nahrungsw\u00e4lder und Waldg\u00e4rten &#8211; Die Zukunft der Landwirtschaft? Vortrag von Sebastian Gauly vom 23. Dezember 2023"},"content":{"rendered":"<p>Text von www.youtube.com:<\/p>\n\n\n\n<p>Agroforst-Systeme geh\u00f6ren zu den \u00e4ltesten landwirtschaftlichen Produktionsformen der Menschheit. Noch heute k\u00f6nnen wir die Jahrtausende alten, traditionellen Anbaupraktiken von Urv\u00f6lkern beobachten, die sich von den modernen Waldg\u00e4rten von heute kaum unterscheiden. Sebastian Gauly hat sich bereits w\u00e4hrend seines Studiums und auch jetzt im Rahmen seiner T\u00e4tigkeit an der Justus Liebig Universit\u00e4t Giessen genau damit besch\u00e4ftigt. Sebastian hat f\u00fcr seine Masterarbeit 30 Waldg\u00e4rten und Nahrungsw\u00e4lder in ganz Europa besucht und seine Erfahrungen in einem Online-Vortrag 2023 mit uns geteilt. Er gibt einen umfassenden \u00dcberblick \u00fcber verschiedene Agroforst-Systeme, beschreibt die zwei grunds\u00e4tzlichen traditionellen Anbaupraktiken und ihre Merkmale und erkl\u00e4rt, warum diese Form der Lebensmittelproduktion aus seiner Sicht noch viel breiter genutzt werden sollte.<\/p>\n\n\n\n<figure class=\"wp-block-embed is-type-video is-provider-youtube wp-block-embed-youtube wp-embed-aspect-16-9 wp-has-aspect-ratio\"><div class=\"wp-block-embed__wrapper\">\n<iframe title=\"Nahrungsw\u00e4lder und Waldg\u00e4rten - Die Zukunft der Landwirtschaft? | Sebastian Gauly | Vortrag 2023\" width=\"500\" height=\"281\" src=\"https:\/\/www.youtube.com\/embed\/M0Clo5EVaxM?feature=oembed\" frameborder=\"0\" allow=\"accelerometer; autoplay; clipboard-write; encrypted-media; gyroscope; picture-in-picture; web-share\" referrerpolicy=\"strict-origin-when-cross-origin\" allowfullscreen><\/iframe>\n<\/div><\/figure>\n\n\n\n<p><a href=\"https:\/\/youtu.be\/M0Clo5EVaxM\" target=\"_blank\" rel=\"noreferrer noopener\">Link zum Vortrag<\/a><\/p>\n\n\n\n<p><a href=\"https:\/\/zenodo.org\/records\/10076510\" target=\"_blank\" rel=\"noreferrer noopener\">Link zur Masterarbeit von Sebastian Gauly: The contribution of food forests towards a sustainable food system: Current state and potential in Europe<\/a><\/p>","protected":false},"excerpt":{"rendered":"<p>Text von www.youtube.com: Agroforst-Systeme geh\u00f6ren zu den \u00e4ltesten landwirtschaftlichen Produktionsformen der Menschheit. Noch heute k\u00f6nnen wir die Jahrtausende alten, traditionellen Anbaupraktiken von Urv\u00f6lkern beobachten, die sich von den modernen Waldg\u00e4rten von heute kaum unterscheiden. Sebastian Gauly hat sich bereits w\u00e4hrend seines Studiums und auch jetzt im Rahmen seiner T\u00e4tigkeit an der Justus Liebig Universit\u00e4t Giessen [&hellip;]<\/p>\n","protected":false},"author":2,"featured_media":35143,"comment_status":"closed","ping_status":"closed","sticky":false,"template":"","format":"standard","meta":{"_acf_changed":false,"site-sidebar-layout":"default","site-content-layout":"","ast-site-content-layout":"default","site-content-style":"default","site-sidebar-style":"default","ast-global-header-display":"","ast-banner-title-visibility":"","ast-main-header-display":"","ast-hfb-above-header-display":"","ast-hfb-below-header-display":"","ast-hfb-mobile-header-display":"","site-post-title":"","ast-breadcrumbs-content":"","ast-featured-img":"","footer-sml-layout":"","ast-disable-related-posts":"","theme-transparent-header-meta":"","adv-header-id-meta":"","stick-header-meta":"","header-above-stick-meta":"","header-main-stick-meta":"","header-below-stick-meta":"","astra-migrate-meta-layouts":"set","ast-page-background-enabled":"default","ast-page-background-meta":{"desktop":{"background-color":"var(--ast-global-color-4)","background-image":"","background-repeat":"repeat","background-position":"center center","background-size":"auto","background-attachment":"scroll","background-type":"","background-media":"","overlay-type":"","overlay-color":"","overlay-opacity":"","overlay-gradient":""},"tablet":{"background-color":"","background-image":"","background-repeat":"repeat","background-position":"center center","background-size":"auto","background-attachment":"scroll","background-type":"","background-media":"","overlay-type":"","overlay-color":"","overlay-opacity":"","overlay-gradient":""},"mobile":{"background-color":"","background-image":"","background-repeat":"repeat","background-position":"center center","background-size":"auto","background-attachment":"scroll","background-type":"","background-media":"","overlay-type":"","overlay-color":"","overlay-opacity":"","overlay-gradient":""}},"ast-content-background-meta":{"desktop":{"background-color":"var(--ast-global-color-5)","background-image":"","background-repeat":"repeat","background-position":"center center","background-size":"auto","background-attachment":"scroll","background-type":"","background-media":"","overlay-type":"","overlay-color":"","overlay-opacity":"","overlay-gradient":""},"tablet":{"background-color":"var(--ast-global-color-5)","background-image":"","background-repeat":"repeat","background-position":"center center","background-size":"auto","background-attachment":"scroll","background-type":"","background-media":"","overlay-type":"","overlay-color":"","overlay-opacity":"","overlay-gradient":""},"mobile":{"background-color":"var(--ast-global-color-5)","background-image":"","background-repeat":"repeat","background-position":"center center","background-size":"auto","background-attachment":"scroll","background-type":"","background-media":"","overlay-type":"","overlay-color":"","overlay-opacity":"","overlay-gradient":""}},"footnotes":""},"categories":[45],"tags":[31,393,396,395],"class_list":["post-35142","post","type-post","status-publish","format-standard","has-post-thumbnail","hentry","category-filme","tag-agroforst","tag-nahrungswaelder","tag-sebastian-gauly","tag-waldgaerten"],"acf":[],"yoast_head":"<!-- This site is optimized with the Yoast SEO plugin v27.5 - https:\/\/yoast.com\/product\/yoast-seo-wordpress\/ -->\n<title>Nahrungsw\u00e4lder und Waldg\u00e4rten - Die Zukunft der Landwirtschaft? Vortrag von Sebastian Gauly vom 23. Dezember 2023 - Permakultur-Landwirtschaft<\/title>\n<meta name=\"description\" content=\"Text von www.youtube.com:Agroforst-Systeme geh\u00f6ren zu den \u00e4ltesten landwirtschaftlichen Produktionsformen der Menschheit\" \/>\n<meta name=\"robots\" content=\"index, follow, max-snippet:-1, max-image-preview:large, max-video-preview:-1\" \/>\n<link rel=\"canonical\" href=\"https:\/\/permakultur-landwirtschaft.org\/fr\/nahrungswaelder-und-waldgaerten-die-zukunft-der-landwirtschaft-vortrag-von-sebastian-gauly-vom-23-dezember-2023\/\" \/>\n<meta property=\"og:locale\" content=\"fr_FR\" \/>\n<meta property=\"og:type\" content=\"article\" \/>\n<meta property=\"og:title\" content=\"Nahrungsw\u00e4lder und Waldg\u00e4rten - Die Zukunft der Landwirtschaft? Vortrag von Sebastian Gauly vom 23. Dezember 2023 - Permakultur-Landwirtschaft\" \/>\n<meta property=\"og:description\" content=\"Text von www.youtube.com:Agroforst-Systeme geh\u00f6ren zu den \u00e4ltesten landwirtschaftlichen Produktionsformen der Menschheit\" \/>\n<meta property=\"og:url\" content=\"https:\/\/permakultur-landwirtschaft.org\/fr\/nahrungswaelder-und-waldgaerten-die-zukunft-der-landwirtschaft-vortrag-von-sebastian-gauly-vom-23-dezember-2023\/\" \/>\n<meta property=\"og:site_name\" content=\"Permakultur-Landwirtschaft\" \/>\n<meta property=\"article:publisher\" content=\"https:\/\/www.facebook.com\/PermakulturLandwirtschaft\" \/>\n<meta property=\"article:published_time\" content=\"2023-12-23T15:04:00+00:00\" \/>\n<meta property=\"article:modified_time\" content=\"2024-08-20T14:15:33+00:00\" \/>\n<meta property=\"og:image\" content=\"https:\/\/permakultur-landwirtschaft.org\/wp-content\/uploads\/2024\/08\/nahrungswaelder_gauly_2024-08-20_16-03-18.jpg\" \/>\n\t<meta property=\"og:image:width\" content=\"699\" \/>\n\t<meta property=\"og:image:height\" content=\"351\" \/>\n\t<meta property=\"og:image:type\" content=\"image\/jpeg\" \/>\n<meta name=\"author\" content=\"adrian reutimann\" \/>\n<meta name=\"twitter:card\" content=\"summary_large_image\" \/>\n<meta name=\"twitter:label1\" content=\"\u00c9crit par\" \/>\n\t<meta name=\"twitter:data1\" content=\"adrian reutimann\" \/>\n\t<meta name=\"twitter:label2\" content=\"Dur\u00e9e de lecture estim\u00e9e\" \/>\n\t<meta name=\"twitter:data2\" content=\"1 minute\" \/>\n<script type=\"application\/ld+json\" class=\"yoast-schema-graph\">{\"@context\":\"https:\\\/\\\/schema.org\",\"@graph\":[{\"@type\":\"Article\",\"@id\":\"https:\\\/\\\/permakultur-landwirtschaft.org\\\/nahrungswaelder-und-waldgaerten-die-zukunft-der-landwirtschaft-vortrag-von-sebastian-gauly-vom-23-dezember-2023\\\/#article\",\"isPartOf\":{\"@id\":\"https:\\\/\\\/permakultur-landwirtschaft.org\\\/nahrungswaelder-und-waldgaerten-die-zukunft-der-landwirtschaft-vortrag-von-sebastian-gauly-vom-23-dezember-2023\\\/\"},\"author\":{\"name\":\"adrian reutimann\",\"@id\":\"https:\\\/\\\/permakultur-landwirtschaft.org\\\/#\\\/schema\\\/person\\\/6b0467872f75aed3e144093f9bf4f0b0\"},\"headline\":\"Nahrungsw\u00e4lder und Waldg\u00e4rten &#8211; Die Zukunft der Landwirtschaft? Vortrag von Sebastian Gauly vom 23. Dezember 2023\",\"datePublished\":\"2023-12-23T15:04:00+00:00\",\"dateModified\":\"2024-08-20T14:15:33+00:00\",\"mainEntityOfPage\":{\"@id\":\"https:\\\/\\\/permakultur-landwirtschaft.org\\\/nahrungswaelder-und-waldgaerten-die-zukunft-der-landwirtschaft-vortrag-von-sebastian-gauly-vom-23-dezember-2023\\\/\"},\"wordCount\":174,\"publisher\":{\"@id\":\"https:\\\/\\\/permakultur-landwirtschaft.org\\\/#organization\"},\"image\":{\"@id\":\"https:\\\/\\\/permakultur-landwirtschaft.org\\\/nahrungswaelder-und-waldgaerten-die-zukunft-der-landwirtschaft-vortrag-von-sebastian-gauly-vom-23-dezember-2023\\\/#primaryimage\"},\"thumbnailUrl\":\"https:\\\/\\\/permakultur-landwirtschaft.org\\\/wp-content\\\/uploads\\\/2024\\\/08\\\/nahrungswaelder_gauly_2024-08-20_16-03-18.jpg\",\"keywords\":[\"Agroforst\",\"Nahrungsw\u00e4lder\",\"Sebastian Gauly\",\"Waldg\u00e4rten\"],\"articleSection\":[\"Film\"],\"inLanguage\":\"fr-FR\"},{\"@type\":\"WebPage\",\"@id\":\"https:\\\/\\\/permakultur-landwirtschaft.org\\\/nahrungswaelder-und-waldgaerten-die-zukunft-der-landwirtschaft-vortrag-von-sebastian-gauly-vom-23-dezember-2023\\\/\",\"url\":\"https:\\\/\\\/permakultur-landwirtschaft.org\\\/nahrungswaelder-und-waldgaerten-die-zukunft-der-landwirtschaft-vortrag-von-sebastian-gauly-vom-23-dezember-2023\\\/\",\"name\":\"Nahrungsw\u00e4lder und Waldg\u00e4rten - Die Zukunft der Landwirtschaft? Vortrag von Sebastian Gauly vom 23. Dezember 2023 - Permakultur-Landwirtschaft\",\"isPartOf\":{\"@id\":\"https:\\\/\\\/permakultur-landwirtschaft.org\\\/#website\"},\"primaryImageOfPage\":{\"@id\":\"https:\\\/\\\/permakultur-landwirtschaft.org\\\/nahrungswaelder-und-waldgaerten-die-zukunft-der-landwirtschaft-vortrag-von-sebastian-gauly-vom-23-dezember-2023\\\/#primaryimage\"},\"image\":{\"@id\":\"https:\\\/\\\/permakultur-landwirtschaft.org\\\/nahrungswaelder-und-waldgaerten-die-zukunft-der-landwirtschaft-vortrag-von-sebastian-gauly-vom-23-dezember-2023\\\/#primaryimage\"},\"thumbnailUrl\":\"https:\\\/\\\/permakultur-landwirtschaft.org\\\/wp-content\\\/uploads\\\/2024\\\/08\\\/nahrungswaelder_gauly_2024-08-20_16-03-18.jpg\",\"datePublished\":\"2023-12-23T15:04:00+00:00\",\"dateModified\":\"2024-08-20T14:15:33+00:00\",\"description\":\"Text von www.youtube.com:Agroforst-Systeme geh\u00f6ren zu den \u00e4ltesten landwirtschaftlichen Produktionsformen der Menschheit\",\"breadcrumb\":{\"@id\":\"https:\\\/\\\/permakultur-landwirtschaft.org\\\/nahrungswaelder-und-waldgaerten-die-zukunft-der-landwirtschaft-vortrag-von-sebastian-gauly-vom-23-dezember-2023\\\/#breadcrumb\"},\"inLanguage\":\"fr-FR\",\"potentialAction\":[{\"@type\":\"ReadAction\",\"target\":[\"https:\\\/\\\/permakultur-landwirtschaft.org\\\/nahrungswaelder-und-waldgaerten-die-zukunft-der-landwirtschaft-vortrag-von-sebastian-gauly-vom-23-dezember-2023\\\/\"]}]},{\"@type\":\"ImageObject\",\"inLanguage\":\"fr-FR\",\"@id\":\"https:\\\/\\\/permakultur-landwirtschaft.org\\\/nahrungswaelder-und-waldgaerten-die-zukunft-der-landwirtschaft-vortrag-von-sebastian-gauly-vom-23-dezember-2023\\\/#primaryimage\",\"url\":\"https:\\\/\\\/permakultur-landwirtschaft.org\\\/wp-content\\\/uploads\\\/2024\\\/08\\\/nahrungswaelder_gauly_2024-08-20_16-03-18.jpg\",\"contentUrl\":\"https:\\\/\\\/permakultur-landwirtschaft.org\\\/wp-content\\\/uploads\\\/2024\\\/08\\\/nahrungswaelder_gauly_2024-08-20_16-03-18.jpg\",\"width\":699,\"height\":351,\"caption\":\"Bild: youtube.com\"},{\"@type\":\"BreadcrumbList\",\"@id\":\"https:\\\/\\\/permakultur-landwirtschaft.org\\\/nahrungswaelder-und-waldgaerten-die-zukunft-der-landwirtschaft-vortrag-von-sebastian-gauly-vom-23-dezember-2023\\\/#breadcrumb\",\"itemListElement\":[{\"@type\":\"ListItem\",\"position\":1,\"name\":\"Startseite\",\"item\":\"https:\\\/\\\/permakultur-landwirtschaft.org\\\/\"},{\"@type\":\"ListItem\",\"position\":2,\"name\":\"Nahrungsw\u00e4lder und Waldg\u00e4rten &#8211; Die Zukunft der Landwirtschaft? Vortrag von Sebastian Gauly vom 23. Dezember 2023\"}]},{\"@type\":\"WebSite\",\"@id\":\"https:\\\/\\\/permakultur-landwirtschaft.org\\\/#website\",\"url\":\"https:\\\/\\\/permakultur-landwirtschaft.org\\\/\",\"name\":\"Permakultur-Landwirtschaft\",\"description\":\"F\u00f6rderung der Permakultur in der Landwirtschaft\",\"publisher\":{\"@id\":\"https:\\\/\\\/permakultur-landwirtschaft.org\\\/#organization\"},\"potentialAction\":[{\"@type\":\"SearchAction\",\"target\":{\"@type\":\"EntryPoint\",\"urlTemplate\":\"https:\\\/\\\/permakultur-landwirtschaft.org\\\/?s={search_term_string}\"},\"query-input\":{\"@type\":\"PropertyValueSpecification\",\"valueRequired\":true,\"valueName\":\"search_term_string\"}}],\"inLanguage\":\"fr-FR\"},{\"@type\":\"Organization\",\"@id\":\"https:\\\/\\\/permakultur-landwirtschaft.org\\\/#organization\",\"name\":\"Permakultur-Landwirtschaft\",\"alternateName\":\"Verein Permakultur-Landwirtschaft\",\"url\":\"https:\\\/\\\/permakultur-landwirtschaft.org\\\/\",\"logo\":{\"@type\":\"ImageObject\",\"inLanguage\":\"fr-FR\",\"@id\":\"https:\\\/\\\/permakultur-landwirtschaft.org\\\/#\\\/schema\\\/logo\\\/image\\\/\",\"url\":\"https:\\\/\\\/permakultur-landwirtschaft.org\\\/wp-content\\\/uploads\\\/2021\\\/11\\\/pela_1268x1269.png\",\"contentUrl\":\"https:\\\/\\\/permakultur-landwirtschaft.org\\\/wp-content\\\/uploads\\\/2021\\\/11\\\/pela_1268x1269.png\",\"width\":1298,\"height\":1269,\"caption\":\"Permakultur-Landwirtschaft\"},\"image\":{\"@id\":\"https:\\\/\\\/permakultur-landwirtschaft.org\\\/#\\\/schema\\\/logo\\\/image\\\/\"},\"sameAs\":[\"https:\\\/\\\/www.facebook.com\\\/PermakulturLandwirtschaft\",\"https:\\\/\\\/www.instagram.com\\\/permakultur_landwirtschaft\\\/\",\"https:\\\/\\\/www.flickr.com\\\/photos\\\/permakultur-landwirtschaft\",\"https:\\\/\\\/www.youtube.com\\\/@PermakulturLandwirtschaft\"]},{\"@type\":\"Person\",\"@id\":\"https:\\\/\\\/permakultur-landwirtschaft.org\\\/#\\\/schema\\\/person\\\/6b0467872f75aed3e144093f9bf4f0b0\",\"name\":\"adrian reutimann\",\"url\":\"https:\\\/\\\/permakultur-landwirtschaft.org\\\/fr\\\/author\\\/reutiadr\\\/\"}]}<\/script>\n<!-- \/ Yoast SEO plugin. -->","yoast_head_json":{"title":"Nahrungsw\u00e4lder und Waldg\u00e4rten - Die Zukunft der Landwirtschaft? Vortrag von Sebastian Gauly vom 23. Dezember 2023 - Permakultur-Landwirtschaft","description":"Text von www.youtube.com:Agroforst-Systeme geh\u00f6ren zu den \u00e4ltesten landwirtschaftlichen Produktionsformen der Menschheit","robots":{"index":"index","follow":"follow","max-snippet":"max-snippet:-1","max-image-preview":"max-image-preview:large","max-video-preview":"max-video-preview:-1"},"canonical":"https:\/\/permakultur-landwirtschaft.org\/fr\/nahrungswaelder-und-waldgaerten-die-zukunft-der-landwirtschaft-vortrag-von-sebastian-gauly-vom-23-dezember-2023\/","og_locale":"fr_FR","og_type":"article","og_title":"Nahrungsw\u00e4lder und Waldg\u00e4rten - Die Zukunft der Landwirtschaft? Vortrag von Sebastian Gauly vom 23. Dezember 2023 - Permakultur-Landwirtschaft","og_description":"Text von www.youtube.com:Agroforst-Systeme geh\u00f6ren zu den \u00e4ltesten landwirtschaftlichen Produktionsformen der Menschheit","og_url":"https:\/\/permakultur-landwirtschaft.org\/fr\/nahrungswaelder-und-waldgaerten-die-zukunft-der-landwirtschaft-vortrag-von-sebastian-gauly-vom-23-dezember-2023\/","og_site_name":"Permakultur-Landwirtschaft","article_publisher":"https:\/\/www.facebook.com\/PermakulturLandwirtschaft","article_published_time":"2023-12-23T15:04:00+00:00","article_modified_time":"2024-08-20T14:15:33+00:00","og_image":[{"width":699,"height":351,"url":"https:\/\/permakultur-landwirtschaft.org\/wp-content\/uploads\/2024\/08\/nahrungswaelder_gauly_2024-08-20_16-03-18.jpg","type":"image\/jpeg"}],"author":"adrian reutimann","twitter_card":"summary_large_image","twitter_misc":{"\u00c9crit par":"adrian reutimann","Dur\u00e9e de lecture estim\u00e9e":"1 minute"},"schema":{"@context":"https:\/\/schema.org","@graph":[{"@type":"Article","@id":"https:\/\/permakultur-landwirtschaft.org\/nahrungswaelder-und-waldgaerten-die-zukunft-der-landwirtschaft-vortrag-von-sebastian-gauly-vom-23-dezember-2023\/#article","isPartOf":{"@id":"https:\/\/permakultur-landwirtschaft.org\/nahrungswaelder-und-waldgaerten-die-zukunft-der-landwirtschaft-vortrag-von-sebastian-gauly-vom-23-dezember-2023\/"},"author":{"name":"adrian reutimann","@id":"https:\/\/permakultur-landwirtschaft.org\/#\/schema\/person\/6b0467872f75aed3e144093f9bf4f0b0"},"headline":"Nahrungsw\u00e4lder und Waldg\u00e4rten &#8211; Die Zukunft der Landwirtschaft? Vortrag von Sebastian Gauly vom 23. Dezember 2023","datePublished":"2023-12-23T15:04:00+00:00","dateModified":"2024-08-20T14:15:33+00:00","mainEntityOfPage":{"@id":"https:\/\/permakultur-landwirtschaft.org\/nahrungswaelder-und-waldgaerten-die-zukunft-der-landwirtschaft-vortrag-von-sebastian-gauly-vom-23-dezember-2023\/"},"wordCount":174,"publisher":{"@id":"https:\/\/permakultur-landwirtschaft.org\/#organization"},"image":{"@id":"https:\/\/permakultur-landwirtschaft.org\/nahrungswaelder-und-waldgaerten-die-zukunft-der-landwirtschaft-vortrag-von-sebastian-gauly-vom-23-dezember-2023\/#primaryimage"},"thumbnailUrl":"https:\/\/permakultur-landwirtschaft.org\/wp-content\/uploads\/2024\/08\/nahrungswaelder_gauly_2024-08-20_16-03-18.jpg","keywords":["Agroforst","Nahrungsw\u00e4lder","Sebastian Gauly","Waldg\u00e4rten"],"articleSection":["Film"],"inLanguage":"fr-FR"},{"@type":"WebPage","@id":"https:\/\/permakultur-landwirtschaft.org\/nahrungswaelder-und-waldgaerten-die-zukunft-der-landwirtschaft-vortrag-von-sebastian-gauly-vom-23-dezember-2023\/","url":"https:\/\/permakultur-landwirtschaft.org\/nahrungswaelder-und-waldgaerten-die-zukunft-der-landwirtschaft-vortrag-von-sebastian-gauly-vom-23-dezember-2023\/","name":"Nahrungsw\u00e4lder und Waldg\u00e4rten - Die Zukunft der Landwirtschaft? Vortrag von Sebastian Gauly vom 23. Dezember 2023 - Permakultur-Landwirtschaft","isPartOf":{"@id":"https:\/\/permakultur-landwirtschaft.org\/#website"},"primaryImageOfPage":{"@id":"https:\/\/permakultur-landwirtschaft.org\/nahrungswaelder-und-waldgaerten-die-zukunft-der-landwirtschaft-vortrag-von-sebastian-gauly-vom-23-dezember-2023\/#primaryimage"},"image":{"@id":"https:\/\/permakultur-landwirtschaft.org\/nahrungswaelder-und-waldgaerten-die-zukunft-der-landwirtschaft-vortrag-von-sebastian-gauly-vom-23-dezember-2023\/#primaryimage"},"thumbnailUrl":"https:\/\/permakultur-landwirtschaft.org\/wp-content\/uploads\/2024\/08\/nahrungswaelder_gauly_2024-08-20_16-03-18.jpg","datePublished":"2023-12-23T15:04:00+00:00","dateModified":"2024-08-20T14:15:33+00:00","description":"Text von www.youtube.com:Agroforst-Systeme geh\u00f6ren zu den \u00e4ltesten landwirtschaftlichen Produktionsformen der Menschheit","breadcrumb":{"@id":"https:\/\/permakultur-landwirtschaft.org\/nahrungswaelder-und-waldgaerten-die-zukunft-der-landwirtschaft-vortrag-von-sebastian-gauly-vom-23-dezember-2023\/#breadcrumb"},"inLanguage":"fr-FR","potentialAction":[{"@type":"ReadAction","target":["https:\/\/permakultur-landwirtschaft.org\/nahrungswaelder-und-waldgaerten-die-zukunft-der-landwirtschaft-vortrag-von-sebastian-gauly-vom-23-dezember-2023\/"]}]},{"@type":"ImageObject","inLanguage":"fr-FR","@id":"https:\/\/permakultur-landwirtschaft.org\/nahrungswaelder-und-waldgaerten-die-zukunft-der-landwirtschaft-vortrag-von-sebastian-gauly-vom-23-dezember-2023\/#primaryimage","url":"https:\/\/permakultur-landwirtschaft.org\/wp-content\/uploads\/2024\/08\/nahrungswaelder_gauly_2024-08-20_16-03-18.jpg","contentUrl":"https:\/\/permakultur-landwirtschaft.org\/wp-content\/uploads\/2024\/08\/nahrungswaelder_gauly_2024-08-20_16-03-18.jpg","width":699,"height":351,"caption":"Bild: youtube.com"},{"@type":"BreadcrumbList","@id":"https:\/\/permakultur-landwirtschaft.org\/nahrungswaelder-und-waldgaerten-die-zukunft-der-landwirtschaft-vortrag-von-sebastian-gauly-vom-23-dezember-2023\/#breadcrumb","itemListElement":[{"@type":"ListItem","position":1,"name":"Startseite","item":"https:\/\/permakultur-landwirtschaft.org\/"},{"@type":"ListItem","position":2,"name":"Nahrungsw\u00e4lder und Waldg\u00e4rten &#8211; Die Zukunft der Landwirtschaft? Vortrag von Sebastian Gauly vom 23. Dezember 2023"}]},{"@type":"WebSite","@id":"https:\/\/permakultur-landwirtschaft.org\/#website","url":"https:\/\/permakultur-landwirtschaft.org\/","name":"Permakultur-Landwirtschaft","description":"F\u00f6rderung der Permakultur in der Landwirtschaft","publisher":{"@id":"https:\/\/permakultur-landwirtschaft.org\/#organization"},"potentialAction":[{"@type":"SearchAction","target":{"@type":"EntryPoint","urlTemplate":"https:\/\/permakultur-landwirtschaft.org\/?s={search_term_string}"},"query-input":{"@type":"PropertyValueSpecification","valueRequired":true,"valueName":"search_term_string"}}],"inLanguage":"fr-FR"},{"@type":"Organization","@id":"https:\/\/permakultur-landwirtschaft.org\/#organization","name":"Permakultur-Landwirtschaft","alternateName":"Verein Permakultur-Landwirtschaft","url":"https:\/\/permakultur-landwirtschaft.org\/","logo":{"@type":"ImageObject","inLanguage":"fr-FR","@id":"https:\/\/permakultur-landwirtschaft.org\/#\/schema\/logo\/image\/","url":"https:\/\/permakultur-landwirtschaft.org\/wp-content\/uploads\/2021\/11\/pela_1268x1269.png","contentUrl":"https:\/\/permakultur-landwirtschaft.org\/wp-content\/uploads\/2021\/11\/pela_1268x1269.png","width":1298,"height":1269,"caption":"Permakultur-Landwirtschaft"},"image":{"@id":"https:\/\/permakultur-landwirtschaft.org\/#\/schema\/logo\/image\/"},"sameAs":["https:\/\/www.facebook.com\/PermakulturLandwirtschaft","https:\/\/www.instagram.com\/permakultur_landwirtschaft\/","https:\/\/www.flickr.com\/photos\/permakultur-landwirtschaft","https:\/\/www.youtube.com\/@PermakulturLandwirtschaft"]},{"@type":"Person","@id":"https:\/\/permakultur-landwirtschaft.org\/#\/schema\/person\/6b0467872f75aed3e144093f9bf4f0b0","name":"adrian reutimann","url":"https:\/\/permakultur-landwirtschaft.org\/fr\/author\/reutiadr\/"}]}},"_links":{"self":[{"href":"https:\/\/permakultur-landwirtschaft.org\/fr\/wp-json\/wp\/v2\/posts\/35142","targetHints":{"allow":["GET"]}}],"collection":[{"href":"https:\/\/permakultur-landwirtschaft.org\/fr\/wp-json\/wp\/v2\/posts"}],"about":[{"href":"https:\/\/permakultur-landwirtschaft.org\/fr\/wp-json\/wp\/v2\/types\/post"}],"author":[{"embeddable":true,"href":"https:\/\/permakultur-landwirtschaft.org\/fr\/wp-json\/wp\/v2\/users\/2"}],"replies":[{"embeddable":true,"href":"https:\/\/permakultur-landwirtschaft.org\/fr\/wp-json\/wp\/v2\/comments?post=35142"}],"version-history":[{"count":1,"href":"https:\/\/permakultur-landwirtschaft.org\/fr\/wp-json\/wp\/v2\/posts\/35142\/revisions"}],"predecessor-version":[{"id":35144,"href":"https:\/\/permakultur-landwirtschaft.org\/fr\/wp-json\/wp\/v2\/posts\/35142\/revisions\/35144"}],"wp:featuredmedia":[{"embeddable":true,"href":"https:\/\/permakultur-landwirtschaft.org\/fr\/wp-json\/wp\/v2\/media\/35143"}],"wp:attachment":[{"href":"https:\/\/permakultur-landwirtschaft.org\/fr\/wp-json\/wp\/v2\/media?parent=35142"}],"wp:term":[{"taxonomy":"category","embeddable":true,"href":"https:\/\/permakultur-landwirtschaft.org\/fr\/wp-json\/wp\/v2\/categories?post=35142"},{"taxonomy":"post_tag","embeddable":true,"href":"https:\/\/permakultur-landwirtschaft.org\/fr\/wp-json\/wp\/v2\/tags?post=35142"}],"curies":[{"name":"wp","href":"https:\/\/api.w.org\/{rel}","templated":true}]}}