{"id":35107,"date":"2024-07-06T13:42:00","date_gmt":"2024-07-06T11:42:00","guid":{"rendered":"https:\/\/permakultur-landwirtschaft.org\/?p=35107"},"modified":"2024-10-10T14:40:05","modified_gmt":"2024-10-10T12:40:05","slug":"neue-paechter-fuer-stadtberner-landwirtschaftsbetrieb-elfenau","status":"publish","type":"post","link":"https:\/\/permakultur-landwirtschaft.org\/fr\/neue-paechter-fuer-stadtberner-landwirtschaftsbetrieb-elfenau\/","title":{"rendered":"Neue P\u00e4chter f\u00fcr Stadtberner Landwirtschaftsbetrieb Elfenau"},"content":{"rendered":"<p>Text von derbund.ch:<\/p>\n\n\n\n<p>Die Stadt Bern hat eine neue P\u00e4chterschaft f\u00fcr den Landwirtschaftsbetrieb Elfenau bestimmt. Den Zuschlag erhielt die Elfenauhof GmbH.<\/p>\n\n\n\n<p>Die Elfenauhof GmbH besteht aus einer f\u00fcnfk\u00f6pfigen Betriebsgruppe, die \u00fcber Fachwissen in den Bereichen Landwirtschaft, Bildung und Marketing verf\u00fcgt, wie es in einer Mittelung der Stadt Bern vom Dienstag heisst. Der Pachtvertrag \u00fcber 12 Jahre wurde unter dem Vorbehalt abgeschlossen, dass eine Finanzierungsbest\u00e4tigung nachgereicht wird.<\/p>\n\n\n\n<p>In dem neuen Team ist unter anderen unsere Beir\u00e4tin Sabrina Furrer und unsere Projektmitarbeiterin Mila Laager mit dabei. Wir freuen uns sehr und gratulieren ihnen herzlich zu dieser M\u00f6glichkeit.<\/p>\n\n\n\n<figure class=\"wp-block-image size-full\"><a href=\"https:\/\/permakultur-landwirtschaft.org\/wp-content\/uploads\/2024\/07\/Elfenau_BE_052_small.jpg\"><img fetchpriority=\"high\" decoding=\"async\" width=\"700\" height=\"525\" src=\"https:\/\/permakultur-landwirtschaft.org\/wp-content\/uploads\/2024\/07\/Elfenau_BE_052_small.jpg\" alt=\"Team der Elfenauhof GmbH\" class=\"wp-image-35306\" srcset=\"https:\/\/permakultur-landwirtschaft.org\/wp-content\/uploads\/2024\/07\/Elfenau_BE_052_small.jpg 700w, https:\/\/permakultur-landwirtschaft.org\/wp-content\/uploads\/2024\/07\/Elfenau_BE_052_small-300x225.jpg 300w\" sizes=\"(max-width: 700px) 100vw, 700px\" \/><\/a><figcaption class=\"wp-element-caption\">Bild: Tina Sturzenegger<\/figcaption><\/figure>\n\n\n\n<p><a href=\"http:\/\/permakultur-landwirtschaft.org\/fr\/documents\/ausschreibungen\/20240722_Elfenauhof_Dossier.pdf\/\" target=\"_blank\" rel=\"noreferrer noopener\">Link zum Dossier<\/a><\/p>\n\n\n\n<p><a href=\"https:\/\/www.derbund.ch\/bern-landwirtschaftsbetrieb-elfenau-erhaelt-neue-paechter-283744151171\" target=\"_blank\" rel=\"noreferrer noopener\">Artikel in Der Bund vom 02. Juli 2024<\/a> <\/p>\n\n\n\n<p><a href=\"https:\/\/www.schweizerbauer.ch\/regionen\/bern\/stadt-bern-neuer-paechter-fuer-24-ha-hof\" target=\"_blank\" rel=\"noreferrer noopener\">Artikel im Schweizer Bauer vom 02. Juli 2024<\/a><\/p>","protected":false},"excerpt":{"rendered":"<p>Text von derbund.ch: Die Stadt Bern hat eine neue P\u00e4chterschaft f\u00fcr den Landwirtschaftsbetrieb Elfenau bestimmt. Den Zuschlag erhielt die Elfenauhof GmbH. Die Elfenauhof GmbH besteht aus einer f\u00fcnfk\u00f6pfigen Betriebsgruppe, die \u00fcber Fachwissen in den Bereichen Landwirtschaft, Bildung und Marketing verf\u00fcgt, wie es in einer Mittelung der Stadt Bern vom Dienstag heisst. Der Pachtvertrag \u00fcber 12 [&hellip;]<\/p>\n","protected":false},"author":2,"featured_media":30984,"comment_status":"closed","ping_status":"closed","sticky":false,"template":"","format":"standard","meta":{"_acf_changed":false,"site-sidebar-layout":"default","site-content-layout":"","ast-site-content-layout":"default","site-content-style":"default","site-sidebar-style":"default","ast-global-header-display":"","ast-banner-title-visibility":"","ast-main-header-display":"","ast-hfb-above-header-display":"","ast-hfb-below-header-display":"","ast-hfb-mobile-header-display":"","site-post-title":"","ast-breadcrumbs-content":"","ast-featured-img":"","footer-sml-layout":"","ast-disable-related-posts":"","theme-transparent-header-meta":"","adv-header-id-meta":"","stick-header-meta":"","header-above-stick-meta":"","header-main-stick-meta":"","header-below-stick-meta":"","astra-migrate-meta-layouts":"set","ast-page-background-enabled":"default","ast-page-background-meta":{"desktop":{"background-color":"var(--ast-global-color-4)","background-image":"","background-repeat":"repeat","background-position":"center center","background-size":"auto","background-attachment":"scroll","background-type":"","background-media":"","overlay-type":"","overlay-color":"","overlay-opacity":"","overlay-gradient":""},"tablet":{"background-color":"","background-image":"","background-repeat":"repeat","background-position":"center center","background-size":"auto","background-attachment":"scroll","background-type":"","background-media":"","overlay-type":"","overlay-color":"","overlay-opacity":"","overlay-gradient":""},"mobile":{"background-color":"","background-image":"","background-repeat":"repeat","background-position":"center center","background-size":"auto","background-attachment":"scroll","background-type":"","background-media":"","overlay-type":"","overlay-color":"","overlay-opacity":"","overlay-gradient":""}},"ast-content-background-meta":{"desktop":{"background-color":"var(--ast-global-color-5)","background-image":"","background-repeat":"repeat","background-position":"center center","background-size":"auto","background-attachment":"scroll","background-type":"","background-media":"","overlay-type":"","overlay-color":"","overlay-opacity":"","overlay-gradient":""},"tablet":{"background-color":"var(--ast-global-color-5)","background-image":"","background-repeat":"repeat","background-position":"center center","background-size":"auto","background-attachment":"scroll","background-type":"","background-media":"","overlay-type":"","overlay-color":"","overlay-opacity":"","overlay-gradient":""},"mobile":{"background-color":"var(--ast-global-color-5)","background-image":"","background-repeat":"repeat","background-position":"center center","background-size":"auto","background-attachment":"scroll","background-type":"","background-media":"","overlay-type":"","overlay-color":"","overlay-opacity":"","overlay-gradient":""}},"footnotes":""},"categories":[22],"tags":[371,374,372,373],"class_list":["post-35107","post","type-post","status-publish","format-standard","has-post-thumbnail","hentry","category-neuigkeit","tag-elfenau","tag-elfenauhof-gmbh","tag-paechter","tag-stadt-bern"],"acf":[],"yoast_head":"<!-- This site is optimized with the Yoast SEO plugin v27.5 - https:\/\/yoast.com\/product\/yoast-seo-wordpress\/ -->\n<title>Neue P\u00e4chter f\u00fcr Stadtberner Landwirtschaftsbetrieb Elfenau - Permakultur-Landwirtschaft<\/title>\n<meta name=\"description\" content=\"Die Stadt Bern hat eine neue P\u00e4chterschaft f\u00fcr den Landwirtschaftsbetrieb Elfenau bestimmt. Den Zuschlag erhielt die Elfenauhof GmbH.\" \/>\n<meta name=\"robots\" content=\"index, follow, max-snippet:-1, max-image-preview:large, max-video-preview:-1\" \/>\n<link rel=\"canonical\" href=\"https:\/\/permakultur-landwirtschaft.org\/fr\/neue-paechter-fuer-stadtberner-landwirtschaftsbetrieb-elfenau\/\" \/>\n<meta property=\"og:locale\" content=\"fr_FR\" \/>\n<meta property=\"og:type\" content=\"article\" \/>\n<meta property=\"og:title\" content=\"Neue P\u00e4chter f\u00fcr Stadtberner Landwirtschaftsbetrieb Elfenau - Permakultur-Landwirtschaft\" \/>\n<meta property=\"og:description\" content=\"Die Stadt Bern hat eine neue P\u00e4chterschaft f\u00fcr den Landwirtschaftsbetrieb Elfenau bestimmt. Den Zuschlag erhielt die Elfenauhof GmbH.\" \/>\n<meta property=\"og:url\" content=\"https:\/\/permakultur-landwirtschaft.org\/fr\/neue-paechter-fuer-stadtberner-landwirtschaftsbetrieb-elfenau\/\" \/>\n<meta property=\"og:site_name\" content=\"Permakultur-Landwirtschaft\" \/>\n<meta property=\"article:publisher\" content=\"https:\/\/www.facebook.com\/PermakulturLandwirtschaft\" \/>\n<meta property=\"article:published_time\" content=\"2024-07-06T11:42:00+00:00\" \/>\n<meta property=\"article:modified_time\" content=\"2024-10-10T12:40:05+00:00\" \/>\n<meta property=\"og:image\" content=\"https:\/\/permakultur-landwirtschaft.org\/wp-content\/uploads\/2023\/06\/2023_bern_elfenauhof.jpg\" \/>\n\t<meta property=\"og:image:width\" content=\"700\" \/>\n\t<meta property=\"og:image:height\" content=\"466\" \/>\n\t<meta property=\"og:image:type\" content=\"image\/jpeg\" \/>\n<meta name=\"author\" content=\"adrian reutimann\" \/>\n<meta name=\"twitter:card\" content=\"summary_large_image\" \/>\n<meta name=\"twitter:label1\" content=\"\u00c9crit par\" \/>\n\t<meta name=\"twitter:data1\" content=\"adrian reutimann\" \/>\n\t<meta name=\"twitter:label2\" content=\"Dur\u00e9e de lecture estim\u00e9e\" \/>\n\t<meta name=\"twitter:data2\" content=\"2 minutes\" \/>\n<script type=\"application\/ld+json\" class=\"yoast-schema-graph\">{\"@context\":\"https:\\\/\\\/schema.org\",\"@graph\":[{\"@type\":\"Article\",\"@id\":\"https:\\\/\\\/permakultur-landwirtschaft.org\\\/neue-paechter-fuer-stadtberner-landwirtschaftsbetrieb-elfenau\\\/#article\",\"isPartOf\":{\"@id\":\"https:\\\/\\\/permakultur-landwirtschaft.org\\\/neue-paechter-fuer-stadtberner-landwirtschaftsbetrieb-elfenau\\\/\"},\"author\":{\"name\":\"adrian reutimann\",\"@id\":\"https:\\\/\\\/permakultur-landwirtschaft.org\\\/#\\\/schema\\\/person\\\/6b0467872f75aed3e144093f9bf4f0b0\"},\"headline\":\"Neue P\u00e4chter f\u00fcr Stadtberner Landwirtschaftsbetrieb Elfenau\",\"datePublished\":\"2024-07-06T11:42:00+00:00\",\"dateModified\":\"2024-10-10T12:40:05+00:00\",\"mainEntityOfPage\":{\"@id\":\"https:\\\/\\\/permakultur-landwirtschaft.org\\\/neue-paechter-fuer-stadtberner-landwirtschaftsbetrieb-elfenau\\\/\"},\"wordCount\":129,\"publisher\":{\"@id\":\"https:\\\/\\\/permakultur-landwirtschaft.org\\\/#organization\"},\"image\":{\"@id\":\"https:\\\/\\\/permakultur-landwirtschaft.org\\\/neue-paechter-fuer-stadtberner-landwirtschaftsbetrieb-elfenau\\\/#primaryimage\"},\"thumbnailUrl\":\"https:\\\/\\\/permakultur-landwirtschaft.org\\\/wp-content\\\/uploads\\\/2023\\\/06\\\/2023_bern_elfenauhof.jpg\",\"keywords\":[\"Elfenau\",\"Elfenauhof GmbH\",\"P\u00e4chter\",\"Stadt Bern\"],\"articleSection\":[\"Neuigkeit\"],\"inLanguage\":\"fr-FR\"},{\"@type\":\"WebPage\",\"@id\":\"https:\\\/\\\/permakultur-landwirtschaft.org\\\/neue-paechter-fuer-stadtberner-landwirtschaftsbetrieb-elfenau\\\/\",\"url\":\"https:\\\/\\\/permakultur-landwirtschaft.org\\\/neue-paechter-fuer-stadtberner-landwirtschaftsbetrieb-elfenau\\\/\",\"name\":\"Neue P\u00e4chter f\u00fcr Stadtberner Landwirtschaftsbetrieb Elfenau - Permakultur-Landwirtschaft\",\"isPartOf\":{\"@id\":\"https:\\\/\\\/permakultur-landwirtschaft.org\\\/#website\"},\"primaryImageOfPage\":{\"@id\":\"https:\\\/\\\/permakultur-landwirtschaft.org\\\/neue-paechter-fuer-stadtberner-landwirtschaftsbetrieb-elfenau\\\/#primaryimage\"},\"image\":{\"@id\":\"https:\\\/\\\/permakultur-landwirtschaft.org\\\/neue-paechter-fuer-stadtberner-landwirtschaftsbetrieb-elfenau\\\/#primaryimage\"},\"thumbnailUrl\":\"https:\\\/\\\/permakultur-landwirtschaft.org\\\/wp-content\\\/uploads\\\/2023\\\/06\\\/2023_bern_elfenauhof.jpg\",\"datePublished\":\"2024-07-06T11:42:00+00:00\",\"dateModified\":\"2024-10-10T12:40:05+00:00\",\"description\":\"Die Stadt Bern hat eine neue P\u00e4chterschaft f\u00fcr den Landwirtschaftsbetrieb Elfenau bestimmt. Den Zuschlag erhielt die Elfenauhof GmbH.\",\"breadcrumb\":{\"@id\":\"https:\\\/\\\/permakultur-landwirtschaft.org\\\/neue-paechter-fuer-stadtberner-landwirtschaftsbetrieb-elfenau\\\/#breadcrumb\"},\"inLanguage\":\"fr-FR\",\"potentialAction\":[{\"@type\":\"ReadAction\",\"target\":[\"https:\\\/\\\/permakultur-landwirtschaft.org\\\/neue-paechter-fuer-stadtberner-landwirtschaftsbetrieb-elfenau\\\/\"]}]},{\"@type\":\"ImageObject\",\"inLanguage\":\"fr-FR\",\"@id\":\"https:\\\/\\\/permakultur-landwirtschaft.org\\\/neue-paechter-fuer-stadtberner-landwirtschaftsbetrieb-elfenau\\\/#primaryimage\",\"url\":\"https:\\\/\\\/permakultur-landwirtschaft.org\\\/wp-content\\\/uploads\\\/2023\\\/06\\\/2023_bern_elfenauhof.jpg\",\"contentUrl\":\"https:\\\/\\\/permakultur-landwirtschaft.org\\\/wp-content\\\/uploads\\\/2023\\\/06\\\/2023_bern_elfenauhof.jpg\",\"width\":700,\"height\":466,\"caption\":\"Bild: bern.ch\"},{\"@type\":\"BreadcrumbList\",\"@id\":\"https:\\\/\\\/permakultur-landwirtschaft.org\\\/neue-paechter-fuer-stadtberner-landwirtschaftsbetrieb-elfenau\\\/#breadcrumb\",\"itemListElement\":[{\"@type\":\"ListItem\",\"position\":1,\"name\":\"Startseite\",\"item\":\"https:\\\/\\\/permakultur-landwirtschaft.org\\\/\"},{\"@type\":\"ListItem\",\"position\":2,\"name\":\"Neue P\u00e4chter f\u00fcr Stadtberner Landwirtschaftsbetrieb Elfenau\"}]},{\"@type\":\"WebSite\",\"@id\":\"https:\\\/\\\/permakultur-landwirtschaft.org\\\/#website\",\"url\":\"https:\\\/\\\/permakultur-landwirtschaft.org\\\/\",\"name\":\"Permakultur-Landwirtschaft\",\"description\":\"F\u00f6rderung der Permakultur in der Landwirtschaft\",\"publisher\":{\"@id\":\"https:\\\/\\\/permakultur-landwirtschaft.org\\\/#organization\"},\"potentialAction\":[{\"@type\":\"SearchAction\",\"target\":{\"@type\":\"EntryPoint\",\"urlTemplate\":\"https:\\\/\\\/permakultur-landwirtschaft.org\\\/?s={search_term_string}\"},\"query-input\":{\"@type\":\"PropertyValueSpecification\",\"valueRequired\":true,\"valueName\":\"search_term_string\"}}],\"inLanguage\":\"fr-FR\"},{\"@type\":\"Organization\",\"@id\":\"https:\\\/\\\/permakultur-landwirtschaft.org\\\/#organization\",\"name\":\"Permakultur-Landwirtschaft\",\"alternateName\":\"Verein Permakultur-Landwirtschaft\",\"url\":\"https:\\\/\\\/permakultur-landwirtschaft.org\\\/\",\"logo\":{\"@type\":\"ImageObject\",\"inLanguage\":\"fr-FR\",\"@id\":\"https:\\\/\\\/permakultur-landwirtschaft.org\\\/#\\\/schema\\\/logo\\\/image\\\/\",\"url\":\"https:\\\/\\\/permakultur-landwirtschaft.org\\\/wp-content\\\/uploads\\\/2021\\\/11\\\/pela_1268x1269.png\",\"contentUrl\":\"https:\\\/\\\/permakultur-landwirtschaft.org\\\/wp-content\\\/uploads\\\/2021\\\/11\\\/pela_1268x1269.png\",\"width\":1298,\"height\":1269,\"caption\":\"Permakultur-Landwirtschaft\"},\"image\":{\"@id\":\"https:\\\/\\\/permakultur-landwirtschaft.org\\\/#\\\/schema\\\/logo\\\/image\\\/\"},\"sameAs\":[\"https:\\\/\\\/www.facebook.com\\\/PermakulturLandwirtschaft\",\"https:\\\/\\\/www.instagram.com\\\/permakultur_landwirtschaft\\\/\",\"https:\\\/\\\/www.flickr.com\\\/photos\\\/permakultur-landwirtschaft\",\"https:\\\/\\\/www.youtube.com\\\/@PermakulturLandwirtschaft\"]},{\"@type\":\"Person\",\"@id\":\"https:\\\/\\\/permakultur-landwirtschaft.org\\\/#\\\/schema\\\/person\\\/6b0467872f75aed3e144093f9bf4f0b0\",\"name\":\"adrian reutimann\",\"url\":\"https:\\\/\\\/permakultur-landwirtschaft.org\\\/fr\\\/author\\\/reutiadr\\\/\"}]}<\/script>\n<!-- \/ Yoast SEO plugin. -->","yoast_head_json":{"title":"Neue P\u00e4chter f\u00fcr Stadtberner Landwirtschaftsbetrieb Elfenau - Permakultur-Landwirtschaft","description":"Die Stadt Bern hat eine neue P\u00e4chterschaft f\u00fcr den Landwirtschaftsbetrieb Elfenau bestimmt. Den Zuschlag erhielt die Elfenauhof GmbH.","robots":{"index":"index","follow":"follow","max-snippet":"max-snippet:-1","max-image-preview":"max-image-preview:large","max-video-preview":"max-video-preview:-1"},"canonical":"https:\/\/permakultur-landwirtschaft.org\/fr\/neue-paechter-fuer-stadtberner-landwirtschaftsbetrieb-elfenau\/","og_locale":"fr_FR","og_type":"article","og_title":"Neue P\u00e4chter f\u00fcr Stadtberner Landwirtschaftsbetrieb Elfenau - Permakultur-Landwirtschaft","og_description":"Die Stadt Bern hat eine neue P\u00e4chterschaft f\u00fcr den Landwirtschaftsbetrieb Elfenau bestimmt. Den Zuschlag erhielt die Elfenauhof GmbH.","og_url":"https:\/\/permakultur-landwirtschaft.org\/fr\/neue-paechter-fuer-stadtberner-landwirtschaftsbetrieb-elfenau\/","og_site_name":"Permakultur-Landwirtschaft","article_publisher":"https:\/\/www.facebook.com\/PermakulturLandwirtschaft","article_published_time":"2024-07-06T11:42:00+00:00","article_modified_time":"2024-10-10T12:40:05+00:00","og_image":[{"width":700,"height":466,"url":"https:\/\/permakultur-landwirtschaft.org\/wp-content\/uploads\/2023\/06\/2023_bern_elfenauhof.jpg","type":"image\/jpeg"}],"author":"adrian reutimann","twitter_card":"summary_large_image","twitter_misc":{"\u00c9crit par":"adrian reutimann","Dur\u00e9e de lecture estim\u00e9e":"2 minutes"},"schema":{"@context":"https:\/\/schema.org","@graph":[{"@type":"Article","@id":"https:\/\/permakultur-landwirtschaft.org\/neue-paechter-fuer-stadtberner-landwirtschaftsbetrieb-elfenau\/#article","isPartOf":{"@id":"https:\/\/permakultur-landwirtschaft.org\/neue-paechter-fuer-stadtberner-landwirtschaftsbetrieb-elfenau\/"},"author":{"name":"adrian reutimann","@id":"https:\/\/permakultur-landwirtschaft.org\/#\/schema\/person\/6b0467872f75aed3e144093f9bf4f0b0"},"headline":"Neue P\u00e4chter f\u00fcr Stadtberner Landwirtschaftsbetrieb Elfenau","datePublished":"2024-07-06T11:42:00+00:00","dateModified":"2024-10-10T12:40:05+00:00","mainEntityOfPage":{"@id":"https:\/\/permakultur-landwirtschaft.org\/neue-paechter-fuer-stadtberner-landwirtschaftsbetrieb-elfenau\/"},"wordCount":129,"publisher":{"@id":"https:\/\/permakultur-landwirtschaft.org\/#organization"},"image":{"@id":"https:\/\/permakultur-landwirtschaft.org\/neue-paechter-fuer-stadtberner-landwirtschaftsbetrieb-elfenau\/#primaryimage"},"thumbnailUrl":"https:\/\/permakultur-landwirtschaft.org\/wp-content\/uploads\/2023\/06\/2023_bern_elfenauhof.jpg","keywords":["Elfenau","Elfenauhof GmbH","P\u00e4chter","Stadt Bern"],"articleSection":["Neuigkeit"],"inLanguage":"fr-FR"},{"@type":"WebPage","@id":"https:\/\/permakultur-landwirtschaft.org\/neue-paechter-fuer-stadtberner-landwirtschaftsbetrieb-elfenau\/","url":"https:\/\/permakultur-landwirtschaft.org\/neue-paechter-fuer-stadtberner-landwirtschaftsbetrieb-elfenau\/","name":"Neue P\u00e4chter f\u00fcr Stadtberner Landwirtschaftsbetrieb Elfenau - Permakultur-Landwirtschaft","isPartOf":{"@id":"https:\/\/permakultur-landwirtschaft.org\/#website"},"primaryImageOfPage":{"@id":"https:\/\/permakultur-landwirtschaft.org\/neue-paechter-fuer-stadtberner-landwirtschaftsbetrieb-elfenau\/#primaryimage"},"image":{"@id":"https:\/\/permakultur-landwirtschaft.org\/neue-paechter-fuer-stadtberner-landwirtschaftsbetrieb-elfenau\/#primaryimage"},"thumbnailUrl":"https:\/\/permakultur-landwirtschaft.org\/wp-content\/uploads\/2023\/06\/2023_bern_elfenauhof.jpg","datePublished":"2024-07-06T11:42:00+00:00","dateModified":"2024-10-10T12:40:05+00:00","description":"Die Stadt Bern hat eine neue P\u00e4chterschaft f\u00fcr den Landwirtschaftsbetrieb Elfenau bestimmt. Den Zuschlag erhielt die Elfenauhof GmbH.","breadcrumb":{"@id":"https:\/\/permakultur-landwirtschaft.org\/neue-paechter-fuer-stadtberner-landwirtschaftsbetrieb-elfenau\/#breadcrumb"},"inLanguage":"fr-FR","potentialAction":[{"@type":"ReadAction","target":["https:\/\/permakultur-landwirtschaft.org\/neue-paechter-fuer-stadtberner-landwirtschaftsbetrieb-elfenau\/"]}]},{"@type":"ImageObject","inLanguage":"fr-FR","@id":"https:\/\/permakultur-landwirtschaft.org\/neue-paechter-fuer-stadtberner-landwirtschaftsbetrieb-elfenau\/#primaryimage","url":"https:\/\/permakultur-landwirtschaft.org\/wp-content\/uploads\/2023\/06\/2023_bern_elfenauhof.jpg","contentUrl":"https:\/\/permakultur-landwirtschaft.org\/wp-content\/uploads\/2023\/06\/2023_bern_elfenauhof.jpg","width":700,"height":466,"caption":"Bild: bern.ch"},{"@type":"BreadcrumbList","@id":"https:\/\/permakultur-landwirtschaft.org\/neue-paechter-fuer-stadtberner-landwirtschaftsbetrieb-elfenau\/#breadcrumb","itemListElement":[{"@type":"ListItem","position":1,"name":"Startseite","item":"https:\/\/permakultur-landwirtschaft.org\/"},{"@type":"ListItem","position":2,"name":"Neue P\u00e4chter f\u00fcr Stadtberner Landwirtschaftsbetrieb Elfenau"}]},{"@type":"WebSite","@id":"https:\/\/permakultur-landwirtschaft.org\/#website","url":"https:\/\/permakultur-landwirtschaft.org\/","name":"Permakultur-Landwirtschaft","description":"F\u00f6rderung der Permakultur in der Landwirtschaft","publisher":{"@id":"https:\/\/permakultur-landwirtschaft.org\/#organization"},"potentialAction":[{"@type":"SearchAction","target":{"@type":"EntryPoint","urlTemplate":"https:\/\/permakultur-landwirtschaft.org\/?s={search_term_string}"},"query-input":{"@type":"PropertyValueSpecification","valueRequired":true,"valueName":"search_term_string"}}],"inLanguage":"fr-FR"},{"@type":"Organization","@id":"https:\/\/permakultur-landwirtschaft.org\/#organization","name":"Permakultur-Landwirtschaft","alternateName":"Verein Permakultur-Landwirtschaft","url":"https:\/\/permakultur-landwirtschaft.org\/","logo":{"@type":"ImageObject","inLanguage":"fr-FR","@id":"https:\/\/permakultur-landwirtschaft.org\/#\/schema\/logo\/image\/","url":"https:\/\/permakultur-landwirtschaft.org\/wp-content\/uploads\/2021\/11\/pela_1268x1269.png","contentUrl":"https:\/\/permakultur-landwirtschaft.org\/wp-content\/uploads\/2021\/11\/pela_1268x1269.png","width":1298,"height":1269,"caption":"Permakultur-Landwirtschaft"},"image":{"@id":"https:\/\/permakultur-landwirtschaft.org\/#\/schema\/logo\/image\/"},"sameAs":["https:\/\/www.facebook.com\/PermakulturLandwirtschaft","https:\/\/www.instagram.com\/permakultur_landwirtschaft\/","https:\/\/www.flickr.com\/photos\/permakultur-landwirtschaft","https:\/\/www.youtube.com\/@PermakulturLandwirtschaft"]},{"@type":"Person","@id":"https:\/\/permakultur-landwirtschaft.org\/#\/schema\/person\/6b0467872f75aed3e144093f9bf4f0b0","name":"adrian reutimann","url":"https:\/\/permakultur-landwirtschaft.org\/fr\/author\/reutiadr\/"}]}},"_links":{"self":[{"href":"https:\/\/permakultur-landwirtschaft.org\/fr\/wp-json\/wp\/v2\/posts\/35107","targetHints":{"allow":["GET"]}}],"collection":[{"href":"https:\/\/permakultur-landwirtschaft.org\/fr\/wp-json\/wp\/v2\/posts"}],"about":[{"href":"https:\/\/permakultur-landwirtschaft.org\/fr\/wp-json\/wp\/v2\/types\/post"}],"author":[{"embeddable":true,"href":"https:\/\/permakultur-landwirtschaft.org\/fr\/wp-json\/wp\/v2\/users\/2"}],"replies":[{"embeddable":true,"href":"https:\/\/permakultur-landwirtschaft.org\/fr\/wp-json\/wp\/v2\/comments?post=35107"}],"version-history":[{"count":3,"href":"https:\/\/permakultur-landwirtschaft.org\/fr\/wp-json\/wp\/v2\/posts\/35107\/revisions"}],"predecessor-version":[{"id":35307,"href":"https:\/\/permakultur-landwirtschaft.org\/fr\/wp-json\/wp\/v2\/posts\/35107\/revisions\/35307"}],"wp:featuredmedia":[{"embeddable":true,"href":"https:\/\/permakultur-landwirtschaft.org\/fr\/wp-json\/wp\/v2\/media\/30984"}],"wp:attachment":[{"href":"https:\/\/permakultur-landwirtschaft.org\/fr\/wp-json\/wp\/v2\/media?parent=35107"}],"wp:term":[{"taxonomy":"category","embeddable":true,"href":"https:\/\/permakultur-landwirtschaft.org\/fr\/wp-json\/wp\/v2\/categories?post=35107"},{"taxonomy":"post_tag","embeddable":true,"href":"https:\/\/permakultur-landwirtschaft.org\/fr\/wp-json\/wp\/v2\/tags?post=35107"}],"curies":[{"name":"wp","href":"https:\/\/api.w.org\/{rel}","templated":true}]}}