{"id":35101,"date":"2024-08-13T12:00:15","date_gmt":"2024-08-13T10:00:15","guid":{"rendered":"https:\/\/permakultur-landwirtschaft.org\/?p=35101"},"modified":"2024-08-29T15:17:50","modified_gmt":"2024-08-29T13:17:50","slug":"fuehrung-muehlacker-und-fachkundiger-austausch-fuer-beratende-zu-permakultur-landwirtschaft-am-21-august-2024","status":"publish","type":"post","link":"https:\/\/permakultur-landwirtschaft.org\/fr\/fuehrung-muehlacker-und-fachkundiger-austausch-fuer-beratende-zu-permakultur-landwirtschaft-am-21-august-2024\/","title":{"rendered":"F\u00fchrung M\u00fchlacker und fachkundiger Austausch f\u00fcr Beratende zu Permakultur-Landwirtschaft am 21. August 2024"},"content":{"rendered":"<p><strong>F\u00fchrung M\u00fchlacker und fachkundiger Austausch&nbsp;f\u00fcr Beratende mit Dario Principi,&nbsp;Fachperson f\u00fcr &#171;Fl\u00e4chencode 725&#187; Permakultur und Mila Laager, Wissenschaftliche Mitarbeiterin in der Permakultur Forschung der HAFL<br><\/strong>Als Beratende erhalten Sie an diesem Anlass Informationen zu Permakultursysteme und der Handhabung des Fl\u00e4chencodes &#171;725 Permakultur&#187;. Die F\u00fchrung bietet genug Raum f\u00fcr Fragen rund um Themen, die bei Beratungen auftauchen.<\/p>\n\n\n\n<p>Der gelernte Landwirt EFZ und Agronom Dario Principi, hat sich f\u00fcr die Bachelorarbeit seines Studiums&nbsp;mit dem Fl\u00e4chencode 725 Permakultur befasst und f\u00fcr seine Masterarbeit die Wirtschaftlichkeit der Permakulturfl\u00e4che auf dem <a href=\"https:\/\/www.kigeno.ch\/projekte\/\">M\u00fchlacker<\/a> analysiert.&nbsp;Seit 2011 wird auf dem M\u00fchlacker solidarische Landwirtschaft praktiziert \u2013 aktuell mit rund 100 Selbsternte-Abos und Direktverkauf im eigenen Hofladen.<\/p>\n\n\n\n<p><a href=\"https:\/\/www.permakultur-jetzt.ch\/about\" target=\"_blank\" rel=\"noreferrer noopener\">Mila Laager<\/a> ist Wissenschaftliche Mitarbeiterin in der Permakultur Forschung der HAFL, sowie Permakultur Kursorganisatorin und -leiterin von INFORAMA und ProBio.<\/p>\n\n\n\n<p><strong>Vorstellung und Diskussion der Analyse und Entwicklungsvorschl\u00e4ge Bildung und Beratung Permakultur-Landwirtschaft mit Selina Lucarelli<\/strong><br>Vorab pr\u00e4sentiert Selina Lucarelli, ausgebildete Umweltingenieurin und angehende Permakultur-Designerin, ihre Analyse und Entwicklungsvorschl\u00e4ge f\u00fcr Bildung und Beratung in der Permakultur-Landwirtschaft. Ihre Ergebnisse sollen eine Grundlage f\u00fcr die bedarfsgerechte Erweiterung der bestehenden Angebote schaffen, damit Landwirt:innen und Berater:innen verschiedene Zug\u00e4nge zum Wissen der Permakultur-Landwirtschaft erhalten.<\/p>\n\n\n\n<p><strong>Unterst\u00fctzt von der Leopold Bachmann Stiftung und Visio Permacultura und Teil der Kompetenzplattform Permakultur-Landwirtschaft<br><\/strong>Dieses Projekt wird von der <a href=\"https:\/\/lb-foundation.ch\/\" target=\"_blank\" rel=\"noreferrer noopener\">Leopold Bachmann Stiftung<\/a> und <a href=\"https:\/\/visio-permacultura.ch\/\" target=\"_blank\" rel=\"noreferrer noopener\">Visio Permacultura<\/a> finanziert und von der <a href=\"https:\/\/permakultur-landwirtschaft.org\/fr\/\">Plateforme de comp\u00e9tences en Agriculture Permaculturelle<\/a> organisiert. Getragen vom <a href=\"https:\/\/permakultur-landwirtschaft.org\/fr\/verein-permakultur-landwirtschaft\/\" target=\"_blank\" rel=\"noreferrer noopener\">L'association d'Agriculture Permaculturelle<\/a> und der <a href=\"https:\/\/www.bfh.ch\/de\/forschung\/forschungsbereiche\/permakultur\/\" target=\"_blank\" rel=\"noreferrer noopener\">Berner Hochschule f\u00fcr Agrar-, Forst- und Lebensmittelwissenschaften (HAFL)<\/a>, f\u00f6rdert die Plattform den Zugang zur Permakultur in der Landwirtschaft.<\/p>\n\n\n\n<h2 class=\"wp-block-heading\"><strong>Programme<\/strong><\/h2>\n\n\n\n<ul class=\"wp-block-list\">\n<li>13:15 bis 14:45 Uhr: Vorstellung und Austausch der Analyse und Entwicklungsvorschl\u00e4ge f\u00fcr Bildung und Beratung in der Permakultur-Landwirtschaft<\/li>\n\n\n\n<li>15:15 bis 16:45 Uhr: F\u00fchrung M\u00fchlacker&nbsp;<\/li>\n\n\n\n<li>16:45 Uhr: Ausklingen beim Ap\u00e9ro<\/li>\n<\/ul>\n\n\n\n<h2 class=\"wp-block-heading\"><strong>Treffpunkt<\/strong><\/h2>\n\n\n\n<p>Um 13:05 Uhr beim <a href=\"https:\/\/maps.app.goo.gl\/8uk14fkCYcfJ4BB97\" target=\"_blank\" rel=\"noreferrer noopener\">Parkplatz, B\u00fcrenstrasse 77, 4574 Nennigkofen<\/a><\/p>\n\n\n\n<p>Die Bushaltestelle Nennigkofen R\u00f6ssli befindet sich eine Gehminute entfernt. Der Bus kommt um 13:01 bzw. um 15:01 an.<\/p>\n\n\n\n<h2 class=\"wp-block-heading\"><strong>Teilnahme<\/strong><\/h2>\n\n\n\n<p>Teilnahme ist auch nur an einem Programmpunkt m\u00f6glich<\/p>\n\n\n\n<ul class=\"wp-block-list\">\n<li>Vorstellung und Austausch: kostenfrei<\/li>\n\n\n\n<li>F\u00fchrung M\u00fchlacker mit anschlie\u00dfendem Ap\u00e9ro: CHF 45.-<\/li>\n<\/ul>\n\n\n\n<p>Wir freuen uns auf einen Tag voller spannender Einblicke und anregender Gespr\u00e4che,<\/p>\n\n\n\n<p>Mila Laager, Dario Principi und Selina Lucarelli<\/p>\n\n\n\n<p><a href=\"https:\/\/www.flickr.com\/photos\/permakultur-landwirtschaft\/albums\/72177720319882261\" target=\"_blank\" rel=\"noreferrer noopener\">Link zu den Fotos der Veranstaltung<\/a><\/p>","protected":false},"excerpt":{"rendered":"<p>F\u00fchrung M\u00fchlacker und fachkundiger Austausch&nbsp;f\u00fcr Beratende mit Dario Principi,&nbsp;Fachperson f\u00fcr &#171;Fl\u00e4chencode 725&#187; Permakultur und Mila Laager, Wissenschaftliche Mitarbeiterin in der Permakultur Forschung der HAFLAls Beratende erhalten Sie an diesem Anlass Informationen zu Permakultursysteme und der Handhabung des Fl\u00e4chencodes &#171;725 Permakultur&#187;. Die F\u00fchrung bietet genug Raum f\u00fcr Fragen rund um Themen, die bei Beratungen auftauchen. Der [&hellip;]<\/p>\n","protected":false},"author":2,"featured_media":35102,"comment_status":"closed","ping_status":"closed","sticky":false,"template":"","format":"standard","meta":{"_acf_changed":false,"site-sidebar-layout":"default","site-content-layout":"","ast-site-content-layout":"default","site-content-style":"default","site-sidebar-style":"default","ast-global-header-display":"","ast-banner-title-visibility":"","ast-main-header-display":"","ast-hfb-above-header-display":"","ast-hfb-below-header-display":"","ast-hfb-mobile-header-display":"","site-post-title":"","ast-breadcrumbs-content":"","ast-featured-img":"","footer-sml-layout":"","ast-disable-related-posts":"","theme-transparent-header-meta":"","adv-header-id-meta":"","stick-header-meta":"","header-above-stick-meta":"","header-main-stick-meta":"","header-below-stick-meta":"","astra-migrate-meta-layouts":"set","ast-page-background-enabled":"default","ast-page-background-meta":{"desktop":{"background-color":"var(--ast-global-color-4)","background-image":"","background-repeat":"repeat","background-position":"center center","background-size":"auto","background-attachment":"scroll","background-type":"","background-media":"","overlay-type":"","overlay-color":"","overlay-opacity":"","overlay-gradient":""},"tablet":{"background-color":"","background-image":"","background-repeat":"repeat","background-position":"center center","background-size":"auto","background-attachment":"scroll","background-type":"","background-media":"","overlay-type":"","overlay-color":"","overlay-opacity":"","overlay-gradient":""},"mobile":{"background-color":"","background-image":"","background-repeat":"repeat","background-position":"center center","background-size":"auto","background-attachment":"scroll","background-type":"","background-media":"","overlay-type":"","overlay-color":"","overlay-opacity":"","overlay-gradient":""}},"ast-content-background-meta":{"desktop":{"background-color":"var(--ast-global-color-5)","background-image":"","background-repeat":"repeat","background-position":"center center","background-size":"auto","background-attachment":"scroll","background-type":"","background-media":"","overlay-type":"","overlay-color":"","overlay-opacity":"","overlay-gradient":""},"tablet":{"background-color":"var(--ast-global-color-5)","background-image":"","background-repeat":"repeat","background-position":"center center","background-size":"auto","background-attachment":"scroll","background-type":"","background-media":"","overlay-type":"","overlay-color":"","overlay-opacity":"","overlay-gradient":""},"mobile":{"background-color":"var(--ast-global-color-5)","background-image":"","background-repeat":"repeat","background-position":"center center","background-size":"auto","background-attachment":"scroll","background-type":"","background-media":"","overlay-type":"","overlay-color":"","overlay-opacity":"","overlay-gradient":""}},"footnotes":""},"categories":[14],"tags":[145,370,369,73,38,194,17],"class_list":["post-35101","post","type-post","status-publish","format-standard","has-post-thumbnail","hentry","category-veranstaltung","tag-austausch","tag-beratung","tag-bildung","tag-hofbegehung","tag-landwirtschaft","tag-muehlacker","tag-permakultur"],"acf":[],"yoast_head":"<!-- This site is optimized with the Yoast SEO plugin v27.5 - https:\/\/yoast.com\/product\/yoast-seo-wordpress\/ -->\n<title>F\u00fchrung M\u00fchlacker und fachkundiger Austausch f\u00fcr Beratende zu Permakultur-Landwirtschaft am 21. August 2024 - Permakultur-Landwirtschaft<\/title>\n<meta name=\"description\" content=\"F\u00fchrung M\u00fchlacker und fachkundiger Austausch\u00a0f\u00fcr Beratende mit Dario Principi,\u00a0Fachperson und Mila Laager, BFH-HAFL.\" \/>\n<meta name=\"robots\" content=\"index, follow, max-snippet:-1, max-image-preview:large, max-video-preview:-1\" \/>\n<link rel=\"canonical\" href=\"https:\/\/permakultur-landwirtschaft.org\/fr\/fuehrung-muehlacker-und-fachkundiger-austausch-fuer-beratende-zu-permakultur-landwirtschaft-am-21-august-2024\/\" \/>\n<meta property=\"og:locale\" content=\"fr_FR\" \/>\n<meta property=\"og:type\" content=\"article\" \/>\n<meta property=\"og:title\" content=\"F\u00fchrung M\u00fchlacker und fachkundiger Austausch f\u00fcr Beratende zu Permakultur-Landwirtschaft am 21. August 2024 - Permakultur-Landwirtschaft\" \/>\n<meta property=\"og:description\" content=\"F\u00fchrung M\u00fchlacker und fachkundiger Austausch\u00a0f\u00fcr Beratende mit Dario Principi,\u00a0Fachperson und Mila Laager, BFH-HAFL.\" \/>\n<meta property=\"og:url\" content=\"https:\/\/permakultur-landwirtschaft.org\/fr\/fuehrung-muehlacker-und-fachkundiger-austausch-fuer-beratende-zu-permakultur-landwirtschaft-am-21-august-2024\/\" \/>\n<meta property=\"og:site_name\" content=\"Permakultur-Landwirtschaft\" \/>\n<meta property=\"article:publisher\" content=\"https:\/\/www.facebook.com\/PermakulturLandwirtschaft\" \/>\n<meta property=\"article:published_time\" content=\"2024-08-13T10:00:15+00:00\" \/>\n<meta property=\"article:modified_time\" content=\"2024-08-29T13:17:50+00:00\" \/>\n<meta property=\"og:image\" content=\"https:\/\/permakultur-landwirtschaft.org\/wp-content\/uploads\/2024\/08\/20240821_Flyer_Permakultur-Landwirtschaft_2024.jpg\" \/>\n\t<meta property=\"og:image:width\" content=\"700\" \/>\n\t<meta property=\"og:image:height\" content=\"298\" \/>\n\t<meta property=\"og:image:type\" content=\"image\/jpeg\" \/>\n<meta name=\"author\" content=\"adrian reutimann\" \/>\n<meta name=\"twitter:card\" content=\"summary_large_image\" \/>\n<meta name=\"twitter:label1\" content=\"\u00c9crit par\" \/>\n\t<meta name=\"twitter:data1\" content=\"adrian reutimann\" \/>\n\t<meta name=\"twitter:label2\" content=\"Dur\u00e9e de lecture estim\u00e9e\" \/>\n\t<meta name=\"twitter:data2\" content=\"3 minutes\" \/>\n<script type=\"application\/ld+json\" class=\"yoast-schema-graph\">{\"@context\":\"https:\\\/\\\/schema.org\",\"@graph\":[{\"@type\":\"Article\",\"@id\":\"https:\\\/\\\/permakultur-landwirtschaft.org\\\/fuehrung-muehlacker-und-fachkundiger-austausch-fuer-beratende-zu-permakultur-landwirtschaft-am-21-august-2024\\\/#article\",\"isPartOf\":{\"@id\":\"https:\\\/\\\/permakultur-landwirtschaft.org\\\/fuehrung-muehlacker-und-fachkundiger-austausch-fuer-beratende-zu-permakultur-landwirtschaft-am-21-august-2024\\\/\"},\"author\":{\"name\":\"adrian reutimann\",\"@id\":\"https:\\\/\\\/permakultur-landwirtschaft.org\\\/#\\\/schema\\\/person\\\/6b0467872f75aed3e144093f9bf4f0b0\"},\"headline\":\"F\u00fchrung M\u00fchlacker und fachkundiger Austausch f\u00fcr Beratende zu Permakultur-Landwirtschaft am 21. August 2024\",\"datePublished\":\"2024-08-13T10:00:15+00:00\",\"dateModified\":\"2024-08-29T13:17:50+00:00\",\"mainEntityOfPage\":{\"@id\":\"https:\\\/\\\/permakultur-landwirtschaft.org\\\/fuehrung-muehlacker-und-fachkundiger-austausch-fuer-beratende-zu-permakultur-landwirtschaft-am-21-august-2024\\\/\"},\"wordCount\":388,\"publisher\":{\"@id\":\"https:\\\/\\\/permakultur-landwirtschaft.org\\\/#organization\"},\"image\":{\"@id\":\"https:\\\/\\\/permakultur-landwirtschaft.org\\\/fuehrung-muehlacker-und-fachkundiger-austausch-fuer-beratende-zu-permakultur-landwirtschaft-am-21-august-2024\\\/#primaryimage\"},\"thumbnailUrl\":\"https:\\\/\\\/permakultur-landwirtschaft.org\\\/wp-content\\\/uploads\\\/2024\\\/08\\\/20240821_Flyer_Permakultur-Landwirtschaft_2024.jpg\",\"keywords\":[\"Austausch\",\"Beratung\",\"Bildung\",\"Hofbegehung\",\"Landwirtschaft\",\"M\u00fchlacker\",\"Permakultur\"],\"articleSection\":[\"Veranstaltung\"],\"inLanguage\":\"fr-FR\"},{\"@type\":\"WebPage\",\"@id\":\"https:\\\/\\\/permakultur-landwirtschaft.org\\\/fuehrung-muehlacker-und-fachkundiger-austausch-fuer-beratende-zu-permakultur-landwirtschaft-am-21-august-2024\\\/\",\"url\":\"https:\\\/\\\/permakultur-landwirtschaft.org\\\/fuehrung-muehlacker-und-fachkundiger-austausch-fuer-beratende-zu-permakultur-landwirtschaft-am-21-august-2024\\\/\",\"name\":\"F\u00fchrung M\u00fchlacker und fachkundiger Austausch f\u00fcr Beratende zu Permakultur-Landwirtschaft am 21. August 2024 - Permakultur-Landwirtschaft\",\"isPartOf\":{\"@id\":\"https:\\\/\\\/permakultur-landwirtschaft.org\\\/#website\"},\"primaryImageOfPage\":{\"@id\":\"https:\\\/\\\/permakultur-landwirtschaft.org\\\/fuehrung-muehlacker-und-fachkundiger-austausch-fuer-beratende-zu-permakultur-landwirtschaft-am-21-august-2024\\\/#primaryimage\"},\"image\":{\"@id\":\"https:\\\/\\\/permakultur-landwirtschaft.org\\\/fuehrung-muehlacker-und-fachkundiger-austausch-fuer-beratende-zu-permakultur-landwirtschaft-am-21-august-2024\\\/#primaryimage\"},\"thumbnailUrl\":\"https:\\\/\\\/permakultur-landwirtschaft.org\\\/wp-content\\\/uploads\\\/2024\\\/08\\\/20240821_Flyer_Permakultur-Landwirtschaft_2024.jpg\",\"datePublished\":\"2024-08-13T10:00:15+00:00\",\"dateModified\":\"2024-08-29T13:17:50+00:00\",\"description\":\"F\u00fchrung M\u00fchlacker und fachkundiger Austausch\u00a0f\u00fcr Beratende mit Dario Principi,\u00a0Fachperson und Mila Laager, BFH-HAFL.\",\"breadcrumb\":{\"@id\":\"https:\\\/\\\/permakultur-landwirtschaft.org\\\/fuehrung-muehlacker-und-fachkundiger-austausch-fuer-beratende-zu-permakultur-landwirtschaft-am-21-august-2024\\\/#breadcrumb\"},\"inLanguage\":\"fr-FR\",\"potentialAction\":[{\"@type\":\"ReadAction\",\"target\":[\"https:\\\/\\\/permakultur-landwirtschaft.org\\\/fuehrung-muehlacker-und-fachkundiger-austausch-fuer-beratende-zu-permakultur-landwirtschaft-am-21-august-2024\\\/\"]}]},{\"@type\":\"ImageObject\",\"inLanguage\":\"fr-FR\",\"@id\":\"https:\\\/\\\/permakultur-landwirtschaft.org\\\/fuehrung-muehlacker-und-fachkundiger-austausch-fuer-beratende-zu-permakultur-landwirtschaft-am-21-august-2024\\\/#primaryimage\",\"url\":\"https:\\\/\\\/permakultur-landwirtschaft.org\\\/wp-content\\\/uploads\\\/2024\\\/08\\\/20240821_Flyer_Permakultur-Landwirtschaft_2024.jpg\",\"contentUrl\":\"https:\\\/\\\/permakultur-landwirtschaft.org\\\/wp-content\\\/uploads\\\/2024\\\/08\\\/20240821_Flyer_Permakultur-Landwirtschaft_2024.jpg\",\"width\":700,\"height\":298,\"caption\":\"Bild: BFH-HAFL\"},{\"@type\":\"BreadcrumbList\",\"@id\":\"https:\\\/\\\/permakultur-landwirtschaft.org\\\/fuehrung-muehlacker-und-fachkundiger-austausch-fuer-beratende-zu-permakultur-landwirtschaft-am-21-august-2024\\\/#breadcrumb\",\"itemListElement\":[{\"@type\":\"ListItem\",\"position\":1,\"name\":\"Startseite\",\"item\":\"https:\\\/\\\/permakultur-landwirtschaft.org\\\/\"},{\"@type\":\"ListItem\",\"position\":2,\"name\":\"F\u00fchrung M\u00fchlacker und fachkundiger Austausch f\u00fcr Beratende zu Permakultur-Landwirtschaft am 21. August 2024\"}]},{\"@type\":\"WebSite\",\"@id\":\"https:\\\/\\\/permakultur-landwirtschaft.org\\\/#website\",\"url\":\"https:\\\/\\\/permakultur-landwirtschaft.org\\\/\",\"name\":\"Permakultur-Landwirtschaft\",\"description\":\"F\u00f6rderung der Permakultur in der Landwirtschaft\",\"publisher\":{\"@id\":\"https:\\\/\\\/permakultur-landwirtschaft.org\\\/#organization\"},\"potentialAction\":[{\"@type\":\"SearchAction\",\"target\":{\"@type\":\"EntryPoint\",\"urlTemplate\":\"https:\\\/\\\/permakultur-landwirtschaft.org\\\/?s={search_term_string}\"},\"query-input\":{\"@type\":\"PropertyValueSpecification\",\"valueRequired\":true,\"valueName\":\"search_term_string\"}}],\"inLanguage\":\"fr-FR\"},{\"@type\":\"Organization\",\"@id\":\"https:\\\/\\\/permakultur-landwirtschaft.org\\\/#organization\",\"name\":\"Permakultur-Landwirtschaft\",\"alternateName\":\"Verein Permakultur-Landwirtschaft\",\"url\":\"https:\\\/\\\/permakultur-landwirtschaft.org\\\/\",\"logo\":{\"@type\":\"ImageObject\",\"inLanguage\":\"fr-FR\",\"@id\":\"https:\\\/\\\/permakultur-landwirtschaft.org\\\/#\\\/schema\\\/logo\\\/image\\\/\",\"url\":\"https:\\\/\\\/permakultur-landwirtschaft.org\\\/wp-content\\\/uploads\\\/2021\\\/11\\\/pela_1268x1269.png\",\"contentUrl\":\"https:\\\/\\\/permakultur-landwirtschaft.org\\\/wp-content\\\/uploads\\\/2021\\\/11\\\/pela_1268x1269.png\",\"width\":1298,\"height\":1269,\"caption\":\"Permakultur-Landwirtschaft\"},\"image\":{\"@id\":\"https:\\\/\\\/permakultur-landwirtschaft.org\\\/#\\\/schema\\\/logo\\\/image\\\/\"},\"sameAs\":[\"https:\\\/\\\/www.facebook.com\\\/PermakulturLandwirtschaft\",\"https:\\\/\\\/www.instagram.com\\\/permakultur_landwirtschaft\\\/\",\"https:\\\/\\\/www.flickr.com\\\/photos\\\/permakultur-landwirtschaft\",\"https:\\\/\\\/www.youtube.com\\\/@PermakulturLandwirtschaft\"]},{\"@type\":\"Person\",\"@id\":\"https:\\\/\\\/permakultur-landwirtschaft.org\\\/#\\\/schema\\\/person\\\/6b0467872f75aed3e144093f9bf4f0b0\",\"name\":\"adrian reutimann\",\"url\":\"https:\\\/\\\/permakultur-landwirtschaft.org\\\/fr\\\/author\\\/reutiadr\\\/\"}]}<\/script>\n<!-- \/ Yoast SEO plugin. -->","yoast_head_json":{"title":"F\u00fchrung M\u00fchlacker und fachkundiger Austausch f\u00fcr Beratende zu Permakultur-Landwirtschaft am 21. August 2024 - Permakultur-Landwirtschaft","description":"F\u00fchrung M\u00fchlacker und fachkundiger Austausch\u00a0f\u00fcr Beratende mit Dario Principi,\u00a0Fachperson und Mila Laager, BFH-HAFL.","robots":{"index":"index","follow":"follow","max-snippet":"max-snippet:-1","max-image-preview":"max-image-preview:large","max-video-preview":"max-video-preview:-1"},"canonical":"https:\/\/permakultur-landwirtschaft.org\/fr\/fuehrung-muehlacker-und-fachkundiger-austausch-fuer-beratende-zu-permakultur-landwirtschaft-am-21-august-2024\/","og_locale":"fr_FR","og_type":"article","og_title":"F\u00fchrung M\u00fchlacker und fachkundiger Austausch f\u00fcr Beratende zu Permakultur-Landwirtschaft am 21. August 2024 - Permakultur-Landwirtschaft","og_description":"F\u00fchrung M\u00fchlacker und fachkundiger Austausch\u00a0f\u00fcr Beratende mit Dario Principi,\u00a0Fachperson und Mila Laager, BFH-HAFL.","og_url":"https:\/\/permakultur-landwirtschaft.org\/fr\/fuehrung-muehlacker-und-fachkundiger-austausch-fuer-beratende-zu-permakultur-landwirtschaft-am-21-august-2024\/","og_site_name":"Permakultur-Landwirtschaft","article_publisher":"https:\/\/www.facebook.com\/PermakulturLandwirtschaft","article_published_time":"2024-08-13T10:00:15+00:00","article_modified_time":"2024-08-29T13:17:50+00:00","og_image":[{"width":700,"height":298,"url":"https:\/\/permakultur-landwirtschaft.org\/wp-content\/uploads\/2024\/08\/20240821_Flyer_Permakultur-Landwirtschaft_2024.jpg","type":"image\/jpeg"}],"author":"adrian reutimann","twitter_card":"summary_large_image","twitter_misc":{"\u00c9crit par":"adrian reutimann","Dur\u00e9e de lecture estim\u00e9e":"3 minutes"},"schema":{"@context":"https:\/\/schema.org","@graph":[{"@type":"Article","@id":"https:\/\/permakultur-landwirtschaft.org\/fuehrung-muehlacker-und-fachkundiger-austausch-fuer-beratende-zu-permakultur-landwirtschaft-am-21-august-2024\/#article","isPartOf":{"@id":"https:\/\/permakultur-landwirtschaft.org\/fuehrung-muehlacker-und-fachkundiger-austausch-fuer-beratende-zu-permakultur-landwirtschaft-am-21-august-2024\/"},"author":{"name":"adrian reutimann","@id":"https:\/\/permakultur-landwirtschaft.org\/#\/schema\/person\/6b0467872f75aed3e144093f9bf4f0b0"},"headline":"F\u00fchrung M\u00fchlacker und fachkundiger Austausch f\u00fcr Beratende zu Permakultur-Landwirtschaft am 21. August 2024","datePublished":"2024-08-13T10:00:15+00:00","dateModified":"2024-08-29T13:17:50+00:00","mainEntityOfPage":{"@id":"https:\/\/permakultur-landwirtschaft.org\/fuehrung-muehlacker-und-fachkundiger-austausch-fuer-beratende-zu-permakultur-landwirtschaft-am-21-august-2024\/"},"wordCount":388,"publisher":{"@id":"https:\/\/permakultur-landwirtschaft.org\/#organization"},"image":{"@id":"https:\/\/permakultur-landwirtschaft.org\/fuehrung-muehlacker-und-fachkundiger-austausch-fuer-beratende-zu-permakultur-landwirtschaft-am-21-august-2024\/#primaryimage"},"thumbnailUrl":"https:\/\/permakultur-landwirtschaft.org\/wp-content\/uploads\/2024\/08\/20240821_Flyer_Permakultur-Landwirtschaft_2024.jpg","keywords":["Austausch","Beratung","Bildung","Hofbegehung","Landwirtschaft","M\u00fchlacker","Permakultur"],"articleSection":["Veranstaltung"],"inLanguage":"fr-FR"},{"@type":"WebPage","@id":"https:\/\/permakultur-landwirtschaft.org\/fuehrung-muehlacker-und-fachkundiger-austausch-fuer-beratende-zu-permakultur-landwirtschaft-am-21-august-2024\/","url":"https:\/\/permakultur-landwirtschaft.org\/fuehrung-muehlacker-und-fachkundiger-austausch-fuer-beratende-zu-permakultur-landwirtschaft-am-21-august-2024\/","name":"F\u00fchrung M\u00fchlacker und fachkundiger Austausch f\u00fcr Beratende zu Permakultur-Landwirtschaft am 21. August 2024 - Permakultur-Landwirtschaft","isPartOf":{"@id":"https:\/\/permakultur-landwirtschaft.org\/#website"},"primaryImageOfPage":{"@id":"https:\/\/permakultur-landwirtschaft.org\/fuehrung-muehlacker-und-fachkundiger-austausch-fuer-beratende-zu-permakultur-landwirtschaft-am-21-august-2024\/#primaryimage"},"image":{"@id":"https:\/\/permakultur-landwirtschaft.org\/fuehrung-muehlacker-und-fachkundiger-austausch-fuer-beratende-zu-permakultur-landwirtschaft-am-21-august-2024\/#primaryimage"},"thumbnailUrl":"https:\/\/permakultur-landwirtschaft.org\/wp-content\/uploads\/2024\/08\/20240821_Flyer_Permakultur-Landwirtschaft_2024.jpg","datePublished":"2024-08-13T10:00:15+00:00","dateModified":"2024-08-29T13:17:50+00:00","description":"F\u00fchrung M\u00fchlacker und fachkundiger Austausch\u00a0f\u00fcr Beratende mit Dario Principi,\u00a0Fachperson und Mila Laager, BFH-HAFL.","breadcrumb":{"@id":"https:\/\/permakultur-landwirtschaft.org\/fuehrung-muehlacker-und-fachkundiger-austausch-fuer-beratende-zu-permakultur-landwirtschaft-am-21-august-2024\/#breadcrumb"},"inLanguage":"fr-FR","potentialAction":[{"@type":"ReadAction","target":["https:\/\/permakultur-landwirtschaft.org\/fuehrung-muehlacker-und-fachkundiger-austausch-fuer-beratende-zu-permakultur-landwirtschaft-am-21-august-2024\/"]}]},{"@type":"ImageObject","inLanguage":"fr-FR","@id":"https:\/\/permakultur-landwirtschaft.org\/fuehrung-muehlacker-und-fachkundiger-austausch-fuer-beratende-zu-permakultur-landwirtschaft-am-21-august-2024\/#primaryimage","url":"https:\/\/permakultur-landwirtschaft.org\/wp-content\/uploads\/2024\/08\/20240821_Flyer_Permakultur-Landwirtschaft_2024.jpg","contentUrl":"https:\/\/permakultur-landwirtschaft.org\/wp-content\/uploads\/2024\/08\/20240821_Flyer_Permakultur-Landwirtschaft_2024.jpg","width":700,"height":298,"caption":"Bild: BFH-HAFL"},{"@type":"BreadcrumbList","@id":"https:\/\/permakultur-landwirtschaft.org\/fuehrung-muehlacker-und-fachkundiger-austausch-fuer-beratende-zu-permakultur-landwirtschaft-am-21-august-2024\/#breadcrumb","itemListElement":[{"@type":"ListItem","position":1,"name":"Startseite","item":"https:\/\/permakultur-landwirtschaft.org\/"},{"@type":"ListItem","position":2,"name":"F\u00fchrung M\u00fchlacker und fachkundiger Austausch f\u00fcr Beratende zu Permakultur-Landwirtschaft am 21. August 2024"}]},{"@type":"WebSite","@id":"https:\/\/permakultur-landwirtschaft.org\/#website","url":"https:\/\/permakultur-landwirtschaft.org\/","name":"Permakultur-Landwirtschaft","description":"F\u00f6rderung der Permakultur in der Landwirtschaft","publisher":{"@id":"https:\/\/permakultur-landwirtschaft.org\/#organization"},"potentialAction":[{"@type":"SearchAction","target":{"@type":"EntryPoint","urlTemplate":"https:\/\/permakultur-landwirtschaft.org\/?s={search_term_string}"},"query-input":{"@type":"PropertyValueSpecification","valueRequired":true,"valueName":"search_term_string"}}],"inLanguage":"fr-FR"},{"@type":"Organization","@id":"https:\/\/permakultur-landwirtschaft.org\/#organization","name":"Permakultur-Landwirtschaft","alternateName":"Verein Permakultur-Landwirtschaft","url":"https:\/\/permakultur-landwirtschaft.org\/","logo":{"@type":"ImageObject","inLanguage":"fr-FR","@id":"https:\/\/permakultur-landwirtschaft.org\/#\/schema\/logo\/image\/","url":"https:\/\/permakultur-landwirtschaft.org\/wp-content\/uploads\/2021\/11\/pela_1268x1269.png","contentUrl":"https:\/\/permakultur-landwirtschaft.org\/wp-content\/uploads\/2021\/11\/pela_1268x1269.png","width":1298,"height":1269,"caption":"Permakultur-Landwirtschaft"},"image":{"@id":"https:\/\/permakultur-landwirtschaft.org\/#\/schema\/logo\/image\/"},"sameAs":["https:\/\/www.facebook.com\/PermakulturLandwirtschaft","https:\/\/www.instagram.com\/permakultur_landwirtschaft\/","https:\/\/www.flickr.com\/photos\/permakultur-landwirtschaft","https:\/\/www.youtube.com\/@PermakulturLandwirtschaft"]},{"@type":"Person","@id":"https:\/\/permakultur-landwirtschaft.org\/#\/schema\/person\/6b0467872f75aed3e144093f9bf4f0b0","name":"adrian reutimann","url":"https:\/\/permakultur-landwirtschaft.org\/fr\/author\/reutiadr\/"}]}},"_links":{"self":[{"href":"https:\/\/permakultur-landwirtschaft.org\/fr\/wp-json\/wp\/v2\/posts\/35101","targetHints":{"allow":["GET"]}}],"collection":[{"href":"https:\/\/permakultur-landwirtschaft.org\/fr\/wp-json\/wp\/v2\/posts"}],"about":[{"href":"https:\/\/permakultur-landwirtschaft.org\/fr\/wp-json\/wp\/v2\/types\/post"}],"author":[{"embeddable":true,"href":"https:\/\/permakultur-landwirtschaft.org\/fr\/wp-json\/wp\/v2\/users\/2"}],"replies":[{"embeddable":true,"href":"https:\/\/permakultur-landwirtschaft.org\/fr\/wp-json\/wp\/v2\/comments?post=35101"}],"version-history":[{"count":4,"href":"https:\/\/permakultur-landwirtschaft.org\/fr\/wp-json\/wp\/v2\/posts\/35101\/revisions"}],"predecessor-version":[{"id":35175,"href":"https:\/\/permakultur-landwirtschaft.org\/fr\/wp-json\/wp\/v2\/posts\/35101\/revisions\/35175"}],"wp:featuredmedia":[{"embeddable":true,"href":"https:\/\/permakultur-landwirtschaft.org\/fr\/wp-json\/wp\/v2\/media\/35102"}],"wp:attachment":[{"href":"https:\/\/permakultur-landwirtschaft.org\/fr\/wp-json\/wp\/v2\/media?parent=35101"}],"wp:term":[{"taxonomy":"category","embeddable":true,"href":"https:\/\/permakultur-landwirtschaft.org\/fr\/wp-json\/wp\/v2\/categories?post=35101"},{"taxonomy":"post_tag","embeddable":true,"href":"https:\/\/permakultur-landwirtschaft.org\/fr\/wp-json\/wp\/v2\/tags?post=35101"}],"curies":[{"name":"wp","href":"https:\/\/api.w.org\/{rel}","templated":true}]}}