{"id":35068,"date":"2024-07-12T17:04:13","date_gmt":"2024-07-12T15:04:13","guid":{"rendered":"https:\/\/permakultur-landwirtschaft.org\/?p=35068"},"modified":"2024-07-12T17:04:14","modified_gmt":"2024-07-12T15:04:14","slug":"biozyklisch-vegane-humuserde-veredelung-im-permakultur-kontext-webinar-am-21-august-2024","status":"publish","type":"post","link":"https:\/\/permakultur-landwirtschaft.org\/fr\/biozyklisch-vegane-humuserde-veredelung-im-permakultur-kontext-webinar-am-21-august-2024\/","title":{"rendered":"Biozyklisch-vegane Humuserde -Veredelung im Permakultur-Kontext &#8211; Webinar am 21. August 2024"},"content":{"rendered":"<p>Kostenloses Webinar mit Dr. agr. Johannes Eisenbach<\/p>\n\n\n\n<p>Text von dieconvergence.de: <\/p>\n\n\n\n<p>Global denken, lokal handeln, aber wie? Die Wiederherstellung der urspr\u00fcnglich dauerhaften, nat\u00fcrlichen Bodenfruchtbarkeit kann nicht nur eine Aufgabe der Landwirtschaft sein, sondern betrifft die Zivilgesellschaft als Ganzes. Mit der Schaffung lokaler Biozyklischer Humuserde-Hubs soll ein dezentrales Netzwerk als Bollwerk gegen Ausbeutung, Raubbau und Gewalt entstehen, das Stoffkreisl\u00e4ufe bereits auf regionaler Ebene schlie\u00dfen hilft mit dem Ziel, tierleidfrei Nahrungsmittel von bislang unbekannter G\u00fcte zu erzeugen.<\/p>\n\n\n\n<p><a href=\"https:\/\/us06web.zoom.us\/j\/89729555388?pwd=gaVNQxIKpj8ar7hPO27IBthsWOyTem.1\" target=\"_blank\" rel=\"noreferrer noopener\">https:\/\/us06web.zoom.us\/j\/89729555388?pwd=gaVNQxIKpj8ar7hPO27IBthsWOyTem.1<\/a><\/p>\n\n\n\n<p>Meeting-ID: 897 2955 5388<br>Kenncode: 220663<\/p>\n\n\n\n<p><a href=\"https:\/\/dieconvergence.de\/\" target=\"_blank\" rel=\"noreferrer noopener\">Link zu mehr Infos<\/a><\/p>","protected":false},"excerpt":{"rendered":"<p>Kostenloses Webinar mit Dr. agr. Johannes Eisenbach Text von dieconvergence.de: Global denken, lokal handeln, aber wie? Die Wiederherstellung der urspr\u00fcnglich dauerhaften, nat\u00fcrlichen Bodenfruchtbarkeit kann nicht nur eine Aufgabe der Landwirtschaft sein, sondern betrifft die Zivilgesellschaft als Ganzes. Mit der Schaffung lokaler Biozyklischer Humuserde-Hubs soll ein dezentrales Netzwerk als Bollwerk gegen Ausbeutung, Raubbau und Gewalt entstehen, [&hellip;]<\/p>\n","protected":false},"author":2,"featured_media":35069,"comment_status":"closed","ping_status":"closed","sticky":false,"template":"","format":"standard","meta":{"_acf_changed":false,"site-sidebar-layout":"default","site-content-layout":"","ast-site-content-layout":"default","site-content-style":"default","site-sidebar-style":"default","ast-global-header-display":"","ast-banner-title-visibility":"","ast-main-header-display":"","ast-hfb-above-header-display":"","ast-hfb-below-header-display":"","ast-hfb-mobile-header-display":"","site-post-title":"","ast-breadcrumbs-content":"","ast-featured-img":"","footer-sml-layout":"","ast-disable-related-posts":"","theme-transparent-header-meta":"","adv-header-id-meta":"","stick-header-meta":"","header-above-stick-meta":"","header-main-stick-meta":"","header-below-stick-meta":"","astra-migrate-meta-layouts":"set","ast-page-background-enabled":"default","ast-page-background-meta":{"desktop":{"background-color":"var(--ast-global-color-4)","background-image":"","background-repeat":"repeat","background-position":"center center","background-size":"auto","background-attachment":"scroll","background-type":"","background-media":"","overlay-type":"","overlay-color":"","overlay-opacity":"","overlay-gradient":""},"tablet":{"background-color":"","background-image":"","background-repeat":"repeat","background-position":"center center","background-size":"auto","background-attachment":"scroll","background-type":"","background-media":"","overlay-type":"","overlay-color":"","overlay-opacity":"","overlay-gradient":""},"mobile":{"background-color":"","background-image":"","background-repeat":"repeat","background-position":"center center","background-size":"auto","background-attachment":"scroll","background-type":"","background-media":"","overlay-type":"","overlay-color":"","overlay-opacity":"","overlay-gradient":""}},"ast-content-background-meta":{"desktop":{"background-color":"var(--ast-global-color-5)","background-image":"","background-repeat":"repeat","background-position":"center center","background-size":"auto","background-attachment":"scroll","background-type":"","background-media":"","overlay-type":"","overlay-color":"","overlay-opacity":"","overlay-gradient":""},"tablet":{"background-color":"var(--ast-global-color-5)","background-image":"","background-repeat":"repeat","background-position":"center center","background-size":"auto","background-attachment":"scroll","background-type":"","background-media":"","overlay-type":"","overlay-color":"","overlay-opacity":"","overlay-gradient":""},"mobile":{"background-color":"var(--ast-global-color-5)","background-image":"","background-repeat":"repeat","background-position":"center center","background-size":"auto","background-attachment":"scroll","background-type":"","background-media":"","overlay-type":"","overlay-color":"","overlay-opacity":"","overlay-gradient":""}},"footnotes":""},"categories":[14],"tags":[363,364,26,17,82],"class_list":["post-35068","post","type-post","status-publish","format-standard","has-post-thumbnail","hentry","category-veranstaltung","tag-biozyklisch-vegane-humuserde","tag-dr-agr-johannes-eisenbach","tag-humus","tag-permakultur","tag-webinar"],"acf":[],"yoast_head":"<!-- This site is optimized with the Yoast SEO plugin v27.5 - https:\/\/yoast.com\/product\/yoast-seo-wordpress\/ -->\n<title>Biozyklisch-vegane Humuserde -Veredelung im Permakultur-Kontext - Webinar am 21. August 2024 - Permakultur-Landwirtschaft<\/title>\n<meta name=\"description\" content=\"Biozyklisch-vegane Humuserde -Veredelung im Permakultur-Kontext - kostenloses Webinar mit Dr. agr. Johannes Eisenbach am 21. August 2024.\" \/>\n<meta name=\"robots\" content=\"index, follow, max-snippet:-1, max-image-preview:large, max-video-preview:-1\" \/>\n<link rel=\"canonical\" href=\"https:\/\/permakultur-landwirtschaft.org\/fr\/biozyklisch-vegane-humuserde-veredelung-im-permakultur-kontext-webinar-am-21-august-2024\/\" \/>\n<meta property=\"og:locale\" content=\"fr_FR\" \/>\n<meta property=\"og:type\" content=\"article\" \/>\n<meta property=\"og:title\" content=\"Biozyklisch-vegane Humuserde -Veredelung im Permakultur-Kontext - Webinar am 21. August 2024 - Permakultur-Landwirtschaft\" \/>\n<meta property=\"og:description\" content=\"Biozyklisch-vegane Humuserde -Veredelung im Permakultur-Kontext - kostenloses Webinar mit Dr. agr. Johannes Eisenbach am 21. August 2024.\" \/>\n<meta property=\"og:url\" content=\"https:\/\/permakultur-landwirtschaft.org\/fr\/biozyklisch-vegane-humuserde-veredelung-im-permakultur-kontext-webinar-am-21-august-2024\/\" \/>\n<meta property=\"og:site_name\" content=\"Permakultur-Landwirtschaft\" \/>\n<meta property=\"article:publisher\" content=\"https:\/\/www.facebook.com\/PermakulturLandwirtschaft\" \/>\n<meta property=\"article:published_time\" content=\"2024-07-12T15:04:13+00:00\" \/>\n<meta property=\"article:modified_time\" content=\"2024-07-12T15:04:14+00:00\" \/>\n<meta property=\"og:image\" content=\"https:\/\/permakultur-landwirtschaft.org\/wp-content\/uploads\/2024\/07\/Johannes_bearbeitet-768x657-1.jpg\" \/>\n\t<meta property=\"og:image:width\" content=\"700\" \/>\n\t<meta property=\"og:image:height\" content=\"598\" \/>\n\t<meta property=\"og:image:type\" content=\"image\/jpeg\" \/>\n<meta name=\"author\" content=\"adrian reutimann\" \/>\n<meta name=\"twitter:card\" content=\"summary_large_image\" \/>\n<meta name=\"twitter:label1\" content=\"\u00c9crit par\" \/>\n\t<meta name=\"twitter:data1\" content=\"adrian reutimann\" \/>\n\t<meta name=\"twitter:label2\" content=\"Dur\u00e9e de lecture estim\u00e9e\" \/>\n\t<meta name=\"twitter:data2\" content=\"1 minute\" \/>\n<script type=\"application\/ld+json\" class=\"yoast-schema-graph\">{\"@context\":\"https:\\\/\\\/schema.org\",\"@graph\":[{\"@type\":\"Article\",\"@id\":\"https:\\\/\\\/permakultur-landwirtschaft.org\\\/biozyklisch-vegane-humuserde-veredelung-im-permakultur-kontext-webinar-am-21-august-2024\\\/#article\",\"isPartOf\":{\"@id\":\"https:\\\/\\\/permakultur-landwirtschaft.org\\\/biozyklisch-vegane-humuserde-veredelung-im-permakultur-kontext-webinar-am-21-august-2024\\\/\"},\"author\":{\"name\":\"adrian reutimann\",\"@id\":\"https:\\\/\\\/permakultur-landwirtschaft.org\\\/#\\\/schema\\\/person\\\/6b0467872f75aed3e144093f9bf4f0b0\"},\"headline\":\"Biozyklisch-vegane Humuserde -Veredelung im Permakultur-Kontext &#8211; Webinar am 21. August 2024\",\"datePublished\":\"2024-07-12T15:04:13+00:00\",\"dateModified\":\"2024-07-12T15:04:14+00:00\",\"mainEntityOfPage\":{\"@id\":\"https:\\\/\\\/permakultur-landwirtschaft.org\\\/biozyklisch-vegane-humuserde-veredelung-im-permakultur-kontext-webinar-am-21-august-2024\\\/\"},\"wordCount\":106,\"publisher\":{\"@id\":\"https:\\\/\\\/permakultur-landwirtschaft.org\\\/#organization\"},\"image\":{\"@id\":\"https:\\\/\\\/permakultur-landwirtschaft.org\\\/biozyklisch-vegane-humuserde-veredelung-im-permakultur-kontext-webinar-am-21-august-2024\\\/#primaryimage\"},\"thumbnailUrl\":\"https:\\\/\\\/permakultur-landwirtschaft.org\\\/wp-content\\\/uploads\\\/2024\\\/07\\\/Johannes_bearbeitet-768x657-1.jpg\",\"keywords\":[\"Biozyklisch-vegane Humuserde\",\"Dr. agr. Johannes Eisenbach\",\"humus\",\"Permakultur\",\"Webinar\"],\"articleSection\":[\"Veranstaltung\"],\"inLanguage\":\"fr-FR\"},{\"@type\":\"WebPage\",\"@id\":\"https:\\\/\\\/permakultur-landwirtschaft.org\\\/biozyklisch-vegane-humuserde-veredelung-im-permakultur-kontext-webinar-am-21-august-2024\\\/\",\"url\":\"https:\\\/\\\/permakultur-landwirtschaft.org\\\/biozyklisch-vegane-humuserde-veredelung-im-permakultur-kontext-webinar-am-21-august-2024\\\/\",\"name\":\"Biozyklisch-vegane Humuserde -Veredelung im Permakultur-Kontext - Webinar am 21. August 2024 - Permakultur-Landwirtschaft\",\"isPartOf\":{\"@id\":\"https:\\\/\\\/permakultur-landwirtschaft.org\\\/#website\"},\"primaryImageOfPage\":{\"@id\":\"https:\\\/\\\/permakultur-landwirtschaft.org\\\/biozyklisch-vegane-humuserde-veredelung-im-permakultur-kontext-webinar-am-21-august-2024\\\/#primaryimage\"},\"image\":{\"@id\":\"https:\\\/\\\/permakultur-landwirtschaft.org\\\/biozyklisch-vegane-humuserde-veredelung-im-permakultur-kontext-webinar-am-21-august-2024\\\/#primaryimage\"},\"thumbnailUrl\":\"https:\\\/\\\/permakultur-landwirtschaft.org\\\/wp-content\\\/uploads\\\/2024\\\/07\\\/Johannes_bearbeitet-768x657-1.jpg\",\"datePublished\":\"2024-07-12T15:04:13+00:00\",\"dateModified\":\"2024-07-12T15:04:14+00:00\",\"description\":\"Biozyklisch-vegane Humuserde -Veredelung im Permakultur-Kontext - kostenloses Webinar mit Dr. agr. Johannes Eisenbach am 21. August 2024.\",\"breadcrumb\":{\"@id\":\"https:\\\/\\\/permakultur-landwirtschaft.org\\\/biozyklisch-vegane-humuserde-veredelung-im-permakultur-kontext-webinar-am-21-august-2024\\\/#breadcrumb\"},\"inLanguage\":\"fr-FR\",\"potentialAction\":[{\"@type\":\"ReadAction\",\"target\":[\"https:\\\/\\\/permakultur-landwirtschaft.org\\\/biozyklisch-vegane-humuserde-veredelung-im-permakultur-kontext-webinar-am-21-august-2024\\\/\"]}]},{\"@type\":\"ImageObject\",\"inLanguage\":\"fr-FR\",\"@id\":\"https:\\\/\\\/permakultur-landwirtschaft.org\\\/biozyklisch-vegane-humuserde-veredelung-im-permakultur-kontext-webinar-am-21-august-2024\\\/#primaryimage\",\"url\":\"https:\\\/\\\/permakultur-landwirtschaft.org\\\/wp-content\\\/uploads\\\/2024\\\/07\\\/Johannes_bearbeitet-768x657-1.jpg\",\"contentUrl\":\"https:\\\/\\\/permakultur-landwirtschaft.org\\\/wp-content\\\/uploads\\\/2024\\\/07\\\/Johannes_bearbeitet-768x657-1.jpg\",\"width\":700,\"height\":598,\"caption\":\"Bild: dieconvergence.de\"},{\"@type\":\"BreadcrumbList\",\"@id\":\"https:\\\/\\\/permakultur-landwirtschaft.org\\\/biozyklisch-vegane-humuserde-veredelung-im-permakultur-kontext-webinar-am-21-august-2024\\\/#breadcrumb\",\"itemListElement\":[{\"@type\":\"ListItem\",\"position\":1,\"name\":\"Startseite\",\"item\":\"https:\\\/\\\/permakultur-landwirtschaft.org\\\/\"},{\"@type\":\"ListItem\",\"position\":2,\"name\":\"Biozyklisch-vegane Humuserde -Veredelung im Permakultur-Kontext &#8211; Webinar am 21. August 2024\"}]},{\"@type\":\"WebSite\",\"@id\":\"https:\\\/\\\/permakultur-landwirtschaft.org\\\/#website\",\"url\":\"https:\\\/\\\/permakultur-landwirtschaft.org\\\/\",\"name\":\"Permakultur-Landwirtschaft\",\"description\":\"F\u00f6rderung der Permakultur in der Landwirtschaft\",\"publisher\":{\"@id\":\"https:\\\/\\\/permakultur-landwirtschaft.org\\\/#organization\"},\"potentialAction\":[{\"@type\":\"SearchAction\",\"target\":{\"@type\":\"EntryPoint\",\"urlTemplate\":\"https:\\\/\\\/permakultur-landwirtschaft.org\\\/?s={search_term_string}\"},\"query-input\":{\"@type\":\"PropertyValueSpecification\",\"valueRequired\":true,\"valueName\":\"search_term_string\"}}],\"inLanguage\":\"fr-FR\"},{\"@type\":\"Organization\",\"@id\":\"https:\\\/\\\/permakultur-landwirtschaft.org\\\/#organization\",\"name\":\"Permakultur-Landwirtschaft\",\"alternateName\":\"Verein Permakultur-Landwirtschaft\",\"url\":\"https:\\\/\\\/permakultur-landwirtschaft.org\\\/\",\"logo\":{\"@type\":\"ImageObject\",\"inLanguage\":\"fr-FR\",\"@id\":\"https:\\\/\\\/permakultur-landwirtschaft.org\\\/#\\\/schema\\\/logo\\\/image\\\/\",\"url\":\"https:\\\/\\\/permakultur-landwirtschaft.org\\\/wp-content\\\/uploads\\\/2021\\\/11\\\/pela_1268x1269.png\",\"contentUrl\":\"https:\\\/\\\/permakultur-landwirtschaft.org\\\/wp-content\\\/uploads\\\/2021\\\/11\\\/pela_1268x1269.png\",\"width\":1298,\"height\":1269,\"caption\":\"Permakultur-Landwirtschaft\"},\"image\":{\"@id\":\"https:\\\/\\\/permakultur-landwirtschaft.org\\\/#\\\/schema\\\/logo\\\/image\\\/\"},\"sameAs\":[\"https:\\\/\\\/www.facebook.com\\\/PermakulturLandwirtschaft\",\"https:\\\/\\\/www.instagram.com\\\/permakultur_landwirtschaft\\\/\",\"https:\\\/\\\/www.flickr.com\\\/photos\\\/permakultur-landwirtschaft\",\"https:\\\/\\\/www.youtube.com\\\/@PermakulturLandwirtschaft\"]},{\"@type\":\"Person\",\"@id\":\"https:\\\/\\\/permakultur-landwirtschaft.org\\\/#\\\/schema\\\/person\\\/6b0467872f75aed3e144093f9bf4f0b0\",\"name\":\"adrian reutimann\",\"url\":\"https:\\\/\\\/permakultur-landwirtschaft.org\\\/fr\\\/author\\\/reutiadr\\\/\"}]}<\/script>\n<!-- \/ Yoast SEO plugin. -->","yoast_head_json":{"title":"Biozyklisch-vegane Humuserde -Veredelung im Permakultur-Kontext - Webinar am 21. August 2024 - Permakultur-Landwirtschaft","description":"Biozyklisch-vegane Humuserde -Veredelung im Permakultur-Kontext - kostenloses Webinar mit Dr. agr. Johannes Eisenbach am 21. August 2024.","robots":{"index":"index","follow":"follow","max-snippet":"max-snippet:-1","max-image-preview":"max-image-preview:large","max-video-preview":"max-video-preview:-1"},"canonical":"https:\/\/permakultur-landwirtschaft.org\/fr\/biozyklisch-vegane-humuserde-veredelung-im-permakultur-kontext-webinar-am-21-august-2024\/","og_locale":"fr_FR","og_type":"article","og_title":"Biozyklisch-vegane Humuserde -Veredelung im Permakultur-Kontext - Webinar am 21. August 2024 - Permakultur-Landwirtschaft","og_description":"Biozyklisch-vegane Humuserde -Veredelung im Permakultur-Kontext - kostenloses Webinar mit Dr. agr. Johannes Eisenbach am 21. August 2024.","og_url":"https:\/\/permakultur-landwirtschaft.org\/fr\/biozyklisch-vegane-humuserde-veredelung-im-permakultur-kontext-webinar-am-21-august-2024\/","og_site_name":"Permakultur-Landwirtschaft","article_publisher":"https:\/\/www.facebook.com\/PermakulturLandwirtschaft","article_published_time":"2024-07-12T15:04:13+00:00","article_modified_time":"2024-07-12T15:04:14+00:00","og_image":[{"width":700,"height":598,"url":"https:\/\/permakultur-landwirtschaft.org\/wp-content\/uploads\/2024\/07\/Johannes_bearbeitet-768x657-1.jpg","type":"image\/jpeg"}],"author":"adrian reutimann","twitter_card":"summary_large_image","twitter_misc":{"\u00c9crit par":"adrian reutimann","Dur\u00e9e de lecture estim\u00e9e":"1 minute"},"schema":{"@context":"https:\/\/schema.org","@graph":[{"@type":"Article","@id":"https:\/\/permakultur-landwirtschaft.org\/biozyklisch-vegane-humuserde-veredelung-im-permakultur-kontext-webinar-am-21-august-2024\/#article","isPartOf":{"@id":"https:\/\/permakultur-landwirtschaft.org\/biozyklisch-vegane-humuserde-veredelung-im-permakultur-kontext-webinar-am-21-august-2024\/"},"author":{"name":"adrian reutimann","@id":"https:\/\/permakultur-landwirtschaft.org\/#\/schema\/person\/6b0467872f75aed3e144093f9bf4f0b0"},"headline":"Biozyklisch-vegane Humuserde -Veredelung im Permakultur-Kontext &#8211; Webinar am 21. August 2024","datePublished":"2024-07-12T15:04:13+00:00","dateModified":"2024-07-12T15:04:14+00:00","mainEntityOfPage":{"@id":"https:\/\/permakultur-landwirtschaft.org\/biozyklisch-vegane-humuserde-veredelung-im-permakultur-kontext-webinar-am-21-august-2024\/"},"wordCount":106,"publisher":{"@id":"https:\/\/permakultur-landwirtschaft.org\/#organization"},"image":{"@id":"https:\/\/permakultur-landwirtschaft.org\/biozyklisch-vegane-humuserde-veredelung-im-permakultur-kontext-webinar-am-21-august-2024\/#primaryimage"},"thumbnailUrl":"https:\/\/permakultur-landwirtschaft.org\/wp-content\/uploads\/2024\/07\/Johannes_bearbeitet-768x657-1.jpg","keywords":["Biozyklisch-vegane Humuserde","Dr. agr. Johannes Eisenbach","humus","Permakultur","Webinar"],"articleSection":["Veranstaltung"],"inLanguage":"fr-FR"},{"@type":"WebPage","@id":"https:\/\/permakultur-landwirtschaft.org\/biozyklisch-vegane-humuserde-veredelung-im-permakultur-kontext-webinar-am-21-august-2024\/","url":"https:\/\/permakultur-landwirtschaft.org\/biozyklisch-vegane-humuserde-veredelung-im-permakultur-kontext-webinar-am-21-august-2024\/","name":"Biozyklisch-vegane Humuserde -Veredelung im Permakultur-Kontext - Webinar am 21. August 2024 - Permakultur-Landwirtschaft","isPartOf":{"@id":"https:\/\/permakultur-landwirtschaft.org\/#website"},"primaryImageOfPage":{"@id":"https:\/\/permakultur-landwirtschaft.org\/biozyklisch-vegane-humuserde-veredelung-im-permakultur-kontext-webinar-am-21-august-2024\/#primaryimage"},"image":{"@id":"https:\/\/permakultur-landwirtschaft.org\/biozyklisch-vegane-humuserde-veredelung-im-permakultur-kontext-webinar-am-21-august-2024\/#primaryimage"},"thumbnailUrl":"https:\/\/permakultur-landwirtschaft.org\/wp-content\/uploads\/2024\/07\/Johannes_bearbeitet-768x657-1.jpg","datePublished":"2024-07-12T15:04:13+00:00","dateModified":"2024-07-12T15:04:14+00:00","description":"Biozyklisch-vegane Humuserde -Veredelung im Permakultur-Kontext - kostenloses Webinar mit Dr. agr. Johannes Eisenbach am 21. August 2024.","breadcrumb":{"@id":"https:\/\/permakultur-landwirtschaft.org\/biozyklisch-vegane-humuserde-veredelung-im-permakultur-kontext-webinar-am-21-august-2024\/#breadcrumb"},"inLanguage":"fr-FR","potentialAction":[{"@type":"ReadAction","target":["https:\/\/permakultur-landwirtschaft.org\/biozyklisch-vegane-humuserde-veredelung-im-permakultur-kontext-webinar-am-21-august-2024\/"]}]},{"@type":"ImageObject","inLanguage":"fr-FR","@id":"https:\/\/permakultur-landwirtschaft.org\/biozyklisch-vegane-humuserde-veredelung-im-permakultur-kontext-webinar-am-21-august-2024\/#primaryimage","url":"https:\/\/permakultur-landwirtschaft.org\/wp-content\/uploads\/2024\/07\/Johannes_bearbeitet-768x657-1.jpg","contentUrl":"https:\/\/permakultur-landwirtschaft.org\/wp-content\/uploads\/2024\/07\/Johannes_bearbeitet-768x657-1.jpg","width":700,"height":598,"caption":"Bild: dieconvergence.de"},{"@type":"BreadcrumbList","@id":"https:\/\/permakultur-landwirtschaft.org\/biozyklisch-vegane-humuserde-veredelung-im-permakultur-kontext-webinar-am-21-august-2024\/#breadcrumb","itemListElement":[{"@type":"ListItem","position":1,"name":"Startseite","item":"https:\/\/permakultur-landwirtschaft.org\/"},{"@type":"ListItem","position":2,"name":"Biozyklisch-vegane Humuserde -Veredelung im Permakultur-Kontext &#8211; Webinar am 21. August 2024"}]},{"@type":"WebSite","@id":"https:\/\/permakultur-landwirtschaft.org\/#website","url":"https:\/\/permakultur-landwirtschaft.org\/","name":"Permakultur-Landwirtschaft","description":"F\u00f6rderung der Permakultur in der Landwirtschaft","publisher":{"@id":"https:\/\/permakultur-landwirtschaft.org\/#organization"},"potentialAction":[{"@type":"SearchAction","target":{"@type":"EntryPoint","urlTemplate":"https:\/\/permakultur-landwirtschaft.org\/?s={search_term_string}"},"query-input":{"@type":"PropertyValueSpecification","valueRequired":true,"valueName":"search_term_string"}}],"inLanguage":"fr-FR"},{"@type":"Organization","@id":"https:\/\/permakultur-landwirtschaft.org\/#organization","name":"Permakultur-Landwirtschaft","alternateName":"Verein Permakultur-Landwirtschaft","url":"https:\/\/permakultur-landwirtschaft.org\/","logo":{"@type":"ImageObject","inLanguage":"fr-FR","@id":"https:\/\/permakultur-landwirtschaft.org\/#\/schema\/logo\/image\/","url":"https:\/\/permakultur-landwirtschaft.org\/wp-content\/uploads\/2021\/11\/pela_1268x1269.png","contentUrl":"https:\/\/permakultur-landwirtschaft.org\/wp-content\/uploads\/2021\/11\/pela_1268x1269.png","width":1298,"height":1269,"caption":"Permakultur-Landwirtschaft"},"image":{"@id":"https:\/\/permakultur-landwirtschaft.org\/#\/schema\/logo\/image\/"},"sameAs":["https:\/\/www.facebook.com\/PermakulturLandwirtschaft","https:\/\/www.instagram.com\/permakultur_landwirtschaft\/","https:\/\/www.flickr.com\/photos\/permakultur-landwirtschaft","https:\/\/www.youtube.com\/@PermakulturLandwirtschaft"]},{"@type":"Person","@id":"https:\/\/permakultur-landwirtschaft.org\/#\/schema\/person\/6b0467872f75aed3e144093f9bf4f0b0","name":"adrian reutimann","url":"https:\/\/permakultur-landwirtschaft.org\/fr\/author\/reutiadr\/"}]}},"_links":{"self":[{"href":"https:\/\/permakultur-landwirtschaft.org\/fr\/wp-json\/wp\/v2\/posts\/35068","targetHints":{"allow":["GET"]}}],"collection":[{"href":"https:\/\/permakultur-landwirtschaft.org\/fr\/wp-json\/wp\/v2\/posts"}],"about":[{"href":"https:\/\/permakultur-landwirtschaft.org\/fr\/wp-json\/wp\/v2\/types\/post"}],"author":[{"embeddable":true,"href":"https:\/\/permakultur-landwirtschaft.org\/fr\/wp-json\/wp\/v2\/users\/2"}],"replies":[{"embeddable":true,"href":"https:\/\/permakultur-landwirtschaft.org\/fr\/wp-json\/wp\/v2\/comments?post=35068"}],"version-history":[{"count":1,"href":"https:\/\/permakultur-landwirtschaft.org\/fr\/wp-json\/wp\/v2\/posts\/35068\/revisions"}],"predecessor-version":[{"id":35070,"href":"https:\/\/permakultur-landwirtschaft.org\/fr\/wp-json\/wp\/v2\/posts\/35068\/revisions\/35070"}],"wp:featuredmedia":[{"embeddable":true,"href":"https:\/\/permakultur-landwirtschaft.org\/fr\/wp-json\/wp\/v2\/media\/35069"}],"wp:attachment":[{"href":"https:\/\/permakultur-landwirtschaft.org\/fr\/wp-json\/wp\/v2\/media?parent=35068"}],"wp:term":[{"taxonomy":"category","embeddable":true,"href":"https:\/\/permakultur-landwirtschaft.org\/fr\/wp-json\/wp\/v2\/categories?post=35068"},{"taxonomy":"post_tag","embeddable":true,"href":"https:\/\/permakultur-landwirtschaft.org\/fr\/wp-json\/wp\/v2\/tags?post=35068"}],"curies":[{"name":"wp","href":"https:\/\/api.w.org\/{rel}","templated":true}]}}