{"id":35062,"date":"2024-07-12T16:56:27","date_gmt":"2024-07-12T14:56:27","guid":{"rendered":"https:\/\/permakultur-landwirtschaft.org\/?p=35062"},"modified":"2024-07-12T16:57:40","modified_gmt":"2024-07-12T14:57:40","slug":"die-convergence-gemeinsam-fuer-eine-zukunftsfaehige-landwirtschaft-konferenz-vom-16-bis-19-januar-2025","status":"publish","type":"post","link":"https:\/\/permakultur-landwirtschaft.org\/fr\/die-convergence-gemeinsam-fuer-eine-zukunftsfaehige-landwirtschaft-konferenz-vom-16-bis-19-januar-2025\/","title":{"rendered":"Die Convergence &#8211; Gemeinsam f\u00fcr eine zukunftsf\u00e4hige Landwirtschaft &#8211; Konferenz vom 16. bis 19. Januar 2025"},"content":{"rendered":"<p>Text von dieconvergence.de:<\/p>\n\n\n\n<p>Wir versammeln Vorreiter der Landwirtschaft, Permakultur und alle Interessierte in einem hochqualitativen Begegnungsraum, die in Harmonie mit der Natur arbeiten, das Leben f\u00f6rdern und praktisch experimentieren und forschen. Es werden au\u00dfergew\u00f6hnlichen L\u00f6sungen und Ideen geteilt, vorhandenes Wissen zug\u00e4nglich gemacht.<\/p>\n\n\n\n<p>Mit dem Open-Space-Konferenzformat schaffen wir einen klaren und gleichzeitig sehr kreativen Rahmen, durch den Selbstwirksamkeit, ein optimaler Austausch und authentische Begegnungen auf Augenh\u00f6he entstehen. Dadurch gestalten sich die Inhalte vollends durch die Interessen und Bed\u00fcrfnisse der Teilnehmer. Au\u00dferdem wird es auf der Convergence auch Begegnungsr\u00e4ume jenseits der landwirtschaftlichen Inhalte geben.<\/p>\n\n\n\n<p>Die Convergence ist die Austausch- und Inspirationsplattform f\u00fcr euch!<\/p>\n\n\n\n<p><strong>Date<\/strong><br>16. bis 19. Januar 2025<\/p>\n\n\n\n<p><strong>Lieu<\/strong><br><a href=\"https:\/\/www.lebensgarten.de\/\" target=\"_blank\" rel=\"noreferrer noopener\">Lebensgarten Steyerberg DE<\/a><\/p>\n\n\n\n<p><a href=\"https:\/\/dieconvergence.de\/\" target=\"_blank\" rel=\"noreferrer noopener\">Link zur mehr Infos<\/a><\/p>","protected":false},"excerpt":{"rendered":"<p>Text von dieconvergence.de: Wir versammeln Vorreiter der Landwirtschaft, Permakultur und alle Interessierte in einem hochqualitativen Begegnungsraum, die in Harmonie mit der Natur arbeiten, das Leben f\u00f6rdern und praktisch experimentieren und forschen. Es werden au\u00dfergew\u00f6hnlichen L\u00f6sungen und Ideen geteilt, vorhandenes Wissen zug\u00e4nglich gemacht. Mit dem Open-Space-Konferenzformat schaffen wir einen klaren und gleichzeitig sehr kreativen Rahmen, durch [&hellip;]<\/p>\n","protected":false},"author":2,"featured_media":35064,"comment_status":"closed","ping_status":"closed","sticky":false,"template":"","format":"standard","meta":{"_acf_changed":false,"site-sidebar-layout":"default","site-content-layout":"","ast-site-content-layout":"default","site-content-style":"default","site-sidebar-style":"default","ast-global-header-display":"","ast-banner-title-visibility":"","ast-main-header-display":"","ast-hfb-above-header-display":"","ast-hfb-below-header-display":"","ast-hfb-mobile-header-display":"","site-post-title":"","ast-breadcrumbs-content":"","ast-featured-img":"","footer-sml-layout":"","ast-disable-related-posts":"","theme-transparent-header-meta":"","adv-header-id-meta":"","stick-header-meta":"","header-above-stick-meta":"","header-main-stick-meta":"","header-below-stick-meta":"","astra-migrate-meta-layouts":"set","ast-page-background-enabled":"default","ast-page-background-meta":{"desktop":{"background-color":"var(--ast-global-color-4)","background-image":"","background-repeat":"repeat","background-position":"center center","background-size":"auto","background-attachment":"scroll","background-type":"","background-media":"","overlay-type":"","overlay-color":"","overlay-opacity":"","overlay-gradient":""},"tablet":{"background-color":"","background-image":"","background-repeat":"repeat","background-position":"center center","background-size":"auto","background-attachment":"scroll","background-type":"","background-media":"","overlay-type":"","overlay-color":"","overlay-opacity":"","overlay-gradient":""},"mobile":{"background-color":"","background-image":"","background-repeat":"repeat","background-position":"center center","background-size":"auto","background-attachment":"scroll","background-type":"","background-media":"","overlay-type":"","overlay-color":"","overlay-opacity":"","overlay-gradient":""}},"ast-content-background-meta":{"desktop":{"background-color":"var(--ast-global-color-5)","background-image":"","background-repeat":"repeat","background-position":"center center","background-size":"auto","background-attachment":"scroll","background-type":"","background-media":"","overlay-type":"","overlay-color":"","overlay-opacity":"","overlay-gradient":""},"tablet":{"background-color":"var(--ast-global-color-5)","background-image":"","background-repeat":"repeat","background-position":"center center","background-size":"auto","background-attachment":"scroll","background-type":"","background-media":"","overlay-type":"","overlay-color":"","overlay-opacity":"","overlay-gradient":""},"mobile":{"background-color":"var(--ast-global-color-5)","background-image":"","background-repeat":"repeat","background-position":"center center","background-size":"auto","background-attachment":"scroll","background-type":"","background-media":"","overlay-type":"","overlay-color":"","overlay-opacity":"","overlay-gradient":""}},"footnotes":""},"categories":[14],"tags":[361,109,359,17,360,362],"class_list":["post-35062","post","type-post","status-publish","format-standard","has-post-thumbnail","hentry","category-veranstaltung","tag-die-convergence","tag-konferenz","tag-oekolandbau","tag-permakultur","tag-steyerberg","tag-zukunftsfaehige-landwirtschaft"],"acf":[],"yoast_head":"<!-- This site is optimized with the Yoast SEO plugin v27.5 - https:\/\/yoast.com\/product\/yoast-seo-wordpress\/ -->\n<title>Die Convergence - Gemeinsam f\u00fcr eine zukunftsf\u00e4hige Landwirtschaft - Konferenz vom 16. bis 19. Januar 2025 - Permakultur-Landwirtschaft<\/title>\n<meta name=\"description\" content=\"Der Begegnungsraum f\u00fcr Permakultur und \u00d6kolandbau im Lebensgarten Steyerberg, Konferenz vom 16. bis 19. Januar 2025\" \/>\n<meta name=\"robots\" content=\"index, follow, max-snippet:-1, max-image-preview:large, max-video-preview:-1\" \/>\n<link rel=\"canonical\" href=\"https:\/\/permakultur-landwirtschaft.org\/fr\/die-convergence-gemeinsam-fuer-eine-zukunftsfaehige-landwirtschaft-konferenz-vom-16-bis-19-januar-2025\/\" \/>\n<meta property=\"og:locale\" content=\"fr_FR\" \/>\n<meta property=\"og:type\" content=\"article\" \/>\n<meta property=\"og:title\" content=\"Die Convergence - Gemeinsam f\u00fcr eine zukunftsf\u00e4hige Landwirtschaft - Konferenz vom 16. bis 19. Januar 2025 - Permakultur-Landwirtschaft\" \/>\n<meta property=\"og:description\" content=\"Der Begegnungsraum f\u00fcr Permakultur und \u00d6kolandbau im Lebensgarten Steyerberg, Konferenz vom 16. bis 19. Januar 2025\" \/>\n<meta property=\"og:url\" content=\"https:\/\/permakultur-landwirtschaft.org\/fr\/die-convergence-gemeinsam-fuer-eine-zukunftsfaehige-landwirtschaft-konferenz-vom-16-bis-19-januar-2025\/\" \/>\n<meta property=\"og:site_name\" content=\"Permakultur-Landwirtschaft\" \/>\n<meta property=\"article:publisher\" content=\"https:\/\/www.facebook.com\/PermakulturLandwirtschaft\" \/>\n<meta property=\"article:published_time\" content=\"2024-07-12T14:56:27+00:00\" \/>\n<meta property=\"article:modified_time\" content=\"2024-07-12T14:57:40+00:00\" \/>\n<meta property=\"og:image\" content=\"https:\/\/permakultur-landwirtschaft.org\/wp-content\/uploads\/2024\/07\/202501_convergence_2024-07-12_16-47-21.jpg\" \/>\n\t<meta property=\"og:image:width\" content=\"700\" \/>\n\t<meta property=\"og:image:height\" content=\"343\" \/>\n\t<meta property=\"og:image:type\" content=\"image\/jpeg\" \/>\n<meta name=\"author\" content=\"adrian reutimann\" \/>\n<meta name=\"twitter:card\" content=\"summary_large_image\" \/>\n<meta name=\"twitter:label1\" content=\"\u00c9crit par\" \/>\n\t<meta name=\"twitter:data1\" content=\"adrian reutimann\" \/>\n\t<meta name=\"twitter:label2\" content=\"Dur\u00e9e de lecture estim\u00e9e\" \/>\n\t<meta name=\"twitter:data2\" content=\"1 minute\" \/>\n<script type=\"application\/ld+json\" class=\"yoast-schema-graph\">{\"@context\":\"https:\\\/\\\/schema.org\",\"@graph\":[{\"@type\":\"Article\",\"@id\":\"https:\\\/\\\/permakultur-landwirtschaft.org\\\/die-convergence-gemeinsam-fuer-eine-zukunftsfaehige-landwirtschaft-konferenz-vom-16-bis-19-januar-2025\\\/#article\",\"isPartOf\":{\"@id\":\"https:\\\/\\\/permakultur-landwirtschaft.org\\\/die-convergence-gemeinsam-fuer-eine-zukunftsfaehige-landwirtschaft-konferenz-vom-16-bis-19-januar-2025\\\/\"},\"author\":{\"name\":\"adrian reutimann\",\"@id\":\"https:\\\/\\\/permakultur-landwirtschaft.org\\\/#\\\/schema\\\/person\\\/6b0467872f75aed3e144093f9bf4f0b0\"},\"headline\":\"Die Convergence &#8211; Gemeinsam f\u00fcr eine zukunftsf\u00e4hige Landwirtschaft &#8211; Konferenz vom 16. bis 19. Januar 2025\",\"datePublished\":\"2024-07-12T14:56:27+00:00\",\"dateModified\":\"2024-07-12T14:57:40+00:00\",\"mainEntityOfPage\":{\"@id\":\"https:\\\/\\\/permakultur-landwirtschaft.org\\\/die-convergence-gemeinsam-fuer-eine-zukunftsfaehige-landwirtschaft-konferenz-vom-16-bis-19-januar-2025\\\/\"},\"wordCount\":138,\"publisher\":{\"@id\":\"https:\\\/\\\/permakultur-landwirtschaft.org\\\/#organization\"},\"image\":{\"@id\":\"https:\\\/\\\/permakultur-landwirtschaft.org\\\/die-convergence-gemeinsam-fuer-eine-zukunftsfaehige-landwirtschaft-konferenz-vom-16-bis-19-januar-2025\\\/#primaryimage\"},\"thumbnailUrl\":\"https:\\\/\\\/permakultur-landwirtschaft.org\\\/wp-content\\\/uploads\\\/2024\\\/07\\\/202501_convergence_2024-07-12_16-47-21.jpg\",\"keywords\":[\"Die Convergence\",\"Konferenz\",\"\u00d6kolandbau\",\"Permakultur\",\"Steyerberg\",\"zukunftsf\u00e4hige Landwirtschaft\"],\"articleSection\":[\"Veranstaltung\"],\"inLanguage\":\"fr-FR\"},{\"@type\":\"WebPage\",\"@id\":\"https:\\\/\\\/permakultur-landwirtschaft.org\\\/die-convergence-gemeinsam-fuer-eine-zukunftsfaehige-landwirtschaft-konferenz-vom-16-bis-19-januar-2025\\\/\",\"url\":\"https:\\\/\\\/permakultur-landwirtschaft.org\\\/die-convergence-gemeinsam-fuer-eine-zukunftsfaehige-landwirtschaft-konferenz-vom-16-bis-19-januar-2025\\\/\",\"name\":\"Die Convergence - Gemeinsam f\u00fcr eine zukunftsf\u00e4hige Landwirtschaft - Konferenz vom 16. bis 19. Januar 2025 - Permakultur-Landwirtschaft\",\"isPartOf\":{\"@id\":\"https:\\\/\\\/permakultur-landwirtschaft.org\\\/#website\"},\"primaryImageOfPage\":{\"@id\":\"https:\\\/\\\/permakultur-landwirtschaft.org\\\/die-convergence-gemeinsam-fuer-eine-zukunftsfaehige-landwirtschaft-konferenz-vom-16-bis-19-januar-2025\\\/#primaryimage\"},\"image\":{\"@id\":\"https:\\\/\\\/permakultur-landwirtschaft.org\\\/die-convergence-gemeinsam-fuer-eine-zukunftsfaehige-landwirtschaft-konferenz-vom-16-bis-19-januar-2025\\\/#primaryimage\"},\"thumbnailUrl\":\"https:\\\/\\\/permakultur-landwirtschaft.org\\\/wp-content\\\/uploads\\\/2024\\\/07\\\/202501_convergence_2024-07-12_16-47-21.jpg\",\"datePublished\":\"2024-07-12T14:56:27+00:00\",\"dateModified\":\"2024-07-12T14:57:40+00:00\",\"description\":\"Der Begegnungsraum f\u00fcr Permakultur und \u00d6kolandbau im Lebensgarten Steyerberg, Konferenz vom 16. bis 19. Januar 2025\",\"breadcrumb\":{\"@id\":\"https:\\\/\\\/permakultur-landwirtschaft.org\\\/die-convergence-gemeinsam-fuer-eine-zukunftsfaehige-landwirtschaft-konferenz-vom-16-bis-19-januar-2025\\\/#breadcrumb\"},\"inLanguage\":\"fr-FR\",\"potentialAction\":[{\"@type\":\"ReadAction\",\"target\":[\"https:\\\/\\\/permakultur-landwirtschaft.org\\\/die-convergence-gemeinsam-fuer-eine-zukunftsfaehige-landwirtschaft-konferenz-vom-16-bis-19-januar-2025\\\/\"]}]},{\"@type\":\"ImageObject\",\"inLanguage\":\"fr-FR\",\"@id\":\"https:\\\/\\\/permakultur-landwirtschaft.org\\\/die-convergence-gemeinsam-fuer-eine-zukunftsfaehige-landwirtschaft-konferenz-vom-16-bis-19-januar-2025\\\/#primaryimage\",\"url\":\"https:\\\/\\\/permakultur-landwirtschaft.org\\\/wp-content\\\/uploads\\\/2024\\\/07\\\/202501_convergence_2024-07-12_16-47-21.jpg\",\"contentUrl\":\"https:\\\/\\\/permakultur-landwirtschaft.org\\\/wp-content\\\/uploads\\\/2024\\\/07\\\/202501_convergence_2024-07-12_16-47-21.jpg\",\"width\":700,\"height\":343,\"caption\":\"Bild: dieconvergence.de\"},{\"@type\":\"BreadcrumbList\",\"@id\":\"https:\\\/\\\/permakultur-landwirtschaft.org\\\/die-convergence-gemeinsam-fuer-eine-zukunftsfaehige-landwirtschaft-konferenz-vom-16-bis-19-januar-2025\\\/#breadcrumb\",\"itemListElement\":[{\"@type\":\"ListItem\",\"position\":1,\"name\":\"Startseite\",\"item\":\"https:\\\/\\\/permakultur-landwirtschaft.org\\\/\"},{\"@type\":\"ListItem\",\"position\":2,\"name\":\"Die Convergence &#8211; Gemeinsam f\u00fcr eine zukunftsf\u00e4hige Landwirtschaft &#8211; Konferenz vom 16. bis 19. Januar 2025\"}]},{\"@type\":\"WebSite\",\"@id\":\"https:\\\/\\\/permakultur-landwirtschaft.org\\\/#website\",\"url\":\"https:\\\/\\\/permakultur-landwirtschaft.org\\\/\",\"name\":\"Permakultur-Landwirtschaft\",\"description\":\"F\u00f6rderung der Permakultur in der Landwirtschaft\",\"publisher\":{\"@id\":\"https:\\\/\\\/permakultur-landwirtschaft.org\\\/#organization\"},\"potentialAction\":[{\"@type\":\"SearchAction\",\"target\":{\"@type\":\"EntryPoint\",\"urlTemplate\":\"https:\\\/\\\/permakultur-landwirtschaft.org\\\/?s={search_term_string}\"},\"query-input\":{\"@type\":\"PropertyValueSpecification\",\"valueRequired\":true,\"valueName\":\"search_term_string\"}}],\"inLanguage\":\"fr-FR\"},{\"@type\":\"Organization\",\"@id\":\"https:\\\/\\\/permakultur-landwirtschaft.org\\\/#organization\",\"name\":\"Permakultur-Landwirtschaft\",\"alternateName\":\"Verein Permakultur-Landwirtschaft\",\"url\":\"https:\\\/\\\/permakultur-landwirtschaft.org\\\/\",\"logo\":{\"@type\":\"ImageObject\",\"inLanguage\":\"fr-FR\",\"@id\":\"https:\\\/\\\/permakultur-landwirtschaft.org\\\/#\\\/schema\\\/logo\\\/image\\\/\",\"url\":\"https:\\\/\\\/permakultur-landwirtschaft.org\\\/wp-content\\\/uploads\\\/2021\\\/11\\\/pela_1268x1269.png\",\"contentUrl\":\"https:\\\/\\\/permakultur-landwirtschaft.org\\\/wp-content\\\/uploads\\\/2021\\\/11\\\/pela_1268x1269.png\",\"width\":1298,\"height\":1269,\"caption\":\"Permakultur-Landwirtschaft\"},\"image\":{\"@id\":\"https:\\\/\\\/permakultur-landwirtschaft.org\\\/#\\\/schema\\\/logo\\\/image\\\/\"},\"sameAs\":[\"https:\\\/\\\/www.facebook.com\\\/PermakulturLandwirtschaft\",\"https:\\\/\\\/www.instagram.com\\\/permakultur_landwirtschaft\\\/\",\"https:\\\/\\\/www.flickr.com\\\/photos\\\/permakultur-landwirtschaft\",\"https:\\\/\\\/www.youtube.com\\\/@PermakulturLandwirtschaft\"]},{\"@type\":\"Person\",\"@id\":\"https:\\\/\\\/permakultur-landwirtschaft.org\\\/#\\\/schema\\\/person\\\/6b0467872f75aed3e144093f9bf4f0b0\",\"name\":\"adrian reutimann\",\"url\":\"https:\\\/\\\/permakultur-landwirtschaft.org\\\/fr\\\/author\\\/reutiadr\\\/\"}]}<\/script>\n<!-- \/ Yoast SEO plugin. -->","yoast_head_json":{"title":"Die Convergence - Gemeinsam f\u00fcr eine zukunftsf\u00e4hige Landwirtschaft - Konferenz vom 16. bis 19. Januar 2025 - Permakultur-Landwirtschaft","description":"Der Begegnungsraum f\u00fcr Permakultur und \u00d6kolandbau im Lebensgarten Steyerberg, Konferenz vom 16. bis 19. Januar 2025","robots":{"index":"index","follow":"follow","max-snippet":"max-snippet:-1","max-image-preview":"max-image-preview:large","max-video-preview":"max-video-preview:-1"},"canonical":"https:\/\/permakultur-landwirtschaft.org\/fr\/die-convergence-gemeinsam-fuer-eine-zukunftsfaehige-landwirtschaft-konferenz-vom-16-bis-19-januar-2025\/","og_locale":"fr_FR","og_type":"article","og_title":"Die Convergence - Gemeinsam f\u00fcr eine zukunftsf\u00e4hige Landwirtschaft - Konferenz vom 16. bis 19. Januar 2025 - Permakultur-Landwirtschaft","og_description":"Der Begegnungsraum f\u00fcr Permakultur und \u00d6kolandbau im Lebensgarten Steyerberg, Konferenz vom 16. bis 19. Januar 2025","og_url":"https:\/\/permakultur-landwirtschaft.org\/fr\/die-convergence-gemeinsam-fuer-eine-zukunftsfaehige-landwirtschaft-konferenz-vom-16-bis-19-januar-2025\/","og_site_name":"Permakultur-Landwirtschaft","article_publisher":"https:\/\/www.facebook.com\/PermakulturLandwirtschaft","article_published_time":"2024-07-12T14:56:27+00:00","article_modified_time":"2024-07-12T14:57:40+00:00","og_image":[{"width":700,"height":343,"url":"https:\/\/permakultur-landwirtschaft.org\/wp-content\/uploads\/2024\/07\/202501_convergence_2024-07-12_16-47-21.jpg","type":"image\/jpeg"}],"author":"adrian reutimann","twitter_card":"summary_large_image","twitter_misc":{"\u00c9crit par":"adrian reutimann","Dur\u00e9e de lecture estim\u00e9e":"1 minute"},"schema":{"@context":"https:\/\/schema.org","@graph":[{"@type":"Article","@id":"https:\/\/permakultur-landwirtschaft.org\/die-convergence-gemeinsam-fuer-eine-zukunftsfaehige-landwirtschaft-konferenz-vom-16-bis-19-januar-2025\/#article","isPartOf":{"@id":"https:\/\/permakultur-landwirtschaft.org\/die-convergence-gemeinsam-fuer-eine-zukunftsfaehige-landwirtschaft-konferenz-vom-16-bis-19-januar-2025\/"},"author":{"name":"adrian reutimann","@id":"https:\/\/permakultur-landwirtschaft.org\/#\/schema\/person\/6b0467872f75aed3e144093f9bf4f0b0"},"headline":"Die Convergence &#8211; Gemeinsam f\u00fcr eine zukunftsf\u00e4hige Landwirtschaft &#8211; Konferenz vom 16. bis 19. Januar 2025","datePublished":"2024-07-12T14:56:27+00:00","dateModified":"2024-07-12T14:57:40+00:00","mainEntityOfPage":{"@id":"https:\/\/permakultur-landwirtschaft.org\/die-convergence-gemeinsam-fuer-eine-zukunftsfaehige-landwirtschaft-konferenz-vom-16-bis-19-januar-2025\/"},"wordCount":138,"publisher":{"@id":"https:\/\/permakultur-landwirtschaft.org\/#organization"},"image":{"@id":"https:\/\/permakultur-landwirtschaft.org\/die-convergence-gemeinsam-fuer-eine-zukunftsfaehige-landwirtschaft-konferenz-vom-16-bis-19-januar-2025\/#primaryimage"},"thumbnailUrl":"https:\/\/permakultur-landwirtschaft.org\/wp-content\/uploads\/2024\/07\/202501_convergence_2024-07-12_16-47-21.jpg","keywords":["Die Convergence","Konferenz","\u00d6kolandbau","Permakultur","Steyerberg","zukunftsf\u00e4hige Landwirtschaft"],"articleSection":["Veranstaltung"],"inLanguage":"fr-FR"},{"@type":"WebPage","@id":"https:\/\/permakultur-landwirtschaft.org\/die-convergence-gemeinsam-fuer-eine-zukunftsfaehige-landwirtschaft-konferenz-vom-16-bis-19-januar-2025\/","url":"https:\/\/permakultur-landwirtschaft.org\/die-convergence-gemeinsam-fuer-eine-zukunftsfaehige-landwirtschaft-konferenz-vom-16-bis-19-januar-2025\/","name":"Die Convergence - Gemeinsam f\u00fcr eine zukunftsf\u00e4hige Landwirtschaft - Konferenz vom 16. bis 19. Januar 2025 - Permakultur-Landwirtschaft","isPartOf":{"@id":"https:\/\/permakultur-landwirtschaft.org\/#website"},"primaryImageOfPage":{"@id":"https:\/\/permakultur-landwirtschaft.org\/die-convergence-gemeinsam-fuer-eine-zukunftsfaehige-landwirtschaft-konferenz-vom-16-bis-19-januar-2025\/#primaryimage"},"image":{"@id":"https:\/\/permakultur-landwirtschaft.org\/die-convergence-gemeinsam-fuer-eine-zukunftsfaehige-landwirtschaft-konferenz-vom-16-bis-19-januar-2025\/#primaryimage"},"thumbnailUrl":"https:\/\/permakultur-landwirtschaft.org\/wp-content\/uploads\/2024\/07\/202501_convergence_2024-07-12_16-47-21.jpg","datePublished":"2024-07-12T14:56:27+00:00","dateModified":"2024-07-12T14:57:40+00:00","description":"Der Begegnungsraum f\u00fcr Permakultur und \u00d6kolandbau im Lebensgarten Steyerberg, Konferenz vom 16. bis 19. Januar 2025","breadcrumb":{"@id":"https:\/\/permakultur-landwirtschaft.org\/die-convergence-gemeinsam-fuer-eine-zukunftsfaehige-landwirtschaft-konferenz-vom-16-bis-19-januar-2025\/#breadcrumb"},"inLanguage":"fr-FR","potentialAction":[{"@type":"ReadAction","target":["https:\/\/permakultur-landwirtschaft.org\/die-convergence-gemeinsam-fuer-eine-zukunftsfaehige-landwirtschaft-konferenz-vom-16-bis-19-januar-2025\/"]}]},{"@type":"ImageObject","inLanguage":"fr-FR","@id":"https:\/\/permakultur-landwirtschaft.org\/die-convergence-gemeinsam-fuer-eine-zukunftsfaehige-landwirtschaft-konferenz-vom-16-bis-19-januar-2025\/#primaryimage","url":"https:\/\/permakultur-landwirtschaft.org\/wp-content\/uploads\/2024\/07\/202501_convergence_2024-07-12_16-47-21.jpg","contentUrl":"https:\/\/permakultur-landwirtschaft.org\/wp-content\/uploads\/2024\/07\/202501_convergence_2024-07-12_16-47-21.jpg","width":700,"height":343,"caption":"Bild: dieconvergence.de"},{"@type":"BreadcrumbList","@id":"https:\/\/permakultur-landwirtschaft.org\/die-convergence-gemeinsam-fuer-eine-zukunftsfaehige-landwirtschaft-konferenz-vom-16-bis-19-januar-2025\/#breadcrumb","itemListElement":[{"@type":"ListItem","position":1,"name":"Startseite","item":"https:\/\/permakultur-landwirtschaft.org\/"},{"@type":"ListItem","position":2,"name":"Die Convergence &#8211; Gemeinsam f\u00fcr eine zukunftsf\u00e4hige Landwirtschaft &#8211; Konferenz vom 16. bis 19. Januar 2025"}]},{"@type":"WebSite","@id":"https:\/\/permakultur-landwirtschaft.org\/#website","url":"https:\/\/permakultur-landwirtschaft.org\/","name":"Permakultur-Landwirtschaft","description":"F\u00f6rderung der Permakultur in der Landwirtschaft","publisher":{"@id":"https:\/\/permakultur-landwirtschaft.org\/#organization"},"potentialAction":[{"@type":"SearchAction","target":{"@type":"EntryPoint","urlTemplate":"https:\/\/permakultur-landwirtschaft.org\/?s={search_term_string}"},"query-input":{"@type":"PropertyValueSpecification","valueRequired":true,"valueName":"search_term_string"}}],"inLanguage":"fr-FR"},{"@type":"Organization","@id":"https:\/\/permakultur-landwirtschaft.org\/#organization","name":"Permakultur-Landwirtschaft","alternateName":"Verein Permakultur-Landwirtschaft","url":"https:\/\/permakultur-landwirtschaft.org\/","logo":{"@type":"ImageObject","inLanguage":"fr-FR","@id":"https:\/\/permakultur-landwirtschaft.org\/#\/schema\/logo\/image\/","url":"https:\/\/permakultur-landwirtschaft.org\/wp-content\/uploads\/2021\/11\/pela_1268x1269.png","contentUrl":"https:\/\/permakultur-landwirtschaft.org\/wp-content\/uploads\/2021\/11\/pela_1268x1269.png","width":1298,"height":1269,"caption":"Permakultur-Landwirtschaft"},"image":{"@id":"https:\/\/permakultur-landwirtschaft.org\/#\/schema\/logo\/image\/"},"sameAs":["https:\/\/www.facebook.com\/PermakulturLandwirtschaft","https:\/\/www.instagram.com\/permakultur_landwirtschaft\/","https:\/\/www.flickr.com\/photos\/permakultur-landwirtschaft","https:\/\/www.youtube.com\/@PermakulturLandwirtschaft"]},{"@type":"Person","@id":"https:\/\/permakultur-landwirtschaft.org\/#\/schema\/person\/6b0467872f75aed3e144093f9bf4f0b0","name":"adrian reutimann","url":"https:\/\/permakultur-landwirtschaft.org\/fr\/author\/reutiadr\/"}]}},"_links":{"self":[{"href":"https:\/\/permakultur-landwirtschaft.org\/fr\/wp-json\/wp\/v2\/posts\/35062","targetHints":{"allow":["GET"]}}],"collection":[{"href":"https:\/\/permakultur-landwirtschaft.org\/fr\/wp-json\/wp\/v2\/posts"}],"about":[{"href":"https:\/\/permakultur-landwirtschaft.org\/fr\/wp-json\/wp\/v2\/types\/post"}],"author":[{"embeddable":true,"href":"https:\/\/permakultur-landwirtschaft.org\/fr\/wp-json\/wp\/v2\/users\/2"}],"replies":[{"embeddable":true,"href":"https:\/\/permakultur-landwirtschaft.org\/fr\/wp-json\/wp\/v2\/comments?post=35062"}],"version-history":[{"count":3,"href":"https:\/\/permakultur-landwirtschaft.org\/fr\/wp-json\/wp\/v2\/posts\/35062\/revisions"}],"predecessor-version":[{"id":35067,"href":"https:\/\/permakultur-landwirtschaft.org\/fr\/wp-json\/wp\/v2\/posts\/35062\/revisions\/35067"}],"wp:featuredmedia":[{"embeddable":true,"href":"https:\/\/permakultur-landwirtschaft.org\/fr\/wp-json\/wp\/v2\/media\/35064"}],"wp:attachment":[{"href":"https:\/\/permakultur-landwirtschaft.org\/fr\/wp-json\/wp\/v2\/media?parent=35062"}],"wp:term":[{"taxonomy":"category","embeddable":true,"href":"https:\/\/permakultur-landwirtschaft.org\/fr\/wp-json\/wp\/v2\/categories?post=35062"},{"taxonomy":"post_tag","embeddable":true,"href":"https:\/\/permakultur-landwirtschaft.org\/fr\/wp-json\/wp\/v2\/tags?post=35062"}],"curies":[{"name":"wp","href":"https:\/\/api.w.org\/{rel}","templated":true}]}}